{"id":878219,"date":"2019-06-28T12:58:51","date_gmt":"2019-06-28T11:58:51","guid":{"rendered":"https:\/\/www.pressenza.com\/?p=878219"},"modified":"2019-06-28T12:58:51","modified_gmt":"2019-06-28T11:58:51","slug":"video-manifestation-stop-base-aerienne-ramstein-entretien-avec-pascal-luig","status":"publish","type":"post","link":"https:\/\/www.pressenza.com\/fr\/2019\/06\/video-manifestation-stop-base-aerienne-ramstein-entretien-avec-pascal-luig\/","title":{"rendered":"[Vid\u00e9o] Manifestation \u00ab\u00a0Stop Base A\u00e9rienne Ramstein\u00a0\u00bb &#8211; Entretien avec Pascal Luig"},"content":{"rendered":"<p>Dans cette interview nous parlons de la prochaine manifestation \u00ab\u00a0<a href=\"http:\/\/www.ramstein-kampagne.eu\">Stop Base A\u00e9rienne Ramstein<\/a>\u00a0\u00bb le 29.06. avec le co-organisateur Pascal Luig. Parmi les th\u00e8mes abord\u00e9s : le contexte de la manifestation, les actions pr\u00e9vues et la n\u00e9cessit\u00e9 de l&rsquo;activisme.<\/p>\n<p><em>Pour voir la vid\u00e9o ( 13\u2032 35\u2032\u2032 ) avec les sous titres en fran\u00e7ais\u00a0:\u00a0<strong>1.<\/strong>\u00a0Cliquez sur l\u2019ic\u00f4ne\u00a0<strong>Sous-titres\u00a0<\/strong>(rectangle blanc en bas \u00e0 droite de la fen\u00eatre du lecteur vid\u00e9o<\/em><em>).\u00a0 \u00a0<strong>2.<\/strong>\u00a0<\/em><em>Cliquez sur l\u2019ic\u00f4ne\u00a0<strong>Param\u00e8tres\u00a0<\/strong>(roue dent\u00e9e\u00a0en bas \u00e0 droite<\/em><em>), puis cliquez\u00a0<\/em><em>successivement sur\u00a0<strong>Sous-titres<\/strong>, puis sur\u00a0<strong>Traduire automatiquement<\/strong>.\u00a0\u00a0\u00a0\u00a0<strong>3.<\/strong>\u00a0Dans la fen\u00eatre qui s\u2019ouvre, faites d\u00e9filer la liste des langues et cliquer sur\u00a0<strong>Fran\u00e7ais<\/strong>.<\/em><\/p>\n<p><iframe loading=\"lazy\" src=\"https:\/\/www.youtube.com\/embed\/9D1Gsu0sxBI\" width=\"700\" height=\"400\" frameborder=\"0\" allowfullscreen=\"allowfullscreen\" data-mce-fragment=\"1\"><span style=\"display: inline-block; width: 0px; overflow: hidden; line-height: 0;\" data-mce-type=\"bookmark\" class=\"mce_SELRES_start\">\ufeff<\/span><\/iframe><\/p>\n","protected":false},"excerpt":{"rendered":"<p>Dans cette interview nous parlons de la prochaine manifestation \u00ab\u00a0Stop Base A\u00e9rienne Ramstein\u00a0\u00bb le 29.06. avec le co-organisateur Pascal Luig. Parmi les th\u00e8mes abord\u00e9s : le contexte de la manifestation, les actions pr\u00e9vues et la n\u00e9cessit\u00e9 de l&rsquo;activisme. Pour voir&hellip;<\/p>\n","protected":false},"author":1188,"featured_media":875533,"comment_status":"closed","ping_status":"closed","sticky":false,"template":"","format":"standard","meta":{"footnotes":""},"categories":[85,1250,27989],"tags":[60125,47614,45657,471,307,47615,60350,60351],"class_list":["post-878219","post","type-post","status-publish","format-standard","has-post-thumbnail","hentry","category-europe-fr","category-paix-desarmement","category-video-fr","tag-stoppramstein-fr","tag-base-aerienne-ramstein","tag-guerre-des-drones","tag-iran-fr","tag-manifestation","tag-monde-sans-armes-nucleaires","tag-pascal-luig-fr","tag-stop-ramstein-fr"],"yoast_head":"<!-- This site is optimized with the Yoast SEO plugin v27.1.1 - https:\/\/yoast.com\/product\/yoast-seo-wordpress\/ -->\n<title>[Vid\u00e9o] Manifestation &quot;Stop Base A\u00e9rienne Ramstein&quot; - Entretien avec Pascal Luig<\/title>\n<meta name=\"description\" content=\"Dans cette interview nous parlons de la prochaine manifestation &quot;Stop Base A\u00e9rienne Ramstein&quot; le 29.06. avec le co-organisateur Pascal Luig. Parmi les\" \/>\n<meta name=\"robots\" content=\"index, follow, max-snippet:-1, max-image-preview:large, max-video-preview:-1\" \/>\n<link rel=\"canonical\" href=\"https:\/\/www.pressenza.com\/fr\/2019\/06\/video-manifestation-stop-base-aerienne-ramstein-entretien-avec-pascal-luig\/\" \/>\n<meta property=\"og:locale\" content=\"fr_FR\" \/>\n<meta property=\"og:type\" content=\"article\" \/>\n<meta property=\"og:title\" content=\"[Vid\u00e9o] Manifestation &quot;Stop Base A\u00e9rienne Ramstein&quot; - Entretien avec Pascal Luig\" \/>\n<meta property=\"og:description\" content=\"Dans cette interview nous parlons de la prochaine manifestation &quot;Stop Base A\u00e9rienne Ramstein&quot; le 29.06. avec le co-organisateur Pascal Luig. Parmi les\" \/>\n<meta property=\"og:url\" content=\"https:\/\/www.pressenza.com\/fr\/2019\/06\/video-manifestation-stop-base-aerienne-ramstein-entretien-avec-pascal-luig\/\" \/>\n<meta property=\"og:site_name\" content=\"Pressenza\" \/>\n<meta property=\"article:publisher\" content=\"https:\/\/www.facebook.com\/PressenzaItalia\" \/>\n<meta property=\"article:author\" content=\"http:\/\/www.facebook.com\/acTVism\" \/>\n<meta property=\"article:published_time\" content=\"2019-06-28T11:58:51+00:00\" \/>\n<meta property=\"og:image\" content=\"https:\/\/www.pressenza.com\/wp-content\/uploads\/2019\/06\/Die_Stopp_Air_Base_Ramstein_Demonstration.jpg\" \/>\n\t<meta property=\"og:image:width\" content=\"700\" \/>\n\t<meta property=\"og:image:height\" content=\"467\" \/>\n\t<meta property=\"og:image:type\" content=\"image\/jpeg\" \/>\n<meta name=\"author\" content=\"acTVism Munich\" \/>\n<meta name=\"twitter:card\" content=\"summary_large_image\" \/>\n<meta name=\"twitter:creator\" content=\"@acTVismMunich\" \/>\n<meta name=\"twitter:site\" content=\"@PressenzaIPA\" \/>\n<meta name=\"twitter:label1\" content=\"\u00c9crit par\" \/>\n\t<meta name=\"twitter:data1\" content=\"acTVism Munich\" \/>\n\t<meta name=\"twitter:label2\" content=\"Dur\u00e9e de lecture estim\u00e9e\" \/>\n\t<meta name=\"twitter:data2\" content=\"1 minute\" \/>\n<script type=\"application\/ld+json\" class=\"yoast-schema-graph\">{\"@context\":\"https:\/\/schema.org\",\"@graph\":[{\"@type\":\"Article\",\"@id\":\"https:\/\/www.pressenza.com\/fr\/2019\/06\/video-manifestation-stop-base-aerienne-ramstein-entretien-avec-pascal-luig\/#article\",\"isPartOf\":{\"@id\":\"https:\/\/www.pressenza.com\/fr\/2019\/06\/video-manifestation-stop-base-aerienne-ramstein-entretien-avec-pascal-luig\/\"},\"author\":{\"name\":\"acTVism Munich\",\"@id\":\"https:\/\/www.pressenza.com\/fr\/#\/schema\/person\/99a6415b6c343de2778fc2d410396913\"},\"headline\":\"[Vid\u00e9o] Manifestation \u00ab\u00a0Stop Base A\u00e9rienne Ramstein\u00a0\u00bb &#8211; Entretien avec Pascal Luig\",\"datePublished\":\"2019-06-28T11:58:51+00:00\",\"mainEntityOfPage\":{\"@id\":\"https:\/\/www.pressenza.com\/fr\/2019\/06\/video-manifestation-stop-base-aerienne-ramstein-entretien-avec-pascal-luig\/\"},\"wordCount\":127,\"publisher\":{\"@id\":\"https:\/\/www.pressenza.com\/fr\/#organization\"},\"image\":{\"@id\":\"https:\/\/www.pressenza.com\/fr\/2019\/06\/video-manifestation-stop-base-aerienne-ramstein-entretien-avec-pascal-luig\/#primaryimage\"},\"thumbnailUrl\":\"https:\/\/www.pressenza.com\/wp-content\/uploads\/2019\/06\/Die_Stopp_Air_Base_Ramstein_Demonstration.jpg\",\"keywords\":[\"#StoppRamstein\",\"Base a\u00e9rienne Ramstein\",\"guerre des drones\",\"Iran\",\"manifestation\",\"monde sans armes nucl\u00e9aires\",\"Pascal Luig\",\"Stop Ramstein\"],\"articleSection\":[\"Europe\",\"Paix et D\u00e9sarmement\",\"Video\"],\"inLanguage\":\"fr-FR\"},{\"@type\":\"WebPage\",\"@id\":\"https:\/\/www.pressenza.com\/fr\/2019\/06\/video-manifestation-stop-base-aerienne-ramstein-entretien-avec-pascal-luig\/\",\"url\":\"https:\/\/www.pressenza.com\/fr\/2019\/06\/video-manifestation-stop-base-aerienne-ramstein-entretien-avec-pascal-luig\/\",\"name\":\"[Vid\u00e9o] Manifestation \\\"Stop Base A\u00e9rienne Ramstein\\\" - Entretien avec Pascal Luig\",\"isPartOf\":{\"@id\":\"https:\/\/www.pressenza.com\/fr\/#website\"},\"primaryImageOfPage\":{\"@id\":\"https:\/\/www.pressenza.com\/fr\/2019\/06\/video-manifestation-stop-base-aerienne-ramstein-entretien-avec-pascal-luig\/#primaryimage\"},\"image\":{\"@id\":\"https:\/\/www.pressenza.com\/fr\/2019\/06\/video-manifestation-stop-base-aerienne-ramstein-entretien-avec-pascal-luig\/#primaryimage\"},\"thumbnailUrl\":\"https:\/\/www.pressenza.com\/wp-content\/uploads\/2019\/06\/Die_Stopp_Air_Base_Ramstein_Demonstration.jpg\",\"datePublished\":\"2019-06-28T11:58:51+00:00\",\"description\":\"Dans cette interview nous parlons de la prochaine manifestation \\\"Stop Base A\u00e9rienne Ramstein\\\" le 29.06. avec le co-organisateur Pascal Luig. Parmi les\",\"breadcrumb\":{\"@id\":\"https:\/\/www.pressenza.com\/fr\/2019\/06\/video-manifestation-stop-base-aerienne-ramstein-entretien-avec-pascal-luig\/#breadcrumb\"},\"inLanguage\":\"fr-FR\",\"potentialAction\":[{\"@type\":\"ReadAction\",\"target\":[\"https:\/\/www.pressenza.com\/fr\/2019\/06\/video-manifestation-stop-base-aerienne-ramstein-entretien-avec-pascal-luig\/\"]}]},{\"@type\":\"ImageObject\",\"inLanguage\":\"fr-FR\",\"@id\":\"https:\/\/www.pressenza.com\/fr\/2019\/06\/video-manifestation-stop-base-aerienne-ramstein-entretien-avec-pascal-luig\/#primaryimage\",\"url\":\"https:\/\/www.pressenza.com\/wp-content\/uploads\/2019\/06\/Die_Stopp_Air_Base_Ramstein_Demonstration.jpg\",\"contentUrl\":\"https:\/\/www.pressenza.com\/wp-content\/uploads\/2019\/06\/Die_Stopp_Air_Base_Ramstein_Demonstration.jpg\",\"width\":700,\"height\":467,\"caption\":\"Die \u201cStopp Air Base Ramstein\u201d Demonstration - Interview mit Pascal Luig\"},{\"@type\":\"BreadcrumbList\",\"@id\":\"https:\/\/www.pressenza.com\/fr\/2019\/06\/video-manifestation-stop-base-aerienne-ramstein-entretien-avec-pascal-luig\/#breadcrumb\",\"itemListElement\":[{\"@type\":\"ListItem\",\"position\":1,\"name\":\"Accueil\",\"item\":\"https:\/\/www.pressenza.com\/fr\/\"},{\"@type\":\"ListItem\",\"position\":2,\"name\":\"[Vid\u00e9o] Manifestation \u00ab\u00a0Stop Base A\u00e9rienne Ramstein\u00a0\u00bb &#8211; Entretien avec Pascal Luig\"}]},{\"@type\":\"WebSite\",\"@id\":\"https:\/\/www.pressenza.com\/fr\/#website\",\"url\":\"https:\/\/www.pressenza.com\/fr\/\",\"name\":\"Pressenza\",\"description\":\"International Press Agency\",\"publisher\":{\"@id\":\"https:\/\/www.pressenza.com\/fr\/#organization\"},\"potentialAction\":[{\"@type\":\"SearchAction\",\"target\":{\"@type\":\"EntryPoint\",\"urlTemplate\":\"https:\/\/www.pressenza.com\/fr\/?s={search_term_string}\"},\"query-input\":{\"@type\":\"PropertyValueSpecification\",\"valueRequired\":true,\"valueName\":\"search_term_string\"}}],\"inLanguage\":\"fr-FR\"},{\"@type\":\"Organization\",\"@id\":\"https:\/\/www.pressenza.com\/fr\/#organization\",\"name\":\"Pressenza\",\"url\":\"https:\/\/www.pressenza.com\/fr\/\",\"logo\":{\"@type\":\"ImageObject\",\"inLanguage\":\"fr-FR\",\"@id\":\"https:\/\/www.pressenza.com\/fr\/#\/schema\/logo\/image\/\",\"url\":\"https:\/\/www.pressenza.com\/wp-content\/uploads\/2022\/10\/pressenza_logo_200x200.jpg\",\"contentUrl\":\"https:\/\/www.pressenza.com\/wp-content\/uploads\/2022\/10\/pressenza_logo_200x200.jpg\",\"width\":200,\"height\":200,\"caption\":\"Pressenza\"},\"image\":{\"@id\":\"https:\/\/www.pressenza.com\/fr\/#\/schema\/logo\/image\/\"},\"sameAs\":[\"https:\/\/www.facebook.com\/PressenzaItalia\",\"https:\/\/x.com\/PressenzaIPA\"]},{\"@type\":\"Person\",\"@id\":\"https:\/\/www.pressenza.com\/fr\/#\/schema\/person\/99a6415b6c343de2778fc2d410396913\",\"name\":\"acTVism Munich\",\"description\":\"acTVism Munich is an independent and non-profit global online media network that broadcasts regularly from Munich. Our goal is to surface those issues that are neglected by mainstream media through investigative journalism while remaining as objective as possible. In addition, to attain this goal, acTVism Munich lays great emphasis on arts and culture. To stay in line with this philosophy, we finance ourselves solely through people\u2019s donations. We do not accept any advertisements, governmental or corporate financing. www.actvism.org\/en\/\",\"sameAs\":[\"http:\/\/www.facebook.com\/acTVism\",\"https:\/\/x.com\/acTVismMunich\"],\"url\":\"https:\/\/www.pressenza.com\/fr\/author\/actvism-munich\/\"}]}<\/script>\n<!-- \/ Yoast SEO plugin. -->","yoast_head_json":{"title":"[Vid\u00e9o] Manifestation \"Stop Base A\u00e9rienne Ramstein\" - Entretien avec Pascal Luig","description":"Dans cette interview nous parlons de la prochaine manifestation \"Stop Base A\u00e9rienne Ramstein\" le 29.06. avec le co-organisateur Pascal Luig. Parmi les","robots":{"index":"index","follow":"follow","max-snippet":"max-snippet:-1","max-image-preview":"max-image-preview:large","max-video-preview":"max-video-preview:-1"},"canonical":"https:\/\/www.pressenza.com\/fr\/2019\/06\/video-manifestation-stop-base-aerienne-ramstein-entretien-avec-pascal-luig\/","og_locale":"fr_FR","og_type":"article","og_title":"[Vid\u00e9o] Manifestation \"Stop Base A\u00e9rienne Ramstein\" - Entretien avec Pascal Luig","og_description":"Dans cette interview nous parlons de la prochaine manifestation \"Stop Base A\u00e9rienne Ramstein\" le 29.06. avec le co-organisateur Pascal Luig. Parmi les","og_url":"https:\/\/www.pressenza.com\/fr\/2019\/06\/video-manifestation-stop-base-aerienne-ramstein-entretien-avec-pascal-luig\/","og_site_name":"Pressenza","article_publisher":"https:\/\/www.facebook.com\/PressenzaItalia","article_author":"http:\/\/www.facebook.com\/acTVism","article_published_time":"2019-06-28T11:58:51+00:00","og_image":[{"width":700,"height":467,"url":"https:\/\/www.pressenza.com\/wp-content\/uploads\/2019\/06\/Die_Stopp_Air_Base_Ramstein_Demonstration.jpg","type":"image\/jpeg"}],"author":"acTVism Munich","twitter_card":"summary_large_image","twitter_creator":"@acTVismMunich","twitter_site":"@PressenzaIPA","twitter_misc":{"\u00c9crit par":"acTVism Munich","Dur\u00e9e de lecture estim\u00e9e":"1 minute"},"schema":{"@context":"https:\/\/schema.org","@graph":[{"@type":"Article","@id":"https:\/\/www.pressenza.com\/fr\/2019\/06\/video-manifestation-stop-base-aerienne-ramstein-entretien-avec-pascal-luig\/#article","isPartOf":{"@id":"https:\/\/www.pressenza.com\/fr\/2019\/06\/video-manifestation-stop-base-aerienne-ramstein-entretien-avec-pascal-luig\/"},"author":{"name":"acTVism Munich","@id":"https:\/\/www.pressenza.com\/fr\/#\/schema\/person\/99a6415b6c343de2778fc2d410396913"},"headline":"[Vid\u00e9o] Manifestation \u00ab\u00a0Stop Base A\u00e9rienne Ramstein\u00a0\u00bb &#8211; Entretien avec Pascal Luig","datePublished":"2019-06-28T11:58:51+00:00","mainEntityOfPage":{"@id":"https:\/\/www.pressenza.com\/fr\/2019\/06\/video-manifestation-stop-base-aerienne-ramstein-entretien-avec-pascal-luig\/"},"wordCount":127,"publisher":{"@id":"https:\/\/www.pressenza.com\/fr\/#organization"},"image":{"@id":"https:\/\/www.pressenza.com\/fr\/2019\/06\/video-manifestation-stop-base-aerienne-ramstein-entretien-avec-pascal-luig\/#primaryimage"},"thumbnailUrl":"https:\/\/www.pressenza.com\/wp-content\/uploads\/2019\/06\/Die_Stopp_Air_Base_Ramstein_Demonstration.jpg","keywords":["#StoppRamstein","Base a\u00e9rienne Ramstein","guerre des drones","Iran","manifestation","monde sans armes nucl\u00e9aires","Pascal Luig","Stop Ramstein"],"articleSection":["Europe","Paix et D\u00e9sarmement","Video"],"inLanguage":"fr-FR"},{"@type":"WebPage","@id":"https:\/\/www.pressenza.com\/fr\/2019\/06\/video-manifestation-stop-base-aerienne-ramstein-entretien-avec-pascal-luig\/","url":"https:\/\/www.pressenza.com\/fr\/2019\/06\/video-manifestation-stop-base-aerienne-ramstein-entretien-avec-pascal-luig\/","name":"[Vid\u00e9o] Manifestation \"Stop Base A\u00e9rienne Ramstein\" - Entretien avec Pascal Luig","isPartOf":{"@id":"https:\/\/www.pressenza.com\/fr\/#website"},"primaryImageOfPage":{"@id":"https:\/\/www.pressenza.com\/fr\/2019\/06\/video-manifestation-stop-base-aerienne-ramstein-entretien-avec-pascal-luig\/#primaryimage"},"image":{"@id":"https:\/\/www.pressenza.com\/fr\/2019\/06\/video-manifestation-stop-base-aerienne-ramstein-entretien-avec-pascal-luig\/#primaryimage"},"thumbnailUrl":"https:\/\/www.pressenza.com\/wp-content\/uploads\/2019\/06\/Die_Stopp_Air_Base_Ramstein_Demonstration.jpg","datePublished":"2019-06-28T11:58:51+00:00","description":"Dans cette interview nous parlons de la prochaine manifestation \"Stop Base A\u00e9rienne Ramstein\" le 29.06. avec le co-organisateur Pascal Luig. Parmi les","breadcrumb":{"@id":"https:\/\/www.pressenza.com\/fr\/2019\/06\/video-manifestation-stop-base-aerienne-ramstein-entretien-avec-pascal-luig\/#breadcrumb"},"inLanguage":"fr-FR","potentialAction":[{"@type":"ReadAction","target":["https:\/\/www.pressenza.com\/fr\/2019\/06\/video-manifestation-stop-base-aerienne-ramstein-entretien-avec-pascal-luig\/"]}]},{"@type":"ImageObject","inLanguage":"fr-FR","@id":"https:\/\/www.pressenza.com\/fr\/2019\/06\/video-manifestation-stop-base-aerienne-ramstein-entretien-avec-pascal-luig\/#primaryimage","url":"https:\/\/www.pressenza.com\/wp-content\/uploads\/2019\/06\/Die_Stopp_Air_Base_Ramstein_Demonstration.jpg","contentUrl":"https:\/\/www.pressenza.com\/wp-content\/uploads\/2019\/06\/Die_Stopp_Air_Base_Ramstein_Demonstration.jpg","width":700,"height":467,"caption":"Die \u201cStopp Air Base Ramstein\u201d Demonstration - Interview mit Pascal Luig"},{"@type":"BreadcrumbList","@id":"https:\/\/www.pressenza.com\/fr\/2019\/06\/video-manifestation-stop-base-aerienne-ramstein-entretien-avec-pascal-luig\/#breadcrumb","itemListElement":[{"@type":"ListItem","position":1,"name":"Accueil","item":"https:\/\/www.pressenza.com\/fr\/"},{"@type":"ListItem","position":2,"name":"[Vid\u00e9o] Manifestation \u00ab\u00a0Stop Base A\u00e9rienne Ramstein\u00a0\u00bb &#8211; Entretien avec Pascal Luig"}]},{"@type":"WebSite","@id":"https:\/\/www.pressenza.com\/fr\/#website","url":"https:\/\/www.pressenza.com\/fr\/","name":"Pressenza","description":"International Press Agency","publisher":{"@id":"https:\/\/www.pressenza.com\/fr\/#organization"},"potentialAction":[{"@type":"SearchAction","target":{"@type":"EntryPoint","urlTemplate":"https:\/\/www.pressenza.com\/fr\/?s={search_term_string}"},"query-input":{"@type":"PropertyValueSpecification","valueRequired":true,"valueName":"search_term_string"}}],"inLanguage":"fr-FR"},{"@type":"Organization","@id":"https:\/\/www.pressenza.com\/fr\/#organization","name":"Pressenza","url":"https:\/\/www.pressenza.com\/fr\/","logo":{"@type":"ImageObject","inLanguage":"fr-FR","@id":"https:\/\/www.pressenza.com\/fr\/#\/schema\/logo\/image\/","url":"https:\/\/www.pressenza.com\/wp-content\/uploads\/2022\/10\/pressenza_logo_200x200.jpg","contentUrl":"https:\/\/www.pressenza.com\/wp-content\/uploads\/2022\/10\/pressenza_logo_200x200.jpg","width":200,"height":200,"caption":"Pressenza"},"image":{"@id":"https:\/\/www.pressenza.com\/fr\/#\/schema\/logo\/image\/"},"sameAs":["https:\/\/www.facebook.com\/PressenzaItalia","https:\/\/x.com\/PressenzaIPA"]},{"@type":"Person","@id":"https:\/\/www.pressenza.com\/fr\/#\/schema\/person\/99a6415b6c343de2778fc2d410396913","name":"acTVism Munich","description":"acTVism Munich is an independent and non-profit global online media network that broadcasts regularly from Munich. Our goal is to surface those issues that are neglected by mainstream media through investigative journalism while remaining as objective as possible. In addition, to attain this goal, acTVism Munich lays great emphasis on arts and culture. To stay in line with this philosophy, we finance ourselves solely through people\u2019s donations. We do not accept any advertisements, governmental or corporate financing. www.actvism.org\/en\/","sameAs":["http:\/\/www.facebook.com\/acTVism","https:\/\/x.com\/acTVismMunich"],"url":"https:\/\/www.pressenza.com\/fr\/author\/actvism-munich\/"}]}},"place":"Ramstein, Allemagne","original_article_url":"https:\/\/www.actvism.org\/politics\/stopp-air-base-ramstein\/","_links":{"self":[{"href":"https:\/\/www.pressenza.com\/fr\/wp-json\/wp\/v2\/posts\/878219","targetHints":{"allow":["GET"]}}],"collection":[{"href":"https:\/\/www.pressenza.com\/fr\/wp-json\/wp\/v2\/posts"}],"about":[{"href":"https:\/\/www.pressenza.com\/fr\/wp-json\/wp\/v2\/types\/post"}],"author":[{"embeddable":true,"href":"https:\/\/www.pressenza.com\/fr\/wp-json\/wp\/v2\/users\/1188"}],"replies":[{"embeddable":true,"href":"https:\/\/www.pressenza.com\/fr\/wp-json\/wp\/v2\/comments?post=878219"}],"version-history":[{"count":0,"href":"https:\/\/www.pressenza.com\/fr\/wp-json\/wp\/v2\/posts\/878219\/revisions"}],"wp:featuredmedia":[{"embeddable":true,"href":"https:\/\/www.pressenza.com\/fr\/wp-json\/wp\/v2\/media\/875533"}],"wp:attachment":[{"href":"https:\/\/www.pressenza.com\/fr\/wp-json\/wp\/v2\/media?parent=878219"}],"wp:term":[{"taxonomy":"category","embeddable":true,"href":"https:\/\/www.pressenza.com\/fr\/wp-json\/wp\/v2\/categories?post=878219"},{"taxonomy":"post_tag","embeddable":true,"href":"https:\/\/www.pressenza.com\/fr\/wp-json\/wp\/v2\/tags?post=878219"}],"curies":[{"name":"wp","href":"https:\/\/api.w.org\/{rel}","templated":true}]}}