{"id":877076,"date":"2019-06-27T14:57:03","date_gmt":"2019-06-27T13:57:03","guid":{"rendered":"https:\/\/www.pressenza.com\/?p=877076"},"modified":"2019-06-27T14:57:03","modified_gmt":"2019-06-27T13:57:03","slug":"onu-resolution-appelant-a-lindependance-de-porto-rico","status":"publish","type":"post","link":"https:\/\/www.pressenza.com\/fr\/2019\/06\/onu-resolution-appelant-a-lindependance-de-porto-rico\/","title":{"rendered":"ONU : R\u00e9solution appelant \u00e0 l\u2019ind\u00e9pendance de Porto Rico"},"content":{"rendered":"<p>Le Comit\u00e9 Sp\u00e9cial de la D\u00e9colonisation de l\u2019ONU a adopt\u00e9 ce 24 juin une r\u00e9solution appelant \u00e0 l\u2019ind\u00e9pendance de Porto Rico et r\u00e9affirmant le droit inali\u00e9nable de ce peuple \u00e0 l\u2019autod\u00e9termination.<\/p>\n<p>Le document, pr\u00e9sent\u00e9 par Cuba et adopt\u00e9 par consensus, r\u00e9affirme que Porto Rico est une nation latino-am\u00e9ricaine et cara\u00efb\u00e9enne dot\u00e9e de sa propre identit\u00e9 nationale.<\/p>\n<p>Il appelle \u00e9galement le Gouvernement des \u00c9tats-Unis \u00e0 assumer sa responsabilit\u00e9 et favoriser un processus qui permette aux Portoricains d\u2019exercer pleinement leur droit inali\u00e9nable \u00e0 l\u2019autod\u00e9termination et \u00e0 l\u2019ind\u00e9pendance.<\/p>\n<p>La r\u00e9solution reconna\u00eet \u00e9galement, dans le contexte de l\u2019aggravation significative de la crise \u00e9conomique et budg\u00e9taire \u00e0 Porto Rico, que le statut actuel de l\u00b4\u00eele emp\u00eache ce peuple de prendre des d\u00e9cisions souveraines pour r\u00e9pondre \u00e0 ses besoins et d\u00e9finir son avenir.<\/p>\n<p>Notamment pour r\u00e9pondre aux graves probl\u00e8mes \u00e9conomiques et sociaux qui le touchent, pr\u00e9cise le document.<\/p>\n<p>De m\u00eame, le texte fait \u00e9tat de pr\u00e9occupations concernant l\u2019imposition \u00e0 Porto Rico, par le Congr\u00e8s des \u00c9tats-Unis, d\u2019une Commission de Contr\u00f4le Fiscal, instaur\u00e9e sous le mandat de Barack Obama (2009-2017).<\/p>\n<p>Des pr\u00e9occupations sont \u00e9galement exprim\u00e9es au sujet des actions men\u00e9es contre les ind\u00e9pendantistes portoricains, y compris la r\u00e9pression et l\u2019intimidation.<\/p>\n<p>\u00c0 cet \u00e9gard, le comit\u00e9 encourage l\u2019ouverture d\u2019enqu\u00eates sur ces actes, avec la rigueur et la coop\u00e9ration n\u00e9cessaires de la part des autorit\u00e9s comp\u00e9tentes.<\/p>\n<p>La r\u00e9solution souligne le soutien international \u00e0 la cause portoricaine et demande \u00e0 l\u2019Assembl\u00e9e G\u00e9n\u00e9rale des Nations Unies d\u2019examiner la question de Porto Rico de mani\u00e8re globale et sous tous ses aspects.<\/p>\n<p>Ce lundi 24 juin, le Comit\u00e9 de D\u00e9colonisation de l\u2019ONU a accueilli plus de 50 organisations, institutions et forces politiques et sociales de Porto Rico et d\u2019autres parties du monde, dont la grande majorit\u00e9 a exprim\u00e9 son ferme soutien \u00e0 la r\u00e9solution.<\/p>\n<p>Tout cela d\u00e9montre le vif int\u00e9r\u00eat que suscite la question \u00e0 Porto Rico et dans l\u2019ensemble de la communaut\u00e9 internationale.<\/p>\n<p>Les p\u00e9titionnaires se sont ralli\u00e9s dans leur demande de mettre fin au statut colonial de Porto Rico.<\/p>\n","protected":false},"excerpt":{"rendered":"<p>Le Comit\u00e9 Sp\u00e9cial de la D\u00e9colonisation de l\u2019ONU a adopt\u00e9 ce 24 juin une r\u00e9solution appelant \u00e0 l\u2019ind\u00e9pendance de Porto Rico et r\u00e9affirmant le droit inali\u00e9nable de ce peuple \u00e0 l\u2019autod\u00e9termination. Le document, pr\u00e9sent\u00e9 par Cuba et adopt\u00e9 par consensus,&hellip;<\/p>\n","protected":false},"author":90,"featured_media":877090,"comment_status":"closed","ping_status":"closed","sticky":false,"template":"","format":"standard","meta":{"footnotes":""},"categories":[88,40,93],"tags":[60278,4042,7810],"class_list":["post-877076","post","type-post","status-publish","format-standard","has-post-thumbnail","hentry","category-amerique-centrale","category-international-fr","category-politique","tag-comite-decolonisation-onu","tag-independance","tag-porto-rico"],"yoast_head":"<!-- This site is optimized with the Yoast SEO plugin v27.1.1 - https:\/\/yoast.com\/product\/yoast-seo-wordpress\/ -->\n<title>ONU : R\u00e9solution appelant \u00e0 l\u2019ind\u00e9pendance de Porto Rico<\/title>\n<meta name=\"description\" content=\"Le Comit\u00e9 Sp\u00e9cial de la D\u00e9colonisation de l\u2019ONU a adopt\u00e9 ce 24 juin une r\u00e9solution appelant \u00e0 l\u2019ind\u00e9pendance de Porto Rico et r\u00e9affirmant le droit\" \/>\n<meta name=\"robots\" content=\"index, follow, max-snippet:-1, max-image-preview:large, max-video-preview:-1\" \/>\n<link rel=\"canonical\" href=\"https:\/\/www.pressenza.com\/fr\/2019\/06\/onu-resolution-appelant-a-lindependance-de-porto-rico\/\" \/>\n<meta property=\"og:locale\" content=\"fr_FR\" \/>\n<meta property=\"og:type\" content=\"article\" \/>\n<meta property=\"og:title\" content=\"ONU : R\u00e9solution appelant \u00e0 l\u2019ind\u00e9pendance de Porto Rico\" \/>\n<meta property=\"og:description\" content=\"Le Comit\u00e9 Sp\u00e9cial de la D\u00e9colonisation de l\u2019ONU a adopt\u00e9 ce 24 juin une r\u00e9solution appelant \u00e0 l\u2019ind\u00e9pendance de Porto Rico et r\u00e9affirmant le droit\" \/>\n<meta property=\"og:url\" content=\"https:\/\/www.pressenza.com\/fr\/2019\/06\/onu-resolution-appelant-a-lindependance-de-porto-rico\/\" \/>\n<meta property=\"og:site_name\" content=\"Pressenza\" \/>\n<meta property=\"article:publisher\" content=\"https:\/\/www.facebook.com\/PressenzaItalia\" \/>\n<meta property=\"article:author\" content=\"https:\/\/www.facebook.com\/AgenciaPrensaLatina\" \/>\n<meta property=\"article:published_time\" content=\"2019-06-27T13:57:03+00:00\" \/>\n<meta property=\"og:image\" content=\"https:\/\/www.pressenza.com\/wp-content\/uploads\/2019\/06\/Porto-Rico-independance.jpg\" \/>\n\t<meta property=\"og:image:width\" content=\"750\" \/>\n\t<meta property=\"og:image:height\" content=\"500\" \/>\n\t<meta property=\"og:image:type\" content=\"image\/jpeg\" \/>\n<meta name=\"author\" content=\"Prensa Latina\" \/>\n<meta name=\"twitter:card\" content=\"summary_large_image\" \/>\n<meta name=\"twitter:creator\" content=\"@prensalatina_cu\" \/>\n<meta name=\"twitter:site\" content=\"@PressenzaIPA\" \/>\n<meta name=\"twitter:label1\" content=\"\u00c9crit par\" \/>\n\t<meta name=\"twitter:data1\" content=\"Prensa Latina\" \/>\n\t<meta name=\"twitter:label2\" content=\"Dur\u00e9e de lecture estim\u00e9e\" \/>\n\t<meta name=\"twitter:data2\" content=\"2 minutes\" \/>\n<script type=\"application\/ld+json\" class=\"yoast-schema-graph\">{\"@context\":\"https:\/\/schema.org\",\"@graph\":[{\"@type\":\"Article\",\"@id\":\"https:\/\/www.pressenza.com\/fr\/2019\/06\/onu-resolution-appelant-a-lindependance-de-porto-rico\/#article\",\"isPartOf\":{\"@id\":\"https:\/\/www.pressenza.com\/fr\/2019\/06\/onu-resolution-appelant-a-lindependance-de-porto-rico\/\"},\"author\":{\"name\":\"Prensa Latina\",\"@id\":\"https:\/\/www.pressenza.com\/fr\/#\/schema\/person\/e35c78ffa242d98f4f49ccb18c8631de\"},\"headline\":\"ONU : R\u00e9solution appelant \u00e0 l\u2019ind\u00e9pendance de Porto Rico\",\"datePublished\":\"2019-06-27T13:57:03+00:00\",\"mainEntityOfPage\":{\"@id\":\"https:\/\/www.pressenza.com\/fr\/2019\/06\/onu-resolution-appelant-a-lindependance-de-porto-rico\/\"},\"wordCount\":393,\"publisher\":{\"@id\":\"https:\/\/www.pressenza.com\/fr\/#organization\"},\"image\":{\"@id\":\"https:\/\/www.pressenza.com\/fr\/2019\/06\/onu-resolution-appelant-a-lindependance-de-porto-rico\/#primaryimage\"},\"thumbnailUrl\":\"https:\/\/www.pressenza.com\/wp-content\/uploads\/2019\/06\/Porto-Rico-independance.jpg\",\"keywords\":[\"Comit\u00e9 D\u00e9colonisation ONU\",\"ind\u00e9pendance\",\"Porto Rico\"],\"articleSection\":[\"Am\u00e9rique centrale\",\"International\",\"Politique\"],\"inLanguage\":\"fr-FR\"},{\"@type\":\"WebPage\",\"@id\":\"https:\/\/www.pressenza.com\/fr\/2019\/06\/onu-resolution-appelant-a-lindependance-de-porto-rico\/\",\"url\":\"https:\/\/www.pressenza.com\/fr\/2019\/06\/onu-resolution-appelant-a-lindependance-de-porto-rico\/\",\"name\":\"ONU : R\u00e9solution appelant \u00e0 l\u2019ind\u00e9pendance de Porto Rico\",\"isPartOf\":{\"@id\":\"https:\/\/www.pressenza.com\/fr\/#website\"},\"primaryImageOfPage\":{\"@id\":\"https:\/\/www.pressenza.com\/fr\/2019\/06\/onu-resolution-appelant-a-lindependance-de-porto-rico\/#primaryimage\"},\"image\":{\"@id\":\"https:\/\/www.pressenza.com\/fr\/2019\/06\/onu-resolution-appelant-a-lindependance-de-porto-rico\/#primaryimage\"},\"thumbnailUrl\":\"https:\/\/www.pressenza.com\/wp-content\/uploads\/2019\/06\/Porto-Rico-independance.jpg\",\"datePublished\":\"2019-06-27T13:57:03+00:00\",\"description\":\"Le Comit\u00e9 Sp\u00e9cial de la D\u00e9colonisation de l\u2019ONU a adopt\u00e9 ce 24 juin une r\u00e9solution appelant \u00e0 l\u2019ind\u00e9pendance de Porto Rico et r\u00e9affirmant le droit\",\"breadcrumb\":{\"@id\":\"https:\/\/www.pressenza.com\/fr\/2019\/06\/onu-resolution-appelant-a-lindependance-de-porto-rico\/#breadcrumb\"},\"inLanguage\":\"fr-FR\",\"potentialAction\":[{\"@type\":\"ReadAction\",\"target\":[\"https:\/\/www.pressenza.com\/fr\/2019\/06\/onu-resolution-appelant-a-lindependance-de-porto-rico\/\"]}]},{\"@type\":\"ImageObject\",\"inLanguage\":\"fr-FR\",\"@id\":\"https:\/\/www.pressenza.com\/fr\/2019\/06\/onu-resolution-appelant-a-lindependance-de-porto-rico\/#primaryimage\",\"url\":\"https:\/\/www.pressenza.com\/wp-content\/uploads\/2019\/06\/Porto-Rico-independance.jpg\",\"contentUrl\":\"https:\/\/www.pressenza.com\/wp-content\/uploads\/2019\/06\/Porto-Rico-independance.jpg\",\"width\":750,\"height\":500,\"caption\":\"ONU : R\u00e9solution appelant \u00e0 l\u2019ind\u00e9pendance de Porto Rico\"},{\"@type\":\"BreadcrumbList\",\"@id\":\"https:\/\/www.pressenza.com\/fr\/2019\/06\/onu-resolution-appelant-a-lindependance-de-porto-rico\/#breadcrumb\",\"itemListElement\":[{\"@type\":\"ListItem\",\"position\":1,\"name\":\"Accueil\",\"item\":\"https:\/\/www.pressenza.com\/fr\/\"},{\"@type\":\"ListItem\",\"position\":2,\"name\":\"ONU : R\u00e9solution appelant \u00e0 l\u2019ind\u00e9pendance de Porto Rico\"}]},{\"@type\":\"WebSite\",\"@id\":\"https:\/\/www.pressenza.com\/fr\/#website\",\"url\":\"https:\/\/www.pressenza.com\/fr\/\",\"name\":\"Pressenza\",\"description\":\"International Press Agency\",\"publisher\":{\"@id\":\"https:\/\/www.pressenza.com\/fr\/#organization\"},\"potentialAction\":[{\"@type\":\"SearchAction\",\"target\":{\"@type\":\"EntryPoint\",\"urlTemplate\":\"https:\/\/www.pressenza.com\/fr\/?s={search_term_string}\"},\"query-input\":{\"@type\":\"PropertyValueSpecification\",\"valueRequired\":true,\"valueName\":\"search_term_string\"}}],\"inLanguage\":\"fr-FR\"},{\"@type\":\"Organization\",\"@id\":\"https:\/\/www.pressenza.com\/fr\/#organization\",\"name\":\"Pressenza\",\"url\":\"https:\/\/www.pressenza.com\/fr\/\",\"logo\":{\"@type\":\"ImageObject\",\"inLanguage\":\"fr-FR\",\"@id\":\"https:\/\/www.pressenza.com\/fr\/#\/schema\/logo\/image\/\",\"url\":\"https:\/\/www.pressenza.com\/wp-content\/uploads\/2022\/10\/pressenza_logo_200x200.jpg\",\"contentUrl\":\"https:\/\/www.pressenza.com\/wp-content\/uploads\/2022\/10\/pressenza_logo_200x200.jpg\",\"width\":200,\"height\":200,\"caption\":\"Pressenza\"},\"image\":{\"@id\":\"https:\/\/www.pressenza.com\/fr\/#\/schema\/logo\/image\/\"},\"sameAs\":[\"https:\/\/www.facebook.com\/PressenzaItalia\",\"https:\/\/x.com\/PressenzaIPA\"]},{\"@type\":\"Person\",\"@id\":\"https:\/\/www.pressenza.com\/fr\/#\/schema\/person\/e35c78ffa242d98f4f49ccb18c8631de\",\"name\":\"Prensa Latina\",\"description\":\"www.prensa-latina.cu\",\"sameAs\":[\"https:\/\/www.facebook.com\/AgenciaPrensaLatina\",\"https:\/\/x.com\/prensalatina_cu\"],\"url\":\"https:\/\/www.pressenza.com\/fr\/author\/prensa-latina\/\"}]}<\/script>\n<!-- \/ Yoast SEO plugin. -->","yoast_head_json":{"title":"ONU : R\u00e9solution appelant \u00e0 l\u2019ind\u00e9pendance de Porto Rico","description":"Le Comit\u00e9 Sp\u00e9cial de la D\u00e9colonisation de l\u2019ONU a adopt\u00e9 ce 24 juin une r\u00e9solution appelant \u00e0 l\u2019ind\u00e9pendance de Porto Rico et r\u00e9affirmant le droit","robots":{"index":"index","follow":"follow","max-snippet":"max-snippet:-1","max-image-preview":"max-image-preview:large","max-video-preview":"max-video-preview:-1"},"canonical":"https:\/\/www.pressenza.com\/fr\/2019\/06\/onu-resolution-appelant-a-lindependance-de-porto-rico\/","og_locale":"fr_FR","og_type":"article","og_title":"ONU : R\u00e9solution appelant \u00e0 l\u2019ind\u00e9pendance de Porto Rico","og_description":"Le Comit\u00e9 Sp\u00e9cial de la D\u00e9colonisation de l\u2019ONU a adopt\u00e9 ce 24 juin une r\u00e9solution appelant \u00e0 l\u2019ind\u00e9pendance de Porto Rico et r\u00e9affirmant le droit","og_url":"https:\/\/www.pressenza.com\/fr\/2019\/06\/onu-resolution-appelant-a-lindependance-de-porto-rico\/","og_site_name":"Pressenza","article_publisher":"https:\/\/www.facebook.com\/PressenzaItalia","article_author":"https:\/\/www.facebook.com\/AgenciaPrensaLatina","article_published_time":"2019-06-27T13:57:03+00:00","og_image":[{"width":750,"height":500,"url":"https:\/\/www.pressenza.com\/wp-content\/uploads\/2019\/06\/Porto-Rico-independance.jpg","type":"image\/jpeg"}],"author":"Prensa Latina","twitter_card":"summary_large_image","twitter_creator":"@prensalatina_cu","twitter_site":"@PressenzaIPA","twitter_misc":{"\u00c9crit par":"Prensa Latina","Dur\u00e9e de lecture estim\u00e9e":"2 minutes"},"schema":{"@context":"https:\/\/schema.org","@graph":[{"@type":"Article","@id":"https:\/\/www.pressenza.com\/fr\/2019\/06\/onu-resolution-appelant-a-lindependance-de-porto-rico\/#article","isPartOf":{"@id":"https:\/\/www.pressenza.com\/fr\/2019\/06\/onu-resolution-appelant-a-lindependance-de-porto-rico\/"},"author":{"name":"Prensa Latina","@id":"https:\/\/www.pressenza.com\/fr\/#\/schema\/person\/e35c78ffa242d98f4f49ccb18c8631de"},"headline":"ONU : R\u00e9solution appelant \u00e0 l\u2019ind\u00e9pendance de Porto Rico","datePublished":"2019-06-27T13:57:03+00:00","mainEntityOfPage":{"@id":"https:\/\/www.pressenza.com\/fr\/2019\/06\/onu-resolution-appelant-a-lindependance-de-porto-rico\/"},"wordCount":393,"publisher":{"@id":"https:\/\/www.pressenza.com\/fr\/#organization"},"image":{"@id":"https:\/\/www.pressenza.com\/fr\/2019\/06\/onu-resolution-appelant-a-lindependance-de-porto-rico\/#primaryimage"},"thumbnailUrl":"https:\/\/www.pressenza.com\/wp-content\/uploads\/2019\/06\/Porto-Rico-independance.jpg","keywords":["Comit\u00e9 D\u00e9colonisation ONU","ind\u00e9pendance","Porto Rico"],"articleSection":["Am\u00e9rique centrale","International","Politique"],"inLanguage":"fr-FR"},{"@type":"WebPage","@id":"https:\/\/www.pressenza.com\/fr\/2019\/06\/onu-resolution-appelant-a-lindependance-de-porto-rico\/","url":"https:\/\/www.pressenza.com\/fr\/2019\/06\/onu-resolution-appelant-a-lindependance-de-porto-rico\/","name":"ONU : R\u00e9solution appelant \u00e0 l\u2019ind\u00e9pendance de Porto Rico","isPartOf":{"@id":"https:\/\/www.pressenza.com\/fr\/#website"},"primaryImageOfPage":{"@id":"https:\/\/www.pressenza.com\/fr\/2019\/06\/onu-resolution-appelant-a-lindependance-de-porto-rico\/#primaryimage"},"image":{"@id":"https:\/\/www.pressenza.com\/fr\/2019\/06\/onu-resolution-appelant-a-lindependance-de-porto-rico\/#primaryimage"},"thumbnailUrl":"https:\/\/www.pressenza.com\/wp-content\/uploads\/2019\/06\/Porto-Rico-independance.jpg","datePublished":"2019-06-27T13:57:03+00:00","description":"Le Comit\u00e9 Sp\u00e9cial de la D\u00e9colonisation de l\u2019ONU a adopt\u00e9 ce 24 juin une r\u00e9solution appelant \u00e0 l\u2019ind\u00e9pendance de Porto Rico et r\u00e9affirmant le droit","breadcrumb":{"@id":"https:\/\/www.pressenza.com\/fr\/2019\/06\/onu-resolution-appelant-a-lindependance-de-porto-rico\/#breadcrumb"},"inLanguage":"fr-FR","potentialAction":[{"@type":"ReadAction","target":["https:\/\/www.pressenza.com\/fr\/2019\/06\/onu-resolution-appelant-a-lindependance-de-porto-rico\/"]}]},{"@type":"ImageObject","inLanguage":"fr-FR","@id":"https:\/\/www.pressenza.com\/fr\/2019\/06\/onu-resolution-appelant-a-lindependance-de-porto-rico\/#primaryimage","url":"https:\/\/www.pressenza.com\/wp-content\/uploads\/2019\/06\/Porto-Rico-independance.jpg","contentUrl":"https:\/\/www.pressenza.com\/wp-content\/uploads\/2019\/06\/Porto-Rico-independance.jpg","width":750,"height":500,"caption":"ONU : R\u00e9solution appelant \u00e0 l\u2019ind\u00e9pendance de Porto Rico"},{"@type":"BreadcrumbList","@id":"https:\/\/www.pressenza.com\/fr\/2019\/06\/onu-resolution-appelant-a-lindependance-de-porto-rico\/#breadcrumb","itemListElement":[{"@type":"ListItem","position":1,"name":"Accueil","item":"https:\/\/www.pressenza.com\/fr\/"},{"@type":"ListItem","position":2,"name":"ONU : R\u00e9solution appelant \u00e0 l\u2019ind\u00e9pendance de Porto Rico"}]},{"@type":"WebSite","@id":"https:\/\/www.pressenza.com\/fr\/#website","url":"https:\/\/www.pressenza.com\/fr\/","name":"Pressenza","description":"International Press Agency","publisher":{"@id":"https:\/\/www.pressenza.com\/fr\/#organization"},"potentialAction":[{"@type":"SearchAction","target":{"@type":"EntryPoint","urlTemplate":"https:\/\/www.pressenza.com\/fr\/?s={search_term_string}"},"query-input":{"@type":"PropertyValueSpecification","valueRequired":true,"valueName":"search_term_string"}}],"inLanguage":"fr-FR"},{"@type":"Organization","@id":"https:\/\/www.pressenza.com\/fr\/#organization","name":"Pressenza","url":"https:\/\/www.pressenza.com\/fr\/","logo":{"@type":"ImageObject","inLanguage":"fr-FR","@id":"https:\/\/www.pressenza.com\/fr\/#\/schema\/logo\/image\/","url":"https:\/\/www.pressenza.com\/wp-content\/uploads\/2022\/10\/pressenza_logo_200x200.jpg","contentUrl":"https:\/\/www.pressenza.com\/wp-content\/uploads\/2022\/10\/pressenza_logo_200x200.jpg","width":200,"height":200,"caption":"Pressenza"},"image":{"@id":"https:\/\/www.pressenza.com\/fr\/#\/schema\/logo\/image\/"},"sameAs":["https:\/\/www.facebook.com\/PressenzaItalia","https:\/\/x.com\/PressenzaIPA"]},{"@type":"Person","@id":"https:\/\/www.pressenza.com\/fr\/#\/schema\/person\/e35c78ffa242d98f4f49ccb18c8631de","name":"Prensa Latina","description":"www.prensa-latina.cu","sameAs":["https:\/\/www.facebook.com\/AgenciaPrensaLatina","https:\/\/x.com\/prensalatina_cu"],"url":"https:\/\/www.pressenza.com\/fr\/author\/prensa-latina\/"}]}},"place":"Nations unies","original_article_url":"http:\/\/frances.prensa-latina.cu\/index.php?option=com_content&view=article&id=882393:onu-resolution-appelant-a-lindependance-de-porto-rico&opcion=pl-ver-noticia&catid=39&Itemid=101","_links":{"self":[{"href":"https:\/\/www.pressenza.com\/fr\/wp-json\/wp\/v2\/posts\/877076","targetHints":{"allow":["GET"]}}],"collection":[{"href":"https:\/\/www.pressenza.com\/fr\/wp-json\/wp\/v2\/posts"}],"about":[{"href":"https:\/\/www.pressenza.com\/fr\/wp-json\/wp\/v2\/types\/post"}],"author":[{"embeddable":true,"href":"https:\/\/www.pressenza.com\/fr\/wp-json\/wp\/v2\/users\/90"}],"replies":[{"embeddable":true,"href":"https:\/\/www.pressenza.com\/fr\/wp-json\/wp\/v2\/comments?post=877076"}],"version-history":[{"count":0,"href":"https:\/\/www.pressenza.com\/fr\/wp-json\/wp\/v2\/posts\/877076\/revisions"}],"wp:featuredmedia":[{"embeddable":true,"href":"https:\/\/www.pressenza.com\/fr\/wp-json\/wp\/v2\/media\/877090"}],"wp:attachment":[{"href":"https:\/\/www.pressenza.com\/fr\/wp-json\/wp\/v2\/media?parent=877076"}],"wp:term":[{"taxonomy":"category","embeddable":true,"href":"https:\/\/www.pressenza.com\/fr\/wp-json\/wp\/v2\/categories?post=877076"},{"taxonomy":"post_tag","embeddable":true,"href":"https:\/\/www.pressenza.com\/fr\/wp-json\/wp\/v2\/tags?post=877076"}],"curies":[{"name":"wp","href":"https:\/\/api.w.org\/{rel}","templated":true}]}}