{"id":874746,"date":"2019-06-23T00:05:02","date_gmt":"2019-06-22T23:05:02","guid":{"rendered":"https:\/\/www.pressenza.com\/?p=874746"},"modified":"2019-06-23T00:05:02","modified_gmt":"2019-06-22T23:05:02","slug":"plus-de-340-organisations-appellent-lunion-europeenne-a-interrompre-immediatement-les-negociations-commerciales-avec-le-bresil","status":"publish","type":"post","link":"https:\/\/www.pressenza.com\/fr\/2019\/06\/plus-de-340-organisations-appellent-lunion-europeenne-a-interrompre-immediatement-les-negociations-commerciales-avec-le-bresil\/","title":{"rendered":"Plus de 340 organisations appellent l\u2019Union europ\u00e9enne \u00e0 interrompre imm\u00e9diatement les n\u00e9gociations commerciales avec le Br\u00e9sil"},"content":{"rendered":"<p><i>Dans une lettre ouverte, plus de 340 organisations de la soci\u00e9t\u00e9 civile &#8211; dont plus de 30 fran\u00e7aises &#8211; appellent l\u2019Union europ\u00e9enne \u00e0 mettre imm\u00e9diatement un terme aux n\u00e9gociations pour un accord de libre-\u00e9change avec le Mercosur (Br\u00e9sil, Argentine, Paraguay et Uruguay) en raison de la d\u00e9t\u00e9rioration des droits humains et de la situation \u00e9cologique au Br\u00e9sil. La lettre est adress\u00e9e aux pr\u00e9sidents des institutions europ\u00e9ennes en amont de la r\u00e9union minist\u00e9rielle de la semaine prochaine \u00e0 Bruxelles o\u00f9 les ministres des affaires \u00e9trang\u00e8res de l\u2019UE et du Mercosur vont s\u2019efforcer de finaliser les n\u00e9gociations.<\/i><\/p>\n<p>Vous pouvez acc\u00e9der \u00e0 la <a class=\"spip_in\" href=\"https:\/\/www.collectifstoptafta.org\/IMG\/pdf\/lettre_ue-mercosur_-_bre_sil_1_.pdf\" type=\"application\/pdf\">liste des signataires en fran\u00e7ais ici (.pdf)<\/a><\/p>\n<hr class=\"spip\" \/>\n<p>Monsieur le Pr\u00e9sident du Conseil europ\u00e9en, Monsieur le Pr\u00e9sident de la Commission europ\u00e9enne, Monsieur le Pr\u00e9sident du Parlement europ\u00e9en<\/p>\n<p>Nous, organisations de la soci\u00e9t\u00e9 civile soussign\u00e9es, nous vous \u00e9crivons pour demander \u00e0 l\u2019Union europ\u00e9enne (UE) d\u2019utiliser son influence pour emp\u00eacher que la situation des droits humains et de l\u2019environnement ne s\u2019aggrave au Br\u00e9sil.<\/p>\n<p>En avril, plus de 600 scientifiques europ\u00e9ens et deux organisations indig\u00e8nes br\u00e9siliennes, repr\u00e9sentant 300 groupes indig\u00e8nes br\u00e9siliens, ont appel\u00e9 l\u2019UE \u00e0 agir en tant que chef de file mondial afin de soutenir les droits humains, la dignit\u00e9 humaine et un climat habitable en faisant de la soutenabilit\u00e9 la pierre angulaire des n\u00e9gociations commerciales avec le Br\u00e9sil. Nous appuyons pleinement cet appel.<\/p>\n<p>Li\u00e9s par les trait\u00e9s sur l\u2019Union europ\u00e9enne, l\u2019UE et ses \u00c9tats membres se sont engag\u00e9s \u00e0 respecter et \u00e0 promouvoir les droits humains en tant qu\u2019objectif primordial dans le cadre de leurs relations avec des pays tiers. M<sup class=\"typo_exposants\">me<\/sup>\u00a0Cecilia Malmstr\u00f6m, commissaire charg\u00e9e du commerce, a \u00e9galement d\u00e9clar\u00e9 clairement que les nouveaux accords commerciaux de l\u2019UE devaient assurer \u00ab\u00a0un d\u00e9veloppement durable\u00a0\u00bb.<\/p>\n<p>Depuis l\u2019investiture du pr\u00e9sident br\u00e9silien Jair Bolsonaro en janvier 2019, nous avons \u00e9t\u00e9 t\u00e9moins d\u2019un nombre croissant de violations des droits humains et d\u2019attaques contre les minorit\u00e9s, les populations indig\u00e8nes, les LGBTQ et autres communaut\u00e9s traditionnelles. De plus, le gouvernement continue de menacer le fonctionnement d\u00e9mocratique fondamental de la soci\u00e9t\u00e9 civile tout en lan\u00e7ant une attaque s\u00e9rieuse contre certaines des r\u00e9gions les plus inestimables de la plan\u00e8te sur le plan \u00e9cologique.<\/p>\n<p>Nous sommes profond\u00e9ment pr\u00e9occup\u00e9s par ce qui suit\u00a0:<br class=\"autobr\" \/>\u25cf La d\u00e9marcation des terres indig\u00e8nes a \u00e9t\u00e9 plac\u00e9e sous la juridiction du minist\u00e8re de l\u2019Agriculture, ouvrant la voie \u00e0 ce que de puissantes entreprises agroalimentaires de b\u00e9tail et de soja acc\u00e9l\u00e8rent leur progression au c\u0153ur de l\u2019Amazonie, la plus grande for\u00eat tropicale mondiale, et au c\u0153ur du Cerrado, la savane la plus riche en biodiversit\u00e9 de la plan\u00e8te.<br class=\"autobr\" \/>\u25cf Le nombre d\u2019attaques contre les peuples indig\u00e8nes, les autres communaut\u00e9s traditionnelles et leurs territoires s\u2019est consid\u00e9rablement accru. En f\u00e9vrier, au moins 14 territoires indig\u00e8nes prot\u00e9g\u00e9s auraient \u00e9t\u00e9 attaqu\u00e9s. En outre, le gouvernement a aboli plus de 35 conseils nationaux de participation sociale. Les attaques contre les personnes qui d\u00e9fendent leurs territoires ou leurs ressources naturelles sont de plus en plus fr\u00e9quentes dans les zones rurales du Br\u00e9sil, entra\u00eenant la mort d\u2019un nombre croissant de dirigeants communautaires, paysans et activistes.<br class=\"autobr\" \/>\u25cf La promesse de campagne de Bolsonaro de \u00ab\u00a0mettre fin \u00e0 toute forme d\u2019activisme\u00a0\u00bb a \u00e9t\u00e9 mise en \u0153uvre d\u00e8s le premier jour de son mandat, habilitant le gouvernement \u00e0 \u00ab\u00a0superviser, coordonner, surveiller et observer les activit\u00e9s et les actions des agences internationales et des organisations non gouvernementales sur le territoire national\u00a0\u00bb.<br class=\"autobr\" \/>\u25cf Le minist\u00e8re de l\u2019Environnement et le minist\u00e8re des Affaires \u00e9trang\u00e8res sont d\u00e9sormais dirig\u00e9s par des ministres qui nient le r\u00e9chauffement climatique, ce qui a conduit \u00e0 la suppression des d\u00e9partements en charge de la question. M\u00eame si le Br\u00e9sil reste signataire de l\u2019Accord de Paris sur le changement climatique, il devient peu probable que l\u2019administration prenne les mesures n\u00e9cessaires pour mettre en \u0153uvre cet accord.<br class=\"autobr\" \/>\u25cf La l\u00e9gislation et les politiques socio-environnementales ont \u00e9t\u00e9 consid\u00e9rablement affaiblies au cours des 100 premiers jours du nouveau gouvernement. Le code forestier a \u00e9t\u00e9 sap\u00e9 par de nouvelles mesures r\u00e9duisant les r\u00e9serves l\u00e9gales et introduisant un d\u00e9lai plus souple pour la r\u00e9gularisation des terres de ceux qui se les approprient. En janvier 2019, la d\u00e9forestation en Amazonie aurait augment\u00e9 de 54 pour cent par rapport \u00e0 la m\u00eame p\u00e9riode en 2018.<\/p>\n<p>Les acteurs de la soci\u00e9t\u00e9 civile, les militants, les paysans, les travailleurs et les minorit\u00e9s sont mis en danger par la rh\u00e9torique incendiaire du gouvernement Bolsonaro et de ses partisans. Il a notamment qualifi\u00e9 de \u00ab\u00a0terroristes\u00a0\u00bb des membres de mouvements populaires tels que le Mouvement des travailleurs sans terre et le Mouvement des sans-abri, ce qui fait craindre que la tr\u00e8s controvers\u00e9e loi antiterroriste du Br\u00e9sil ne soit utilis\u00e9e pour criminaliser les activistes sociaux.<\/p>\n<p>L\u2019UE est le deuxi\u00e8me partenaire commercial du Br\u00e9sil, le deuxi\u00e8me importateur mondial de soja br\u00e9silien et l\u2019un des principaux importateurs de viande bovine et d\u2019autres produits agricoles en provenance du Br\u00e9sil. L\u2019UE a donc la responsabilit\u00e9 de s\u2019attaquer aux injustices en mati\u00e8re de droits humains et de l\u2019environnement qui se produisent au Br\u00e9sil sous le gouvernement Bolsonaro. Elle doit user de son influence pour soutenir la soci\u00e9t\u00e9 civile, les droits humains et l\u2019environnement.<\/p>\n<p>L\u2019UE est en train de n\u00e9gocier un accord commercial de grande envergure avec le Mercosur qui vise \u00e0 \u00e9largir l\u2019acc\u00e8s aux march\u00e9s et le commerce entre les deux r\u00e9gions, y compris le Br\u00e9sil. Il est imp\u00e9ratif que l\u2019UE envoie un message sans \u00e9quivoque au pr\u00e9sident Bolsonaro\u00a0: l\u2019UE refusera de n\u00e9gocier un accord commercial avec le Br\u00e9sil tant que les violations des droits humains n\u2019auront pas pris fin, que des mesures strictes pour mettre fin \u00e0 la d\u00e9forestation n\u2019auront pas \u00e9t\u00e9 prises et que des engagements concrets pour mettre en \u0153uvre l\u2019accord de Paris ne seront pas effectifs.<\/p>\n<p>Par le pass\u00e9, l\u2019UE a suspendu ses pr\u00e9f\u00e9rences commerciales avec des pays impliqu\u00e9s dans des violations des droits humains, comme la Birmanie et les Philippines. En outre, l\u2019UE a limit\u00e9 les importations de produits dont la production impacte les droits humains dans le cas des minerais de conflit. Il est temps que l\u2019UE adopte une position similaire et ferme pour emp\u00eacher une d\u00e9t\u00e9rioration de la situation des droits humains et de l\u2019environnement au Br\u00e9sil.<\/p>\n<p>C\u2019est pourquoi nous vous appelons \u00e0\u00a0:<br class=\"autobr\" \/>1. Arr\u00eater imm\u00e9diatement les n\u00e9gociations en vue d\u2019un accord de libre-\u00e9change UE-Mercosur.<br class=\"autobr\" \/>2. Garantir que les produits br\u00e9siliens vendus dans l\u2019UE, ou les march\u00e9s financiers qui les soutiennent, ne g\u00e9n\u00e8rent plus de d\u00e9forestation, d\u2019accaparement des terres indig\u00e8nes et de violations des droits humains.<br class=\"autobr\" \/>3. Exiger la confirmation, avec des preuves mat\u00e9rielles, que le gouvernement br\u00e9silien respectera ses engagements dans le cadre de l\u2019Accord de Paris sur le changement climatique.<br class=\"autobr\" \/>4. Accro\u00eetre le soutien \u00e0 la soci\u00e9t\u00e9 civile br\u00e9silienne, notamment en renfor\u00e7ant la mise en \u0153uvre du plan d\u2019action de l\u2019UE sur les droits humains et la d\u00e9mocratie et en organisant des consultations proactives avec les organisations de la soci\u00e9t\u00e9 civile br\u00e9silienne qui traitent des droits humains et du fonctionnement d\u00e9mocratique de la soci\u00e9t\u00e9 civile br\u00e9silienne.<br class=\"autobr\" \/>5. Surveiller les violations des droits humains et y r\u00e9agir \u2013 notamment en enqu\u00eatant sur les cas depuis l\u2019\u00e9lection de M.\u00a0Bolsonaro \u2013 et renforcer les m\u00e9canismes de protection des d\u00e9fenseurs des droits humains. Pour les personnes les plus expos\u00e9es, y compris les populations indig\u00e8nes autochtones et les d\u00e9fenseurs de l\u2019environnement, l\u2019UE devrait fournir, y compris par l\u2019interm\u00e9diaire de ses repr\u00e9sentations politiques, une aide directe et rapide en cas de besoin.<\/p>\n","protected":false},"excerpt":{"rendered":"<p>Dans une lettre ouverte, plus de 340 organisations de la soci\u00e9t\u00e9 civile &#8211; dont plus de 30 fran\u00e7aises &#8211; appellent l\u2019Union europ\u00e9enne \u00e0 mettre imm\u00e9diatement un terme aux n\u00e9gociations pour un accord de libre-\u00e9change avec le Mercosur (Br\u00e9sil, Argentine, Paraguay&hellip;<\/p>\n","protected":false},"author":926,"featured_media":874632,"comment_status":"closed","ping_status":"closed","sticky":false,"template":"","format":"standard","meta":{"footnotes":""},"categories":[86,151,98,85],"tags":[3166,1002,1492],"class_list":["post-874746","post","type-post","status-publish","format-standard","has-post-thumbnail","hentry","category-amerique-du-sud","category-communique-de-presse","category-droits-de-lhomme","category-europe-fr","tag-bresil","tag-droits-humains","tag-union-europeenne"],"yoast_head":"<!-- This site is optimized with the Yoast SEO plugin v27.1.1 - https:\/\/yoast.com\/product\/yoast-seo-wordpress\/ -->\n<title>Plus de 340 organisations appellent l\u2019Union europ\u00e9enne \u00e0 interrompre imm\u00e9diatement les n\u00e9gociations commerciales avec le Br\u00e9sil<\/title>\n<meta name=\"description\" content=\"Dans une lettre ouverte, plus de 340 organisations de la soci\u00e9t\u00e9 civile - dont plus de 30 fran\u00e7aises - appellent l\u2019Union europ\u00e9enne \u00e0 mettre imm\u00e9diatement\" \/>\n<meta name=\"robots\" content=\"index, follow, max-snippet:-1, max-image-preview:large, max-video-preview:-1\" \/>\n<link rel=\"canonical\" href=\"https:\/\/www.pressenza.com\/fr\/2019\/06\/plus-de-340-organisations-appellent-lunion-europeenne-a-interrompre-immediatement-les-negociations-commerciales-avec-le-bresil\/\" \/>\n<meta property=\"og:locale\" content=\"fr_FR\" \/>\n<meta property=\"og:type\" content=\"article\" \/>\n<meta property=\"og:title\" content=\"Plus de 340 organisations appellent l\u2019Union europ\u00e9enne \u00e0 interrompre imm\u00e9diatement les n\u00e9gociations commerciales avec le Br\u00e9sil\" \/>\n<meta property=\"og:description\" content=\"Dans une lettre ouverte, plus de 340 organisations de la soci\u00e9t\u00e9 civile - dont plus de 30 fran\u00e7aises - appellent l\u2019Union europ\u00e9enne \u00e0 mettre imm\u00e9diatement\" \/>\n<meta property=\"og:url\" content=\"https:\/\/www.pressenza.com\/fr\/2019\/06\/plus-de-340-organisations-appellent-lunion-europeenne-a-interrompre-immediatement-les-negociations-commerciales-avec-le-bresil\/\" \/>\n<meta property=\"og:site_name\" content=\"Pressenza\" \/>\n<meta property=\"article:publisher\" content=\"https:\/\/www.facebook.com\/PressenzaItalia\" \/>\n<meta property=\"article:published_time\" content=\"2019-06-22T23:05:02+00:00\" \/>\n<meta property=\"og:image\" content=\"https:\/\/www.pressenza.com\/wp-content\/uploads\/2019\/06\/EU-Brasilien-Mercosur-Menschenrechte-Klimawandel-Umweltzerst\u00f6rung-offener-Brief-1.jpg\" \/>\n\t<meta property=\"og:image:width\" content=\"2048\" \/>\n\t<meta property=\"og:image:height\" content=\"1360\" \/>\n\t<meta property=\"og:image:type\" content=\"image\/jpeg\" \/>\n<meta name=\"author\" content=\"R\u00e9daction France\" \/>\n<meta name=\"twitter:card\" content=\"summary_large_image\" \/>\n<meta name=\"twitter:creator\" content=\"@PressenzaIPA\" \/>\n<meta name=\"twitter:site\" content=\"@PressenzaIPA\" \/>\n<meta name=\"twitter:label1\" content=\"\u00c9crit par\" \/>\n\t<meta name=\"twitter:data1\" content=\"R\u00e9daction France\" \/>\n\t<meta name=\"twitter:label2\" content=\"Dur\u00e9e de lecture estim\u00e9e\" \/>\n\t<meta name=\"twitter:data2\" content=\"7 minutes\" \/>\n<script type=\"application\/ld+json\" class=\"yoast-schema-graph\">{\"@context\":\"https:\/\/schema.org\",\"@graph\":[{\"@type\":\"Article\",\"@id\":\"https:\/\/www.pressenza.com\/fr\/2019\/06\/plus-de-340-organisations-appellent-lunion-europeenne-a-interrompre-immediatement-les-negociations-commerciales-avec-le-bresil\/#article\",\"isPartOf\":{\"@id\":\"https:\/\/www.pressenza.com\/fr\/2019\/06\/plus-de-340-organisations-appellent-lunion-europeenne-a-interrompre-immediatement-les-negociations-commerciales-avec-le-bresil\/\"},\"author\":{\"name\":\"R\u00e9daction France\",\"@id\":\"https:\/\/www.pressenza.com\/fr\/#\/schema\/person\/3c9fe6670cc2cffbd37562f87b98e869\"},\"headline\":\"Plus de 340 organisations appellent l\u2019Union europ\u00e9enne \u00e0 interrompre imm\u00e9diatement les n\u00e9gociations commerciales avec le Br\u00e9sil\",\"datePublished\":\"2019-06-22T23:05:02+00:00\",\"mainEntityOfPage\":{\"@id\":\"https:\/\/www.pressenza.com\/fr\/2019\/06\/plus-de-340-organisations-appellent-lunion-europeenne-a-interrompre-immediatement-les-negociations-commerciales-avec-le-bresil\/\"},\"wordCount\":1411,\"publisher\":{\"@id\":\"https:\/\/www.pressenza.com\/fr\/#organization\"},\"image\":{\"@id\":\"https:\/\/www.pressenza.com\/fr\/2019\/06\/plus-de-340-organisations-appellent-lunion-europeenne-a-interrompre-immediatement-les-negociations-commerciales-avec-le-bresil\/#primaryimage\"},\"thumbnailUrl\":\"https:\/\/www.pressenza.com\/wp-content\/uploads\/2019\/06\/EU-Brasilien-Mercosur-Menschenrechte-Klimawandel-Umweltzerst\u00f6rung-offener-Brief-1.jpg\",\"keywords\":[\"Br\u00e9sil\",\"Droits humains\",\"Union europ\u00e9enne\"],\"articleSection\":[\"Am\u00e9rique du Sud\",\"Communiqu\u00e9s de Presse\",\"Droits humains\",\"Europe\"],\"inLanguage\":\"fr-FR\"},{\"@type\":\"WebPage\",\"@id\":\"https:\/\/www.pressenza.com\/fr\/2019\/06\/plus-de-340-organisations-appellent-lunion-europeenne-a-interrompre-immediatement-les-negociations-commerciales-avec-le-bresil\/\",\"url\":\"https:\/\/www.pressenza.com\/fr\/2019\/06\/plus-de-340-organisations-appellent-lunion-europeenne-a-interrompre-immediatement-les-negociations-commerciales-avec-le-bresil\/\",\"name\":\"Plus de 340 organisations appellent l\u2019Union europ\u00e9enne \u00e0 interrompre imm\u00e9diatement les n\u00e9gociations commerciales avec le Br\u00e9sil\",\"isPartOf\":{\"@id\":\"https:\/\/www.pressenza.com\/fr\/#website\"},\"primaryImageOfPage\":{\"@id\":\"https:\/\/www.pressenza.com\/fr\/2019\/06\/plus-de-340-organisations-appellent-lunion-europeenne-a-interrompre-immediatement-les-negociations-commerciales-avec-le-bresil\/#primaryimage\"},\"image\":{\"@id\":\"https:\/\/www.pressenza.com\/fr\/2019\/06\/plus-de-340-organisations-appellent-lunion-europeenne-a-interrompre-immediatement-les-negociations-commerciales-avec-le-bresil\/#primaryimage\"},\"thumbnailUrl\":\"https:\/\/www.pressenza.com\/wp-content\/uploads\/2019\/06\/EU-Brasilien-Mercosur-Menschenrechte-Klimawandel-Umweltzerst\u00f6rung-offener-Brief-1.jpg\",\"datePublished\":\"2019-06-22T23:05:02+00:00\",\"description\":\"Dans une lettre ouverte, plus de 340 organisations de la soci\u00e9t\u00e9 civile - dont plus de 30 fran\u00e7aises - appellent l\u2019Union europ\u00e9enne \u00e0 mettre imm\u00e9diatement\",\"breadcrumb\":{\"@id\":\"https:\/\/www.pressenza.com\/fr\/2019\/06\/plus-de-340-organisations-appellent-lunion-europeenne-a-interrompre-immediatement-les-negociations-commerciales-avec-le-bresil\/#breadcrumb\"},\"inLanguage\":\"fr-FR\",\"potentialAction\":[{\"@type\":\"ReadAction\",\"target\":[\"https:\/\/www.pressenza.com\/fr\/2019\/06\/plus-de-340-organisations-appellent-lunion-europeenne-a-interrompre-immediatement-les-negociations-commerciales-avec-le-bresil\/\"]}]},{\"@type\":\"ImageObject\",\"inLanguage\":\"fr-FR\",\"@id\":\"https:\/\/www.pressenza.com\/fr\/2019\/06\/plus-de-340-organisations-appellent-lunion-europeenne-a-interrompre-immediatement-les-negociations-commerciales-avec-le-bresil\/#primaryimage\",\"url\":\"https:\/\/www.pressenza.com\/wp-content\/uploads\/2019\/06\/EU-Brasilien-Mercosur-Menschenrechte-Klimawandel-Umweltzerst\u00f6rung-offener-Brief-1.jpg\",\"contentUrl\":\"https:\/\/www.pressenza.com\/wp-content\/uploads\/2019\/06\/EU-Brasilien-Mercosur-Menschenrechte-Klimawandel-Umweltzerst\u00f6rung-offener-Brief-1.jpg\",\"width\":2048,\"height\":1360,\"caption\":\"Pr\u00e1tica de queimar o quintal para \u0093limpar\u0094 e desfazer do lixo. Photo by Icaro Cooke Vieira\/CIFOR cifor.org blog.cifor.org If you use one of our photos, please credit it accordingly and let us know. You can reach us through our Flickr account or at: cifor-mediainfo@cgiar.org and m.edliadi@cgiar.org\"},{\"@type\":\"BreadcrumbList\",\"@id\":\"https:\/\/www.pressenza.com\/fr\/2019\/06\/plus-de-340-organisations-appellent-lunion-europeenne-a-interrompre-immediatement-les-negociations-commerciales-avec-le-bresil\/#breadcrumb\",\"itemListElement\":[{\"@type\":\"ListItem\",\"position\":1,\"name\":\"Accueil\",\"item\":\"https:\/\/www.pressenza.com\/fr\/\"},{\"@type\":\"ListItem\",\"position\":2,\"name\":\"Plus de 340 organisations appellent l\u2019Union europ\u00e9enne \u00e0 interrompre imm\u00e9diatement les n\u00e9gociations commerciales avec le Br\u00e9sil\"}]},{\"@type\":\"WebSite\",\"@id\":\"https:\/\/www.pressenza.com\/fr\/#website\",\"url\":\"https:\/\/www.pressenza.com\/fr\/\",\"name\":\"Pressenza\",\"description\":\"International Press Agency\",\"publisher\":{\"@id\":\"https:\/\/www.pressenza.com\/fr\/#organization\"},\"potentialAction\":[{\"@type\":\"SearchAction\",\"target\":{\"@type\":\"EntryPoint\",\"urlTemplate\":\"https:\/\/www.pressenza.com\/fr\/?s={search_term_string}\"},\"query-input\":{\"@type\":\"PropertyValueSpecification\",\"valueRequired\":true,\"valueName\":\"search_term_string\"}}],\"inLanguage\":\"fr-FR\"},{\"@type\":\"Organization\",\"@id\":\"https:\/\/www.pressenza.com\/fr\/#organization\",\"name\":\"Pressenza\",\"url\":\"https:\/\/www.pressenza.com\/fr\/\",\"logo\":{\"@type\":\"ImageObject\",\"inLanguage\":\"fr-FR\",\"@id\":\"https:\/\/www.pressenza.com\/fr\/#\/schema\/logo\/image\/\",\"url\":\"https:\/\/www.pressenza.com\/wp-content\/uploads\/2022\/10\/pressenza_logo_200x200.jpg\",\"contentUrl\":\"https:\/\/www.pressenza.com\/wp-content\/uploads\/2022\/10\/pressenza_logo_200x200.jpg\",\"width\":200,\"height\":200,\"caption\":\"Pressenza\"},\"image\":{\"@id\":\"https:\/\/www.pressenza.com\/fr\/#\/schema\/logo\/image\/\"},\"sameAs\":[\"https:\/\/www.facebook.com\/PressenzaItalia\",\"https:\/\/x.com\/PressenzaIPA\"]},{\"@type\":\"Person\",\"@id\":\"https:\/\/www.pressenza.com\/fr\/#\/schema\/person\/3c9fe6670cc2cffbd37562f87b98e869\",\"name\":\"R\u00e9daction France\",\"description\":\"News published by the Pressenza bureau in France\",\"sameAs\":[\"http:\/\/www.pressenza.com\/fr\"],\"url\":\"https:\/\/www.pressenza.com\/fr\/author\/redactionfrance\/\"}]}<\/script>\n<!-- \/ Yoast SEO plugin. -->","yoast_head_json":{"title":"Plus de 340 organisations appellent l\u2019Union europ\u00e9enne \u00e0 interrompre imm\u00e9diatement les n\u00e9gociations commerciales avec le Br\u00e9sil","description":"Dans une lettre ouverte, plus de 340 organisations de la soci\u00e9t\u00e9 civile - dont plus de 30 fran\u00e7aises - appellent l\u2019Union europ\u00e9enne \u00e0 mettre imm\u00e9diatement","robots":{"index":"index","follow":"follow","max-snippet":"max-snippet:-1","max-image-preview":"max-image-preview:large","max-video-preview":"max-video-preview:-1"},"canonical":"https:\/\/www.pressenza.com\/fr\/2019\/06\/plus-de-340-organisations-appellent-lunion-europeenne-a-interrompre-immediatement-les-negociations-commerciales-avec-le-bresil\/","og_locale":"fr_FR","og_type":"article","og_title":"Plus de 340 organisations appellent l\u2019Union europ\u00e9enne \u00e0 interrompre imm\u00e9diatement les n\u00e9gociations commerciales avec le Br\u00e9sil","og_description":"Dans une lettre ouverte, plus de 340 organisations de la soci\u00e9t\u00e9 civile - dont plus de 30 fran\u00e7aises - appellent l\u2019Union europ\u00e9enne \u00e0 mettre imm\u00e9diatement","og_url":"https:\/\/www.pressenza.com\/fr\/2019\/06\/plus-de-340-organisations-appellent-lunion-europeenne-a-interrompre-immediatement-les-negociations-commerciales-avec-le-bresil\/","og_site_name":"Pressenza","article_publisher":"https:\/\/www.facebook.com\/PressenzaItalia","article_published_time":"2019-06-22T23:05:02+00:00","og_image":[{"width":2048,"height":1360,"url":"https:\/\/www.pressenza.com\/wp-content\/uploads\/2019\/06\/EU-Brasilien-Mercosur-Menschenrechte-Klimawandel-Umweltzerst\u00f6rung-offener-Brief-1.jpg","type":"image\/jpeg"}],"author":"R\u00e9daction France","twitter_card":"summary_large_image","twitter_creator":"@PressenzaIPA","twitter_site":"@PressenzaIPA","twitter_misc":{"\u00c9crit par":"R\u00e9daction France","Dur\u00e9e de lecture estim\u00e9e":"7 minutes"},"schema":{"@context":"https:\/\/schema.org","@graph":[{"@type":"Article","@id":"https:\/\/www.pressenza.com\/fr\/2019\/06\/plus-de-340-organisations-appellent-lunion-europeenne-a-interrompre-immediatement-les-negociations-commerciales-avec-le-bresil\/#article","isPartOf":{"@id":"https:\/\/www.pressenza.com\/fr\/2019\/06\/plus-de-340-organisations-appellent-lunion-europeenne-a-interrompre-immediatement-les-negociations-commerciales-avec-le-bresil\/"},"author":{"name":"R\u00e9daction France","@id":"https:\/\/www.pressenza.com\/fr\/#\/schema\/person\/3c9fe6670cc2cffbd37562f87b98e869"},"headline":"Plus de 340 organisations appellent l\u2019Union europ\u00e9enne \u00e0 interrompre imm\u00e9diatement les n\u00e9gociations commerciales avec le Br\u00e9sil","datePublished":"2019-06-22T23:05:02+00:00","mainEntityOfPage":{"@id":"https:\/\/www.pressenza.com\/fr\/2019\/06\/plus-de-340-organisations-appellent-lunion-europeenne-a-interrompre-immediatement-les-negociations-commerciales-avec-le-bresil\/"},"wordCount":1411,"publisher":{"@id":"https:\/\/www.pressenza.com\/fr\/#organization"},"image":{"@id":"https:\/\/www.pressenza.com\/fr\/2019\/06\/plus-de-340-organisations-appellent-lunion-europeenne-a-interrompre-immediatement-les-negociations-commerciales-avec-le-bresil\/#primaryimage"},"thumbnailUrl":"https:\/\/www.pressenza.com\/wp-content\/uploads\/2019\/06\/EU-Brasilien-Mercosur-Menschenrechte-Klimawandel-Umweltzerst\u00f6rung-offener-Brief-1.jpg","keywords":["Br\u00e9sil","Droits humains","Union europ\u00e9enne"],"articleSection":["Am\u00e9rique du Sud","Communiqu\u00e9s de Presse","Droits humains","Europe"],"inLanguage":"fr-FR"},{"@type":"WebPage","@id":"https:\/\/www.pressenza.com\/fr\/2019\/06\/plus-de-340-organisations-appellent-lunion-europeenne-a-interrompre-immediatement-les-negociations-commerciales-avec-le-bresil\/","url":"https:\/\/www.pressenza.com\/fr\/2019\/06\/plus-de-340-organisations-appellent-lunion-europeenne-a-interrompre-immediatement-les-negociations-commerciales-avec-le-bresil\/","name":"Plus de 340 organisations appellent l\u2019Union europ\u00e9enne \u00e0 interrompre imm\u00e9diatement les n\u00e9gociations commerciales avec le Br\u00e9sil","isPartOf":{"@id":"https:\/\/www.pressenza.com\/fr\/#website"},"primaryImageOfPage":{"@id":"https:\/\/www.pressenza.com\/fr\/2019\/06\/plus-de-340-organisations-appellent-lunion-europeenne-a-interrompre-immediatement-les-negociations-commerciales-avec-le-bresil\/#primaryimage"},"image":{"@id":"https:\/\/www.pressenza.com\/fr\/2019\/06\/plus-de-340-organisations-appellent-lunion-europeenne-a-interrompre-immediatement-les-negociations-commerciales-avec-le-bresil\/#primaryimage"},"thumbnailUrl":"https:\/\/www.pressenza.com\/wp-content\/uploads\/2019\/06\/EU-Brasilien-Mercosur-Menschenrechte-Klimawandel-Umweltzerst\u00f6rung-offener-Brief-1.jpg","datePublished":"2019-06-22T23:05:02+00:00","description":"Dans une lettre ouverte, plus de 340 organisations de la soci\u00e9t\u00e9 civile - dont plus de 30 fran\u00e7aises - appellent l\u2019Union europ\u00e9enne \u00e0 mettre imm\u00e9diatement","breadcrumb":{"@id":"https:\/\/www.pressenza.com\/fr\/2019\/06\/plus-de-340-organisations-appellent-lunion-europeenne-a-interrompre-immediatement-les-negociations-commerciales-avec-le-bresil\/#breadcrumb"},"inLanguage":"fr-FR","potentialAction":[{"@type":"ReadAction","target":["https:\/\/www.pressenza.com\/fr\/2019\/06\/plus-de-340-organisations-appellent-lunion-europeenne-a-interrompre-immediatement-les-negociations-commerciales-avec-le-bresil\/"]}]},{"@type":"ImageObject","inLanguage":"fr-FR","@id":"https:\/\/www.pressenza.com\/fr\/2019\/06\/plus-de-340-organisations-appellent-lunion-europeenne-a-interrompre-immediatement-les-negociations-commerciales-avec-le-bresil\/#primaryimage","url":"https:\/\/www.pressenza.com\/wp-content\/uploads\/2019\/06\/EU-Brasilien-Mercosur-Menschenrechte-Klimawandel-Umweltzerst\u00f6rung-offener-Brief-1.jpg","contentUrl":"https:\/\/www.pressenza.com\/wp-content\/uploads\/2019\/06\/EU-Brasilien-Mercosur-Menschenrechte-Klimawandel-Umweltzerst\u00f6rung-offener-Brief-1.jpg","width":2048,"height":1360,"caption":"Pr\u00e1tica de queimar o quintal para \u0093limpar\u0094 e desfazer do lixo. Photo by Icaro Cooke Vieira\/CIFOR cifor.org blog.cifor.org If you use one of our photos, please credit it accordingly and let us know. You can reach us through our Flickr account or at: cifor-mediainfo@cgiar.org and m.edliadi@cgiar.org"},{"@type":"BreadcrumbList","@id":"https:\/\/www.pressenza.com\/fr\/2019\/06\/plus-de-340-organisations-appellent-lunion-europeenne-a-interrompre-immediatement-les-negociations-commerciales-avec-le-bresil\/#breadcrumb","itemListElement":[{"@type":"ListItem","position":1,"name":"Accueil","item":"https:\/\/www.pressenza.com\/fr\/"},{"@type":"ListItem","position":2,"name":"Plus de 340 organisations appellent l\u2019Union europ\u00e9enne \u00e0 interrompre imm\u00e9diatement les n\u00e9gociations commerciales avec le Br\u00e9sil"}]},{"@type":"WebSite","@id":"https:\/\/www.pressenza.com\/fr\/#website","url":"https:\/\/www.pressenza.com\/fr\/","name":"Pressenza","description":"International Press Agency","publisher":{"@id":"https:\/\/www.pressenza.com\/fr\/#organization"},"potentialAction":[{"@type":"SearchAction","target":{"@type":"EntryPoint","urlTemplate":"https:\/\/www.pressenza.com\/fr\/?s={search_term_string}"},"query-input":{"@type":"PropertyValueSpecification","valueRequired":true,"valueName":"search_term_string"}}],"inLanguage":"fr-FR"},{"@type":"Organization","@id":"https:\/\/www.pressenza.com\/fr\/#organization","name":"Pressenza","url":"https:\/\/www.pressenza.com\/fr\/","logo":{"@type":"ImageObject","inLanguage":"fr-FR","@id":"https:\/\/www.pressenza.com\/fr\/#\/schema\/logo\/image\/","url":"https:\/\/www.pressenza.com\/wp-content\/uploads\/2022\/10\/pressenza_logo_200x200.jpg","contentUrl":"https:\/\/www.pressenza.com\/wp-content\/uploads\/2022\/10\/pressenza_logo_200x200.jpg","width":200,"height":200,"caption":"Pressenza"},"image":{"@id":"https:\/\/www.pressenza.com\/fr\/#\/schema\/logo\/image\/"},"sameAs":["https:\/\/www.facebook.com\/PressenzaItalia","https:\/\/x.com\/PressenzaIPA"]},{"@type":"Person","@id":"https:\/\/www.pressenza.com\/fr\/#\/schema\/person\/3c9fe6670cc2cffbd37562f87b98e869","name":"R\u00e9daction France","description":"News published by the Pressenza bureau in France","sameAs":["http:\/\/www.pressenza.com\/fr"],"url":"https:\/\/www.pressenza.com\/fr\/author\/redactionfrance\/"}]}},"place":"","original_article_url":"","_links":{"self":[{"href":"https:\/\/www.pressenza.com\/fr\/wp-json\/wp\/v2\/posts\/874746","targetHints":{"allow":["GET"]}}],"collection":[{"href":"https:\/\/www.pressenza.com\/fr\/wp-json\/wp\/v2\/posts"}],"about":[{"href":"https:\/\/www.pressenza.com\/fr\/wp-json\/wp\/v2\/types\/post"}],"author":[{"embeddable":true,"href":"https:\/\/www.pressenza.com\/fr\/wp-json\/wp\/v2\/users\/926"}],"replies":[{"embeddable":true,"href":"https:\/\/www.pressenza.com\/fr\/wp-json\/wp\/v2\/comments?post=874746"}],"version-history":[{"count":0,"href":"https:\/\/www.pressenza.com\/fr\/wp-json\/wp\/v2\/posts\/874746\/revisions"}],"wp:featuredmedia":[{"embeddable":true,"href":"https:\/\/www.pressenza.com\/fr\/wp-json\/wp\/v2\/media\/874632"}],"wp:attachment":[{"href":"https:\/\/www.pressenza.com\/fr\/wp-json\/wp\/v2\/media?parent=874746"}],"wp:term":[{"taxonomy":"category","embeddable":true,"href":"https:\/\/www.pressenza.com\/fr\/wp-json\/wp\/v2\/categories?post=874746"},{"taxonomy":"post_tag","embeddable":true,"href":"https:\/\/www.pressenza.com\/fr\/wp-json\/wp\/v2\/tags?post=874746"}],"curies":[{"name":"wp","href":"https:\/\/api.w.org\/{rel}","templated":true}]}}