{"id":874055,"date":"2019-06-24T05:30:33","date_gmt":"2019-06-24T04:30:33","guid":{"rendered":"https:\/\/www.pressenza.com\/?p=874055"},"modified":"2019-06-24T05:51:33","modified_gmt":"2019-06-24T04:51:33","slug":"chili-le-depute-tomas-hirsch-et-les-voisins-du-quartier-lo-barnechea-manifestent-contre-lexpulsion-preconisee-par-le-maire","status":"publish","type":"post","link":"https:\/\/www.pressenza.com\/fr\/2019\/06\/chili-le-depute-tomas-hirsch-et-les-voisins-du-quartier-lo-barnechea-manifestent-contre-lexpulsion-preconisee-par-le-maire\/","title":{"rendered":"[Chili] Le d\u00e9put\u00e9 Tomas Hirsch et les voisins du quartier Lo Barnechea manifestent contre l&rsquo;expulsion pr\u00e9conis\u00e9e par le maire"},"content":{"rendered":"<blockquote><p>Plus de 50 familles vivent sur les flancs du Cerro 18 dans la commune de Lo Barnechea \u00e0 Santiago, la capitale chilienne, et sur ordre de l&rsquo;autorit\u00e9 de la commune, en moins de trois mois, elles seront expuls\u00e9es et leurs maisons d\u00e9truites. Le d\u00e9put\u00e9 humaniste Tom\u00e1s Hirsch a convoqu\u00e9 le maire et les voisins avec une protestation massive devant la Mairie.<\/p><\/blockquote>\n<p>Les voisins et le d\u00e9put\u00e9 du Frente Amplio Tom\u00e1s Hirsch ont manifest\u00e9 contre l&rsquo;ordre d&rsquo;expulsion promulgu\u00e9 par le maire de la commune, Felipe Guevara, qui vise \u00e0 faire expulser, dans trois mois au maximum, plus de 50 familles vivant sur les versants du Cerro 18.<\/p>\n<p>A ce sujet, le parlementaire a assur\u00e9 qu&rsquo;\u00ab il y a d&rsquo;abord le droit humain des gens pour avoir un endroit o\u00f9 vivre. Comment vont-ils les jeter \u00e0 la rue ? Comment dire aux gens : allez \u00e0 Buin, Paine ou plus loin \u00e0 50 km ? Ils vivent ici, ils travaillent \u00e0 Lo Barnechea, ils ont leurs enfants dans les \u00e9coles ici. Tu ne peux pas juste entrer et les jeter dehors. En outre, le maire Guevara dit qu&rsquo;ici il y a \u00ab inhabitabilit\u00e9 \u00bb, alors comment est-il possible qu&rsquo;il y ait d\u00e9j\u00e0 des constructions des appartements et des maisons dans les collines de La Dehesa ? Nous demandons que les gens puissent continuer \u00e0 vivre dans leur commune et non se retrouver dans la rue. \u00bb<\/p>\n<p>\u00ab Les voisins sont arriv\u00e9s ici bien avant le maire, avant la fonctionnaire qui, sans aucun respect, leur dit qu&rsquo;ils doivent partir. Cette situation est indigne. Ce sont des familles de la ville de Lo Barnechea qui ont v\u00e9cu ici historiquement. Si le maire veut faire un projet ou une affaire immobili\u00e8re, qu&rsquo;il le fasse dans un autre endroit et non aux d\u00e9pens des voisins et des habitants \u00bb, a d\u00e9clar\u00e9 Hirsch.<\/p>\n","protected":false},"excerpt":{"rendered":"<p>Plus de 50 familles vivent sur les flancs du Cerro 18 dans la commune de Lo Barnechea \u00e0 Santiago, la capitale chilienne, et sur ordre de l&rsquo;autorit\u00e9 de la commune, en moins de trois mois, elles seront expuls\u00e9es et leurs&hellip;<\/p>\n","protected":false},"author":43,"featured_media":872928,"comment_status":"closed","ping_status":"closed","sticky":false,"template":"","format":"standard","meta":{"footnotes":""},"categories":[86,11386,93],"tags":[573,37152,60028,3321],"class_list":["post-874055","post","type-post","status-publish","format-standard","has-post-thumbnail","hentry","category-amerique-du-sud","category-contenu-original","category-politique","tag-chili","tag-droit-au-logement","tag-lo-barnechea-fr","tag-tomas-hirsch-fr"],"yoast_head":"<!-- This site is optimized with the Yoast SEO plugin v27.1.1 - https:\/\/yoast.com\/product\/yoast-seo-wordpress\/ -->\n<title>[Chili] Le d\u00e9put\u00e9 Tomas Hirsch et les voisins du quartier Lo Barnechea manifestent contre l&#039;expulsion pr\u00e9conis\u00e9e par le maire<\/title>\n<meta name=\"description\" content=\"Plus de 50 familles vivent sur les flancs du Cerro 18 dans la commune de Lo Barnechea \u00e0 Santiago, la capitale chilienne, et sur ordre de l&#039;autorit\u00e9 de la\" \/>\n<meta name=\"robots\" content=\"index, follow, max-snippet:-1, max-image-preview:large, max-video-preview:-1\" \/>\n<link rel=\"canonical\" href=\"https:\/\/www.pressenza.com\/fr\/2019\/06\/chili-le-depute-tomas-hirsch-et-les-voisins-du-quartier-lo-barnechea-manifestent-contre-lexpulsion-preconisee-par-le-maire\/\" \/>\n<meta property=\"og:locale\" content=\"fr_FR\" \/>\n<meta property=\"og:type\" content=\"article\" \/>\n<meta property=\"og:title\" content=\"[Chili] Le d\u00e9put\u00e9 Tomas Hirsch et les voisins du quartier Lo Barnechea manifestent contre l&#039;expulsion pr\u00e9conis\u00e9e par le maire\" \/>\n<meta property=\"og:description\" content=\"Plus de 50 familles vivent sur les flancs du Cerro 18 dans la commune de Lo Barnechea \u00e0 Santiago, la capitale chilienne, et sur ordre de l&#039;autorit\u00e9 de la\" \/>\n<meta property=\"og:url\" content=\"https:\/\/www.pressenza.com\/fr\/2019\/06\/chili-le-depute-tomas-hirsch-et-les-voisins-du-quartier-lo-barnechea-manifestent-contre-lexpulsion-preconisee-par-le-maire\/\" \/>\n<meta property=\"og:site_name\" content=\"Pressenza\" \/>\n<meta property=\"article:publisher\" content=\"https:\/\/www.facebook.com\/PressenzaItalia\" \/>\n<meta property=\"article:author\" content=\"https:\/\/www.facebook.com\/pressenza\" \/>\n<meta property=\"article:published_time\" content=\"2019-06-24T04:30:33+00:00\" \/>\n<meta property=\"article:modified_time\" content=\"2019-06-24T04:51:33+00:00\" \/>\n<meta property=\"og:image\" content=\"https:\/\/www.pressenza.com\/wp-content\/uploads\/2019\/06\/64824505_10156818650533025_7772462819328393216_n.jpg\" \/>\n\t<meta property=\"og:image:width\" content=\"960\" \/>\n\t<meta property=\"og:image:height\" content=\"720\" \/>\n\t<meta property=\"og:image:type\" content=\"image\/jpeg\" \/>\n<meta name=\"author\" content=\"Redacci\u00f3n Chile\" \/>\n<meta name=\"twitter:card\" content=\"summary_large_image\" \/>\n<meta name=\"twitter:creator\" content=\"@pressenza\" \/>\n<meta name=\"twitter:site\" content=\"@PressenzaIPA\" \/>\n<meta name=\"twitter:label1\" content=\"\u00c9crit par\" \/>\n\t<meta name=\"twitter:data1\" content=\"Redacci\u00f3n Chile\" \/>\n\t<meta name=\"twitter:label2\" content=\"Dur\u00e9e de lecture estim\u00e9e\" \/>\n\t<meta name=\"twitter:data2\" content=\"1 minute\" \/>\n<script type=\"application\/ld+json\" class=\"yoast-schema-graph\">{\"@context\":\"https:\/\/schema.org\",\"@graph\":[{\"@type\":\"Article\",\"@id\":\"https:\/\/www.pressenza.com\/fr\/2019\/06\/chili-le-depute-tomas-hirsch-et-les-voisins-du-quartier-lo-barnechea-manifestent-contre-lexpulsion-preconisee-par-le-maire\/#article\",\"isPartOf\":{\"@id\":\"https:\/\/www.pressenza.com\/fr\/2019\/06\/chili-le-depute-tomas-hirsch-et-les-voisins-du-quartier-lo-barnechea-manifestent-contre-lexpulsion-preconisee-par-le-maire\/\"},\"author\":{\"name\":\"Redacci\u00f3n Chile\",\"@id\":\"https:\/\/www.pressenza.com\/fr\/#\/schema\/person\/d7db40df35d6698ba69ba9ee260944ed\"},\"headline\":\"[Chili] Le d\u00e9put\u00e9 Tomas Hirsch et les voisins du quartier Lo Barnechea manifestent contre l&rsquo;expulsion pr\u00e9conis\u00e9e par le maire\",\"datePublished\":\"2019-06-24T04:30:33+00:00\",\"dateModified\":\"2019-06-24T04:51:33+00:00\",\"mainEntityOfPage\":{\"@id\":\"https:\/\/www.pressenza.com\/fr\/2019\/06\/chili-le-depute-tomas-hirsch-et-les-voisins-du-quartier-lo-barnechea-manifestent-contre-lexpulsion-preconisee-par-le-maire\/\"},\"wordCount\":328,\"publisher\":{\"@id\":\"https:\/\/www.pressenza.com\/fr\/#organization\"},\"image\":{\"@id\":\"https:\/\/www.pressenza.com\/fr\/2019\/06\/chili-le-depute-tomas-hirsch-et-les-voisins-du-quartier-lo-barnechea-manifestent-contre-lexpulsion-preconisee-par-le-maire\/#primaryimage\"},\"thumbnailUrl\":\"https:\/\/www.pressenza.com\/wp-content\/uploads\/2019\/06\/64824505_10156818650533025_7772462819328393216_n.jpg\",\"keywords\":[\"Chili\",\"droit au logement\",\"Lo Barnechea\",\"Tomas Hirsch\"],\"articleSection\":[\"Am\u00e9rique du Sud\",\"Contenu Original\",\"Politique\"],\"inLanguage\":\"fr-FR\"},{\"@type\":\"WebPage\",\"@id\":\"https:\/\/www.pressenza.com\/fr\/2019\/06\/chili-le-depute-tomas-hirsch-et-les-voisins-du-quartier-lo-barnechea-manifestent-contre-lexpulsion-preconisee-par-le-maire\/\",\"url\":\"https:\/\/www.pressenza.com\/fr\/2019\/06\/chili-le-depute-tomas-hirsch-et-les-voisins-du-quartier-lo-barnechea-manifestent-contre-lexpulsion-preconisee-par-le-maire\/\",\"name\":\"[Chili] Le d\u00e9put\u00e9 Tomas Hirsch et les voisins du quartier Lo Barnechea manifestent contre l'expulsion pr\u00e9conis\u00e9e par le maire\",\"isPartOf\":{\"@id\":\"https:\/\/www.pressenza.com\/fr\/#website\"},\"primaryImageOfPage\":{\"@id\":\"https:\/\/www.pressenza.com\/fr\/2019\/06\/chili-le-depute-tomas-hirsch-et-les-voisins-du-quartier-lo-barnechea-manifestent-contre-lexpulsion-preconisee-par-le-maire\/#primaryimage\"},\"image\":{\"@id\":\"https:\/\/www.pressenza.com\/fr\/2019\/06\/chili-le-depute-tomas-hirsch-et-les-voisins-du-quartier-lo-barnechea-manifestent-contre-lexpulsion-preconisee-par-le-maire\/#primaryimage\"},\"thumbnailUrl\":\"https:\/\/www.pressenza.com\/wp-content\/uploads\/2019\/06\/64824505_10156818650533025_7772462819328393216_n.jpg\",\"datePublished\":\"2019-06-24T04:30:33+00:00\",\"dateModified\":\"2019-06-24T04:51:33+00:00\",\"description\":\"Plus de 50 familles vivent sur les flancs du Cerro 18 dans la commune de Lo Barnechea \u00e0 Santiago, la capitale chilienne, et sur ordre de l'autorit\u00e9 de la\",\"breadcrumb\":{\"@id\":\"https:\/\/www.pressenza.com\/fr\/2019\/06\/chili-le-depute-tomas-hirsch-et-les-voisins-du-quartier-lo-barnechea-manifestent-contre-lexpulsion-preconisee-par-le-maire\/#breadcrumb\"},\"inLanguage\":\"fr-FR\",\"potentialAction\":[{\"@type\":\"ReadAction\",\"target\":[\"https:\/\/www.pressenza.com\/fr\/2019\/06\/chili-le-depute-tomas-hirsch-et-les-voisins-du-quartier-lo-barnechea-manifestent-contre-lexpulsion-preconisee-par-le-maire\/\"]}]},{\"@type\":\"ImageObject\",\"inLanguage\":\"fr-FR\",\"@id\":\"https:\/\/www.pressenza.com\/fr\/2019\/06\/chili-le-depute-tomas-hirsch-et-les-voisins-du-quartier-lo-barnechea-manifestent-contre-lexpulsion-preconisee-par-le-maire\/#primaryimage\",\"url\":\"https:\/\/www.pressenza.com\/wp-content\/uploads\/2019\/06\/64824505_10156818650533025_7772462819328393216_n.jpg\",\"contentUrl\":\"https:\/\/www.pressenza.com\/wp-content\/uploads\/2019\/06\/64824505_10156818650533025_7772462819328393216_n.jpg\",\"width\":960,\"height\":720,\"caption\":\"[Chili] Le d\u00e9put\u00e9 Tomas Hirsch et les voisins du quartier Lo Barnechea manifestent contre l\u2019expulsion pr\u00e9conis\u00e9e par le maire\"},{\"@type\":\"BreadcrumbList\",\"@id\":\"https:\/\/www.pressenza.com\/fr\/2019\/06\/chili-le-depute-tomas-hirsch-et-les-voisins-du-quartier-lo-barnechea-manifestent-contre-lexpulsion-preconisee-par-le-maire\/#breadcrumb\",\"itemListElement\":[{\"@type\":\"ListItem\",\"position\":1,\"name\":\"Accueil\",\"item\":\"https:\/\/www.pressenza.com\/fr\/\"},{\"@type\":\"ListItem\",\"position\":2,\"name\":\"[Chili] Le d\u00e9put\u00e9 Tomas Hirsch et les voisins du quartier Lo Barnechea manifestent contre l&rsquo;expulsion pr\u00e9conis\u00e9e par le maire\"}]},{\"@type\":\"WebSite\",\"@id\":\"https:\/\/www.pressenza.com\/fr\/#website\",\"url\":\"https:\/\/www.pressenza.com\/fr\/\",\"name\":\"Pressenza\",\"description\":\"International Press Agency\",\"publisher\":{\"@id\":\"https:\/\/www.pressenza.com\/fr\/#organization\"},\"potentialAction\":[{\"@type\":\"SearchAction\",\"target\":{\"@type\":\"EntryPoint\",\"urlTemplate\":\"https:\/\/www.pressenza.com\/fr\/?s={search_term_string}\"},\"query-input\":{\"@type\":\"PropertyValueSpecification\",\"valueRequired\":true,\"valueName\":\"search_term_string\"}}],\"inLanguage\":\"fr-FR\"},{\"@type\":\"Organization\",\"@id\":\"https:\/\/www.pressenza.com\/fr\/#organization\",\"name\":\"Pressenza\",\"url\":\"https:\/\/www.pressenza.com\/fr\/\",\"logo\":{\"@type\":\"ImageObject\",\"inLanguage\":\"fr-FR\",\"@id\":\"https:\/\/www.pressenza.com\/fr\/#\/schema\/logo\/image\/\",\"url\":\"https:\/\/www.pressenza.com\/wp-content\/uploads\/2022\/10\/pressenza_logo_200x200.jpg\",\"contentUrl\":\"https:\/\/www.pressenza.com\/wp-content\/uploads\/2022\/10\/pressenza_logo_200x200.jpg\",\"width\":200,\"height\":200,\"caption\":\"Pressenza\"},\"image\":{\"@id\":\"https:\/\/www.pressenza.com\/fr\/#\/schema\/logo\/image\/\"},\"sameAs\":[\"https:\/\/www.facebook.com\/PressenzaItalia\",\"https:\/\/x.com\/PressenzaIPA\"]},{\"@type\":\"Person\",\"@id\":\"https:\/\/www.pressenza.com\/fr\/#\/schema\/person\/d7db40df35d6698ba69ba9ee260944ed\",\"name\":\"Redacci\u00f3n Chile\",\"description\":\"News from the Pressenza Bureau in Chile\",\"sameAs\":[\"https:\/\/www.facebook.com\/pressenza\",\"https:\/\/x.com\/pressenza\"],\"url\":\"https:\/\/www.pressenza.com\/fr\/author\/redaccion-chile\/\"}]}<\/script>\n<!-- \/ Yoast SEO plugin. -->","yoast_head_json":{"title":"[Chili] Le d\u00e9put\u00e9 Tomas Hirsch et les voisins du quartier Lo Barnechea manifestent contre l'expulsion pr\u00e9conis\u00e9e par le maire","description":"Plus de 50 familles vivent sur les flancs du Cerro 18 dans la commune de Lo Barnechea \u00e0 Santiago, la capitale chilienne, et sur ordre de l'autorit\u00e9 de la","robots":{"index":"index","follow":"follow","max-snippet":"max-snippet:-1","max-image-preview":"max-image-preview:large","max-video-preview":"max-video-preview:-1"},"canonical":"https:\/\/www.pressenza.com\/fr\/2019\/06\/chili-le-depute-tomas-hirsch-et-les-voisins-du-quartier-lo-barnechea-manifestent-contre-lexpulsion-preconisee-par-le-maire\/","og_locale":"fr_FR","og_type":"article","og_title":"[Chili] Le d\u00e9put\u00e9 Tomas Hirsch et les voisins du quartier Lo Barnechea manifestent contre l'expulsion pr\u00e9conis\u00e9e par le maire","og_description":"Plus de 50 familles vivent sur les flancs du Cerro 18 dans la commune de Lo Barnechea \u00e0 Santiago, la capitale chilienne, et sur ordre de l'autorit\u00e9 de la","og_url":"https:\/\/www.pressenza.com\/fr\/2019\/06\/chili-le-depute-tomas-hirsch-et-les-voisins-du-quartier-lo-barnechea-manifestent-contre-lexpulsion-preconisee-par-le-maire\/","og_site_name":"Pressenza","article_publisher":"https:\/\/www.facebook.com\/PressenzaItalia","article_author":"https:\/\/www.facebook.com\/pressenza","article_published_time":"2019-06-24T04:30:33+00:00","article_modified_time":"2019-06-24T04:51:33+00:00","og_image":[{"width":960,"height":720,"url":"https:\/\/www.pressenza.com\/wp-content\/uploads\/2019\/06\/64824505_10156818650533025_7772462819328393216_n.jpg","type":"image\/jpeg"}],"author":"Redacci\u00f3n Chile","twitter_card":"summary_large_image","twitter_creator":"@pressenza","twitter_site":"@PressenzaIPA","twitter_misc":{"\u00c9crit par":"Redacci\u00f3n Chile","Dur\u00e9e de lecture estim\u00e9e":"1 minute"},"schema":{"@context":"https:\/\/schema.org","@graph":[{"@type":"Article","@id":"https:\/\/www.pressenza.com\/fr\/2019\/06\/chili-le-depute-tomas-hirsch-et-les-voisins-du-quartier-lo-barnechea-manifestent-contre-lexpulsion-preconisee-par-le-maire\/#article","isPartOf":{"@id":"https:\/\/www.pressenza.com\/fr\/2019\/06\/chili-le-depute-tomas-hirsch-et-les-voisins-du-quartier-lo-barnechea-manifestent-contre-lexpulsion-preconisee-par-le-maire\/"},"author":{"name":"Redacci\u00f3n Chile","@id":"https:\/\/www.pressenza.com\/fr\/#\/schema\/person\/d7db40df35d6698ba69ba9ee260944ed"},"headline":"[Chili] Le d\u00e9put\u00e9 Tomas Hirsch et les voisins du quartier Lo Barnechea manifestent contre l&rsquo;expulsion pr\u00e9conis\u00e9e par le maire","datePublished":"2019-06-24T04:30:33+00:00","dateModified":"2019-06-24T04:51:33+00:00","mainEntityOfPage":{"@id":"https:\/\/www.pressenza.com\/fr\/2019\/06\/chili-le-depute-tomas-hirsch-et-les-voisins-du-quartier-lo-barnechea-manifestent-contre-lexpulsion-preconisee-par-le-maire\/"},"wordCount":328,"publisher":{"@id":"https:\/\/www.pressenza.com\/fr\/#organization"},"image":{"@id":"https:\/\/www.pressenza.com\/fr\/2019\/06\/chili-le-depute-tomas-hirsch-et-les-voisins-du-quartier-lo-barnechea-manifestent-contre-lexpulsion-preconisee-par-le-maire\/#primaryimage"},"thumbnailUrl":"https:\/\/www.pressenza.com\/wp-content\/uploads\/2019\/06\/64824505_10156818650533025_7772462819328393216_n.jpg","keywords":["Chili","droit au logement","Lo Barnechea","Tomas Hirsch"],"articleSection":["Am\u00e9rique du Sud","Contenu Original","Politique"],"inLanguage":"fr-FR"},{"@type":"WebPage","@id":"https:\/\/www.pressenza.com\/fr\/2019\/06\/chili-le-depute-tomas-hirsch-et-les-voisins-du-quartier-lo-barnechea-manifestent-contre-lexpulsion-preconisee-par-le-maire\/","url":"https:\/\/www.pressenza.com\/fr\/2019\/06\/chili-le-depute-tomas-hirsch-et-les-voisins-du-quartier-lo-barnechea-manifestent-contre-lexpulsion-preconisee-par-le-maire\/","name":"[Chili] Le d\u00e9put\u00e9 Tomas Hirsch et les voisins du quartier Lo Barnechea manifestent contre l'expulsion pr\u00e9conis\u00e9e par le maire","isPartOf":{"@id":"https:\/\/www.pressenza.com\/fr\/#website"},"primaryImageOfPage":{"@id":"https:\/\/www.pressenza.com\/fr\/2019\/06\/chili-le-depute-tomas-hirsch-et-les-voisins-du-quartier-lo-barnechea-manifestent-contre-lexpulsion-preconisee-par-le-maire\/#primaryimage"},"image":{"@id":"https:\/\/www.pressenza.com\/fr\/2019\/06\/chili-le-depute-tomas-hirsch-et-les-voisins-du-quartier-lo-barnechea-manifestent-contre-lexpulsion-preconisee-par-le-maire\/#primaryimage"},"thumbnailUrl":"https:\/\/www.pressenza.com\/wp-content\/uploads\/2019\/06\/64824505_10156818650533025_7772462819328393216_n.jpg","datePublished":"2019-06-24T04:30:33+00:00","dateModified":"2019-06-24T04:51:33+00:00","description":"Plus de 50 familles vivent sur les flancs du Cerro 18 dans la commune de Lo Barnechea \u00e0 Santiago, la capitale chilienne, et sur ordre de l'autorit\u00e9 de la","breadcrumb":{"@id":"https:\/\/www.pressenza.com\/fr\/2019\/06\/chili-le-depute-tomas-hirsch-et-les-voisins-du-quartier-lo-barnechea-manifestent-contre-lexpulsion-preconisee-par-le-maire\/#breadcrumb"},"inLanguage":"fr-FR","potentialAction":[{"@type":"ReadAction","target":["https:\/\/www.pressenza.com\/fr\/2019\/06\/chili-le-depute-tomas-hirsch-et-les-voisins-du-quartier-lo-barnechea-manifestent-contre-lexpulsion-preconisee-par-le-maire\/"]}]},{"@type":"ImageObject","inLanguage":"fr-FR","@id":"https:\/\/www.pressenza.com\/fr\/2019\/06\/chili-le-depute-tomas-hirsch-et-les-voisins-du-quartier-lo-barnechea-manifestent-contre-lexpulsion-preconisee-par-le-maire\/#primaryimage","url":"https:\/\/www.pressenza.com\/wp-content\/uploads\/2019\/06\/64824505_10156818650533025_7772462819328393216_n.jpg","contentUrl":"https:\/\/www.pressenza.com\/wp-content\/uploads\/2019\/06\/64824505_10156818650533025_7772462819328393216_n.jpg","width":960,"height":720,"caption":"[Chili] Le d\u00e9put\u00e9 Tomas Hirsch et les voisins du quartier Lo Barnechea manifestent contre l\u2019expulsion pr\u00e9conis\u00e9e par le maire"},{"@type":"BreadcrumbList","@id":"https:\/\/www.pressenza.com\/fr\/2019\/06\/chili-le-depute-tomas-hirsch-et-les-voisins-du-quartier-lo-barnechea-manifestent-contre-lexpulsion-preconisee-par-le-maire\/#breadcrumb","itemListElement":[{"@type":"ListItem","position":1,"name":"Accueil","item":"https:\/\/www.pressenza.com\/fr\/"},{"@type":"ListItem","position":2,"name":"[Chili] Le d\u00e9put\u00e9 Tomas Hirsch et les voisins du quartier Lo Barnechea manifestent contre l&rsquo;expulsion pr\u00e9conis\u00e9e par le maire"}]},{"@type":"WebSite","@id":"https:\/\/www.pressenza.com\/fr\/#website","url":"https:\/\/www.pressenza.com\/fr\/","name":"Pressenza","description":"International Press Agency","publisher":{"@id":"https:\/\/www.pressenza.com\/fr\/#organization"},"potentialAction":[{"@type":"SearchAction","target":{"@type":"EntryPoint","urlTemplate":"https:\/\/www.pressenza.com\/fr\/?s={search_term_string}"},"query-input":{"@type":"PropertyValueSpecification","valueRequired":true,"valueName":"search_term_string"}}],"inLanguage":"fr-FR"},{"@type":"Organization","@id":"https:\/\/www.pressenza.com\/fr\/#organization","name":"Pressenza","url":"https:\/\/www.pressenza.com\/fr\/","logo":{"@type":"ImageObject","inLanguage":"fr-FR","@id":"https:\/\/www.pressenza.com\/fr\/#\/schema\/logo\/image\/","url":"https:\/\/www.pressenza.com\/wp-content\/uploads\/2022\/10\/pressenza_logo_200x200.jpg","contentUrl":"https:\/\/www.pressenza.com\/wp-content\/uploads\/2022\/10\/pressenza_logo_200x200.jpg","width":200,"height":200,"caption":"Pressenza"},"image":{"@id":"https:\/\/www.pressenza.com\/fr\/#\/schema\/logo\/image\/"},"sameAs":["https:\/\/www.facebook.com\/PressenzaItalia","https:\/\/x.com\/PressenzaIPA"]},{"@type":"Person","@id":"https:\/\/www.pressenza.com\/fr\/#\/schema\/person\/d7db40df35d6698ba69ba9ee260944ed","name":"Redacci\u00f3n Chile","description":"News from the Pressenza Bureau in Chile","sameAs":["https:\/\/www.facebook.com\/pressenza","https:\/\/x.com\/pressenza"],"url":"https:\/\/www.pressenza.com\/fr\/author\/redaccion-chile\/"}]}},"place":"Santiago de Chile","original_article_url":"","_links":{"self":[{"href":"https:\/\/www.pressenza.com\/fr\/wp-json\/wp\/v2\/posts\/874055","targetHints":{"allow":["GET"]}}],"collection":[{"href":"https:\/\/www.pressenza.com\/fr\/wp-json\/wp\/v2\/posts"}],"about":[{"href":"https:\/\/www.pressenza.com\/fr\/wp-json\/wp\/v2\/types\/post"}],"author":[{"embeddable":true,"href":"https:\/\/www.pressenza.com\/fr\/wp-json\/wp\/v2\/users\/43"}],"replies":[{"embeddable":true,"href":"https:\/\/www.pressenza.com\/fr\/wp-json\/wp\/v2\/comments?post=874055"}],"version-history":[{"count":0,"href":"https:\/\/www.pressenza.com\/fr\/wp-json\/wp\/v2\/posts\/874055\/revisions"}],"wp:featuredmedia":[{"embeddable":true,"href":"https:\/\/www.pressenza.com\/fr\/wp-json\/wp\/v2\/media\/872928"}],"wp:attachment":[{"href":"https:\/\/www.pressenza.com\/fr\/wp-json\/wp\/v2\/media?parent=874055"}],"wp:term":[{"taxonomy":"category","embeddable":true,"href":"https:\/\/www.pressenza.com\/fr\/wp-json\/wp\/v2\/categories?post=874055"},{"taxonomy":"post_tag","embeddable":true,"href":"https:\/\/www.pressenza.com\/fr\/wp-json\/wp\/v2\/tags?post=874055"}],"curies":[{"name":"wp","href":"https:\/\/api.w.org\/{rel}","templated":true}]}}