{"id":870470,"date":"2019-06-13T23:37:46","date_gmt":"2019-06-13T22:37:46","guid":{"rendered":"https:\/\/www.pressenza.com\/?p=870470"},"modified":"2019-06-13T23:37:48","modified_gmt":"2019-06-13T22:37:48","slug":"les-anciens-combattants-appellent-a-la-paix","status":"publish","type":"post","link":"https:\/\/www.pressenza.com\/fr\/2019\/06\/les-anciens-combattants-appellent-a-la-paix\/","title":{"rendered":"Les anciens combattants appellent \u00e0 la paix"},"content":{"rendered":"<p>Por Jhon S\u00e1nchez y Tim Kennedy<\/p>\n<p><a href=\"https:\/\/www.pressenza.com\/fr\/2019\/06\/les-anciens-combattants-appellent-a-la-paix\/vfp-holidayparty2018_img_1124-2\/\" rel=\"attachment wp-att-869088\"><img loading=\"lazy\" decoding=\"async\" class=\"size-medium wp-image-869088 alignleft\" src=\"https:\/\/www.pressenza.com\/wp-content\/uploads\/2019\/06\/VFP-HolidayParty2018_IMG_1124-225x300.jpg\" alt=\"Veterans Call for Peace\" width=\"225\" height=\"300\" srcset=\"https:\/\/www.pressenza.com\/wp-content\/uploads\/2019\/06\/VFP-HolidayParty2018_IMG_1124-225x300.jpg 225w, https:\/\/www.pressenza.com\/wp-content\/uploads\/2019\/06\/VFP-HolidayParty2018_IMG_1124-768x1024.jpg 768w, https:\/\/www.pressenza.com\/wp-content\/uploads\/2019\/06\/VFP-HolidayParty2018_IMG_1124-720x960.jpg 720w, https:\/\/www.pressenza.com\/wp-content\/uploads\/2019\/06\/VFP-HolidayParty2018_IMG_1124.jpg 960w\" sizes=\"auto, (max-width: 225px) 100vw, 225px\" \/><\/a>Le 26 mai, \u00e0 Battery Park, \u00e0 l&rsquo;occasion du Memorial Day, la section 034 de<em> Veterans For Peace &#8211; NYC<\/em> a organis\u00e9 un rassemblement. Pressenza a march\u00e9 avec les manifestants et \u00e0 la fin, nous avons entendu plusieurs membres des familles parler de leurs \u00eatres chers, qui sont tomb\u00e9s au combat. Nous avons parl\u00e9 de leurs activit\u00e9s \u00e0 Robert Keilbach, le secr\u00e9taire des Anciens combattants pour la paix, chapitre 034 du CNJ, \u00e0 propos de leurs activit\u00e9s.<\/p>\n<p><strong>Pouvez-vous me dire comment cette organisation a vu le jour ?<\/strong><\/p>\n<p><em>Anciens combattants pour la paix (VFP)<\/em> est une organisation nationale d&rsquo;anciens combattants de toutes les guerres, qui s&rsquo;engage \u00e0 sensibiliser davantage le public aux causes et aux co\u00fbts de la guerre et \u00e0 mettre fin \u00e0 la guerre comme moyen de r\u00e9solution des conflits. L&rsquo;Organisation nationale a vu le jour en 1985, en r\u00e9ponse aux interventions \u00e9tasuniennes \u00e0 l&rsquo;\u00e9tranger, principalement en Am\u00e9rique du Sud et en Am\u00e9rique centrale \u00e0 cette \u00e9poque. Le chapitre 034 a commenc\u00e9 en 1987 ; il y a actuellement plus de 200 chapitres VFP, y compris au Royaume-Uni, au Vietnam, au Japon, en Irlande, \u00e0 Okinawa, en Cor\u00e9e, etc.<\/p>\n<p><strong>Comment vous \u00eates-vous impliqu\u00e9 et pourquoi ?<\/strong><\/p>\n<p>Apr\u00e8s avoir quitt\u00e9 le service actif en 1965, j&rsquo;ai commenc\u00e9 \u00e0 en apprendre davantage sur l&rsquo;intervention am\u00e9ricaine au Vietnam et je me suis oppos\u00e9 \u00e0 cette guerre. J&rsquo;ai rejoint l&rsquo;organisation Vietnam <em>Veterans Against the War<\/em> (VVAW) en 1968 et j&rsquo;ai particip\u00e9 \u00e0 des manifestations pour la paix afin de mettre fin \u00e0 ce conflit. J&rsquo;ai rejoint VFP en 1990, apr\u00e8s avoir rencontr\u00e9 Mike Pahios, fondateur du Chapitre 34 puis Pr\u00e9sident, lors d&rsquo;une manifestation pour la paix \u00e0 NYC.<\/p>\n<p><strong>Quelle est la mission globale de cette organisation ?<\/strong><\/p>\n<p>Promouvoir des solutions pacifiques aux probl\u00e8mes mondiaux et abolir la guerre comme moyen de r\u00e9solution des conflits.<\/p>\n<p>D\u00e9claration d\u00b4objectif de VFP :<\/p>\n<p>&#8211; Sensibiliser davantage le public aux causes et aux co\u00fbts de la guerre,<br \/>\n&#8211; Emp\u00eacher nos gouvernements d&rsquo;intervenir, ouvertement et secr\u00e8tement, dans les affaires int\u00e9rieures d&rsquo;autres nations,<br \/>\n&#8211; Mettre fin \u00e0 la course aux armements et r\u00e9duire, voire \u00e9liminer, les armes nucl\u00e9aires,<br \/>\n&#8211; Demander justice pour les anciens combattants et les victimes de la guerre,<br \/>\n&#8211; Abolir la guerre en tant qu&rsquo;instrument de la politique nationale.<\/p>\n<p>\u00c9nonc\u00e9 de mission de VFP : <a href=\"https:\/\/www.veteransforpeace.org\/who-we-are\/our-mission\">https:\/\/www.veteransforpeace.org\/who-we-are\/our-mission<\/a><\/p>\n<p><strong>Quels sont les progr\u00e8s que vous estimez avoir r\u00e9alis\u00e9s dans cette entreprise ?<\/strong><\/p>\n<p>C&rsquo;est \u00e9videmment tr\u00e8s difficile dans le cadre des politiques pro-guerre de l&rsquo;administration actuelle, mais nous avons certainement mis fin \u00e0 la ru\u00e9e vers la guerre dans de nombreux pays, y compris les interventions pr\u00e9vues en Syrie, au Venezuela, en Iran, etc. Un succ\u00e8s r\u00e9cent est le contr\u00f4le sans pr\u00e9c\u00e9dent du pouvoir de guerre pr\u00e9sidentiel, lorsque la Chambre et le S\u00e9nat ont adopt\u00e9 la r\u00e9solution sur les pouvoirs de guerre du Y\u00e9men, la premi\u00e8re application de la loi sur les pouvoirs de guerre de 1973, mettant fin au soutien \u00e9tasunien \u00e0 la guerre au Y\u00e9men, la pire crise humanitaire du monde. Trump a oppos\u00e9 son veto \u00e0 la r\u00e9solution et le vote d&rsquo;annulation n&rsquo;a pas abouti ; cependant, le d\u00e9bat du Congr\u00e8s sur le Y\u00e9men a clairement montr\u00e9 \u00e0 quel point les politiques de Trump au Y\u00e9men sont impopulaires, m\u00eame parmi les r\u00e9publicains.<\/p>\n<p><strong>Quels progr\u00e8s futurs esp\u00e9rez-vous r\u00e9aliser ?<\/strong><\/p>\n<p>Nous continuerons d&rsquo;appuyer les politiques anti-guerre, les solutions diplomatiques, la r\u00e9duction des d\u00e9penses militaires et la conversion des priorit\u00e9s budg\u00e9taires aux besoins humains.<\/p>\n<p><strong>Pouvez-vous nous faire part de vos plans pour atteindre ces objectifs ?<\/strong><\/p>\n<p>VFP a des projets nationaux et des groupes de travail qui s&rsquo;occupent des questions li\u00e9es \u00e0 la r\u00e9alisation de notre mission. Nous avons un congr\u00e8s annuel ; cette ann\u00e9e du 15 au 18 ao\u00fbt \u00e0 Spokane WA, o\u00f9 les membres de VFP se r\u00e9unissent pour discuter et planifier les priorit\u00e9s et les actions futures.<\/p>\n<p>Consultez le site Web de VFP : <a href=\"http:\/\/www.veteransforpeace.org\">www.veteransforpeace.org<\/a><\/p>\n","protected":false},"excerpt":{"rendered":"<p>Por Jhon S\u00e1nchez y Tim Kennedy Le 26 mai, \u00e0 Battery Park, \u00e0 l&rsquo;occasion du Memorial Day, la section 034 de Veterans For Peace &#8211; NYC a organis\u00e9 un rassemblement. Pressenza a march\u00e9 avec les manifestants et \u00e0 la fin,&hellip;<\/p>\n","protected":false},"author":1126,"featured_media":869099,"comment_status":"closed","ping_status":"closed","sticky":false,"template":"","format":"standard","meta":{"footnotes":""},"categories":[87,11386,156,1250],"tags":[3784,6934,265,298,59716,59715],"class_list":["post-870470","post","type-post","status-publish","format-standard","has-post-thumbnail","hentry","category-amerique-du-nord","category-contenu-original","category-interview-fr","category-paix-desarmement","tag-desarmement","tag-new-york-fr","tag-nonviolence","tag-paix","tag-veterans-pour-la-paix-fr","tag-vfp-fr"],"yoast_head":"<!-- This site is optimized with the Yoast SEO plugin v27.1.1 - https:\/\/yoast.com\/product\/yoast-seo-wordpress\/ -->\n<title>Les anciens combattants appellent \u00e0 la paix<\/title>\n<meta name=\"description\" content=\"Por Jhon S\u00e1nchez y Tim Kennedy Le 26 mai, \u00e0 Battery Park, \u00e0 l&#039;occasion du Memorial Day, la section 034 de Veterans For Peace - NYC a organis\u00e9 un\" \/>\n<meta name=\"robots\" content=\"index, follow, max-snippet:-1, max-image-preview:large, max-video-preview:-1\" \/>\n<link rel=\"canonical\" href=\"https:\/\/www.pressenza.com\/fr\/2019\/06\/les-anciens-combattants-appellent-a-la-paix\/\" \/>\n<meta property=\"og:locale\" content=\"fr_FR\" \/>\n<meta property=\"og:type\" content=\"article\" \/>\n<meta property=\"og:title\" content=\"Les anciens combattants appellent \u00e0 la paix\" \/>\n<meta property=\"og:description\" content=\"Por Jhon S\u00e1nchez y Tim Kennedy Le 26 mai, \u00e0 Battery Park, \u00e0 l&#039;occasion du Memorial Day, la section 034 de Veterans For Peace - NYC a organis\u00e9 un\" \/>\n<meta property=\"og:url\" content=\"https:\/\/www.pressenza.com\/fr\/2019\/06\/les-anciens-combattants-appellent-a-la-paix\/\" \/>\n<meta property=\"og:site_name\" content=\"Pressenza\" \/>\n<meta property=\"article:publisher\" content=\"https:\/\/www.facebook.com\/PressenzaItalia\" \/>\n<meta property=\"article:author\" content=\"https:\/\/www.facebook.com\/PressenzaEnglish\/\" \/>\n<meta property=\"article:published_time\" content=\"2019-06-13T22:37:46+00:00\" \/>\n<meta property=\"article:modified_time\" content=\"2019-06-13T22:37:48+00:00\" \/>\n<meta property=\"og:image\" content=\"https:\/\/www.pressenza.com\/wp-content\/uploads\/2019\/06\/VFP-Memorial-Day-2019.jpg\" \/>\n\t<meta property=\"og:image:width\" content=\"1280\" \/>\n\t<meta property=\"og:image:height\" content=\"960\" \/>\n\t<meta property=\"og:image:type\" content=\"image\/jpeg\" \/>\n<meta name=\"author\" content=\"Pressenza New York\" \/>\n<meta name=\"twitter:card\" content=\"summary_large_image\" \/>\n<meta name=\"twitter:creator\" content=\"@PressenzaIPA\" \/>\n<meta name=\"twitter:site\" content=\"@PressenzaIPA\" \/>\n<meta name=\"twitter:label1\" content=\"\u00c9crit par\" \/>\n\t<meta name=\"twitter:data1\" content=\"Pressenza New York\" \/>\n\t<meta name=\"twitter:label2\" content=\"Dur\u00e9e de lecture estim\u00e9e\" \/>\n\t<meta name=\"twitter:data2\" content=\"3 minutes\" \/>\n<script type=\"application\/ld+json\" class=\"yoast-schema-graph\">{\"@context\":\"https:\/\/schema.org\",\"@graph\":[{\"@type\":\"Article\",\"@id\":\"https:\/\/www.pressenza.com\/fr\/2019\/06\/les-anciens-combattants-appellent-a-la-paix\/#article\",\"isPartOf\":{\"@id\":\"https:\/\/www.pressenza.com\/fr\/2019\/06\/les-anciens-combattants-appellent-a-la-paix\/\"},\"author\":{\"name\":\"Pressenza New York\",\"@id\":\"https:\/\/www.pressenza.com\/fr\/#\/schema\/person\/75ff8ec4b4b03f1d2da977bba83672b3\"},\"headline\":\"Les anciens combattants appellent \u00e0 la paix\",\"datePublished\":\"2019-06-13T22:37:46+00:00\",\"dateModified\":\"2019-06-13T22:37:48+00:00\",\"mainEntityOfPage\":{\"@id\":\"https:\/\/www.pressenza.com\/fr\/2019\/06\/les-anciens-combattants-appellent-a-la-paix\/\"},\"wordCount\":692,\"publisher\":{\"@id\":\"https:\/\/www.pressenza.com\/fr\/#organization\"},\"image\":{\"@id\":\"https:\/\/www.pressenza.com\/fr\/2019\/06\/les-anciens-combattants-appellent-a-la-paix\/#primaryimage\"},\"thumbnailUrl\":\"https:\/\/www.pressenza.com\/wp-content\/uploads\/2019\/06\/VFP-Memorial-Day-2019.jpg\",\"keywords\":[\"d\u00e9sarmement\",\"New York\",\"nonviolence\",\"Paix\",\"V\u00e9t\u00e9rans pour la paix\",\"VFP\"],\"articleSection\":[\"Am\u00e9rique du Nord\",\"Contenu Original\",\"Interviews\",\"Paix et D\u00e9sarmement\"],\"inLanguage\":\"fr-FR\"},{\"@type\":\"WebPage\",\"@id\":\"https:\/\/www.pressenza.com\/fr\/2019\/06\/les-anciens-combattants-appellent-a-la-paix\/\",\"url\":\"https:\/\/www.pressenza.com\/fr\/2019\/06\/les-anciens-combattants-appellent-a-la-paix\/\",\"name\":\"Les anciens combattants appellent \u00e0 la paix\",\"isPartOf\":{\"@id\":\"https:\/\/www.pressenza.com\/fr\/#website\"},\"primaryImageOfPage\":{\"@id\":\"https:\/\/www.pressenza.com\/fr\/2019\/06\/les-anciens-combattants-appellent-a-la-paix\/#primaryimage\"},\"image\":{\"@id\":\"https:\/\/www.pressenza.com\/fr\/2019\/06\/les-anciens-combattants-appellent-a-la-paix\/#primaryimage\"},\"thumbnailUrl\":\"https:\/\/www.pressenza.com\/wp-content\/uploads\/2019\/06\/VFP-Memorial-Day-2019.jpg\",\"datePublished\":\"2019-06-13T22:37:46+00:00\",\"dateModified\":\"2019-06-13T22:37:48+00:00\",\"description\":\"Por Jhon S\u00e1nchez y Tim Kennedy Le 26 mai, \u00e0 Battery Park, \u00e0 l'occasion du Memorial Day, la section 034 de Veterans For Peace - NYC a organis\u00e9 un\",\"breadcrumb\":{\"@id\":\"https:\/\/www.pressenza.com\/fr\/2019\/06\/les-anciens-combattants-appellent-a-la-paix\/#breadcrumb\"},\"inLanguage\":\"fr-FR\",\"potentialAction\":[{\"@type\":\"ReadAction\",\"target\":[\"https:\/\/www.pressenza.com\/fr\/2019\/06\/les-anciens-combattants-appellent-a-la-paix\/\"]}]},{\"@type\":\"ImageObject\",\"inLanguage\":\"fr-FR\",\"@id\":\"https:\/\/www.pressenza.com\/fr\/2019\/06\/les-anciens-combattants-appellent-a-la-paix\/#primaryimage\",\"url\":\"https:\/\/www.pressenza.com\/wp-content\/uploads\/2019\/06\/VFP-Memorial-Day-2019.jpg\",\"contentUrl\":\"https:\/\/www.pressenza.com\/wp-content\/uploads\/2019\/06\/VFP-Memorial-Day-2019.jpg\",\"width\":1280,\"height\":960,\"caption\":\"Veterans Call for Peace\"},{\"@type\":\"BreadcrumbList\",\"@id\":\"https:\/\/www.pressenza.com\/fr\/2019\/06\/les-anciens-combattants-appellent-a-la-paix\/#breadcrumb\",\"itemListElement\":[{\"@type\":\"ListItem\",\"position\":1,\"name\":\"Accueil\",\"item\":\"https:\/\/www.pressenza.com\/fr\/\"},{\"@type\":\"ListItem\",\"position\":2,\"name\":\"Les anciens combattants appellent \u00e0 la paix\"}]},{\"@type\":\"WebSite\",\"@id\":\"https:\/\/www.pressenza.com\/fr\/#website\",\"url\":\"https:\/\/www.pressenza.com\/fr\/\",\"name\":\"Pressenza\",\"description\":\"International Press Agency\",\"publisher\":{\"@id\":\"https:\/\/www.pressenza.com\/fr\/#organization\"},\"potentialAction\":[{\"@type\":\"SearchAction\",\"target\":{\"@type\":\"EntryPoint\",\"urlTemplate\":\"https:\/\/www.pressenza.com\/fr\/?s={search_term_string}\"},\"query-input\":{\"@type\":\"PropertyValueSpecification\",\"valueRequired\":true,\"valueName\":\"search_term_string\"}}],\"inLanguage\":\"fr-FR\"},{\"@type\":\"Organization\",\"@id\":\"https:\/\/www.pressenza.com\/fr\/#organization\",\"name\":\"Pressenza\",\"url\":\"https:\/\/www.pressenza.com\/fr\/\",\"logo\":{\"@type\":\"ImageObject\",\"inLanguage\":\"fr-FR\",\"@id\":\"https:\/\/www.pressenza.com\/fr\/#\/schema\/logo\/image\/\",\"url\":\"https:\/\/www.pressenza.com\/wp-content\/uploads\/2022\/10\/pressenza_logo_200x200.jpg\",\"contentUrl\":\"https:\/\/www.pressenza.com\/wp-content\/uploads\/2022\/10\/pressenza_logo_200x200.jpg\",\"width\":200,\"height\":200,\"caption\":\"Pressenza\"},\"image\":{\"@id\":\"https:\/\/www.pressenza.com\/fr\/#\/schema\/logo\/image\/\"},\"sameAs\":[\"https:\/\/www.facebook.com\/PressenzaItalia\",\"https:\/\/x.com\/PressenzaIPA\"]},{\"@type\":\"Person\",\"@id\":\"https:\/\/www.pressenza.com\/fr\/#\/schema\/person\/75ff8ec4b4b03f1d2da977bba83672b3\",\"name\":\"Pressenza New York\",\"description\":\"News from the Pressenza Bureau in New York, United States\",\"sameAs\":[\"https:\/\/www.facebook.com\/PressenzaEnglish\/\",\"https:\/\/x.com\/PressenzaIPA\"],\"url\":\"https:\/\/www.pressenza.com\/fr\/author\/pressenza-new-york\/\"}]}<\/script>\n<!-- \/ Yoast SEO plugin. -->","yoast_head_json":{"title":"Les anciens combattants appellent \u00e0 la paix","description":"Por Jhon S\u00e1nchez y Tim Kennedy Le 26 mai, \u00e0 Battery Park, \u00e0 l'occasion du Memorial Day, la section 034 de Veterans For Peace - NYC a organis\u00e9 un","robots":{"index":"index","follow":"follow","max-snippet":"max-snippet:-1","max-image-preview":"max-image-preview:large","max-video-preview":"max-video-preview:-1"},"canonical":"https:\/\/www.pressenza.com\/fr\/2019\/06\/les-anciens-combattants-appellent-a-la-paix\/","og_locale":"fr_FR","og_type":"article","og_title":"Les anciens combattants appellent \u00e0 la paix","og_description":"Por Jhon S\u00e1nchez y Tim Kennedy Le 26 mai, \u00e0 Battery Park, \u00e0 l'occasion du Memorial Day, la section 034 de Veterans For Peace - NYC a organis\u00e9 un","og_url":"https:\/\/www.pressenza.com\/fr\/2019\/06\/les-anciens-combattants-appellent-a-la-paix\/","og_site_name":"Pressenza","article_publisher":"https:\/\/www.facebook.com\/PressenzaItalia","article_author":"https:\/\/www.facebook.com\/PressenzaEnglish\/","article_published_time":"2019-06-13T22:37:46+00:00","article_modified_time":"2019-06-13T22:37:48+00:00","og_image":[{"width":1280,"height":960,"url":"https:\/\/www.pressenza.com\/wp-content\/uploads\/2019\/06\/VFP-Memorial-Day-2019.jpg","type":"image\/jpeg"}],"author":"Pressenza New York","twitter_card":"summary_large_image","twitter_creator":"@PressenzaIPA","twitter_site":"@PressenzaIPA","twitter_misc":{"\u00c9crit par":"Pressenza New York","Dur\u00e9e de lecture estim\u00e9e":"3 minutes"},"schema":{"@context":"https:\/\/schema.org","@graph":[{"@type":"Article","@id":"https:\/\/www.pressenza.com\/fr\/2019\/06\/les-anciens-combattants-appellent-a-la-paix\/#article","isPartOf":{"@id":"https:\/\/www.pressenza.com\/fr\/2019\/06\/les-anciens-combattants-appellent-a-la-paix\/"},"author":{"name":"Pressenza New York","@id":"https:\/\/www.pressenza.com\/fr\/#\/schema\/person\/75ff8ec4b4b03f1d2da977bba83672b3"},"headline":"Les anciens combattants appellent \u00e0 la paix","datePublished":"2019-06-13T22:37:46+00:00","dateModified":"2019-06-13T22:37:48+00:00","mainEntityOfPage":{"@id":"https:\/\/www.pressenza.com\/fr\/2019\/06\/les-anciens-combattants-appellent-a-la-paix\/"},"wordCount":692,"publisher":{"@id":"https:\/\/www.pressenza.com\/fr\/#organization"},"image":{"@id":"https:\/\/www.pressenza.com\/fr\/2019\/06\/les-anciens-combattants-appellent-a-la-paix\/#primaryimage"},"thumbnailUrl":"https:\/\/www.pressenza.com\/wp-content\/uploads\/2019\/06\/VFP-Memorial-Day-2019.jpg","keywords":["d\u00e9sarmement","New York","nonviolence","Paix","V\u00e9t\u00e9rans pour la paix","VFP"],"articleSection":["Am\u00e9rique du Nord","Contenu Original","Interviews","Paix et D\u00e9sarmement"],"inLanguage":"fr-FR"},{"@type":"WebPage","@id":"https:\/\/www.pressenza.com\/fr\/2019\/06\/les-anciens-combattants-appellent-a-la-paix\/","url":"https:\/\/www.pressenza.com\/fr\/2019\/06\/les-anciens-combattants-appellent-a-la-paix\/","name":"Les anciens combattants appellent \u00e0 la paix","isPartOf":{"@id":"https:\/\/www.pressenza.com\/fr\/#website"},"primaryImageOfPage":{"@id":"https:\/\/www.pressenza.com\/fr\/2019\/06\/les-anciens-combattants-appellent-a-la-paix\/#primaryimage"},"image":{"@id":"https:\/\/www.pressenza.com\/fr\/2019\/06\/les-anciens-combattants-appellent-a-la-paix\/#primaryimage"},"thumbnailUrl":"https:\/\/www.pressenza.com\/wp-content\/uploads\/2019\/06\/VFP-Memorial-Day-2019.jpg","datePublished":"2019-06-13T22:37:46+00:00","dateModified":"2019-06-13T22:37:48+00:00","description":"Por Jhon S\u00e1nchez y Tim Kennedy Le 26 mai, \u00e0 Battery Park, \u00e0 l'occasion du Memorial Day, la section 034 de Veterans For Peace - NYC a organis\u00e9 un","breadcrumb":{"@id":"https:\/\/www.pressenza.com\/fr\/2019\/06\/les-anciens-combattants-appellent-a-la-paix\/#breadcrumb"},"inLanguage":"fr-FR","potentialAction":[{"@type":"ReadAction","target":["https:\/\/www.pressenza.com\/fr\/2019\/06\/les-anciens-combattants-appellent-a-la-paix\/"]}]},{"@type":"ImageObject","inLanguage":"fr-FR","@id":"https:\/\/www.pressenza.com\/fr\/2019\/06\/les-anciens-combattants-appellent-a-la-paix\/#primaryimage","url":"https:\/\/www.pressenza.com\/wp-content\/uploads\/2019\/06\/VFP-Memorial-Day-2019.jpg","contentUrl":"https:\/\/www.pressenza.com\/wp-content\/uploads\/2019\/06\/VFP-Memorial-Day-2019.jpg","width":1280,"height":960,"caption":"Veterans Call for Peace"},{"@type":"BreadcrumbList","@id":"https:\/\/www.pressenza.com\/fr\/2019\/06\/les-anciens-combattants-appellent-a-la-paix\/#breadcrumb","itemListElement":[{"@type":"ListItem","position":1,"name":"Accueil","item":"https:\/\/www.pressenza.com\/fr\/"},{"@type":"ListItem","position":2,"name":"Les anciens combattants appellent \u00e0 la paix"}]},{"@type":"WebSite","@id":"https:\/\/www.pressenza.com\/fr\/#website","url":"https:\/\/www.pressenza.com\/fr\/","name":"Pressenza","description":"International Press Agency","publisher":{"@id":"https:\/\/www.pressenza.com\/fr\/#organization"},"potentialAction":[{"@type":"SearchAction","target":{"@type":"EntryPoint","urlTemplate":"https:\/\/www.pressenza.com\/fr\/?s={search_term_string}"},"query-input":{"@type":"PropertyValueSpecification","valueRequired":true,"valueName":"search_term_string"}}],"inLanguage":"fr-FR"},{"@type":"Organization","@id":"https:\/\/www.pressenza.com\/fr\/#organization","name":"Pressenza","url":"https:\/\/www.pressenza.com\/fr\/","logo":{"@type":"ImageObject","inLanguage":"fr-FR","@id":"https:\/\/www.pressenza.com\/fr\/#\/schema\/logo\/image\/","url":"https:\/\/www.pressenza.com\/wp-content\/uploads\/2022\/10\/pressenza_logo_200x200.jpg","contentUrl":"https:\/\/www.pressenza.com\/wp-content\/uploads\/2022\/10\/pressenza_logo_200x200.jpg","width":200,"height":200,"caption":"Pressenza"},"image":{"@id":"https:\/\/www.pressenza.com\/fr\/#\/schema\/logo\/image\/"},"sameAs":["https:\/\/www.facebook.com\/PressenzaItalia","https:\/\/x.com\/PressenzaIPA"]},{"@type":"Person","@id":"https:\/\/www.pressenza.com\/fr\/#\/schema\/person\/75ff8ec4b4b03f1d2da977bba83672b3","name":"Pressenza New York","description":"News from the Pressenza Bureau in New York, United States","sameAs":["https:\/\/www.facebook.com\/PressenzaEnglish\/","https:\/\/x.com\/PressenzaIPA"],"url":"https:\/\/www.pressenza.com\/fr\/author\/pressenza-new-york\/"}]}},"place":"New York, Etats-Unis","original_article_url":"","_links":{"self":[{"href":"https:\/\/www.pressenza.com\/fr\/wp-json\/wp\/v2\/posts\/870470","targetHints":{"allow":["GET"]}}],"collection":[{"href":"https:\/\/www.pressenza.com\/fr\/wp-json\/wp\/v2\/posts"}],"about":[{"href":"https:\/\/www.pressenza.com\/fr\/wp-json\/wp\/v2\/types\/post"}],"author":[{"embeddable":true,"href":"https:\/\/www.pressenza.com\/fr\/wp-json\/wp\/v2\/users\/1126"}],"replies":[{"embeddable":true,"href":"https:\/\/www.pressenza.com\/fr\/wp-json\/wp\/v2\/comments?post=870470"}],"version-history":[{"count":0,"href":"https:\/\/www.pressenza.com\/fr\/wp-json\/wp\/v2\/posts\/870470\/revisions"}],"wp:featuredmedia":[{"embeddable":true,"href":"https:\/\/www.pressenza.com\/fr\/wp-json\/wp\/v2\/media\/869099"}],"wp:attachment":[{"href":"https:\/\/www.pressenza.com\/fr\/wp-json\/wp\/v2\/media?parent=870470"}],"wp:term":[{"taxonomy":"category","embeddable":true,"href":"https:\/\/www.pressenza.com\/fr\/wp-json\/wp\/v2\/categories?post=870470"},{"taxonomy":"post_tag","embeddable":true,"href":"https:\/\/www.pressenza.com\/fr\/wp-json\/wp\/v2\/tags?post=870470"}],"curies":[{"name":"wp","href":"https:\/\/api.w.org\/{rel}","templated":true}]}}