{"id":865861,"date":"2019-06-02T23:39:01","date_gmt":"2019-06-02T22:39:01","guid":{"rendered":"https:\/\/www.pressenza.com\/?p=865861"},"modified":"2019-06-03T10:41:56","modified_gmt":"2019-06-03T09:41:56","slug":"acte-29-des-gilets-gaunes-1-juin-2019","status":"publish","type":"post","link":"https:\/\/www.pressenza.com\/fr\/2019\/06\/acte-29-des-gilets-gaunes-1-juin-2019\/","title":{"rendered":"Acte 29 des Gilets Gaunes, 1 juin 2019"},"content":{"rendered":"<p>Texte et photos : Michel Deslandes<\/p>\n<p>Acte 29 des gilets jaunes, 1 juin 2019, Paris, parcours de la place Denfert Rochereau jusqu&rsquo;\u00e0 Nation !<\/p>\n<p>Moins de monde, mais quand m\u00eame une mobilisation qui se maintient, malgr\u00e9 ce long weekend de 4 jours de l\u2019ascension !<\/p>\n<p>Mais m\u00eame si la mobilisation est en baisse pour le moment, la col\u00e8re ne d\u00e9sarme pas ! Sachant que chaque jour qui passe annonce de nouvelles mesures ou des nouvelles qui ne font qu&rsquo;alimenter un rejet de plus en plus radical de tout ce gouvernement. Les col\u00e8res actuelles se sont \u00ab\u00a0recentr\u00e9es\u00a0\u00bb sur les taxes, notamment du carburant, dont le prix \u00e0 la pompe est aussi cher que dans les d\u00e9buts du mouvement. Alors, si le gouvernement n&rsquo;a pas le pouvoir de faire baisser le prix du brut, il a le pouvoir d&rsquo;agir sur les taxes, qui comptent pour pr\u00e8s de 60% dans le prix du litre \u00e0 la pompe. Le fait-il\u00a0? que nenni ! L&rsquo;\u00e9lectricit\u00e9 vient d&rsquo;augmenter de pr\u00e8s de 6%, sachant que les taxes comptent pour pr\u00e8s de 38% sur le co\u00fbt d&rsquo;une facture, que les gilets jaunes avaient demand\u00e9 la suppression des taxes sur tous les produits de premi\u00e8re n\u00e9cessit\u00e9, et notamment l&rsquo;\u00e9nergie, l&rsquo;\u00e9tat va baisser la TVA sur l&rsquo;\u00e9lectricit\u00e9 ? que nenni !<\/p>\n<p>Et l\u2019on apprend hier que 60% des ministres ont fait l&rsquo;objet d&rsquo;un redressement fiscal en 2018 (plus de 11.000 euros en moyenne !!!), et ces gens-l\u00e0 osent dire qu&rsquo;ils veulent lutter contre la fraude fiscale !!! La r\u00e9publique exemplaire de Macron se fissure de plus en plus, chaque jour qui passe nous r\u00e9v\u00e8le une r\u00e9publique corrompue, violente et qui restreint les libert\u00e9s. Une r\u00e9publique qui s&rsquo;apparente de plus en plus \u00e0 une dictature, de par les mensonges permanents de certains ministres et de la recherche de l&rsquo;amplification de certains faits pour discr\u00e9diter le mouvement (notamment le mensonge ignoble sur l&rsquo;h\u00f4pital de la Piti\u00e9 Salp\u00eatri\u00e8re, la porte d\u00e9fonc\u00e9e du minist\u00e8re ou l\u2019on a eu droit \u00e0 \u00ab\u00a0l&rsquo;attaque de la R\u00e9publique\u00a0\u00bb,&#8230;), de par la violence de la r\u00e9pression, de par les milliers d&rsquo;arrestations absolument ill\u00e9gales faites depuis le d\u00e9but du mouvement, de par, et c&rsquo;est nouveau, la chasse aux sorci\u00e8res mise en place parmi les hauts fonctionnaires, ou certains ne semblent pas \u00eatre tout \u00e0 fait d&rsquo;accord avec les d\u00e9cisions du monarque et qui vont donc \u00eatre remplac\u00e9s par des moutons plus serviles, de par la main mise sur presque tous les pouvoirs, la justice y compris, et les m\u00e9dias corrompus ! de par les \u00ab\u00a0attaques\u00a0\u00bb qui sont faites sur les journalistes qui ont enqu\u00eat\u00e9 sur l&rsquo;affaire Benalla ou sur les ventes d&rsquo;armes \u00e0 l&rsquo;Arabie Saoudite, de par une volont\u00e9 per\u00e7ue de plus en plus et un peu partout de faire taire les revendications, les r\u00e9voltes, et de s&rsquo;en prendre en d\u00e9finitive \u00e0 la libert\u00e9 d&rsquo;expression !<\/p>\n<p>Cette \u00ab\u00a0r\u00e9publique\u00a0\u00bb dit clairement \u00e0 son peuple : \u00ab\u00a0ferme\u2011la, va bosser, paye les taxes, et souffre en silence\u00a0\u00bb ! Mais le probl\u00e8me qu&rsquo;a ce gouvernement, c&rsquo;est qu&rsquo;il fait face \u00e0 une conscience qui s&rsquo;est r\u00e9veill\u00e9e, les gens ne veulent plus \u00eatre des moutons et ils sortent de l&rsquo;enclos\u00a0! Trop de choses deviennent aujourd&rsquo;hui insupportables pour des consciences qui ont \u00ab\u00a0vu\u00a0\u00bb, il suffit de voir tous les messages qui circulent sur les r\u00e9seaux sociaux, il suffit de voir toutes les pancartes qui sont dans les manifestations, il suffit de parler avec les gens,&#8230; trop de choses d\u00e9goutantes, \u00e9c\u0153urantes, insupportables, trop de choses qui choquent profond\u00e9ment des sensibilit\u00e9s, des humanit\u00e9s, on ne peut en faire la liste tellement elle serait grande, il pourrait \u00eatre int\u00e9ressant de faire d&rsquo;ailleurs une page ou les gens pourraient exprimer cela !<\/p>\n<p>Les Gilets jaunes, ce n&rsquo;est pas seulement des taxes ou du pouvoir d&rsquo;achat, c&rsquo;est aussi de l&rsquo;humain, du respect de la vie animale, v\u00e9g\u00e9tale, de l&rsquo;environnement, c&rsquo;est cette pancarte de monsanto-bayer, une fusion vraiment id\u00e9ale pour ces 2 groupes qui cyniquement n&rsquo;ont aucun probl\u00e8me semble-t-il \u00e0 s&rsquo;afficher ensemble\u00a0: un qui te tue, l&rsquo;autre qui te soigne, je te file le cancer mais Bayer, mon ami, va te vendre tr\u00e8s cher les m\u00e9dicaments pour te \u00ab\u00a0soigner\u00a0\u00bb. Avec ces 2 la, nous sommes arriv\u00e9s \u00e0 la quintessence du capitalisme pourri, anti vivant, anti humain, anti Gilets Jaunes.<\/p>\n<p>Alors, les Gilets jaunes vont continuer ? Peut\u2011\u00eatre ce mouvement est-il parti des indign\u00e9s, en passant par nuit debout, et voil\u00e0 maintenant. Pour moi, cela ne fait aucun doute, on ne peut arr\u00eater une conscience active qui recherche sa libert\u00e9, et qui veut mener sa vie en conformit\u00e9 avec ce qu&rsquo;elle veut. Sans doute que les prochains grands moments seront une convergence de tous, les Gilets jaunes, le climat, les services publics, quand tout le monde aura bien compris qu&rsquo;il n&rsquo;y a qu&rsquo;un seul ennemi qui cherche \u00e0 tout d\u00e9truire, le capitalisme, et que chacun laissera de c\u00f4t\u00e9 son \u00ab\u00a0drapeau\u00a0\u00bb personnel, alors nous y serons ! en attendant, la r\u00e9volution est en marche&#8230; !<\/p>\n<p><img loading=\"lazy\" decoding=\"async\" class=\"alignnone size-medium\" src=\"https:\/\/www.pressenza.com\/wp-content\/uploads\/2019\/06\/acte-29-giles-jaunes-France-manifestation2.jpg\" width=\"750\" height=\"563\" \/><\/p>\n<p><img loading=\"lazy\" decoding=\"async\" class=\"alignnone size-medium\" src=\"https:\/\/www.pressenza.com\/wp-content\/uploads\/2019\/06\/acte-29-giles-jaunes-France-manifestation3.jpg\" width=\"750\" height=\"563\" \/><\/p>\n<p><img loading=\"lazy\" decoding=\"async\" class=\"alignnone size-medium\" src=\"https:\/\/www.pressenza.com\/wp-content\/uploads\/2019\/06\/acte-29-giles-jaunes-France-manifestation4.jpg\" width=\"750\" height=\"563\" \/><\/p>\n<p><img loading=\"lazy\" decoding=\"async\" class=\"alignnone size-medium\" src=\"https:\/\/www.pressenza.com\/wp-content\/uploads\/2019\/06\/acte-29-giles-jaunes-France-manifestation5.jpg\" width=\"750\" height=\"563\" \/><\/p>\n<p><img loading=\"lazy\" decoding=\"async\" class=\"alignnone size-medium\" src=\"https:\/\/www.pressenza.com\/wp-content\/uploads\/2019\/06\/acte-29-giles-jaunes-France-manifestation7.jpg\" width=\"750\" height=\"563\" \/><\/p>\n<p><img loading=\"lazy\" decoding=\"async\" class=\"alignnone size-medium\" src=\"https:\/\/www.pressenza.com\/wp-content\/uploads\/2019\/06\/acte-29-giles-jaunes-France-manifestation8.jpg\" width=\"750\" height=\"563\" \/><\/p>\n<p><img loading=\"lazy\" decoding=\"async\" class=\"alignnone size-medium\" src=\"https:\/\/www.pressenza.com\/wp-content\/uploads\/2019\/06\/acte-29-giles-jaunes-France-manifestation10.jpg\" width=\"750\" height=\"563\" \/><\/p>\n<p><img loading=\"lazy\" decoding=\"async\" class=\"alignnone size-medium\" src=\"https:\/\/www.pressenza.com\/wp-content\/uploads\/2019\/06\/acte-29-giles-jaunes-France-manifestation13.jpg\" width=\"750\" height=\"563\" \/><\/p>\n<p><img loading=\"lazy\" decoding=\"async\" class=\"alignnone size-medium\" src=\"https:\/\/www.pressenza.com\/wp-content\/uploads\/2019\/06\/acte-29-giles-jaunes-France-manifestation14.jpg\" width=\"750\" height=\"563\" \/><\/p>\n","protected":false},"excerpt":{"rendered":"<p>Texte et photos : Michel Deslandes Acte 29 des gilets jaunes, 1 juin 2019, Paris, parcours de la place Denfert Rochereau jusqu&rsquo;\u00e0 Nation ! Moins de monde, mais quand m\u00eame une mobilisation qui se maintient, malgr\u00e9 ce long weekend de&hellip;<\/p>\n","protected":false},"author":752,"featured_media":865866,"comment_status":"closed","ping_status":"closed","sticky":false,"template":"","format":"standard","meta":{"footnotes":""},"categories":[11386,98,85,163,5700],"tags":[59427,1034,53996,307],"class_list":["post-865861","post","type-post","status-publish","format-standard","has-post-thumbnail","hentry","category-contenu-original","category-droits-de-lhomme","category-europe-fr","category-opinion-fr","category-reportages-photo","tag-acte-29","tag-france-fr","tag-gilets-jaunes-fr","tag-manifestation"],"yoast_head":"<!-- This site is optimized with the Yoast SEO plugin v27.1.1 - https:\/\/yoast.com\/product\/yoast-seo-wordpress\/ -->\n<title>Acte 29 des Gilets Gaunes, 1 juin 2019<\/title>\n<meta name=\"description\" content=\"Texte et photos : Michel Deslandes Acte 29 des gilets jaunes, 1 juin 2019, Paris, parcours de la place Denfert Rochereau jusqu&#039;\u00e0 Nation ! Moins de monde,\" \/>\n<meta name=\"robots\" content=\"index, follow, max-snippet:-1, max-image-preview:large, max-video-preview:-1\" \/>\n<link rel=\"canonical\" href=\"https:\/\/www.pressenza.com\/fr\/2019\/06\/acte-29-des-gilets-gaunes-1-juin-2019\/\" \/>\n<meta property=\"og:locale\" content=\"fr_FR\" \/>\n<meta property=\"og:type\" content=\"article\" \/>\n<meta property=\"og:title\" content=\"Acte 29 des Gilets Gaunes, 1 juin 2019\" \/>\n<meta property=\"og:description\" content=\"Texte et photos : Michel Deslandes Acte 29 des gilets jaunes, 1 juin 2019, Paris, parcours de la place Denfert Rochereau jusqu&#039;\u00e0 Nation ! Moins de monde,\" \/>\n<meta property=\"og:url\" content=\"https:\/\/www.pressenza.com\/fr\/2019\/06\/acte-29-des-gilets-gaunes-1-juin-2019\/\" \/>\n<meta property=\"og:site_name\" content=\"Pressenza\" \/>\n<meta property=\"article:publisher\" content=\"https:\/\/www.facebook.com\/PressenzaItalia\" \/>\n<meta property=\"article:published_time\" content=\"2019-06-02T22:39:01+00:00\" \/>\n<meta property=\"article:modified_time\" content=\"2019-06-03T09:41:56+00:00\" \/>\n<meta property=\"og:image\" content=\"https:\/\/www.pressenza.com\/wp-content\/uploads\/2019\/06\/acte-29-giles-jaunes-France-manifestation1.jpg\" \/>\n\t<meta property=\"og:image:width\" content=\"750\" \/>\n\t<meta property=\"og:image:height\" content=\"563\" \/>\n\t<meta property=\"og:image:type\" content=\"image\/jpeg\" \/>\n<meta name=\"author\" content=\"R\u00e9daction Paris\" \/>\n<meta name=\"twitter:card\" content=\"summary_large_image\" \/>\n<meta name=\"twitter:creator\" content=\"@PressenzaIPA\" \/>\n<meta name=\"twitter:site\" content=\"@PressenzaIPA\" \/>\n<meta name=\"twitter:label1\" content=\"\u00c9crit par\" \/>\n\t<meta name=\"twitter:data1\" content=\"R\u00e9daction Paris\" \/>\n\t<meta name=\"twitter:label2\" content=\"Dur\u00e9e de lecture estim\u00e9e\" \/>\n\t<meta name=\"twitter:data2\" content=\"4 minutes\" \/>\n<script type=\"application\/ld+json\" class=\"yoast-schema-graph\">{\"@context\":\"https:\/\/schema.org\",\"@graph\":[{\"@type\":\"Article\",\"@id\":\"https:\/\/www.pressenza.com\/fr\/2019\/06\/acte-29-des-gilets-gaunes-1-juin-2019\/#article\",\"isPartOf\":{\"@id\":\"https:\/\/www.pressenza.com\/fr\/2019\/06\/acte-29-des-gilets-gaunes-1-juin-2019\/\"},\"author\":{\"name\":\"R\u00e9daction Paris\",\"@id\":\"https:\/\/www.pressenza.com\/fr\/#\/schema\/person\/5698ef8d4c2a370cbdd59d5b17455af6\"},\"headline\":\"Acte 29 des Gilets Gaunes, 1 juin 2019\",\"datePublished\":\"2019-06-02T22:39:01+00:00\",\"dateModified\":\"2019-06-03T09:41:56+00:00\",\"mainEntityOfPage\":{\"@id\":\"https:\/\/www.pressenza.com\/fr\/2019\/06\/acte-29-des-gilets-gaunes-1-juin-2019\/\"},\"wordCount\":884,\"publisher\":{\"@id\":\"https:\/\/www.pressenza.com\/fr\/#organization\"},\"image\":{\"@id\":\"https:\/\/www.pressenza.com\/fr\/2019\/06\/acte-29-des-gilets-gaunes-1-juin-2019\/#primaryimage\"},\"thumbnailUrl\":\"https:\/\/www.pressenza.com\/wp-content\/uploads\/2019\/06\/acte-29-giles-jaunes-France-manifestation1.jpg\",\"keywords\":[\"Acte 29\",\"France\",\"Gilets Jaunes\",\"manifestation\"],\"articleSection\":[\"Contenu Original\",\"Droits humains\",\"Europe\",\"Opinion\",\"Reportages photo\"],\"inLanguage\":\"fr-FR\"},{\"@type\":\"WebPage\",\"@id\":\"https:\/\/www.pressenza.com\/fr\/2019\/06\/acte-29-des-gilets-gaunes-1-juin-2019\/\",\"url\":\"https:\/\/www.pressenza.com\/fr\/2019\/06\/acte-29-des-gilets-gaunes-1-juin-2019\/\",\"name\":\"Acte 29 des Gilets Gaunes, 1 juin 2019\",\"isPartOf\":{\"@id\":\"https:\/\/www.pressenza.com\/fr\/#website\"},\"primaryImageOfPage\":{\"@id\":\"https:\/\/www.pressenza.com\/fr\/2019\/06\/acte-29-des-gilets-gaunes-1-juin-2019\/#primaryimage\"},\"image\":{\"@id\":\"https:\/\/www.pressenza.com\/fr\/2019\/06\/acte-29-des-gilets-gaunes-1-juin-2019\/#primaryimage\"},\"thumbnailUrl\":\"https:\/\/www.pressenza.com\/wp-content\/uploads\/2019\/06\/acte-29-giles-jaunes-France-manifestation1.jpg\",\"datePublished\":\"2019-06-02T22:39:01+00:00\",\"dateModified\":\"2019-06-03T09:41:56+00:00\",\"description\":\"Texte et photos : Michel Deslandes Acte 29 des gilets jaunes, 1 juin 2019, Paris, parcours de la place Denfert Rochereau jusqu'\u00e0 Nation ! Moins de monde,\",\"breadcrumb\":{\"@id\":\"https:\/\/www.pressenza.com\/fr\/2019\/06\/acte-29-des-gilets-gaunes-1-juin-2019\/#breadcrumb\"},\"inLanguage\":\"fr-FR\",\"potentialAction\":[{\"@type\":\"ReadAction\",\"target\":[\"https:\/\/www.pressenza.com\/fr\/2019\/06\/acte-29-des-gilets-gaunes-1-juin-2019\/\"]}]},{\"@type\":\"ImageObject\",\"inLanguage\":\"fr-FR\",\"@id\":\"https:\/\/www.pressenza.com\/fr\/2019\/06\/acte-29-des-gilets-gaunes-1-juin-2019\/#primaryimage\",\"url\":\"https:\/\/www.pressenza.com\/wp-content\/uploads\/2019\/06\/acte-29-giles-jaunes-France-manifestation1.jpg\",\"contentUrl\":\"https:\/\/www.pressenza.com\/wp-content\/uploads\/2019\/06\/acte-29-giles-jaunes-France-manifestation1.jpg\",\"width\":750,\"height\":563,\"caption\":\"Acte 29 des Gilets Gaunes, 1 juin 2019\"},{\"@type\":\"BreadcrumbList\",\"@id\":\"https:\/\/www.pressenza.com\/fr\/2019\/06\/acte-29-des-gilets-gaunes-1-juin-2019\/#breadcrumb\",\"itemListElement\":[{\"@type\":\"ListItem\",\"position\":1,\"name\":\"Accueil\",\"item\":\"https:\/\/www.pressenza.com\/fr\/\"},{\"@type\":\"ListItem\",\"position\":2,\"name\":\"Acte 29 des Gilets Gaunes, 1 juin 2019\"}]},{\"@type\":\"WebSite\",\"@id\":\"https:\/\/www.pressenza.com\/fr\/#website\",\"url\":\"https:\/\/www.pressenza.com\/fr\/\",\"name\":\"Pressenza\",\"description\":\"International Press Agency\",\"publisher\":{\"@id\":\"https:\/\/www.pressenza.com\/fr\/#organization\"},\"potentialAction\":[{\"@type\":\"SearchAction\",\"target\":{\"@type\":\"EntryPoint\",\"urlTemplate\":\"https:\/\/www.pressenza.com\/fr\/?s={search_term_string}\"},\"query-input\":{\"@type\":\"PropertyValueSpecification\",\"valueRequired\":true,\"valueName\":\"search_term_string\"}}],\"inLanguage\":\"fr-FR\"},{\"@type\":\"Organization\",\"@id\":\"https:\/\/www.pressenza.com\/fr\/#organization\",\"name\":\"Pressenza\",\"url\":\"https:\/\/www.pressenza.com\/fr\/\",\"logo\":{\"@type\":\"ImageObject\",\"inLanguage\":\"fr-FR\",\"@id\":\"https:\/\/www.pressenza.com\/fr\/#\/schema\/logo\/image\/\",\"url\":\"https:\/\/www.pressenza.com\/wp-content\/uploads\/2022\/10\/pressenza_logo_200x200.jpg\",\"contentUrl\":\"https:\/\/www.pressenza.com\/wp-content\/uploads\/2022\/10\/pressenza_logo_200x200.jpg\",\"width\":200,\"height\":200,\"caption\":\"Pressenza\"},\"image\":{\"@id\":\"https:\/\/www.pressenza.com\/fr\/#\/schema\/logo\/image\/\"},\"sameAs\":[\"https:\/\/www.facebook.com\/PressenzaItalia\",\"https:\/\/x.com\/PressenzaIPA\"]},{\"@type\":\"Person\",\"@id\":\"https:\/\/www.pressenza.com\/fr\/#\/schema\/person\/5698ef8d4c2a370cbdd59d5b17455af6\",\"name\":\"R\u00e9daction Paris\",\"description\":\"News published by the Pressenza bureau in Paris, France\",\"url\":\"https:\/\/www.pressenza.com\/fr\/author\/redaction-paris\/\"}]}<\/script>\n<!-- \/ Yoast SEO plugin. -->","yoast_head_json":{"title":"Acte 29 des Gilets Gaunes, 1 juin 2019","description":"Texte et photos : Michel Deslandes Acte 29 des gilets jaunes, 1 juin 2019, Paris, parcours de la place Denfert Rochereau jusqu'\u00e0 Nation ! Moins de monde,","robots":{"index":"index","follow":"follow","max-snippet":"max-snippet:-1","max-image-preview":"max-image-preview:large","max-video-preview":"max-video-preview:-1"},"canonical":"https:\/\/www.pressenza.com\/fr\/2019\/06\/acte-29-des-gilets-gaunes-1-juin-2019\/","og_locale":"fr_FR","og_type":"article","og_title":"Acte 29 des Gilets Gaunes, 1 juin 2019","og_description":"Texte et photos : Michel Deslandes Acte 29 des gilets jaunes, 1 juin 2019, Paris, parcours de la place Denfert Rochereau jusqu'\u00e0 Nation ! Moins de monde,","og_url":"https:\/\/www.pressenza.com\/fr\/2019\/06\/acte-29-des-gilets-gaunes-1-juin-2019\/","og_site_name":"Pressenza","article_publisher":"https:\/\/www.facebook.com\/PressenzaItalia","article_published_time":"2019-06-02T22:39:01+00:00","article_modified_time":"2019-06-03T09:41:56+00:00","og_image":[{"width":750,"height":563,"url":"https:\/\/www.pressenza.com\/wp-content\/uploads\/2019\/06\/acte-29-giles-jaunes-France-manifestation1.jpg","type":"image\/jpeg"}],"author":"R\u00e9daction Paris","twitter_card":"summary_large_image","twitter_creator":"@PressenzaIPA","twitter_site":"@PressenzaIPA","twitter_misc":{"\u00c9crit par":"R\u00e9daction Paris","Dur\u00e9e de lecture estim\u00e9e":"4 minutes"},"schema":{"@context":"https:\/\/schema.org","@graph":[{"@type":"Article","@id":"https:\/\/www.pressenza.com\/fr\/2019\/06\/acte-29-des-gilets-gaunes-1-juin-2019\/#article","isPartOf":{"@id":"https:\/\/www.pressenza.com\/fr\/2019\/06\/acte-29-des-gilets-gaunes-1-juin-2019\/"},"author":{"name":"R\u00e9daction Paris","@id":"https:\/\/www.pressenza.com\/fr\/#\/schema\/person\/5698ef8d4c2a370cbdd59d5b17455af6"},"headline":"Acte 29 des Gilets Gaunes, 1 juin 2019","datePublished":"2019-06-02T22:39:01+00:00","dateModified":"2019-06-03T09:41:56+00:00","mainEntityOfPage":{"@id":"https:\/\/www.pressenza.com\/fr\/2019\/06\/acte-29-des-gilets-gaunes-1-juin-2019\/"},"wordCount":884,"publisher":{"@id":"https:\/\/www.pressenza.com\/fr\/#organization"},"image":{"@id":"https:\/\/www.pressenza.com\/fr\/2019\/06\/acte-29-des-gilets-gaunes-1-juin-2019\/#primaryimage"},"thumbnailUrl":"https:\/\/www.pressenza.com\/wp-content\/uploads\/2019\/06\/acte-29-giles-jaunes-France-manifestation1.jpg","keywords":["Acte 29","France","Gilets Jaunes","manifestation"],"articleSection":["Contenu Original","Droits humains","Europe","Opinion","Reportages photo"],"inLanguage":"fr-FR"},{"@type":"WebPage","@id":"https:\/\/www.pressenza.com\/fr\/2019\/06\/acte-29-des-gilets-gaunes-1-juin-2019\/","url":"https:\/\/www.pressenza.com\/fr\/2019\/06\/acte-29-des-gilets-gaunes-1-juin-2019\/","name":"Acte 29 des Gilets Gaunes, 1 juin 2019","isPartOf":{"@id":"https:\/\/www.pressenza.com\/fr\/#website"},"primaryImageOfPage":{"@id":"https:\/\/www.pressenza.com\/fr\/2019\/06\/acte-29-des-gilets-gaunes-1-juin-2019\/#primaryimage"},"image":{"@id":"https:\/\/www.pressenza.com\/fr\/2019\/06\/acte-29-des-gilets-gaunes-1-juin-2019\/#primaryimage"},"thumbnailUrl":"https:\/\/www.pressenza.com\/wp-content\/uploads\/2019\/06\/acte-29-giles-jaunes-France-manifestation1.jpg","datePublished":"2019-06-02T22:39:01+00:00","dateModified":"2019-06-03T09:41:56+00:00","description":"Texte et photos : Michel Deslandes Acte 29 des gilets jaunes, 1 juin 2019, Paris, parcours de la place Denfert Rochereau jusqu'\u00e0 Nation ! Moins de monde,","breadcrumb":{"@id":"https:\/\/www.pressenza.com\/fr\/2019\/06\/acte-29-des-gilets-gaunes-1-juin-2019\/#breadcrumb"},"inLanguage":"fr-FR","potentialAction":[{"@type":"ReadAction","target":["https:\/\/www.pressenza.com\/fr\/2019\/06\/acte-29-des-gilets-gaunes-1-juin-2019\/"]}]},{"@type":"ImageObject","inLanguage":"fr-FR","@id":"https:\/\/www.pressenza.com\/fr\/2019\/06\/acte-29-des-gilets-gaunes-1-juin-2019\/#primaryimage","url":"https:\/\/www.pressenza.com\/wp-content\/uploads\/2019\/06\/acte-29-giles-jaunes-France-manifestation1.jpg","contentUrl":"https:\/\/www.pressenza.com\/wp-content\/uploads\/2019\/06\/acte-29-giles-jaunes-France-manifestation1.jpg","width":750,"height":563,"caption":"Acte 29 des Gilets Gaunes, 1 juin 2019"},{"@type":"BreadcrumbList","@id":"https:\/\/www.pressenza.com\/fr\/2019\/06\/acte-29-des-gilets-gaunes-1-juin-2019\/#breadcrumb","itemListElement":[{"@type":"ListItem","position":1,"name":"Accueil","item":"https:\/\/www.pressenza.com\/fr\/"},{"@type":"ListItem","position":2,"name":"Acte 29 des Gilets Gaunes, 1 juin 2019"}]},{"@type":"WebSite","@id":"https:\/\/www.pressenza.com\/fr\/#website","url":"https:\/\/www.pressenza.com\/fr\/","name":"Pressenza","description":"International Press Agency","publisher":{"@id":"https:\/\/www.pressenza.com\/fr\/#organization"},"potentialAction":[{"@type":"SearchAction","target":{"@type":"EntryPoint","urlTemplate":"https:\/\/www.pressenza.com\/fr\/?s={search_term_string}"},"query-input":{"@type":"PropertyValueSpecification","valueRequired":true,"valueName":"search_term_string"}}],"inLanguage":"fr-FR"},{"@type":"Organization","@id":"https:\/\/www.pressenza.com\/fr\/#organization","name":"Pressenza","url":"https:\/\/www.pressenza.com\/fr\/","logo":{"@type":"ImageObject","inLanguage":"fr-FR","@id":"https:\/\/www.pressenza.com\/fr\/#\/schema\/logo\/image\/","url":"https:\/\/www.pressenza.com\/wp-content\/uploads\/2022\/10\/pressenza_logo_200x200.jpg","contentUrl":"https:\/\/www.pressenza.com\/wp-content\/uploads\/2022\/10\/pressenza_logo_200x200.jpg","width":200,"height":200,"caption":"Pressenza"},"image":{"@id":"https:\/\/www.pressenza.com\/fr\/#\/schema\/logo\/image\/"},"sameAs":["https:\/\/www.facebook.com\/PressenzaItalia","https:\/\/x.com\/PressenzaIPA"]},{"@type":"Person","@id":"https:\/\/www.pressenza.com\/fr\/#\/schema\/person\/5698ef8d4c2a370cbdd59d5b17455af6","name":"R\u00e9daction Paris","description":"News published by the Pressenza bureau in Paris, France","url":"https:\/\/www.pressenza.com\/fr\/author\/redaction-paris\/"}]}},"place":"France","original_article_url":"","_links":{"self":[{"href":"https:\/\/www.pressenza.com\/fr\/wp-json\/wp\/v2\/posts\/865861","targetHints":{"allow":["GET"]}}],"collection":[{"href":"https:\/\/www.pressenza.com\/fr\/wp-json\/wp\/v2\/posts"}],"about":[{"href":"https:\/\/www.pressenza.com\/fr\/wp-json\/wp\/v2\/types\/post"}],"author":[{"embeddable":true,"href":"https:\/\/www.pressenza.com\/fr\/wp-json\/wp\/v2\/users\/752"}],"replies":[{"embeddable":true,"href":"https:\/\/www.pressenza.com\/fr\/wp-json\/wp\/v2\/comments?post=865861"}],"version-history":[{"count":0,"href":"https:\/\/www.pressenza.com\/fr\/wp-json\/wp\/v2\/posts\/865861\/revisions"}],"wp:featuredmedia":[{"embeddable":true,"href":"https:\/\/www.pressenza.com\/fr\/wp-json\/wp\/v2\/media\/865866"}],"wp:attachment":[{"href":"https:\/\/www.pressenza.com\/fr\/wp-json\/wp\/v2\/media?parent=865861"}],"wp:term":[{"taxonomy":"category","embeddable":true,"href":"https:\/\/www.pressenza.com\/fr\/wp-json\/wp\/v2\/categories?post=865861"},{"taxonomy":"post_tag","embeddable":true,"href":"https:\/\/www.pressenza.com\/fr\/wp-json\/wp\/v2\/tags?post=865861"}],"curies":[{"name":"wp","href":"https:\/\/api.w.org\/{rel}","templated":true}]}}