{"id":857194,"date":"2019-05-20T00:04:02","date_gmt":"2019-05-19T23:04:02","guid":{"rendered":"https:\/\/www.pressenza.com\/?p=857194"},"modified":"2019-08-10T15:19:11","modified_gmt":"2019-08-10T14:19:11","slug":"acces-du-citoyen-a-linformation-interview-de-patrick-maupin-de-greenpeace","status":"publish","type":"post","link":"https:\/\/www.pressenza.com\/fr\/2019\/05\/acces-du-citoyen-a-linformation-interview-de-patrick-maupin-de-greenpeace\/","title":{"rendered":"Acc\u00e8s du citoyen \u00e0 l&rsquo;information : interview de Patrick Maupin, de Greenpeace"},"content":{"rendered":"<blockquote><p>Samedi 27 avril, Pressenza Francophone a organis\u00e9 un \u00e9v\u00e9nement \u00e0 Bordeaux, au cin\u00e9ma Utopia, pour les 10 ann\u00e9es d\u2019existence de l\u2019agence, avec la projection de film de Flore Vasseur \u00ab Meeting Snowden \u00bb.<\/p>\n<p>Apr\u00e8s le d\u00e9bat, nous avons interview\u00e9 Patrick MAUPIN, repr\u00e9sentant de Greenpeace \u00e0 Bordeaux.<\/p><\/blockquote>\n<p><iframe loading=\"lazy\" title=\"Interview Patrick Maupin\" width=\"500\" height=\"281\" src=\"https:\/\/www.youtube.com\/embed\/pkw6url73no?feature=oembed\" frameborder=\"0\" allow=\"accelerometer; autoplay; clipboard-write; encrypted-media; gyroscope; picture-in-picture; web-share\" referrerpolicy=\"strict-origin-when-cross-origin\" allowfullscreen><\/iframe><\/p>\n<p><strong>Jean-Marc DUNET\u00a0<\/strong>: Les th\u00e8mes, aujourd\u2019hui, c\u2019est le droit de savoir, la libert\u00e9 d\u2019information, les lanceurs d\u2019alerte, la d\u00e9mocratie\u00a0; quels liens fais tu entre tous ces th\u00e8mes\u00a0?<\/p>\n<p><strong>Patrick MAUPIN<\/strong>\u00a0: Je fais un lien assez \u00e9troit\u00a0: Greenpeace est une association de protection de l\u2019environnement, mais qui s\u2019est cr\u00e9\u00e9e notamment par rapport aux essais nucl\u00e9aires atmosph\u00e9riques am\u00e9ricains, qui repr\u00e9sentaient un danger majeur pour toute l\u2019humanit\u00e9. On peut penser \u00e9videmment que le gouvernement am\u00e9ricain de l\u2019\u00e9poque, et je pense que cela n\u2019a pas trop chang\u00e9 avec le gouvernement am\u00e9ricain actuel, entendait prot\u00e9ger le citoyen de toute pens\u00e9e critique par rapport \u00e0 l\u2019utilisation de l\u2019arme nucl\u00e9aire. Je crois que c\u2019est l\u2019acte fondateur de Greenpeace.<\/p>\n<p>En France, par rapport \u00e0 ce m\u00eame th\u00e8me du nucl\u00e9aire, qui n\u2019est pas uniquement le th\u00e8me qui est popularis\u00e9 par Greenpeace, mais sur ce th\u00e8me du nucl\u00e9aire on a eu l\u2019attentat que l\u2019\u00e9tat fran\u00e7ais a command\u00e9 contre Greenpeace sur le bateau Rainbow Warrior, qui a amen\u00e9 la mort d\u2019un militant qui s\u2019appelait Fernando Pereira. Donc je dirais qu\u2019effectivement, cette id\u00e9e qu\u2019il y a des sujets qui ne sont pas accessibles au droit \u00e0 l\u2019information, tout \u00e7a parce qu\u2019il y a une raison d\u2019\u00e9tat sup\u00e9rieure qui aurait d\u00e9cid\u00e9 que cela devait \u00eatre confidentiel, cela nous est compl\u00e8tement inacceptable, sur le fond.<\/p>\n<p>Apr\u00e8s il est clair que \u00e0 la fois l\u2019acc\u00e8s \u00e0 l\u2019information c\u2019est un droit \u00e0 mon sens essentiel dont doit b\u00e9n\u00e9ficier le citoyen et qui doit justement faire l\u2019objet d\u2019un certain nombre de dispositions qui permettraient au citoyen de le faire valoir.<\/p>\n<p>Je parlais aussi de la fa\u00e7on dont Greenpeace essaie d\u2019acc\u00e9der \u00e0 des sources d\u2019information, et j\u2019ai montr\u00e9 le rapport de l\u2019Institut de Radioprotection et de S\u00fbret\u00e9 Nucl\u00e9aire, on s\u2019aper\u00e7oit que des soci\u00e9t\u00e9s priv\u00e9es, en l\u2019occurrence EDF et Orano se permettent, au titre du secret industriel commercial, de caviarder des pages enti\u00e8res d\u2019un rapport qui est fait par un \u00e9tablissement public de l\u2019\u00e9tat. Cela heurte la conception qu\u2019on peut et qu\u2019on doit avoir de comment l\u2019\u00e9tat et les entreprises permettent ou pas l\u2019acc\u00e8s des citoyens \u00e0 l\u2019information. C\u2019est quand m\u00eame la base de la d\u00e9mocratie.<\/p>\n<p><strong>JM D.<\/strong>\u00a0: Cette question du nucl\u00e9aire, c\u2019est r\u00e9v\u00e9lateur par rapport \u00e0 la libert\u00e9 de l\u2019information, c\u2019est un th\u00e8me sur lequel on ressent tr\u00e8s bien le poids de l\u2019\u00e9tat, des grands m\u00e9dias nationaux, pour diffuser une information qui est biais\u00e9e, et ne pas laisser la possibilit\u00e9 d\u2019autres points de vue.<\/p>\n<p><strong>P.M.<\/strong>\u00a0: Oui, clairement. Apr\u00e8s on a aussi d\u2019autres sujets, par exemple une campagne sur la culture des OGM en Europe o\u00f9 on voit les gens avec qui Greenpeace a travaill\u00e9, les faucheurs d\u2019OGM. On voit comment l\u2019\u00e9tat (et aussi au niveau europ\u00e9en) a r\u00e9duit de mani\u00e8re compl\u00e8tement drastique l\u2019information qui a \u00e9t\u00e9 diffus\u00e9e avec une succession de paliers d\u2019informations, avec des restrictions telles que c\u2019est tout juste si il ne fallait pas que le citoyen d\u00e9pose sa carte d\u2019identit\u00e9, en pr\u00e9fecture, pour justifier que oui, il demandait \u00e0 voir o\u00f9 il y avait \u00e9ventuellement des parcelles qui \u00e9taient constitu\u00e9es de plantation d\u2019OGM. On a vraiment une d\u00e9mocratie restreinte.<\/p>\n<p>Je fais toujours le rapprochement entre le fait d\u2019avoir coup\u00e9 la t\u00eate au roi en 1792\u00a0: maintenant on a quand m\u00eame une forme de monarchie r\u00e9publicaine. Car m\u00eame si on peut quand m\u00eame dire qu\u2019on est en d\u00e9mocratie, on voit bien toutes les lois qui ont \u00e9t\u00e9 prises depuis plusieurs ann\u00e9es et qui restreignent l\u2019acc\u00e8s du citoyen \u00e0 l\u2019information, qui restreignent aussi son droit d\u2019expression.<\/p>\n<p><strong>JM D.<\/strong>\u00a0: Est-ce que justement les nouvelles technologies de l\u2019information facilitent les choses, en terme de communication d\u2019information, ou pas\u00a0?<\/p>\n<p><strong>P.M.<\/strong>\u00a0: La transmission de l\u2019information, \u00e9videmment, Greenpeace s\u2019en sert\u00a0: le r\u00e9seau internet, les r\u00e9seaux sociaux. Mais au-del\u00e0 de \u00e7a, ce qui est important c\u2019est la possibilit\u00e9 d\u2019avoir une information avec une source fiable et argument\u00e9e. Comme le disait Fran\u00e7ois Pellegrini, c\u2019est \u00e0 la fois le rem\u00e8de et le poison. Parce qu\u2019il y a tellement de choses qui circulent sur ces r\u00e9seaux sociaux et qui rel\u00e8vent plut\u00f4t de la pulsion et de l\u2019\u00e9motionnel qu\u2019il faut que le citoyen, m\u00eame si il se sert de ce m\u00e9dia, il fasse un effort personnel et individuel pour essayer de se mettre en retrait de l\u2019information telle qu\u2019elle lui arrive et \u00eatre capable de faire appel \u00e0 son sens critique pour savoir si c\u2019est une information qu\u2019il doit prendre en compte ou aller contr\u00f4ler avec d\u2019autres sources d\u2019information dont il disposerait.<\/p>\n<p>&nbsp;<\/p>\n<p><em>Nous remercions Patrick Maupin pour sa participation au d\u00e9bat et \u00e0 cette interview.<\/em><\/p>\n<p>&nbsp;<\/p>\n<p><strong>Plus d\u2019information sur les \u00e9v\u00e9nements Pressenza 10 ans \u00e0 Bordeaux :<\/strong><\/p>\n<p>1\/ <a href=\"https:\/\/www.pressenza.com\/fr\/2019\/04\/10-ans-pressenza-bordeaux-expo-photo-et-projection-debat\/\">[10 ans Pressenza \u2013 Bordeaux] Expo photo et projection d\u00e9bat<\/a><\/p>\n<p>2\/ Interview :\u00a0 <a href=\"https:\/\/www.pressenza.com\/fr\/2019\/05\/nous-sommes-dans-une-phase-de-rigidification-les-ferments-de-changement-cherchent-a-sexprimer-francois-pellegrini\/\">\u00ab Nous sommes dans une phase de rigidification, les ferments de changement cherchent \u00e0 s\u2019exprimer \u00bb, Fran\u00e7ois Pellegrini<\/a><\/p>\n<p>3\/ <a href=\"https:\/\/www.pressenza.com\/fr\/2019\/05\/acces-du-citoyen-a-linformation-interview-de-patrick-maupin-de-greenpeace\/\">Acc\u00e8s du citoyen \u00e0 l\u2019information : interview de Patrick Maupin, de Greenpeace<\/a><\/p>\n<p>4\/ Interview : <a href=\"https:\/\/www.pressenza.com\/fr\/2019\/06\/korbak-daquilenet-internet-un-outil-democratique\/\">Korbak, d\u2019Aquilenet\u00a0: internet, un outil d\u00e9mocratique<\/a><\/p>\n","protected":false},"excerpt":{"rendered":"<p>Samedi 27 avril, Pressenza Francophone a organis\u00e9 un \u00e9v\u00e9nement \u00e0 Bordeaux, au cin\u00e9ma Utopia, pour les 10 ann\u00e9es d\u2019existence de l\u2019agence, avec la projection de film de Flore Vasseur \u00ab Meeting Snowden \u00bb. Apr\u00e8s le d\u00e9bat, nous avons interview\u00e9 Patrick&hellip;<\/p>\n","protected":false},"author":1682,"featured_media":857197,"comment_status":"closed","ping_status":"closed","sticky":false,"template":"","format":"standard","meta":{"footnotes":""},"categories":[11386,98,156,27989],"tags":[8910,40575,58831],"class_list":["post-857194","post","type-post","status-publish","format-standard","has-post-thumbnail","hentry","category-contenu-original","category-droits-de-lhomme","category-interview-fr","category-video-fr","tag-greenpeace-fr","tag-meeting-snowden","tag-patrick-maupin"],"yoast_head":"<!-- This site is optimized with the Yoast SEO plugin v27.1.1 - https:\/\/yoast.com\/product\/yoast-seo-wordpress\/ -->\n<title>Acc\u00e8s du citoyen \u00e0 l&#039;information : interview de Patrick Maupin, de Greenpeace<\/title>\n<meta name=\"description\" content=\"Pressenza a interview\u00e9 Patrick MAUPIN, repr\u00e9sentant de Greenpeace \u00e0 Bordeaux.\" \/>\n<meta name=\"robots\" content=\"index, follow, max-snippet:-1, max-image-preview:large, max-video-preview:-1\" \/>\n<link rel=\"canonical\" href=\"https:\/\/www.pressenza.com\/fr\/2019\/05\/acces-du-citoyen-a-linformation-interview-de-patrick-maupin-de-greenpeace\/\" \/>\n<meta property=\"og:locale\" content=\"fr_FR\" \/>\n<meta property=\"og:type\" content=\"article\" \/>\n<meta property=\"og:title\" content=\"Acc\u00e8s du citoyen \u00e0 l&#039;information : interview de Patrick Maupin, de Greenpeace\" \/>\n<meta property=\"og:description\" content=\"Pressenza a interview\u00e9 Patrick MAUPIN, repr\u00e9sentant de Greenpeace \u00e0 Bordeaux.\" \/>\n<meta property=\"og:url\" content=\"https:\/\/www.pressenza.com\/fr\/2019\/05\/acces-du-citoyen-a-linformation-interview-de-patrick-maupin-de-greenpeace\/\" \/>\n<meta property=\"og:site_name\" content=\"Pressenza\" \/>\n<meta property=\"article:publisher\" content=\"https:\/\/www.facebook.com\/PressenzaItalia\" \/>\n<meta property=\"article:published_time\" content=\"2019-05-19T23:04:02+00:00\" \/>\n<meta property=\"article:modified_time\" content=\"2019-08-10T14:19:11+00:00\" \/>\n<meta property=\"og:image\" content=\"https:\/\/www.pressenza.com\/wp-content\/uploads\/2019\/05\/patrick-maupin-greenpeace.jpg\" \/>\n\t<meta property=\"og:image:width\" content=\"750\" \/>\n\t<meta property=\"og:image:height\" content=\"415\" \/>\n\t<meta property=\"og:image:type\" content=\"image\/jpeg\" \/>\n<meta name=\"author\" content=\"R\u00e9daction Bordeaux\" \/>\n<meta name=\"twitter:card\" content=\"summary_large_image\" \/>\n<meta name=\"twitter:creator\" content=\"@PressenzaIPA\" \/>\n<meta name=\"twitter:site\" content=\"@PressenzaIPA\" \/>\n<meta name=\"twitter:label1\" content=\"\u00c9crit par\" \/>\n\t<meta name=\"twitter:data1\" content=\"R\u00e9daction Bordeaux\" \/>\n\t<meta name=\"twitter:label2\" content=\"Dur\u00e9e de lecture estim\u00e9e\" \/>\n\t<meta name=\"twitter:data2\" content=\"5 minutes\" \/>\n<script type=\"application\/ld+json\" class=\"yoast-schema-graph\">{\"@context\":\"https:\/\/schema.org\",\"@graph\":[{\"@type\":\"Article\",\"@id\":\"https:\/\/www.pressenza.com\/fr\/2019\/05\/acces-du-citoyen-a-linformation-interview-de-patrick-maupin-de-greenpeace\/#article\",\"isPartOf\":{\"@id\":\"https:\/\/www.pressenza.com\/fr\/2019\/05\/acces-du-citoyen-a-linformation-interview-de-patrick-maupin-de-greenpeace\/\"},\"author\":{\"name\":\"R\u00e9daction Bordeaux\",\"@id\":\"https:\/\/www.pressenza.com\/fr\/#\/schema\/person\/74c500e1daab28f0f7573e1b2e9416ea\"},\"headline\":\"Acc\u00e8s du citoyen \u00e0 l&rsquo;information : interview de Patrick Maupin, de Greenpeace\",\"datePublished\":\"2019-05-19T23:04:02+00:00\",\"dateModified\":\"2019-08-10T14:19:11+00:00\",\"mainEntityOfPage\":{\"@id\":\"https:\/\/www.pressenza.com\/fr\/2019\/05\/acces-du-citoyen-a-linformation-interview-de-patrick-maupin-de-greenpeace\/\"},\"wordCount\":1004,\"publisher\":{\"@id\":\"https:\/\/www.pressenza.com\/fr\/#organization\"},\"image\":{\"@id\":\"https:\/\/www.pressenza.com\/fr\/2019\/05\/acces-du-citoyen-a-linformation-interview-de-patrick-maupin-de-greenpeace\/#primaryimage\"},\"thumbnailUrl\":\"https:\/\/www.pressenza.com\/wp-content\/uploads\/2019\/05\/patrick-maupin-greenpeace.jpg\",\"keywords\":[\"Greenpeace\",\"Meeting Snowden\",\"Patrick Maupin\"],\"articleSection\":[\"Contenu Original\",\"Droits humains\",\"Interviews\",\"Video\"],\"inLanguage\":\"fr-FR\"},{\"@type\":\"WebPage\",\"@id\":\"https:\/\/www.pressenza.com\/fr\/2019\/05\/acces-du-citoyen-a-linformation-interview-de-patrick-maupin-de-greenpeace\/\",\"url\":\"https:\/\/www.pressenza.com\/fr\/2019\/05\/acces-du-citoyen-a-linformation-interview-de-patrick-maupin-de-greenpeace\/\",\"name\":\"Acc\u00e8s du citoyen \u00e0 l'information : interview de Patrick Maupin, de Greenpeace\",\"isPartOf\":{\"@id\":\"https:\/\/www.pressenza.com\/fr\/#website\"},\"primaryImageOfPage\":{\"@id\":\"https:\/\/www.pressenza.com\/fr\/2019\/05\/acces-du-citoyen-a-linformation-interview-de-patrick-maupin-de-greenpeace\/#primaryimage\"},\"image\":{\"@id\":\"https:\/\/www.pressenza.com\/fr\/2019\/05\/acces-du-citoyen-a-linformation-interview-de-patrick-maupin-de-greenpeace\/#primaryimage\"},\"thumbnailUrl\":\"https:\/\/www.pressenza.com\/wp-content\/uploads\/2019\/05\/patrick-maupin-greenpeace.jpg\",\"datePublished\":\"2019-05-19T23:04:02+00:00\",\"dateModified\":\"2019-08-10T14:19:11+00:00\",\"description\":\"Pressenza a interview\u00e9 Patrick MAUPIN, repr\u00e9sentant de Greenpeace \u00e0 Bordeaux.\",\"breadcrumb\":{\"@id\":\"https:\/\/www.pressenza.com\/fr\/2019\/05\/acces-du-citoyen-a-linformation-interview-de-patrick-maupin-de-greenpeace\/#breadcrumb\"},\"inLanguage\":\"fr-FR\",\"potentialAction\":[{\"@type\":\"ReadAction\",\"target\":[\"https:\/\/www.pressenza.com\/fr\/2019\/05\/acces-du-citoyen-a-linformation-interview-de-patrick-maupin-de-greenpeace\/\"]}]},{\"@type\":\"ImageObject\",\"inLanguage\":\"fr-FR\",\"@id\":\"https:\/\/www.pressenza.com\/fr\/2019\/05\/acces-du-citoyen-a-linformation-interview-de-patrick-maupin-de-greenpeace\/#primaryimage\",\"url\":\"https:\/\/www.pressenza.com\/wp-content\/uploads\/2019\/05\/patrick-maupin-greenpeace.jpg\",\"contentUrl\":\"https:\/\/www.pressenza.com\/wp-content\/uploads\/2019\/05\/patrick-maupin-greenpeace.jpg\",\"width\":750,\"height\":415},{\"@type\":\"BreadcrumbList\",\"@id\":\"https:\/\/www.pressenza.com\/fr\/2019\/05\/acces-du-citoyen-a-linformation-interview-de-patrick-maupin-de-greenpeace\/#breadcrumb\",\"itemListElement\":[{\"@type\":\"ListItem\",\"position\":1,\"name\":\"Accueil\",\"item\":\"https:\/\/www.pressenza.com\/fr\/\"},{\"@type\":\"ListItem\",\"position\":2,\"name\":\"Acc\u00e8s du citoyen \u00e0 l&rsquo;information : interview de Patrick Maupin, de Greenpeace\"}]},{\"@type\":\"WebSite\",\"@id\":\"https:\/\/www.pressenza.com\/fr\/#website\",\"url\":\"https:\/\/www.pressenza.com\/fr\/\",\"name\":\"Pressenza\",\"description\":\"International Press Agency\",\"publisher\":{\"@id\":\"https:\/\/www.pressenza.com\/fr\/#organization\"},\"potentialAction\":[{\"@type\":\"SearchAction\",\"target\":{\"@type\":\"EntryPoint\",\"urlTemplate\":\"https:\/\/www.pressenza.com\/fr\/?s={search_term_string}\"},\"query-input\":{\"@type\":\"PropertyValueSpecification\",\"valueRequired\":true,\"valueName\":\"search_term_string\"}}],\"inLanguage\":\"fr-FR\"},{\"@type\":\"Organization\",\"@id\":\"https:\/\/www.pressenza.com\/fr\/#organization\",\"name\":\"Pressenza\",\"url\":\"https:\/\/www.pressenza.com\/fr\/\",\"logo\":{\"@type\":\"ImageObject\",\"inLanguage\":\"fr-FR\",\"@id\":\"https:\/\/www.pressenza.com\/fr\/#\/schema\/logo\/image\/\",\"url\":\"https:\/\/www.pressenza.com\/wp-content\/uploads\/2022\/10\/pressenza_logo_200x200.jpg\",\"contentUrl\":\"https:\/\/www.pressenza.com\/wp-content\/uploads\/2022\/10\/pressenza_logo_200x200.jpg\",\"width\":200,\"height\":200,\"caption\":\"Pressenza\"},\"image\":{\"@id\":\"https:\/\/www.pressenza.com\/fr\/#\/schema\/logo\/image\/\"},\"sameAs\":[\"https:\/\/www.facebook.com\/PressenzaItalia\",\"https:\/\/x.com\/PressenzaIPA\"]},{\"@type\":\"Person\",\"@id\":\"https:\/\/www.pressenza.com\/fr\/#\/schema\/person\/74c500e1daab28f0f7573e1b2e9416ea\",\"name\":\"R\u00e9daction Bordeaux\",\"description\":\"News publi\u00e9es par le Bureau de Pressenza \u00e0 Bordeaux.\",\"url\":\"https:\/\/www.pressenza.com\/fr\/author\/redaction-bordeaux\/\"}]}<\/script>\n<!-- \/ Yoast SEO plugin. -->","yoast_head_json":{"title":"Acc\u00e8s du citoyen \u00e0 l'information : interview de Patrick Maupin, de Greenpeace","description":"Pressenza a interview\u00e9 Patrick MAUPIN, repr\u00e9sentant de Greenpeace \u00e0 Bordeaux.","robots":{"index":"index","follow":"follow","max-snippet":"max-snippet:-1","max-image-preview":"max-image-preview:large","max-video-preview":"max-video-preview:-1"},"canonical":"https:\/\/www.pressenza.com\/fr\/2019\/05\/acces-du-citoyen-a-linformation-interview-de-patrick-maupin-de-greenpeace\/","og_locale":"fr_FR","og_type":"article","og_title":"Acc\u00e8s du citoyen \u00e0 l'information : interview de Patrick Maupin, de Greenpeace","og_description":"Pressenza a interview\u00e9 Patrick MAUPIN, repr\u00e9sentant de Greenpeace \u00e0 Bordeaux.","og_url":"https:\/\/www.pressenza.com\/fr\/2019\/05\/acces-du-citoyen-a-linformation-interview-de-patrick-maupin-de-greenpeace\/","og_site_name":"Pressenza","article_publisher":"https:\/\/www.facebook.com\/PressenzaItalia","article_published_time":"2019-05-19T23:04:02+00:00","article_modified_time":"2019-08-10T14:19:11+00:00","og_image":[{"width":750,"height":415,"url":"https:\/\/www.pressenza.com\/wp-content\/uploads\/2019\/05\/patrick-maupin-greenpeace.jpg","type":"image\/jpeg"}],"author":"R\u00e9daction Bordeaux","twitter_card":"summary_large_image","twitter_creator":"@PressenzaIPA","twitter_site":"@PressenzaIPA","twitter_misc":{"\u00c9crit par":"R\u00e9daction Bordeaux","Dur\u00e9e de lecture estim\u00e9e":"5 minutes"},"schema":{"@context":"https:\/\/schema.org","@graph":[{"@type":"Article","@id":"https:\/\/www.pressenza.com\/fr\/2019\/05\/acces-du-citoyen-a-linformation-interview-de-patrick-maupin-de-greenpeace\/#article","isPartOf":{"@id":"https:\/\/www.pressenza.com\/fr\/2019\/05\/acces-du-citoyen-a-linformation-interview-de-patrick-maupin-de-greenpeace\/"},"author":{"name":"R\u00e9daction Bordeaux","@id":"https:\/\/www.pressenza.com\/fr\/#\/schema\/person\/74c500e1daab28f0f7573e1b2e9416ea"},"headline":"Acc\u00e8s du citoyen \u00e0 l&rsquo;information : interview de Patrick Maupin, de Greenpeace","datePublished":"2019-05-19T23:04:02+00:00","dateModified":"2019-08-10T14:19:11+00:00","mainEntityOfPage":{"@id":"https:\/\/www.pressenza.com\/fr\/2019\/05\/acces-du-citoyen-a-linformation-interview-de-patrick-maupin-de-greenpeace\/"},"wordCount":1004,"publisher":{"@id":"https:\/\/www.pressenza.com\/fr\/#organization"},"image":{"@id":"https:\/\/www.pressenza.com\/fr\/2019\/05\/acces-du-citoyen-a-linformation-interview-de-patrick-maupin-de-greenpeace\/#primaryimage"},"thumbnailUrl":"https:\/\/www.pressenza.com\/wp-content\/uploads\/2019\/05\/patrick-maupin-greenpeace.jpg","keywords":["Greenpeace","Meeting Snowden","Patrick Maupin"],"articleSection":["Contenu Original","Droits humains","Interviews","Video"],"inLanguage":"fr-FR"},{"@type":"WebPage","@id":"https:\/\/www.pressenza.com\/fr\/2019\/05\/acces-du-citoyen-a-linformation-interview-de-patrick-maupin-de-greenpeace\/","url":"https:\/\/www.pressenza.com\/fr\/2019\/05\/acces-du-citoyen-a-linformation-interview-de-patrick-maupin-de-greenpeace\/","name":"Acc\u00e8s du citoyen \u00e0 l'information : interview de Patrick Maupin, de Greenpeace","isPartOf":{"@id":"https:\/\/www.pressenza.com\/fr\/#website"},"primaryImageOfPage":{"@id":"https:\/\/www.pressenza.com\/fr\/2019\/05\/acces-du-citoyen-a-linformation-interview-de-patrick-maupin-de-greenpeace\/#primaryimage"},"image":{"@id":"https:\/\/www.pressenza.com\/fr\/2019\/05\/acces-du-citoyen-a-linformation-interview-de-patrick-maupin-de-greenpeace\/#primaryimage"},"thumbnailUrl":"https:\/\/www.pressenza.com\/wp-content\/uploads\/2019\/05\/patrick-maupin-greenpeace.jpg","datePublished":"2019-05-19T23:04:02+00:00","dateModified":"2019-08-10T14:19:11+00:00","description":"Pressenza a interview\u00e9 Patrick MAUPIN, repr\u00e9sentant de Greenpeace \u00e0 Bordeaux.","breadcrumb":{"@id":"https:\/\/www.pressenza.com\/fr\/2019\/05\/acces-du-citoyen-a-linformation-interview-de-patrick-maupin-de-greenpeace\/#breadcrumb"},"inLanguage":"fr-FR","potentialAction":[{"@type":"ReadAction","target":["https:\/\/www.pressenza.com\/fr\/2019\/05\/acces-du-citoyen-a-linformation-interview-de-patrick-maupin-de-greenpeace\/"]}]},{"@type":"ImageObject","inLanguage":"fr-FR","@id":"https:\/\/www.pressenza.com\/fr\/2019\/05\/acces-du-citoyen-a-linformation-interview-de-patrick-maupin-de-greenpeace\/#primaryimage","url":"https:\/\/www.pressenza.com\/wp-content\/uploads\/2019\/05\/patrick-maupin-greenpeace.jpg","contentUrl":"https:\/\/www.pressenza.com\/wp-content\/uploads\/2019\/05\/patrick-maupin-greenpeace.jpg","width":750,"height":415},{"@type":"BreadcrumbList","@id":"https:\/\/www.pressenza.com\/fr\/2019\/05\/acces-du-citoyen-a-linformation-interview-de-patrick-maupin-de-greenpeace\/#breadcrumb","itemListElement":[{"@type":"ListItem","position":1,"name":"Accueil","item":"https:\/\/www.pressenza.com\/fr\/"},{"@type":"ListItem","position":2,"name":"Acc\u00e8s du citoyen \u00e0 l&rsquo;information : interview de Patrick Maupin, de Greenpeace"}]},{"@type":"WebSite","@id":"https:\/\/www.pressenza.com\/fr\/#website","url":"https:\/\/www.pressenza.com\/fr\/","name":"Pressenza","description":"International Press Agency","publisher":{"@id":"https:\/\/www.pressenza.com\/fr\/#organization"},"potentialAction":[{"@type":"SearchAction","target":{"@type":"EntryPoint","urlTemplate":"https:\/\/www.pressenza.com\/fr\/?s={search_term_string}"},"query-input":{"@type":"PropertyValueSpecification","valueRequired":true,"valueName":"search_term_string"}}],"inLanguage":"fr-FR"},{"@type":"Organization","@id":"https:\/\/www.pressenza.com\/fr\/#organization","name":"Pressenza","url":"https:\/\/www.pressenza.com\/fr\/","logo":{"@type":"ImageObject","inLanguage":"fr-FR","@id":"https:\/\/www.pressenza.com\/fr\/#\/schema\/logo\/image\/","url":"https:\/\/www.pressenza.com\/wp-content\/uploads\/2022\/10\/pressenza_logo_200x200.jpg","contentUrl":"https:\/\/www.pressenza.com\/wp-content\/uploads\/2022\/10\/pressenza_logo_200x200.jpg","width":200,"height":200,"caption":"Pressenza"},"image":{"@id":"https:\/\/www.pressenza.com\/fr\/#\/schema\/logo\/image\/"},"sameAs":["https:\/\/www.facebook.com\/PressenzaItalia","https:\/\/x.com\/PressenzaIPA"]},{"@type":"Person","@id":"https:\/\/www.pressenza.com\/fr\/#\/schema\/person\/74c500e1daab28f0f7573e1b2e9416ea","name":"R\u00e9daction Bordeaux","description":"News publi\u00e9es par le Bureau de Pressenza \u00e0 Bordeaux.","url":"https:\/\/www.pressenza.com\/fr\/author\/redaction-bordeaux\/"}]}},"place":"Bordeaux, France","original_article_url":"","_links":{"self":[{"href":"https:\/\/www.pressenza.com\/fr\/wp-json\/wp\/v2\/posts\/857194","targetHints":{"allow":["GET"]}}],"collection":[{"href":"https:\/\/www.pressenza.com\/fr\/wp-json\/wp\/v2\/posts"}],"about":[{"href":"https:\/\/www.pressenza.com\/fr\/wp-json\/wp\/v2\/types\/post"}],"author":[{"embeddable":true,"href":"https:\/\/www.pressenza.com\/fr\/wp-json\/wp\/v2\/users\/1682"}],"replies":[{"embeddable":true,"href":"https:\/\/www.pressenza.com\/fr\/wp-json\/wp\/v2\/comments?post=857194"}],"version-history":[{"count":0,"href":"https:\/\/www.pressenza.com\/fr\/wp-json\/wp\/v2\/posts\/857194\/revisions"}],"wp:featuredmedia":[{"embeddable":true,"href":"https:\/\/www.pressenza.com\/fr\/wp-json\/wp\/v2\/media\/857197"}],"wp:attachment":[{"href":"https:\/\/www.pressenza.com\/fr\/wp-json\/wp\/v2\/media?parent=857194"}],"wp:term":[{"taxonomy":"category","embeddable":true,"href":"https:\/\/www.pressenza.com\/fr\/wp-json\/wp\/v2\/categories?post=857194"},{"taxonomy":"post_tag","embeddable":true,"href":"https:\/\/www.pressenza.com\/fr\/wp-json\/wp\/v2\/tags?post=857194"}],"curies":[{"name":"wp","href":"https:\/\/api.w.org\/{rel}","templated":true}]}}