{"id":8497,"date":"2012-03-12T00:00:00","date_gmt":"2012-03-12T00:00:00","guid":{"rendered":""},"modified":"2012-03-21T11:31:28","modified_gmt":"2012-03-21T11:31:28","slug":"profond-desaccord-entre-les-etats-unis-et-la-russie-sur-la-maniere-de-resoudre-le-conflit-syrien","status":"publish","type":"post","link":"https:\/\/www.pressenza.com\/fr\/2012\/03\/profond-desaccord-entre-les-etats-unis-et-la-russie-sur-la-maniere-de-resoudre-le-conflit-syrien\/","title":{"rendered":"Profond d\u00e9saccord entre les \u00c9tats\u00adUnis et la Russie sur la mani\u00e8re de r\u00e9soudre le conflit syrien"},"content":{"rendered":"<p>Lors de cette rencontre \u00e0 New York, la secr\u00e9taire d\u2019\u00c9tat am\u00e9ricaine, Hillary Clinton, a rejet\u00e9 toute \u00e9quivalence entre les actes de violence de l\u2019opposition syrienne et les \u00ab meurtres pr\u00e9m\u00e9dit\u00e9s \u00bb de la \u00ab machine militaire \u00bb du gouvernement l\u00e9gal du pr\u00e9sident Bachar al\u00adAssad. <\/p>\n<p>Le ministre russe des Affaires \u00e9trang\u00e8res, Sergue\u00ef Lavrov, a reconnu que M. al\u00adAssad \u00ab a une \u00e9norme part de responsabilit\u00e9 \u00bb  dans la crise, mais il a soulign\u00e9 qu\u2019il ne s\u2019agissait pas uniquement de r\u00e9pression de civils et que les soldats \u00ab ne luttaient pas contre des personnes sans armes mais contre des gangs arm\u00e9s et des groupes extr\u00e9mistes et terroristes tels qu\u2019Al\u00adQua\u00efda \u00bb. <\/p>\n<p>Le conflit en Syrie a commenc\u00e9 il y a un an par des manifestations contre Bachar al\u00adAssad, co\u00efncidant avec la vague de r\u00e9volutions qui a touch\u00e9 la r\u00e9gion, plus connue sous le nom de \u00ab printemps  arabe \u00bb. Les violences se sont intensifi\u00e9es lorsque l\u2019apparition d\u2019insurg\u00e9s arm\u00e9s est venue s\u2019ajouter \u00e0 la r\u00e9pression, et l\u2019ONU estime que le conflit a d\u00e9j\u00e0 fait plus de 7 500 morts. <\/p>\n<p>Cette crise a divis\u00e9 une partie de la communaut\u00e9 internationale, puisque les \u00c9tats-Unis et leurs alli\u00e9s europ\u00e9ens mettent l\u2019accent sur la responsabilit\u00e9 et la r\u00e9pression op\u00e9r\u00e9e par Bachar al\u00adAssad ainsi que sur la n\u00e9cessit\u00e9 pour lui de se retirer, tandis que la Russie et la Chine remettent en cause les moyens et les objectifs de l\u2019opposition. <\/p>\n<p>Tous sont d\u2019accord pour dire qu\u2019il est essentiel de mettre fin aux violences ; toutefois, Moscou et P\u00e9kin rejettent toute intervention militaire ext\u00e9rieure visant \u00e0 aider l\u2019opposition ou \u00e0 renverser le pr\u00e9sident al\u00adAssad, tandis que les \u00c9tats-Unis et leurs alli\u00e9s, bien qu\u2019ils n\u2019aient pas encore envisag\u00e9 d\u2019intervenir sur le plan militaire, affirment qu\u2019il est urgent d\u2019adopter des mesures radicales. <\/p>\n<p>La r\u00e9union du Conseil de s\u00e9curit\u00e9 a \u00e9t\u00e9 ouverte par M. Ban Ki\u00admoon, Secr\u00e9taire g\u00e9n\u00e9ral des Nations Unies, qui a appel\u00e9 l\u2019organe ex\u00e9cutif de l\u2019ONU \u00e0 parler d\u2019une seule voix afin \u00ab d&rsquo;\u00e9viter \u00e0 la Syrie de sombrer dans une catastrophe encore pire \u00bb, a rapport\u00e9 la cha\u00eene d\u2019information CNN. <\/p>\n<p>L\u2019\u00e9missaire de l&rsquo;ONU et de la Ligue arabe pour la Syrie, Kofi Annan, a fait part lundi 12 mars \u00e0 Ankara, en Turquie, de sa profonde inqui\u00e9tude concernant les violences en Syrie ; il a \u00e9galement d\u00e9clar\u00e9 que le monde devait envoyer un message clair pour que le massacre des civils cesse imm\u00e9diatement. <\/p>\n<p>M. Annan a quitt\u00e9 la Syrie dimanche 11 mars, apr\u00e8s avoir rencontr\u00e9 Bachar al\u00adAssad dans le cadre d\u2019une mission \u2013qu\u2019il a pr\u00e9c\u00e9demment qualifi\u00e9e de \u00ab difficile \u00bb- pour tenter de r\u00e9soudre le conflit.<\/p>\n<p>Kofi Annan, pr\u00e9d\u00e9cesseur de Ban Ki\u00admoon au poste de Secr\u00e9taire g\u00e9n\u00e9ral de l\u2019ONU, a rencontr\u00e9 lundi 12 mars le premier ministre turc, Recep Tayyip Erdogan, apr\u00e8s s\u2019\u00eatre entretenu avec lui le dimanche pr\u00e9c\u00e9dent au Qatar. <\/p>\n<p>L\u2019\u00e9missaire pr\u00e9voit de s\u2019entretenir mardi avec des opposants syriens \u00e0 Ankara, ont d\u00e9clar\u00e9 des membres de son \u00e9quipe. <\/p>\n<p> \u00ab Des rapports graves et \u00e9pouvantables font \u00e9tat d\u2019atrocit\u00e9s et d\u2019abus. Le massacre de civils doit cesser maintenant. Le monde doit envoyer un message clair et uni dans ce sens \u00bb, a d\u00e9clar\u00e9 M. Annan aux journalistes \u00e0 son arriv\u00e9e dans la capitale turque. <\/p>\n<p>L\u2019\u00e9missaire a ajout\u00e9 que le processus diplomatique prendrait du temps. <\/p>\n<p> \u00ab Il s\u2019agit d\u2019une situation tr\u00e8s complexe. Nous allons continuer \u00e0 exercer des pressions pour obtenir un acc\u00e8s \u00e9largi pour l\u2019aide humanitaire, pour stopper les morts de civils et pour que tous se mettent \u00e0 la table des n\u00e9gociations pour travailler sur une solution politique \u00bb, a\u00adt\u00adil ajout\u00e9. <\/p>\n<p>L\u2019ann\u00e9e derni\u00e8re d\u00e9j\u00e0, la Russie et la Chine avaient oppos\u00e9 leur v\u00e9to \u00e0 deux projets de r\u00e9solution du Conseil de s\u00e9curit\u00e9 de l\u2019ONU, en avan\u00e7ant que les textes \u2013soutenus par les \u00c9tats\u00adUnis- condamnaient uniquement Bachar al\u00adAssad en le jugeant seul responsable des violences et exigeaient que les forces du gouvernement cessent les attaques alors qu\u2019ils ne l\u2019exigeaient pas de l\u2019opposition. <\/p>\n<p>\u00c0 New York, la France et le Royaume-Uni, deux autres membres permanents du Conseil de s\u00e9curit\u00e9, ont intensifi\u00e9 leurs critiques envers Bachar al\u00adAssad et ont appel\u00e9 Moscou et P\u00e9kin \u00e0 revoir leur position. <\/p>\n<p> \u00ab Apr\u00e8s des mois de blocage, j\u2019appelle la Chine et la Russie \u00e0 entendre la voix des Arabes et de la conscience mondiale et \u00e0 se joindre \u00e0 nous \u00bb, a d\u00e9clar\u00e9 le ministre fran\u00e7ais des Affaires \u00e9trang\u00e8res, Alain Jupp\u00e9. <\/p>\n<p>Toutefois, M. Lavrov a maintenu son opposition \u00e0 une action \u00ab unilat\u00e9rale \u00bb de l\u2019ONU et a de nouveau condamn\u00e9 les attaques a\u00e9riennes op\u00e9r\u00e9es par l\u2019OTAN en Libye pour justifier son rejet de la campagne occidentale en Syrie. <\/p>\n<p>Le ministre russe des Affaires \u00e9trang\u00e8res a fustig\u00e9 les efforts visant \u00e0 \u00ab demander pr\u00e9cipitamment un changement de r\u00e9gime, imposer des sanctions unilat\u00e9rales visant \u00e0 cr\u00e9er des difficult\u00e9s \u00e9conomiques et des tensions sociales et encourager l&rsquo;opposition \u00e0 continuer \u00e0 affronter les autorit\u00e9s au lieu de promouvoir le dialogue. \u00bb<\/p>\n<p>M. Lavrov a ajout\u00e9 que tous ces agissements sont des \u00ab recettes risqu\u00e9es d\u2019ing\u00e9nierie g\u00e9opolitique qui ne peuvent qu\u2019\u00e9tendre le conflit \u00bb. <\/p>\n<p>Traduction : Pauline Aschard<\/p>\n","protected":false},"excerpt":{"rendered":"<p>Lundi 12 mars, lors d\u2019une r\u00e9union du Conseil de s\u00e9curit\u00e9 des Nations Unies (ONU) et malgr\u00e9 les appels \u00e0 adopter une position commune afin d\u2019aider la Syrie \u00e0 ne pas \u00ab sombrer dans une catastrophe encore pire \u00bb, les \u00c9tats-Unis et la Russie ont affich\u00e9 publiquement leur d\u00e9saccord quant \u00e0 la mani\u00e8re de r\u00e9soudre le conflit qui fait rage entre le gouvernement et les opposants arm\u00e9s.<\/p>\n","protected":false},"author":494,"featured_media":0,"comment_status":"closed","ping_status":"open","sticky":false,"template":"","format":"standard","meta":{"footnotes":""},"categories":[86,40,95],"tags":[],"class_list":["post-8497","post","type-post","status-publish","format-standard","hentry","category-amerique-du-sud","category-international-fr","category-affaires-etrangeres"],"yoast_head":"<!-- This site is optimized with the Yoast SEO plugin v27.1.1 - https:\/\/yoast.com\/product\/yoast-seo-wordpress\/ -->\n<title>Profond d\u00e9saccord entre les \u00c9tats\u00adUnis et la Russie sur la mani\u00e8re de r\u00e9soudre le conflit syrien<\/title>\n<meta name=\"description\" content=\"Lundi 12 mars, lors d\u2019une r\u00e9union du Conseil de s\u00e9curit\u00e9 des Nations Unies (ONU) et malgr\u00e9 les appels \u00e0 adopter une position commune afin d\u2019aider la Syrie \u00e0 ne pas \u00ab sombrer dans une catastrophe encore pire \u00bb, les \u00c9tats-Unis et la Russie ont affich\u00e9 publiquement leur d\u00e9saccord quant \u00e0 la mani\u00e8re de r\u00e9soudre le conflit qui fait rage entre le gouvernement et les opposants arm\u00e9s.\" \/>\n<meta name=\"robots\" content=\"index, follow, max-snippet:-1, max-image-preview:large, max-video-preview:-1\" \/>\n<link rel=\"canonical\" href=\"https:\/\/www.pressenza.com\/fr\/2012\/03\/profond-desaccord-entre-les-etats-unis-et-la-russie-sur-la-maniere-de-resoudre-le-conflit-syrien\/\" \/>\n<meta property=\"og:locale\" content=\"fr_FR\" \/>\n<meta property=\"og:type\" content=\"article\" \/>\n<meta property=\"og:title\" content=\"Profond d\u00e9saccord entre les \u00c9tats\u00adUnis et la Russie sur la mani\u00e8re de r\u00e9soudre le conflit syrien\" \/>\n<meta property=\"og:description\" content=\"Lundi 12 mars, lors d\u2019une r\u00e9union du Conseil de s\u00e9curit\u00e9 des Nations Unies (ONU) et malgr\u00e9 les appels \u00e0 adopter une position commune afin d\u2019aider la Syrie \u00e0 ne pas \u00ab sombrer dans une catastrophe encore pire \u00bb, les \u00c9tats-Unis et la Russie ont affich\u00e9 publiquement leur d\u00e9saccord quant \u00e0 la mani\u00e8re de r\u00e9soudre le conflit qui fait rage entre le gouvernement et les opposants arm\u00e9s.\" \/>\n<meta property=\"og:url\" content=\"https:\/\/www.pressenza.com\/fr\/2012\/03\/profond-desaccord-entre-les-etats-unis-et-la-russie-sur-la-maniere-de-resoudre-le-conflit-syrien\/\" \/>\n<meta property=\"og:site_name\" content=\"Pressenza\" \/>\n<meta property=\"article:publisher\" content=\"https:\/\/www.facebook.com\/PressenzaItalia\" \/>\n<meta property=\"article:author\" content=\"https:\/\/www.facebook.com\/AgenciaTELAM\" \/>\n<meta property=\"article:published_time\" content=\"2012-03-12T00:00:00+00:00\" \/>\n<meta property=\"article:modified_time\" content=\"2012-03-21T11:31:28+00:00\" \/>\n<meta name=\"author\" content=\"T\u00e9lam - Agencia Nacional de Noticias de la Rep\u00fablica Argentina\" \/>\n<meta name=\"twitter:card\" content=\"summary_large_image\" \/>\n<meta name=\"twitter:creator\" content=\"@AgenciaTelam\" \/>\n<meta name=\"twitter:site\" content=\"@PressenzaIPA\" \/>\n<meta name=\"twitter:label1\" content=\"\u00c9crit par\" \/>\n\t<meta name=\"twitter:data1\" content=\"T\u00e9lam - Agencia Nacional de Noticias de la Rep\u00fablica Argentina\" \/>\n\t<meta name=\"twitter:label2\" content=\"Dur\u00e9e de lecture estim\u00e9e\" \/>\n\t<meta name=\"twitter:data2\" content=\"5 minutes\" \/>\n<script type=\"application\/ld+json\" class=\"yoast-schema-graph\">{\"@context\":\"https:\/\/schema.org\",\"@graph\":[{\"@type\":\"Article\",\"@id\":\"https:\/\/www.pressenza.com\/fr\/2012\/03\/profond-desaccord-entre-les-etats-unis-et-la-russie-sur-la-maniere-de-resoudre-le-conflit-syrien\/#article\",\"isPartOf\":{\"@id\":\"https:\/\/www.pressenza.com\/fr\/2012\/03\/profond-desaccord-entre-les-etats-unis-et-la-russie-sur-la-maniere-de-resoudre-le-conflit-syrien\/\"},\"author\":{\"name\":\"T\u00e9lam - Agencia Nacional de Noticias de la Rep\u00fablica Argentina\",\"@id\":\"https:\/\/www.pressenza.com\/fr\/#\/schema\/person\/f1a879435e38cd8f69eac14ebf21489e\"},\"headline\":\"Profond d\u00e9saccord entre les \u00c9tats\u00adUnis et la Russie sur la mani\u00e8re de r\u00e9soudre le conflit syrien\",\"datePublished\":\"2012-03-12T00:00:00+00:00\",\"dateModified\":\"2012-03-21T11:31:28+00:00\",\"mainEntityOfPage\":{\"@id\":\"https:\/\/www.pressenza.com\/fr\/2012\/03\/profond-desaccord-entre-les-etats-unis-et-la-russie-sur-la-maniere-de-resoudre-le-conflit-syrien\/\"},\"wordCount\":943,\"publisher\":{\"@id\":\"https:\/\/www.pressenza.com\/fr\/#organization\"},\"articleSection\":[\"Am\u00e9rique du Sud\",\"International\",\"Relations internationales\"],\"inLanguage\":\"fr-FR\"},{\"@type\":\"WebPage\",\"@id\":\"https:\/\/www.pressenza.com\/fr\/2012\/03\/profond-desaccord-entre-les-etats-unis-et-la-russie-sur-la-maniere-de-resoudre-le-conflit-syrien\/\",\"url\":\"https:\/\/www.pressenza.com\/fr\/2012\/03\/profond-desaccord-entre-les-etats-unis-et-la-russie-sur-la-maniere-de-resoudre-le-conflit-syrien\/\",\"name\":\"Profond d\u00e9saccord entre les \u00c9tats\u00adUnis et la Russie sur la mani\u00e8re de r\u00e9soudre le conflit syrien\",\"isPartOf\":{\"@id\":\"https:\/\/www.pressenza.com\/fr\/#website\"},\"datePublished\":\"2012-03-12T00:00:00+00:00\",\"dateModified\":\"2012-03-21T11:31:28+00:00\",\"description\":\"Lundi 12 mars, lors d\u2019une r\u00e9union du Conseil de s\u00e9curit\u00e9 des Nations Unies (ONU) et malgr\u00e9 les appels \u00e0 adopter une position commune afin d\u2019aider la Syrie \u00e0 ne pas \u00ab sombrer dans une catastrophe encore pire \u00bb, les \u00c9tats-Unis et la Russie ont affich\u00e9 publiquement leur d\u00e9saccord quant \u00e0 la mani\u00e8re de r\u00e9soudre le conflit qui fait rage entre le gouvernement et les opposants arm\u00e9s.\",\"breadcrumb\":{\"@id\":\"https:\/\/www.pressenza.com\/fr\/2012\/03\/profond-desaccord-entre-les-etats-unis-et-la-russie-sur-la-maniere-de-resoudre-le-conflit-syrien\/#breadcrumb\"},\"inLanguage\":\"fr-FR\",\"potentialAction\":[{\"@type\":\"ReadAction\",\"target\":[\"https:\/\/www.pressenza.com\/fr\/2012\/03\/profond-desaccord-entre-les-etats-unis-et-la-russie-sur-la-maniere-de-resoudre-le-conflit-syrien\/\"]}]},{\"@type\":\"BreadcrumbList\",\"@id\":\"https:\/\/www.pressenza.com\/fr\/2012\/03\/profond-desaccord-entre-les-etats-unis-et-la-russie-sur-la-maniere-de-resoudre-le-conflit-syrien\/#breadcrumb\",\"itemListElement\":[{\"@type\":\"ListItem\",\"position\":1,\"name\":\"Accueil\",\"item\":\"https:\/\/www.pressenza.com\/fr\/\"},{\"@type\":\"ListItem\",\"position\":2,\"name\":\"Profond d\u00e9saccord entre les \u00c9tats\u00adUnis et la Russie sur la mani\u00e8re de r\u00e9soudre le conflit syrien\"}]},{\"@type\":\"WebSite\",\"@id\":\"https:\/\/www.pressenza.com\/fr\/#website\",\"url\":\"https:\/\/www.pressenza.com\/fr\/\",\"name\":\"Pressenza\",\"description\":\"International Press Agency\",\"publisher\":{\"@id\":\"https:\/\/www.pressenza.com\/fr\/#organization\"},\"potentialAction\":[{\"@type\":\"SearchAction\",\"target\":{\"@type\":\"EntryPoint\",\"urlTemplate\":\"https:\/\/www.pressenza.com\/fr\/?s={search_term_string}\"},\"query-input\":{\"@type\":\"PropertyValueSpecification\",\"valueRequired\":true,\"valueName\":\"search_term_string\"}}],\"inLanguage\":\"fr-FR\"},{\"@type\":\"Organization\",\"@id\":\"https:\/\/www.pressenza.com\/fr\/#organization\",\"name\":\"Pressenza\",\"url\":\"https:\/\/www.pressenza.com\/fr\/\",\"logo\":{\"@type\":\"ImageObject\",\"inLanguage\":\"fr-FR\",\"@id\":\"https:\/\/www.pressenza.com\/fr\/#\/schema\/logo\/image\/\",\"url\":\"https:\/\/www.pressenza.com\/wp-content\/uploads\/2022\/10\/pressenza_logo_200x200.jpg\",\"contentUrl\":\"https:\/\/www.pressenza.com\/wp-content\/uploads\/2022\/10\/pressenza_logo_200x200.jpg\",\"width\":200,\"height\":200,\"caption\":\"Pressenza\"},\"image\":{\"@id\":\"https:\/\/www.pressenza.com\/fr\/#\/schema\/logo\/image\/\"},\"sameAs\":[\"https:\/\/www.facebook.com\/PressenzaItalia\",\"https:\/\/x.com\/PressenzaIPA\"]},{\"@type\":\"Person\",\"@id\":\"https:\/\/www.pressenza.com\/fr\/#\/schema\/person\/f1a879435e38cd8f69eac14ebf21489e\",\"name\":\"T\u00e9lam - Agencia Nacional de Noticias de la Rep\u00fablica Argentina\",\"description\":\"T\u00e9lam es una de las grandes agencias de noticias a nivel regional. El prestigio, acceso a fuentes oficiales, la cobertura en todo el territorio nacional y corresponsal\u00edas en el exterior; y la responsabilidad en el tratamiento informativo son caracter\u00edsticas que colocan a T\u00e9lam en referente period\u00edstico confiable y cre\u00edble en el pa\u00eds y en el mundo. Sostiene un servicio actualizado, detallado y original en diversos formatos, las 24 horas del d\u00eda, todos los d\u00edas del a\u00f1o. Es l\u00edder en el mercado nacional y sostiene alianzas a nivel regional y mundial que le permiten expandir los servicios period\u00edsticos. Suministra sus productos v\u00eda on line, tanto a nivel local como internacional. En la actualidad, la Agencia suma a sus servicios tradicionales, nuevos desaf\u00edos a partir de la realizaci\u00f3n de producciones multimedia para diversas plataformas. www.telam.com.ar\",\"sameAs\":[\"https:\/\/www.facebook.com\/AgenciaTELAM\",\"https:\/\/x.com\/AgenciaTelam\"],\"url\":\"https:\/\/www.pressenza.com\/fr\/author\/telam\/\"}]}<\/script>\n<!-- \/ Yoast SEO plugin. -->","yoast_head_json":{"title":"Profond d\u00e9saccord entre les \u00c9tats\u00adUnis et la Russie sur la mani\u00e8re de r\u00e9soudre le conflit syrien","description":"Lundi 12 mars, lors d\u2019une r\u00e9union du Conseil de s\u00e9curit\u00e9 des Nations Unies (ONU) et malgr\u00e9 les appels \u00e0 adopter une position commune afin d\u2019aider la Syrie \u00e0 ne pas \u00ab sombrer dans une catastrophe encore pire \u00bb, les \u00c9tats-Unis et la Russie ont affich\u00e9 publiquement leur d\u00e9saccord quant \u00e0 la mani\u00e8re de r\u00e9soudre le conflit qui fait rage entre le gouvernement et les opposants arm\u00e9s.","robots":{"index":"index","follow":"follow","max-snippet":"max-snippet:-1","max-image-preview":"max-image-preview:large","max-video-preview":"max-video-preview:-1"},"canonical":"https:\/\/www.pressenza.com\/fr\/2012\/03\/profond-desaccord-entre-les-etats-unis-et-la-russie-sur-la-maniere-de-resoudre-le-conflit-syrien\/","og_locale":"fr_FR","og_type":"article","og_title":"Profond d\u00e9saccord entre les \u00c9tats\u00adUnis et la Russie sur la mani\u00e8re de r\u00e9soudre le conflit syrien","og_description":"Lundi 12 mars, lors d\u2019une r\u00e9union du Conseil de s\u00e9curit\u00e9 des Nations Unies (ONU) et malgr\u00e9 les appels \u00e0 adopter une position commune afin d\u2019aider la Syrie \u00e0 ne pas \u00ab sombrer dans une catastrophe encore pire \u00bb, les \u00c9tats-Unis et la Russie ont affich\u00e9 publiquement leur d\u00e9saccord quant \u00e0 la mani\u00e8re de r\u00e9soudre le conflit qui fait rage entre le gouvernement et les opposants arm\u00e9s.","og_url":"https:\/\/www.pressenza.com\/fr\/2012\/03\/profond-desaccord-entre-les-etats-unis-et-la-russie-sur-la-maniere-de-resoudre-le-conflit-syrien\/","og_site_name":"Pressenza","article_publisher":"https:\/\/www.facebook.com\/PressenzaItalia","article_author":"https:\/\/www.facebook.com\/AgenciaTELAM","article_published_time":"2012-03-12T00:00:00+00:00","article_modified_time":"2012-03-21T11:31:28+00:00","author":"T\u00e9lam - Agencia Nacional de Noticias de la Rep\u00fablica Argentina","twitter_card":"summary_large_image","twitter_creator":"@AgenciaTelam","twitter_site":"@PressenzaIPA","twitter_misc":{"\u00c9crit par":"T\u00e9lam - Agencia Nacional de Noticias de la Rep\u00fablica Argentina","Dur\u00e9e de lecture estim\u00e9e":"5 minutes"},"schema":{"@context":"https:\/\/schema.org","@graph":[{"@type":"Article","@id":"https:\/\/www.pressenza.com\/fr\/2012\/03\/profond-desaccord-entre-les-etats-unis-et-la-russie-sur-la-maniere-de-resoudre-le-conflit-syrien\/#article","isPartOf":{"@id":"https:\/\/www.pressenza.com\/fr\/2012\/03\/profond-desaccord-entre-les-etats-unis-et-la-russie-sur-la-maniere-de-resoudre-le-conflit-syrien\/"},"author":{"name":"T\u00e9lam - Agencia Nacional de Noticias de la Rep\u00fablica Argentina","@id":"https:\/\/www.pressenza.com\/fr\/#\/schema\/person\/f1a879435e38cd8f69eac14ebf21489e"},"headline":"Profond d\u00e9saccord entre les \u00c9tats\u00adUnis et la Russie sur la mani\u00e8re de r\u00e9soudre le conflit syrien","datePublished":"2012-03-12T00:00:00+00:00","dateModified":"2012-03-21T11:31:28+00:00","mainEntityOfPage":{"@id":"https:\/\/www.pressenza.com\/fr\/2012\/03\/profond-desaccord-entre-les-etats-unis-et-la-russie-sur-la-maniere-de-resoudre-le-conflit-syrien\/"},"wordCount":943,"publisher":{"@id":"https:\/\/www.pressenza.com\/fr\/#organization"},"articleSection":["Am\u00e9rique du Sud","International","Relations internationales"],"inLanguage":"fr-FR"},{"@type":"WebPage","@id":"https:\/\/www.pressenza.com\/fr\/2012\/03\/profond-desaccord-entre-les-etats-unis-et-la-russie-sur-la-maniere-de-resoudre-le-conflit-syrien\/","url":"https:\/\/www.pressenza.com\/fr\/2012\/03\/profond-desaccord-entre-les-etats-unis-et-la-russie-sur-la-maniere-de-resoudre-le-conflit-syrien\/","name":"Profond d\u00e9saccord entre les \u00c9tats\u00adUnis et la Russie sur la mani\u00e8re de r\u00e9soudre le conflit syrien","isPartOf":{"@id":"https:\/\/www.pressenza.com\/fr\/#website"},"datePublished":"2012-03-12T00:00:00+00:00","dateModified":"2012-03-21T11:31:28+00:00","description":"Lundi 12 mars, lors d\u2019une r\u00e9union du Conseil de s\u00e9curit\u00e9 des Nations Unies (ONU) et malgr\u00e9 les appels \u00e0 adopter une position commune afin d\u2019aider la Syrie \u00e0 ne pas \u00ab sombrer dans une catastrophe encore pire \u00bb, les \u00c9tats-Unis et la Russie ont affich\u00e9 publiquement leur d\u00e9saccord quant \u00e0 la mani\u00e8re de r\u00e9soudre le conflit qui fait rage entre le gouvernement et les opposants arm\u00e9s.","breadcrumb":{"@id":"https:\/\/www.pressenza.com\/fr\/2012\/03\/profond-desaccord-entre-les-etats-unis-et-la-russie-sur-la-maniere-de-resoudre-le-conflit-syrien\/#breadcrumb"},"inLanguage":"fr-FR","potentialAction":[{"@type":"ReadAction","target":["https:\/\/www.pressenza.com\/fr\/2012\/03\/profond-desaccord-entre-les-etats-unis-et-la-russie-sur-la-maniere-de-resoudre-le-conflit-syrien\/"]}]},{"@type":"BreadcrumbList","@id":"https:\/\/www.pressenza.com\/fr\/2012\/03\/profond-desaccord-entre-les-etats-unis-et-la-russie-sur-la-maniere-de-resoudre-le-conflit-syrien\/#breadcrumb","itemListElement":[{"@type":"ListItem","position":1,"name":"Accueil","item":"https:\/\/www.pressenza.com\/fr\/"},{"@type":"ListItem","position":2,"name":"Profond d\u00e9saccord entre les \u00c9tats\u00adUnis et la Russie sur la mani\u00e8re de r\u00e9soudre le conflit syrien"}]},{"@type":"WebSite","@id":"https:\/\/www.pressenza.com\/fr\/#website","url":"https:\/\/www.pressenza.com\/fr\/","name":"Pressenza","description":"International Press Agency","publisher":{"@id":"https:\/\/www.pressenza.com\/fr\/#organization"},"potentialAction":[{"@type":"SearchAction","target":{"@type":"EntryPoint","urlTemplate":"https:\/\/www.pressenza.com\/fr\/?s={search_term_string}"},"query-input":{"@type":"PropertyValueSpecification","valueRequired":true,"valueName":"search_term_string"}}],"inLanguage":"fr-FR"},{"@type":"Organization","@id":"https:\/\/www.pressenza.com\/fr\/#organization","name":"Pressenza","url":"https:\/\/www.pressenza.com\/fr\/","logo":{"@type":"ImageObject","inLanguage":"fr-FR","@id":"https:\/\/www.pressenza.com\/fr\/#\/schema\/logo\/image\/","url":"https:\/\/www.pressenza.com\/wp-content\/uploads\/2022\/10\/pressenza_logo_200x200.jpg","contentUrl":"https:\/\/www.pressenza.com\/wp-content\/uploads\/2022\/10\/pressenza_logo_200x200.jpg","width":200,"height":200,"caption":"Pressenza"},"image":{"@id":"https:\/\/www.pressenza.com\/fr\/#\/schema\/logo\/image\/"},"sameAs":["https:\/\/www.facebook.com\/PressenzaItalia","https:\/\/x.com\/PressenzaIPA"]},{"@type":"Person","@id":"https:\/\/www.pressenza.com\/fr\/#\/schema\/person\/f1a879435e38cd8f69eac14ebf21489e","name":"T\u00e9lam - Agencia Nacional de Noticias de la Rep\u00fablica Argentina","description":"T\u00e9lam es una de las grandes agencias de noticias a nivel regional. El prestigio, acceso a fuentes oficiales, la cobertura en todo el territorio nacional y corresponsal\u00edas en el exterior; y la responsabilidad en el tratamiento informativo son caracter\u00edsticas que colocan a T\u00e9lam en referente period\u00edstico confiable y cre\u00edble en el pa\u00eds y en el mundo. Sostiene un servicio actualizado, detallado y original en diversos formatos, las 24 horas del d\u00eda, todos los d\u00edas del a\u00f1o. Es l\u00edder en el mercado nacional y sostiene alianzas a nivel regional y mundial que le permiten expandir los servicios period\u00edsticos. Suministra sus productos v\u00eda on line, tanto a nivel local como internacional. En la actualidad, la Agencia suma a sus servicios tradicionales, nuevos desaf\u00edos a partir de la realizaci\u00f3n de producciones multimedia para diversas plataformas. www.telam.com.ar","sameAs":["https:\/\/www.facebook.com\/AgenciaTELAM","https:\/\/x.com\/AgenciaTelam"],"url":"https:\/\/www.pressenza.com\/fr\/author\/telam\/"}]}},"place":"Buenos Aires","original_article_url":"","_links":{"self":[{"href":"https:\/\/www.pressenza.com\/fr\/wp-json\/wp\/v2\/posts\/8497","targetHints":{"allow":["GET"]}}],"collection":[{"href":"https:\/\/www.pressenza.com\/fr\/wp-json\/wp\/v2\/posts"}],"about":[{"href":"https:\/\/www.pressenza.com\/fr\/wp-json\/wp\/v2\/types\/post"}],"author":[{"embeddable":true,"href":"https:\/\/www.pressenza.com\/fr\/wp-json\/wp\/v2\/users\/494"}],"replies":[{"embeddable":true,"href":"https:\/\/www.pressenza.com\/fr\/wp-json\/wp\/v2\/comments?post=8497"}],"version-history":[{"count":0,"href":"https:\/\/www.pressenza.com\/fr\/wp-json\/wp\/v2\/posts\/8497\/revisions"}],"wp:attachment":[{"href":"https:\/\/www.pressenza.com\/fr\/wp-json\/wp\/v2\/media?parent=8497"}],"wp:term":[{"taxonomy":"category","embeddable":true,"href":"https:\/\/www.pressenza.com\/fr\/wp-json\/wp\/v2\/categories?post=8497"},{"taxonomy":"post_tag","embeddable":true,"href":"https:\/\/www.pressenza.com\/fr\/wp-json\/wp\/v2\/tags?post=8497"}],"curies":[{"name":"wp","href":"https:\/\/api.w.org\/{rel}","templated":true}]}}