{"id":83974,"date":"2014-01-07T19:36:15","date_gmt":"2014-01-07T19:36:15","guid":{"rendered":"http:\/\/www.pressenza.com\/?p=83974"},"modified":"2014-01-08T13:25:27","modified_gmt":"2014-01-08T13:25:27","slug":"qui-possede-le-monde","status":"publish","type":"post","link":"https:\/\/www.pressenza.com\/fr\/2014\/01\/qui-possede-le-monde\/","title":{"rendered":"Qui poss\u00e8de le monde ?"},"content":{"rendered":"<p><em>Extrait du livre \u00abPower system\u00bb ( Metropolitan Books) d\u2019entretiens entre Noam Chomsky et David Barsamian, directeur d\u2019Alternative Radio (www.alternativeradio.org) sorti le 06\/02\/2013 sur truth-out.org<\/em><\/p>\n<p><strong>David Barsamian:<\/strong> Le nouvel imp\u00e9rialisme Am\u00e9ricain semble \u00eatre substantiellement diff\u00e9rent de l\u2019ancienne version car les USA ont un pouvoir \u00e9conomique sur le d\u00e9clin et voient leur pouvoir politique et leur influence s\u2019affaiblir.<\/p>\n<p><strong>Noam Chomsky:<\/strong> Je pense que le discours sur le d\u00e9clin am\u00e9ricain doit \u00eatre pris avec un peu de recul.<br \/>\nLes USA sont vraiment devenus une puissance globale au cours de la seconde guerre mondiale. Ce pays \u00e9tait la plus grosse puissance \u00e9conomique bien avant la guerre mais c\u2019\u00e9tait un pouvoir qu\u2019on pourrait qualifier de r\u00e9gional. Ils contr\u00f4laient la sph\u00e8re occidentale et avaient effectu\u00e9 quelques incursions dans le Pacifique mais l\u2019Angleterre restait la premi\u00e8re puissance mondiale. La seconde guerre mondiale a tout chang\u00e9 : les USA sont devenus la puissance dominant le monde, poss\u00e9dant la moiti\u00e9 de la richesse mondiale alors que les autres nations industrielles \u00e9taient affaiblies ou d\u00e9truites. Cette nation \u00e9tait dans une position incroyablement\u00a0 forte par le contr\u00f4le de leur h\u00e9misph\u00e8re ainsi que l\u2019Atlantique et le Pacifique avec une puissance militaire \u00e9norme. Bien s\u00fbr cela \u00e9volua : l\u2019Europe et le Japon se sont relev\u00e9s et la d\u00e9colonisation changea la donne. En 1970 les USA \u00e9taient redescendus \u00e0 25% de la richesse mondiale ce qui est comparable \u00e0 leur situation des ann\u00e9es 20. Ils avaient encore leur pouvoir global \u00e9crasant mais \u00e9taient loin de la situation de 1950. Depuis 1970 cette situation s\u2019est maintenue malgr\u00e9 quelques changements.<\/p>\n<p>Durant cette derni\u00e8re d\u00e9cennie et pour la premi\u00e8re fois en 500 ans depuis la conqu\u00eate espagnole et portugaise, l\u2019Am\u00e9rique latine a commenc\u00e9 \u00e0 prendre en main ses probl\u00e8mes. L\u2019Am\u00e9rique du sud a commenc\u00e9 a s\u2019organiser alors qu\u2019auparavant chaque pays \u00e9tait isol\u00e9 et tourn\u00e9 vers l\u2019ouest : d\u2019abord vers l\u2019Europe puis vers les USA. L\u2019organisation est importante car elle signifie qu\u2019il n\u2019est plus aussi facile de cueillir les pays un par un. Les pays d\u2019Am\u00e9rique latine peuvent s\u2019unir pour se d\u00e9fendre contre une puissance ext\u00e9rieure. L\u2019autre \u00e9volution qui a plus d\u2019importance et est plus complexe est que les pays d\u2019Am\u00e9rique latine commencent individuellement a faire face a leurs lourds probl\u00e8mes internes. Avec ses ressources l\u2019Am\u00e9rique latine devrait \u00eatre un continent riche ; particuli\u00e8rement l\u2019Am\u00e9rique du sud. L\u2019Am\u00e9rique latine a beaucoup de richesses, aux mains d\u2019une \u00e9lite minoritaire et souvent occidentalis\u00e9e qui c\u00f4toie une pauvret\u00e9 massive. Il existe des tentatives de lutter contre cela et l\u2019Am\u00e9rique latine est en train de s\u2019\u00e9loigner de la mainmise am\u00e9ricaine ce qui est une autre forme d\u2019organisation.<\/p>\n<p>On parle beaucoup d\u2019un changement global de pouvoir : l\u2019Inde et la Chine vont devenir les nouvelles super-puissances, les pays riches. Il est n\u00e9cessaire de prendre du recul par rapport a cela. Par exemple, de nombreux observateurs \u00e9voquent la dette am\u00e9ricaine et le fait que la Chine en poss\u00e8de une grande partie. Il y a quelques ann\u00e9es c\u2019\u00e9tait le Japon qui en d\u00e9tenait la plus grande part mais maintenant la Chine l\u2019a d\u00e9pass\u00e9.<\/p>\n<p>La g\u00e9n\u00e9ralisation du discours sur le d\u00e9clin de USA est trompeur: on nous a appris \u00e0 parler d\u2019un ensemble d\u2019Etats envisag\u00e9 comme des entit\u00e9s unifi\u00e9es et coh\u00e9rentes. Dans l\u2019\u00e9tude de la th\u00e9orie des relations internationales, il existe une \u00e9cole appel\u00e9e l\u2019\u00e9cole r\u00e9aliste qui consid\u00e8re qu\u2019il y a un monde anarchique d\u2019Etats, chacun poursuivant ses propres \u00abint\u00e9r\u00eats nationaux\u00bb. En grande partie, c\u2019est un mythe. Il existe quelques int\u00e9r\u00eats communs comme par exemple la survie, mais en g\u00e9n\u00e9ral, les individus d\u2019une m\u00eame nation ont des int\u00e9r\u00eats divergents. Les int\u00e9r\u00eats du P-DG de General Electric et du concierge qui nettoie son sol ne sont pas les m\u00eames.<\/p>\n<p>Une partie du syst\u00e8me doctrinal aux Etats-Unis fait croire que nous sommes tous une famille heureuse, sans division de classes, et que tout le monde travaille ensemble en harmonie parfaite. C\u2019est totalement faux. Au 18\u00b0 si\u00e8cle, Adam Smith a dit que ce sont les gens qui poss\u00e8dent la soci\u00e9t\u00e9 qui font la politique : les marchands et les fabricants. Aujourd\u2019hui le pouvoir est aux mains des institutions financi\u00e8res et des multinationales. Ces institutions ont un int\u00e9r\u00eat au d\u00e9veloppement chinois. Donc par exemple pour le P-DG de Walmart ou Dell ou Hewlett-Packard, il est parfaitement satisfaisant d\u2019avoir de la main d\u2019\u0153uvre tr\u00e8s bon march\u00e9 en Chine, travaillant dans des conditions affreuses et avec tr\u00e8s peu de contraintes environnementales. Aussi longtemps que la Chine a ce qu\u2019on appelle la croissance \u00e9conomique, c\u2019est parfait.<\/p>\n<p>Actuellement, la croissance \u00e9conomique de la Chine est un peu un mythe. La Chine est principalement une usine d\u2019assemblage. La Chine est un exportateur majeur mais alors que le d\u00e9ficit de la balance commerciale des USA avec la Chine a augment\u00e9, le d\u00e9ficit avec le Japon, Ta\u00efwan et la Cor\u00e9e a diminu\u00e9. La raison en est que le syst\u00e8me de production r\u00e9gional se d\u00e9veloppe. Les pays les plus d\u00e9velopp\u00e9s de la r\u00e9gion (le Japon, Singapour, la Cor\u00e9e du sud et Ta\u00efwan) envoient des composants et pi\u00e8ces d\u00e9tach\u00e9es de haute technologie en Chine, qui use de sa force de travail bon march\u00e9 pour assembler des marchandises et les envoyer hors de la r\u00e9gion. Les soci\u00e9t\u00e9s am\u00e9ricaines font la m\u00eame chose : elles envoient des composants et pi\u00e8ces d\u00e9tach\u00e9es en Chine o\u00f9 la population assemble et exporte les produits finis. Ces produits sont comptabilis\u00e9s comme exportations chinoises mais ce sont bien souvent des exportations r\u00e9gionales et parfois des exportations am\u00e9ricaines vers les USA.<\/p>\n<p>A partir du moment o\u00f9 nous cassons cette vision d\u2019\u00e9tats-nations comme entit\u00e9s unifi\u00e9es sans divisions internes, nous pouvons voir qu\u2019il y a bien un d\u00e9placement global du pouvoir, mais c\u2019est de la force de travail mondiale vers les propri\u00e9taires du monde\u00a0: le capital transnational et les institutions financi\u00e8res globales.<\/p>\n<p>Traduit par DiaCrisis pour <a href=\"http:\/\/www.noam-chomsky.fr\">www.noam-chomsky.fr<\/a><\/p>\n","protected":false},"excerpt":{"rendered":"<p>Extrait du livre \u00abPower system\u00bb ( Metropolitan Books) d\u2019entretiens entre Noam Chomsky et David Barsamian, directeur d\u2019Alternative Radio (www.alternativeradio.org) sorti le 06\/02\/2013 sur truth-out.org David Barsamian: Le nouvel imp\u00e9rialisme Am\u00e9ricain semble \u00eatre substantiellement diff\u00e9rent de l\u2019ancienne version car les USA&hellip;<\/p>\n","protected":false},"author":88,"featured_media":84057,"comment_status":"closed","ping_status":"open","sticky":false,"template":"","format":"standard","meta":{"footnotes":""},"categories":[100,163,93],"tags":[3223,3101,3086],"class_list":["post-83974","post","type-post","status-publish","format-standard","has-post-thumbnail","hentry","category-economie","category-opinion-fr","category-politique","tag-capital","tag-imperialisme","tag-noam-chomsky-fr"],"yoast_head":"<!-- This site is optimized with the Yoast SEO plugin v27.1.1 - https:\/\/yoast.com\/product\/yoast-seo-wordpress\/ -->\n<title>Qui poss\u00e8de le monde ?<\/title>\n<meta name=\"description\" content=\"Extrait du livre \u00abPower system\u00bb ( Metropolitan Books) d\u2019entretiens entre Noam Chomsky et David Barsamian, directeur d\u2019Alternative Radio\" \/>\n<meta name=\"robots\" content=\"index, follow, max-snippet:-1, max-image-preview:large, max-video-preview:-1\" \/>\n<link rel=\"canonical\" href=\"https:\/\/www.pressenza.com\/fr\/2014\/01\/qui-possede-le-monde\/\" \/>\n<meta property=\"og:locale\" content=\"fr_FR\" \/>\n<meta property=\"og:type\" content=\"article\" \/>\n<meta property=\"og:title\" content=\"Qui poss\u00e8de le monde ?\" \/>\n<meta property=\"og:description\" content=\"Extrait du livre \u00abPower system\u00bb ( Metropolitan Books) d\u2019entretiens entre Noam Chomsky et David Barsamian, directeur d\u2019Alternative Radio\" \/>\n<meta property=\"og:url\" content=\"https:\/\/www.pressenza.com\/fr\/2014\/01\/qui-possede-le-monde\/\" \/>\n<meta property=\"og:site_name\" content=\"Pressenza\" \/>\n<meta property=\"article:publisher\" content=\"https:\/\/www.facebook.com\/PressenzaItalia\" \/>\n<meta property=\"article:published_time\" content=\"2014-01-07T19:36:15+00:00\" \/>\n<meta property=\"article:modified_time\" content=\"2014-01-08T13:25:27+00:00\" \/>\n<meta property=\"og:image\" content=\"https:\/\/www.pressenza.com\/wp-content\/uploads\/2014\/01\/Noam-Chomsky-Je-pense-qu\u2019il-y-aura-un-autre-printemps-arabe-600x383.jpg\" \/>\n\t<meta property=\"og:image:width\" content=\"600\" \/>\n\t<meta property=\"og:image:height\" content=\"383\" \/>\n\t<meta property=\"og:image:type\" content=\"image\/jpeg\" \/>\n<meta name=\"author\" content=\"Noam Chomsky\" \/>\n<meta name=\"twitter:card\" content=\"summary_large_image\" \/>\n<meta name=\"twitter:creator\" content=\"@PressenzaIPA\" \/>\n<meta name=\"twitter:site\" content=\"@PressenzaIPA\" \/>\n<meta name=\"twitter:label1\" content=\"\u00c9crit par\" \/>\n\t<meta name=\"twitter:data1\" content=\"Noam Chomsky\" \/>\n\t<meta name=\"twitter:label2\" content=\"Dur\u00e9e de lecture estim\u00e9e\" \/>\n\t<meta name=\"twitter:data2\" content=\"5 minutes\" \/>\n<script type=\"application\/ld+json\" class=\"yoast-schema-graph\">{\"@context\":\"https:\/\/schema.org\",\"@graph\":[{\"@type\":\"Article\",\"@id\":\"https:\/\/www.pressenza.com\/fr\/2014\/01\/qui-possede-le-monde\/#article\",\"isPartOf\":{\"@id\":\"https:\/\/www.pressenza.com\/fr\/2014\/01\/qui-possede-le-monde\/\"},\"author\":{\"name\":\"Noam Chomsky\",\"@id\":\"https:\/\/www.pressenza.com\/fr\/#\/schema\/person\/01e345fcfa34cc717c2b45a1e876a5a4\"},\"headline\":\"Qui poss\u00e8de le monde ?\",\"datePublished\":\"2014-01-07T19:36:15+00:00\",\"dateModified\":\"2014-01-08T13:25:27+00:00\",\"mainEntityOfPage\":{\"@id\":\"https:\/\/www.pressenza.com\/fr\/2014\/01\/qui-possede-le-monde\/\"},\"wordCount\":1100,\"publisher\":{\"@id\":\"https:\/\/www.pressenza.com\/fr\/#organization\"},\"image\":{\"@id\":\"https:\/\/www.pressenza.com\/fr\/2014\/01\/qui-possede-le-monde\/#primaryimage\"},\"thumbnailUrl\":\"https:\/\/www.pressenza.com\/wp-content\/uploads\/2014\/01\/Noam-Chomsky-Je-pense-qu\u2019il-y-aura-un-autre-printemps-arabe-600x383.jpg\",\"keywords\":[\"capital\",\"imperialisme\",\"Noam Chomsky\"],\"articleSection\":[\"Economie\",\"Opinion\",\"Politique\"],\"inLanguage\":\"fr-FR\"},{\"@type\":\"WebPage\",\"@id\":\"https:\/\/www.pressenza.com\/fr\/2014\/01\/qui-possede-le-monde\/\",\"url\":\"https:\/\/www.pressenza.com\/fr\/2014\/01\/qui-possede-le-monde\/\",\"name\":\"Qui poss\u00e8de le monde ?\",\"isPartOf\":{\"@id\":\"https:\/\/www.pressenza.com\/fr\/#website\"},\"primaryImageOfPage\":{\"@id\":\"https:\/\/www.pressenza.com\/fr\/2014\/01\/qui-possede-le-monde\/#primaryimage\"},\"image\":{\"@id\":\"https:\/\/www.pressenza.com\/fr\/2014\/01\/qui-possede-le-monde\/#primaryimage\"},\"thumbnailUrl\":\"https:\/\/www.pressenza.com\/wp-content\/uploads\/2014\/01\/Noam-Chomsky-Je-pense-qu\u2019il-y-aura-un-autre-printemps-arabe-600x383.jpg\",\"datePublished\":\"2014-01-07T19:36:15+00:00\",\"dateModified\":\"2014-01-08T13:25:27+00:00\",\"description\":\"Extrait du livre \u00abPower system\u00bb ( Metropolitan Books) d\u2019entretiens entre Noam Chomsky et David Barsamian, directeur d\u2019Alternative Radio\",\"breadcrumb\":{\"@id\":\"https:\/\/www.pressenza.com\/fr\/2014\/01\/qui-possede-le-monde\/#breadcrumb\"},\"inLanguage\":\"fr-FR\",\"potentialAction\":[{\"@type\":\"ReadAction\",\"target\":[\"https:\/\/www.pressenza.com\/fr\/2014\/01\/qui-possede-le-monde\/\"]}]},{\"@type\":\"ImageObject\",\"inLanguage\":\"fr-FR\",\"@id\":\"https:\/\/www.pressenza.com\/fr\/2014\/01\/qui-possede-le-monde\/#primaryimage\",\"url\":\"https:\/\/www.pressenza.com\/wp-content\/uploads\/2014\/01\/Noam-Chomsky-Je-pense-qu\u2019il-y-aura-un-autre-printemps-arabe-600x383.jpg\",\"contentUrl\":\"https:\/\/www.pressenza.com\/wp-content\/uploads\/2014\/01\/Noam-Chomsky-Je-pense-qu\u2019il-y-aura-un-autre-printemps-arabe-600x383.jpg\",\"width\":600,\"height\":383},{\"@type\":\"BreadcrumbList\",\"@id\":\"https:\/\/www.pressenza.com\/fr\/2014\/01\/qui-possede-le-monde\/#breadcrumb\",\"itemListElement\":[{\"@type\":\"ListItem\",\"position\":1,\"name\":\"Accueil\",\"item\":\"https:\/\/www.pressenza.com\/fr\/\"},{\"@type\":\"ListItem\",\"position\":2,\"name\":\"Qui poss\u00e8de le monde ?\"}]},{\"@type\":\"WebSite\",\"@id\":\"https:\/\/www.pressenza.com\/fr\/#website\",\"url\":\"https:\/\/www.pressenza.com\/fr\/\",\"name\":\"Pressenza\",\"description\":\"International Press Agency\",\"publisher\":{\"@id\":\"https:\/\/www.pressenza.com\/fr\/#organization\"},\"potentialAction\":[{\"@type\":\"SearchAction\",\"target\":{\"@type\":\"EntryPoint\",\"urlTemplate\":\"https:\/\/www.pressenza.com\/fr\/?s={search_term_string}\"},\"query-input\":{\"@type\":\"PropertyValueSpecification\",\"valueRequired\":true,\"valueName\":\"search_term_string\"}}],\"inLanguage\":\"fr-FR\"},{\"@type\":\"Organization\",\"@id\":\"https:\/\/www.pressenza.com\/fr\/#organization\",\"name\":\"Pressenza\",\"url\":\"https:\/\/www.pressenza.com\/fr\/\",\"logo\":{\"@type\":\"ImageObject\",\"inLanguage\":\"fr-FR\",\"@id\":\"https:\/\/www.pressenza.com\/fr\/#\/schema\/logo\/image\/\",\"url\":\"https:\/\/www.pressenza.com\/wp-content\/uploads\/2022\/10\/pressenza_logo_200x200.jpg\",\"contentUrl\":\"https:\/\/www.pressenza.com\/wp-content\/uploads\/2022\/10\/pressenza_logo_200x200.jpg\",\"width\":200,\"height\":200,\"caption\":\"Pressenza\"},\"image\":{\"@id\":\"https:\/\/www.pressenza.com\/fr\/#\/schema\/logo\/image\/\"},\"sameAs\":[\"https:\/\/www.facebook.com\/PressenzaItalia\",\"https:\/\/x.com\/PressenzaIPA\"]},{\"@type\":\"Person\",\"@id\":\"https:\/\/www.pressenza.com\/fr\/#\/schema\/person\/01e345fcfa34cc717c2b45a1e876a5a4\",\"name\":\"Noam Chomsky\",\"description\":\"Noam Chomsky \u00e8 considerato il pi\u00f9 grande linguista vivente. Professore emerito di linguistica al Massachusetts Institute of Technology. A partire dagli anni sessanta, grazie alla sua forte presa di posizione contro la guerra del Vietnam e al suo notevole impegno politico e sociale, Chomsky si \u00e8 affermato anche come intellettuale anarchico e socialista libertario]. La costante e acuta critica nei confronti della politica estera di diversi paesi e, in particolar modo, degli Stati Uniti, cos\u00ec come l'analisi del ruolo dei mass media nelle democrazie occidentali, lo hanno reso uno degli intellettuali pi\u00f9 celebri e seguiti della sinistra radicale americana e mondiale.\",\"url\":\"https:\/\/www.pressenza.com\/fr\/author\/noam-chomsky\/\"}]}<\/script>\n<!-- \/ Yoast SEO plugin. -->","yoast_head_json":{"title":"Qui poss\u00e8de le monde ?","description":"Extrait du livre \u00abPower system\u00bb ( Metropolitan Books) d\u2019entretiens entre Noam Chomsky et David Barsamian, directeur d\u2019Alternative Radio","robots":{"index":"index","follow":"follow","max-snippet":"max-snippet:-1","max-image-preview":"max-image-preview:large","max-video-preview":"max-video-preview:-1"},"canonical":"https:\/\/www.pressenza.com\/fr\/2014\/01\/qui-possede-le-monde\/","og_locale":"fr_FR","og_type":"article","og_title":"Qui poss\u00e8de le monde ?","og_description":"Extrait du livre \u00abPower system\u00bb ( Metropolitan Books) d\u2019entretiens entre Noam Chomsky et David Barsamian, directeur d\u2019Alternative Radio","og_url":"https:\/\/www.pressenza.com\/fr\/2014\/01\/qui-possede-le-monde\/","og_site_name":"Pressenza","article_publisher":"https:\/\/www.facebook.com\/PressenzaItalia","article_published_time":"2014-01-07T19:36:15+00:00","article_modified_time":"2014-01-08T13:25:27+00:00","og_image":[{"width":600,"height":383,"url":"https:\/\/www.pressenza.com\/wp-content\/uploads\/2014\/01\/Noam-Chomsky-Je-pense-qu\u2019il-y-aura-un-autre-printemps-arabe-600x383.jpg","type":"image\/jpeg"}],"author":"Noam Chomsky","twitter_card":"summary_large_image","twitter_creator":"@PressenzaIPA","twitter_site":"@PressenzaIPA","twitter_misc":{"\u00c9crit par":"Noam Chomsky","Dur\u00e9e de lecture estim\u00e9e":"5 minutes"},"schema":{"@context":"https:\/\/schema.org","@graph":[{"@type":"Article","@id":"https:\/\/www.pressenza.com\/fr\/2014\/01\/qui-possede-le-monde\/#article","isPartOf":{"@id":"https:\/\/www.pressenza.com\/fr\/2014\/01\/qui-possede-le-monde\/"},"author":{"name":"Noam Chomsky","@id":"https:\/\/www.pressenza.com\/fr\/#\/schema\/person\/01e345fcfa34cc717c2b45a1e876a5a4"},"headline":"Qui poss\u00e8de le monde ?","datePublished":"2014-01-07T19:36:15+00:00","dateModified":"2014-01-08T13:25:27+00:00","mainEntityOfPage":{"@id":"https:\/\/www.pressenza.com\/fr\/2014\/01\/qui-possede-le-monde\/"},"wordCount":1100,"publisher":{"@id":"https:\/\/www.pressenza.com\/fr\/#organization"},"image":{"@id":"https:\/\/www.pressenza.com\/fr\/2014\/01\/qui-possede-le-monde\/#primaryimage"},"thumbnailUrl":"https:\/\/www.pressenza.com\/wp-content\/uploads\/2014\/01\/Noam-Chomsky-Je-pense-qu\u2019il-y-aura-un-autre-printemps-arabe-600x383.jpg","keywords":["capital","imperialisme","Noam Chomsky"],"articleSection":["Economie","Opinion","Politique"],"inLanguage":"fr-FR"},{"@type":"WebPage","@id":"https:\/\/www.pressenza.com\/fr\/2014\/01\/qui-possede-le-monde\/","url":"https:\/\/www.pressenza.com\/fr\/2014\/01\/qui-possede-le-monde\/","name":"Qui poss\u00e8de le monde ?","isPartOf":{"@id":"https:\/\/www.pressenza.com\/fr\/#website"},"primaryImageOfPage":{"@id":"https:\/\/www.pressenza.com\/fr\/2014\/01\/qui-possede-le-monde\/#primaryimage"},"image":{"@id":"https:\/\/www.pressenza.com\/fr\/2014\/01\/qui-possede-le-monde\/#primaryimage"},"thumbnailUrl":"https:\/\/www.pressenza.com\/wp-content\/uploads\/2014\/01\/Noam-Chomsky-Je-pense-qu\u2019il-y-aura-un-autre-printemps-arabe-600x383.jpg","datePublished":"2014-01-07T19:36:15+00:00","dateModified":"2014-01-08T13:25:27+00:00","description":"Extrait du livre \u00abPower system\u00bb ( Metropolitan Books) d\u2019entretiens entre Noam Chomsky et David Barsamian, directeur d\u2019Alternative Radio","breadcrumb":{"@id":"https:\/\/www.pressenza.com\/fr\/2014\/01\/qui-possede-le-monde\/#breadcrumb"},"inLanguage":"fr-FR","potentialAction":[{"@type":"ReadAction","target":["https:\/\/www.pressenza.com\/fr\/2014\/01\/qui-possede-le-monde\/"]}]},{"@type":"ImageObject","inLanguage":"fr-FR","@id":"https:\/\/www.pressenza.com\/fr\/2014\/01\/qui-possede-le-monde\/#primaryimage","url":"https:\/\/www.pressenza.com\/wp-content\/uploads\/2014\/01\/Noam-Chomsky-Je-pense-qu\u2019il-y-aura-un-autre-printemps-arabe-600x383.jpg","contentUrl":"https:\/\/www.pressenza.com\/wp-content\/uploads\/2014\/01\/Noam-Chomsky-Je-pense-qu\u2019il-y-aura-un-autre-printemps-arabe-600x383.jpg","width":600,"height":383},{"@type":"BreadcrumbList","@id":"https:\/\/www.pressenza.com\/fr\/2014\/01\/qui-possede-le-monde\/#breadcrumb","itemListElement":[{"@type":"ListItem","position":1,"name":"Accueil","item":"https:\/\/www.pressenza.com\/fr\/"},{"@type":"ListItem","position":2,"name":"Qui poss\u00e8de le monde ?"}]},{"@type":"WebSite","@id":"https:\/\/www.pressenza.com\/fr\/#website","url":"https:\/\/www.pressenza.com\/fr\/","name":"Pressenza","description":"International Press Agency","publisher":{"@id":"https:\/\/www.pressenza.com\/fr\/#organization"},"potentialAction":[{"@type":"SearchAction","target":{"@type":"EntryPoint","urlTemplate":"https:\/\/www.pressenza.com\/fr\/?s={search_term_string}"},"query-input":{"@type":"PropertyValueSpecification","valueRequired":true,"valueName":"search_term_string"}}],"inLanguage":"fr-FR"},{"@type":"Organization","@id":"https:\/\/www.pressenza.com\/fr\/#organization","name":"Pressenza","url":"https:\/\/www.pressenza.com\/fr\/","logo":{"@type":"ImageObject","inLanguage":"fr-FR","@id":"https:\/\/www.pressenza.com\/fr\/#\/schema\/logo\/image\/","url":"https:\/\/www.pressenza.com\/wp-content\/uploads\/2022\/10\/pressenza_logo_200x200.jpg","contentUrl":"https:\/\/www.pressenza.com\/wp-content\/uploads\/2022\/10\/pressenza_logo_200x200.jpg","width":200,"height":200,"caption":"Pressenza"},"image":{"@id":"https:\/\/www.pressenza.com\/fr\/#\/schema\/logo\/image\/"},"sameAs":["https:\/\/www.facebook.com\/PressenzaItalia","https:\/\/x.com\/PressenzaIPA"]},{"@type":"Person","@id":"https:\/\/www.pressenza.com\/fr\/#\/schema\/person\/01e345fcfa34cc717c2b45a1e876a5a4","name":"Noam Chomsky","description":"Noam Chomsky \u00e8 considerato il pi\u00f9 grande linguista vivente. Professore emerito di linguistica al Massachusetts Institute of Technology. A partire dagli anni sessanta, grazie alla sua forte presa di posizione contro la guerra del Vietnam e al suo notevole impegno politico e sociale, Chomsky si \u00e8 affermato anche come intellettuale anarchico e socialista libertario]. La costante e acuta critica nei confronti della politica estera di diversi paesi e, in particolar modo, degli Stati Uniti, cos\u00ec come l'analisi del ruolo dei mass media nelle democrazie occidentali, lo hanno reso uno degli intellettuali pi\u00f9 celebri e seguiti della sinistra radicale americana e mondiale.","url":"https:\/\/www.pressenza.com\/fr\/author\/noam-chomsky\/"}]}},"place":"Etats-Unis","original_article_url":"","_links":{"self":[{"href":"https:\/\/www.pressenza.com\/fr\/wp-json\/wp\/v2\/posts\/83974","targetHints":{"allow":["GET"]}}],"collection":[{"href":"https:\/\/www.pressenza.com\/fr\/wp-json\/wp\/v2\/posts"}],"about":[{"href":"https:\/\/www.pressenza.com\/fr\/wp-json\/wp\/v2\/types\/post"}],"author":[{"embeddable":true,"href":"https:\/\/www.pressenza.com\/fr\/wp-json\/wp\/v2\/users\/88"}],"replies":[{"embeddable":true,"href":"https:\/\/www.pressenza.com\/fr\/wp-json\/wp\/v2\/comments?post=83974"}],"version-history":[{"count":0,"href":"https:\/\/www.pressenza.com\/fr\/wp-json\/wp\/v2\/posts\/83974\/revisions"}],"wp:featuredmedia":[{"embeddable":true,"href":"https:\/\/www.pressenza.com\/fr\/wp-json\/wp\/v2\/media\/84057"}],"wp:attachment":[{"href":"https:\/\/www.pressenza.com\/fr\/wp-json\/wp\/v2\/media?parent=83974"}],"wp:term":[{"taxonomy":"category","embeddable":true,"href":"https:\/\/www.pressenza.com\/fr\/wp-json\/wp\/v2\/categories?post=83974"},{"taxonomy":"post_tag","embeddable":true,"href":"https:\/\/www.pressenza.com\/fr\/wp-json\/wp\/v2\/tags?post=83974"}],"curies":[{"name":"wp","href":"https:\/\/api.w.org\/{rel}","templated":true}]}}