{"id":837742,"date":"2019-04-09T23:42:20","date_gmt":"2019-04-09T22:42:20","guid":{"rendered":"https:\/\/www.pressenza.com\/?p=837742"},"modified":"2019-04-09T23:42:20","modified_gmt":"2019-04-09T22:42:20","slug":"greves-pour-le-climat-greta-thunberg-demande-un-changement-de-systeme-pas-un-changement-de-climat-voici-a-quoi-ca-pourrait-ressembler","status":"publish","type":"post","link":"https:\/\/www.pressenza.com\/fr\/2019\/04\/greves-pour-le-climat-greta-thunberg-demande-un-changement-de-systeme-pas-un-changement-de-climat-voici-a-quoi-ca-pourrait-ressembler\/","title":{"rendered":"Gr\u00e8ves pour le climat : Greta Thunberg demande un \u00ab changement de syst\u00e8me, pas un changement de climat \u00bb voici \u00e0 quoi \u00e7a pourrait ressembler"},"content":{"rendered":"<p>Par <a href=\"https:\/\/theconversation.com\/profiles\/sheila-m-cannon-334686\">Sheila M. Cannon<\/a>, <em><a href=\"http:\/\/theconversation.com\/institutions\/trinity-college-dublin-701\">Trinity College Dublin for The Conversation<\/a><\/em><\/p>\n<p>Greta Thunberg, la militante su\u00e9doise pour le climat de 16 ans, en appelle \u00e0 un changement de syst\u00e8me. Lors d\u2019une <a href=\"https:\/\/www.youtube.com\/watch?v=T7cSQ48wKek\">conf\u00e9rence de presse \u00e0 Bruxelles<\/a>, elle a dit \u00e0 la Commission Europ\u00e9enne que pour combattre le changement climatique, nous devons changer nos syst\u00e8mes \u00e9conomiques et politiques \u2013 un message qui a \u00e9t\u00e9 r\u00e9p\u00e9t\u00e9 dans les pancartes et les chants lors des gr\u00e8ves estudiantines pour le climat, partout dans le monde.<\/p>\n<p>Les gr\u00e8ves scolaires pour le climat, qu\u2019elle a commenc\u00e9es seule en ao\u00fbt 2018, sont devenues un <a href=\"https:\/\/www.rollingstone.com\/politics\/politics-features\/greta-thunberg-fridays-for-future-climate-change-800675\/\">mouvement<\/a> social avec <a href=\"https:\/\/twitter.com\/GretaThunberg\/status\/1106071099165601792\">1.659 gr\u00e8ves planifi\u00e9es pour le 15 mars dans 105 pays<\/a>.<\/p>\n<p>Mais qu\u2019est-ce qu\u2019un changement de syst\u00e8me\u00a0? Comment modifier des syst\u00e8mes entiers\u00a0? Quand nous voyons des initiatives pour \u00ab\u00a0sauver la plan\u00e8te\u00a0\u00bb, cela ressemble souvent \u00e0 des d\u00e9cisions individuelles qui ne co\u00fbtent pas cher, comme acheter une brosse \u00e0 dents en bambou ou laver les emballages avant le recyclage. Faites \u00e7a, mais ne le confondez pas avec un changement de syst\u00e8me.<\/p>\n<div data-react-class=\"Tweet\" data-react-props=\"{&quot;tweetId&quot;:&quot;1074689330155786245&quot;}\"><img loading=\"lazy\" decoding=\"async\" class=\"aligncenter size-large wp-image-826580\" src=\"https:\/\/www.pressenza.com\/wp-content\/uploads\/2019\/03\/BC93CCAC-B985-4199-B2D5-A0237AB0C8FA-720x899.jpeg\" alt=\"\" width=\"720\" height=\"899\" srcset=\"https:\/\/www.pressenza.com\/wp-content\/uploads\/2019\/03\/BC93CCAC-B985-4199-B2D5-A0237AB0C8FA-720x899.jpeg 720w, https:\/\/www.pressenza.com\/wp-content\/uploads\/2019\/03\/BC93CCAC-B985-4199-B2D5-A0237AB0C8FA-240x300.jpeg 240w, https:\/\/www.pressenza.com\/wp-content\/uploads\/2019\/03\/BC93CCAC-B985-4199-B2D5-A0237AB0C8FA-768x959.jpeg 768w, https:\/\/www.pressenza.com\/wp-content\/uploads\/2019\/03\/BC93CCAC-B985-4199-B2D5-A0237AB0C8FA.jpeg 1074w\" sizes=\"auto, (max-width: 720px) 100vw, 720px\" \/><\/div>\n<p><em>Traduction texte dans l\u2019image :<br \/>\n<\/em><\/p>\n<p><em>Les souffrances du plus grand nombre paient le luxe du plus petit nombre.<\/em><\/p>\n<p><em>\u00ab\u00a0Si des solutions dans ce syst\u00e8me sont si difficiles \u00e0 trouver, alors nous devons peut-\u00eatre changer le syst\u00e8me lui-m\u00eame.\u00a0\u00bb &#8211; Greta Thunberg lors de la conf\u00e9rence COP24 pour le climat en Pologne.<\/em><\/p>\n<p>La plupart des gens ne savent pas comment on pourrait changer les syst\u00e8mes politiques, \u00e9conomiques et sociaux. Ils finissent toujours par adopter, au lieu de cela, des mesures symboliques qui <a href=\"https:\/\/theconversation.com\/climate-change-obsession-with-plastic-pollution-distracts-attention-from-bigger-environmental-challenges-111667\">peuvent m\u00eame perp\u00e9tuer le probl\u00e8me<\/a>. Se pose aussi la question de comment l\u2019on peut renverser de puissants int\u00e9r\u00eats qui b\u00e9n\u00e9ficient du syst\u00e8me actuel. Mais certaines recherches permettent de comprendre le changement de syst\u00e8me.<\/p>\n<p><a href=\"https:\/\/journals.aom.org\/doi\/abs\/10.5465\/amj.2010.57317486?journalCode=amj\">La th\u00e9orie n\u00e9o-institutionnelle<\/a> est une approche de compr\u00e9hension des motifs et moyens d\u2019organisation collective des gens. Les gens cr\u00e9ent du sens, suivent des r\u00e8gles et reproduisent des structures \u2013 comme des salles de classe, des commerces, des bureaux et des h\u00f4tels de ville \u2013 en se fondant sur la supposition que c\u2019est ce qu\u2019il faut faire. Les salles de classe se ressemblent, pas parce qu\u2019\u00e0 chaque fois qu\u2019il faut en construire une nous r\u00e9fl\u00e9chissons \u00e0 la mani\u00e8re rationnelle de le faire, mais parce que nous pr\u00e9sumons de ce qu\u2019une salle de classe est suppos\u00e9e \u00eatre.<\/p>\n<p>Comme nous sommes membres de ces structures de signification, nous reproduisons les normes et croyances existantes et nous r\u00e9sistons au changement. Un changement de syst\u00e8me se produit quand nous n\u2019acceptons plus nos suppositions telles qu\u2019elles sont, ce qui permet \u00e0 un nombre de plus en plus grand de personnes de critiquer le status quo.<\/p>\n<p><strong>Balayer l\u2019horizon<\/strong><\/p>\n<p>Thunberg nous dit que nos syst\u00e8mes \u00e9conomiques et politiques ne conviennent plus. Elle montre que l\u2019empereur est nu.<\/p>\n<p>Modifier un syst\u00e8me prend du temps. Ma recherche sur le <a href=\"https:\/\/link.springer.com\/article\/10.1007\/s11266-019-00091-x\">mouvement LGBT en Irlande <\/a>se r\u00e9f\u00e8re \u00e0 des efforts et r\u00e9alisations durant 40 ans. L\u2019homosexualit\u00e9 est pass\u00e9e du statut d\u2019acte criminel \u00e0 la reconnaissance d\u2019un <a href=\"https:\/\/www.irishtimes.com\/news\/politics\/ireland-becomes-first-country-to-approve-same-sex-marriage-by-popular-vote-1.2223646\">mouvement progressiste<\/a>. Bien que le r\u00e9f\u00e9rendum sur l\u2019\u00e9galit\u00e9 de mariage n\u2019a pris qu\u2019une journ\u00e9e en 2015, les efforts de nombreuses personnes pour changer le syst\u00e8me ont dur\u00e9 des d\u00e9cennies.<\/p>\n<p><a href=\"https:\/\/www.ecologyandsociety.org\/vol21\/iss2\/art47\/\">Le sch\u00e9ma des trois horizons<\/a> peut aider \u00e0 expliquer les diff\u00e9rents facteurs d\u00e9terminants d\u2019un changement de syst\u00e8me. Le premier horizon c\u2019est la vie comme d\u2019habitude \u2013 le status quo \u2013 et l\u2019institution en temps de changement. L\u2019horizon trois est la nouvelle institution \u2013 avec de nouvelles structures et croyances l\u00e9gitim\u00e9es. L\u2019espace entre les deux est l\u2019horizon deux, qui est occup\u00e9 par les gens qui se concentrent sur le changement social \u2013 qui dirigent la transition d\u2019un ancien syst\u00e8me vers le nouveau..<\/p>\n<p><img loading=\"lazy\" decoding=\"async\" class=\"aligncenter size-large wp-image-826571\" src=\"https:\/\/www.pressenza.com\/wp-content\/uploads\/2019\/03\/A3D6EF1B-FEAF-4D29-B8CC-B6D79C6B8459-720x512.png\" alt=\"\" width=\"720\" height=\"512\" srcset=\"https:\/\/www.pressenza.com\/wp-content\/uploads\/2019\/03\/A3D6EF1B-FEAF-4D29-B8CC-B6D79C6B8459-720x512.png 720w, https:\/\/www.pressenza.com\/wp-content\/uploads\/2019\/03\/A3D6EF1B-FEAF-4D29-B8CC-B6D79C6B8459-300x214.png 300w, https:\/\/www.pressenza.com\/wp-content\/uploads\/2019\/03\/A3D6EF1B-FEAF-4D29-B8CC-B6D79C6B8459-768x547.png 768w, https:\/\/www.pressenza.com\/wp-content\/uploads\/2019\/03\/A3D6EF1B-FEAF-4D29-B8CC-B6D79C6B8459.png 1200w\" sizes=\"auto, (max-width: 720px) 100vw, 720px\" \/><\/p>\n<figure class=\"align-center zoomable\"><figcaption><em>Traduction texte du graphique :<br \/>\n<\/em>Maintenant \u00a0 \u00a0 \u00a0 \u00a0 \u00a0 \u00a0 \u00a0 \u00a0 \u00a0 \u00a0 \u00a0 \u00a0 \u00a0 \u00a0 \u00a0 \u00a0 \u00a0 \u00a0 \u00a0 \u00a0 \u00a0 \u00a0\u00a0 Transition\u00a0\u00a0\u00a0\u00a0\u00a0\u00a0\u00a0\u00a0\u00a0\u00a0\u00a0\u00a0\u00a0\u00a0\u00a0\u00a0\u00a0\u00a0\u00a0\u00a0\u00a0\u00a0\u00a0\u00a0\u00a0\u00a0\u00a0\u00a0\u00a0\u00a0\u00a0\u00a0\u00a0\u00a0\u00a0\u00a0 FuturAxe vertical : <em>Ad\u00e9quation strat\u00e9gique \/ <\/em><em>Degr\u00e9 d\u2019ad\u00e9quation strat\u00e9gique avec l\u2019environnement externe<\/em>Axe horizontal : <em>Temps<\/em><\/p>\n<p><em>\u00ab\u00a0Poches de futur\u00a0\u00bb enclav\u00e9es dans le temps pr\u00e9sent<\/em><\/p>\n<p><span class=\"caption\"><span style=\"color: #808080;\">Un changement peut sembler soudain, mais il suit habituellement de nombreuses ann\u00e9es de changement dans les convictions.<\/span><br \/>\n<span style=\"color: #808080;\">Sheila Cannon, fourni par l\u2019auteur<\/span><br \/>\n<\/span><\/p>\n<\/figcaption><\/figure>\n<p>La plupart des gens reconnaissent les probl\u00e8mes existants avec le syst\u00e8me actuel et veulent aider la soci\u00e9t\u00e9 \u00e0 se diriger vers quelque chose de plus durable. Des produits comme les brosses \u00e0 dents en bambou existent et mon\u00e9tisent ce souci, mais comme ils sont emball\u00e9s dans du plastique et transport\u00e9s autour du monde, leur production et leur distribution consomme des carburants fossiles et ne fait rien pour modifier le syst\u00e8me \u00e9conomique et politique qui alimente la modification climatique. <a href=\"https:\/\/books.google.ie\/books?id=VYrPtQGrKkIC&amp;printsec\">Un changement collectif des \u00e9lites politiques et \u00e9conomiques<\/a> sera plus efficace pour contraindre \u00e0 cette transition.<\/p>\n<p>Lorsque des aspects de l\u2019horizon trois apparaissent \u2013 des coups d\u2019\u0153il sur un syst\u00e8me plus durable \u2013 ils sont habituellement rejet\u00e9s comme ill\u00e9gitimes ou trop radicaux. Quand Rosa Parks s\u2019est assise \u00e0 l\u2019avant d\u2019un bus pour d\u00e9fendre les droits civils en Am\u00e9rique en 1955, elle a \u00e9t\u00e9 condamn\u00e9e. Une r\u00e9trospective apr\u00e8s le changement fait appara\u00eetre ces gens comme des guides.<\/p>\n<p><strong>La fin du capitalisme\u00a0?<\/strong><\/p>\n<p>Le syst\u00e8me qui doit \u00eatre chang\u00e9 pour \u00e9viter le d\u00e9sastre climatique est le capitalisme, qui <a href=\"https:\/\/www.washingtonpost.com\/opinions\/2019\/02\/21\/we-may-finally-get-talk-about-what-kind-capitalism-we-want\">perd sa l\u00e9gitimit\u00e9<\/a> en grande partie en raison de l\u2019\u00e9chec du syst\u00e8me \u00e0 <a href=\"https:\/\/theconversation.com\/capitalism-is-killing-the-worlds-wildlife-populations-not-humanity-106125\">r\u00e9pondre efficacement au changement climatique<\/a>.<\/p>\n<p>Mettant en application ce que j\u2019ai appris sur la mani\u00e8re dont les syst\u00e8mes changent, il est possible d\u2019imaginer que le syst\u00e8me actuel, qui soutient le \u00ab\u00a0capitalisme sans rien y changer\u00a0\u00bb &#8211; horizon un dans le sch\u00e9ma \u2013 soit occup\u00e9 par ceux qui continuent \u00e0 produire, vendre et consommer des biens et services d\u00e9pendant des carburants fossiles. Il s\u2019agit de la plupart d\u2019entre nous, mais l\u2019horizon un est entretenu par les climatosceptiques et ceux qui investissent dans l\u2019\u00e9nergie fossile, ceux qui malgr\u00e9 les preuves scientifiques continuent de tra\u00eener en route.<\/p>\n<p>Un syst\u00e8me plus durable peut comprendre des politiques que nous pourrions actuellement trouver \u00ab\u00a0extr\u00eames\u00a0\u00bb, comme le revenu universel de base. Il s\u2019agit d\u2019un revenu garanti pour toutes les personnes sans avoir \u00e9gard \u00e0 leur fortune, qui pourrait aider \u00e0 <a href=\"https:\/\/www.theguardian.com\/environment\/2018\/jun\/12\/universal-basic-income-and-rewilding-can-meet-anthropocene-demands\">rompre le cycle de production et consommation<\/a> qui pollue l\u2019atmosph\u00e8re et remplit l\u2019oc\u00e9an de d\u00e9chets plastiques. Des indices sugg\u00e8rent qu\u2019il existe <a href=\"https:\/\/theconversation.com\/survey-reveals-young-people-more-likely-to-support-universal-basic-income-but-its-not-a-left-right-thing-87554\">un soutien grandissant pour cela<\/a>, en particulier parmi les jeunes.<\/p>\n<p><a href=\"https:\/\/theconversation.com\/no-monkeying-around-animals-can-and-will-have-human-rights-32720\">L\u2019extension des droits de l\u2019homme \u00e0 des non humains<\/a> et m\u00eame \u00e0 des \u00e9cosyst\u00e8mes est une autre id\u00e9e qui semble radicale \u00e0 l\u2019heure actuelle mais qui gagne des adh\u00e9rents et pourrait d\u00e9finir dans le futur un autre syst\u00e8me. Une chose est s\u00fbre, un jour nous regarderons avec horreur comment les humains traitaient la nature, comme beaucoup le font d\u00e9j\u00e0 actuellement.<\/p>\n<p>Si les gr\u00e9vistes du climat peuvent continuer \u00e0 <a href=\"https:\/\/www.vox.com\/2019\/2\/21\/18233206\/greta-thunberg-student-school-strike-climate-change\">faire grandir leur mouvement et maintenir sa dynamique,<\/a> leur influence pourrait constituer une partie importante de la transition de la soci\u00e9t\u00e9 vers un syst\u00e8me plus durable \u00e0 l\u2019horizon trois.<\/p>\n<p>Le capitalisme peut sembler permanent, mais la recherche d\u00e9montre que les syst\u00e8mes changent in\u00e9vitablement au fil du temps et sont en fin de compte cr\u00e9\u00e9s et renforc\u00e9s par nous tous. Mais pour changer quoi que ce soit, les gens doivent d\u2019abord s\u2019interroger sur <a href=\"https:\/\/www.emeraldinsight.com\/doi\/abs\/10.1108\/13673270110393185\">leur propre r\u00f4le dans le syst\u00e8me<\/a>.<\/p>\n<hr \/>\n<figure class=\"align-center \"><figcaption><\/figcaption><\/figure>\n<p><a href=\"https:\/\/theconversation.com\/imagine-newsletter-researchers-think-of-a-world-with-climate-action-113443?utm_source=TCUK&amp;utm_medium=linkback&amp;utm_campaign=TCUKengagement&amp;utm_content=Imagineheader1112891\"><i>Cliquer ici pour obtenir notre newsletter sur l\u2019action pour le climat. Le changement climatique est in\u00e9vitable. Notre r\u00e9action \u00e0 cela ne l\u2019est pas.<\/i><\/a><\/p>\n<p><a href=\"https:\/\/theconversation.com\/profiles\/sheila-m-cannon-334686\">Sheila M. Cannon<\/a>, Professeur assistant d\u2019entreprenariat social, <a href=\"http:\/\/theconversation.com\/institutions\/trinity-college-dublin-701\"><i>Trinity College Dublin<\/i><\/a><\/p>\n<p>Cet article est publi\u00e9 \u00e0 partir de <a href=\"http:\/\/theconversation.com\/\">The Conversation<\/a> sous licence Creative Commons. Lisez <a href=\"https:\/\/theconversation.com\/climate-strikes-greta-thunberg-calls-for-system-change-not-climate-change-heres-what-that-could-look-like-112891\">l\u2019article<\/a> original.<\/p>\n","protected":false},"excerpt":{"rendered":"<p>Par Sheila M. Cannon, Trinity College Dublin for The Conversation Greta Thunberg, la militante su\u00e9doise pour le climat de 16 ans, en appelle \u00e0 un changement de syst\u00e8me. Lors d\u2019une conf\u00e9rence de presse \u00e0 Bruxelles, elle a dit \u00e0 la&hellip;<\/p>\n","protected":false},"author":1013,"featured_media":824758,"comment_status":"closed","ping_status":"closed","sticky":false,"template":"","format":"standard","meta":{"footnotes":""},"categories":[97,85,40,163],"tags":[57436,57435,54429],"class_list":["post-837742","post","type-post","status-publish","format-standard","has-post-thumbnail","hentry","category-environnement-et-ecologie","category-europe-fr","category-international-fr","category-opinion-fr","tag-changement-de-climat","tag-changement-de-systeme","tag-greta-thunberg-fr"],"yoast_head":"<!-- This site is optimized with the Yoast SEO plugin v27.1.1 - https:\/\/yoast.com\/product\/yoast-seo-wordpress\/ -->\n<title>Gr\u00e8ves pour le climat : Greta Thunberg demande un \u00ab changement de syst\u00e8me, pas un changement de climat \u00bb voici \u00e0 quoi \u00e7a pourrait ressembler<\/title>\n<meta name=\"description\" content=\"Par Sheila M. Cannon, Trinity College Dublin for The Conversation Greta Thunberg, la militante su\u00e9doise pour le climat de 16 ans, en appelle \u00e0 un\" \/>\n<meta name=\"robots\" content=\"index, follow, max-snippet:-1, max-image-preview:large, max-video-preview:-1\" \/>\n<link rel=\"canonical\" href=\"https:\/\/www.pressenza.com\/fr\/2019\/04\/greves-pour-le-climat-greta-thunberg-demande-un-changement-de-systeme-pas-un-changement-de-climat-voici-a-quoi-ca-pourrait-ressembler\/\" \/>\n<meta property=\"og:locale\" content=\"fr_FR\" \/>\n<meta property=\"og:type\" content=\"article\" \/>\n<meta property=\"og:title\" content=\"Gr\u00e8ves pour le climat : Greta Thunberg demande un \u00ab changement de syst\u00e8me, pas un changement de climat \u00bb voici \u00e0 quoi \u00e7a pourrait ressembler\" \/>\n<meta property=\"og:description\" content=\"Par Sheila M. Cannon, Trinity College Dublin for The Conversation Greta Thunberg, la militante su\u00e9doise pour le climat de 16 ans, en appelle \u00e0 un\" \/>\n<meta property=\"og:url\" content=\"https:\/\/www.pressenza.com\/fr\/2019\/04\/greves-pour-le-climat-greta-thunberg-demande-un-changement-de-systeme-pas-un-changement-de-climat-voici-a-quoi-ca-pourrait-ressembler\/\" \/>\n<meta property=\"og:site_name\" content=\"Pressenza\" \/>\n<meta property=\"article:publisher\" content=\"https:\/\/www.facebook.com\/PressenzaItalia\" \/>\n<meta property=\"article:author\" content=\"https:\/\/www.facebook.com\/PressenzaEnglish\/\" \/>\n<meta property=\"article:published_time\" content=\"2019-04-09T22:42:20+00:00\" \/>\n<meta property=\"og:image\" content=\"https:\/\/www.pressenza.com\/wp-content\/uploads\/2019\/03\/Marche-climat-Bruxelles6.jpg\" \/>\n\t<meta property=\"og:image:width\" content=\"750\" \/>\n\t<meta property=\"og:image:height\" content=\"563\" \/>\n\t<meta property=\"og:image:type\" content=\"image\/jpeg\" \/>\n<meta name=\"author\" content=\"Pressenza London\" \/>\n<meta name=\"twitter:card\" content=\"summary_large_image\" \/>\n<meta name=\"twitter:creator\" content=\"@PressenzaIPA\" \/>\n<meta name=\"twitter:site\" content=\"@PressenzaIPA\" \/>\n<meta name=\"twitter:label1\" content=\"\u00c9crit par\" \/>\n\t<meta name=\"twitter:data1\" content=\"Pressenza London\" \/>\n\t<meta name=\"twitter:label2\" content=\"Dur\u00e9e de lecture estim\u00e9e\" \/>\n\t<meta name=\"twitter:data2\" content=\"7 minutes\" \/>\n<script type=\"application\/ld+json\" class=\"yoast-schema-graph\">{\"@context\":\"https:\/\/schema.org\",\"@graph\":[{\"@type\":\"Article\",\"@id\":\"https:\/\/www.pressenza.com\/fr\/2019\/04\/greves-pour-le-climat-greta-thunberg-demande-un-changement-de-systeme-pas-un-changement-de-climat-voici-a-quoi-ca-pourrait-ressembler\/#article\",\"isPartOf\":{\"@id\":\"https:\/\/www.pressenza.com\/fr\/2019\/04\/greves-pour-le-climat-greta-thunberg-demande-un-changement-de-systeme-pas-un-changement-de-climat-voici-a-quoi-ca-pourrait-ressembler\/\"},\"author\":{\"name\":\"Pressenza London\",\"@id\":\"https:\/\/www.pressenza.com\/fr\/#\/schema\/person\/17c976cc856ec7e8e3f8cdd1a45eb1b0\"},\"headline\":\"Gr\u00e8ves pour le climat : Greta Thunberg demande un \u00ab changement de syst\u00e8me, pas un changement de climat \u00bb voici \u00e0 quoi \u00e7a pourrait ressembler\",\"datePublished\":\"2019-04-09T22:42:20+00:00\",\"mainEntityOfPage\":{\"@id\":\"https:\/\/www.pressenza.com\/fr\/2019\/04\/greves-pour-le-climat-greta-thunberg-demande-un-changement-de-systeme-pas-un-changement-de-climat-voici-a-quoi-ca-pourrait-ressembler\/\"},\"wordCount\":1350,\"publisher\":{\"@id\":\"https:\/\/www.pressenza.com\/fr\/#organization\"},\"image\":{\"@id\":\"https:\/\/www.pressenza.com\/fr\/2019\/04\/greves-pour-le-climat-greta-thunberg-demande-un-changement-de-systeme-pas-un-changement-de-climat-voici-a-quoi-ca-pourrait-ressembler\/#primaryimage\"},\"thumbnailUrl\":\"https:\/\/www.pressenza.com\/wp-content\/uploads\/2019\/03\/Marche-climat-Bruxelles6.jpg\",\"keywords\":[\"changement de climat\",\"changement de syst\u00e8me\",\"Greta Thunberg\"],\"articleSection\":[\"Ecologie et Environnement\",\"Europe\",\"International\",\"Opinion\"],\"inLanguage\":\"fr-FR\"},{\"@type\":\"WebPage\",\"@id\":\"https:\/\/www.pressenza.com\/fr\/2019\/04\/greves-pour-le-climat-greta-thunberg-demande-un-changement-de-systeme-pas-un-changement-de-climat-voici-a-quoi-ca-pourrait-ressembler\/\",\"url\":\"https:\/\/www.pressenza.com\/fr\/2019\/04\/greves-pour-le-climat-greta-thunberg-demande-un-changement-de-systeme-pas-un-changement-de-climat-voici-a-quoi-ca-pourrait-ressembler\/\",\"name\":\"Gr\u00e8ves pour le climat : Greta Thunberg demande un \u00ab changement de syst\u00e8me, pas un changement de climat \u00bb voici \u00e0 quoi \u00e7a pourrait ressembler\",\"isPartOf\":{\"@id\":\"https:\/\/www.pressenza.com\/fr\/#website\"},\"primaryImageOfPage\":{\"@id\":\"https:\/\/www.pressenza.com\/fr\/2019\/04\/greves-pour-le-climat-greta-thunberg-demande-un-changement-de-systeme-pas-un-changement-de-climat-voici-a-quoi-ca-pourrait-ressembler\/#primaryimage\"},\"image\":{\"@id\":\"https:\/\/www.pressenza.com\/fr\/2019\/04\/greves-pour-le-climat-greta-thunberg-demande-un-changement-de-systeme-pas-un-changement-de-climat-voici-a-quoi-ca-pourrait-ressembler\/#primaryimage\"},\"thumbnailUrl\":\"https:\/\/www.pressenza.com\/wp-content\/uploads\/2019\/03\/Marche-climat-Bruxelles6.jpg\",\"datePublished\":\"2019-04-09T22:42:20+00:00\",\"description\":\"Par Sheila M. Cannon, Trinity College Dublin for The Conversation Greta Thunberg, la militante su\u00e9doise pour le climat de 16 ans, en appelle \u00e0 un\",\"breadcrumb\":{\"@id\":\"https:\/\/www.pressenza.com\/fr\/2019\/04\/greves-pour-le-climat-greta-thunberg-demande-un-changement-de-systeme-pas-un-changement-de-climat-voici-a-quoi-ca-pourrait-ressembler\/#breadcrumb\"},\"inLanguage\":\"fr-FR\",\"potentialAction\":[{\"@type\":\"ReadAction\",\"target\":[\"https:\/\/www.pressenza.com\/fr\/2019\/04\/greves-pour-le-climat-greta-thunberg-demande-un-changement-de-systeme-pas-un-changement-de-climat-voici-a-quoi-ca-pourrait-ressembler\/\"]}]},{\"@type\":\"ImageObject\",\"inLanguage\":\"fr-FR\",\"@id\":\"https:\/\/www.pressenza.com\/fr\/2019\/04\/greves-pour-le-climat-greta-thunberg-demande-un-changement-de-systeme-pas-un-changement-de-climat-voici-a-quoi-ca-pourrait-ressembler\/#primaryimage\",\"url\":\"https:\/\/www.pressenza.com\/wp-content\/uploads\/2019\/03\/Marche-climat-Bruxelles6.jpg\",\"contentUrl\":\"https:\/\/www.pressenza.com\/wp-content\/uploads\/2019\/03\/Marche-climat-Bruxelles6.jpg\",\"width\":750,\"height\":563,\"caption\":\"Gr\u00e8ves pour le climat : Greta Thunberg demande un \u00ab changement de syst\u00e8me, pas un changement de climat \u00bb voici \u00e0 quoi \u00e7a pourrait ressembler\"},{\"@type\":\"BreadcrumbList\",\"@id\":\"https:\/\/www.pressenza.com\/fr\/2019\/04\/greves-pour-le-climat-greta-thunberg-demande-un-changement-de-systeme-pas-un-changement-de-climat-voici-a-quoi-ca-pourrait-ressembler\/#breadcrumb\",\"itemListElement\":[{\"@type\":\"ListItem\",\"position\":1,\"name\":\"Accueil\",\"item\":\"https:\/\/www.pressenza.com\/fr\/\"},{\"@type\":\"ListItem\",\"position\":2,\"name\":\"Gr\u00e8ves pour le climat : Greta Thunberg demande un \u00ab changement de syst\u00e8me, pas un changement de climat \u00bb voici \u00e0 quoi \u00e7a pourrait ressembler\"}]},{\"@type\":\"WebSite\",\"@id\":\"https:\/\/www.pressenza.com\/fr\/#website\",\"url\":\"https:\/\/www.pressenza.com\/fr\/\",\"name\":\"Pressenza\",\"description\":\"International Press Agency\",\"publisher\":{\"@id\":\"https:\/\/www.pressenza.com\/fr\/#organization\"},\"potentialAction\":[{\"@type\":\"SearchAction\",\"target\":{\"@type\":\"EntryPoint\",\"urlTemplate\":\"https:\/\/www.pressenza.com\/fr\/?s={search_term_string}\"},\"query-input\":{\"@type\":\"PropertyValueSpecification\",\"valueRequired\":true,\"valueName\":\"search_term_string\"}}],\"inLanguage\":\"fr-FR\"},{\"@type\":\"Organization\",\"@id\":\"https:\/\/www.pressenza.com\/fr\/#organization\",\"name\":\"Pressenza\",\"url\":\"https:\/\/www.pressenza.com\/fr\/\",\"logo\":{\"@type\":\"ImageObject\",\"inLanguage\":\"fr-FR\",\"@id\":\"https:\/\/www.pressenza.com\/fr\/#\/schema\/logo\/image\/\",\"url\":\"https:\/\/www.pressenza.com\/wp-content\/uploads\/2022\/10\/pressenza_logo_200x200.jpg\",\"contentUrl\":\"https:\/\/www.pressenza.com\/wp-content\/uploads\/2022\/10\/pressenza_logo_200x200.jpg\",\"width\":200,\"height\":200,\"caption\":\"Pressenza\"},\"image\":{\"@id\":\"https:\/\/www.pressenza.com\/fr\/#\/schema\/logo\/image\/\"},\"sameAs\":[\"https:\/\/www.facebook.com\/PressenzaItalia\",\"https:\/\/x.com\/PressenzaIPA\"]},{\"@type\":\"Person\",\"@id\":\"https:\/\/www.pressenza.com\/fr\/#\/schema\/person\/17c976cc856ec7e8e3f8cdd1a45eb1b0\",\"name\":\"Pressenza London\",\"description\":\"News published by the Pressenza Bureau in London, United Kingdom\",\"sameAs\":[\"https:\/\/www.facebook.com\/PressenzaEnglish\/\",\"https:\/\/x.com\/PressenzaIPA\"],\"url\":\"https:\/\/www.pressenza.com\/fr\/author\/pressenza-london\/\"}]}<\/script>\n<!-- \/ Yoast SEO plugin. -->","yoast_head_json":{"title":"Gr\u00e8ves pour le climat : Greta Thunberg demande un \u00ab changement de syst\u00e8me, pas un changement de climat \u00bb voici \u00e0 quoi \u00e7a pourrait ressembler","description":"Par Sheila M. Cannon, Trinity College Dublin for The Conversation Greta Thunberg, la militante su\u00e9doise pour le climat de 16 ans, en appelle \u00e0 un","robots":{"index":"index","follow":"follow","max-snippet":"max-snippet:-1","max-image-preview":"max-image-preview:large","max-video-preview":"max-video-preview:-1"},"canonical":"https:\/\/www.pressenza.com\/fr\/2019\/04\/greves-pour-le-climat-greta-thunberg-demande-un-changement-de-systeme-pas-un-changement-de-climat-voici-a-quoi-ca-pourrait-ressembler\/","og_locale":"fr_FR","og_type":"article","og_title":"Gr\u00e8ves pour le climat : Greta Thunberg demande un \u00ab changement de syst\u00e8me, pas un changement de climat \u00bb voici \u00e0 quoi \u00e7a pourrait ressembler","og_description":"Par Sheila M. Cannon, Trinity College Dublin for The Conversation Greta Thunberg, la militante su\u00e9doise pour le climat de 16 ans, en appelle \u00e0 un","og_url":"https:\/\/www.pressenza.com\/fr\/2019\/04\/greves-pour-le-climat-greta-thunberg-demande-un-changement-de-systeme-pas-un-changement-de-climat-voici-a-quoi-ca-pourrait-ressembler\/","og_site_name":"Pressenza","article_publisher":"https:\/\/www.facebook.com\/PressenzaItalia","article_author":"https:\/\/www.facebook.com\/PressenzaEnglish\/","article_published_time":"2019-04-09T22:42:20+00:00","og_image":[{"width":750,"height":563,"url":"https:\/\/www.pressenza.com\/wp-content\/uploads\/2019\/03\/Marche-climat-Bruxelles6.jpg","type":"image\/jpeg"}],"author":"Pressenza London","twitter_card":"summary_large_image","twitter_creator":"@PressenzaIPA","twitter_site":"@PressenzaIPA","twitter_misc":{"\u00c9crit par":"Pressenza London","Dur\u00e9e de lecture estim\u00e9e":"7 minutes"},"schema":{"@context":"https:\/\/schema.org","@graph":[{"@type":"Article","@id":"https:\/\/www.pressenza.com\/fr\/2019\/04\/greves-pour-le-climat-greta-thunberg-demande-un-changement-de-systeme-pas-un-changement-de-climat-voici-a-quoi-ca-pourrait-ressembler\/#article","isPartOf":{"@id":"https:\/\/www.pressenza.com\/fr\/2019\/04\/greves-pour-le-climat-greta-thunberg-demande-un-changement-de-systeme-pas-un-changement-de-climat-voici-a-quoi-ca-pourrait-ressembler\/"},"author":{"name":"Pressenza London","@id":"https:\/\/www.pressenza.com\/fr\/#\/schema\/person\/17c976cc856ec7e8e3f8cdd1a45eb1b0"},"headline":"Gr\u00e8ves pour le climat : Greta Thunberg demande un \u00ab changement de syst\u00e8me, pas un changement de climat \u00bb voici \u00e0 quoi \u00e7a pourrait ressembler","datePublished":"2019-04-09T22:42:20+00:00","mainEntityOfPage":{"@id":"https:\/\/www.pressenza.com\/fr\/2019\/04\/greves-pour-le-climat-greta-thunberg-demande-un-changement-de-systeme-pas-un-changement-de-climat-voici-a-quoi-ca-pourrait-ressembler\/"},"wordCount":1350,"publisher":{"@id":"https:\/\/www.pressenza.com\/fr\/#organization"},"image":{"@id":"https:\/\/www.pressenza.com\/fr\/2019\/04\/greves-pour-le-climat-greta-thunberg-demande-un-changement-de-systeme-pas-un-changement-de-climat-voici-a-quoi-ca-pourrait-ressembler\/#primaryimage"},"thumbnailUrl":"https:\/\/www.pressenza.com\/wp-content\/uploads\/2019\/03\/Marche-climat-Bruxelles6.jpg","keywords":["changement de climat","changement de syst\u00e8me","Greta Thunberg"],"articleSection":["Ecologie et Environnement","Europe","International","Opinion"],"inLanguage":"fr-FR"},{"@type":"WebPage","@id":"https:\/\/www.pressenza.com\/fr\/2019\/04\/greves-pour-le-climat-greta-thunberg-demande-un-changement-de-systeme-pas-un-changement-de-climat-voici-a-quoi-ca-pourrait-ressembler\/","url":"https:\/\/www.pressenza.com\/fr\/2019\/04\/greves-pour-le-climat-greta-thunberg-demande-un-changement-de-systeme-pas-un-changement-de-climat-voici-a-quoi-ca-pourrait-ressembler\/","name":"Gr\u00e8ves pour le climat : Greta Thunberg demande un \u00ab changement de syst\u00e8me, pas un changement de climat \u00bb voici \u00e0 quoi \u00e7a pourrait ressembler","isPartOf":{"@id":"https:\/\/www.pressenza.com\/fr\/#website"},"primaryImageOfPage":{"@id":"https:\/\/www.pressenza.com\/fr\/2019\/04\/greves-pour-le-climat-greta-thunberg-demande-un-changement-de-systeme-pas-un-changement-de-climat-voici-a-quoi-ca-pourrait-ressembler\/#primaryimage"},"image":{"@id":"https:\/\/www.pressenza.com\/fr\/2019\/04\/greves-pour-le-climat-greta-thunberg-demande-un-changement-de-systeme-pas-un-changement-de-climat-voici-a-quoi-ca-pourrait-ressembler\/#primaryimage"},"thumbnailUrl":"https:\/\/www.pressenza.com\/wp-content\/uploads\/2019\/03\/Marche-climat-Bruxelles6.jpg","datePublished":"2019-04-09T22:42:20+00:00","description":"Par Sheila M. Cannon, Trinity College Dublin for The Conversation Greta Thunberg, la militante su\u00e9doise pour le climat de 16 ans, en appelle \u00e0 un","breadcrumb":{"@id":"https:\/\/www.pressenza.com\/fr\/2019\/04\/greves-pour-le-climat-greta-thunberg-demande-un-changement-de-systeme-pas-un-changement-de-climat-voici-a-quoi-ca-pourrait-ressembler\/#breadcrumb"},"inLanguage":"fr-FR","potentialAction":[{"@type":"ReadAction","target":["https:\/\/www.pressenza.com\/fr\/2019\/04\/greves-pour-le-climat-greta-thunberg-demande-un-changement-de-systeme-pas-un-changement-de-climat-voici-a-quoi-ca-pourrait-ressembler\/"]}]},{"@type":"ImageObject","inLanguage":"fr-FR","@id":"https:\/\/www.pressenza.com\/fr\/2019\/04\/greves-pour-le-climat-greta-thunberg-demande-un-changement-de-systeme-pas-un-changement-de-climat-voici-a-quoi-ca-pourrait-ressembler\/#primaryimage","url":"https:\/\/www.pressenza.com\/wp-content\/uploads\/2019\/03\/Marche-climat-Bruxelles6.jpg","contentUrl":"https:\/\/www.pressenza.com\/wp-content\/uploads\/2019\/03\/Marche-climat-Bruxelles6.jpg","width":750,"height":563,"caption":"Gr\u00e8ves pour le climat : Greta Thunberg demande un \u00ab changement de syst\u00e8me, pas un changement de climat \u00bb voici \u00e0 quoi \u00e7a pourrait ressembler"},{"@type":"BreadcrumbList","@id":"https:\/\/www.pressenza.com\/fr\/2019\/04\/greves-pour-le-climat-greta-thunberg-demande-un-changement-de-systeme-pas-un-changement-de-climat-voici-a-quoi-ca-pourrait-ressembler\/#breadcrumb","itemListElement":[{"@type":"ListItem","position":1,"name":"Accueil","item":"https:\/\/www.pressenza.com\/fr\/"},{"@type":"ListItem","position":2,"name":"Gr\u00e8ves pour le climat : Greta Thunberg demande un \u00ab changement de syst\u00e8me, pas un changement de climat \u00bb voici \u00e0 quoi \u00e7a pourrait ressembler"}]},{"@type":"WebSite","@id":"https:\/\/www.pressenza.com\/fr\/#website","url":"https:\/\/www.pressenza.com\/fr\/","name":"Pressenza","description":"International Press Agency","publisher":{"@id":"https:\/\/www.pressenza.com\/fr\/#organization"},"potentialAction":[{"@type":"SearchAction","target":{"@type":"EntryPoint","urlTemplate":"https:\/\/www.pressenza.com\/fr\/?s={search_term_string}"},"query-input":{"@type":"PropertyValueSpecification","valueRequired":true,"valueName":"search_term_string"}}],"inLanguage":"fr-FR"},{"@type":"Organization","@id":"https:\/\/www.pressenza.com\/fr\/#organization","name":"Pressenza","url":"https:\/\/www.pressenza.com\/fr\/","logo":{"@type":"ImageObject","inLanguage":"fr-FR","@id":"https:\/\/www.pressenza.com\/fr\/#\/schema\/logo\/image\/","url":"https:\/\/www.pressenza.com\/wp-content\/uploads\/2022\/10\/pressenza_logo_200x200.jpg","contentUrl":"https:\/\/www.pressenza.com\/wp-content\/uploads\/2022\/10\/pressenza_logo_200x200.jpg","width":200,"height":200,"caption":"Pressenza"},"image":{"@id":"https:\/\/www.pressenza.com\/fr\/#\/schema\/logo\/image\/"},"sameAs":["https:\/\/www.facebook.com\/PressenzaItalia","https:\/\/x.com\/PressenzaIPA"]},{"@type":"Person","@id":"https:\/\/www.pressenza.com\/fr\/#\/schema\/person\/17c976cc856ec7e8e3f8cdd1a45eb1b0","name":"Pressenza London","description":"News published by the Pressenza Bureau in London, United Kingdom","sameAs":["https:\/\/www.facebook.com\/PressenzaEnglish\/","https:\/\/x.com\/PressenzaIPA"],"url":"https:\/\/www.pressenza.com\/fr\/author\/pressenza-london\/"}]}},"place":"Dublin, Irlande","original_article_url":"","_links":{"self":[{"href":"https:\/\/www.pressenza.com\/fr\/wp-json\/wp\/v2\/posts\/837742","targetHints":{"allow":["GET"]}}],"collection":[{"href":"https:\/\/www.pressenza.com\/fr\/wp-json\/wp\/v2\/posts"}],"about":[{"href":"https:\/\/www.pressenza.com\/fr\/wp-json\/wp\/v2\/types\/post"}],"author":[{"embeddable":true,"href":"https:\/\/www.pressenza.com\/fr\/wp-json\/wp\/v2\/users\/1013"}],"replies":[{"embeddable":true,"href":"https:\/\/www.pressenza.com\/fr\/wp-json\/wp\/v2\/comments?post=837742"}],"version-history":[{"count":0,"href":"https:\/\/www.pressenza.com\/fr\/wp-json\/wp\/v2\/posts\/837742\/revisions"}],"wp:featuredmedia":[{"embeddable":true,"href":"https:\/\/www.pressenza.com\/fr\/wp-json\/wp\/v2\/media\/824758"}],"wp:attachment":[{"href":"https:\/\/www.pressenza.com\/fr\/wp-json\/wp\/v2\/media?parent=837742"}],"wp:term":[{"taxonomy":"category","embeddable":true,"href":"https:\/\/www.pressenza.com\/fr\/wp-json\/wp\/v2\/categories?post=837742"},{"taxonomy":"post_tag","embeddable":true,"href":"https:\/\/www.pressenza.com\/fr\/wp-json\/wp\/v2\/tags?post=837742"}],"curies":[{"name":"wp","href":"https:\/\/api.w.org\/{rel}","templated":true}]}}