{"id":834206,"date":"2019-04-03T11:48:48","date_gmt":"2019-04-03T10:48:48","guid":{"rendered":"https:\/\/www.pressenza.com\/?p=834206"},"modified":"2019-04-03T11:48:48","modified_gmt":"2019-04-03T10:48:48","slug":"gilets-jaunes-apres-la-manifestation-de-lacte-20-reportage-photo-deuxieme-assemblee-a-saint-nazaire","status":"publish","type":"post","link":"https:\/\/www.pressenza.com\/fr\/2019\/04\/gilets-jaunes-apres-la-manifestation-de-lacte-20-reportage-photo-deuxieme-assemblee-a-saint-nazaire\/","title":{"rendered":"[Gilets Jaunes] Apr\u00e8s la manifestation de l\u2019Acte 20 (Reportage photo), deuxi\u00e8me assembl\u00e9e \u00e0 Saint-Nazaire"},"content":{"rendered":"<p>La manifestation des Gilets jaunes de ce samedi 30 mars 2019, ou acte 20, s\u2019est d\u00e9roul\u00e9e un peu partout en France. Selon le minist\u00e8re de l&rsquo;Int\u00e9rieur\u00a040.500 personnes ont particip\u00e9, selon le d\u00e9compte r\u00e9alis\u00e9 par des Gilets jaunes, 102.713 personnes \u00e9taient pr\u00e9sentes.<\/p>\n<p>Bien que certains endroits aient \u00e9t\u00e9 interdits par les pr\u00e9fectures et que le gouvernement ait fait des appels pour que les gens restent chez eux, \u00e0 nouveau des milliers de personnes se sont rassembl\u00e9es. Globalement, les d\u00e9files ont eu lieu dans le calme (quelques incidents et des face-\u00e0-face tendus avec la police ont eu lieu).<\/p>\n<p>L\u2019acte 21, en pr\u00e9paration, aura lieu le 6 avril (ou 7 pour certains endroits), aussi, le mouvement va continuer pendant le mois d\u2019avril.<\/p>\n<p><strong>A Saint-Nazaire, la Maison du peuple se pr\u00e9pare pour accueillir la deuxi\u00e8me assembl\u00e9e des Gilets jaunes <\/strong><\/p>\n<p>Pendant trois journ\u00e9es, du 5 au 7 avril, 300 d\u00e9l\u00e9gations vont converger vers Saint-Nazaire (Loire-Atlantique), cette deuxi\u00e8me assembl\u00e9e aura lieu sous le signe de la \u00ab\u00a0fraternit\u00e9 exemplaire\u00a0\u00bb. On rappelle que fin janvier 2019, la ville de Commercy, dans le d\u00e9partement de la Meuse, recevait 75 d\u00e9l\u00e9gations de toute la France pour une premi\u00e8re \u00ab\u00a0assembl\u00e9e des assembl\u00e9es\u00a0\u00bb.<\/p>\n<p><strong>Reportage photo<\/strong><\/p>\n<p>Photos de Brigitte Cano :<\/p>\n<p><img loading=\"lazy\" decoding=\"async\" class=\"alignnone size-medium\" src=\"https:\/\/www.pressenza.com\/wp-content\/uploads\/2019\/04\/Acte-20-Gilets-Jaunes-Brigitte-Cano1.jpg\" width=\"750\" height=\"500\" \/><\/p>\n<p><img loading=\"lazy\" decoding=\"async\" class=\"alignnone size-medium\" src=\"https:\/\/www.pressenza.com\/wp-content\/uploads\/2019\/04\/Acte-20-Gilets-Jaunes-Brigitte-Cano3.jpg\" width=\"750\" height=\"500\" \/><\/p>\n<p><img loading=\"lazy\" decoding=\"async\" class=\"alignnone size-medium\" src=\"https:\/\/www.pressenza.com\/wp-content\/uploads\/2019\/04\/Acte-20-Gilets-Jaunes-Brigitte-Cano4.jpg\" width=\"750\" height=\"500\" \/><\/p>\n<p><img loading=\"lazy\" decoding=\"async\" class=\"alignnone size-medium\" src=\"https:\/\/www.pressenza.com\/wp-content\/uploads\/2019\/04\/Acte-20-Gilets-Jaunes-Brigitte-Cano5.jpg\" width=\"750\" height=\"500\" \/><\/p>\n<p><img loading=\"lazy\" decoding=\"async\" class=\"alignnone size-medium\" src=\"https:\/\/www.pressenza.com\/wp-content\/uploads\/2019\/04\/Acte-20-Gilets-Jaunes-Brigitte-Cano6.jpg\" width=\"750\" height=\"500\" \/><\/p>\n<p><img loading=\"lazy\" decoding=\"async\" class=\"alignnone size-medium\" src=\"https:\/\/www.pressenza.com\/wp-content\/uploads\/2019\/04\/Acte-20-Gilets-Jaunes-Brigitte-Cano7.jpg\" width=\"500\" height=\"750\" \/><\/p>\n<p><img loading=\"lazy\" decoding=\"async\" class=\"alignnone size-medium\" src=\"https:\/\/www.pressenza.com\/wp-content\/uploads\/2019\/04\/Acte-20-Gilets-Jaunes-Brigitte-Cano8.jpg\" width=\"500\" height=\"750\" \/><\/p>\n<p>&nbsp;<\/p>\n<p>Photos de Mauricio Alvarez :<\/p>\n<p><img loading=\"lazy\" decoding=\"async\" class=\"alignnone size-medium\" src=\"https:\/\/www.pressenza.com\/wp-content\/uploads\/2019\/04\/Gilets-Jaunes-MA-Acte-XX-1.jpg\" width=\"750\" height=\"500\" \/><\/p>\n<p><img loading=\"lazy\" decoding=\"async\" class=\"alignnone size-medium\" src=\"https:\/\/www.pressenza.com\/wp-content\/uploads\/2019\/04\/Gilets-Jaunes-MA-Acte-XX-2.jpg\" width=\"500\" height=\"750\" \/><\/p>\n<p><img loading=\"lazy\" decoding=\"async\" class=\"alignnone size-medium\" src=\"https:\/\/www.pressenza.com\/wp-content\/uploads\/2019\/04\/Gilets-Jaunes-MA-Acte-XX-3.jpg\" width=\"500\" height=\"667\" \/><\/p>\n<p><img loading=\"lazy\" decoding=\"async\" class=\"alignnone size-medium\" src=\"https:\/\/www.pressenza.com\/wp-content\/uploads\/2019\/04\/Gilets-Jaunes-MA-Acte-XX-4.jpg\" width=\"750\" height=\"563\" \/><\/p>\n<p><img loading=\"lazy\" decoding=\"async\" class=\"alignnone size-medium\" src=\"https:\/\/www.pressenza.com\/wp-content\/uploads\/2019\/04\/Gilets-Jaunes-MA-Acte-XX-5.jpg\" width=\"750\" height=\"500\" \/><\/p>\n<p><img loading=\"lazy\" decoding=\"async\" class=\"alignnone size-medium\" src=\"https:\/\/www.pressenza.com\/wp-content\/uploads\/2019\/04\/Gilets-Jaunes-MA-Acte-XX-6.jpg\" width=\"500\" height=\"667\" \/><\/p>\n<p><img loading=\"lazy\" decoding=\"async\" class=\"alignnone size-medium\" src=\"https:\/\/www.pressenza.com\/wp-content\/uploads\/2019\/04\/Gilets-Jaunes-MA-Acte-XX-7.jpg\" width=\"750\" height=\"563\" \/><\/p>\n<p><img loading=\"lazy\" decoding=\"async\" class=\"alignnone size-medium\" src=\"https:\/\/www.pressenza.com\/wp-content\/uploads\/2019\/04\/Gilets-Jaunes-MA-Acte-XX-Didier-IV.jpg\" width=\"500\" height=\"664\" \/><\/p>\n","protected":false},"excerpt":{"rendered":"<p>La manifestation des Gilets jaunes de ce samedi 30 mars 2019, ou acte 20, s\u2019est d\u00e9roul\u00e9e un peu partout en France. Selon le minist\u00e8re de l&rsquo;Int\u00e9rieur\u00a040.500 personnes ont particip\u00e9, selon le d\u00e9compte r\u00e9alis\u00e9 par des Gilets jaunes, 102.713 personnes \u00e9taient&hellip;<\/p>\n","protected":false},"author":926,"featured_media":834732,"comment_status":"closed","ping_status":"closed","sticky":false,"template":"","format":"standard","meta":{"footnotes":""},"categories":[11386,85,93,5700],"tags":[57161,1034,53996,307],"class_list":["post-834206","post","type-post","status-publish","format-standard","has-post-thumbnail","hentry","category-contenu-original","category-europe-fr","category-politique","category-reportages-photo","tag-acte-20","tag-france-fr","tag-gilets-jaunes-fr","tag-manifestation"],"yoast_head":"<!-- This site is optimized with the Yoast SEO plugin v27.1.1 - https:\/\/yoast.com\/product\/yoast-seo-wordpress\/ -->\n<title>[Gilets Jaunes] Apr\u00e8s la manifestation de l\u2019Acte 20 (Reportage photo), deuxi\u00e8me assembl\u00e9e \u00e0 Saint-Nazaire<\/title>\n<meta name=\"description\" content=\"La manifestation des Gilets jaunes de ce samedi 30 mars 2019, ou acte 20, s\u2019est d\u00e9roul\u00e9e un peu partout en France. Selon le minist\u00e8re de\" \/>\n<meta name=\"robots\" content=\"index, follow, max-snippet:-1, max-image-preview:large, max-video-preview:-1\" \/>\n<link rel=\"canonical\" href=\"https:\/\/www.pressenza.com\/fr\/2019\/04\/gilets-jaunes-apres-la-manifestation-de-lacte-20-reportage-photo-deuxieme-assemblee-a-saint-nazaire\/\" \/>\n<meta property=\"og:locale\" content=\"fr_FR\" \/>\n<meta property=\"og:type\" content=\"article\" \/>\n<meta property=\"og:title\" content=\"[Gilets Jaunes] Apr\u00e8s la manifestation de l\u2019Acte 20 (Reportage photo), deuxi\u00e8me assembl\u00e9e \u00e0 Saint-Nazaire\" \/>\n<meta property=\"og:description\" content=\"La manifestation des Gilets jaunes de ce samedi 30 mars 2019, ou acte 20, s\u2019est d\u00e9roul\u00e9e un peu partout en France. Selon le minist\u00e8re de\" \/>\n<meta property=\"og:url\" content=\"https:\/\/www.pressenza.com\/fr\/2019\/04\/gilets-jaunes-apres-la-manifestation-de-lacte-20-reportage-photo-deuxieme-assemblee-a-saint-nazaire\/\" \/>\n<meta property=\"og:site_name\" content=\"Pressenza\" \/>\n<meta property=\"article:publisher\" content=\"https:\/\/www.facebook.com\/PressenzaItalia\" \/>\n<meta property=\"article:published_time\" content=\"2019-04-03T10:48:48+00:00\" \/>\n<meta property=\"og:image\" content=\"https:\/\/www.pressenza.com\/wp-content\/uploads\/2019\/04\/Acte-20-GJ-Brigitte-Cano2b.jpg\" \/>\n\t<meta property=\"og:image:width\" content=\"750\" \/>\n\t<meta property=\"og:image:height\" content=\"500\" \/>\n\t<meta property=\"og:image:type\" content=\"image\/jpeg\" \/>\n<meta name=\"author\" content=\"R\u00e9daction France\" \/>\n<meta name=\"twitter:card\" content=\"summary_large_image\" \/>\n<meta name=\"twitter:creator\" content=\"@PressenzaIPA\" \/>\n<meta name=\"twitter:site\" content=\"@PressenzaIPA\" \/>\n<meta name=\"twitter:label1\" content=\"\u00c9crit par\" \/>\n\t<meta name=\"twitter:data1\" content=\"R\u00e9daction France\" \/>\n\t<meta name=\"twitter:label2\" content=\"Dur\u00e9e de lecture estim\u00e9e\" \/>\n\t<meta name=\"twitter:data2\" content=\"1 minute\" \/>\n<script type=\"application\/ld+json\" class=\"yoast-schema-graph\">{\"@context\":\"https:\/\/schema.org\",\"@graph\":[{\"@type\":\"Article\",\"@id\":\"https:\/\/www.pressenza.com\/fr\/2019\/04\/gilets-jaunes-apres-la-manifestation-de-lacte-20-reportage-photo-deuxieme-assemblee-a-saint-nazaire\/#article\",\"isPartOf\":{\"@id\":\"https:\/\/www.pressenza.com\/fr\/2019\/04\/gilets-jaunes-apres-la-manifestation-de-lacte-20-reportage-photo-deuxieme-assemblee-a-saint-nazaire\/\"},\"author\":{\"name\":\"R\u00e9daction France\",\"@id\":\"https:\/\/www.pressenza.com\/fr\/#\/schema\/person\/3c9fe6670cc2cffbd37562f87b98e869\"},\"headline\":\"[Gilets Jaunes] Apr\u00e8s la manifestation de l\u2019Acte 20 (Reportage photo), deuxi\u00e8me assembl\u00e9e \u00e0 Saint-Nazaire\",\"datePublished\":\"2019-04-03T10:48:48+00:00\",\"mainEntityOfPage\":{\"@id\":\"https:\/\/www.pressenza.com\/fr\/2019\/04\/gilets-jaunes-apres-la-manifestation-de-lacte-20-reportage-photo-deuxieme-assemblee-a-saint-nazaire\/\"},\"wordCount\":235,\"publisher\":{\"@id\":\"https:\/\/www.pressenza.com\/fr\/#organization\"},\"image\":{\"@id\":\"https:\/\/www.pressenza.com\/fr\/2019\/04\/gilets-jaunes-apres-la-manifestation-de-lacte-20-reportage-photo-deuxieme-assemblee-a-saint-nazaire\/#primaryimage\"},\"thumbnailUrl\":\"https:\/\/www.pressenza.com\/wp-content\/uploads\/2019\/04\/Acte-20-GJ-Brigitte-Cano2b.jpg\",\"keywords\":[\"acte 20\",\"France\",\"Gilets Jaunes\",\"manifestation\"],\"articleSection\":[\"Contenu Original\",\"Europe\",\"Politique\",\"Reportages photo\"],\"inLanguage\":\"fr-FR\"},{\"@type\":\"WebPage\",\"@id\":\"https:\/\/www.pressenza.com\/fr\/2019\/04\/gilets-jaunes-apres-la-manifestation-de-lacte-20-reportage-photo-deuxieme-assemblee-a-saint-nazaire\/\",\"url\":\"https:\/\/www.pressenza.com\/fr\/2019\/04\/gilets-jaunes-apres-la-manifestation-de-lacte-20-reportage-photo-deuxieme-assemblee-a-saint-nazaire\/\",\"name\":\"[Gilets Jaunes] Apr\u00e8s la manifestation de l\u2019Acte 20 (Reportage photo), deuxi\u00e8me assembl\u00e9e \u00e0 Saint-Nazaire\",\"isPartOf\":{\"@id\":\"https:\/\/www.pressenza.com\/fr\/#website\"},\"primaryImageOfPage\":{\"@id\":\"https:\/\/www.pressenza.com\/fr\/2019\/04\/gilets-jaunes-apres-la-manifestation-de-lacte-20-reportage-photo-deuxieme-assemblee-a-saint-nazaire\/#primaryimage\"},\"image\":{\"@id\":\"https:\/\/www.pressenza.com\/fr\/2019\/04\/gilets-jaunes-apres-la-manifestation-de-lacte-20-reportage-photo-deuxieme-assemblee-a-saint-nazaire\/#primaryimage\"},\"thumbnailUrl\":\"https:\/\/www.pressenza.com\/wp-content\/uploads\/2019\/04\/Acte-20-GJ-Brigitte-Cano2b.jpg\",\"datePublished\":\"2019-04-03T10:48:48+00:00\",\"description\":\"La manifestation des Gilets jaunes de ce samedi 30 mars 2019, ou acte 20, s\u2019est d\u00e9roul\u00e9e un peu partout en France. Selon le minist\u00e8re de\",\"breadcrumb\":{\"@id\":\"https:\/\/www.pressenza.com\/fr\/2019\/04\/gilets-jaunes-apres-la-manifestation-de-lacte-20-reportage-photo-deuxieme-assemblee-a-saint-nazaire\/#breadcrumb\"},\"inLanguage\":\"fr-FR\",\"potentialAction\":[{\"@type\":\"ReadAction\",\"target\":[\"https:\/\/www.pressenza.com\/fr\/2019\/04\/gilets-jaunes-apres-la-manifestation-de-lacte-20-reportage-photo-deuxieme-assemblee-a-saint-nazaire\/\"]}]},{\"@type\":\"ImageObject\",\"inLanguage\":\"fr-FR\",\"@id\":\"https:\/\/www.pressenza.com\/fr\/2019\/04\/gilets-jaunes-apres-la-manifestation-de-lacte-20-reportage-photo-deuxieme-assemblee-a-saint-nazaire\/#primaryimage\",\"url\":\"https:\/\/www.pressenza.com\/wp-content\/uploads\/2019\/04\/Acte-20-GJ-Brigitte-Cano2b.jpg\",\"contentUrl\":\"https:\/\/www.pressenza.com\/wp-content\/uploads\/2019\/04\/Acte-20-GJ-Brigitte-Cano2b.jpg\",\"width\":750,\"height\":500,\"caption\":\"Acte 20 Guilets Jaunes\"},{\"@type\":\"BreadcrumbList\",\"@id\":\"https:\/\/www.pressenza.com\/fr\/2019\/04\/gilets-jaunes-apres-la-manifestation-de-lacte-20-reportage-photo-deuxieme-assemblee-a-saint-nazaire\/#breadcrumb\",\"itemListElement\":[{\"@type\":\"ListItem\",\"position\":1,\"name\":\"Accueil\",\"item\":\"https:\/\/www.pressenza.com\/fr\/\"},{\"@type\":\"ListItem\",\"position\":2,\"name\":\"[Gilets Jaunes] Apr\u00e8s la manifestation de l\u2019Acte 20 (Reportage photo), deuxi\u00e8me assembl\u00e9e \u00e0 Saint-Nazaire\"}]},{\"@type\":\"WebSite\",\"@id\":\"https:\/\/www.pressenza.com\/fr\/#website\",\"url\":\"https:\/\/www.pressenza.com\/fr\/\",\"name\":\"Pressenza\",\"description\":\"International Press Agency\",\"publisher\":{\"@id\":\"https:\/\/www.pressenza.com\/fr\/#organization\"},\"potentialAction\":[{\"@type\":\"SearchAction\",\"target\":{\"@type\":\"EntryPoint\",\"urlTemplate\":\"https:\/\/www.pressenza.com\/fr\/?s={search_term_string}\"},\"query-input\":{\"@type\":\"PropertyValueSpecification\",\"valueRequired\":true,\"valueName\":\"search_term_string\"}}],\"inLanguage\":\"fr-FR\"},{\"@type\":\"Organization\",\"@id\":\"https:\/\/www.pressenza.com\/fr\/#organization\",\"name\":\"Pressenza\",\"url\":\"https:\/\/www.pressenza.com\/fr\/\",\"logo\":{\"@type\":\"ImageObject\",\"inLanguage\":\"fr-FR\",\"@id\":\"https:\/\/www.pressenza.com\/fr\/#\/schema\/logo\/image\/\",\"url\":\"https:\/\/www.pressenza.com\/wp-content\/uploads\/2022\/10\/pressenza_logo_200x200.jpg\",\"contentUrl\":\"https:\/\/www.pressenza.com\/wp-content\/uploads\/2022\/10\/pressenza_logo_200x200.jpg\",\"width\":200,\"height\":200,\"caption\":\"Pressenza\"},\"image\":{\"@id\":\"https:\/\/www.pressenza.com\/fr\/#\/schema\/logo\/image\/\"},\"sameAs\":[\"https:\/\/www.facebook.com\/PressenzaItalia\",\"https:\/\/x.com\/PressenzaIPA\"]},{\"@type\":\"Person\",\"@id\":\"https:\/\/www.pressenza.com\/fr\/#\/schema\/person\/3c9fe6670cc2cffbd37562f87b98e869\",\"name\":\"R\u00e9daction France\",\"description\":\"News published by the Pressenza bureau in France\",\"sameAs\":[\"http:\/\/www.pressenza.com\/fr\"],\"url\":\"https:\/\/www.pressenza.com\/fr\/author\/redactionfrance\/\"}]}<\/script>\n<!-- \/ Yoast SEO plugin. -->","yoast_head_json":{"title":"[Gilets Jaunes] Apr\u00e8s la manifestation de l\u2019Acte 20 (Reportage photo), deuxi\u00e8me assembl\u00e9e \u00e0 Saint-Nazaire","description":"La manifestation des Gilets jaunes de ce samedi 30 mars 2019, ou acte 20, s\u2019est d\u00e9roul\u00e9e un peu partout en France. Selon le minist\u00e8re de","robots":{"index":"index","follow":"follow","max-snippet":"max-snippet:-1","max-image-preview":"max-image-preview:large","max-video-preview":"max-video-preview:-1"},"canonical":"https:\/\/www.pressenza.com\/fr\/2019\/04\/gilets-jaunes-apres-la-manifestation-de-lacte-20-reportage-photo-deuxieme-assemblee-a-saint-nazaire\/","og_locale":"fr_FR","og_type":"article","og_title":"[Gilets Jaunes] Apr\u00e8s la manifestation de l\u2019Acte 20 (Reportage photo), deuxi\u00e8me assembl\u00e9e \u00e0 Saint-Nazaire","og_description":"La manifestation des Gilets jaunes de ce samedi 30 mars 2019, ou acte 20, s\u2019est d\u00e9roul\u00e9e un peu partout en France. Selon le minist\u00e8re de","og_url":"https:\/\/www.pressenza.com\/fr\/2019\/04\/gilets-jaunes-apres-la-manifestation-de-lacte-20-reportage-photo-deuxieme-assemblee-a-saint-nazaire\/","og_site_name":"Pressenza","article_publisher":"https:\/\/www.facebook.com\/PressenzaItalia","article_published_time":"2019-04-03T10:48:48+00:00","og_image":[{"width":750,"height":500,"url":"https:\/\/www.pressenza.com\/wp-content\/uploads\/2019\/04\/Acte-20-GJ-Brigitte-Cano2b.jpg","type":"image\/jpeg"}],"author":"R\u00e9daction France","twitter_card":"summary_large_image","twitter_creator":"@PressenzaIPA","twitter_site":"@PressenzaIPA","twitter_misc":{"\u00c9crit par":"R\u00e9daction France","Dur\u00e9e de lecture estim\u00e9e":"1 minute"},"schema":{"@context":"https:\/\/schema.org","@graph":[{"@type":"Article","@id":"https:\/\/www.pressenza.com\/fr\/2019\/04\/gilets-jaunes-apres-la-manifestation-de-lacte-20-reportage-photo-deuxieme-assemblee-a-saint-nazaire\/#article","isPartOf":{"@id":"https:\/\/www.pressenza.com\/fr\/2019\/04\/gilets-jaunes-apres-la-manifestation-de-lacte-20-reportage-photo-deuxieme-assemblee-a-saint-nazaire\/"},"author":{"name":"R\u00e9daction France","@id":"https:\/\/www.pressenza.com\/fr\/#\/schema\/person\/3c9fe6670cc2cffbd37562f87b98e869"},"headline":"[Gilets Jaunes] Apr\u00e8s la manifestation de l\u2019Acte 20 (Reportage photo), deuxi\u00e8me assembl\u00e9e \u00e0 Saint-Nazaire","datePublished":"2019-04-03T10:48:48+00:00","mainEntityOfPage":{"@id":"https:\/\/www.pressenza.com\/fr\/2019\/04\/gilets-jaunes-apres-la-manifestation-de-lacte-20-reportage-photo-deuxieme-assemblee-a-saint-nazaire\/"},"wordCount":235,"publisher":{"@id":"https:\/\/www.pressenza.com\/fr\/#organization"},"image":{"@id":"https:\/\/www.pressenza.com\/fr\/2019\/04\/gilets-jaunes-apres-la-manifestation-de-lacte-20-reportage-photo-deuxieme-assemblee-a-saint-nazaire\/#primaryimage"},"thumbnailUrl":"https:\/\/www.pressenza.com\/wp-content\/uploads\/2019\/04\/Acte-20-GJ-Brigitte-Cano2b.jpg","keywords":["acte 20","France","Gilets Jaunes","manifestation"],"articleSection":["Contenu Original","Europe","Politique","Reportages photo"],"inLanguage":"fr-FR"},{"@type":"WebPage","@id":"https:\/\/www.pressenza.com\/fr\/2019\/04\/gilets-jaunes-apres-la-manifestation-de-lacte-20-reportage-photo-deuxieme-assemblee-a-saint-nazaire\/","url":"https:\/\/www.pressenza.com\/fr\/2019\/04\/gilets-jaunes-apres-la-manifestation-de-lacte-20-reportage-photo-deuxieme-assemblee-a-saint-nazaire\/","name":"[Gilets Jaunes] Apr\u00e8s la manifestation de l\u2019Acte 20 (Reportage photo), deuxi\u00e8me assembl\u00e9e \u00e0 Saint-Nazaire","isPartOf":{"@id":"https:\/\/www.pressenza.com\/fr\/#website"},"primaryImageOfPage":{"@id":"https:\/\/www.pressenza.com\/fr\/2019\/04\/gilets-jaunes-apres-la-manifestation-de-lacte-20-reportage-photo-deuxieme-assemblee-a-saint-nazaire\/#primaryimage"},"image":{"@id":"https:\/\/www.pressenza.com\/fr\/2019\/04\/gilets-jaunes-apres-la-manifestation-de-lacte-20-reportage-photo-deuxieme-assemblee-a-saint-nazaire\/#primaryimage"},"thumbnailUrl":"https:\/\/www.pressenza.com\/wp-content\/uploads\/2019\/04\/Acte-20-GJ-Brigitte-Cano2b.jpg","datePublished":"2019-04-03T10:48:48+00:00","description":"La manifestation des Gilets jaunes de ce samedi 30 mars 2019, ou acte 20, s\u2019est d\u00e9roul\u00e9e un peu partout en France. Selon le minist\u00e8re de","breadcrumb":{"@id":"https:\/\/www.pressenza.com\/fr\/2019\/04\/gilets-jaunes-apres-la-manifestation-de-lacte-20-reportage-photo-deuxieme-assemblee-a-saint-nazaire\/#breadcrumb"},"inLanguage":"fr-FR","potentialAction":[{"@type":"ReadAction","target":["https:\/\/www.pressenza.com\/fr\/2019\/04\/gilets-jaunes-apres-la-manifestation-de-lacte-20-reportage-photo-deuxieme-assemblee-a-saint-nazaire\/"]}]},{"@type":"ImageObject","inLanguage":"fr-FR","@id":"https:\/\/www.pressenza.com\/fr\/2019\/04\/gilets-jaunes-apres-la-manifestation-de-lacte-20-reportage-photo-deuxieme-assemblee-a-saint-nazaire\/#primaryimage","url":"https:\/\/www.pressenza.com\/wp-content\/uploads\/2019\/04\/Acte-20-GJ-Brigitte-Cano2b.jpg","contentUrl":"https:\/\/www.pressenza.com\/wp-content\/uploads\/2019\/04\/Acte-20-GJ-Brigitte-Cano2b.jpg","width":750,"height":500,"caption":"Acte 20 Guilets Jaunes"},{"@type":"BreadcrumbList","@id":"https:\/\/www.pressenza.com\/fr\/2019\/04\/gilets-jaunes-apres-la-manifestation-de-lacte-20-reportage-photo-deuxieme-assemblee-a-saint-nazaire\/#breadcrumb","itemListElement":[{"@type":"ListItem","position":1,"name":"Accueil","item":"https:\/\/www.pressenza.com\/fr\/"},{"@type":"ListItem","position":2,"name":"[Gilets Jaunes] Apr\u00e8s la manifestation de l\u2019Acte 20 (Reportage photo), deuxi\u00e8me assembl\u00e9e \u00e0 Saint-Nazaire"}]},{"@type":"WebSite","@id":"https:\/\/www.pressenza.com\/fr\/#website","url":"https:\/\/www.pressenza.com\/fr\/","name":"Pressenza","description":"International Press Agency","publisher":{"@id":"https:\/\/www.pressenza.com\/fr\/#organization"},"potentialAction":[{"@type":"SearchAction","target":{"@type":"EntryPoint","urlTemplate":"https:\/\/www.pressenza.com\/fr\/?s={search_term_string}"},"query-input":{"@type":"PropertyValueSpecification","valueRequired":true,"valueName":"search_term_string"}}],"inLanguage":"fr-FR"},{"@type":"Organization","@id":"https:\/\/www.pressenza.com\/fr\/#organization","name":"Pressenza","url":"https:\/\/www.pressenza.com\/fr\/","logo":{"@type":"ImageObject","inLanguage":"fr-FR","@id":"https:\/\/www.pressenza.com\/fr\/#\/schema\/logo\/image\/","url":"https:\/\/www.pressenza.com\/wp-content\/uploads\/2022\/10\/pressenza_logo_200x200.jpg","contentUrl":"https:\/\/www.pressenza.com\/wp-content\/uploads\/2022\/10\/pressenza_logo_200x200.jpg","width":200,"height":200,"caption":"Pressenza"},"image":{"@id":"https:\/\/www.pressenza.com\/fr\/#\/schema\/logo\/image\/"},"sameAs":["https:\/\/www.facebook.com\/PressenzaItalia","https:\/\/x.com\/PressenzaIPA"]},{"@type":"Person","@id":"https:\/\/www.pressenza.com\/fr\/#\/schema\/person\/3c9fe6670cc2cffbd37562f87b98e869","name":"R\u00e9daction France","description":"News published by the Pressenza bureau in France","sameAs":["http:\/\/www.pressenza.com\/fr"],"url":"https:\/\/www.pressenza.com\/fr\/author\/redactionfrance\/"}]}},"place":"Paris, France","original_article_url":"","_links":{"self":[{"href":"https:\/\/www.pressenza.com\/fr\/wp-json\/wp\/v2\/posts\/834206","targetHints":{"allow":["GET"]}}],"collection":[{"href":"https:\/\/www.pressenza.com\/fr\/wp-json\/wp\/v2\/posts"}],"about":[{"href":"https:\/\/www.pressenza.com\/fr\/wp-json\/wp\/v2\/types\/post"}],"author":[{"embeddable":true,"href":"https:\/\/www.pressenza.com\/fr\/wp-json\/wp\/v2\/users\/926"}],"replies":[{"embeddable":true,"href":"https:\/\/www.pressenza.com\/fr\/wp-json\/wp\/v2\/comments?post=834206"}],"version-history":[{"count":0,"href":"https:\/\/www.pressenza.com\/fr\/wp-json\/wp\/v2\/posts\/834206\/revisions"}],"wp:featuredmedia":[{"embeddable":true,"href":"https:\/\/www.pressenza.com\/fr\/wp-json\/wp\/v2\/media\/834732"}],"wp:attachment":[{"href":"https:\/\/www.pressenza.com\/fr\/wp-json\/wp\/v2\/media?parent=834206"}],"wp:term":[{"taxonomy":"category","embeddable":true,"href":"https:\/\/www.pressenza.com\/fr\/wp-json\/wp\/v2\/categories?post=834206"},{"taxonomy":"post_tag","embeddable":true,"href":"https:\/\/www.pressenza.com\/fr\/wp-json\/wp\/v2\/tags?post=834206"}],"curies":[{"name":"wp","href":"https:\/\/api.w.org\/{rel}","templated":true}]}}