{"id":833717,"date":"2019-04-01T05:46:46","date_gmt":"2019-04-01T04:46:46","guid":{"rendered":"https:\/\/www.pressenza.com\/?p=833717"},"modified":"2019-04-01T05:46:46","modified_gmt":"2019-04-01T04:46:46","slug":"femmes-et-gilets-jaunes-pour-une-transition-sociale-feministe-et-ecologique","status":"publish","type":"post","link":"https:\/\/www.pressenza.com\/fr\/2019\/04\/femmes-et-gilets-jaunes-pour-une-transition-sociale-feministe-et-ecologique\/","title":{"rendered":"Femmes et Gilets jaunes : pour une transition sociale, f\u00e9ministe et \u00e9cologique"},"content":{"rendered":"<div class=\"chapo\">\n<p>La dette, cheval de Troie d\u2019une guerre sociale sans pr\u00e9c\u00e9dent contre les peuples, n\u2019est nullement neutre du point de vue du genre. Bien au contraire, elle constitue un obstacle colossal \u00e0 l\u2019\u00e9galit\u00e9 entre les hommes et les femmes \u00e0 l\u2019\u00e9chelle mondiale. Les mesures macro\u00e9conomiques qui lui sont associ\u00e9es sont sexu\u00e9es autant dans leurs caract\u00e9ristiques que dans leurs effets. Partout, elles s\u2019abattent sur les salari\u00e9Es, les retrait\u00e9Es, les ch\u00f4meurs\/euses, les \u00ab\u00a0sans\u00a0\u00bb de tous ordre (sans logement, sans papier, sans minimum vital,&#8230;) pour leur faire payer les effets d\u2019une crise profonde dont ils et elles ne sont en rien responsables. Partout, elles imposent les pires r\u00e9gressions sociales aux populations les plus fragilis\u00e9es les plus pauvres, et donc majoritairement aux femmes, tout en \u00e9pargnant les responsables de la crise que sont les institutions financi\u00e8res. Parmi ces femmes, les plus vuln\u00e9rables (cf.\u00a0: les m\u00e8res c\u00e9libataires, les femmes jeunes, \u00e2g\u00e9es, migrantes, sans emploi, les femmes provenant d\u2019une minorit\u00e9 ethnique, du milieu rural ou encore ayant \u00e9t\u00e9 victimes de violences) sont les plus pressuris\u00e9es pour voler au secours des profiteurs de la dette. Privatisations, lib\u00e9ralisations, restrictions budg\u00e9taires au menu des politiques de la dette sabrent les droits sociaux des femmes, accentuent leur pauvret\u00e9, durcissent et aggravent les in\u00e9galit\u00e9s entre les sexes et sapent les acquis f\u00e9ministes. Le CADTM \u00e0 l\u2019instar d\u2019autres mouvements sociaux d\u00e9veloppe une analyse genr\u00e9e de l\u2019aust\u00e9rit\u00e9 et \u00e0 la plaisir de relayer ici la contribution de la Commission d\u2019ATTAC Genre.<\/p>\n<\/div>\n<div class=\"texte\">\n<p>Depuis deux mois, le mouvement des \u00ab\u00a0Gilets jaunes\u00a0\u00bb a mis dans le d\u00e9bat public les th\u00e8mes de justice fiscale, de justice sociale, de justice climatique et de d\u00e9mocratie. Il a permis d\u2019associer le combat \u00ab\u00a0contre les fins de mois et la fin du monde\u00a0\u00bb. Plusieurs analyses ont soulign\u00e9 la pr\u00e9sence massive de femmes dans les mobilisations\u00a0: certaines ont m\u00eame qualifi\u00e9 ce ph\u00e9nom\u00e8ne de \u00ab\u00a0nouveaut\u00e9\u00a0\u00bb. Mais <strong>les femmes ont toujours \u00e9t\u00e9 pr\u00e9sentes dans les mouvements sociaux pour revendiquer leurs droits<\/strong>, lors de la R\u00e9volution fran\u00e7aise, la Commune, jusqu\u2019\u00e0, plus r\u00e9cemment, la contestation contre les politiques d\u2019aust\u00e9rit\u00e9, les r\u00e9formes des retraites ou les lois Travail. <strong>Leur pr\u00e9sence a \u00e9t\u00e9 invisibilis\u00e9e, mais elles ont toujours \u00e9t\u00e9 parties prenantes de ces mouvements. Comment s\u2019\u00e9tonner aujourd\u2019hui de leur mobilisation quand elles sont les premi\u00e8res touch\u00e9es par le manque de services publics, la suppression ou la diminution des politiques redistributives, le trop bas niveau des salaires et la pr\u00e9carit\u00e9\u00a0?<\/strong><\/p>\n<p><i>Nous participons et soutenons le mouvement des Gilets jaunes, nombre de leurs revendications nous concernent au plus haut point, car les femmes sont encore aujourd\u2019hui majoritaires parmi les plus pr\u00e9caires. Voici ces propositions, non exhaustives, compl\u00e9t\u00e9es pour inclure les revendications des femmes. <\/i><\/p>\n<p><img loading=\"lazy\" decoding=\"async\" class=\"puce\" src=\"http:\/\/www.cadtm.org\/local\/cache-vignettes\/L8xH11\/puce-32883.gif?1550006865\" alt=\"-\" width=\"8\" height=\"11\" \/>\u00a0<strong>Smic \u00e0 1300 euros net<\/strong>\u00a0: les femmes repr\u00e9sentent pr\u00e8s des deux tiers des salari\u00e9\u00b7es au SMIC, alors qu\u2019elles ne sont que 42\u00a0% de l\u2019ensemble des salari\u00e9\u00b7es. Les personnes \u00e0 temps partiel sont surrepr\u00e9sent\u00e9es parmi les smicard\u00b7es, et ce sont les femmes qui occupent \u00e0 80\u00a0% les emplois \u00e0 temps partiel, souvent subis. La hausse du SMIC est indispensable et elle b\u00e9n\u00e9ficiera de fait en majorit\u00e9 aux femmes, et elle r\u00e9duira m\u00e9caniquement les in\u00e9galit\u00e9s de salaire entre les sexes.<\/p>\n<p><img loading=\"lazy\" decoding=\"async\" class=\"puce\" src=\"http:\/\/www.cadtm.org\/local\/cache-vignettes\/L8xH11\/puce-32883.gif?1550006865\" alt=\"-\" width=\"8\" height=\"11\" \/>\u00a0<strong>Pas de retraite par points<\/strong>\u00a0: la logique d\u2019un syst\u00e8me par points \u2013 ce qui est le projet du gouvernement \u2013 vise \u00e0 ce que la pension per\u00e7ue par une personne pendant sa retraite refl\u00e8te au mieux la somme des cotisations vers\u00e9es au cours de sa carri\u00e8re. La pension refl\u00e8te alors la totalit\u00e9 des salaires per\u00e7us (et non plus les 25 meilleures ann\u00e9es de salaires comme actuellement dans le r\u00e9gime g\u00e9n\u00e9ral, ou les six derniers mois dans la fonction publique). Dans un tel syst\u00e8me, les personnes aux carri\u00e8res courtes, avec des p\u00e9riodes de ch\u00f4mage ou avec des bas salaires, qui sont tr\u00e8s majoritairement des femmes, auraient peu de points et des pensions plus faibles. Il y a beaucoup moins de dispositifs de solidarit\u00e9 dans les syst\u00e8mes par points (ce qu\u2019on constate dans les r\u00e9gimes compl\u00e9mentaires actuels du secteur priv\u00e9 qui fonctionnent tous par points), et donc bien moins de redistribution envers les faibles pensions. Nous refusons la retraite par points. Notre syst\u00e8me de retraite actuel par annuit\u00e9s peut et doit \u00eatre am\u00e9lior\u00e9 pour assurer la redistribution n\u00e9cessaire, afin de garantir une pension suffisante \u00e0 toute personne. En particulier, par l\u2019instauration d\u2019un niveau minimum de pension.<\/p>\n<p><img loading=\"lazy\" decoding=\"async\" class=\"puce\" src=\"http:\/\/www.cadtm.org\/local\/cache-vignettes\/L8xH11\/puce-32883.gif?1550006865\" alt=\"-\" width=\"8\" height=\"11\" \/>\u00a0<strong>Pas de retraite en dessous de 1200 euros nets pour une carri\u00e8re compl\u00e8te<\/strong>\u00a0: les femmes touchent en moyenne une pension brute de droit direct de 1065 euros par mois, contre 1739 euros pour les hommes. Soit 39\u00a0% de moins\u00a0! (L\u2019\u00e9cart de pension est m\u00eame syst\u00e9matiquement plus fort dans les r\u00e9gimes compl\u00e9mentaires fonctionnant par points). La retraite ne fait donc pas que simplement refl\u00e9ter les in\u00e9galit\u00e9s de salaires, elle les amplifie, puisque l\u2019\u00e9cart sur les salaires est de fait plus faible (26\u00a0%)\u00a0! L\u2019instauration d\u2019un minimum de pension est indispensable, ce sera utile non seulement pour augmenter les pensions les plus faibles \u2013 qui sont en majorit\u00e9 celles des femmes \u2013 mais aussi pour r\u00e9duire les in\u00e9galit\u00e9s entre les sexes.<\/p>\n<p><img loading=\"lazy\" decoding=\"async\" class=\"puce\" src=\"http:\/\/www.cadtm.org\/local\/cache-vignettes\/L8xH11\/puce-32883.gif?1550006865\" alt=\"-\" width=\"8\" height=\"11\" \/> <strong>Fin des politiques d\u2019aust\u00e9rit\u00e9<\/strong>\u00a0: les politiques d\u2019aust\u00e9rit\u00e9 ont des effets tr\u00e8s n\u00e9gatifs sur les couches populaires et sur les personnes les plus pr\u00e9caires. Or les femmes sont majoritaires dans la pr\u00e9carit\u00e9. Ces politiques signifient la baisse des d\u00e9penses publiques, qui passe par des coupes dans les budgets des services publics et dans les prestations sociales, et des baisses d\u2019effectifs et de r\u00e9mun\u00e9rations dans le secteur public. Les femmes sont doublement touch\u00e9es\u00a0: en tant qu\u2019employ\u00e9es, car le secteur public emploie en majorit\u00e9 des femmes, et en tant qu\u2019usag\u00e8res de ces services, car ce sont elles qui assument le r\u00f4le de responsables principales de la famille, avec la prise en charge des enfants et des personnes d\u00e9pendantes. Les femmes sont alors contraintes d\u2019assumer tout ce qui n\u2019est plus pris en charge par la collectivit\u00e9, ce qui se fait au d\u00e9triment de leur emploi et de leur autonomie financi\u00e8re. Il est pourtant possible de mettre fin aux politiques d\u2019aust\u00e9rit\u00e9 en renfor\u00e7ant les ressources publiques. Dans les derni\u00e8res d\u00e9cennies, la baisse des recettes fiscales de l\u2019\u00c9tat li\u00e9es \u00e0 la plus faible taxation des hauts revenus, aux cadeaux faits aux grandes entreprises (notamment, en 2019, les 40 milliards du CICE et des all\u00e8gements de cotisations) et, plus r\u00e9cemment, \u00e0 la suppression de l\u2019ISF et \u00e0 la diminution de l\u2019imp\u00f4t sur les revenus du capital (soumis seulement \u00e0 la flat tax de 30\u00a0%) prive la puissance publique des ressources n\u00e9cessaires pour l\u2019am\u00e9lioration et le d\u00e9veloppement de services publics de qualit\u00e9 sur tout le territoire.<\/p>\n<p><img loading=\"lazy\" decoding=\"async\" class=\"puce\" src=\"http:\/\/www.cadtm.org\/local\/cache-vignettes\/L8xH11\/puce-32883.gif?1550006865\" alt=\"-\" width=\"8\" height=\"11\" \/>\u00a0<strong>R\u00e9forme pour une fiscalit\u00e9 plus juste pour augmenter les ressources publiques, notamment par le r\u00e9tablissement de l\u2019ISF, le renforcement de la progressivit\u00e9 de l\u2019imp\u00f4t sur le revenu, avec l\u2019int\u00e9gration de nouvelles tranches sup\u00e9rieures dans le bar\u00e8me, la taxation des revenus du capital au moins au m\u00eame niveau que celle sur revenus du travail<\/strong>. Remise en question du mode d\u2019imposition conjointe des couples, qui d\u00e9favorise toutes les femmes ayant des revenus inf\u00e9rieurs \u00e0 ceux de leur conjoint (ce qui est le cas majoritaire), et passage \u00e0 un mode d\u2019imposition s\u00e9par\u00e9e, le seul qui reconnaisse la pleine citoyennet\u00e9 des femmes.<\/p>\n<p><img loading=\"lazy\" decoding=\"async\" class=\"puce\" src=\"http:\/\/www.cadtm.org\/local\/cache-vignettes\/L8xH11\/puce-32883.gif?1550006865\" alt=\"-\" width=\"8\" height=\"11\" \/>\u00a0<strong>D\u00e9veloppement et am\u00e9lioration des services publics<\/strong>, en particulier les services de proximit\u00e9 (h\u00f4pitaux, cr\u00e8ches, maternit\u00e9s, services aupr\u00e8s des personnes d\u00e9pendantes, centres d\u2019IVG\u2026) qui sont indispensables pour all\u00e9ger les responsabilit\u00e9s que les femmes assument et ainsi leur permettre d\u2019occuper un emploi, condition de leur autonomie.<\/p>\n<p><img loading=\"lazy\" decoding=\"async\" class=\"puce\" src=\"http:\/\/www.cadtm.org\/local\/cache-vignettes\/L8xH11\/puce-32883.gif?1550006865\" alt=\"-\" width=\"8\" height=\"11\" \/>\u00a0<strong> Davantage de logements \u00e0 loyer mod\u00e9r\u00e9<\/strong>, notamment pour les familles monoparentales qui sont le plus souvent des femmes en situation de pr\u00e9carit\u00e9. Les femmes repr\u00e9sentent en effet 85\u00a0% des familles monoparentales.<\/p>\n<p><img loading=\"lazy\" decoding=\"async\" class=\"puce\" src=\"http:\/\/www.cadtm.org\/local\/cache-vignettes\/L8xH11\/puce-32883.gif?1550006865\" alt=\"-\" width=\"8\" height=\"11\" \/>\u00a0<strong>Revalorisation des m\u00e9tiers \u00e0 dominante f\u00e9minine dans les services aux personnes, le travail social, la sant\u00e9, le nettoyage<\/strong>, qui sont des secteurs o\u00f9 les emplois sont sous-r\u00e9mun\u00e9r\u00e9s, les quali\ufb01cations n\u2019\u00e9tant pas reconnues, alors que ce sont des m\u00e9tiers\u00a0essentiels au fonctionnement et au bien-\u00eatre de la soci\u00e9t\u00e9.<\/p>\n<p><i>Source\u00a0: <a class=\"spip_url spip_out auto\" href=\"https:\/\/blogs.attac.org\/commission-genre\/article\/femmes-gilets-jaunes-pour-une-transition-sociale-feministe-et-ecologique\" rel=\"nofollow external\">https:\/\/blogs.attac.org\/commission-genre\/article\/femmes-gilets-jaunes-pour-une-transition-sociale-feministe-et-ecologique<\/a><\/i><\/p>\n<\/div>\n","protected":false},"excerpt":{"rendered":"<p>La dette, cheval de Troie d\u2019une guerre sociale sans pr\u00e9c\u00e9dent contre les peuples, n\u2019est nullement neutre du point de vue du genre. Bien au contraire, elle constitue un obstacle colossal \u00e0 l\u2019\u00e9galit\u00e9 entre les hommes et les femmes \u00e0 l\u2019\u00e9chelle&hellip;<\/p>\n","protected":false},"author":848,"featured_media":833718,"comment_status":"closed","ping_status":"closed","sticky":false,"template":"","format":"standard","meta":{"footnotes":""},"categories":[85,54509],"tags":[56412,56181,53996,57063],"class_list":["post-833717","post","type-post","status-publish","format-standard","has-post-thumbnail","hentry","category-europe-fr","category-genre-et-feminismes","tag-ecologie","tag-feminisme","tag-gilets-jaunes-fr","tag-transition-sociale"],"yoast_head":"<!-- This site is optimized with the Yoast SEO plugin v27.1.1 - https:\/\/yoast.com\/product\/yoast-seo-wordpress\/ -->\n<title>Femmes et Gilets jaunes : pour une transition sociale, f\u00e9ministe et \u00e9cologique<\/title>\n<meta name=\"description\" content=\"La dette, cheval de Troie d\u2019une guerre sociale sans pr\u00e9c\u00e9dent contre les peuples, n\u2019est nullement neutre du point de vue du genre. Bien au contraire, elle\" \/>\n<meta name=\"robots\" content=\"index, follow, max-snippet:-1, max-image-preview:large, max-video-preview:-1\" \/>\n<link rel=\"canonical\" href=\"https:\/\/www.pressenza.com\/fr\/2019\/04\/femmes-et-gilets-jaunes-pour-une-transition-sociale-feministe-et-ecologique\/\" \/>\n<meta property=\"og:locale\" content=\"fr_FR\" \/>\n<meta property=\"og:type\" content=\"article\" \/>\n<meta property=\"og:title\" content=\"Femmes et Gilets jaunes : pour une transition sociale, f\u00e9ministe et \u00e9cologique\" \/>\n<meta property=\"og:description\" content=\"La dette, cheval de Troie d\u2019une guerre sociale sans pr\u00e9c\u00e9dent contre les peuples, n\u2019est nullement neutre du point de vue du genre. Bien au contraire, elle\" \/>\n<meta property=\"og:url\" content=\"https:\/\/www.pressenza.com\/fr\/2019\/04\/femmes-et-gilets-jaunes-pour-une-transition-sociale-feministe-et-ecologique\/\" \/>\n<meta property=\"og:site_name\" content=\"Pressenza\" \/>\n<meta property=\"article:publisher\" content=\"https:\/\/www.facebook.com\/PressenzaItalia\" \/>\n<meta property=\"article:author\" content=\"https:\/\/www.facebook.com\/CADTMNETWORK\/\" \/>\n<meta property=\"article:published_time\" content=\"2019-04-01T04:46:46+00:00\" \/>\n<meta property=\"og:image\" content=\"https:\/\/www.pressenza.com\/wp-content\/uploads\/2019\/04\/transition-sociale-f\u00e9minisme-\u00e9cologie-gilets-jaunes.jpg\" \/>\n\t<meta property=\"og:image:width\" content=\"750\" \/>\n\t<meta property=\"og:image:height\" content=\"500\" \/>\n\t<meta property=\"og:image:type\" content=\"image\/jpeg\" \/>\n<meta name=\"author\" content=\"Comit\u00e9 pour l\u2019abolition des dettes ill\u00e9gitimes (CADTM)\" \/>\n<meta name=\"twitter:card\" content=\"summary_large_image\" \/>\n<meta name=\"twitter:creator\" content=\"@CADTM_int\" \/>\n<meta name=\"twitter:site\" content=\"@PressenzaIPA\" \/>\n<meta name=\"twitter:label1\" content=\"\u00c9crit par\" \/>\n\t<meta name=\"twitter:data1\" content=\"Comit\u00e9 pour l\u2019abolition des dettes ill\u00e9gitimes (CADTM)\" \/>\n\t<meta name=\"twitter:label2\" content=\"Dur\u00e9e de lecture estim\u00e9e\" \/>\n\t<meta name=\"twitter:data2\" content=\"7 minutes\" \/>\n<script type=\"application\/ld+json\" class=\"yoast-schema-graph\">{\"@context\":\"https:\/\/schema.org\",\"@graph\":[{\"@type\":\"Article\",\"@id\":\"https:\/\/www.pressenza.com\/fr\/2019\/04\/femmes-et-gilets-jaunes-pour-une-transition-sociale-feministe-et-ecologique\/#article\",\"isPartOf\":{\"@id\":\"https:\/\/www.pressenza.com\/fr\/2019\/04\/femmes-et-gilets-jaunes-pour-une-transition-sociale-feministe-et-ecologique\/\"},\"author\":{\"name\":\"Comit\u00e9 pour l\u2019abolition des dettes ill\u00e9gitimes (CADTM)\",\"@id\":\"https:\/\/www.pressenza.com\/fr\/#\/schema\/person\/1f570f1450b3d76e0dd919130d5851af\"},\"headline\":\"Femmes et Gilets jaunes : pour une transition sociale, f\u00e9ministe et \u00e9cologique\",\"datePublished\":\"2019-04-01T04:46:46+00:00\",\"mainEntityOfPage\":{\"@id\":\"https:\/\/www.pressenza.com\/fr\/2019\/04\/femmes-et-gilets-jaunes-pour-une-transition-sociale-feministe-et-ecologique\/\"},\"wordCount\":1475,\"publisher\":{\"@id\":\"https:\/\/www.pressenza.com\/fr\/#organization\"},\"image\":{\"@id\":\"https:\/\/www.pressenza.com\/fr\/2019\/04\/femmes-et-gilets-jaunes-pour-une-transition-sociale-feministe-et-ecologique\/#primaryimage\"},\"thumbnailUrl\":\"https:\/\/www.pressenza.com\/wp-content\/uploads\/2019\/04\/transition-sociale-f\u00e9minisme-\u00e9cologie-gilets-jaunes.jpg\",\"keywords\":[\"\u00e9cologie\",\"f\u00e9minisme\",\"Gilets Jaunes\",\"transition sociale\"],\"articleSection\":[\"Europe\",\"Genre et f\u00e9minismes\"],\"inLanguage\":\"fr-FR\"},{\"@type\":\"WebPage\",\"@id\":\"https:\/\/www.pressenza.com\/fr\/2019\/04\/femmes-et-gilets-jaunes-pour-une-transition-sociale-feministe-et-ecologique\/\",\"url\":\"https:\/\/www.pressenza.com\/fr\/2019\/04\/femmes-et-gilets-jaunes-pour-une-transition-sociale-feministe-et-ecologique\/\",\"name\":\"Femmes et Gilets jaunes : pour une transition sociale, f\u00e9ministe et \u00e9cologique\",\"isPartOf\":{\"@id\":\"https:\/\/www.pressenza.com\/fr\/#website\"},\"primaryImageOfPage\":{\"@id\":\"https:\/\/www.pressenza.com\/fr\/2019\/04\/femmes-et-gilets-jaunes-pour-une-transition-sociale-feministe-et-ecologique\/#primaryimage\"},\"image\":{\"@id\":\"https:\/\/www.pressenza.com\/fr\/2019\/04\/femmes-et-gilets-jaunes-pour-une-transition-sociale-feministe-et-ecologique\/#primaryimage\"},\"thumbnailUrl\":\"https:\/\/www.pressenza.com\/wp-content\/uploads\/2019\/04\/transition-sociale-f\u00e9minisme-\u00e9cologie-gilets-jaunes.jpg\",\"datePublished\":\"2019-04-01T04:46:46+00:00\",\"description\":\"La dette, cheval de Troie d\u2019une guerre sociale sans pr\u00e9c\u00e9dent contre les peuples, n\u2019est nullement neutre du point de vue du genre. Bien au contraire, elle\",\"breadcrumb\":{\"@id\":\"https:\/\/www.pressenza.com\/fr\/2019\/04\/femmes-et-gilets-jaunes-pour-une-transition-sociale-feministe-et-ecologique\/#breadcrumb\"},\"inLanguage\":\"fr-FR\",\"potentialAction\":[{\"@type\":\"ReadAction\",\"target\":[\"https:\/\/www.pressenza.com\/fr\/2019\/04\/femmes-et-gilets-jaunes-pour-une-transition-sociale-feministe-et-ecologique\/\"]}]},{\"@type\":\"ImageObject\",\"inLanguage\":\"fr-FR\",\"@id\":\"https:\/\/www.pressenza.com\/fr\/2019\/04\/femmes-et-gilets-jaunes-pour-une-transition-sociale-feministe-et-ecologique\/#primaryimage\",\"url\":\"https:\/\/www.pressenza.com\/wp-content\/uploads\/2019\/04\/transition-sociale-f\u00e9minisme-\u00e9cologie-gilets-jaunes.jpg\",\"contentUrl\":\"https:\/\/www.pressenza.com\/wp-content\/uploads\/2019\/04\/transition-sociale-f\u00e9minisme-\u00e9cologie-gilets-jaunes.jpg\",\"width\":750,\"height\":500,\"caption\":\"Femmes et Gilets jaunes : pour une transition sociale, f\u00e9ministe et \u00e9cologique\"},{\"@type\":\"BreadcrumbList\",\"@id\":\"https:\/\/www.pressenza.com\/fr\/2019\/04\/femmes-et-gilets-jaunes-pour-une-transition-sociale-feministe-et-ecologique\/#breadcrumb\",\"itemListElement\":[{\"@type\":\"ListItem\",\"position\":1,\"name\":\"Accueil\",\"item\":\"https:\/\/www.pressenza.com\/fr\/\"},{\"@type\":\"ListItem\",\"position\":2,\"name\":\"Femmes et Gilets jaunes : pour une transition sociale, f\u00e9ministe et \u00e9cologique\"}]},{\"@type\":\"WebSite\",\"@id\":\"https:\/\/www.pressenza.com\/fr\/#website\",\"url\":\"https:\/\/www.pressenza.com\/fr\/\",\"name\":\"Pressenza\",\"description\":\"International Press Agency\",\"publisher\":{\"@id\":\"https:\/\/www.pressenza.com\/fr\/#organization\"},\"potentialAction\":[{\"@type\":\"SearchAction\",\"target\":{\"@type\":\"EntryPoint\",\"urlTemplate\":\"https:\/\/www.pressenza.com\/fr\/?s={search_term_string}\"},\"query-input\":{\"@type\":\"PropertyValueSpecification\",\"valueRequired\":true,\"valueName\":\"search_term_string\"}}],\"inLanguage\":\"fr-FR\"},{\"@type\":\"Organization\",\"@id\":\"https:\/\/www.pressenza.com\/fr\/#organization\",\"name\":\"Pressenza\",\"url\":\"https:\/\/www.pressenza.com\/fr\/\",\"logo\":{\"@type\":\"ImageObject\",\"inLanguage\":\"fr-FR\",\"@id\":\"https:\/\/www.pressenza.com\/fr\/#\/schema\/logo\/image\/\",\"url\":\"https:\/\/www.pressenza.com\/wp-content\/uploads\/2022\/10\/pressenza_logo_200x200.jpg\",\"contentUrl\":\"https:\/\/www.pressenza.com\/wp-content\/uploads\/2022\/10\/pressenza_logo_200x200.jpg\",\"width\":200,\"height\":200,\"caption\":\"Pressenza\"},\"image\":{\"@id\":\"https:\/\/www.pressenza.com\/fr\/#\/schema\/logo\/image\/\"},\"sameAs\":[\"https:\/\/www.facebook.com\/PressenzaItalia\",\"https:\/\/x.com\/PressenzaIPA\"]},{\"@type\":\"Person\",\"@id\":\"https:\/\/www.pressenza.com\/fr\/#\/schema\/person\/1f570f1450b3d76e0dd919130d5851af\",\"name\":\"Comit\u00e9 pour l\u2019abolition des dettes ill\u00e9gitimes (CADTM)\",\"sameAs\":[\"http:\/\/www.cadtm.org\/\",\"https:\/\/www.facebook.com\/CADTMNETWORK\/\",\"https:\/\/x.com\/CADTM_int\"],\"url\":\"https:\/\/www.pressenza.com\/fr\/author\/comite-pour-annulation-de-la-dette-du-tiers-mond\/\"}]}<\/script>\n<!-- \/ Yoast SEO plugin. -->","yoast_head_json":{"title":"Femmes et Gilets jaunes : pour une transition sociale, f\u00e9ministe et \u00e9cologique","description":"La dette, cheval de Troie d\u2019une guerre sociale sans pr\u00e9c\u00e9dent contre les peuples, n\u2019est nullement neutre du point de vue du genre. Bien au contraire, elle","robots":{"index":"index","follow":"follow","max-snippet":"max-snippet:-1","max-image-preview":"max-image-preview:large","max-video-preview":"max-video-preview:-1"},"canonical":"https:\/\/www.pressenza.com\/fr\/2019\/04\/femmes-et-gilets-jaunes-pour-une-transition-sociale-feministe-et-ecologique\/","og_locale":"fr_FR","og_type":"article","og_title":"Femmes et Gilets jaunes : pour une transition sociale, f\u00e9ministe et \u00e9cologique","og_description":"La dette, cheval de Troie d\u2019une guerre sociale sans pr\u00e9c\u00e9dent contre les peuples, n\u2019est nullement neutre du point de vue du genre. Bien au contraire, elle","og_url":"https:\/\/www.pressenza.com\/fr\/2019\/04\/femmes-et-gilets-jaunes-pour-une-transition-sociale-feministe-et-ecologique\/","og_site_name":"Pressenza","article_publisher":"https:\/\/www.facebook.com\/PressenzaItalia","article_author":"https:\/\/www.facebook.com\/CADTMNETWORK\/","article_published_time":"2019-04-01T04:46:46+00:00","og_image":[{"width":750,"height":500,"url":"https:\/\/www.pressenza.com\/wp-content\/uploads\/2019\/04\/transition-sociale-f\u00e9minisme-\u00e9cologie-gilets-jaunes.jpg","type":"image\/jpeg"}],"author":"Comit\u00e9 pour l\u2019abolition des dettes ill\u00e9gitimes (CADTM)","twitter_card":"summary_large_image","twitter_creator":"@CADTM_int","twitter_site":"@PressenzaIPA","twitter_misc":{"\u00c9crit par":"Comit\u00e9 pour l\u2019abolition des dettes ill\u00e9gitimes (CADTM)","Dur\u00e9e de lecture estim\u00e9e":"7 minutes"},"schema":{"@context":"https:\/\/schema.org","@graph":[{"@type":"Article","@id":"https:\/\/www.pressenza.com\/fr\/2019\/04\/femmes-et-gilets-jaunes-pour-une-transition-sociale-feministe-et-ecologique\/#article","isPartOf":{"@id":"https:\/\/www.pressenza.com\/fr\/2019\/04\/femmes-et-gilets-jaunes-pour-une-transition-sociale-feministe-et-ecologique\/"},"author":{"name":"Comit\u00e9 pour l\u2019abolition des dettes ill\u00e9gitimes (CADTM)","@id":"https:\/\/www.pressenza.com\/fr\/#\/schema\/person\/1f570f1450b3d76e0dd919130d5851af"},"headline":"Femmes et Gilets jaunes : pour une transition sociale, f\u00e9ministe et \u00e9cologique","datePublished":"2019-04-01T04:46:46+00:00","mainEntityOfPage":{"@id":"https:\/\/www.pressenza.com\/fr\/2019\/04\/femmes-et-gilets-jaunes-pour-une-transition-sociale-feministe-et-ecologique\/"},"wordCount":1475,"publisher":{"@id":"https:\/\/www.pressenza.com\/fr\/#organization"},"image":{"@id":"https:\/\/www.pressenza.com\/fr\/2019\/04\/femmes-et-gilets-jaunes-pour-une-transition-sociale-feministe-et-ecologique\/#primaryimage"},"thumbnailUrl":"https:\/\/www.pressenza.com\/wp-content\/uploads\/2019\/04\/transition-sociale-f\u00e9minisme-\u00e9cologie-gilets-jaunes.jpg","keywords":["\u00e9cologie","f\u00e9minisme","Gilets Jaunes","transition sociale"],"articleSection":["Europe","Genre et f\u00e9minismes"],"inLanguage":"fr-FR"},{"@type":"WebPage","@id":"https:\/\/www.pressenza.com\/fr\/2019\/04\/femmes-et-gilets-jaunes-pour-une-transition-sociale-feministe-et-ecologique\/","url":"https:\/\/www.pressenza.com\/fr\/2019\/04\/femmes-et-gilets-jaunes-pour-une-transition-sociale-feministe-et-ecologique\/","name":"Femmes et Gilets jaunes : pour une transition sociale, f\u00e9ministe et \u00e9cologique","isPartOf":{"@id":"https:\/\/www.pressenza.com\/fr\/#website"},"primaryImageOfPage":{"@id":"https:\/\/www.pressenza.com\/fr\/2019\/04\/femmes-et-gilets-jaunes-pour-une-transition-sociale-feministe-et-ecologique\/#primaryimage"},"image":{"@id":"https:\/\/www.pressenza.com\/fr\/2019\/04\/femmes-et-gilets-jaunes-pour-une-transition-sociale-feministe-et-ecologique\/#primaryimage"},"thumbnailUrl":"https:\/\/www.pressenza.com\/wp-content\/uploads\/2019\/04\/transition-sociale-f\u00e9minisme-\u00e9cologie-gilets-jaunes.jpg","datePublished":"2019-04-01T04:46:46+00:00","description":"La dette, cheval de Troie d\u2019une guerre sociale sans pr\u00e9c\u00e9dent contre les peuples, n\u2019est nullement neutre du point de vue du genre. Bien au contraire, elle","breadcrumb":{"@id":"https:\/\/www.pressenza.com\/fr\/2019\/04\/femmes-et-gilets-jaunes-pour-une-transition-sociale-feministe-et-ecologique\/#breadcrumb"},"inLanguage":"fr-FR","potentialAction":[{"@type":"ReadAction","target":["https:\/\/www.pressenza.com\/fr\/2019\/04\/femmes-et-gilets-jaunes-pour-une-transition-sociale-feministe-et-ecologique\/"]}]},{"@type":"ImageObject","inLanguage":"fr-FR","@id":"https:\/\/www.pressenza.com\/fr\/2019\/04\/femmes-et-gilets-jaunes-pour-une-transition-sociale-feministe-et-ecologique\/#primaryimage","url":"https:\/\/www.pressenza.com\/wp-content\/uploads\/2019\/04\/transition-sociale-f\u00e9minisme-\u00e9cologie-gilets-jaunes.jpg","contentUrl":"https:\/\/www.pressenza.com\/wp-content\/uploads\/2019\/04\/transition-sociale-f\u00e9minisme-\u00e9cologie-gilets-jaunes.jpg","width":750,"height":500,"caption":"Femmes et Gilets jaunes : pour une transition sociale, f\u00e9ministe et \u00e9cologique"},{"@type":"BreadcrumbList","@id":"https:\/\/www.pressenza.com\/fr\/2019\/04\/femmes-et-gilets-jaunes-pour-une-transition-sociale-feministe-et-ecologique\/#breadcrumb","itemListElement":[{"@type":"ListItem","position":1,"name":"Accueil","item":"https:\/\/www.pressenza.com\/fr\/"},{"@type":"ListItem","position":2,"name":"Femmes et Gilets jaunes : pour une transition sociale, f\u00e9ministe et \u00e9cologique"}]},{"@type":"WebSite","@id":"https:\/\/www.pressenza.com\/fr\/#website","url":"https:\/\/www.pressenza.com\/fr\/","name":"Pressenza","description":"International Press Agency","publisher":{"@id":"https:\/\/www.pressenza.com\/fr\/#organization"},"potentialAction":[{"@type":"SearchAction","target":{"@type":"EntryPoint","urlTemplate":"https:\/\/www.pressenza.com\/fr\/?s={search_term_string}"},"query-input":{"@type":"PropertyValueSpecification","valueRequired":true,"valueName":"search_term_string"}}],"inLanguage":"fr-FR"},{"@type":"Organization","@id":"https:\/\/www.pressenza.com\/fr\/#organization","name":"Pressenza","url":"https:\/\/www.pressenza.com\/fr\/","logo":{"@type":"ImageObject","inLanguage":"fr-FR","@id":"https:\/\/www.pressenza.com\/fr\/#\/schema\/logo\/image\/","url":"https:\/\/www.pressenza.com\/wp-content\/uploads\/2022\/10\/pressenza_logo_200x200.jpg","contentUrl":"https:\/\/www.pressenza.com\/wp-content\/uploads\/2022\/10\/pressenza_logo_200x200.jpg","width":200,"height":200,"caption":"Pressenza"},"image":{"@id":"https:\/\/www.pressenza.com\/fr\/#\/schema\/logo\/image\/"},"sameAs":["https:\/\/www.facebook.com\/PressenzaItalia","https:\/\/x.com\/PressenzaIPA"]},{"@type":"Person","@id":"https:\/\/www.pressenza.com\/fr\/#\/schema\/person\/1f570f1450b3d76e0dd919130d5851af","name":"Comit\u00e9 pour l\u2019abolition des dettes ill\u00e9gitimes (CADTM)","sameAs":["http:\/\/www.cadtm.org\/","https:\/\/www.facebook.com\/CADTMNETWORK\/","https:\/\/x.com\/CADTM_int"],"url":"https:\/\/www.pressenza.com\/fr\/author\/comite-pour-annulation-de-la-dette-du-tiers-mond\/"}]}},"place":"","original_article_url":"http:\/\/www.cadtm.org\/Femmes-et-Gilets-jaunes-pour-une-transition-sociale-feministe-et-ecologique","_links":{"self":[{"href":"https:\/\/www.pressenza.com\/fr\/wp-json\/wp\/v2\/posts\/833717","targetHints":{"allow":["GET"]}}],"collection":[{"href":"https:\/\/www.pressenza.com\/fr\/wp-json\/wp\/v2\/posts"}],"about":[{"href":"https:\/\/www.pressenza.com\/fr\/wp-json\/wp\/v2\/types\/post"}],"author":[{"embeddable":true,"href":"https:\/\/www.pressenza.com\/fr\/wp-json\/wp\/v2\/users\/848"}],"replies":[{"embeddable":true,"href":"https:\/\/www.pressenza.com\/fr\/wp-json\/wp\/v2\/comments?post=833717"}],"version-history":[{"count":0,"href":"https:\/\/www.pressenza.com\/fr\/wp-json\/wp\/v2\/posts\/833717\/revisions"}],"wp:featuredmedia":[{"embeddable":true,"href":"https:\/\/www.pressenza.com\/fr\/wp-json\/wp\/v2\/media\/833718"}],"wp:attachment":[{"href":"https:\/\/www.pressenza.com\/fr\/wp-json\/wp\/v2\/media?parent=833717"}],"wp:term":[{"taxonomy":"category","embeddable":true,"href":"https:\/\/www.pressenza.com\/fr\/wp-json\/wp\/v2\/categories?post=833717"},{"taxonomy":"post_tag","embeddable":true,"href":"https:\/\/www.pressenza.com\/fr\/wp-json\/wp\/v2\/tags?post=833717"}],"curies":[{"name":"wp","href":"https:\/\/api.w.org\/{rel}","templated":true}]}}