{"id":831166,"date":"2019-03-28T05:57:56","date_gmt":"2019-03-28T05:57:56","guid":{"rendered":"https:\/\/www.pressenza.com\/?p=831166"},"modified":"2019-03-28T06:03:11","modified_gmt":"2019-03-28T06:03:11","slug":"multitude-de-personnes-a-la-journee-de-la-memoire-de-la-verite-et-de-la-justice-en-argentine","status":"publish","type":"post","link":"https:\/\/www.pressenza.com\/fr\/2019\/03\/multitude-de-personnes-a-la-journee-de-la-memoire-de-la-verite-et-de-la-justice-en-argentine\/","title":{"rendered":"Une multitude de personnes \u00e0 la Journ\u00e9e de la M\u00e9moire, de la V\u00e9rit\u00e9 et de la Justice en Argentine"},"content":{"rendered":"<p>Un autre 24 mars en Argentine, en souvenir de la date \u00e0 laquelle a commenc\u00e9 la page la plus sinistre des dictatures qui ont v\u00e9cu le pays pendant le XXe si\u00e8cle. 43 ans se sont \u00e9coul\u00e9s depuis l&rsquo;arriv\u00e9e au pouvoir de Jorge Rafael Videla par la violence et le d\u00e9veloppement d&rsquo;un g\u00e9nocide brutal qui a laiss\u00e9 une trace de 30 000 disparus.<\/p>\n<p>Les organisations M\u00e8res de la Plaza de Mayo, Grand-m\u00e8res de la Plaza de Mayo, Fils et Familles des D\u00e9tenus et des Disparus m\u00e8nent cet appel r\u00e9p\u00e9t\u00e9 et pers\u00e9v\u00e9rant pour sensibiliser les nouvelles g\u00e9n\u00e9rations au fait face aux coups d&rsquo;\u00c9tat les argentins r\u00e9pondent \u00ab\u00a0Plus jamais \u00e7a\u00a0\u00bb et pour renforcer l&rsquo;exigence de V\u00e9rit\u00e9 et la demande de Justice.<\/p>\n<p>Depuis l&rsquo;\u00e9poque o\u00f9 les repr\u00e9sentants des organisations de d\u00e9fense des droits humains sont intervenus, les actions du gouvernement de Mauricio Macri ont \u00e9t\u00e9 critiqu\u00e9es pour avoir vid\u00e9 les politiques de M\u00e9moire, V\u00e9rit\u00e9 et Justice, en plus de favoriser un discours d&rsquo;impunit\u00e9 pour les criminels de lesa humanidad, qui b\u00e9n\u00e9ficient de la d\u00e9tention \u00e0 domicile en violation des trait\u00e9s internationaux.<\/p>\n<p>Mais le gouvernement de Macri a \u00e9galement \u00e9t\u00e9 bl\u00e2m\u00e9 pour la r\u00e9pression de la protestation sociale, pour la d\u00e9possession des terres des peuples autochtones, pour la faim planifi\u00e9e et pour l&rsquo;endettement centenaire du peuple argentin.<\/p>\n<p>La pr\u00e9sence des ex-combattants de la guerre des Malvinas a \u00e9t\u00e9 soulign\u00e9e, et la souverainet\u00e9 sur les \u00eeles de l&rsquo;Atlantique Sud a de nouveau \u00e9t\u00e9 revendiqu\u00e9e en tant qu&rsquo;Argentins, et il a \u00e9t\u00e9 c\u00e9l\u00e9br\u00e9 que les principales f\u00e9d\u00e9rations ouvri\u00e8res avaient d\u00e9cid\u00e9 d&rsquo;accompagner unifi\u00e9es le jour du Souvenir. Et il a \u00e9t\u00e9 demand\u00e9 la lib\u00e9ration de tous les prisonniers politiques de ce gouvernement.<\/p>\n<p>Plus de 300.000 personnes ont particip\u00e9 \u00e0 l&rsquo;\u00e9v\u00e9nement \u00e0 Buenos Aires et dans les autres villes o\u00f9 la Journ\u00e9e du souvenir a \u00e9t\u00e9 c\u00e9l\u00e9br\u00e9e en Argentine.<\/p>\n<p><img loading=\"lazy\" decoding=\"async\" class=\"alignleft size-large wp-image-829881\" src=\"https:\/\/www.pressenza.com\/wp-content\/uploads\/2019\/03\/WhatsApp-Image-2019-03-24-at-18.03.41-720x540.jpeg\" alt=\"\" width=\"720\" height=\"540\" srcset=\"https:\/\/www.pressenza.com\/wp-content\/uploads\/2019\/03\/WhatsApp-Image-2019-03-24-at-18.03.41-720x540.jpeg 720w, https:\/\/www.pressenza.com\/wp-content\/uploads\/2019\/03\/WhatsApp-Image-2019-03-24-at-18.03.41-300x225.jpeg 300w, https:\/\/www.pressenza.com\/wp-content\/uploads\/2019\/03\/WhatsApp-Image-2019-03-24-at-18.03.41-768x576.jpeg 768w, https:\/\/www.pressenza.com\/wp-content\/uploads\/2019\/03\/WhatsApp-Image-2019-03-24-at-18.03.41.jpeg 1032w\" sizes=\"auto, (max-width: 720px) 100vw, 720px\" \/><\/p>\n","protected":false},"excerpt":{"rendered":"<p>Un autre 24 mars en Argentine, en souvenir de la date \u00e0 laquelle a commenc\u00e9 la page la plus sinistre des dictatures qui ont v\u00e9cu le pays pendant le XXe si\u00e8cle. 43 ans se sont \u00e9coul\u00e9s depuis l&rsquo;arriv\u00e9e au pouvoir&hellip;<\/p>\n","protected":false},"author":96,"featured_media":829875,"comment_status":"closed","ping_status":"closed","sticky":false,"template":"","format":"standard","meta":{"footnotes":""},"categories":[86,11386,98],"tags":[1180,1002,24839],"class_list":["post-831166","post","type-post","status-publish","format-standard","has-post-thumbnail","hentry","category-amerique-du-sud","category-contenu-original","category-droits-de-lhomme","tag-argentine","tag-droits-humains","tag-journee-de-la-memoire"],"yoast_head":"<!-- This site is optimized with the Yoast SEO plugin v27.1.1 - https:\/\/yoast.com\/product\/yoast-seo-wordpress\/ -->\n<title>Une multitude de personnes \u00e0 la Journ\u00e9e de la M\u00e9moire, de la V\u00e9rit\u00e9 et de la Justice en Argentine<\/title>\n<meta name=\"description\" content=\"Un autre 24 mars en Argentine, en souvenir de la date \u00e0 laquelle a commenc\u00e9 la page la plus sinistre des dictatures qui ont v\u00e9cu le pays pendant le XXe\" \/>\n<meta name=\"robots\" content=\"index, follow, max-snippet:-1, max-image-preview:large, max-video-preview:-1\" \/>\n<link rel=\"canonical\" href=\"https:\/\/www.pressenza.com\/fr\/2019\/03\/multitude-de-personnes-a-la-journee-de-la-memoire-de-la-verite-et-de-la-justice-en-argentine\/\" \/>\n<meta property=\"og:locale\" content=\"fr_FR\" \/>\n<meta property=\"og:type\" content=\"article\" \/>\n<meta property=\"og:title\" content=\"Une multitude de personnes \u00e0 la Journ\u00e9e de la M\u00e9moire, de la V\u00e9rit\u00e9 et de la Justice en Argentine\" \/>\n<meta property=\"og:description\" content=\"Un autre 24 mars en Argentine, en souvenir de la date \u00e0 laquelle a commenc\u00e9 la page la plus sinistre des dictatures qui ont v\u00e9cu le pays pendant le XXe\" \/>\n<meta property=\"og:url\" content=\"https:\/\/www.pressenza.com\/fr\/2019\/03\/multitude-de-personnes-a-la-journee-de-la-memoire-de-la-verite-et-de-la-justice-en-argentine\/\" \/>\n<meta property=\"og:site_name\" content=\"Pressenza\" \/>\n<meta property=\"article:publisher\" content=\"https:\/\/www.facebook.com\/PressenzaItalia\" \/>\n<meta property=\"article:author\" content=\"https:\/\/www.facebook.com\/mariano.quiroga.779\" \/>\n<meta property=\"article:published_time\" content=\"2019-03-28T05:57:56+00:00\" \/>\n<meta property=\"article:modified_time\" content=\"2019-03-28T06:03:11+00:00\" \/>\n<meta property=\"og:image\" content=\"https:\/\/www.pressenza.com\/wp-content\/uploads\/2019\/03\/WhatsApp-Image-2019-03-24-at-18.03.43.jpeg\" \/>\n\t<meta property=\"og:image:width\" content=\"1032\" \/>\n\t<meta property=\"og:image:height\" content=\"774\" \/>\n\t<meta property=\"og:image:type\" content=\"image\/jpeg\" \/>\n<meta name=\"author\" content=\"Mariano Quiroga\" \/>\n<meta name=\"twitter:card\" content=\"summary_large_image\" \/>\n<meta name=\"twitter:creator\" content=\"@MaruchoQuiroga\" \/>\n<meta name=\"twitter:site\" content=\"@PressenzaIPA\" \/>\n<meta name=\"twitter:label1\" content=\"\u00c9crit par\" \/>\n\t<meta name=\"twitter:data1\" content=\"Mariano Quiroga\" \/>\n\t<meta name=\"twitter:label2\" content=\"Dur\u00e9e de lecture estim\u00e9e\" \/>\n\t<meta name=\"twitter:data2\" content=\"2 minutes\" \/>\n<script type=\"application\/ld+json\" class=\"yoast-schema-graph\">{\"@context\":\"https:\/\/schema.org\",\"@graph\":[{\"@type\":\"Article\",\"@id\":\"https:\/\/www.pressenza.com\/fr\/2019\/03\/multitude-de-personnes-a-la-journee-de-la-memoire-de-la-verite-et-de-la-justice-en-argentine\/#article\",\"isPartOf\":{\"@id\":\"https:\/\/www.pressenza.com\/fr\/2019\/03\/multitude-de-personnes-a-la-journee-de-la-memoire-de-la-verite-et-de-la-justice-en-argentine\/\"},\"author\":{\"name\":\"Mariano Quiroga\",\"@id\":\"https:\/\/www.pressenza.com\/fr\/#\/schema\/person\/a0856fe41d8234b92503e6b28dc2585e\"},\"headline\":\"Une multitude de personnes \u00e0 la Journ\u00e9e de la M\u00e9moire, de la V\u00e9rit\u00e9 et de la Justice en Argentine\",\"datePublished\":\"2019-03-28T05:57:56+00:00\",\"dateModified\":\"2019-03-28T06:03:11+00:00\",\"mainEntityOfPage\":{\"@id\":\"https:\/\/www.pressenza.com\/fr\/2019\/03\/multitude-de-personnes-a-la-journee-de-la-memoire-de-la-verite-et-de-la-justice-en-argentine\/\"},\"wordCount\":370,\"publisher\":{\"@id\":\"https:\/\/www.pressenza.com\/fr\/#organization\"},\"image\":{\"@id\":\"https:\/\/www.pressenza.com\/fr\/2019\/03\/multitude-de-personnes-a-la-journee-de-la-memoire-de-la-verite-et-de-la-justice-en-argentine\/#primaryimage\"},\"thumbnailUrl\":\"https:\/\/www.pressenza.com\/wp-content\/uploads\/2019\/03\/WhatsApp-Image-2019-03-24-at-18.03.43.jpeg\",\"keywords\":[\"Argentine\",\"Droits humains\",\"Journ\u00e9e de la m\u00e9moire\"],\"articleSection\":[\"Am\u00e9rique du Sud\",\"Contenu Original\",\"Droits humains\"],\"inLanguage\":\"fr-FR\"},{\"@type\":\"WebPage\",\"@id\":\"https:\/\/www.pressenza.com\/fr\/2019\/03\/multitude-de-personnes-a-la-journee-de-la-memoire-de-la-verite-et-de-la-justice-en-argentine\/\",\"url\":\"https:\/\/www.pressenza.com\/fr\/2019\/03\/multitude-de-personnes-a-la-journee-de-la-memoire-de-la-verite-et-de-la-justice-en-argentine\/\",\"name\":\"Une multitude de personnes \u00e0 la Journ\u00e9e de la M\u00e9moire, de la V\u00e9rit\u00e9 et de la Justice en Argentine\",\"isPartOf\":{\"@id\":\"https:\/\/www.pressenza.com\/fr\/#website\"},\"primaryImageOfPage\":{\"@id\":\"https:\/\/www.pressenza.com\/fr\/2019\/03\/multitude-de-personnes-a-la-journee-de-la-memoire-de-la-verite-et-de-la-justice-en-argentine\/#primaryimage\"},\"image\":{\"@id\":\"https:\/\/www.pressenza.com\/fr\/2019\/03\/multitude-de-personnes-a-la-journee-de-la-memoire-de-la-verite-et-de-la-justice-en-argentine\/#primaryimage\"},\"thumbnailUrl\":\"https:\/\/www.pressenza.com\/wp-content\/uploads\/2019\/03\/WhatsApp-Image-2019-03-24-at-18.03.43.jpeg\",\"datePublished\":\"2019-03-28T05:57:56+00:00\",\"dateModified\":\"2019-03-28T06:03:11+00:00\",\"description\":\"Un autre 24 mars en Argentine, en souvenir de la date \u00e0 laquelle a commenc\u00e9 la page la plus sinistre des dictatures qui ont v\u00e9cu le pays pendant le XXe\",\"breadcrumb\":{\"@id\":\"https:\/\/www.pressenza.com\/fr\/2019\/03\/multitude-de-personnes-a-la-journee-de-la-memoire-de-la-verite-et-de-la-justice-en-argentine\/#breadcrumb\"},\"inLanguage\":\"fr-FR\",\"potentialAction\":[{\"@type\":\"ReadAction\",\"target\":[\"https:\/\/www.pressenza.com\/fr\/2019\/03\/multitude-de-personnes-a-la-journee-de-la-memoire-de-la-verite-et-de-la-justice-en-argentine\/\"]}]},{\"@type\":\"ImageObject\",\"inLanguage\":\"fr-FR\",\"@id\":\"https:\/\/www.pressenza.com\/fr\/2019\/03\/multitude-de-personnes-a-la-journee-de-la-memoire-de-la-verite-et-de-la-justice-en-argentine\/#primaryimage\",\"url\":\"https:\/\/www.pressenza.com\/wp-content\/uploads\/2019\/03\/WhatsApp-Image-2019-03-24-at-18.03.43.jpeg\",\"contentUrl\":\"https:\/\/www.pressenza.com\/wp-content\/uploads\/2019\/03\/WhatsApp-Image-2019-03-24-at-18.03.43.jpeg\",\"width\":1032,\"height\":774},{\"@type\":\"BreadcrumbList\",\"@id\":\"https:\/\/www.pressenza.com\/fr\/2019\/03\/multitude-de-personnes-a-la-journee-de-la-memoire-de-la-verite-et-de-la-justice-en-argentine\/#breadcrumb\",\"itemListElement\":[{\"@type\":\"ListItem\",\"position\":1,\"name\":\"Accueil\",\"item\":\"https:\/\/www.pressenza.com\/fr\/\"},{\"@type\":\"ListItem\",\"position\":2,\"name\":\"Une multitude de personnes \u00e0 la Journ\u00e9e de la M\u00e9moire, de la V\u00e9rit\u00e9 et de la Justice en Argentine\"}]},{\"@type\":\"WebSite\",\"@id\":\"https:\/\/www.pressenza.com\/fr\/#website\",\"url\":\"https:\/\/www.pressenza.com\/fr\/\",\"name\":\"Pressenza\",\"description\":\"International Press Agency\",\"publisher\":{\"@id\":\"https:\/\/www.pressenza.com\/fr\/#organization\"},\"potentialAction\":[{\"@type\":\"SearchAction\",\"target\":{\"@type\":\"EntryPoint\",\"urlTemplate\":\"https:\/\/www.pressenza.com\/fr\/?s={search_term_string}\"},\"query-input\":{\"@type\":\"PropertyValueSpecification\",\"valueRequired\":true,\"valueName\":\"search_term_string\"}}],\"inLanguage\":\"fr-FR\"},{\"@type\":\"Organization\",\"@id\":\"https:\/\/www.pressenza.com\/fr\/#organization\",\"name\":\"Pressenza\",\"url\":\"https:\/\/www.pressenza.com\/fr\/\",\"logo\":{\"@type\":\"ImageObject\",\"inLanguage\":\"fr-FR\",\"@id\":\"https:\/\/www.pressenza.com\/fr\/#\/schema\/logo\/image\/\",\"url\":\"https:\/\/www.pressenza.com\/wp-content\/uploads\/2022\/10\/pressenza_logo_200x200.jpg\",\"contentUrl\":\"https:\/\/www.pressenza.com\/wp-content\/uploads\/2022\/10\/pressenza_logo_200x200.jpg\",\"width\":200,\"height\":200,\"caption\":\"Pressenza\"},\"image\":{\"@id\":\"https:\/\/www.pressenza.com\/fr\/#\/schema\/logo\/image\/\"},\"sameAs\":[\"https:\/\/www.facebook.com\/PressenzaItalia\",\"https:\/\/x.com\/PressenzaIPA\"]},{\"@type\":\"Person\",\"@id\":\"https:\/\/www.pressenza.com\/fr\/#\/schema\/person\/a0856fe41d8234b92503e6b28dc2585e\",\"name\":\"Mariano Quiroga\",\"description\":\"Born in Buenos Aires, Argentina, in 1976, Mariano is a journalist, poet and international editor for Pressenza. His career includes publications in different countries and languages. Currently he is presenter on radio programmes in Ecuador and Argentina. A humanist communicator specialising in international politics, his vocation has led him to seek to build bridges that allow relationships to be made between data, events, people and contexts in order to create an inclusive look that synthesises the noblest searches for social justice and humanisation of the planet.\",\"sameAs\":[\"https:\/\/www.facebook.com\/mariano.quiroga.779\",\"https:\/\/x.com\/MaruchoQuiroga\"],\"url\":\"https:\/\/www.pressenza.com\/fr\/author\/mariano-quiroga\/\"}]}<\/script>\n<!-- \/ Yoast SEO plugin. -->","yoast_head_json":{"title":"Une multitude de personnes \u00e0 la Journ\u00e9e de la M\u00e9moire, de la V\u00e9rit\u00e9 et de la Justice en Argentine","description":"Un autre 24 mars en Argentine, en souvenir de la date \u00e0 laquelle a commenc\u00e9 la page la plus sinistre des dictatures qui ont v\u00e9cu le pays pendant le XXe","robots":{"index":"index","follow":"follow","max-snippet":"max-snippet:-1","max-image-preview":"max-image-preview:large","max-video-preview":"max-video-preview:-1"},"canonical":"https:\/\/www.pressenza.com\/fr\/2019\/03\/multitude-de-personnes-a-la-journee-de-la-memoire-de-la-verite-et-de-la-justice-en-argentine\/","og_locale":"fr_FR","og_type":"article","og_title":"Une multitude de personnes \u00e0 la Journ\u00e9e de la M\u00e9moire, de la V\u00e9rit\u00e9 et de la Justice en Argentine","og_description":"Un autre 24 mars en Argentine, en souvenir de la date \u00e0 laquelle a commenc\u00e9 la page la plus sinistre des dictatures qui ont v\u00e9cu le pays pendant le XXe","og_url":"https:\/\/www.pressenza.com\/fr\/2019\/03\/multitude-de-personnes-a-la-journee-de-la-memoire-de-la-verite-et-de-la-justice-en-argentine\/","og_site_name":"Pressenza","article_publisher":"https:\/\/www.facebook.com\/PressenzaItalia","article_author":"https:\/\/www.facebook.com\/mariano.quiroga.779","article_published_time":"2019-03-28T05:57:56+00:00","article_modified_time":"2019-03-28T06:03:11+00:00","og_image":[{"width":1032,"height":774,"url":"https:\/\/www.pressenza.com\/wp-content\/uploads\/2019\/03\/WhatsApp-Image-2019-03-24-at-18.03.43.jpeg","type":"image\/jpeg"}],"author":"Mariano Quiroga","twitter_card":"summary_large_image","twitter_creator":"@MaruchoQuiroga","twitter_site":"@PressenzaIPA","twitter_misc":{"\u00c9crit par":"Mariano Quiroga","Dur\u00e9e de lecture estim\u00e9e":"2 minutes"},"schema":{"@context":"https:\/\/schema.org","@graph":[{"@type":"Article","@id":"https:\/\/www.pressenza.com\/fr\/2019\/03\/multitude-de-personnes-a-la-journee-de-la-memoire-de-la-verite-et-de-la-justice-en-argentine\/#article","isPartOf":{"@id":"https:\/\/www.pressenza.com\/fr\/2019\/03\/multitude-de-personnes-a-la-journee-de-la-memoire-de-la-verite-et-de-la-justice-en-argentine\/"},"author":{"name":"Mariano Quiroga","@id":"https:\/\/www.pressenza.com\/fr\/#\/schema\/person\/a0856fe41d8234b92503e6b28dc2585e"},"headline":"Une multitude de personnes \u00e0 la Journ\u00e9e de la M\u00e9moire, de la V\u00e9rit\u00e9 et de la Justice en Argentine","datePublished":"2019-03-28T05:57:56+00:00","dateModified":"2019-03-28T06:03:11+00:00","mainEntityOfPage":{"@id":"https:\/\/www.pressenza.com\/fr\/2019\/03\/multitude-de-personnes-a-la-journee-de-la-memoire-de-la-verite-et-de-la-justice-en-argentine\/"},"wordCount":370,"publisher":{"@id":"https:\/\/www.pressenza.com\/fr\/#organization"},"image":{"@id":"https:\/\/www.pressenza.com\/fr\/2019\/03\/multitude-de-personnes-a-la-journee-de-la-memoire-de-la-verite-et-de-la-justice-en-argentine\/#primaryimage"},"thumbnailUrl":"https:\/\/www.pressenza.com\/wp-content\/uploads\/2019\/03\/WhatsApp-Image-2019-03-24-at-18.03.43.jpeg","keywords":["Argentine","Droits humains","Journ\u00e9e de la m\u00e9moire"],"articleSection":["Am\u00e9rique du Sud","Contenu Original","Droits humains"],"inLanguage":"fr-FR"},{"@type":"WebPage","@id":"https:\/\/www.pressenza.com\/fr\/2019\/03\/multitude-de-personnes-a-la-journee-de-la-memoire-de-la-verite-et-de-la-justice-en-argentine\/","url":"https:\/\/www.pressenza.com\/fr\/2019\/03\/multitude-de-personnes-a-la-journee-de-la-memoire-de-la-verite-et-de-la-justice-en-argentine\/","name":"Une multitude de personnes \u00e0 la Journ\u00e9e de la M\u00e9moire, de la V\u00e9rit\u00e9 et de la Justice en Argentine","isPartOf":{"@id":"https:\/\/www.pressenza.com\/fr\/#website"},"primaryImageOfPage":{"@id":"https:\/\/www.pressenza.com\/fr\/2019\/03\/multitude-de-personnes-a-la-journee-de-la-memoire-de-la-verite-et-de-la-justice-en-argentine\/#primaryimage"},"image":{"@id":"https:\/\/www.pressenza.com\/fr\/2019\/03\/multitude-de-personnes-a-la-journee-de-la-memoire-de-la-verite-et-de-la-justice-en-argentine\/#primaryimage"},"thumbnailUrl":"https:\/\/www.pressenza.com\/wp-content\/uploads\/2019\/03\/WhatsApp-Image-2019-03-24-at-18.03.43.jpeg","datePublished":"2019-03-28T05:57:56+00:00","dateModified":"2019-03-28T06:03:11+00:00","description":"Un autre 24 mars en Argentine, en souvenir de la date \u00e0 laquelle a commenc\u00e9 la page la plus sinistre des dictatures qui ont v\u00e9cu le pays pendant le XXe","breadcrumb":{"@id":"https:\/\/www.pressenza.com\/fr\/2019\/03\/multitude-de-personnes-a-la-journee-de-la-memoire-de-la-verite-et-de-la-justice-en-argentine\/#breadcrumb"},"inLanguage":"fr-FR","potentialAction":[{"@type":"ReadAction","target":["https:\/\/www.pressenza.com\/fr\/2019\/03\/multitude-de-personnes-a-la-journee-de-la-memoire-de-la-verite-et-de-la-justice-en-argentine\/"]}]},{"@type":"ImageObject","inLanguage":"fr-FR","@id":"https:\/\/www.pressenza.com\/fr\/2019\/03\/multitude-de-personnes-a-la-journee-de-la-memoire-de-la-verite-et-de-la-justice-en-argentine\/#primaryimage","url":"https:\/\/www.pressenza.com\/wp-content\/uploads\/2019\/03\/WhatsApp-Image-2019-03-24-at-18.03.43.jpeg","contentUrl":"https:\/\/www.pressenza.com\/wp-content\/uploads\/2019\/03\/WhatsApp-Image-2019-03-24-at-18.03.43.jpeg","width":1032,"height":774},{"@type":"BreadcrumbList","@id":"https:\/\/www.pressenza.com\/fr\/2019\/03\/multitude-de-personnes-a-la-journee-de-la-memoire-de-la-verite-et-de-la-justice-en-argentine\/#breadcrumb","itemListElement":[{"@type":"ListItem","position":1,"name":"Accueil","item":"https:\/\/www.pressenza.com\/fr\/"},{"@type":"ListItem","position":2,"name":"Une multitude de personnes \u00e0 la Journ\u00e9e de la M\u00e9moire, de la V\u00e9rit\u00e9 et de la Justice en Argentine"}]},{"@type":"WebSite","@id":"https:\/\/www.pressenza.com\/fr\/#website","url":"https:\/\/www.pressenza.com\/fr\/","name":"Pressenza","description":"International Press Agency","publisher":{"@id":"https:\/\/www.pressenza.com\/fr\/#organization"},"potentialAction":[{"@type":"SearchAction","target":{"@type":"EntryPoint","urlTemplate":"https:\/\/www.pressenza.com\/fr\/?s={search_term_string}"},"query-input":{"@type":"PropertyValueSpecification","valueRequired":true,"valueName":"search_term_string"}}],"inLanguage":"fr-FR"},{"@type":"Organization","@id":"https:\/\/www.pressenza.com\/fr\/#organization","name":"Pressenza","url":"https:\/\/www.pressenza.com\/fr\/","logo":{"@type":"ImageObject","inLanguage":"fr-FR","@id":"https:\/\/www.pressenza.com\/fr\/#\/schema\/logo\/image\/","url":"https:\/\/www.pressenza.com\/wp-content\/uploads\/2022\/10\/pressenza_logo_200x200.jpg","contentUrl":"https:\/\/www.pressenza.com\/wp-content\/uploads\/2022\/10\/pressenza_logo_200x200.jpg","width":200,"height":200,"caption":"Pressenza"},"image":{"@id":"https:\/\/www.pressenza.com\/fr\/#\/schema\/logo\/image\/"},"sameAs":["https:\/\/www.facebook.com\/PressenzaItalia","https:\/\/x.com\/PressenzaIPA"]},{"@type":"Person","@id":"https:\/\/www.pressenza.com\/fr\/#\/schema\/person\/a0856fe41d8234b92503e6b28dc2585e","name":"Mariano Quiroga","description":"Born in Buenos Aires, Argentina, in 1976, Mariano is a journalist, poet and international editor for Pressenza. His career includes publications in different countries and languages. Currently he is presenter on radio programmes in Ecuador and Argentina. A humanist communicator specialising in international politics, his vocation has led him to seek to build bridges that allow relationships to be made between data, events, people and contexts in order to create an inclusive look that synthesises the noblest searches for social justice and humanisation of the planet.","sameAs":["https:\/\/www.facebook.com\/mariano.quiroga.779","https:\/\/x.com\/MaruchoQuiroga"],"url":"https:\/\/www.pressenza.com\/fr\/author\/mariano-quiroga\/"}]}},"place":"Buenos Aires, Argentine","original_article_url":"","_links":{"self":[{"href":"https:\/\/www.pressenza.com\/fr\/wp-json\/wp\/v2\/posts\/831166","targetHints":{"allow":["GET"]}}],"collection":[{"href":"https:\/\/www.pressenza.com\/fr\/wp-json\/wp\/v2\/posts"}],"about":[{"href":"https:\/\/www.pressenza.com\/fr\/wp-json\/wp\/v2\/types\/post"}],"author":[{"embeddable":true,"href":"https:\/\/www.pressenza.com\/fr\/wp-json\/wp\/v2\/users\/96"}],"replies":[{"embeddable":true,"href":"https:\/\/www.pressenza.com\/fr\/wp-json\/wp\/v2\/comments?post=831166"}],"version-history":[{"count":0,"href":"https:\/\/www.pressenza.com\/fr\/wp-json\/wp\/v2\/posts\/831166\/revisions"}],"wp:featuredmedia":[{"embeddable":true,"href":"https:\/\/www.pressenza.com\/fr\/wp-json\/wp\/v2\/media\/829875"}],"wp:attachment":[{"href":"https:\/\/www.pressenza.com\/fr\/wp-json\/wp\/v2\/media?parent=831166"}],"wp:term":[{"taxonomy":"category","embeddable":true,"href":"https:\/\/www.pressenza.com\/fr\/wp-json\/wp\/v2\/categories?post=831166"},{"taxonomy":"post_tag","embeddable":true,"href":"https:\/\/www.pressenza.com\/fr\/wp-json\/wp\/v2\/tags?post=831166"}],"curies":[{"name":"wp","href":"https:\/\/api.w.org\/{rel}","templated":true}]}}