{"id":829779,"date":"2019-03-24T22:52:01","date_gmt":"2019-03-24T22:52:01","guid":{"rendered":"https:\/\/www.pressenza.com\/?p=829779"},"modified":"2019-03-24T22:52:01","modified_gmt":"2019-03-24T22:52:01","slug":"mali-condamnation-de-lattaque-meurtriere-a-ogossagou","status":"publish","type":"post","link":"https:\/\/www.pressenza.com\/fr\/2019\/03\/mali-condamnation-de-lattaque-meurtriere-a-ogossagou\/","title":{"rendered":"Mali : Condamnation de l\u2019attaque meurtri\u00e8re \u00e0 Ogossagou"},"content":{"rendered":"<div dir=\"auto\">\n<p>COMMUNIQUE DE L&rsquo;ASSOCIATION &lsquo;MONDE SANS GUERRES ET SANS VIOLENCE MALI&rsquo; (AMGV Mali)<\/p>\n<p>L&rsquo;Association Monde sans Guerres et sans Violence Mali (AMGV Mali) a appris avec consternation l&rsquo;attaque meurtri\u00e8re perp\u00e9tr\u00e9e dans le village d&rsquo;Ogossagou, faisant de nombreux morts et de bless\u00e9s parmi les civils.<\/p>\n<p>L&rsquo;AMGV Mali condamne avec \u00e9nergie cet acte barbare l\u00e2che et honteux, \u00e0 l&rsquo;antipode des valeurs historiques et soci\u00e9tales du peuple malien.<\/p>\n<p>L&rsquo;AMGV Mali s&rsquo;incline devant la m\u00e9moire des disparus et souhaite un prompt r\u00e9tablissement aux bless\u00e9s.<\/p>\n<p>L&rsquo;AMGV Mali saisit cette douloureuse occasion pour lancer un appel pressant aux autorit\u00e9s du Mali et ses partenaires \u00e0 d\u00e9sarmer urgemment, sans exclusion aucune, tous les milices et groupes arm\u00e9s non membres des forces arm\u00e9es r\u00e9guli\u00e8res de la R\u00e9publique, afin d&rsquo;\u00e9viter la survenue de telle sanglante extermination \u00e0 d&rsquo;autres populations.<\/p>\n<p>L&rsquo;AMGV Mali exhorte les autorit\u00e9s \u00e0 mener jusqu&rsquo;\u00e0 terme les enqu\u00eates et traduire les auteurs de ce tragique \u00e9v\u00e9nement devant les juridictions comp\u00e9tentes.<\/p>\n<p>Enfin, l&rsquo;AMGV Mali appelle \u00e0 l&rsquo;union sacr\u00e9e, seule condition, pour venir \u00e0 bout des d\u00e9fis s\u00e9curitaires.<\/p>\n<p>Fait \u00e0 Bamako, le 24 mars 2019<\/p>\n<p>Le Pr\u00e9sident de L&rsquo;AMGV-Mali<\/p>\n<p>Gaoussou BATHILY<\/p>\n<\/div>\n","protected":false},"excerpt":{"rendered":"<p>COMMUNIQUE DE L&rsquo;ASSOCIATION &lsquo;MONDE SANS GUERRES ET SANS VIOLENCE MALI&rsquo; (AMGV Mali) L&rsquo;Association Monde sans Guerres et sans Violence Mali (AMGV Mali) a appris avec consternation l&rsquo;attaque meurtri\u00e8re perp\u00e9tr\u00e9e dans le village d&rsquo;Ogossagou, faisant de nombreux morts et de bless\u00e9s&hellip;<\/p>\n","protected":false},"author":784,"featured_media":829785,"comment_status":"closed","ping_status":"closed","sticky":false,"template":"","format":"standard","meta":{"footnotes":""},"categories":[83,1250],"tags":[56785,56782,56781,1073,56784,56783],"class_list":["post-829779","post","type-post","status-publish","format-standard","has-post-thumbnail","hentry","category-africa-fr","category-paix-desarmement","tag-amgv","tag-attaque","tag-condamnation","tag-mali","tag-monde-sans-guerres-et-sans-violence-mali","tag-ogossagou"],"yoast_head":"<!-- This site is optimized with the Yoast SEO plugin v27.1.1 - https:\/\/yoast.com\/product\/yoast-seo-wordpress\/ -->\n<title>Mali : Condamnation de l\u2019attaque meurtri\u00e8re \u00e0 Ogossagou<\/title>\n<meta name=\"description\" content=\"COMMUNIQUE DE L&#039;ASSOCIATION &#039;MONDE SANS GUERRES ET SANS VIOLENCE MALI&#039; (AMGV Mali) L&#039;Association Monde sans Guerres et sans Violence Mali (AMGV Mali) a Mali : Condamnation de l\u2019attaque meurtri\u00e8re \u00e0 Ogossagou\" \/>\n<meta name=\"robots\" content=\"index, follow, max-snippet:-1, max-image-preview:large, max-video-preview:-1\" \/>\n<link rel=\"canonical\" href=\"https:\/\/www.pressenza.com\/fr\/2019\/03\/mali-condamnation-de-lattaque-meurtriere-a-ogossagou\/\" \/>\n<meta property=\"og:locale\" content=\"fr_FR\" \/>\n<meta property=\"og:type\" content=\"article\" \/>\n<meta property=\"og:title\" content=\"Mali : Condamnation de l\u2019attaque meurtri\u00e8re \u00e0 Ogossagou\" \/>\n<meta property=\"og:description\" content=\"COMMUNIQUE DE L&#039;ASSOCIATION &#039;MONDE SANS GUERRES ET SANS VIOLENCE MALI&#039; (AMGV Mali) L&#039;Association Monde sans Guerres et sans Violence Mali (AMGV Mali) a Mali : Condamnation de l\u2019attaque meurtri\u00e8re \u00e0 Ogossagou\" \/>\n<meta property=\"og:url\" content=\"https:\/\/www.pressenza.com\/fr\/2019\/03\/mali-condamnation-de-lattaque-meurtriere-a-ogossagou\/\" \/>\n<meta property=\"og:site_name\" content=\"Pressenza\" \/>\n<meta property=\"article:publisher\" content=\"https:\/\/www.facebook.com\/PressenzaItalia\" \/>\n<meta property=\"article:author\" content=\"https:\/\/www.facebook.com\/Monde-sans-Guerres-et-sans-Violence-138884989507069\/?fref=ts\" \/>\n<meta property=\"article:published_time\" content=\"2019-03-24T22:52:01+00:00\" \/>\n<meta property=\"og:image\" content=\"https:\/\/www.pressenza.com\/wp-content\/uploads\/2019\/03\/Mali-Condamnation-de-l\u2019attaque-meurtri\u00e8re-\u00e0-Ogossagou.jpg\" \/>\n\t<meta property=\"og:image:width\" content=\"750\" \/>\n\t<meta property=\"og:image:height\" content=\"460\" \/>\n\t<meta property=\"og:image:type\" content=\"image\/jpeg\" \/>\n<meta name=\"author\" content=\"Monde sans Guerres et sans Violence\" \/>\n<meta name=\"twitter:card\" content=\"summary_large_image\" \/>\n<meta name=\"twitter:creator\" content=\"@MSGySV\" \/>\n<meta name=\"twitter:site\" content=\"@PressenzaIPA\" \/>\n<meta name=\"twitter:label1\" content=\"\u00c9crit par\" \/>\n\t<meta name=\"twitter:data1\" content=\"Monde sans Guerres et sans Violence\" \/>\n\t<meta name=\"twitter:label2\" content=\"Dur\u00e9e de lecture estim\u00e9e\" \/>\n\t<meta name=\"twitter:data2\" content=\"1 minute\" \/>\n<script type=\"application\/ld+json\" class=\"yoast-schema-graph\">{\"@context\":\"https:\/\/schema.org\",\"@graph\":[{\"@type\":\"Article\",\"@id\":\"https:\/\/www.pressenza.com\/fr\/2019\/03\/mali-condamnation-de-lattaque-meurtriere-a-ogossagou\/#article\",\"isPartOf\":{\"@id\":\"https:\/\/www.pressenza.com\/fr\/2019\/03\/mali-condamnation-de-lattaque-meurtriere-a-ogossagou\/\"},\"author\":{\"name\":\"Monde sans Guerres et sans Violence\",\"@id\":\"https:\/\/www.pressenza.com\/fr\/#\/schema\/person\/03e7b5a0d7b3b980c26f68dc547737a1\"},\"headline\":\"Mali : Condamnation de l\u2019attaque meurtri\u00e8re \u00e0 Ogossagou\",\"datePublished\":\"2019-03-24T22:52:01+00:00\",\"mainEntityOfPage\":{\"@id\":\"https:\/\/www.pressenza.com\/fr\/2019\/03\/mali-condamnation-de-lattaque-meurtriere-a-ogossagou\/\"},\"wordCount\":219,\"publisher\":{\"@id\":\"https:\/\/www.pressenza.com\/fr\/#organization\"},\"image\":{\"@id\":\"https:\/\/www.pressenza.com\/fr\/2019\/03\/mali-condamnation-de-lattaque-meurtriere-a-ogossagou\/#primaryimage\"},\"thumbnailUrl\":\"https:\/\/www.pressenza.com\/wp-content\/uploads\/2019\/03\/Mali-Condamnation-de-l\u2019attaque-meurtri\u00e8re-\u00e0-Ogossagou.jpg\",\"keywords\":[\"AMGV\",\"attaque\",\"condamnation\",\"Mali\",\"Monde sans Guerres et sans Violence Mali\",\"Ogossagou\"],\"articleSection\":[\"Afrique\",\"Paix et D\u00e9sarmement\"],\"inLanguage\":\"fr-FR\"},{\"@type\":\"WebPage\",\"@id\":\"https:\/\/www.pressenza.com\/fr\/2019\/03\/mali-condamnation-de-lattaque-meurtriere-a-ogossagou\/\",\"url\":\"https:\/\/www.pressenza.com\/fr\/2019\/03\/mali-condamnation-de-lattaque-meurtriere-a-ogossagou\/\",\"name\":\"Mali : Condamnation de l\u2019attaque meurtri\u00e8re \u00e0 Ogossagou\",\"isPartOf\":{\"@id\":\"https:\/\/www.pressenza.com\/fr\/#website\"},\"primaryImageOfPage\":{\"@id\":\"https:\/\/www.pressenza.com\/fr\/2019\/03\/mali-condamnation-de-lattaque-meurtriere-a-ogossagou\/#primaryimage\"},\"image\":{\"@id\":\"https:\/\/www.pressenza.com\/fr\/2019\/03\/mali-condamnation-de-lattaque-meurtriere-a-ogossagou\/#primaryimage\"},\"thumbnailUrl\":\"https:\/\/www.pressenza.com\/wp-content\/uploads\/2019\/03\/Mali-Condamnation-de-l\u2019attaque-meurtri\u00e8re-\u00e0-Ogossagou.jpg\",\"datePublished\":\"2019-03-24T22:52:01+00:00\",\"description\":\"COMMUNIQUE DE L'ASSOCIATION 'MONDE SANS GUERRES ET SANS VIOLENCE MALI' (AMGV Mali) L'Association Monde sans Guerres et sans Violence Mali (AMGV Mali) a Mali : Condamnation de l\u2019attaque meurtri\u00e8re \u00e0 Ogossagou\",\"breadcrumb\":{\"@id\":\"https:\/\/www.pressenza.com\/fr\/2019\/03\/mali-condamnation-de-lattaque-meurtriere-a-ogossagou\/#breadcrumb\"},\"inLanguage\":\"fr-FR\",\"potentialAction\":[{\"@type\":\"ReadAction\",\"target\":[\"https:\/\/www.pressenza.com\/fr\/2019\/03\/mali-condamnation-de-lattaque-meurtriere-a-ogossagou\/\"]}]},{\"@type\":\"ImageObject\",\"inLanguage\":\"fr-FR\",\"@id\":\"https:\/\/www.pressenza.com\/fr\/2019\/03\/mali-condamnation-de-lattaque-meurtriere-a-ogossagou\/#primaryimage\",\"url\":\"https:\/\/www.pressenza.com\/wp-content\/uploads\/2019\/03\/Mali-Condamnation-de-l\u2019attaque-meurtri\u00e8re-\u00e0-Ogossagou.jpg\",\"contentUrl\":\"https:\/\/www.pressenza.com\/wp-content\/uploads\/2019\/03\/Mali-Condamnation-de-l\u2019attaque-meurtri\u00e8re-\u00e0-Ogossagou.jpg\",\"width\":750,\"height\":460,\"caption\":\"Mali Condamnation de l\u2019attaque meurtri\u00e8re \u00e0 Ogossagou\"},{\"@type\":\"BreadcrumbList\",\"@id\":\"https:\/\/www.pressenza.com\/fr\/2019\/03\/mali-condamnation-de-lattaque-meurtriere-a-ogossagou\/#breadcrumb\",\"itemListElement\":[{\"@type\":\"ListItem\",\"position\":1,\"name\":\"Accueil\",\"item\":\"https:\/\/www.pressenza.com\/fr\/\"},{\"@type\":\"ListItem\",\"position\":2,\"name\":\"Mali : Condamnation de l\u2019attaque meurtri\u00e8re \u00e0 Ogossagou\"}]},{\"@type\":\"WebSite\",\"@id\":\"https:\/\/www.pressenza.com\/fr\/#website\",\"url\":\"https:\/\/www.pressenza.com\/fr\/\",\"name\":\"Pressenza\",\"description\":\"International Press Agency\",\"publisher\":{\"@id\":\"https:\/\/www.pressenza.com\/fr\/#organization\"},\"potentialAction\":[{\"@type\":\"SearchAction\",\"target\":{\"@type\":\"EntryPoint\",\"urlTemplate\":\"https:\/\/www.pressenza.com\/fr\/?s={search_term_string}\"},\"query-input\":{\"@type\":\"PropertyValueSpecification\",\"valueRequired\":true,\"valueName\":\"search_term_string\"}}],\"inLanguage\":\"fr-FR\"},{\"@type\":\"Organization\",\"@id\":\"https:\/\/www.pressenza.com\/fr\/#organization\",\"name\":\"Pressenza\",\"url\":\"https:\/\/www.pressenza.com\/fr\/\",\"logo\":{\"@type\":\"ImageObject\",\"inLanguage\":\"fr-FR\",\"@id\":\"https:\/\/www.pressenza.com\/fr\/#\/schema\/logo\/image\/\",\"url\":\"https:\/\/www.pressenza.com\/wp-content\/uploads\/2022\/10\/pressenza_logo_200x200.jpg\",\"contentUrl\":\"https:\/\/www.pressenza.com\/wp-content\/uploads\/2022\/10\/pressenza_logo_200x200.jpg\",\"width\":200,\"height\":200,\"caption\":\"Pressenza\"},\"image\":{\"@id\":\"https:\/\/www.pressenza.com\/fr\/#\/schema\/logo\/image\/\"},\"sameAs\":[\"https:\/\/www.facebook.com\/PressenzaItalia\",\"https:\/\/x.com\/PressenzaIPA\"]},{\"@type\":\"Person\",\"@id\":\"https:\/\/www.pressenza.com\/fr\/#\/schema\/person\/03e7b5a0d7b3b980c26f68dc547737a1\",\"name\":\"Monde sans Guerres et sans Violence\",\"description\":\"Monde sans Guerres et sans Violence est une association \u00e0 but non lucratif qui existe depuis plus de 20 ans. Elle ne per\u00e7oit aucun type de subventions. C\u2019est une organisation avec le statuts \u201cconsultatif sp\u00e9cial\u201d reconnu par le Conseil \u00e9conomique et social des Nations Unies (ECOSOC) https:\/\/en.theworldmarch.org\",\"sameAs\":[\"https:\/\/www.facebook.com\/Monde-sans-Guerres-et-sans-Violence-138884989507069\/?fref=ts\",\"https:\/\/x.com\/MSGySV\"],\"url\":\"https:\/\/www.pressenza.com\/fr\/author\/monde-sans-guerres-et-sans-violence\/\"}]}<\/script>\n<!-- \/ Yoast SEO plugin. -->","yoast_head_json":{"title":"Mali : Condamnation de l\u2019attaque meurtri\u00e8re \u00e0 Ogossagou","description":"COMMUNIQUE DE L'ASSOCIATION 'MONDE SANS GUERRES ET SANS VIOLENCE MALI' (AMGV Mali) L'Association Monde sans Guerres et sans Violence Mali (AMGV Mali) a Mali : Condamnation de l\u2019attaque meurtri\u00e8re \u00e0 Ogossagou","robots":{"index":"index","follow":"follow","max-snippet":"max-snippet:-1","max-image-preview":"max-image-preview:large","max-video-preview":"max-video-preview:-1"},"canonical":"https:\/\/www.pressenza.com\/fr\/2019\/03\/mali-condamnation-de-lattaque-meurtriere-a-ogossagou\/","og_locale":"fr_FR","og_type":"article","og_title":"Mali : Condamnation de l\u2019attaque meurtri\u00e8re \u00e0 Ogossagou","og_description":"COMMUNIQUE DE L'ASSOCIATION 'MONDE SANS GUERRES ET SANS VIOLENCE MALI' (AMGV Mali) L'Association Monde sans Guerres et sans Violence Mali (AMGV Mali) a Mali : Condamnation de l\u2019attaque meurtri\u00e8re \u00e0 Ogossagou","og_url":"https:\/\/www.pressenza.com\/fr\/2019\/03\/mali-condamnation-de-lattaque-meurtriere-a-ogossagou\/","og_site_name":"Pressenza","article_publisher":"https:\/\/www.facebook.com\/PressenzaItalia","article_author":"https:\/\/www.facebook.com\/Monde-sans-Guerres-et-sans-Violence-138884989507069\/?fref=ts","article_published_time":"2019-03-24T22:52:01+00:00","og_image":[{"width":750,"height":460,"url":"https:\/\/www.pressenza.com\/wp-content\/uploads\/2019\/03\/Mali-Condamnation-de-l\u2019attaque-meurtri\u00e8re-\u00e0-Ogossagou.jpg","type":"image\/jpeg"}],"author":"Monde sans Guerres et sans Violence","twitter_card":"summary_large_image","twitter_creator":"@MSGySV","twitter_site":"@PressenzaIPA","twitter_misc":{"\u00c9crit par":"Monde sans Guerres et sans Violence","Dur\u00e9e de lecture estim\u00e9e":"1 minute"},"schema":{"@context":"https:\/\/schema.org","@graph":[{"@type":"Article","@id":"https:\/\/www.pressenza.com\/fr\/2019\/03\/mali-condamnation-de-lattaque-meurtriere-a-ogossagou\/#article","isPartOf":{"@id":"https:\/\/www.pressenza.com\/fr\/2019\/03\/mali-condamnation-de-lattaque-meurtriere-a-ogossagou\/"},"author":{"name":"Monde sans Guerres et sans Violence","@id":"https:\/\/www.pressenza.com\/fr\/#\/schema\/person\/03e7b5a0d7b3b980c26f68dc547737a1"},"headline":"Mali : Condamnation de l\u2019attaque meurtri\u00e8re \u00e0 Ogossagou","datePublished":"2019-03-24T22:52:01+00:00","mainEntityOfPage":{"@id":"https:\/\/www.pressenza.com\/fr\/2019\/03\/mali-condamnation-de-lattaque-meurtriere-a-ogossagou\/"},"wordCount":219,"publisher":{"@id":"https:\/\/www.pressenza.com\/fr\/#organization"},"image":{"@id":"https:\/\/www.pressenza.com\/fr\/2019\/03\/mali-condamnation-de-lattaque-meurtriere-a-ogossagou\/#primaryimage"},"thumbnailUrl":"https:\/\/www.pressenza.com\/wp-content\/uploads\/2019\/03\/Mali-Condamnation-de-l\u2019attaque-meurtri\u00e8re-\u00e0-Ogossagou.jpg","keywords":["AMGV","attaque","condamnation","Mali","Monde sans Guerres et sans Violence Mali","Ogossagou"],"articleSection":["Afrique","Paix et D\u00e9sarmement"],"inLanguage":"fr-FR"},{"@type":"WebPage","@id":"https:\/\/www.pressenza.com\/fr\/2019\/03\/mali-condamnation-de-lattaque-meurtriere-a-ogossagou\/","url":"https:\/\/www.pressenza.com\/fr\/2019\/03\/mali-condamnation-de-lattaque-meurtriere-a-ogossagou\/","name":"Mali : Condamnation de l\u2019attaque meurtri\u00e8re \u00e0 Ogossagou","isPartOf":{"@id":"https:\/\/www.pressenza.com\/fr\/#website"},"primaryImageOfPage":{"@id":"https:\/\/www.pressenza.com\/fr\/2019\/03\/mali-condamnation-de-lattaque-meurtriere-a-ogossagou\/#primaryimage"},"image":{"@id":"https:\/\/www.pressenza.com\/fr\/2019\/03\/mali-condamnation-de-lattaque-meurtriere-a-ogossagou\/#primaryimage"},"thumbnailUrl":"https:\/\/www.pressenza.com\/wp-content\/uploads\/2019\/03\/Mali-Condamnation-de-l\u2019attaque-meurtri\u00e8re-\u00e0-Ogossagou.jpg","datePublished":"2019-03-24T22:52:01+00:00","description":"COMMUNIQUE DE L'ASSOCIATION 'MONDE SANS GUERRES ET SANS VIOLENCE MALI' (AMGV Mali) L'Association Monde sans Guerres et sans Violence Mali (AMGV Mali) a Mali : Condamnation de l\u2019attaque meurtri\u00e8re \u00e0 Ogossagou","breadcrumb":{"@id":"https:\/\/www.pressenza.com\/fr\/2019\/03\/mali-condamnation-de-lattaque-meurtriere-a-ogossagou\/#breadcrumb"},"inLanguage":"fr-FR","potentialAction":[{"@type":"ReadAction","target":["https:\/\/www.pressenza.com\/fr\/2019\/03\/mali-condamnation-de-lattaque-meurtriere-a-ogossagou\/"]}]},{"@type":"ImageObject","inLanguage":"fr-FR","@id":"https:\/\/www.pressenza.com\/fr\/2019\/03\/mali-condamnation-de-lattaque-meurtriere-a-ogossagou\/#primaryimage","url":"https:\/\/www.pressenza.com\/wp-content\/uploads\/2019\/03\/Mali-Condamnation-de-l\u2019attaque-meurtri\u00e8re-\u00e0-Ogossagou.jpg","contentUrl":"https:\/\/www.pressenza.com\/wp-content\/uploads\/2019\/03\/Mali-Condamnation-de-l\u2019attaque-meurtri\u00e8re-\u00e0-Ogossagou.jpg","width":750,"height":460,"caption":"Mali Condamnation de l\u2019attaque meurtri\u00e8re \u00e0 Ogossagou"},{"@type":"BreadcrumbList","@id":"https:\/\/www.pressenza.com\/fr\/2019\/03\/mali-condamnation-de-lattaque-meurtriere-a-ogossagou\/#breadcrumb","itemListElement":[{"@type":"ListItem","position":1,"name":"Accueil","item":"https:\/\/www.pressenza.com\/fr\/"},{"@type":"ListItem","position":2,"name":"Mali : Condamnation de l\u2019attaque meurtri\u00e8re \u00e0 Ogossagou"}]},{"@type":"WebSite","@id":"https:\/\/www.pressenza.com\/fr\/#website","url":"https:\/\/www.pressenza.com\/fr\/","name":"Pressenza","description":"International Press Agency","publisher":{"@id":"https:\/\/www.pressenza.com\/fr\/#organization"},"potentialAction":[{"@type":"SearchAction","target":{"@type":"EntryPoint","urlTemplate":"https:\/\/www.pressenza.com\/fr\/?s={search_term_string}"},"query-input":{"@type":"PropertyValueSpecification","valueRequired":true,"valueName":"search_term_string"}}],"inLanguage":"fr-FR"},{"@type":"Organization","@id":"https:\/\/www.pressenza.com\/fr\/#organization","name":"Pressenza","url":"https:\/\/www.pressenza.com\/fr\/","logo":{"@type":"ImageObject","inLanguage":"fr-FR","@id":"https:\/\/www.pressenza.com\/fr\/#\/schema\/logo\/image\/","url":"https:\/\/www.pressenza.com\/wp-content\/uploads\/2022\/10\/pressenza_logo_200x200.jpg","contentUrl":"https:\/\/www.pressenza.com\/wp-content\/uploads\/2022\/10\/pressenza_logo_200x200.jpg","width":200,"height":200,"caption":"Pressenza"},"image":{"@id":"https:\/\/www.pressenza.com\/fr\/#\/schema\/logo\/image\/"},"sameAs":["https:\/\/www.facebook.com\/PressenzaItalia","https:\/\/x.com\/PressenzaIPA"]},{"@type":"Person","@id":"https:\/\/www.pressenza.com\/fr\/#\/schema\/person\/03e7b5a0d7b3b980c26f68dc547737a1","name":"Monde sans Guerres et sans Violence","description":"Monde sans Guerres et sans Violence est une association \u00e0 but non lucratif qui existe depuis plus de 20 ans. Elle ne per\u00e7oit aucun type de subventions. C\u2019est une organisation avec le statuts \u201cconsultatif sp\u00e9cial\u201d reconnu par le Conseil \u00e9conomique et social des Nations Unies (ECOSOC) https:\/\/en.theworldmarch.org","sameAs":["https:\/\/www.facebook.com\/Monde-sans-Guerres-et-sans-Violence-138884989507069\/?fref=ts","https:\/\/x.com\/MSGySV"],"url":"https:\/\/www.pressenza.com\/fr\/author\/monde-sans-guerres-et-sans-violence\/"}]}},"place":"Bamako, Mali","original_article_url":"","_links":{"self":[{"href":"https:\/\/www.pressenza.com\/fr\/wp-json\/wp\/v2\/posts\/829779","targetHints":{"allow":["GET"]}}],"collection":[{"href":"https:\/\/www.pressenza.com\/fr\/wp-json\/wp\/v2\/posts"}],"about":[{"href":"https:\/\/www.pressenza.com\/fr\/wp-json\/wp\/v2\/types\/post"}],"author":[{"embeddable":true,"href":"https:\/\/www.pressenza.com\/fr\/wp-json\/wp\/v2\/users\/784"}],"replies":[{"embeddable":true,"href":"https:\/\/www.pressenza.com\/fr\/wp-json\/wp\/v2\/comments?post=829779"}],"version-history":[{"count":0,"href":"https:\/\/www.pressenza.com\/fr\/wp-json\/wp\/v2\/posts\/829779\/revisions"}],"wp:featuredmedia":[{"embeddable":true,"href":"https:\/\/www.pressenza.com\/fr\/wp-json\/wp\/v2\/media\/829785"}],"wp:attachment":[{"href":"https:\/\/www.pressenza.com\/fr\/wp-json\/wp\/v2\/media?parent=829779"}],"wp:term":[{"taxonomy":"category","embeddable":true,"href":"https:\/\/www.pressenza.com\/fr\/wp-json\/wp\/v2\/categories?post=829779"},{"taxonomy":"post_tag","embeddable":true,"href":"https:\/\/www.pressenza.com\/fr\/wp-json\/wp\/v2\/tags?post=829779"}],"curies":[{"name":"wp","href":"https:\/\/api.w.org\/{rel}","templated":true}]}}