{"id":820663,"date":"2019-03-10T23:47:56","date_gmt":"2019-03-10T23:47:56","guid":{"rendered":"https:\/\/www.pressenza.com\/?p=820663"},"modified":"2019-03-10T23:49:18","modified_gmt":"2019-03-10T23:49:18","slug":"des-milliers-de-personnes-manifestent-pour-les-droits-des-femmes-a-berlin","status":"publish","type":"post","link":"https:\/\/www.pressenza.com\/fr\/2019\/03\/des-milliers-de-personnes-manifestent-pour-les-droits-des-femmes-a-berlin\/","title":{"rendered":"Des milliers de personnes manifestent pour les droits des femmes \u00e0 Berlin"},"content":{"rendered":"<p><strong>Ce 8 mars, des milliers de personnes ont manifest\u00e9 pacifiquement pour l&rsquo;\u00e9galit\u00e9 des femmes et des hommes \u00e0 Berlin \u00e0 l&rsquo;occasion de la Journ\u00e9e internationale de la femme.<\/strong><\/p>\n<p>Cette ann\u00e9e, la Journ\u00e9e internationale de la femme est pour la premi\u00e8re fois un jour f\u00e9ri\u00e9 officiel \u00e0 Berlin. Les longues marches du week-end pour l&rsquo;\u00e9galit\u00e9 des sexes ne se sont pas arr\u00eat\u00e9es dans les rues. L&rsquo;\u00e9galit\u00e9 de r\u00e9mun\u00e9ration a \u00e9t\u00e9 exig\u00e9e pour un m\u00eame type de travail, une plus grande reconnaissance et un plus grand nombre de femmes occupant des postes de direction. En outre, ils ont \u00e9t\u00e9 r\u00e9f\u00e9renc\u00e9s des signes de sexisme quotidien et de violence familiale, ainsi que les dispositions 218 et 219a sur l&rsquo;avortement.<\/p>\n<p><em>Reportage photo de Maga Navarrete<\/em><\/p>\n<p><img loading=\"lazy\" decoding=\"async\" class=\"aligncenter wp-image-819628\" src=\"https:\/\/www.pressenza.com\/wp-content\/uploads\/2019\/03\/satzfrauendemoberlinmaga-720x509.jpg\" alt=\"\" width=\"750\" height=\"530\" srcset=\"https:\/\/www.pressenza.com\/wp-content\/uploads\/2019\/03\/satzfrauendemoberlinmaga-720x509.jpg 720w, https:\/\/www.pressenza.com\/wp-content\/uploads\/2019\/03\/satzfrauendemoberlinmaga-300x212.jpg 300w, https:\/\/www.pressenza.com\/wp-content\/uploads\/2019\/03\/satzfrauendemoberlinmaga-768x543.jpg 768w, https:\/\/www.pressenza.com\/wp-content\/uploads\/2019\/03\/satzfrauendemoberlinmaga.jpg 770w\" sizes=\"auto, (max-width: 750px) 100vw, 750px\" \/> <img loading=\"lazy\" decoding=\"async\" class=\"aligncenter wp-image-819637\" src=\"https:\/\/www.pressenza.com\/wp-content\/uploads\/2019\/03\/berlinfrauendemomaga-720x480.jpg\" alt=\"\" width=\"753\" height=\"502\" srcset=\"https:\/\/www.pressenza.com\/wp-content\/uploads\/2019\/03\/berlinfrauendemomaga-720x480.jpg 720w, https:\/\/www.pressenza.com\/wp-content\/uploads\/2019\/03\/berlinfrauendemomaga-300x200.jpg 300w, https:\/\/www.pressenza.com\/wp-content\/uploads\/2019\/03\/berlinfrauendemomaga-768x512.jpg 768w, https:\/\/www.pressenza.com\/wp-content\/uploads\/2019\/03\/berlinfrauendemomaga.jpg 770w\" sizes=\"auto, (max-width: 753px) 100vw, 753px\" \/> <img loading=\"lazy\" decoding=\"async\" class=\"aligncenter wp-image-819646\" src=\"https:\/\/www.pressenza.com\/wp-content\/uploads\/2019\/03\/berlinfreuntagmaga-720x480.jpg\" alt=\"\" width=\"750\" height=\"500\" srcset=\"https:\/\/www.pressenza.com\/wp-content\/uploads\/2019\/03\/berlinfreuntagmaga-720x480.jpg 720w, https:\/\/www.pressenza.com\/wp-content\/uploads\/2019\/03\/berlinfreuntagmaga-300x200.jpg 300w, https:\/\/www.pressenza.com\/wp-content\/uploads\/2019\/03\/berlinfreuntagmaga-768x512.jpg 768w, https:\/\/www.pressenza.com\/wp-content\/uploads\/2019\/03\/berlinfreuntagmaga.jpg 770w\" sizes=\"auto, (max-width: 750px) 100vw, 750px\" \/> <img loading=\"lazy\" decoding=\"async\" class=\"aligncenter wp-image-819655\" src=\"https:\/\/www.pressenza.com\/wp-content\/uploads\/2019\/03\/demofrauenmaga2019-720x480.jpg\" alt=\"\" width=\"752\" height=\"501\" srcset=\"https:\/\/www.pressenza.com\/wp-content\/uploads\/2019\/03\/demofrauenmaga2019-720x480.jpg 720w, https:\/\/www.pressenza.com\/wp-content\/uploads\/2019\/03\/demofrauenmaga2019-300x200.jpg 300w, https:\/\/www.pressenza.com\/wp-content\/uploads\/2019\/03\/demofrauenmaga2019-768x512.jpg 768w, https:\/\/www.pressenza.com\/wp-content\/uploads\/2019\/03\/demofrauenmaga2019.jpg 770w\" sizes=\"auto, (max-width: 752px) 100vw, 752px\" \/> <img loading=\"lazy\" decoding=\"async\" class=\"aligncenter wp-image-819664\" src=\"https:\/\/www.pressenza.com\/wp-content\/uploads\/2019\/03\/femins2019berlinmaga-720x499.jpg\" alt=\"\" width=\"753\" height=\"522\" srcset=\"https:\/\/www.pressenza.com\/wp-content\/uploads\/2019\/03\/femins2019berlinmaga-720x499.jpg 720w, https:\/\/www.pressenza.com\/wp-content\/uploads\/2019\/03\/femins2019berlinmaga-300x208.jpg 300w, https:\/\/www.pressenza.com\/wp-content\/uploads\/2019\/03\/femins2019berlinmaga-768x533.jpg 768w, https:\/\/www.pressenza.com\/wp-content\/uploads\/2019\/03\/femins2019berlinmaga.jpg 770w\" sizes=\"auto, (max-width: 753px) 100vw, 753px\" \/> <img loading=\"lazy\" decoding=\"async\" class=\"aligncenter wp-image-819673\" src=\"https:\/\/www.pressenza.com\/wp-content\/uploads\/2019\/03\/frauendemomaga-720x480.jpg\" alt=\"\" width=\"750\" height=\"500\" srcset=\"https:\/\/www.pressenza.com\/wp-content\/uploads\/2019\/03\/frauendemomaga-720x480.jpg 720w, https:\/\/www.pressenza.com\/wp-content\/uploads\/2019\/03\/frauendemomaga-300x200.jpg 300w, https:\/\/www.pressenza.com\/wp-content\/uploads\/2019\/03\/frauendemomaga-768x512.jpg 768w, https:\/\/www.pressenza.com\/wp-content\/uploads\/2019\/03\/frauendemomaga.jpg 770w\" sizes=\"auto, (max-width: 750px) 100vw, 750px\" \/> <img loading=\"lazy\" decoding=\"async\" class=\"aligncenter wp-image-819682\" src=\"https:\/\/www.pressenza.com\/wp-content\/uploads\/2019\/03\/frauenrechtberlinmaga-720x468.jpg\" alt=\"\" width=\"751\" height=\"488\" srcset=\"https:\/\/www.pressenza.com\/wp-content\/uploads\/2019\/03\/frauenrechtberlinmaga-720x468.jpg 720w, https:\/\/www.pressenza.com\/wp-content\/uploads\/2019\/03\/frauenrechtberlinmaga-300x195.jpg 300w, https:\/\/www.pressenza.com\/wp-content\/uploads\/2019\/03\/frauenrechtberlinmaga-768x500.jpg 768w, https:\/\/www.pressenza.com\/wp-content\/uploads\/2019\/03\/frauenrechtberlinmaga.jpg 770w\" sizes=\"auto, (max-width: 751px) 100vw, 751px\" \/> <img loading=\"lazy\" decoding=\"async\" class=\"aligncenter wp-image-819700\" src=\"https:\/\/www.pressenza.com\/wp-content\/uploads\/2019\/03\/frauentagberlin2019maga-720x480.jpg\" alt=\"\" width=\"752\" height=\"501\" srcset=\"https:\/\/www.pressenza.com\/wp-content\/uploads\/2019\/03\/frauentagberlin2019maga-720x480.jpg 720w, https:\/\/www.pressenza.com\/wp-content\/uploads\/2019\/03\/frauentagberlin2019maga-300x200.jpg 300w, https:\/\/www.pressenza.com\/wp-content\/uploads\/2019\/03\/frauentagberlin2019maga-768x512.jpg 768w, https:\/\/www.pressenza.com\/wp-content\/uploads\/2019\/03\/frauentagberlin2019maga.jpg 770w\" sizes=\"auto, (max-width: 752px) 100vw, 752px\" \/> <img loading=\"lazy\" decoding=\"async\" class=\"aligncenter wp-image-819709\" src=\"https:\/\/www.pressenza.com\/wp-content\/uploads\/2019\/03\/frauentagberlinmaga-720x480.jpg\" alt=\"\" width=\"758\" height=\"505\" srcset=\"https:\/\/www.pressenza.com\/wp-content\/uploads\/2019\/03\/frauentagberlinmaga-720x480.jpg 720w, https:\/\/www.pressenza.com\/wp-content\/uploads\/2019\/03\/frauentagberlinmaga-300x200.jpg 300w, https:\/\/www.pressenza.com\/wp-content\/uploads\/2019\/03\/frauentagberlinmaga-768x512.jpg 768w, https:\/\/www.pressenza.com\/wp-content\/uploads\/2019\/03\/frauentagberlinmaga.jpg 770w\" sizes=\"auto, (max-width: 758px) 100vw, 758px\" \/> <img loading=\"lazy\" decoding=\"async\" class=\"aligncenter wp-image-819718\" src=\"https:\/\/www.pressenza.com\/wp-content\/uploads\/2019\/03\/gritodemujermagaberlinmaga-720x480.jpg\" alt=\"\" width=\"759\" height=\"506\" srcset=\"https:\/\/www.pressenza.com\/wp-content\/uploads\/2019\/03\/gritodemujermagaberlinmaga-720x480.jpg 720w, https:\/\/www.pressenza.com\/wp-content\/uploads\/2019\/03\/gritodemujermagaberlinmaga-300x200.jpg 300w, https:\/\/www.pressenza.com\/wp-content\/uploads\/2019\/03\/gritodemujermagaberlinmaga-768x512.jpg 768w, https:\/\/www.pressenza.com\/wp-content\/uploads\/2019\/03\/gritodemujermagaberlinmaga.jpg 770w\" sizes=\"auto, (max-width: 759px) 100vw, 759px\" \/> <img loading=\"lazy\" decoding=\"async\" class=\"aligncenter wp-image-819736\" src=\"https:\/\/www.pressenza.com\/wp-content\/uploads\/2019\/03\/jugendfrauenmaga-720x439.jpg\" alt=\"\" width=\"769\" height=\"469\" srcset=\"https:\/\/www.pressenza.com\/wp-content\/uploads\/2019\/03\/jugendfrauenmaga-720x439.jpg 720w, https:\/\/www.pressenza.com\/wp-content\/uploads\/2019\/03\/jugendfrauenmaga-300x183.jpg 300w, https:\/\/www.pressenza.com\/wp-content\/uploads\/2019\/03\/jugendfrauenmaga-768x468.jpg 768w, https:\/\/www.pressenza.com\/wp-content\/uploads\/2019\/03\/jugendfrauenmaga.jpg 770w\" sizes=\"auto, (max-width: 769px) 100vw, 769px\" \/> <img loading=\"lazy\" decoding=\"async\" class=\"aligncenter wp-image-819745\" src=\"https:\/\/www.pressenza.com\/wp-content\/uploads\/2019\/03\/madchendemomaga-720x497.jpg\" alt=\"\" width=\"750\" height=\"518\" srcset=\"https:\/\/www.pressenza.com\/wp-content\/uploads\/2019\/03\/madchendemomaga-720x497.jpg 720w, https:\/\/www.pressenza.com\/wp-content\/uploads\/2019\/03\/madchendemomaga-300x207.jpg 300w, https:\/\/www.pressenza.com\/wp-content\/uploads\/2019\/03\/madchendemomaga-768x530.jpg 768w, https:\/\/www.pressenza.com\/wp-content\/uploads\/2019\/03\/madchendemomaga.jpg 770w\" sizes=\"auto, (max-width: 750px) 100vw, 750px\" \/> <img loading=\"lazy\" decoding=\"async\" class=\"aligncenter wp-image-819754\" src=\"https:\/\/www.pressenza.com\/wp-content\/uploads\/2019\/03\/mfberlindemomaga-720x480.jpg\" alt=\"\" width=\"758\" height=\"505\" srcset=\"https:\/\/www.pressenza.com\/wp-content\/uploads\/2019\/03\/mfberlindemomaga-720x480.jpg 720w, https:\/\/www.pressenza.com\/wp-content\/uploads\/2019\/03\/mfberlindemomaga-300x200.jpg 300w, https:\/\/www.pressenza.com\/wp-content\/uploads\/2019\/03\/mfberlindemomaga-768x512.jpg 768w, https:\/\/www.pressenza.com\/wp-content\/uploads\/2019\/03\/mfberlindemomaga.jpg 770w\" sizes=\"auto, (max-width: 758px) 100vw, 758px\" \/> <img loading=\"lazy\" decoding=\"async\" class=\"aligncenter wp-image-819691\" src=\"https:\/\/www.pressenza.com\/wp-content\/uploads\/2019\/03\/frauenrechtemagaberlin.jpg\" alt=\"\" width=\"381\" height=\"572\" srcset=\"https:\/\/www.pressenza.com\/wp-content\/uploads\/2019\/03\/frauenrechtemagaberlin.jpg 513w, https:\/\/www.pressenza.com\/wp-content\/uploads\/2019\/03\/frauenrechtemagaberlin-200x300.jpg 200w\" sizes=\"auto, (max-width: 381px) 100vw, 381px\" \/><\/p>\n","protected":false},"excerpt":{"rendered":"<p>Ce 8 mars, des milliers de personnes ont manifest\u00e9 pacifiquement pour l&rsquo;\u00e9galit\u00e9 des femmes et des hommes \u00e0 Berlin \u00e0 l&rsquo;occasion de la Journ\u00e9e internationale de la femme. Cette ann\u00e9e, la Journ\u00e9e internationale de la femme est pour la premi\u00e8re&hellip;<\/p>\n","protected":false},"author":1444,"featured_media":819622,"comment_status":"closed","ping_status":"closed","sticky":false,"template":"","format":"standard","meta":{"footnotes":""},"categories":[11386,98,85,54509,5700],"tags":[55165,2638,7119,8128,48900,9648,56155,56156],"class_list":["post-820663","post","type-post","status-publish","format-standard","has-post-thumbnail","hentry","category-contenu-original","category-droits-de-lhomme","category-europe-fr","category-genre-et-feminismes","category-reportages-photo","tag-8m-fr","tag-allemagne","tag-berlin","tag-droits-des-femmes","tag-egalite-des-sexes","tag-journee-internationale-de-la-femme","tag-lutte-internationale-pour-les-femmes","tag-normative-219a"],"yoast_head":"<!-- This site is optimized with the Yoast SEO plugin v27.1.1 - https:\/\/yoast.com\/product\/yoast-seo-wordpress\/ -->\n<title>Des milliers de personnes manifestent pour les droits des femmes \u00e0 Berlin<\/title>\n<meta name=\"description\" content=\"Ce 8 mars, des milliers de personnes ont manifest\u00e9 pacifiquement pour l&#039;\u00e9galit\u00e9 des femmes et des hommes \u00e0 Berlin \u00e0 l&#039;occasion de la Journ\u00e9e\" \/>\n<meta name=\"robots\" content=\"index, follow, max-snippet:-1, max-image-preview:large, max-video-preview:-1\" \/>\n<link rel=\"canonical\" href=\"https:\/\/www.pressenza.com\/fr\/2019\/03\/des-milliers-de-personnes-manifestent-pour-les-droits-des-femmes-a-berlin\/\" \/>\n<meta property=\"og:locale\" content=\"fr_FR\" \/>\n<meta property=\"og:type\" content=\"article\" \/>\n<meta property=\"og:title\" content=\"Des milliers de personnes manifestent pour les droits des femmes \u00e0 Berlin\" \/>\n<meta property=\"og:description\" content=\"Ce 8 mars, des milliers de personnes ont manifest\u00e9 pacifiquement pour l&#039;\u00e9galit\u00e9 des femmes et des hommes \u00e0 Berlin \u00e0 l&#039;occasion de la Journ\u00e9e\" \/>\n<meta property=\"og:url\" content=\"https:\/\/www.pressenza.com\/fr\/2019\/03\/des-milliers-de-personnes-manifestent-pour-les-droits-des-femmes-a-berlin\/\" \/>\n<meta property=\"og:site_name\" content=\"Pressenza\" \/>\n<meta property=\"article:publisher\" content=\"https:\/\/www.facebook.com\/PressenzaItalia\" \/>\n<meta property=\"article:published_time\" content=\"2019-03-10T23:47:56+00:00\" \/>\n<meta property=\"article:modified_time\" content=\"2019-03-10T23:49:18+00:00\" \/>\n<meta property=\"og:image\" content=\"https:\/\/www.pressenza.com\/wp-content\/uploads\/2019\/03\/8m\u00e4rzdemoberlinmaga.jpg\" \/>\n\t<meta property=\"og:image:width\" content=\"770\" \/>\n\t<meta property=\"og:image:height\" content=\"457\" \/>\n\t<meta property=\"og:image:type\" content=\"image\/jpeg\" \/>\n<meta name=\"author\" content=\"Magaly Navarrete\" \/>\n<meta name=\"twitter:card\" content=\"summary_large_image\" \/>\n<meta name=\"twitter:creator\" content=\"@PressenzaIPA\" \/>\n<meta name=\"twitter:site\" content=\"@PressenzaIPA\" \/>\n<meta name=\"twitter:label1\" content=\"\u00c9crit par\" \/>\n\t<meta name=\"twitter:data1\" content=\"Magaly Navarrete\" \/>\n\t<meta name=\"twitter:label2\" content=\"Dur\u00e9e de lecture estim\u00e9e\" \/>\n\t<meta name=\"twitter:data2\" content=\"1 minute\" \/>\n<script type=\"application\/ld+json\" class=\"yoast-schema-graph\">{\"@context\":\"https:\/\/schema.org\",\"@graph\":[{\"@type\":\"Article\",\"@id\":\"https:\/\/www.pressenza.com\/fr\/2019\/03\/des-milliers-de-personnes-manifestent-pour-les-droits-des-femmes-a-berlin\/#article\",\"isPartOf\":{\"@id\":\"https:\/\/www.pressenza.com\/fr\/2019\/03\/des-milliers-de-personnes-manifestent-pour-les-droits-des-femmes-a-berlin\/\"},\"author\":{\"name\":\"Magaly Navarrete\",\"@id\":\"https:\/\/www.pressenza.com\/fr\/#\/schema\/person\/a9ab62fe53243f89da63c55b99759d27\"},\"headline\":\"Des milliers de personnes manifestent pour les droits des femmes \u00e0 Berlin\",\"datePublished\":\"2019-03-10T23:47:56+00:00\",\"dateModified\":\"2019-03-10T23:49:18+00:00\",\"mainEntityOfPage\":{\"@id\":\"https:\/\/www.pressenza.com\/fr\/2019\/03\/des-milliers-de-personnes-manifestent-pour-les-droits-des-femmes-a-berlin\/\"},\"wordCount\":146,\"publisher\":{\"@id\":\"https:\/\/www.pressenza.com\/fr\/#organization\"},\"image\":{\"@id\":\"https:\/\/www.pressenza.com\/fr\/2019\/03\/des-milliers-de-personnes-manifestent-pour-les-droits-des-femmes-a-berlin\/#primaryimage\"},\"thumbnailUrl\":\"https:\/\/www.pressenza.com\/wp-content\/uploads\/2019\/03\/8m\u00e4rzdemoberlinmaga.jpg\",\"keywords\":[\"8M\",\"Allemagne\",\"Berlin\",\"Droits des femmes\",\"\u00e9galit\u00e9 des sexes\",\"Journ\u00e9e Internationale de la femme\",\"Lutte internationale pour les femmes\",\"Normative 219a\"],\"articleSection\":[\"Contenu Original\",\"Droits humains\",\"Europe\",\"Genre et f\u00e9minismes\",\"Reportages photo\"],\"inLanguage\":\"fr-FR\"},{\"@type\":\"WebPage\",\"@id\":\"https:\/\/www.pressenza.com\/fr\/2019\/03\/des-milliers-de-personnes-manifestent-pour-les-droits-des-femmes-a-berlin\/\",\"url\":\"https:\/\/www.pressenza.com\/fr\/2019\/03\/des-milliers-de-personnes-manifestent-pour-les-droits-des-femmes-a-berlin\/\",\"name\":\"Des milliers de personnes manifestent pour les droits des femmes \u00e0 Berlin\",\"isPartOf\":{\"@id\":\"https:\/\/www.pressenza.com\/fr\/#website\"},\"primaryImageOfPage\":{\"@id\":\"https:\/\/www.pressenza.com\/fr\/2019\/03\/des-milliers-de-personnes-manifestent-pour-les-droits-des-femmes-a-berlin\/#primaryimage\"},\"image\":{\"@id\":\"https:\/\/www.pressenza.com\/fr\/2019\/03\/des-milliers-de-personnes-manifestent-pour-les-droits-des-femmes-a-berlin\/#primaryimage\"},\"thumbnailUrl\":\"https:\/\/www.pressenza.com\/wp-content\/uploads\/2019\/03\/8m\u00e4rzdemoberlinmaga.jpg\",\"datePublished\":\"2019-03-10T23:47:56+00:00\",\"dateModified\":\"2019-03-10T23:49:18+00:00\",\"description\":\"Ce 8 mars, des milliers de personnes ont manifest\u00e9 pacifiquement pour l'\u00e9galit\u00e9 des femmes et des hommes \u00e0 Berlin \u00e0 l'occasion de la Journ\u00e9e\",\"breadcrumb\":{\"@id\":\"https:\/\/www.pressenza.com\/fr\/2019\/03\/des-milliers-de-personnes-manifestent-pour-les-droits-des-femmes-a-berlin\/#breadcrumb\"},\"inLanguage\":\"fr-FR\",\"potentialAction\":[{\"@type\":\"ReadAction\",\"target\":[\"https:\/\/www.pressenza.com\/fr\/2019\/03\/des-milliers-de-personnes-manifestent-pour-les-droits-des-femmes-a-berlin\/\"]}]},{\"@type\":\"ImageObject\",\"inLanguage\":\"fr-FR\",\"@id\":\"https:\/\/www.pressenza.com\/fr\/2019\/03\/des-milliers-de-personnes-manifestent-pour-les-droits-des-femmes-a-berlin\/#primaryimage\",\"url\":\"https:\/\/www.pressenza.com\/wp-content\/uploads\/2019\/03\/8m\u00e4rzdemoberlinmaga.jpg\",\"contentUrl\":\"https:\/\/www.pressenza.com\/wp-content\/uploads\/2019\/03\/8m\u00e4rzdemoberlinmaga.jpg\",\"width\":770,\"height\":457},{\"@type\":\"BreadcrumbList\",\"@id\":\"https:\/\/www.pressenza.com\/fr\/2019\/03\/des-milliers-de-personnes-manifestent-pour-les-droits-des-femmes-a-berlin\/#breadcrumb\",\"itemListElement\":[{\"@type\":\"ListItem\",\"position\":1,\"name\":\"Accueil\",\"item\":\"https:\/\/www.pressenza.com\/fr\/\"},{\"@type\":\"ListItem\",\"position\":2,\"name\":\"Des milliers de personnes manifestent pour les droits des femmes \u00e0 Berlin\"}]},{\"@type\":\"WebSite\",\"@id\":\"https:\/\/www.pressenza.com\/fr\/#website\",\"url\":\"https:\/\/www.pressenza.com\/fr\/\",\"name\":\"Pressenza\",\"description\":\"International Press Agency\",\"publisher\":{\"@id\":\"https:\/\/www.pressenza.com\/fr\/#organization\"},\"potentialAction\":[{\"@type\":\"SearchAction\",\"target\":{\"@type\":\"EntryPoint\",\"urlTemplate\":\"https:\/\/www.pressenza.com\/fr\/?s={search_term_string}\"},\"query-input\":{\"@type\":\"PropertyValueSpecification\",\"valueRequired\":true,\"valueName\":\"search_term_string\"}}],\"inLanguage\":\"fr-FR\"},{\"@type\":\"Organization\",\"@id\":\"https:\/\/www.pressenza.com\/fr\/#organization\",\"name\":\"Pressenza\",\"url\":\"https:\/\/www.pressenza.com\/fr\/\",\"logo\":{\"@type\":\"ImageObject\",\"inLanguage\":\"fr-FR\",\"@id\":\"https:\/\/www.pressenza.com\/fr\/#\/schema\/logo\/image\/\",\"url\":\"https:\/\/www.pressenza.com\/wp-content\/uploads\/2022\/10\/pressenza_logo_200x200.jpg\",\"contentUrl\":\"https:\/\/www.pressenza.com\/wp-content\/uploads\/2022\/10\/pressenza_logo_200x200.jpg\",\"width\":200,\"height\":200,\"caption\":\"Pressenza\"},\"image\":{\"@id\":\"https:\/\/www.pressenza.com\/fr\/#\/schema\/logo\/image\/\"},\"sameAs\":[\"https:\/\/www.facebook.com\/PressenzaItalia\",\"https:\/\/x.com\/PressenzaIPA\"]},{\"@type\":\"Person\",\"@id\":\"https:\/\/www.pressenza.com\/fr\/#\/schema\/person\/a9ab62fe53243f89da63c55b99759d27\",\"name\":\"Magaly Navarrete\",\"description\":\"Gestora Cultural, Fot\u00f3grafa de Pressenza e integrante de la \\\"Red Arte Transformador\\\" desarrolla proyectos de \\\"Arte y No-violencia\\\", en Latinoam\u00e9rica y Europa, actualmente reside en Berl\u00edn.\",\"url\":\"https:\/\/www.pressenza.com\/fr\/author\/magaly-navarrete\/\"}]}<\/script>\n<!-- \/ Yoast SEO plugin. -->","yoast_head_json":{"title":"Des milliers de personnes manifestent pour les droits des femmes \u00e0 Berlin","description":"Ce 8 mars, des milliers de personnes ont manifest\u00e9 pacifiquement pour l'\u00e9galit\u00e9 des femmes et des hommes \u00e0 Berlin \u00e0 l'occasion de la Journ\u00e9e","robots":{"index":"index","follow":"follow","max-snippet":"max-snippet:-1","max-image-preview":"max-image-preview:large","max-video-preview":"max-video-preview:-1"},"canonical":"https:\/\/www.pressenza.com\/fr\/2019\/03\/des-milliers-de-personnes-manifestent-pour-les-droits-des-femmes-a-berlin\/","og_locale":"fr_FR","og_type":"article","og_title":"Des milliers de personnes manifestent pour les droits des femmes \u00e0 Berlin","og_description":"Ce 8 mars, des milliers de personnes ont manifest\u00e9 pacifiquement pour l'\u00e9galit\u00e9 des femmes et des hommes \u00e0 Berlin \u00e0 l'occasion de la Journ\u00e9e","og_url":"https:\/\/www.pressenza.com\/fr\/2019\/03\/des-milliers-de-personnes-manifestent-pour-les-droits-des-femmes-a-berlin\/","og_site_name":"Pressenza","article_publisher":"https:\/\/www.facebook.com\/PressenzaItalia","article_published_time":"2019-03-10T23:47:56+00:00","article_modified_time":"2019-03-10T23:49:18+00:00","og_image":[{"width":770,"height":457,"url":"https:\/\/www.pressenza.com\/wp-content\/uploads\/2019\/03\/8m\u00e4rzdemoberlinmaga.jpg","type":"image\/jpeg"}],"author":"Magaly Navarrete","twitter_card":"summary_large_image","twitter_creator":"@PressenzaIPA","twitter_site":"@PressenzaIPA","twitter_misc":{"\u00c9crit par":"Magaly Navarrete","Dur\u00e9e de lecture estim\u00e9e":"1 minute"},"schema":{"@context":"https:\/\/schema.org","@graph":[{"@type":"Article","@id":"https:\/\/www.pressenza.com\/fr\/2019\/03\/des-milliers-de-personnes-manifestent-pour-les-droits-des-femmes-a-berlin\/#article","isPartOf":{"@id":"https:\/\/www.pressenza.com\/fr\/2019\/03\/des-milliers-de-personnes-manifestent-pour-les-droits-des-femmes-a-berlin\/"},"author":{"name":"Magaly Navarrete","@id":"https:\/\/www.pressenza.com\/fr\/#\/schema\/person\/a9ab62fe53243f89da63c55b99759d27"},"headline":"Des milliers de personnes manifestent pour les droits des femmes \u00e0 Berlin","datePublished":"2019-03-10T23:47:56+00:00","dateModified":"2019-03-10T23:49:18+00:00","mainEntityOfPage":{"@id":"https:\/\/www.pressenza.com\/fr\/2019\/03\/des-milliers-de-personnes-manifestent-pour-les-droits-des-femmes-a-berlin\/"},"wordCount":146,"publisher":{"@id":"https:\/\/www.pressenza.com\/fr\/#organization"},"image":{"@id":"https:\/\/www.pressenza.com\/fr\/2019\/03\/des-milliers-de-personnes-manifestent-pour-les-droits-des-femmes-a-berlin\/#primaryimage"},"thumbnailUrl":"https:\/\/www.pressenza.com\/wp-content\/uploads\/2019\/03\/8m\u00e4rzdemoberlinmaga.jpg","keywords":["8M","Allemagne","Berlin","Droits des femmes","\u00e9galit\u00e9 des sexes","Journ\u00e9e Internationale de la femme","Lutte internationale pour les femmes","Normative 219a"],"articleSection":["Contenu Original","Droits humains","Europe","Genre et f\u00e9minismes","Reportages photo"],"inLanguage":"fr-FR"},{"@type":"WebPage","@id":"https:\/\/www.pressenza.com\/fr\/2019\/03\/des-milliers-de-personnes-manifestent-pour-les-droits-des-femmes-a-berlin\/","url":"https:\/\/www.pressenza.com\/fr\/2019\/03\/des-milliers-de-personnes-manifestent-pour-les-droits-des-femmes-a-berlin\/","name":"Des milliers de personnes manifestent pour les droits des femmes \u00e0 Berlin","isPartOf":{"@id":"https:\/\/www.pressenza.com\/fr\/#website"},"primaryImageOfPage":{"@id":"https:\/\/www.pressenza.com\/fr\/2019\/03\/des-milliers-de-personnes-manifestent-pour-les-droits-des-femmes-a-berlin\/#primaryimage"},"image":{"@id":"https:\/\/www.pressenza.com\/fr\/2019\/03\/des-milliers-de-personnes-manifestent-pour-les-droits-des-femmes-a-berlin\/#primaryimage"},"thumbnailUrl":"https:\/\/www.pressenza.com\/wp-content\/uploads\/2019\/03\/8m\u00e4rzdemoberlinmaga.jpg","datePublished":"2019-03-10T23:47:56+00:00","dateModified":"2019-03-10T23:49:18+00:00","description":"Ce 8 mars, des milliers de personnes ont manifest\u00e9 pacifiquement pour l'\u00e9galit\u00e9 des femmes et des hommes \u00e0 Berlin \u00e0 l'occasion de la Journ\u00e9e","breadcrumb":{"@id":"https:\/\/www.pressenza.com\/fr\/2019\/03\/des-milliers-de-personnes-manifestent-pour-les-droits-des-femmes-a-berlin\/#breadcrumb"},"inLanguage":"fr-FR","potentialAction":[{"@type":"ReadAction","target":["https:\/\/www.pressenza.com\/fr\/2019\/03\/des-milliers-de-personnes-manifestent-pour-les-droits-des-femmes-a-berlin\/"]}]},{"@type":"ImageObject","inLanguage":"fr-FR","@id":"https:\/\/www.pressenza.com\/fr\/2019\/03\/des-milliers-de-personnes-manifestent-pour-les-droits-des-femmes-a-berlin\/#primaryimage","url":"https:\/\/www.pressenza.com\/wp-content\/uploads\/2019\/03\/8m\u00e4rzdemoberlinmaga.jpg","contentUrl":"https:\/\/www.pressenza.com\/wp-content\/uploads\/2019\/03\/8m\u00e4rzdemoberlinmaga.jpg","width":770,"height":457},{"@type":"BreadcrumbList","@id":"https:\/\/www.pressenza.com\/fr\/2019\/03\/des-milliers-de-personnes-manifestent-pour-les-droits-des-femmes-a-berlin\/#breadcrumb","itemListElement":[{"@type":"ListItem","position":1,"name":"Accueil","item":"https:\/\/www.pressenza.com\/fr\/"},{"@type":"ListItem","position":2,"name":"Des milliers de personnes manifestent pour les droits des femmes \u00e0 Berlin"}]},{"@type":"WebSite","@id":"https:\/\/www.pressenza.com\/fr\/#website","url":"https:\/\/www.pressenza.com\/fr\/","name":"Pressenza","description":"International Press Agency","publisher":{"@id":"https:\/\/www.pressenza.com\/fr\/#organization"},"potentialAction":[{"@type":"SearchAction","target":{"@type":"EntryPoint","urlTemplate":"https:\/\/www.pressenza.com\/fr\/?s={search_term_string}"},"query-input":{"@type":"PropertyValueSpecification","valueRequired":true,"valueName":"search_term_string"}}],"inLanguage":"fr-FR"},{"@type":"Organization","@id":"https:\/\/www.pressenza.com\/fr\/#organization","name":"Pressenza","url":"https:\/\/www.pressenza.com\/fr\/","logo":{"@type":"ImageObject","inLanguage":"fr-FR","@id":"https:\/\/www.pressenza.com\/fr\/#\/schema\/logo\/image\/","url":"https:\/\/www.pressenza.com\/wp-content\/uploads\/2022\/10\/pressenza_logo_200x200.jpg","contentUrl":"https:\/\/www.pressenza.com\/wp-content\/uploads\/2022\/10\/pressenza_logo_200x200.jpg","width":200,"height":200,"caption":"Pressenza"},"image":{"@id":"https:\/\/www.pressenza.com\/fr\/#\/schema\/logo\/image\/"},"sameAs":["https:\/\/www.facebook.com\/PressenzaItalia","https:\/\/x.com\/PressenzaIPA"]},{"@type":"Person","@id":"https:\/\/www.pressenza.com\/fr\/#\/schema\/person\/a9ab62fe53243f89da63c55b99759d27","name":"Magaly Navarrete","description":"Gestora Cultural, Fot\u00f3grafa de Pressenza e integrante de la \"Red Arte Transformador\" desarrolla proyectos de \"Arte y No-violencia\", en Latinoam\u00e9rica y Europa, actualmente reside en Berl\u00edn.","url":"https:\/\/www.pressenza.com\/fr\/author\/magaly-navarrete\/"}]}},"place":"Berlin","original_article_url":"","_links":{"self":[{"href":"https:\/\/www.pressenza.com\/fr\/wp-json\/wp\/v2\/posts\/820663","targetHints":{"allow":["GET"]}}],"collection":[{"href":"https:\/\/www.pressenza.com\/fr\/wp-json\/wp\/v2\/posts"}],"about":[{"href":"https:\/\/www.pressenza.com\/fr\/wp-json\/wp\/v2\/types\/post"}],"author":[{"embeddable":true,"href":"https:\/\/www.pressenza.com\/fr\/wp-json\/wp\/v2\/users\/1444"}],"replies":[{"embeddable":true,"href":"https:\/\/www.pressenza.com\/fr\/wp-json\/wp\/v2\/comments?post=820663"}],"version-history":[{"count":0,"href":"https:\/\/www.pressenza.com\/fr\/wp-json\/wp\/v2\/posts\/820663\/revisions"}],"wp:featuredmedia":[{"embeddable":true,"href":"https:\/\/www.pressenza.com\/fr\/wp-json\/wp\/v2\/media\/819622"}],"wp:attachment":[{"href":"https:\/\/www.pressenza.com\/fr\/wp-json\/wp\/v2\/media?parent=820663"}],"wp:term":[{"taxonomy":"category","embeddable":true,"href":"https:\/\/www.pressenza.com\/fr\/wp-json\/wp\/v2\/categories?post=820663"},{"taxonomy":"post_tag","embeddable":true,"href":"https:\/\/www.pressenza.com\/fr\/wp-json\/wp\/v2\/tags?post=820663"}],"curies":[{"name":"wp","href":"https:\/\/api.w.org\/{rel}","templated":true}]}}