{"id":813679,"date":"2019-02-27T12:11:47","date_gmt":"2019-02-27T12:11:47","guid":{"rendered":"https:\/\/www.pressenza.com\/?p=813679"},"modified":"2019-02-27T12:11:47","modified_gmt":"2019-02-27T12:11:47","slug":"lautre-face-de-la-femme-colombienne","status":"publish","type":"post","link":"https:\/\/www.pressenza.com\/fr\/2019\/02\/lautre-face-de-la-femme-colombienne\/","title":{"rendered":"L\u2019autre face de la femme colombienne"},"content":{"rendered":"<p>Par Alicia Mu\u00f1oz<\/p>\n<p>Beaucoup de choses ont \u00e9t\u00e9 dites sur les femmes de notre pays, nous avons une culture qui depuis des d\u00e9cennies a \u00e9t\u00e9 li\u00e9e au narcotrafic, \u00e0 la prostitution, au vol et autres drames sociaux. Pourquoi ne pas parler de ces femmes courageuses et tenaces qui existent aussi\u00a0?<\/p>\n<p>Pendant des ann\u00e9es la Colombie a \u00e9t\u00e9 le centre de critiques dues aux guerres, aux d\u00e9saccords ou aux d\u00e9s\u00e9quilibres sociaux et au fort impact du narcotrafic au niveau mondial, ces faits ont attir\u00e9 l\u2019attention sur les femmes, m\u00eame si l\u2019image que l\u2019on a depuis l\u2019ext\u00e9rieur, ne repr\u00e9sente pas la d\u00e9finition collective que l\u2019on doit avoir de celles-ci. C\u2019est pour \u00e7a, qu\u2019il est important de faire connaitre l\u2019autre face de l\u2019histoire de ce ph\u00e9nom\u00e8ne, afin de comprendre ces femmes courageuses qui se cachent derri\u00e8re les attaques des reproches sociaux.<\/p>\n<p>Au d\u00e9but du XXe si\u00e8cle, dans la majorit\u00e9 des pays latino-am\u00e9ricains, on consid\u00e9rait que la femme \u00e9tait la maitresse du foyer, en plus d\u2019\u00eatre la propri\u00e9t\u00e9 de l\u2019\u00e9poux ou du p\u00e8re lorsque celle-ci \u00e9tait c\u00e9libataire ; cependant les luttes permirent d\u2019obtenir leur \u00e9mancipation et leur ind\u00e9pendance, de nombreuses colombiennes s\u2019organis\u00e8rent pour acqu\u00e9rir des droits tel que le droit au patrimoine, le droit de vote, la possibilit\u00e9 d\u2019obtenir un divorce civil et le droit \u00e0 l\u2019\u00e9ducation, et bien d\u2019autres droits qui chang\u00e8rent leur situation pendant la premi\u00e8re partie du XXe si\u00e8cle. Depuis les ann\u00e9es 70 de multiples mouvements f\u00e9ministes ont surgi qui incit\u00e8rent \u00e0 l\u2019\u00e9galit\u00e9 entre les hommes et les femmes, entre les sexes, les droits \u00e0 la reproduction et l\u2019avortement, le libre arbitre sur le corps, cherchant \u00e0 transcender ce que beaucoup interpr\u00e8tent aujourd\u2019hui comme une haine en vers les hommes, la perte de la f\u00e9minit\u00e9, le \u2019libertinage\u2019 et d\u2019autres concepts qui se trouvent par erreur \u00e0 la racine du terme f\u00e9minisme.<\/p>\n<p>Entre les ann\u00e9es 80 et 90, le trafic de drogues a fait son apparition, p\u00e9riode qui a marqu\u00e9 l&rsquo;histoire de la Colombie, entra\u00eenant la mort d&rsquo;innocents et, en m\u00eame temps, la stigmatisation sociale de la narco-femme. C&rsquo;est un st\u00e9r\u00e9otype avec lequel le monde identifie encore les femmes colombiennes, g\u00e9n\u00e9r\u00e9 par des facteurs tels que l&rsquo;exportation de feuilletons t\u00e9l\u00e9vis\u00e9s au contenu inappropri\u00e9 et aux messages n\u00e9gatifs : les fameuses \u2019mules\u2019 du trafic de stup\u00e9fiants et la croissance de la prostitution dans et hors du pays. Une r\u00e9alit\u00e9 provoqu\u00e9e par la pauvret\u00e9, le manque d&rsquo;opportunit\u00e9s, le d\u00e9s\u00e9quilibre social, le peu d&rsquo;\u00e9ducation, l&rsquo;ambition ou d&rsquo;autres facteurs qui communiquent un prototype erron\u00e9, puisqu&rsquo;il ne s&rsquo;agit que d&rsquo;un petit fragment de 51,4% de la population.<\/p>\n<p>Le pays a travers\u00e9 des moments difficiles qui persistent encore, les cas de violence de genre et les f\u00e9minicides sont constants.<\/p>\n<p>La violence envers les femmes est une r\u00e9alit\u00e9 combattue quotidiennement. Entre 2017 et 2018, environ 1724 cas de f\u00e9minicides et plus de 10 398 cas de violence ont \u00e9t\u00e9 enregistr\u00e9s, chiffres qui d\u00e9montrent le manque de tol\u00e9rance dans notre pays.<\/p>\n<p>Il ne s\u2019agit plus l\u00e0 des vieux stigmas \u00e9norm\u00e9ment incongrus, des prototypes issus d\u2019une soci\u00e9t\u00e9 machiste. Les femmes ne sont la propri\u00e9t\u00e9 de personne, pas plus que le sexe faible, ni ne m\u00e9ritent d\u2019\u00eatre viol\u00e9es ou abus\u00e9es. Nous devrions TOUS \u00eatre f\u00e9ministes.<\/p>\n<p>Malgr\u00e9 tout, les colombiennes sont sorties de leur maisons et ont cess\u00e9 d\u2019\u00eatre seulement class\u00e9es comme maitresses de maison pour commencer \u00e0 d\u00e9montrer ce qu\u2019elles peuvent faire, comme beaucoup le disent, dans \u2019cette soci\u00e9t\u00e9 faite pour les hommes\u2019. Elles affrontent avec courage et t\u00e9nacit\u00e9 ces probl\u00e8mes sociaux d\u2019in\u00e9galit\u00e9, et parviennent \u00e0 acqu\u00e9rir des r\u00f4les importants dans les entreprises, dans la police, dans les minist\u00e8res, des responsabilit\u00e9s publiques, hors du pays elles travaillent dans des domaines dont beaucoup ne les imaginaient m\u00eame pas et aujourd\u2019hui elles nous repr\u00e9sentent.<\/p>\n<p>De plus, nous voulons souligner que pour la premi\u00e8re fois la Colombie a une vice-pr\u00e9sidente et ces derni\u00e8res ann\u00e9es on parvint \u00e0 promulguer de nouvelles lois de protection comme la loi 1257, loi de pr\u00e9vention et de sanction des formes de violence et de discrimination, et la loi 1761 qui p\u00e9nalise jusqu\u2019\u00e0 cinq cents mois de prison pour un f\u00e9minicide, etc. Il reste encore des th\u00e8mes comme l\u2019avortement qui continue d\u2019\u00eatre tabou, on a obtenu sa l\u00e9galisation dans trois cas au moins, la malformation du f\u0153tus, suite \u00e0 viol, et si la grosse est un risque pour la m\u00e8re. Des fondations et des entit\u00e9s comme le R\u00e9seau National des Femmes de Colombie ont \u00e9t\u00e9 cr\u00e9\u00e9es et veillent sur nos droits de plus elles ont des liens avec d\u2019autres organisations qui partagent la m\u00eame vision.<\/p>\n<p>La Colombie a besoin d\u2019\u00e9ducation pour les m\u00e8res, les p\u00e8res les filles et les fils car il est fondamental de g\u00e9n\u00e9rer une conscience sur la libert\u00e9 sociale et spirituelle pour parvenir \u00e0 la soci\u00e9t\u00e9 dont tout le monde r\u00eave. Cette paix qui pendant des ann\u00e9es a \u00e9t\u00e9 confisqu\u00e9e par quelques-uns mais que beaucoup d\u2019autres voulons r\u00e9cup\u00e9rer, c\u2019est pour ce changement que luttent ces femmes fortes et qui racontent leurs dures histoires se convertissant aujourd\u2019hui en exemple pour beaucoup.<\/p>\n<p>Il y a diverses nuances lorsqu\u2019on se r\u00e9f\u00e8re aux colombiennes, c\u2019est pour cela qu\u2019il est important de g\u00e9n\u00e9rer un changement d\u2019image au niveau mondial, laissant de c\u00f4t\u00e9 le stigma social de sa race, de son ethnie ou de sa nationalit\u00e9. Les femmes se dressent pour dire \u00c7A SUFFIT. Nous avons \u00e9t\u00e9 victimes de la violence et la femme colombienne aujourd\u2019hui a le pouvoir de changer cette r\u00e9alit\u00e9 qui nous secoue.<\/p>\n<p>&nbsp;<\/p>\n<p><em>Traduction de l\u2019espagnol, Fran\u00e7ois Giorgi.<\/em><\/p>\n","protected":false},"excerpt":{"rendered":"<p>Par Alicia Mu\u00f1oz Beaucoup de choses ont \u00e9t\u00e9 dites sur les femmes de notre pays, nous avons une culture qui depuis des d\u00e9cennies a \u00e9t\u00e9 li\u00e9e au narcotrafic, \u00e0 la prostitution, au vol et autres drames sociaux. Pourquoi ne pas&hellip;<\/p>\n","protected":false},"author":1053,"featured_media":808670,"comment_status":"closed","ping_status":"closed","sticky":false,"template":"","format":"standard","meta":{"footnotes":""},"categories":[86,11386,54509,163],"tags":[55165,1016,3643],"class_list":["post-813679","post","type-post","status-publish","format-standard","has-post-thumbnail","hentry","category-amerique-du-sud","category-contenu-original","category-genre-et-feminismes","category-opinion-fr","tag-8m-fr","tag-colombie","tag-condition-de-la-femme"],"yoast_head":"<!-- This site is optimized with the Yoast SEO plugin v27.1.1 - https:\/\/yoast.com\/product\/yoast-seo-wordpress\/ -->\n<title>L\u2019autre face de la femme colombienne<\/title>\n<meta name=\"description\" content=\"Par Alicia Mu\u00f1oz Beaucoup de choses ont \u00e9t\u00e9 dites sur les femmes de notre pays, nous avons une culture qui depuis des d\u00e9cennies a \u00e9t\u00e9 li\u00e9e au narcotrafic,\" \/>\n<meta name=\"robots\" content=\"index, follow, max-snippet:-1, max-image-preview:large, max-video-preview:-1\" \/>\n<link rel=\"canonical\" href=\"https:\/\/www.pressenza.com\/fr\/2019\/02\/lautre-face-de-la-femme-colombienne\/\" \/>\n<meta property=\"og:locale\" content=\"fr_FR\" \/>\n<meta property=\"og:type\" content=\"article\" \/>\n<meta property=\"og:title\" content=\"L\u2019autre face de la femme colombienne\" \/>\n<meta property=\"og:description\" content=\"Par Alicia Mu\u00f1oz Beaucoup de choses ont \u00e9t\u00e9 dites sur les femmes de notre pays, nous avons une culture qui depuis des d\u00e9cennies a \u00e9t\u00e9 li\u00e9e au narcotrafic,\" \/>\n<meta property=\"og:url\" content=\"https:\/\/www.pressenza.com\/fr\/2019\/02\/lautre-face-de-la-femme-colombienne\/\" \/>\n<meta property=\"og:site_name\" content=\"Pressenza\" \/>\n<meta property=\"article:publisher\" content=\"https:\/\/www.facebook.com\/PressenzaItalia\" \/>\n<meta property=\"article:published_time\" content=\"2019-02-27T12:11:47+00:00\" \/>\n<meta property=\"og:image\" content=\"https:\/\/www.pressenza.com\/wp-content\/uploads\/2019\/02\/IMG_7699.jpg\" \/>\n\t<meta property=\"og:image:width\" content=\"1506\" \/>\n\t<meta property=\"og:image:height\" content=\"1000\" \/>\n\t<meta property=\"og:image:type\" content=\"image\/jpeg\" \/>\n<meta name=\"author\" content=\"Redacci\u00f3n Colombia\" \/>\n<meta name=\"twitter:card\" content=\"summary_large_image\" \/>\n<meta name=\"twitter:creator\" content=\"@PressenzaIPA\" \/>\n<meta name=\"twitter:site\" content=\"@PressenzaIPA\" \/>\n<meta name=\"twitter:label1\" content=\"\u00c9crit par\" \/>\n\t<meta name=\"twitter:data1\" content=\"Redacci\u00f3n Colombia\" \/>\n\t<meta name=\"twitter:label2\" content=\"Dur\u00e9e de lecture estim\u00e9e\" \/>\n\t<meta name=\"twitter:data2\" content=\"5 minutes\" \/>\n<script type=\"application\/ld+json\" class=\"yoast-schema-graph\">{\"@context\":\"https:\/\/schema.org\",\"@graph\":[{\"@type\":\"Article\",\"@id\":\"https:\/\/www.pressenza.com\/fr\/2019\/02\/lautre-face-de-la-femme-colombienne\/#article\",\"isPartOf\":{\"@id\":\"https:\/\/www.pressenza.com\/fr\/2019\/02\/lautre-face-de-la-femme-colombienne\/\"},\"author\":{\"name\":\"Redacci\u00f3n Colombia\",\"@id\":\"https:\/\/www.pressenza.com\/fr\/#\/schema\/person\/7c8ee170a4502d638436c91e385315f2\"},\"headline\":\"L\u2019autre face de la femme colombienne\",\"datePublished\":\"2019-02-27T12:11:47+00:00\",\"mainEntityOfPage\":{\"@id\":\"https:\/\/www.pressenza.com\/fr\/2019\/02\/lautre-face-de-la-femme-colombienne\/\"},\"wordCount\":1040,\"publisher\":{\"@id\":\"https:\/\/www.pressenza.com\/fr\/#organization\"},\"image\":{\"@id\":\"https:\/\/www.pressenza.com\/fr\/2019\/02\/lautre-face-de-la-femme-colombienne\/#primaryimage\"},\"thumbnailUrl\":\"https:\/\/www.pressenza.com\/wp-content\/uploads\/2019\/02\/IMG_7699.jpg\",\"keywords\":[\"8M\",\"Colombie\",\"condition de la femme\"],\"articleSection\":[\"Am\u00e9rique du Sud\",\"Contenu Original\",\"Genre et f\u00e9minismes\",\"Opinion\"],\"inLanguage\":\"fr-FR\"},{\"@type\":\"WebPage\",\"@id\":\"https:\/\/www.pressenza.com\/fr\/2019\/02\/lautre-face-de-la-femme-colombienne\/\",\"url\":\"https:\/\/www.pressenza.com\/fr\/2019\/02\/lautre-face-de-la-femme-colombienne\/\",\"name\":\"L\u2019autre face de la femme colombienne\",\"isPartOf\":{\"@id\":\"https:\/\/www.pressenza.com\/fr\/#website\"},\"primaryImageOfPage\":{\"@id\":\"https:\/\/www.pressenza.com\/fr\/2019\/02\/lautre-face-de-la-femme-colombienne\/#primaryimage\"},\"image\":{\"@id\":\"https:\/\/www.pressenza.com\/fr\/2019\/02\/lautre-face-de-la-femme-colombienne\/#primaryimage\"},\"thumbnailUrl\":\"https:\/\/www.pressenza.com\/wp-content\/uploads\/2019\/02\/IMG_7699.jpg\",\"datePublished\":\"2019-02-27T12:11:47+00:00\",\"description\":\"Par Alicia Mu\u00f1oz Beaucoup de choses ont \u00e9t\u00e9 dites sur les femmes de notre pays, nous avons une culture qui depuis des d\u00e9cennies a \u00e9t\u00e9 li\u00e9e au narcotrafic,\",\"breadcrumb\":{\"@id\":\"https:\/\/www.pressenza.com\/fr\/2019\/02\/lautre-face-de-la-femme-colombienne\/#breadcrumb\"},\"inLanguage\":\"fr-FR\",\"potentialAction\":[{\"@type\":\"ReadAction\",\"target\":[\"https:\/\/www.pressenza.com\/fr\/2019\/02\/lautre-face-de-la-femme-colombienne\/\"]}]},{\"@type\":\"ImageObject\",\"inLanguage\":\"fr-FR\",\"@id\":\"https:\/\/www.pressenza.com\/fr\/2019\/02\/lautre-face-de-la-femme-colombienne\/#primaryimage\",\"url\":\"https:\/\/www.pressenza.com\/wp-content\/uploads\/2019\/02\/IMG_7699.jpg\",\"contentUrl\":\"https:\/\/www.pressenza.com\/wp-content\/uploads\/2019\/02\/IMG_7699.jpg\",\"width\":1506,\"height\":1000},{\"@type\":\"BreadcrumbList\",\"@id\":\"https:\/\/www.pressenza.com\/fr\/2019\/02\/lautre-face-de-la-femme-colombienne\/#breadcrumb\",\"itemListElement\":[{\"@type\":\"ListItem\",\"position\":1,\"name\":\"Accueil\",\"item\":\"https:\/\/www.pressenza.com\/fr\/\"},{\"@type\":\"ListItem\",\"position\":2,\"name\":\"L\u2019autre face de la femme colombienne\"}]},{\"@type\":\"WebSite\",\"@id\":\"https:\/\/www.pressenza.com\/fr\/#website\",\"url\":\"https:\/\/www.pressenza.com\/fr\/\",\"name\":\"Pressenza\",\"description\":\"International Press Agency\",\"publisher\":{\"@id\":\"https:\/\/www.pressenza.com\/fr\/#organization\"},\"potentialAction\":[{\"@type\":\"SearchAction\",\"target\":{\"@type\":\"EntryPoint\",\"urlTemplate\":\"https:\/\/www.pressenza.com\/fr\/?s={search_term_string}\"},\"query-input\":{\"@type\":\"PropertyValueSpecification\",\"valueRequired\":true,\"valueName\":\"search_term_string\"}}],\"inLanguage\":\"fr-FR\"},{\"@type\":\"Organization\",\"@id\":\"https:\/\/www.pressenza.com\/fr\/#organization\",\"name\":\"Pressenza\",\"url\":\"https:\/\/www.pressenza.com\/fr\/\",\"logo\":{\"@type\":\"ImageObject\",\"inLanguage\":\"fr-FR\",\"@id\":\"https:\/\/www.pressenza.com\/fr\/#\/schema\/logo\/image\/\",\"url\":\"https:\/\/www.pressenza.com\/wp-content\/uploads\/2022\/10\/pressenza_logo_200x200.jpg\",\"contentUrl\":\"https:\/\/www.pressenza.com\/wp-content\/uploads\/2022\/10\/pressenza_logo_200x200.jpg\",\"width\":200,\"height\":200,\"caption\":\"Pressenza\"},\"image\":{\"@id\":\"https:\/\/www.pressenza.com\/fr\/#\/schema\/logo\/image\/\"},\"sameAs\":[\"https:\/\/www.facebook.com\/PressenzaItalia\",\"https:\/\/x.com\/PressenzaIPA\"]},{\"@type\":\"Person\",\"@id\":\"https:\/\/www.pressenza.com\/fr\/#\/schema\/person\/7c8ee170a4502d638436c91e385315f2\",\"name\":\"Redacci\u00f3n Colombia\",\"description\":\"News published by the Pressenza bureau in Colombia\",\"url\":\"https:\/\/www.pressenza.com\/fr\/author\/redaccion-colombia\/\"}]}<\/script>\n<!-- \/ Yoast SEO plugin. -->","yoast_head_json":{"title":"L\u2019autre face de la femme colombienne","description":"Par Alicia Mu\u00f1oz Beaucoup de choses ont \u00e9t\u00e9 dites sur les femmes de notre pays, nous avons une culture qui depuis des d\u00e9cennies a \u00e9t\u00e9 li\u00e9e au narcotrafic,","robots":{"index":"index","follow":"follow","max-snippet":"max-snippet:-1","max-image-preview":"max-image-preview:large","max-video-preview":"max-video-preview:-1"},"canonical":"https:\/\/www.pressenza.com\/fr\/2019\/02\/lautre-face-de-la-femme-colombienne\/","og_locale":"fr_FR","og_type":"article","og_title":"L\u2019autre face de la femme colombienne","og_description":"Par Alicia Mu\u00f1oz Beaucoup de choses ont \u00e9t\u00e9 dites sur les femmes de notre pays, nous avons une culture qui depuis des d\u00e9cennies a \u00e9t\u00e9 li\u00e9e au narcotrafic,","og_url":"https:\/\/www.pressenza.com\/fr\/2019\/02\/lautre-face-de-la-femme-colombienne\/","og_site_name":"Pressenza","article_publisher":"https:\/\/www.facebook.com\/PressenzaItalia","article_published_time":"2019-02-27T12:11:47+00:00","og_image":[{"width":1506,"height":1000,"url":"https:\/\/www.pressenza.com\/wp-content\/uploads\/2019\/02\/IMG_7699.jpg","type":"image\/jpeg"}],"author":"Redacci\u00f3n Colombia","twitter_card":"summary_large_image","twitter_creator":"@PressenzaIPA","twitter_site":"@PressenzaIPA","twitter_misc":{"\u00c9crit par":"Redacci\u00f3n Colombia","Dur\u00e9e de lecture estim\u00e9e":"5 minutes"},"schema":{"@context":"https:\/\/schema.org","@graph":[{"@type":"Article","@id":"https:\/\/www.pressenza.com\/fr\/2019\/02\/lautre-face-de-la-femme-colombienne\/#article","isPartOf":{"@id":"https:\/\/www.pressenza.com\/fr\/2019\/02\/lautre-face-de-la-femme-colombienne\/"},"author":{"name":"Redacci\u00f3n Colombia","@id":"https:\/\/www.pressenza.com\/fr\/#\/schema\/person\/7c8ee170a4502d638436c91e385315f2"},"headline":"L\u2019autre face de la femme colombienne","datePublished":"2019-02-27T12:11:47+00:00","mainEntityOfPage":{"@id":"https:\/\/www.pressenza.com\/fr\/2019\/02\/lautre-face-de-la-femme-colombienne\/"},"wordCount":1040,"publisher":{"@id":"https:\/\/www.pressenza.com\/fr\/#organization"},"image":{"@id":"https:\/\/www.pressenza.com\/fr\/2019\/02\/lautre-face-de-la-femme-colombienne\/#primaryimage"},"thumbnailUrl":"https:\/\/www.pressenza.com\/wp-content\/uploads\/2019\/02\/IMG_7699.jpg","keywords":["8M","Colombie","condition de la femme"],"articleSection":["Am\u00e9rique du Sud","Contenu Original","Genre et f\u00e9minismes","Opinion"],"inLanguage":"fr-FR"},{"@type":"WebPage","@id":"https:\/\/www.pressenza.com\/fr\/2019\/02\/lautre-face-de-la-femme-colombienne\/","url":"https:\/\/www.pressenza.com\/fr\/2019\/02\/lautre-face-de-la-femme-colombienne\/","name":"L\u2019autre face de la femme colombienne","isPartOf":{"@id":"https:\/\/www.pressenza.com\/fr\/#website"},"primaryImageOfPage":{"@id":"https:\/\/www.pressenza.com\/fr\/2019\/02\/lautre-face-de-la-femme-colombienne\/#primaryimage"},"image":{"@id":"https:\/\/www.pressenza.com\/fr\/2019\/02\/lautre-face-de-la-femme-colombienne\/#primaryimage"},"thumbnailUrl":"https:\/\/www.pressenza.com\/wp-content\/uploads\/2019\/02\/IMG_7699.jpg","datePublished":"2019-02-27T12:11:47+00:00","description":"Par Alicia Mu\u00f1oz Beaucoup de choses ont \u00e9t\u00e9 dites sur les femmes de notre pays, nous avons une culture qui depuis des d\u00e9cennies a \u00e9t\u00e9 li\u00e9e au narcotrafic,","breadcrumb":{"@id":"https:\/\/www.pressenza.com\/fr\/2019\/02\/lautre-face-de-la-femme-colombienne\/#breadcrumb"},"inLanguage":"fr-FR","potentialAction":[{"@type":"ReadAction","target":["https:\/\/www.pressenza.com\/fr\/2019\/02\/lautre-face-de-la-femme-colombienne\/"]}]},{"@type":"ImageObject","inLanguage":"fr-FR","@id":"https:\/\/www.pressenza.com\/fr\/2019\/02\/lautre-face-de-la-femme-colombienne\/#primaryimage","url":"https:\/\/www.pressenza.com\/wp-content\/uploads\/2019\/02\/IMG_7699.jpg","contentUrl":"https:\/\/www.pressenza.com\/wp-content\/uploads\/2019\/02\/IMG_7699.jpg","width":1506,"height":1000},{"@type":"BreadcrumbList","@id":"https:\/\/www.pressenza.com\/fr\/2019\/02\/lautre-face-de-la-femme-colombienne\/#breadcrumb","itemListElement":[{"@type":"ListItem","position":1,"name":"Accueil","item":"https:\/\/www.pressenza.com\/fr\/"},{"@type":"ListItem","position":2,"name":"L\u2019autre face de la femme colombienne"}]},{"@type":"WebSite","@id":"https:\/\/www.pressenza.com\/fr\/#website","url":"https:\/\/www.pressenza.com\/fr\/","name":"Pressenza","description":"International Press Agency","publisher":{"@id":"https:\/\/www.pressenza.com\/fr\/#organization"},"potentialAction":[{"@type":"SearchAction","target":{"@type":"EntryPoint","urlTemplate":"https:\/\/www.pressenza.com\/fr\/?s={search_term_string}"},"query-input":{"@type":"PropertyValueSpecification","valueRequired":true,"valueName":"search_term_string"}}],"inLanguage":"fr-FR"},{"@type":"Organization","@id":"https:\/\/www.pressenza.com\/fr\/#organization","name":"Pressenza","url":"https:\/\/www.pressenza.com\/fr\/","logo":{"@type":"ImageObject","inLanguage":"fr-FR","@id":"https:\/\/www.pressenza.com\/fr\/#\/schema\/logo\/image\/","url":"https:\/\/www.pressenza.com\/wp-content\/uploads\/2022\/10\/pressenza_logo_200x200.jpg","contentUrl":"https:\/\/www.pressenza.com\/wp-content\/uploads\/2022\/10\/pressenza_logo_200x200.jpg","width":200,"height":200,"caption":"Pressenza"},"image":{"@id":"https:\/\/www.pressenza.com\/fr\/#\/schema\/logo\/image\/"},"sameAs":["https:\/\/www.facebook.com\/PressenzaItalia","https:\/\/x.com\/PressenzaIPA"]},{"@type":"Person","@id":"https:\/\/www.pressenza.com\/fr\/#\/schema\/person\/7c8ee170a4502d638436c91e385315f2","name":"Redacci\u00f3n Colombia","description":"News published by the Pressenza bureau in Colombia","url":"https:\/\/www.pressenza.com\/fr\/author\/redaccion-colombia\/"}]}},"place":"Bogota, Colombie","original_article_url":"","_links":{"self":[{"href":"https:\/\/www.pressenza.com\/fr\/wp-json\/wp\/v2\/posts\/813679","targetHints":{"allow":["GET"]}}],"collection":[{"href":"https:\/\/www.pressenza.com\/fr\/wp-json\/wp\/v2\/posts"}],"about":[{"href":"https:\/\/www.pressenza.com\/fr\/wp-json\/wp\/v2\/types\/post"}],"author":[{"embeddable":true,"href":"https:\/\/www.pressenza.com\/fr\/wp-json\/wp\/v2\/users\/1053"}],"replies":[{"embeddable":true,"href":"https:\/\/www.pressenza.com\/fr\/wp-json\/wp\/v2\/comments?post=813679"}],"version-history":[{"count":0,"href":"https:\/\/www.pressenza.com\/fr\/wp-json\/wp\/v2\/posts\/813679\/revisions"}],"wp:featuredmedia":[{"embeddable":true,"href":"https:\/\/www.pressenza.com\/fr\/wp-json\/wp\/v2\/media\/808670"}],"wp:attachment":[{"href":"https:\/\/www.pressenza.com\/fr\/wp-json\/wp\/v2\/media?parent=813679"}],"wp:term":[{"taxonomy":"category","embeddable":true,"href":"https:\/\/www.pressenza.com\/fr\/wp-json\/wp\/v2\/categories?post=813679"},{"taxonomy":"post_tag","embeddable":true,"href":"https:\/\/www.pressenza.com\/fr\/wp-json\/wp\/v2\/tags?post=813679"}],"curies":[{"name":"wp","href":"https:\/\/api.w.org\/{rel}","templated":true}]}}