{"id":80684,"date":"2013-12-13T05:59:13","date_gmt":"2013-12-13T05:59:13","guid":{"rendered":"http:\/\/www.pressenza.com\/?p=80684"},"modified":"2013-12-13T09:43:45","modified_gmt":"2013-12-13T09:43:45","slug":"birmanie-liberation-dautres-41-prisonniers-politiques","status":"publish","type":"post","link":"https:\/\/www.pressenza.com\/fr\/2013\/12\/birmanie-liberation-dautres-41-prisonniers-politiques\/","title":{"rendered":"Birmanie : Lib\u00e9ration d&rsquo;autres 41 prisonniers politiques"},"content":{"rendered":"<p>Quarante et un prisonniers ont \u00e9t\u00e9 lib\u00e9r\u00e9s ce mercredi des prisons birmanes dans le cadre d\u2019une amnistie du pr\u00e9sident Thein Sein. Il s\u2019agit de la seconde amnistie accord\u00e9e en un mois, apr\u00e8s la d\u00e9sincarc\u00e9ration le 15 novembre dernier de 69 autres prisonniers. Une course contre la montre pour le pr\u00e9sident qui doit tenir sa promesse \u00e0 la communaut\u00e9 internationale pour parvenir \u00e0 vider d\u2019ici la fin de l\u2019ann\u00e9e les prisons du Myanmar de tous les d\u00e9tenus qui y ont \u00e9t\u00e9 enferm\u00e9s pour des raisons de conscience ou d\u2019opposition au r\u00e9gime militaire ayant pr\u00e9c\u00e9d\u00e9 l\u2019av\u00e8nement au pouvoir du r\u00e9formiste Thein Sein il y a deux ans. Deux cents autres d\u00e9tenus pourraient \u00eatre lib\u00e9r\u00e9s dans les semaines \u00e0 venir.<\/p>\n<p>Dans l\u2019ensemble, pr\u00e8s de 30.000 prisonniers ont \u00e9t\u00e9 lib\u00e9r\u00e9s depuis mars 2011, des d\u00e9tenus de droit commun pour la plupart, mais \u00e9galement peut-\u00eatre jusqu\u2019\u00e0 2000 prisonniers politiques. Pour acc\u00e9l\u00e9rer leur lib\u00e9ration, le comit\u00e9 pour l\u2019examen des prisonniers de conscience restants a \u00e9t\u00e9 r\u00e9form\u00e9 en mai dernier.<\/p>\n<p>T\u00e9moignant de l\u2019intention du gouvernement d\u2019intervenir encore plus concr\u00e8tement pour r\u00e9soudre des questions en suspens et prot\u00e9ger les droits des Birmans et des minorit\u00e9s, la Commission nationale des droits de l\u2019homme a indiqu\u00e9 ce mercredi qu\u2019elle \u00e9tait parvenue pendant l\u2019ann\u00e9e \u00e0 visiter plusieurs r\u00e9gions du pays concern\u00e9es par des conflits ou des \u00e9pisodes de violence.<\/p>\n<p>Au nombre de ces r\u00e9gions, celles de Mandalay et de Yangon, l\u2019\u00c9tat du Shan et celui de Rakhine, o\u00f9 les musulmans de l\u2019ethnie Rohingya sont soumis \u00e0 des pers\u00e9cutions depuis plus d\u2019un an, les prisons dans les \u00c9tats de Mon et de Kayin. De nombreuses activit\u00e9s pour promouvoir les droits de l\u2019homme ont \u00e9t\u00e9 mises en place avec des s\u00e9minaires dans tout le pays. Pr\u00e8s de 1600 cas d\u00e9nonc\u00e9s d\u2019abus ont \u00e9t\u00e9 pris en examen au cours de 10 premiers mois de l\u2019ann\u00e9e, dont 1200 ont \u00e9t\u00e9 renvoy\u00e9s au gouvernement pour d\u2019autres v\u00e9rifications et pour des actions concr\u00e8tes.<\/p>\n<p>Source :\u00a0<a href=\"http:\/\/www.misna.org\/fr\/justice-et-droits-de-lhomme\/acceleration-de-la-desincarceration-des-prisonniers-politiques-11-12-2013-813.html\">http:\/\/www.misna.org\/fr\/justice-et-droits-de-lhomme\/acceleration-de-la-desincarceration-des-prisonniers-politiques-11-12-2013-813.html<\/a><\/p>\n","protected":false},"excerpt":{"rendered":"<p>Quarante et un prisonniers ont \u00e9t\u00e9 lib\u00e9r\u00e9s ce mercredi des prisons birmanes dans le cadre d\u2019une amnistie du pr\u00e9sident Thein Sein. Il s\u2019agit de la seconde amnistie accord\u00e9e en un mois, apr\u00e8s la d\u00e9sincarc\u00e9ration le 15 novembre dernier de 69&hellip;<\/p>\n","protected":false},"author":580,"featured_media":80701,"comment_status":"closed","ping_status":"open","sticky":false,"template":"","format":"standard","meta":{"footnotes":""},"categories":[84,98,40,93],"tags":[2862,7301],"class_list":["post-80684","post","type-post","status-publish","format-standard","has-post-thumbnail","hentry","category-asia-fr","category-droits-de-lhomme","category-international-fr","category-politique","tag-birmanie","tag-prisonnier-politique"],"yoast_head":"<!-- This site is optimized with the Yoast SEO plugin v27.1.1 - https:\/\/yoast.com\/product\/yoast-seo-wordpress\/ -->\n<title>Birmanie : Lib\u00e9ration d&#039;autres 41 prisonniers politiques<\/title>\n<meta name=\"description\" content=\"Quarante et un prisonniers ont \u00e9t\u00e9 lib\u00e9r\u00e9s ce mercredi des prisons birmanes dans le cadre d\u2019une amnistie du pr\u00e9sident Thein Sein. Il s\u2019agit de la seconde\" \/>\n<meta name=\"robots\" content=\"index, follow, max-snippet:-1, max-image-preview:large, max-video-preview:-1\" \/>\n<link rel=\"canonical\" href=\"https:\/\/www.pressenza.com\/fr\/2013\/12\/birmanie-liberation-dautres-41-prisonniers-politiques\/\" \/>\n<meta property=\"og:locale\" content=\"fr_FR\" \/>\n<meta property=\"og:type\" content=\"article\" \/>\n<meta property=\"og:title\" content=\"Birmanie : Lib\u00e9ration d&#039;autres 41 prisonniers politiques\" \/>\n<meta property=\"og:description\" content=\"Quarante et un prisonniers ont \u00e9t\u00e9 lib\u00e9r\u00e9s ce mercredi des prisons birmanes dans le cadre d\u2019une amnistie du pr\u00e9sident Thein Sein. Il s\u2019agit de la seconde\" \/>\n<meta property=\"og:url\" content=\"https:\/\/www.pressenza.com\/fr\/2013\/12\/birmanie-liberation-dautres-41-prisonniers-politiques\/\" \/>\n<meta property=\"og:site_name\" content=\"Pressenza\" \/>\n<meta property=\"article:publisher\" content=\"https:\/\/www.facebook.com\/PressenzaItalia\" \/>\n<meta property=\"article:published_time\" content=\"2013-12-13T05:59:13+00:00\" \/>\n<meta property=\"article:modified_time\" content=\"2013-12-13T09:43:45+00:00\" \/>\n<meta property=\"og:image\" content=\"https:\/\/www.pressenza.com\/wp-content\/uploads\/2013\/12\/Birmanie_-Lib\u00e9ration-dautres-41-prisonniers-politiques-Myanmar_in_its_region.svg_.png\" \/>\n\t<meta property=\"og:image:width\" content=\"686\" \/>\n\t<meta property=\"og:image:height\" content=\"379\" \/>\n\t<meta property=\"og:image:type\" content=\"image\/png\" \/>\n<meta name=\"author\" content=\"MISNA Missionary International Service News Agency\" \/>\n<meta name=\"twitter:card\" content=\"summary_large_image\" \/>\n<meta name=\"twitter:creator\" content=\"@PressenzaIPA\" \/>\n<meta name=\"twitter:site\" content=\"@PressenzaIPA\" \/>\n<meta name=\"twitter:label1\" content=\"\u00c9crit par\" \/>\n\t<meta name=\"twitter:data1\" content=\"MISNA Missionary International Service News Agency\" \/>\n\t<meta name=\"twitter:label2\" content=\"Dur\u00e9e de lecture estim\u00e9e\" \/>\n\t<meta name=\"twitter:data2\" content=\"2 minutes\" \/>\n<script type=\"application\/ld+json\" class=\"yoast-schema-graph\">{\"@context\":\"https:\/\/schema.org\",\"@graph\":[{\"@type\":\"Article\",\"@id\":\"https:\/\/www.pressenza.com\/fr\/2013\/12\/birmanie-liberation-dautres-41-prisonniers-politiques\/#article\",\"isPartOf\":{\"@id\":\"https:\/\/www.pressenza.com\/fr\/2013\/12\/birmanie-liberation-dautres-41-prisonniers-politiques\/\"},\"author\":{\"name\":\"MISNA Missionary International Service News Agency\",\"@id\":\"https:\/\/www.pressenza.com\/fr\/#\/schema\/person\/a05953ce4428948e6c771c047027fecc\"},\"headline\":\"Birmanie : Lib\u00e9ration d&rsquo;autres 41 prisonniers politiques\",\"datePublished\":\"2013-12-13T05:59:13+00:00\",\"dateModified\":\"2013-12-13T09:43:45+00:00\",\"mainEntityOfPage\":{\"@id\":\"https:\/\/www.pressenza.com\/fr\/2013\/12\/birmanie-liberation-dautres-41-prisonniers-politiques\/\"},\"wordCount\":389,\"publisher\":{\"@id\":\"https:\/\/www.pressenza.com\/fr\/#organization\"},\"image\":{\"@id\":\"https:\/\/www.pressenza.com\/fr\/2013\/12\/birmanie-liberation-dautres-41-prisonniers-politiques\/#primaryimage\"},\"thumbnailUrl\":\"https:\/\/www.pressenza.com\/wp-content\/uploads\/2013\/12\/Birmanie_-Lib\u00e9ration-dautres-41-prisonniers-politiques-Myanmar_in_its_region.svg_.png\",\"keywords\":[\"Birmanie\",\"prisonnier politique\"],\"articleSection\":[\"Asie\",\"Droits humains\",\"International\",\"Politique\"],\"inLanguage\":\"fr-FR\"},{\"@type\":\"WebPage\",\"@id\":\"https:\/\/www.pressenza.com\/fr\/2013\/12\/birmanie-liberation-dautres-41-prisonniers-politiques\/\",\"url\":\"https:\/\/www.pressenza.com\/fr\/2013\/12\/birmanie-liberation-dautres-41-prisonniers-politiques\/\",\"name\":\"Birmanie : Lib\u00e9ration d'autres 41 prisonniers politiques\",\"isPartOf\":{\"@id\":\"https:\/\/www.pressenza.com\/fr\/#website\"},\"primaryImageOfPage\":{\"@id\":\"https:\/\/www.pressenza.com\/fr\/2013\/12\/birmanie-liberation-dautres-41-prisonniers-politiques\/#primaryimage\"},\"image\":{\"@id\":\"https:\/\/www.pressenza.com\/fr\/2013\/12\/birmanie-liberation-dautres-41-prisonniers-politiques\/#primaryimage\"},\"thumbnailUrl\":\"https:\/\/www.pressenza.com\/wp-content\/uploads\/2013\/12\/Birmanie_-Lib\u00e9ration-dautres-41-prisonniers-politiques-Myanmar_in_its_region.svg_.png\",\"datePublished\":\"2013-12-13T05:59:13+00:00\",\"dateModified\":\"2013-12-13T09:43:45+00:00\",\"description\":\"Quarante et un prisonniers ont \u00e9t\u00e9 lib\u00e9r\u00e9s ce mercredi des prisons birmanes dans le cadre d\u2019une amnistie du pr\u00e9sident Thein Sein. Il s\u2019agit de la seconde\",\"breadcrumb\":{\"@id\":\"https:\/\/www.pressenza.com\/fr\/2013\/12\/birmanie-liberation-dautres-41-prisonniers-politiques\/#breadcrumb\"},\"inLanguage\":\"fr-FR\",\"potentialAction\":[{\"@type\":\"ReadAction\",\"target\":[\"https:\/\/www.pressenza.com\/fr\/2013\/12\/birmanie-liberation-dautres-41-prisonniers-politiques\/\"]}]},{\"@type\":\"ImageObject\",\"inLanguage\":\"fr-FR\",\"@id\":\"https:\/\/www.pressenza.com\/fr\/2013\/12\/birmanie-liberation-dautres-41-prisonniers-politiques\/#primaryimage\",\"url\":\"https:\/\/www.pressenza.com\/wp-content\/uploads\/2013\/12\/Birmanie_-Lib\u00e9ration-dautres-41-prisonniers-politiques-Myanmar_in_its_region.svg_.png\",\"contentUrl\":\"https:\/\/www.pressenza.com\/wp-content\/uploads\/2013\/12\/Birmanie_-Lib\u00e9ration-dautres-41-prisonniers-politiques-Myanmar_in_its_region.svg_.png\",\"width\":686,\"height\":379},{\"@type\":\"BreadcrumbList\",\"@id\":\"https:\/\/www.pressenza.com\/fr\/2013\/12\/birmanie-liberation-dautres-41-prisonniers-politiques\/#breadcrumb\",\"itemListElement\":[{\"@type\":\"ListItem\",\"position\":1,\"name\":\"Accueil\",\"item\":\"https:\/\/www.pressenza.com\/fr\/\"},{\"@type\":\"ListItem\",\"position\":2,\"name\":\"Birmanie : Lib\u00e9ration d&rsquo;autres 41 prisonniers politiques\"}]},{\"@type\":\"WebSite\",\"@id\":\"https:\/\/www.pressenza.com\/fr\/#website\",\"url\":\"https:\/\/www.pressenza.com\/fr\/\",\"name\":\"Pressenza\",\"description\":\"International Press Agency\",\"publisher\":{\"@id\":\"https:\/\/www.pressenza.com\/fr\/#organization\"},\"potentialAction\":[{\"@type\":\"SearchAction\",\"target\":{\"@type\":\"EntryPoint\",\"urlTemplate\":\"https:\/\/www.pressenza.com\/fr\/?s={search_term_string}\"},\"query-input\":{\"@type\":\"PropertyValueSpecification\",\"valueRequired\":true,\"valueName\":\"search_term_string\"}}],\"inLanguage\":\"fr-FR\"},{\"@type\":\"Organization\",\"@id\":\"https:\/\/www.pressenza.com\/fr\/#organization\",\"name\":\"Pressenza\",\"url\":\"https:\/\/www.pressenza.com\/fr\/\",\"logo\":{\"@type\":\"ImageObject\",\"inLanguage\":\"fr-FR\",\"@id\":\"https:\/\/www.pressenza.com\/fr\/#\/schema\/logo\/image\/\",\"url\":\"https:\/\/www.pressenza.com\/wp-content\/uploads\/2022\/10\/pressenza_logo_200x200.jpg\",\"contentUrl\":\"https:\/\/www.pressenza.com\/wp-content\/uploads\/2022\/10\/pressenza_logo_200x200.jpg\",\"width\":200,\"height\":200,\"caption\":\"Pressenza\"},\"image\":{\"@id\":\"https:\/\/www.pressenza.com\/fr\/#\/schema\/logo\/image\/\"},\"sameAs\":[\"https:\/\/www.facebook.com\/PressenzaItalia\",\"https:\/\/x.com\/PressenzaIPA\"]},{\"@type\":\"Person\",\"@id\":\"https:\/\/www.pressenza.com\/fr\/#\/schema\/person\/a05953ce4428948e6c771c047027fecc\",\"name\":\"MISNA Missionary International Service News Agency\",\"description\":\"www.misna.org\",\"url\":\"https:\/\/www.pressenza.com\/fr\/author\/misna\/\"}]}<\/script>\n<!-- \/ Yoast SEO plugin. -->","yoast_head_json":{"title":"Birmanie : Lib\u00e9ration d'autres 41 prisonniers politiques","description":"Quarante et un prisonniers ont \u00e9t\u00e9 lib\u00e9r\u00e9s ce mercredi des prisons birmanes dans le cadre d\u2019une amnistie du pr\u00e9sident Thein Sein. Il s\u2019agit de la seconde","robots":{"index":"index","follow":"follow","max-snippet":"max-snippet:-1","max-image-preview":"max-image-preview:large","max-video-preview":"max-video-preview:-1"},"canonical":"https:\/\/www.pressenza.com\/fr\/2013\/12\/birmanie-liberation-dautres-41-prisonniers-politiques\/","og_locale":"fr_FR","og_type":"article","og_title":"Birmanie : Lib\u00e9ration d'autres 41 prisonniers politiques","og_description":"Quarante et un prisonniers ont \u00e9t\u00e9 lib\u00e9r\u00e9s ce mercredi des prisons birmanes dans le cadre d\u2019une amnistie du pr\u00e9sident Thein Sein. Il s\u2019agit de la seconde","og_url":"https:\/\/www.pressenza.com\/fr\/2013\/12\/birmanie-liberation-dautres-41-prisonniers-politiques\/","og_site_name":"Pressenza","article_publisher":"https:\/\/www.facebook.com\/PressenzaItalia","article_published_time":"2013-12-13T05:59:13+00:00","article_modified_time":"2013-12-13T09:43:45+00:00","og_image":[{"width":686,"height":379,"url":"https:\/\/www.pressenza.com\/wp-content\/uploads\/2013\/12\/Birmanie_-Lib\u00e9ration-dautres-41-prisonniers-politiques-Myanmar_in_its_region.svg_.png","type":"image\/png"}],"author":"MISNA Missionary International Service News Agency","twitter_card":"summary_large_image","twitter_creator":"@PressenzaIPA","twitter_site":"@PressenzaIPA","twitter_misc":{"\u00c9crit par":"MISNA Missionary International Service News Agency","Dur\u00e9e de lecture estim\u00e9e":"2 minutes"},"schema":{"@context":"https:\/\/schema.org","@graph":[{"@type":"Article","@id":"https:\/\/www.pressenza.com\/fr\/2013\/12\/birmanie-liberation-dautres-41-prisonniers-politiques\/#article","isPartOf":{"@id":"https:\/\/www.pressenza.com\/fr\/2013\/12\/birmanie-liberation-dautres-41-prisonniers-politiques\/"},"author":{"name":"MISNA Missionary International Service News Agency","@id":"https:\/\/www.pressenza.com\/fr\/#\/schema\/person\/a05953ce4428948e6c771c047027fecc"},"headline":"Birmanie : Lib\u00e9ration d&rsquo;autres 41 prisonniers politiques","datePublished":"2013-12-13T05:59:13+00:00","dateModified":"2013-12-13T09:43:45+00:00","mainEntityOfPage":{"@id":"https:\/\/www.pressenza.com\/fr\/2013\/12\/birmanie-liberation-dautres-41-prisonniers-politiques\/"},"wordCount":389,"publisher":{"@id":"https:\/\/www.pressenza.com\/fr\/#organization"},"image":{"@id":"https:\/\/www.pressenza.com\/fr\/2013\/12\/birmanie-liberation-dautres-41-prisonniers-politiques\/#primaryimage"},"thumbnailUrl":"https:\/\/www.pressenza.com\/wp-content\/uploads\/2013\/12\/Birmanie_-Lib\u00e9ration-dautres-41-prisonniers-politiques-Myanmar_in_its_region.svg_.png","keywords":["Birmanie","prisonnier politique"],"articleSection":["Asie","Droits humains","International","Politique"],"inLanguage":"fr-FR"},{"@type":"WebPage","@id":"https:\/\/www.pressenza.com\/fr\/2013\/12\/birmanie-liberation-dautres-41-prisonniers-politiques\/","url":"https:\/\/www.pressenza.com\/fr\/2013\/12\/birmanie-liberation-dautres-41-prisonniers-politiques\/","name":"Birmanie : Lib\u00e9ration d'autres 41 prisonniers politiques","isPartOf":{"@id":"https:\/\/www.pressenza.com\/fr\/#website"},"primaryImageOfPage":{"@id":"https:\/\/www.pressenza.com\/fr\/2013\/12\/birmanie-liberation-dautres-41-prisonniers-politiques\/#primaryimage"},"image":{"@id":"https:\/\/www.pressenza.com\/fr\/2013\/12\/birmanie-liberation-dautres-41-prisonniers-politiques\/#primaryimage"},"thumbnailUrl":"https:\/\/www.pressenza.com\/wp-content\/uploads\/2013\/12\/Birmanie_-Lib\u00e9ration-dautres-41-prisonniers-politiques-Myanmar_in_its_region.svg_.png","datePublished":"2013-12-13T05:59:13+00:00","dateModified":"2013-12-13T09:43:45+00:00","description":"Quarante et un prisonniers ont \u00e9t\u00e9 lib\u00e9r\u00e9s ce mercredi des prisons birmanes dans le cadre d\u2019une amnistie du pr\u00e9sident Thein Sein. Il s\u2019agit de la seconde","breadcrumb":{"@id":"https:\/\/www.pressenza.com\/fr\/2013\/12\/birmanie-liberation-dautres-41-prisonniers-politiques\/#breadcrumb"},"inLanguage":"fr-FR","potentialAction":[{"@type":"ReadAction","target":["https:\/\/www.pressenza.com\/fr\/2013\/12\/birmanie-liberation-dautres-41-prisonniers-politiques\/"]}]},{"@type":"ImageObject","inLanguage":"fr-FR","@id":"https:\/\/www.pressenza.com\/fr\/2013\/12\/birmanie-liberation-dautres-41-prisonniers-politiques\/#primaryimage","url":"https:\/\/www.pressenza.com\/wp-content\/uploads\/2013\/12\/Birmanie_-Lib\u00e9ration-dautres-41-prisonniers-politiques-Myanmar_in_its_region.svg_.png","contentUrl":"https:\/\/www.pressenza.com\/wp-content\/uploads\/2013\/12\/Birmanie_-Lib\u00e9ration-dautres-41-prisonniers-politiques-Myanmar_in_its_region.svg_.png","width":686,"height":379},{"@type":"BreadcrumbList","@id":"https:\/\/www.pressenza.com\/fr\/2013\/12\/birmanie-liberation-dautres-41-prisonniers-politiques\/#breadcrumb","itemListElement":[{"@type":"ListItem","position":1,"name":"Accueil","item":"https:\/\/www.pressenza.com\/fr\/"},{"@type":"ListItem","position":2,"name":"Birmanie : Lib\u00e9ration d&rsquo;autres 41 prisonniers politiques"}]},{"@type":"WebSite","@id":"https:\/\/www.pressenza.com\/fr\/#website","url":"https:\/\/www.pressenza.com\/fr\/","name":"Pressenza","description":"International Press Agency","publisher":{"@id":"https:\/\/www.pressenza.com\/fr\/#organization"},"potentialAction":[{"@type":"SearchAction","target":{"@type":"EntryPoint","urlTemplate":"https:\/\/www.pressenza.com\/fr\/?s={search_term_string}"},"query-input":{"@type":"PropertyValueSpecification","valueRequired":true,"valueName":"search_term_string"}}],"inLanguage":"fr-FR"},{"@type":"Organization","@id":"https:\/\/www.pressenza.com\/fr\/#organization","name":"Pressenza","url":"https:\/\/www.pressenza.com\/fr\/","logo":{"@type":"ImageObject","inLanguage":"fr-FR","@id":"https:\/\/www.pressenza.com\/fr\/#\/schema\/logo\/image\/","url":"https:\/\/www.pressenza.com\/wp-content\/uploads\/2022\/10\/pressenza_logo_200x200.jpg","contentUrl":"https:\/\/www.pressenza.com\/wp-content\/uploads\/2022\/10\/pressenza_logo_200x200.jpg","width":200,"height":200,"caption":"Pressenza"},"image":{"@id":"https:\/\/www.pressenza.com\/fr\/#\/schema\/logo\/image\/"},"sameAs":["https:\/\/www.facebook.com\/PressenzaItalia","https:\/\/x.com\/PressenzaIPA"]},{"@type":"Person","@id":"https:\/\/www.pressenza.com\/fr\/#\/schema\/person\/a05953ce4428948e6c771c047027fecc","name":"MISNA Missionary International Service News Agency","description":"www.misna.org","url":"https:\/\/www.pressenza.com\/fr\/author\/misna\/"}]}},"place":"","original_article_url":"","_links":{"self":[{"href":"https:\/\/www.pressenza.com\/fr\/wp-json\/wp\/v2\/posts\/80684","targetHints":{"allow":["GET"]}}],"collection":[{"href":"https:\/\/www.pressenza.com\/fr\/wp-json\/wp\/v2\/posts"}],"about":[{"href":"https:\/\/www.pressenza.com\/fr\/wp-json\/wp\/v2\/types\/post"}],"author":[{"embeddable":true,"href":"https:\/\/www.pressenza.com\/fr\/wp-json\/wp\/v2\/users\/580"}],"replies":[{"embeddable":true,"href":"https:\/\/www.pressenza.com\/fr\/wp-json\/wp\/v2\/comments?post=80684"}],"version-history":[{"count":0,"href":"https:\/\/www.pressenza.com\/fr\/wp-json\/wp\/v2\/posts\/80684\/revisions"}],"wp:featuredmedia":[{"embeddable":true,"href":"https:\/\/www.pressenza.com\/fr\/wp-json\/wp\/v2\/media\/80701"}],"wp:attachment":[{"href":"https:\/\/www.pressenza.com\/fr\/wp-json\/wp\/v2\/media?parent=80684"}],"wp:term":[{"taxonomy":"category","embeddable":true,"href":"https:\/\/www.pressenza.com\/fr\/wp-json\/wp\/v2\/categories?post=80684"},{"taxonomy":"post_tag","embeddable":true,"href":"https:\/\/www.pressenza.com\/fr\/wp-json\/wp\/v2\/tags?post=80684"}],"curies":[{"name":"wp","href":"https:\/\/api.w.org\/{rel}","templated":true}]}}