{"id":803780,"date":"2019-02-08T10:01:35","date_gmt":"2019-02-08T10:01:35","guid":{"rendered":"https:\/\/www.pressenza.com\/?p=803780"},"modified":"2019-02-08T10:02:25","modified_gmt":"2019-02-08T10:02:25","slug":"le-president-maduro-a-appele-au-dialogue-a-la-paix-et-au-respect-de-la-souverainete-du-venezuela","status":"publish","type":"post","link":"https:\/\/www.pressenza.com\/fr\/2019\/02\/le-president-maduro-a-appele-au-dialogue-a-la-paix-et-au-respect-de-la-souverainete-du-venezuela\/","title":{"rendered":"Le Pr\u00e9sident Maduro a appel\u00e9 au dialogue, \u00e0 la paix et au respect de la souverainet\u00e9 du Venezuela"},"content":{"rendered":"<p>Au si\u00e8ge du Minist\u00e8re des affaires \u00e9trang\u00e8res du Pouvoir Populaire &#8211; connu sous le nom de \u00ab\u00a0Maison Jaune\u00a0\u00bb &#8211; a eu lieu l&rsquo;\u00e9v\u00e9nement international \u00ab\u00a0Nous sommes Venezuela pour la D\u00e9mocratie et la Paix\u00a0\u00bb dans lequel des intellectuels de diff\u00e9rents pays du monde ont eu l&rsquo;occasion de rencontrer le Pr\u00e9sident Nicolas Maduro Moros.<\/p>\n<p>https:\/\/www.youtube.com\/watch?v=d67HVI4ADe0<\/p>\n<p>Dans son discours, le pr\u00e9sident a rappel\u00e9 la r\u00e9bellion civilo-militaire men\u00e9e par le lieutenant-colonel Hugo Ch\u00e1vez le 4 f\u00e9vrier 1992, officiellement connue ici comme la \u00ab\u00a0Journ\u00e9e de la dignit\u00e9\u00a0\u00bb. 27 ans se sont \u00e9coul\u00e9s depuis lors dans une \u00ab\u00a0r\u00e9bellion permanente\u00a0\u00bb.<\/p>\n<p>\u00ab\u00a0R\u00e9bellion permanente contre l&rsquo;imp\u00e9rialisme, le n\u00e9olib\u00e9ralisme, l&rsquo;oligarchie, contre la culture esclavagiste qui tente de nous dominer. Se rebeller contre le vol des droits sociaux, les mensonges et les fausses politiques d&rsquo;information. Une r\u00e9bellion permanente qui unit mille fa\u00e7ons de se rebeller. Toutes les formes de r\u00e9bellion, \u00e0 la recherche de la grande r\u00e9bellion latino-am\u00e9ricaine\u00a0\u00bb, dit-il.<\/p>\n<p>Il \u00e9tablit un parall\u00e8le avec ce que signifiait l&rsquo;exploit du 19 avril 1810, \u00ab\u00a0dans ce m\u00eame espace, sur la Plaza Mayor (aujourd&rsquo;hui Plaza Bol\u00edvar), o\u00f9 le peuple, mul\u00e2tres, m\u00e9tis, noirs libres, rebelles cr\u00e9oles blancs, disaient au capitaine g\u00e9n\u00e9ral : &lsquo;Nous ne vous voulons pas de toi, sors d&rsquo;ici&rsquo;, un jalon qui indiquait la voie de l&rsquo;ind\u00e9pendance \u00bb.<\/p>\n<p>Le pr\u00e9sident a \u00e9galement \u00e9voqu\u00e9 la censure des m\u00e9dias que les grandes cha\u00eenes exercent contre la r\u00e9volution bolivarienne, niant l&rsquo;existence d&rsquo;un mouvement populaire fort dans son soutien. \u00ab\u00a0Les invisibles, ceux que vous ne verrez jamais sur CNN ou BBC\u00a0\u00bb. \u00ab\u00a0Quand les invisibles sortent, c&rsquo;est comme une bande de fant\u00f4mes qui effraient l&rsquo;oligarchie mondiale \u00ab\u00a0.<\/p>\n<p>En ce qui concerne la date de l&rsquo;investiture d&rsquo;Hugo Ch\u00e1vez Fr\u00edas (2 f\u00e9vrier 1999), il a soulign\u00e9 : \u00ab\u00a0Nous c\u00e9l\u00e9brons 27 ans de r\u00e9bellion permanente et 20 ans de r\u00e9volution, de combat et de victoire permanente \u00e9galement. 27 et 20, num\u00e9ros magiques, vous pouvez jouer \u00e0 la loterie et les petits animaux, ils sont s\u00fbrs de sortir\u00a0\u00bb, a plaisant\u00e9-t-il.<\/p>\n<p>Le pr\u00e9sident du Venezuela a donn\u00e9 des d\u00e9tails importants sur le moment pr\u00e9sent. \u00ab\u00a0Le Venezuela d\u00e9veloppe actuellement une bataille pour sa propre existence. Nous livrons la bataille de notre pays en tant que r\u00e9publique, de notre nation en tant que nation ind\u00e9pendante. Jamais auparavant en 200 ans de vie r\u00e9publicaine, le Venezuela n&rsquo;avait \u00e9t\u00e9 soumis \u00e0 un processus de menaces, de pressions, d&rsquo;agressions, comme nous vivons aujourd&rsquo;hui \u00bb.<\/p>\n<p>Le pr\u00e9sident a bri\u00e8vement retrac\u00e9 l&rsquo;histoire, utile aux d\u00e9l\u00e9gations en visite pour se situer dans le contexte du processus, mais en soulignant aussi les parall\u00e8les \u00e9vidents entre les situations pass\u00e9es et pr\u00e9sentes.<\/p>\n<p>Entre 1810 et 1830, le Venezuela conna\u00eet une intense p\u00e9riode de guerre militaire. \u00ab\u00a0C&rsquo;\u00e9tait \u00e0 nous d&rsquo;affronter le pouvoir de l&#8217;empire espagnol, fond\u00e9 sur 300 ans d&rsquo;id\u00e9ologie, de politique, d&rsquo;obscurantisme, d&rsquo;assujettissement et de domination esclavagiste dans toutes ces terres que nous appelons aujourd&rsquo;hui Am\u00e9rique latine et les Cara\u00efbes \u00bb.<\/p>\n<p>\u00ab M\u00eame alors, les dirigeants \u00e9tasuniens refus\u00e8rent de soutenir l&rsquo;ind\u00e9pendance et la lib\u00e9ration des am\u00e9ricains du Sud, et coop\u00e9r\u00e8rent avec l&#8217;empire espagnol pour maintenir sa domination. En 1818, raconte Nicol\u00e1s Maduro, Sim\u00f3n Bol\u00edvar a captur\u00e9 deux go\u00e9lettes pleines d&rsquo;armement envoy\u00e9es par les \u00c9tats-Unis pour les Espagnols, qui ont travers\u00e9 l&rsquo;Orinoco et y ont \u00e9t\u00e9 captur\u00e9s par le Libertador \u00bb.<\/p>\n<p>\u00ab\u00a0Tout l&rsquo;\u00e9tablissement de la p\u00e9riode coloniale \u00e9tait contre l&rsquo;ind\u00e9pendance de <em>NotrAm\u00e9rique<\/em>, personne ne nous l&rsquo;a donn\u00e9, nous avons gagn\u00e9 ce bras de fer, nous l&rsquo;avons gagn\u00e9 avec sang, sueur et larmes, avec l&rsquo;effort de milliers d&rsquo;hommes et de femmes, d&rsquo;Indiens, de Zambos, de m\u00e9tis, de Noirs, d&rsquo;esclaves \u00bb.<\/p>\n<p>Dans une nouvelle r\u00e9f\u00e9rence aux parall\u00e8les historiques, le pr\u00e9sident a rappel\u00e9 qu&rsquo;au cours de la guerre f\u00e9d\u00e9rale, une fraction de l&rsquo;oligarchie est sortie pour demander au Royaume-Uni d&rsquo;intervenir dans la guerre en faveur de la partie oligarchique, qui perdait au profit de l&rsquo;arm\u00e9e populaire. En retour, les oligarques ont promis aux Britanniques la livraison d&rsquo;Esequiba Guiana et de ses ressources.<\/p>\n<p>Viennent ensuite les guerres civiles, les seigneurs de guerre, les guerres de partage du pouvoir jusqu&rsquo;\u00e0 l&rsquo;arriv\u00e9e de la r\u00e9volution lib\u00e9ratrice du g\u00e9n\u00e9ral Cipriano Castro, avec laquelle commence la voie de la reprise du drapeau de Bolivar. Au d\u00e9but du XXe si\u00e8cle, le Venezuela apparaissait d\u00e9j\u00e0 avec ses r\u00e9serves de p\u00e9trole, les puissances europ\u00e9ennes sont venues avec leurs canonni\u00e8res pour recouvrer les dettes que le Venezuela avait, produit des diff\u00e9rentes guerres. Le fameux blocus naval de La Guaira y a eu lieu. Cipriano Castro a lanc\u00e9 une proclamation du si\u00e8ge du gouvernement (aujourd&rsquo;hui si\u00e8ge du minist\u00e8re des Affaires \u00e9trang\u00e8res), appelant \u00e0 l&rsquo;union des V\u00e9n\u00e9zu\u00e9liens face \u00e0 une certaine menace d&rsquo;invasion et de guerre.<\/p>\n<p>\u00ab Aujourd&rsquo;hui, l&rsquo;agression actuelle contre le peuple v\u00e9n\u00e9zu\u00e9lien vient de l&rsquo;imp\u00e9rialisme am\u00e9ricain et des gouvernements satellites d&rsquo;Europe et d&rsquo;Am\u00e9rique latine, a dit Maduro. \u00ab\u00a0La guerre psychologique est une \u00e9preuve quotidienne pour notre peuple. Par le biais des r\u00e9seaux sociaux&#8230; Qu&rsquo;ils nous ont d\u00e9j\u00e0 envahis, qu&rsquo;ils entrent par C\u00facuta&#8230; [N.d.T. ville colombienne \u00e0 la fronti\u00e8re avec le Venezuela] Ils n&rsquo;entreront pas par C\u00facuta ou par mille C\u00facutas, ou est-ce que le pays n&rsquo;a personne pour le d\u00e9fendre ou n&rsquo;avons-nous pas une Force arm\u00e9e avec une capacit\u00e9 suffisante pour d\u00e9fendre le Venezuela ? Ici, au Venezuela, personne n&rsquo;entrera, pas m\u00eame un soldat envahisseur, je vous l&rsquo;assure en tant que commandant en chef de la Force arm\u00e9e nationale bolivarienne \u00bb, s&rsquo;est-il exclam\u00e9 avec fermet\u00e9 et conviction. \u00ab Voici des hommes et des femmes qui pleurent cette terre, qui aiment cette terre. C&rsquo;est une campagne, ils arrivent par Cucuta. Des fourmis sont en train d&rsquo;arriver, bienvenues \u00bb, a-t-il ironis\u00e9.<\/p>\n<p>Cependant, il n&rsquo;a pas att\u00e9nu\u00e9 le danger de la guerre psychologique qui a lieu tous les jours, \u00e0 toutes les heures.<\/p>\n<p>En ce qui concerne le communiqu\u00e9 du \u00ab\u00a0cartel de Lima\u00a0\u00bb, il a d\u00e9clar\u00e9 qu&rsquo;il avait d\u00e9j\u00e0 comment\u00e9 avec le ministre des Affaires \u00e9trang\u00e8res Arreaza et la vice-pr\u00e9sidente Delcy Rodriguez &#8211; pr\u00e9sents et des deux c\u00f4t\u00e9s du pr\u00e9sident lors de l&rsquo;\u00e9v\u00e9nement &#8211; \u00ab\u00a0que la lecture paragraphe par paragraphe, (plus fou que l&rsquo;autre, a-t-il not\u00e9) nous gagnons, nous gagnons cette p\u00e9riode historique, nous sommes en train de battre le cartel de Lima \u00bb.<\/p>\n<p>\u00ab\u00a0Ils ont fait du cartel de Lima une caricature de ce qu&rsquo;est la politique mondiale. Ils se sont charg\u00e9s de leur autodestruction morale.\u00a0\u00bb Il a soulign\u00e9 que la politique internationale doit accepter la diversit\u00e9, que tout gouvernement, quelle que soit sa couleur politique, doit \u00e9tablir des relations d&rsquo;\u00c9tat \u00e0 \u00c9tat, doit voir le monde comme une diversit\u00e9, surmonter les diff\u00e9rences id\u00e9ologiques, politiques, religieuses, culturelles.<\/p>\n<p>Dans une d\u00e9finition paradigmatique, il a d\u00e9clar\u00e9 :\u00a0\u00ab Le XXIe si\u00e8cle est le si\u00e8cle de la Diversit\u00e9, le si\u00e8cle du dialogue entre les civilisations, entre les cultures et les religions, qui sont en guerre depuis des milliers d&rsquo;ann\u00e9es. Oui, nous pouvons nous consid\u00e9rer comme fr\u00e8res, chr\u00e9tiens, musulmans, tib\u00e9tains, juifs, asiatiques, africains, am\u00e9ricains, am\u00e9ricains, europ\u00e9ens&#8230;\u00a0\u00bb et puis approfondir le concept : \u00ab\u00a0Une politique internationale adapt\u00e9e aux param\u00e8tres du droit international et du XXIe si\u00e8cle ne peut \u00eatre une politique d&rsquo;intol\u00e9rance. De pers\u00e9cutions id\u00e9ologiques, comme celle que le cartel de Lima a voulue contre la R\u00e9volution et le gouvernement bolivarien, contre la gauche enti\u00e8re, contre tous les secteurs progressistes\u00a0\u00bb. Il a compl\u00e9t\u00e9 sa position en indiquant qu&rsquo;une v\u00e9ritable inquisition politique, morale et id\u00e9ologique s&rsquo;est impos\u00e9e \u00e0 la politique internationale,\u00a0\u00ab pour ne pas nous soumettre \u00e0 une seule pens\u00e9e, au n\u00e9olib\u00e9ralisme, pour ne pas nous soumettre aux ordres de Washington \u00bb.<\/p>\n<p>\u00ab\u00a0Quiconque a la patience de revoir les communiqu\u00e9s du cartel de Lima &#8211; que personne ne lit &#8211; d&rsquo;il y a un an, pourra voir l&rsquo;histoire n\u00e9gative et imp\u00e9riale de la politique d&rsquo;intol\u00e9rance et de pers\u00e9cution id\u00e9ologique de ces gouvernements contre le Venezuela\u00a0\u00bb.<\/p>\n<p>\u00ab\u00a0Cela n&rsquo;avait \u00e9t\u00e9 vu qu&rsquo;avec les coups d&rsquo;\u00c9tat dirig\u00e9s par l&rsquo;OEA \u00ab\u00a0. Il a rappel\u00e9 le coup d&rsquo;Etat contre Jacobo Arbenz au Guatemala (1954). \u00ab\u00a0C&rsquo;\u00e9tait l&rsquo;\u00e9poque des &lsquo;ca\u00f1o\u00f1eras&rsquo;, de l&rsquo;interventionnisme, des coups d&rsquo;\u00c9tat, des assassinats, et c&rsquo;\u00e9tait tout le XXe si\u00e8cle\u00a0\u00bb. Comme l&rsquo;indiquait Bol\u00edvar de fa\u00e7on proph\u00e9tique : \u00ab\u00a0Les Etats-Unis semblent destin\u00e9s par la Providence \u00e0 assombrir l&rsquo;Am\u00e9rique de mis\u00e8re au nom de la libert\u00e9\u201d.<\/p>\n<p>Le pr\u00e9sident v\u00e9n\u00e9zu\u00e9lien a ensuite qualifi\u00e9 d&rsquo;extr\u00e9miste la direction actuelle du gouvernement \u00e9tats-unien. \u00ab\u00a0Appeler faucon \u00e0 John Bolton &#8211; conseiller \u00e0 la s\u00e9curit\u00e9 nationale des \u00c9tats-Unis &#8211; c&rsquo;est lui pardonner, c&rsquo;est un extr\u00e9miste, un belliciste, un fou impliqu\u00e9 dans les op\u00e9rations de guerres sales des quarante derni\u00e8res ann\u00e9es de l&#8217;empire \u00e9tats-unien \u00ab\u00a0. De m\u00eame, il a d\u00e9crit les expressions cons\u00e9cutives de menace du vice-pr\u00e9sident Mike Pence, du secr\u00e9taire d&rsquo;\u00c9tat Mike Pompeo &#8211; \u00ab\u00a0l&rsquo;\u00e9quipe Venezuela, comme ils s&rsquo;autoproclament\u00a0\u00bb. Ils sentent qu&rsquo;ils gouvernent le Venezuela, fruit de l&rsquo;ob\u00e9issance et de la subordination de la droite v\u00e9n\u00e9zu\u00e9lienne, en leur donnant des ordres par twitter, quand et o\u00f9 marcher, quoi dire, quoi annoncer\u00a0\u00bb.<\/p>\n<p>Et il a ajout\u00e9 : \u00ab\u00a0Le chef de la bande extr\u00e9miste, le chef du Ku Klux Klan, Donald Trump, qui a \u00e9t\u00e9 interrog\u00e9 lors d&rsquo;une conf\u00e9rence de presse sur le Venezuela, comme s&rsquo;il parlait de vacances \u00e0 Miami Beach, a dit qu&rsquo;il envisageait la possibilit\u00e9 d&rsquo;une invasion du Venezuela, notre cher pays, par l&rsquo;arm\u00e9e \u00e9tatsunienne \u00bb.<\/p>\n<p>Et j&rsquo;ai demand\u00e9 aujourd&rsquo;hui : \u00ab\u00a0Quel est le casus belli ? Quelle est la cause pour d\u00e9clarer la guerre au Venezuela, M. Donald Trump ? Que le Venezuela est une menace pour la s\u00e9curit\u00e9 nationale des \u00c9tats-Unis ? La raison en est le p\u00e9trole et les r\u00e9serves naturelles de notre ch\u00e8re patrie. C&rsquo;est fou de parler de guerre en ce 21e si\u00e8cle. Cette terre a des hommes et des femmes qui, en toute circonstance, seraient \u00e0 l&rsquo;avant-garde de ces pr\u00e9tentions bellicistes et inhumaines qui violent le droit international\u00a0\u00bb.<\/p>\n<p>\u00ab\u00a0Et je dis qu&rsquo;en tant que pr\u00e9sident pacifiste que je suis. Je suis un adepte du Mahatma Gandhi, je suis un fan &#8211; depuis mon enfance &#8211; de ce grand r\u00e9volutionnaire socialiste Nelson Mandela. Nous sommes les enfants d&rsquo;un grand pacifiste, notre commandant Chavez. Nous sommes un peuple de paix. Nous aimons la paix comme la vie elle-m\u00eame\u00a0\u00bb, a-t-il dit dans une partie tr\u00e8s importante de son discours.<\/p>\n<p>Nicol\u00e1s Maduro a apport\u00e9 la D\u00e9claration de l&rsquo;Am\u00e9rique latine et des Cara\u00efbes comme territoire de Paix, scell\u00e9e \u00e0 La Havane en 2014 dans le cadre de la Communaut\u00e9 d&rsquo;\u00c9tats latino-am\u00e9ricains et cara\u00efbes, CELAC. \u00ab\u00a0J&rsquo;ai lev\u00e9 les deux mains pour l&rsquo;approuver.\u00a0\u00bb \u00ab\u00a0En tant que peuple de paix, nous n&rsquo;avons pas peur de vos menaces, M. Trump. Le Venezuela a le droit et la v\u00e9rit\u00e9 de son c\u00f4t\u00e9. Nous sommes du bon c\u00f4t\u00e9 de l&rsquo;histoire. Et vous n&rsquo;avez aucune raison de menacer un peuple libre et pacifique comme le n\u00f4tre, de recourir \u00e0 la force militaire. De plus, cela viole la Charte des Nations Unies, y compris la Charte de l&rsquo;OEA, qui interdisent explicitement le recours \u00e0 la menace militaire et l&rsquo;usage de la force entre \u00c9tats\u00a0\u00bb, a t-il d\u00e9clar\u00e9.<\/p>\n<p>\u00ab\u00a0La d\u00e9claration de Donald Trump est ill\u00e9gale, criminelle, une tentative contre les Nations Unies, contre son syst\u00e8me et sa charte fondatrice. Mais ici, la droite l&rsquo;applaudit et sort en marche avec le drapeau gringo pour demander l&rsquo;intervention. Rien de moins, qu&rsquo;une minorit\u00e9 d\u00e9lirante demande une intervention militaire dans leur propre patrie. Insens\u00e9s, ils ne savent pas ce qu&rsquo;ils disent, ne savent pas ce qu&rsquo;ils font !\u00a0\u00bb<\/p>\n<p>\u00ab\u00a0Comme s&rsquo;il s&rsquo;agissait d&rsquo;un sport, toutes les 48 heures, toutes les 24 heures, un porte-parole de la Maison-Blanche vient menacer de recourir \u00e0 la force militaire. Non, il n&rsquo;y aura aucune intervention au Venezuela. Il n&rsquo;y aura pas de coup d&rsquo;\u00c9tat consolid\u00e9 au Venezuela. Il n&rsquo;y aura pas de guerre au Venezuela. Au Venezuela, il gagnera la paix ! Nous allons triompher une fois de plus sur un seul chemin, la Paix avec la justice, la paix avec la souverainet\u00e9, la paix avec l&rsquo;ind\u00e9pendance, la paix avec l&rsquo;\u00e9galit\u00e9, la paix int\u00e9grale\u00a0\u00bb, a-t-il dit, sous les applaudissements nourris de l&rsquo;assistance.<\/p>\n<p>D&rsquo;autre part, le pr\u00e9sident a soulign\u00e9 la force des forces arm\u00e9es et des milices populaires avec une strat\u00e9gie qui garantit la possibilit\u00e9 de d\u00e9fendre chaque partie du territoire v\u00e9n\u00e9zu\u00e9lien.<\/p>\n<p>Entre autres concepts, il a affirm\u00e9 que le Venezuela est aujourd&rsquo;hui au centre du conflit g\u00e9opolitique et que le destin de l&rsquo;Am\u00e9rique latine et des Cara\u00efbes et les meilleures causes de l&rsquo;humanit\u00e9 d\u00e9pendent en grande partie de ce qui se passe maintenant.<\/p>\n<p>Il a inform\u00e9 qu&rsquo;\u00e0 partir de mercredi 6\/02\/2019, un document sera pr\u00e9sent\u00e9 au gouvernement des Etats-Unis, demandant le retrait de toutes les menaces, le respect de la constitutionnalit\u00e9 et du droit international. Le texte, qui sera soumis \u00e0 la signature publique du peuple v\u00e9n\u00e9zu\u00e9lien, aspire \u00e0 \u00eatre approuv\u00e9 par dix millions de volont\u00e9s.<\/p>\n<p>Le pr\u00e9sident a appel\u00e9 \u00e0 la solidarit\u00e9 des mouvements populaires du monde entier pour r\u00e9veiller une vague en faveur de la paix, pour la r\u00e9solution pacifique des conflits, au-del\u00e0 des pr\u00e9f\u00e9rences politiques.<\/p>\n<p>Il a soulign\u00e9 l&rsquo;importance de la conf\u00e9rence internationale qui se tiendra les 6 et 7 f\u00e9vrier [N.d.T. Cet article a \u00e9t\u00e9 \u00e9crit le 5 f\u00e9vrier] \u00e0 Montevideo, convoqu\u00e9e par les gouvernements du Mexique, de l&rsquo;Uruguay, de la Bolivie et des 14 pays de la Communaut\u00e9 des Cara\u00efbes (CARICOM).<\/p>\n<p>L&rsquo;id\u00e9e de tous est la paix, le dialogue, la compr\u00e9hension, le respect du droit international. Mais \u00ab\u00a0les Etats-Unis, le cartel de Lima sont venus dire non au dialogue. Si nous ne cherchons pas le dialogue entre les V\u00e9n\u00e9zu\u00e9liens, qu&rsquo;est-ce que nous cherchons ?, la guerre ?\u00a0\u00bb, a t-il demand\u00e9.<\/p>\n<p>\u00ab\u00a0Nous disons Oui au dialogue, Oui \u00e0 la compr\u00e9hension, Oui \u00e0 la r\u00e9conciliation nationale, Oui aux accords, oui, oui, oui. Mille fois Oui, mille fois le dialogue ! \u00bb, a t-il conclu.<\/p>\n","protected":false},"excerpt":{"rendered":"<p>Au si\u00e8ge du Minist\u00e8re des affaires \u00e9trang\u00e8res du Pouvoir Populaire &#8211; connu sous le nom de \u00ab\u00a0Maison Jaune\u00a0\u00bb &#8211; a eu lieu l&rsquo;\u00e9v\u00e9nement international \u00ab\u00a0Nous sommes Venezuela pour la D\u00e9mocratie et la Paix\u00a0\u00bb dans lequel des intellectuels de diff\u00e9rents pays&hellip;<\/p>\n","protected":false},"author":970,"featured_media":802589,"comment_status":"closed","ping_status":"closed","sticky":false,"template":"","format":"standard","meta":{"footnotes":""},"categories":[86,11386,1250],"tags":[54838,10142,34,54839],"class_list":["post-803780","post","type-post","status-publish","format-standard","has-post-thumbnail","hentry","category-amerique-du-sud","category-contenu-original","category-paix-desarmement","tag-amerique-latine-et-les-caraibes","tag-solidarite-internationale","tag-venezuela","tag-zone-de-paix"],"yoast_head":"<!-- This site is optimized with the Yoast SEO plugin v27.1.1 - https:\/\/yoast.com\/product\/yoast-seo-wordpress\/ -->\n<title>Le Pr\u00e9sident Maduro a appel\u00e9 au dialogue, \u00e0 la paix et au respect de la souverainet\u00e9 du Venezuela<\/title>\n<meta name=\"description\" content=\"Au si\u00e8ge du Minist\u00e8re des affaires \u00e9trang\u00e8res du Pouvoir Populaire - connu sous le nom de &quot;Maison Jaune&quot; - a eu lieu l&#039;\u00e9v\u00e9nement international &quot;Nous\" \/>\n<meta name=\"robots\" content=\"index, follow, max-snippet:-1, max-image-preview:large, max-video-preview:-1\" \/>\n<link rel=\"canonical\" href=\"https:\/\/www.pressenza.com\/fr\/2019\/02\/le-president-maduro-a-appele-au-dialogue-a-la-paix-et-au-respect-de-la-souverainete-du-venezuela\/\" \/>\n<meta property=\"og:locale\" content=\"fr_FR\" \/>\n<meta property=\"og:type\" content=\"article\" \/>\n<meta property=\"og:title\" content=\"Le Pr\u00e9sident Maduro a appel\u00e9 au dialogue, \u00e0 la paix et au respect de la souverainet\u00e9 du Venezuela\" \/>\n<meta property=\"og:description\" content=\"Au si\u00e8ge du Minist\u00e8re des affaires \u00e9trang\u00e8res du Pouvoir Populaire - connu sous le nom de &quot;Maison Jaune&quot; - a eu lieu l&#039;\u00e9v\u00e9nement international &quot;Nous\" \/>\n<meta property=\"og:url\" content=\"https:\/\/www.pressenza.com\/fr\/2019\/02\/le-president-maduro-a-appele-au-dialogue-a-la-paix-et-au-respect-de-la-souverainete-du-venezuela\/\" \/>\n<meta property=\"og:site_name\" content=\"Pressenza\" \/>\n<meta property=\"article:publisher\" content=\"https:\/\/www.facebook.com\/PressenzaItalia\" \/>\n<meta property=\"article:author\" content=\"https:\/\/www.facebook.com\/javier.tolcachier?fref=ts\" \/>\n<meta property=\"article:published_time\" content=\"2019-02-08T10:01:35+00:00\" \/>\n<meta property=\"article:modified_time\" content=\"2019-02-08T10:02:25+00:00\" \/>\n<meta property=\"og:image\" content=\"https:\/\/www.pressenza.com\/wp-content\/uploads\/2019\/02\/nicolas-maduro-1.jpg\" \/>\n\t<meta property=\"og:image:width\" content=\"1080\" \/>\n\t<meta property=\"og:image:height\" content=\"775\" \/>\n\t<meta property=\"og:image:type\" content=\"image\/jpeg\" \/>\n<meta name=\"author\" content=\"Javier Tolcachier\" \/>\n<meta name=\"twitter:card\" content=\"summary_large_image\" \/>\n<meta name=\"twitter:creator\" content=\"@jtolcachier\" \/>\n<meta name=\"twitter:site\" content=\"@PressenzaIPA\" \/>\n<meta name=\"twitter:label1\" content=\"\u00c9crit par\" \/>\n\t<meta name=\"twitter:data1\" content=\"Javier Tolcachier\" \/>\n\t<meta name=\"twitter:label2\" content=\"Dur\u00e9e de lecture estim\u00e9e\" \/>\n\t<meta name=\"twitter:data2\" content=\"12 minutes\" \/>\n<script type=\"application\/ld+json\" class=\"yoast-schema-graph\">{\"@context\":\"https:\/\/schema.org\",\"@graph\":[{\"@type\":\"Article\",\"@id\":\"https:\/\/www.pressenza.com\/fr\/2019\/02\/le-president-maduro-a-appele-au-dialogue-a-la-paix-et-au-respect-de-la-souverainete-du-venezuela\/#article\",\"isPartOf\":{\"@id\":\"https:\/\/www.pressenza.com\/fr\/2019\/02\/le-president-maduro-a-appele-au-dialogue-a-la-paix-et-au-respect-de-la-souverainete-du-venezuela\/\"},\"author\":{\"name\":\"Javier Tolcachier\",\"@id\":\"https:\/\/www.pressenza.com\/fr\/#\/schema\/person\/f353f6d4eed144101dedba60e6227564\"},\"headline\":\"Le Pr\u00e9sident Maduro a appel\u00e9 au dialogue, \u00e0 la paix et au respect de la souverainet\u00e9 du Venezuela\",\"datePublished\":\"2019-02-08T10:01:35+00:00\",\"dateModified\":\"2019-02-08T10:02:25+00:00\",\"mainEntityOfPage\":{\"@id\":\"https:\/\/www.pressenza.com\/fr\/2019\/02\/le-president-maduro-a-appele-au-dialogue-a-la-paix-et-au-respect-de-la-souverainete-du-venezuela\/\"},\"wordCount\":2569,\"publisher\":{\"@id\":\"https:\/\/www.pressenza.com\/fr\/#organization\"},\"image\":{\"@id\":\"https:\/\/www.pressenza.com\/fr\/2019\/02\/le-president-maduro-a-appele-au-dialogue-a-la-paix-et-au-respect-de-la-souverainete-du-venezuela\/#primaryimage\"},\"thumbnailUrl\":\"https:\/\/www.pressenza.com\/wp-content\/uploads\/2019\/02\/nicolas-maduro-1.jpg\",\"keywords\":[\"Am\u00e9rique Latine et les Cara\u00efbes\",\"Solidarit\u00e9 Internationale\",\"Venezuela\",\"Zone de Paix\"],\"articleSection\":[\"Am\u00e9rique du Sud\",\"Contenu Original\",\"Paix et D\u00e9sarmement\"],\"inLanguage\":\"fr-FR\"},{\"@type\":\"WebPage\",\"@id\":\"https:\/\/www.pressenza.com\/fr\/2019\/02\/le-president-maduro-a-appele-au-dialogue-a-la-paix-et-au-respect-de-la-souverainete-du-venezuela\/\",\"url\":\"https:\/\/www.pressenza.com\/fr\/2019\/02\/le-president-maduro-a-appele-au-dialogue-a-la-paix-et-au-respect-de-la-souverainete-du-venezuela\/\",\"name\":\"Le Pr\u00e9sident Maduro a appel\u00e9 au dialogue, \u00e0 la paix et au respect de la souverainet\u00e9 du Venezuela\",\"isPartOf\":{\"@id\":\"https:\/\/www.pressenza.com\/fr\/#website\"},\"primaryImageOfPage\":{\"@id\":\"https:\/\/www.pressenza.com\/fr\/2019\/02\/le-president-maduro-a-appele-au-dialogue-a-la-paix-et-au-respect-de-la-souverainete-du-venezuela\/#primaryimage\"},\"image\":{\"@id\":\"https:\/\/www.pressenza.com\/fr\/2019\/02\/le-president-maduro-a-appele-au-dialogue-a-la-paix-et-au-respect-de-la-souverainete-du-venezuela\/#primaryimage\"},\"thumbnailUrl\":\"https:\/\/www.pressenza.com\/wp-content\/uploads\/2019\/02\/nicolas-maduro-1.jpg\",\"datePublished\":\"2019-02-08T10:01:35+00:00\",\"dateModified\":\"2019-02-08T10:02:25+00:00\",\"description\":\"Au si\u00e8ge du Minist\u00e8re des affaires \u00e9trang\u00e8res du Pouvoir Populaire - connu sous le nom de \\\"Maison Jaune\\\" - a eu lieu l'\u00e9v\u00e9nement international \\\"Nous\",\"breadcrumb\":{\"@id\":\"https:\/\/www.pressenza.com\/fr\/2019\/02\/le-president-maduro-a-appele-au-dialogue-a-la-paix-et-au-respect-de-la-souverainete-du-venezuela\/#breadcrumb\"},\"inLanguage\":\"fr-FR\",\"potentialAction\":[{\"@type\":\"ReadAction\",\"target\":[\"https:\/\/www.pressenza.com\/fr\/2019\/02\/le-president-maduro-a-appele-au-dialogue-a-la-paix-et-au-respect-de-la-souverainete-du-venezuela\/\"]}]},{\"@type\":\"ImageObject\",\"inLanguage\":\"fr-FR\",\"@id\":\"https:\/\/www.pressenza.com\/fr\/2019\/02\/le-president-maduro-a-appele-au-dialogue-a-la-paix-et-au-respect-de-la-souverainete-du-venezuela\/#primaryimage\",\"url\":\"https:\/\/www.pressenza.com\/wp-content\/uploads\/2019\/02\/nicolas-maduro-1.jpg\",\"contentUrl\":\"https:\/\/www.pressenza.com\/wp-content\/uploads\/2019\/02\/nicolas-maduro-1.jpg\",\"width\":1080,\"height\":775},{\"@type\":\"BreadcrumbList\",\"@id\":\"https:\/\/www.pressenza.com\/fr\/2019\/02\/le-president-maduro-a-appele-au-dialogue-a-la-paix-et-au-respect-de-la-souverainete-du-venezuela\/#breadcrumb\",\"itemListElement\":[{\"@type\":\"ListItem\",\"position\":1,\"name\":\"Accueil\",\"item\":\"https:\/\/www.pressenza.com\/fr\/\"},{\"@type\":\"ListItem\",\"position\":2,\"name\":\"Le Pr\u00e9sident Maduro a appel\u00e9 au dialogue, \u00e0 la paix et au respect de la souverainet\u00e9 du Venezuela\"}]},{\"@type\":\"WebSite\",\"@id\":\"https:\/\/www.pressenza.com\/fr\/#website\",\"url\":\"https:\/\/www.pressenza.com\/fr\/\",\"name\":\"Pressenza\",\"description\":\"International Press Agency\",\"publisher\":{\"@id\":\"https:\/\/www.pressenza.com\/fr\/#organization\"},\"potentialAction\":[{\"@type\":\"SearchAction\",\"target\":{\"@type\":\"EntryPoint\",\"urlTemplate\":\"https:\/\/www.pressenza.com\/fr\/?s={search_term_string}\"},\"query-input\":{\"@type\":\"PropertyValueSpecification\",\"valueRequired\":true,\"valueName\":\"search_term_string\"}}],\"inLanguage\":\"fr-FR\"},{\"@type\":\"Organization\",\"@id\":\"https:\/\/www.pressenza.com\/fr\/#organization\",\"name\":\"Pressenza\",\"url\":\"https:\/\/www.pressenza.com\/fr\/\",\"logo\":{\"@type\":\"ImageObject\",\"inLanguage\":\"fr-FR\",\"@id\":\"https:\/\/www.pressenza.com\/fr\/#\/schema\/logo\/image\/\",\"url\":\"https:\/\/www.pressenza.com\/wp-content\/uploads\/2022\/10\/pressenza_logo_200x200.jpg\",\"contentUrl\":\"https:\/\/www.pressenza.com\/wp-content\/uploads\/2022\/10\/pressenza_logo_200x200.jpg\",\"width\":200,\"height\":200,\"caption\":\"Pressenza\"},\"image\":{\"@id\":\"https:\/\/www.pressenza.com\/fr\/#\/schema\/logo\/image\/\"},\"sameAs\":[\"https:\/\/www.facebook.com\/PressenzaItalia\",\"https:\/\/x.com\/PressenzaIPA\"]},{\"@type\":\"Person\",\"@id\":\"https:\/\/www.pressenza.com\/fr\/#\/schema\/person\/f353f6d4eed144101dedba60e6227564\",\"name\":\"Javier Tolcachier\",\"description\":\"Javier Tolcachier is a researcher from the World Centre of Humanist Studies, an organism of the Humanist Movement. Mail: javiertolcachier@disroot.org Twitter: @jtolcachier\",\"sameAs\":[\"https:\/\/www.facebook.com\/javier.tolcachier?fref=ts\",\"https:\/\/x.com\/jtolcachier\"],\"url\":\"https:\/\/www.pressenza.com\/fr\/author\/javier-tolcachier\/\"}]}<\/script>\n<!-- \/ Yoast SEO plugin. -->","yoast_head_json":{"title":"Le Pr\u00e9sident Maduro a appel\u00e9 au dialogue, \u00e0 la paix et au respect de la souverainet\u00e9 du Venezuela","description":"Au si\u00e8ge du Minist\u00e8re des affaires \u00e9trang\u00e8res du Pouvoir Populaire - connu sous le nom de \"Maison Jaune\" - a eu lieu l'\u00e9v\u00e9nement international \"Nous","robots":{"index":"index","follow":"follow","max-snippet":"max-snippet:-1","max-image-preview":"max-image-preview:large","max-video-preview":"max-video-preview:-1"},"canonical":"https:\/\/www.pressenza.com\/fr\/2019\/02\/le-president-maduro-a-appele-au-dialogue-a-la-paix-et-au-respect-de-la-souverainete-du-venezuela\/","og_locale":"fr_FR","og_type":"article","og_title":"Le Pr\u00e9sident Maduro a appel\u00e9 au dialogue, \u00e0 la paix et au respect de la souverainet\u00e9 du Venezuela","og_description":"Au si\u00e8ge du Minist\u00e8re des affaires \u00e9trang\u00e8res du Pouvoir Populaire - connu sous le nom de \"Maison Jaune\" - a eu lieu l'\u00e9v\u00e9nement international \"Nous","og_url":"https:\/\/www.pressenza.com\/fr\/2019\/02\/le-president-maduro-a-appele-au-dialogue-a-la-paix-et-au-respect-de-la-souverainete-du-venezuela\/","og_site_name":"Pressenza","article_publisher":"https:\/\/www.facebook.com\/PressenzaItalia","article_author":"https:\/\/www.facebook.com\/javier.tolcachier?fref=ts","article_published_time":"2019-02-08T10:01:35+00:00","article_modified_time":"2019-02-08T10:02:25+00:00","og_image":[{"width":1080,"height":775,"url":"https:\/\/www.pressenza.com\/wp-content\/uploads\/2019\/02\/nicolas-maduro-1.jpg","type":"image\/jpeg"}],"author":"Javier Tolcachier","twitter_card":"summary_large_image","twitter_creator":"@jtolcachier","twitter_site":"@PressenzaIPA","twitter_misc":{"\u00c9crit par":"Javier Tolcachier","Dur\u00e9e de lecture estim\u00e9e":"12 minutes"},"schema":{"@context":"https:\/\/schema.org","@graph":[{"@type":"Article","@id":"https:\/\/www.pressenza.com\/fr\/2019\/02\/le-president-maduro-a-appele-au-dialogue-a-la-paix-et-au-respect-de-la-souverainete-du-venezuela\/#article","isPartOf":{"@id":"https:\/\/www.pressenza.com\/fr\/2019\/02\/le-president-maduro-a-appele-au-dialogue-a-la-paix-et-au-respect-de-la-souverainete-du-venezuela\/"},"author":{"name":"Javier Tolcachier","@id":"https:\/\/www.pressenza.com\/fr\/#\/schema\/person\/f353f6d4eed144101dedba60e6227564"},"headline":"Le Pr\u00e9sident Maduro a appel\u00e9 au dialogue, \u00e0 la paix et au respect de la souverainet\u00e9 du Venezuela","datePublished":"2019-02-08T10:01:35+00:00","dateModified":"2019-02-08T10:02:25+00:00","mainEntityOfPage":{"@id":"https:\/\/www.pressenza.com\/fr\/2019\/02\/le-president-maduro-a-appele-au-dialogue-a-la-paix-et-au-respect-de-la-souverainete-du-venezuela\/"},"wordCount":2569,"publisher":{"@id":"https:\/\/www.pressenza.com\/fr\/#organization"},"image":{"@id":"https:\/\/www.pressenza.com\/fr\/2019\/02\/le-president-maduro-a-appele-au-dialogue-a-la-paix-et-au-respect-de-la-souverainete-du-venezuela\/#primaryimage"},"thumbnailUrl":"https:\/\/www.pressenza.com\/wp-content\/uploads\/2019\/02\/nicolas-maduro-1.jpg","keywords":["Am\u00e9rique Latine et les Cara\u00efbes","Solidarit\u00e9 Internationale","Venezuela","Zone de Paix"],"articleSection":["Am\u00e9rique du Sud","Contenu Original","Paix et D\u00e9sarmement"],"inLanguage":"fr-FR"},{"@type":"WebPage","@id":"https:\/\/www.pressenza.com\/fr\/2019\/02\/le-president-maduro-a-appele-au-dialogue-a-la-paix-et-au-respect-de-la-souverainete-du-venezuela\/","url":"https:\/\/www.pressenza.com\/fr\/2019\/02\/le-president-maduro-a-appele-au-dialogue-a-la-paix-et-au-respect-de-la-souverainete-du-venezuela\/","name":"Le Pr\u00e9sident Maduro a appel\u00e9 au dialogue, \u00e0 la paix et au respect de la souverainet\u00e9 du Venezuela","isPartOf":{"@id":"https:\/\/www.pressenza.com\/fr\/#website"},"primaryImageOfPage":{"@id":"https:\/\/www.pressenza.com\/fr\/2019\/02\/le-president-maduro-a-appele-au-dialogue-a-la-paix-et-au-respect-de-la-souverainete-du-venezuela\/#primaryimage"},"image":{"@id":"https:\/\/www.pressenza.com\/fr\/2019\/02\/le-president-maduro-a-appele-au-dialogue-a-la-paix-et-au-respect-de-la-souverainete-du-venezuela\/#primaryimage"},"thumbnailUrl":"https:\/\/www.pressenza.com\/wp-content\/uploads\/2019\/02\/nicolas-maduro-1.jpg","datePublished":"2019-02-08T10:01:35+00:00","dateModified":"2019-02-08T10:02:25+00:00","description":"Au si\u00e8ge du Minist\u00e8re des affaires \u00e9trang\u00e8res du Pouvoir Populaire - connu sous le nom de \"Maison Jaune\" - a eu lieu l'\u00e9v\u00e9nement international \"Nous","breadcrumb":{"@id":"https:\/\/www.pressenza.com\/fr\/2019\/02\/le-president-maduro-a-appele-au-dialogue-a-la-paix-et-au-respect-de-la-souverainete-du-venezuela\/#breadcrumb"},"inLanguage":"fr-FR","potentialAction":[{"@type":"ReadAction","target":["https:\/\/www.pressenza.com\/fr\/2019\/02\/le-president-maduro-a-appele-au-dialogue-a-la-paix-et-au-respect-de-la-souverainete-du-venezuela\/"]}]},{"@type":"ImageObject","inLanguage":"fr-FR","@id":"https:\/\/www.pressenza.com\/fr\/2019\/02\/le-president-maduro-a-appele-au-dialogue-a-la-paix-et-au-respect-de-la-souverainete-du-venezuela\/#primaryimage","url":"https:\/\/www.pressenza.com\/wp-content\/uploads\/2019\/02\/nicolas-maduro-1.jpg","contentUrl":"https:\/\/www.pressenza.com\/wp-content\/uploads\/2019\/02\/nicolas-maduro-1.jpg","width":1080,"height":775},{"@type":"BreadcrumbList","@id":"https:\/\/www.pressenza.com\/fr\/2019\/02\/le-president-maduro-a-appele-au-dialogue-a-la-paix-et-au-respect-de-la-souverainete-du-venezuela\/#breadcrumb","itemListElement":[{"@type":"ListItem","position":1,"name":"Accueil","item":"https:\/\/www.pressenza.com\/fr\/"},{"@type":"ListItem","position":2,"name":"Le Pr\u00e9sident Maduro a appel\u00e9 au dialogue, \u00e0 la paix et au respect de la souverainet\u00e9 du Venezuela"}]},{"@type":"WebSite","@id":"https:\/\/www.pressenza.com\/fr\/#website","url":"https:\/\/www.pressenza.com\/fr\/","name":"Pressenza","description":"International Press Agency","publisher":{"@id":"https:\/\/www.pressenza.com\/fr\/#organization"},"potentialAction":[{"@type":"SearchAction","target":{"@type":"EntryPoint","urlTemplate":"https:\/\/www.pressenza.com\/fr\/?s={search_term_string}"},"query-input":{"@type":"PropertyValueSpecification","valueRequired":true,"valueName":"search_term_string"}}],"inLanguage":"fr-FR"},{"@type":"Organization","@id":"https:\/\/www.pressenza.com\/fr\/#organization","name":"Pressenza","url":"https:\/\/www.pressenza.com\/fr\/","logo":{"@type":"ImageObject","inLanguage":"fr-FR","@id":"https:\/\/www.pressenza.com\/fr\/#\/schema\/logo\/image\/","url":"https:\/\/www.pressenza.com\/wp-content\/uploads\/2022\/10\/pressenza_logo_200x200.jpg","contentUrl":"https:\/\/www.pressenza.com\/wp-content\/uploads\/2022\/10\/pressenza_logo_200x200.jpg","width":200,"height":200,"caption":"Pressenza"},"image":{"@id":"https:\/\/www.pressenza.com\/fr\/#\/schema\/logo\/image\/"},"sameAs":["https:\/\/www.facebook.com\/PressenzaItalia","https:\/\/x.com\/PressenzaIPA"]},{"@type":"Person","@id":"https:\/\/www.pressenza.com\/fr\/#\/schema\/person\/f353f6d4eed144101dedba60e6227564","name":"Javier Tolcachier","description":"Javier Tolcachier is a researcher from the World Centre of Humanist Studies, an organism of the Humanist Movement. Mail: javiertolcachier@disroot.org Twitter: @jtolcachier","sameAs":["https:\/\/www.facebook.com\/javier.tolcachier?fref=ts","https:\/\/x.com\/jtolcachier"],"url":"https:\/\/www.pressenza.com\/fr\/author\/javier-tolcachier\/"}]}},"place":"Caracas, Venezuela","original_article_url":"","_links":{"self":[{"href":"https:\/\/www.pressenza.com\/fr\/wp-json\/wp\/v2\/posts\/803780","targetHints":{"allow":["GET"]}}],"collection":[{"href":"https:\/\/www.pressenza.com\/fr\/wp-json\/wp\/v2\/posts"}],"about":[{"href":"https:\/\/www.pressenza.com\/fr\/wp-json\/wp\/v2\/types\/post"}],"author":[{"embeddable":true,"href":"https:\/\/www.pressenza.com\/fr\/wp-json\/wp\/v2\/users\/970"}],"replies":[{"embeddable":true,"href":"https:\/\/www.pressenza.com\/fr\/wp-json\/wp\/v2\/comments?post=803780"}],"version-history":[{"count":0,"href":"https:\/\/www.pressenza.com\/fr\/wp-json\/wp\/v2\/posts\/803780\/revisions"}],"wp:featuredmedia":[{"embeddable":true,"href":"https:\/\/www.pressenza.com\/fr\/wp-json\/wp\/v2\/media\/802589"}],"wp:attachment":[{"href":"https:\/\/www.pressenza.com\/fr\/wp-json\/wp\/v2\/media?parent=803780"}],"wp:term":[{"taxonomy":"category","embeddable":true,"href":"https:\/\/www.pressenza.com\/fr\/wp-json\/wp\/v2\/categories?post=803780"},{"taxonomy":"post_tag","embeddable":true,"href":"https:\/\/www.pressenza.com\/fr\/wp-json\/wp\/v2\/tags?post=803780"}],"curies":[{"name":"wp","href":"https:\/\/api.w.org\/{rel}","templated":true}]}}