{"id":801819,"date":"2019-02-04T20:20:34","date_gmt":"2019-02-04T20:20:34","guid":{"rendered":"https:\/\/www.pressenza.com\/?p=801819"},"modified":"2019-02-04T20:21:43","modified_gmt":"2019-02-04T20:21:43","slug":"sarah-marder-greves-pour-le-climat-pour-ouvrir-lavenir","status":"publish","type":"post","link":"https:\/\/www.pressenza.com\/fr\/2019\/02\/sarah-marder-greves-pour-le-climat-pour-ouvrir-lavenir\/","title":{"rendered":"Sarah Marder : gr\u00e8ves pour le climat pour ouvrir l&rsquo;avenir"},"content":{"rendered":"<p><em>\u00c0 l&rsquo;instar de <a href=\"https:\/\/www.pressenza.com\/fr\/2019\/02\/marche-pour-le-climat-la-mobilisation-des-jeunes-prend-de-lampleur-en-allemagne-et-en-belgique\/\">Greta Thunberg<\/a>, la Su\u00e9doise de 16 ans qui proteste tous les vendredis devant le Parlement pour faire pression sur le gouvernement afin qu&rsquo;il prenne des mesures contre le changement climatique qui menace la plan\u00e8te, les gr\u00e8ves climatiques se propagent dans le monde entier. Nous en avons parl\u00e9 avec Sarah Marder, l&rsquo;une des membres les plus actives de #FridaysForFuture en Italie.<\/em><\/p>\n<p><strong>Qu&rsquo;est-ce qui vous a pouss\u00e9e \u00e0 aller seule devant la Mairie de Milan avec une pancarte indiquant \u00ab\u00a0Urgence climatique\u00a0\u00bb ?<\/strong><\/p>\n<p>Les paroles de Greta le 12 d\u00e9cembre 2018 : \u00ab\u00a0<em>Qui que vous soyez, o\u00f9 que vous soyez, nous avons besoin que vous vous pr\u00e9sentiez devant votre Parlement ou votre municipalit\u00e9 pour leur faire savoir que nous exigeons des actions pour le climat\u00a0\u00bb<\/em> ont \u00e9t\u00e9 pour moi une inspiration et on peut dire que \u00e7a a chang\u00e9 ma vie. J&rsquo;ai grandi aux \u00c9tats-Unis dans une ferme, \u00e0 la campagne, avec de l&rsquo;air pur et sans maladie et plus tard en tant que m\u00e8re \u00e0 Milan, avec mes enfants souvent malades, j&rsquo;ai r\u00e9alis\u00e9 qu&rsquo;il y avait une pollution incontr\u00f4lable contre laquelle il semblait on ne pouvait rien faire. Pendant des ann\u00e9es, je me suis sentie pr\u00e9occup\u00e9e et impuissante devant l&rsquo;absence d&rsquo;action d\u00e9cisive face \u00e0 la menace que ce syst\u00e8me repr\u00e9sente pour la plan\u00e8te et l&rsquo;humanit\u00e9, et lorsque j&rsquo;ai entendu l&rsquo;appel de Greta \u00e0 la COP24, ce fut comme si elle me parlait directement, me demandant de suivre son exemple. C&rsquo;\u00e9tait comme une convocation \u00e0 laquelle je ne pouvais me soustraire. Puis j&rsquo;ai pris mon agenda et marqu\u00e9 tous les vendredis jusqu&rsquo;\u00e0 fin mars 2019, m&rsquo;engageant \u00e0 consacrer du temps \u00e0 faire du changement climatique un th\u00e8me central.<\/p>\n<p><img loading=\"lazy\" decoding=\"async\" class=\"aligncenter wp-image-799534 size-full\" src=\"https:\/\/www.pressenza.com\/wp-content\/uploads\/2019\/02\/Sarah-Marder-Climate-Emergency.jpg\" alt=\"\" width=\"720\" height=\"960\" srcset=\"https:\/\/www.pressenza.com\/wp-content\/uploads\/2019\/02\/Sarah-Marder-Climate-Emergency.jpg 720w, https:\/\/www.pressenza.com\/wp-content\/uploads\/2019\/02\/Sarah-Marder-Climate-Emergency-225x300.jpg 225w\" sizes=\"auto, (max-width: 720px) 100vw, 720px\" \/><\/p>\n<p>&nbsp;<\/p>\n<p><strong>Apr\u00e8s ce premier vendredi 14 d\u00e9cembre, les choses ont commenc\u00e9 \u00e0 changer&#8230;<\/strong><\/p>\n<p>Oui. La semaine suivante, nous \u00e9tions six, puis douze, puis trente, puis cinquante. Les gens se sont rejoints sur les r\u00e9seaux sociaux (Facebook, Twitter, Instagram, Whatsapp) et sont venus sur la Place Scala avec un panonceau souvent manuscrit, sans se conna\u00eetre, unis par la volont\u00e9 de suivre l&rsquo;exemple de Greta. Une communaut\u00e9 virtuelle s&rsquo;est cr\u00e9\u00e9e, un mouvement d&rsquo;en bas qui continue \u00e0 se d\u00e9velopper spontan\u00e9ment, de mani\u00e8re cr\u00e9ative et horizontale, avec beaucoup d&rsquo;\u00e9nergie expansive, de nombreux contacts en r\u00e9seau qui nous permettent d&rsquo;\u00e9changer des informations et de tirer des le\u00e7ons des exp\u00e9riences des autres. Il en va de m\u00eame non seulement en Italie (avec les gr\u00e8ves climatiques de Pise, Turin, Rome, Brescia, Bologne, G\u00eanes, Bari et Tarente), mais aussi dans de nombreux autres pays, o\u00f9 les jeunes sont particuli\u00e8rement mobilis\u00e9s. 70% des \u00e9missions sont produites par les villes, c&rsquo;est donc l\u00e0 qu&rsquo;il faut commencer \u00e0 les r\u00e9duire, \u00e9galement parce que les gouvernements nationaux ignorent souvent le probl\u00e8me ou refusent d&rsquo;agir. C&rsquo;est pourquoi il est important que le programme #FridaysForFuture s&rsquo;\u00e9tende \u00e0 autant de villes que possible, cr\u00e9ant ainsi un effet domino qui, en fin de compte, force \u00e0 agir.<\/p>\n<p><strong>Qu\u2019est-ce que vous attendez de cette mobilisation\u00a0?<\/strong><\/p>\n<p>Les gr\u00e8ves climatiques sont comme une avalanche qui grandit au fur et \u00e0 mesure qu&rsquo;elle progresse. Avoir un rendez-vous hebdomadaire fixe est une grande aide pour la participation. De nombreuses voies peuvent \u00eatre trouv\u00e9es, de nombreuses formules diff\u00e9rentes pour exprimer le m\u00eame message et, en fait, des groupes \u00e9mergents tels que \u00ab\u00a0Scientifiques pour l&rsquo;avenir\u00a0\u00bb, \u00ab\u00a0Parents pour le futur\u00a0\u00bb, \u00ab\u00a0Professeurs pour l&rsquo;avenir\u00a0\u00bb, etc. Il s&rsquo;agit d&rsquo;un ensemble d&rsquo;initiatives qui culmineront avec la gr\u00e8ve mondiale sur le climat du 15 mars, un \u00e9v\u00e9nement en cours d&rsquo;\u00e9laboration auquel participeront plus de 40 pays.<\/p>\n<p><strong>Qu&rsquo;est-ce qui vous motive \u00e0 poursuivre cette d\u00e9marche ?<\/strong><\/p>\n<p>Comme je l&rsquo;ai dit au d\u00e9but, cette activit\u00e9 m&rsquo;a finalement permis de r\u00e9agir \u00e0 l&rsquo;impuissance et \u00e0 la frustration sur la question environnementale. Alors, je fais miennes les paroles de Noam Chomsky : \u00ab\u00a0<em>Nous pouvons \u00eatre pessimistes, nous rendre, et faire en sorte que le pire arrive, ou \u00eatre optimistes, saisir les opportunit\u00e9s qui existent certainement d\u00e9j\u00e0 et peut-\u00eatre aider \u00e0 rendre le monde meilleur<\/em>\u00a0\u00bb. Et aussi celles de Greta Thunberg : \u00ab\u00a0<em>C&rsquo;est vrai, nous avons besoin d&rsquo;espoir mais surtout d&rsquo;action. Une fois qu&rsquo;on commence \u00e0 bouger, l&rsquo;espoir est partout<\/em><em>\u00a0\u00bb<\/em>.<\/p>\n<p>Pour une information sur #FridaysforFuture en France : <a href=\"https:\/\/www.facebook.com\/groups\/507919303056275\/\">https:\/\/www.facebook.com\/groups\/507919303056275\/<\/a><\/p>\n<p>Pour une information sur #FridaysforFuture en Italie\u00a0: <a href=\"https:\/\/www.facebook.com\/fridaysforfutureitaly\/\">https:\/\/www.facebook.com\/fridaysforfutureitaly\/<\/a><\/p>\n<p>Pour une information mondiale sur #FridaysforFuture\u00a0: <a href=\"https:\/\/www.facebook.com\/groups\/929294497203110\/\">https:\/\/www.facebook.com\/groups\/929294497203110\/<\/a><\/p>\n<p><img loading=\"lazy\" decoding=\"async\" class=\"alignnone size-large wp-image-799307\" src=\"https:\/\/www.pressenza.com\/wp-content\/uploads\/2019\/01\/climate-strike-milano-cartelli-720x480.jpg\" alt=\"\" width=\"720\" height=\"480\" srcset=\"https:\/\/www.pressenza.com\/wp-content\/uploads\/2019\/01\/climate-strike-milano-cartelli-720x480.jpg 720w, https:\/\/www.pressenza.com\/wp-content\/uploads\/2019\/01\/climate-strike-milano-cartelli-300x200.jpg 300w, https:\/\/www.pressenza.com\/wp-content\/uploads\/2019\/01\/climate-strike-milano-cartelli-768x512.jpg 768w, https:\/\/www.pressenza.com\/wp-content\/uploads\/2019\/01\/climate-strike-milano-cartelli.jpg 960w\" sizes=\"auto, (max-width: 720px) 100vw, 720px\" \/> <img loading=\"lazy\" decoding=\"async\" class=\"alignnone size-large wp-image-799317\" src=\"https:\/\/www.pressenza.com\/wp-content\/uploads\/2019\/01\/climate-strike-milano-megafono-720x480.jpg\" alt=\"\" width=\"720\" height=\"480\" srcset=\"https:\/\/www.pressenza.com\/wp-content\/uploads\/2019\/01\/climate-strike-milano-megafono-720x480.jpg 720w, https:\/\/www.pressenza.com\/wp-content\/uploads\/2019\/01\/climate-strike-milano-megafono-300x200.jpg 300w, https:\/\/www.pressenza.com\/wp-content\/uploads\/2019\/01\/climate-strike-milano-megafono-768x512.jpg 768w, https:\/\/www.pressenza.com\/wp-content\/uploads\/2019\/01\/climate-strike-milano-megafono.jpg 960w\" sizes=\"auto, (max-width: 720px) 100vw, 720px\" \/> <img loading=\"lazy\" decoding=\"async\" class=\"alignnone size-large wp-image-799326\" src=\"https:\/\/www.pressenza.com\/wp-content\/uploads\/2019\/01\/Climate-strike-Milano-gruppo-720x480.jpg\" alt=\"\" width=\"720\" height=\"480\" srcset=\"https:\/\/www.pressenza.com\/wp-content\/uploads\/2019\/01\/Climate-strike-Milano-gruppo-720x480.jpg 720w, https:\/\/www.pressenza.com\/wp-content\/uploads\/2019\/01\/Climate-strike-Milano-gruppo-300x200.jpg 300w, https:\/\/www.pressenza.com\/wp-content\/uploads\/2019\/01\/Climate-strike-Milano-gruppo-768x512.jpg 768w, https:\/\/www.pressenza.com\/wp-content\/uploads\/2019\/01\/Climate-strike-Milano-gruppo.jpg 960w\" sizes=\"auto, (max-width: 720px) 100vw, 720px\" \/><\/p>\n","protected":false},"excerpt":{"rendered":"<p>\u00c0 l&rsquo;instar de Greta Thunberg, la Su\u00e9doise de 16 ans qui proteste tous les vendredis devant le Parlement pour faire pression sur le gouvernement afin qu&rsquo;il prenne des mesures contre le changement climatique qui menace la plan\u00e8te, les gr\u00e8ves climatiques&hellip;<\/p>\n","protected":false},"author":500,"featured_media":799293,"comment_status":"closed","ping_status":"closed","sticky":false,"template":"","format":"standard","meta":{"footnotes":""},"categories":[11386,97,156],"tags":[54519,6939,54518,54429,54517,54516],"class_list":["post-801819","post","type-post","status-publish","format-standard","has-post-thumbnail","hentry","category-contenu-original","category-environnement-et-ecologie","category-interview-fr","tag-fridaysforfuture-fr","tag-changement-climatique","tag-fridays-for-future-france","tag-greta-thunberg-fr","tag-greve-climatique","tag-greve-pour-le-climat"],"yoast_head":"<!-- This site is optimized with the Yoast SEO plugin v27.1.1 - https:\/\/yoast.com\/product\/yoast-seo-wordpress\/ -->\n<title>Sarah Marder : gr\u00e8ves pour le climat pour ouvrir l&#039;avenir<\/title>\n<meta name=\"description\" content=\"\u00c0 l&#039;instar de Greta Thunberg, la Su\u00e9doise de 16 ans qui proteste tous les vendredis devant le Parlement pour faire pression sur le gouvernement afin qu&#039;il\" \/>\n<meta name=\"robots\" content=\"index, follow, max-snippet:-1, max-image-preview:large, max-video-preview:-1\" \/>\n<link rel=\"canonical\" href=\"https:\/\/www.pressenza.com\/fr\/2019\/02\/sarah-marder-greves-pour-le-climat-pour-ouvrir-lavenir\/\" \/>\n<meta property=\"og:locale\" content=\"fr_FR\" \/>\n<meta property=\"og:type\" content=\"article\" \/>\n<meta property=\"og:title\" content=\"Sarah Marder : gr\u00e8ves pour le climat pour ouvrir l&#039;avenir\" \/>\n<meta property=\"og:description\" content=\"\u00c0 l&#039;instar de Greta Thunberg, la Su\u00e9doise de 16 ans qui proteste tous les vendredis devant le Parlement pour faire pression sur le gouvernement afin qu&#039;il\" \/>\n<meta property=\"og:url\" content=\"https:\/\/www.pressenza.com\/fr\/2019\/02\/sarah-marder-greves-pour-le-climat-pour-ouvrir-lavenir\/\" \/>\n<meta property=\"og:site_name\" content=\"Pressenza\" \/>\n<meta property=\"article:publisher\" content=\"https:\/\/www.facebook.com\/PressenzaItalia\" \/>\n<meta property=\"article:published_time\" content=\"2019-02-04T20:20:34+00:00\" \/>\n<meta property=\"article:modified_time\" content=\"2019-02-04T20:21:43+00:00\" \/>\n<meta property=\"og:image\" content=\"https:\/\/www.pressenza.com\/wp-content\/uploads\/2019\/01\/Climates-strike-Milano.jpg\" \/>\n\t<meta property=\"og:image:width\" content=\"960\" \/>\n\t<meta property=\"og:image:height\" content=\"640\" \/>\n\t<meta property=\"og:image:type\" content=\"image\/jpeg\" \/>\n<meta name=\"author\" content=\"Anna Polo\" \/>\n<meta name=\"twitter:card\" content=\"summary_large_image\" \/>\n<meta name=\"twitter:creator\" content=\"@PressenzaIPA\" \/>\n<meta name=\"twitter:site\" content=\"@PressenzaIPA\" \/>\n<meta name=\"twitter:label1\" content=\"\u00c9crit par\" \/>\n\t<meta name=\"twitter:data1\" content=\"Anna Polo\" \/>\n\t<meta name=\"twitter:label2\" content=\"Dur\u00e9e de lecture estim\u00e9e\" \/>\n\t<meta name=\"twitter:data2\" content=\"4 minutes\" \/>\n<script type=\"application\/ld+json\" class=\"yoast-schema-graph\">{\"@context\":\"https:\/\/schema.org\",\"@graph\":[{\"@type\":\"Article\",\"@id\":\"https:\/\/www.pressenza.com\/fr\/2019\/02\/sarah-marder-greves-pour-le-climat-pour-ouvrir-lavenir\/#article\",\"isPartOf\":{\"@id\":\"https:\/\/www.pressenza.com\/fr\/2019\/02\/sarah-marder-greves-pour-le-climat-pour-ouvrir-lavenir\/\"},\"author\":{\"name\":\"Anna Polo\",\"@id\":\"https:\/\/www.pressenza.com\/fr\/#\/schema\/person\/f361ce2dfe3d4331d5ae6840551ffe67\"},\"headline\":\"Sarah Marder : gr\u00e8ves pour le climat pour ouvrir l&rsquo;avenir\",\"datePublished\":\"2019-02-04T20:20:34+00:00\",\"dateModified\":\"2019-02-04T20:21:43+00:00\",\"mainEntityOfPage\":{\"@id\":\"https:\/\/www.pressenza.com\/fr\/2019\/02\/sarah-marder-greves-pour-le-climat-pour-ouvrir-lavenir\/\"},\"wordCount\":781,\"publisher\":{\"@id\":\"https:\/\/www.pressenza.com\/fr\/#organization\"},\"image\":{\"@id\":\"https:\/\/www.pressenza.com\/fr\/2019\/02\/sarah-marder-greves-pour-le-climat-pour-ouvrir-lavenir\/#primaryimage\"},\"thumbnailUrl\":\"https:\/\/www.pressenza.com\/wp-content\/uploads\/2019\/01\/Climates-strike-Milano.jpg\",\"keywords\":[\"#FridaysForFuture\",\"changement climatique\",\"Fridays for Future-France\",\"Greta Thunberg\",\"gr\u00e8ve climatique\",\"gr\u00e8ve pour le climat\"],\"articleSection\":[\"Contenu Original\",\"Ecologie et Environnement\",\"Interviews\"],\"inLanguage\":\"fr-FR\"},{\"@type\":\"WebPage\",\"@id\":\"https:\/\/www.pressenza.com\/fr\/2019\/02\/sarah-marder-greves-pour-le-climat-pour-ouvrir-lavenir\/\",\"url\":\"https:\/\/www.pressenza.com\/fr\/2019\/02\/sarah-marder-greves-pour-le-climat-pour-ouvrir-lavenir\/\",\"name\":\"Sarah Marder : gr\u00e8ves pour le climat pour ouvrir l'avenir\",\"isPartOf\":{\"@id\":\"https:\/\/www.pressenza.com\/fr\/#website\"},\"primaryImageOfPage\":{\"@id\":\"https:\/\/www.pressenza.com\/fr\/2019\/02\/sarah-marder-greves-pour-le-climat-pour-ouvrir-lavenir\/#primaryimage\"},\"image\":{\"@id\":\"https:\/\/www.pressenza.com\/fr\/2019\/02\/sarah-marder-greves-pour-le-climat-pour-ouvrir-lavenir\/#primaryimage\"},\"thumbnailUrl\":\"https:\/\/www.pressenza.com\/wp-content\/uploads\/2019\/01\/Climates-strike-Milano.jpg\",\"datePublished\":\"2019-02-04T20:20:34+00:00\",\"dateModified\":\"2019-02-04T20:21:43+00:00\",\"description\":\"\u00c0 l'instar de Greta Thunberg, la Su\u00e9doise de 16 ans qui proteste tous les vendredis devant le Parlement pour faire pression sur le gouvernement afin qu'il\",\"breadcrumb\":{\"@id\":\"https:\/\/www.pressenza.com\/fr\/2019\/02\/sarah-marder-greves-pour-le-climat-pour-ouvrir-lavenir\/#breadcrumb\"},\"inLanguage\":\"fr-FR\",\"potentialAction\":[{\"@type\":\"ReadAction\",\"target\":[\"https:\/\/www.pressenza.com\/fr\/2019\/02\/sarah-marder-greves-pour-le-climat-pour-ouvrir-lavenir\/\"]}]},{\"@type\":\"ImageObject\",\"inLanguage\":\"fr-FR\",\"@id\":\"https:\/\/www.pressenza.com\/fr\/2019\/02\/sarah-marder-greves-pour-le-climat-pour-ouvrir-lavenir\/#primaryimage\",\"url\":\"https:\/\/www.pressenza.com\/wp-content\/uploads\/2019\/01\/Climates-strike-Milano.jpg\",\"contentUrl\":\"https:\/\/www.pressenza.com\/wp-content\/uploads\/2019\/01\/Climates-strike-Milano.jpg\",\"width\":960,\"height\":640,\"caption\":\"Marder, scioperi del clima per aprire il futuro\"},{\"@type\":\"BreadcrumbList\",\"@id\":\"https:\/\/www.pressenza.com\/fr\/2019\/02\/sarah-marder-greves-pour-le-climat-pour-ouvrir-lavenir\/#breadcrumb\",\"itemListElement\":[{\"@type\":\"ListItem\",\"position\":1,\"name\":\"Accueil\",\"item\":\"https:\/\/www.pressenza.com\/fr\/\"},{\"@type\":\"ListItem\",\"position\":2,\"name\":\"Sarah Marder : gr\u00e8ves pour le climat pour ouvrir l&rsquo;avenir\"}]},{\"@type\":\"WebSite\",\"@id\":\"https:\/\/www.pressenza.com\/fr\/#website\",\"url\":\"https:\/\/www.pressenza.com\/fr\/\",\"name\":\"Pressenza\",\"description\":\"International Press Agency\",\"publisher\":{\"@id\":\"https:\/\/www.pressenza.com\/fr\/#organization\"},\"potentialAction\":[{\"@type\":\"SearchAction\",\"target\":{\"@type\":\"EntryPoint\",\"urlTemplate\":\"https:\/\/www.pressenza.com\/fr\/?s={search_term_string}\"},\"query-input\":{\"@type\":\"PropertyValueSpecification\",\"valueRequired\":true,\"valueName\":\"search_term_string\"}}],\"inLanguage\":\"fr-FR\"},{\"@type\":\"Organization\",\"@id\":\"https:\/\/www.pressenza.com\/fr\/#organization\",\"name\":\"Pressenza\",\"url\":\"https:\/\/www.pressenza.com\/fr\/\",\"logo\":{\"@type\":\"ImageObject\",\"inLanguage\":\"fr-FR\",\"@id\":\"https:\/\/www.pressenza.com\/fr\/#\/schema\/logo\/image\/\",\"url\":\"https:\/\/www.pressenza.com\/wp-content\/uploads\/2022\/10\/pressenza_logo_200x200.jpg\",\"contentUrl\":\"https:\/\/www.pressenza.com\/wp-content\/uploads\/2022\/10\/pressenza_logo_200x200.jpg\",\"width\":200,\"height\":200,\"caption\":\"Pressenza\"},\"image\":{\"@id\":\"https:\/\/www.pressenza.com\/fr\/#\/schema\/logo\/image\/\"},\"sameAs\":[\"https:\/\/www.facebook.com\/PressenzaItalia\",\"https:\/\/x.com\/PressenzaIPA\"]},{\"@type\":\"Person\",\"@id\":\"https:\/\/www.pressenza.com\/fr\/#\/schema\/person\/f361ce2dfe3d4331d5ae6840551ffe67\",\"name\":\"Anna Polo\",\"description\":\"Impegnata per anni nel campo della pace e della nonviolenza, ha fatto parte dell'equipe relazioni della Marcia Mondiale per la Pace e la Nonviolenza e in seguito di Mondo senza guerre e senza violenza. Attualmente partecipa alla redazione italiana di Pressenza e si occupa principalmente del tema migrazioni, pubblicando articoli e interviste e organizzando eventi.\",\"url\":\"https:\/\/www.pressenza.com\/fr\/author\/anna-polo\/\"}]}<\/script>\n<!-- \/ Yoast SEO plugin. -->","yoast_head_json":{"title":"Sarah Marder : gr\u00e8ves pour le climat pour ouvrir l'avenir","description":"\u00c0 l'instar de Greta Thunberg, la Su\u00e9doise de 16 ans qui proteste tous les vendredis devant le Parlement pour faire pression sur le gouvernement afin qu'il","robots":{"index":"index","follow":"follow","max-snippet":"max-snippet:-1","max-image-preview":"max-image-preview:large","max-video-preview":"max-video-preview:-1"},"canonical":"https:\/\/www.pressenza.com\/fr\/2019\/02\/sarah-marder-greves-pour-le-climat-pour-ouvrir-lavenir\/","og_locale":"fr_FR","og_type":"article","og_title":"Sarah Marder : gr\u00e8ves pour le climat pour ouvrir l'avenir","og_description":"\u00c0 l'instar de Greta Thunberg, la Su\u00e9doise de 16 ans qui proteste tous les vendredis devant le Parlement pour faire pression sur le gouvernement afin qu'il","og_url":"https:\/\/www.pressenza.com\/fr\/2019\/02\/sarah-marder-greves-pour-le-climat-pour-ouvrir-lavenir\/","og_site_name":"Pressenza","article_publisher":"https:\/\/www.facebook.com\/PressenzaItalia","article_published_time":"2019-02-04T20:20:34+00:00","article_modified_time":"2019-02-04T20:21:43+00:00","og_image":[{"width":960,"height":640,"url":"https:\/\/www.pressenza.com\/wp-content\/uploads\/2019\/01\/Climates-strike-Milano.jpg","type":"image\/jpeg"}],"author":"Anna Polo","twitter_card":"summary_large_image","twitter_creator":"@PressenzaIPA","twitter_site":"@PressenzaIPA","twitter_misc":{"\u00c9crit par":"Anna Polo","Dur\u00e9e de lecture estim\u00e9e":"4 minutes"},"schema":{"@context":"https:\/\/schema.org","@graph":[{"@type":"Article","@id":"https:\/\/www.pressenza.com\/fr\/2019\/02\/sarah-marder-greves-pour-le-climat-pour-ouvrir-lavenir\/#article","isPartOf":{"@id":"https:\/\/www.pressenza.com\/fr\/2019\/02\/sarah-marder-greves-pour-le-climat-pour-ouvrir-lavenir\/"},"author":{"name":"Anna Polo","@id":"https:\/\/www.pressenza.com\/fr\/#\/schema\/person\/f361ce2dfe3d4331d5ae6840551ffe67"},"headline":"Sarah Marder : gr\u00e8ves pour le climat pour ouvrir l&rsquo;avenir","datePublished":"2019-02-04T20:20:34+00:00","dateModified":"2019-02-04T20:21:43+00:00","mainEntityOfPage":{"@id":"https:\/\/www.pressenza.com\/fr\/2019\/02\/sarah-marder-greves-pour-le-climat-pour-ouvrir-lavenir\/"},"wordCount":781,"publisher":{"@id":"https:\/\/www.pressenza.com\/fr\/#organization"},"image":{"@id":"https:\/\/www.pressenza.com\/fr\/2019\/02\/sarah-marder-greves-pour-le-climat-pour-ouvrir-lavenir\/#primaryimage"},"thumbnailUrl":"https:\/\/www.pressenza.com\/wp-content\/uploads\/2019\/01\/Climates-strike-Milano.jpg","keywords":["#FridaysForFuture","changement climatique","Fridays for Future-France","Greta Thunberg","gr\u00e8ve climatique","gr\u00e8ve pour le climat"],"articleSection":["Contenu Original","Ecologie et Environnement","Interviews"],"inLanguage":"fr-FR"},{"@type":"WebPage","@id":"https:\/\/www.pressenza.com\/fr\/2019\/02\/sarah-marder-greves-pour-le-climat-pour-ouvrir-lavenir\/","url":"https:\/\/www.pressenza.com\/fr\/2019\/02\/sarah-marder-greves-pour-le-climat-pour-ouvrir-lavenir\/","name":"Sarah Marder : gr\u00e8ves pour le climat pour ouvrir l'avenir","isPartOf":{"@id":"https:\/\/www.pressenza.com\/fr\/#website"},"primaryImageOfPage":{"@id":"https:\/\/www.pressenza.com\/fr\/2019\/02\/sarah-marder-greves-pour-le-climat-pour-ouvrir-lavenir\/#primaryimage"},"image":{"@id":"https:\/\/www.pressenza.com\/fr\/2019\/02\/sarah-marder-greves-pour-le-climat-pour-ouvrir-lavenir\/#primaryimage"},"thumbnailUrl":"https:\/\/www.pressenza.com\/wp-content\/uploads\/2019\/01\/Climates-strike-Milano.jpg","datePublished":"2019-02-04T20:20:34+00:00","dateModified":"2019-02-04T20:21:43+00:00","description":"\u00c0 l'instar de Greta Thunberg, la Su\u00e9doise de 16 ans qui proteste tous les vendredis devant le Parlement pour faire pression sur le gouvernement afin qu'il","breadcrumb":{"@id":"https:\/\/www.pressenza.com\/fr\/2019\/02\/sarah-marder-greves-pour-le-climat-pour-ouvrir-lavenir\/#breadcrumb"},"inLanguage":"fr-FR","potentialAction":[{"@type":"ReadAction","target":["https:\/\/www.pressenza.com\/fr\/2019\/02\/sarah-marder-greves-pour-le-climat-pour-ouvrir-lavenir\/"]}]},{"@type":"ImageObject","inLanguage":"fr-FR","@id":"https:\/\/www.pressenza.com\/fr\/2019\/02\/sarah-marder-greves-pour-le-climat-pour-ouvrir-lavenir\/#primaryimage","url":"https:\/\/www.pressenza.com\/wp-content\/uploads\/2019\/01\/Climates-strike-Milano.jpg","contentUrl":"https:\/\/www.pressenza.com\/wp-content\/uploads\/2019\/01\/Climates-strike-Milano.jpg","width":960,"height":640,"caption":"Marder, scioperi del clima per aprire il futuro"},{"@type":"BreadcrumbList","@id":"https:\/\/www.pressenza.com\/fr\/2019\/02\/sarah-marder-greves-pour-le-climat-pour-ouvrir-lavenir\/#breadcrumb","itemListElement":[{"@type":"ListItem","position":1,"name":"Accueil","item":"https:\/\/www.pressenza.com\/fr\/"},{"@type":"ListItem","position":2,"name":"Sarah Marder : gr\u00e8ves pour le climat pour ouvrir l&rsquo;avenir"}]},{"@type":"WebSite","@id":"https:\/\/www.pressenza.com\/fr\/#website","url":"https:\/\/www.pressenza.com\/fr\/","name":"Pressenza","description":"International Press Agency","publisher":{"@id":"https:\/\/www.pressenza.com\/fr\/#organization"},"potentialAction":[{"@type":"SearchAction","target":{"@type":"EntryPoint","urlTemplate":"https:\/\/www.pressenza.com\/fr\/?s={search_term_string}"},"query-input":{"@type":"PropertyValueSpecification","valueRequired":true,"valueName":"search_term_string"}}],"inLanguage":"fr-FR"},{"@type":"Organization","@id":"https:\/\/www.pressenza.com\/fr\/#organization","name":"Pressenza","url":"https:\/\/www.pressenza.com\/fr\/","logo":{"@type":"ImageObject","inLanguage":"fr-FR","@id":"https:\/\/www.pressenza.com\/fr\/#\/schema\/logo\/image\/","url":"https:\/\/www.pressenza.com\/wp-content\/uploads\/2022\/10\/pressenza_logo_200x200.jpg","contentUrl":"https:\/\/www.pressenza.com\/wp-content\/uploads\/2022\/10\/pressenza_logo_200x200.jpg","width":200,"height":200,"caption":"Pressenza"},"image":{"@id":"https:\/\/www.pressenza.com\/fr\/#\/schema\/logo\/image\/"},"sameAs":["https:\/\/www.facebook.com\/PressenzaItalia","https:\/\/x.com\/PressenzaIPA"]},{"@type":"Person","@id":"https:\/\/www.pressenza.com\/fr\/#\/schema\/person\/f361ce2dfe3d4331d5ae6840551ffe67","name":"Anna Polo","description":"Impegnata per anni nel campo della pace e della nonviolenza, ha fatto parte dell'equipe relazioni della Marcia Mondiale per la Pace e la Nonviolenza e in seguito di Mondo senza guerre e senza violenza. Attualmente partecipa alla redazione italiana di Pressenza e si occupa principalmente del tema migrazioni, pubblicando articoli e interviste e organizzando eventi.","url":"https:\/\/www.pressenza.com\/fr\/author\/anna-polo\/"}]}},"place":"Milan, Italie","original_article_url":"","_links":{"self":[{"href":"https:\/\/www.pressenza.com\/fr\/wp-json\/wp\/v2\/posts\/801819","targetHints":{"allow":["GET"]}}],"collection":[{"href":"https:\/\/www.pressenza.com\/fr\/wp-json\/wp\/v2\/posts"}],"about":[{"href":"https:\/\/www.pressenza.com\/fr\/wp-json\/wp\/v2\/types\/post"}],"author":[{"embeddable":true,"href":"https:\/\/www.pressenza.com\/fr\/wp-json\/wp\/v2\/users\/500"}],"replies":[{"embeddable":true,"href":"https:\/\/www.pressenza.com\/fr\/wp-json\/wp\/v2\/comments?post=801819"}],"version-history":[{"count":0,"href":"https:\/\/www.pressenza.com\/fr\/wp-json\/wp\/v2\/posts\/801819\/revisions"}],"wp:featuredmedia":[{"embeddable":true,"href":"https:\/\/www.pressenza.com\/fr\/wp-json\/wp\/v2\/media\/799293"}],"wp:attachment":[{"href":"https:\/\/www.pressenza.com\/fr\/wp-json\/wp\/v2\/media?parent=801819"}],"wp:term":[{"taxonomy":"category","embeddable":true,"href":"https:\/\/www.pressenza.com\/fr\/wp-json\/wp\/v2\/categories?post=801819"},{"taxonomy":"post_tag","embeddable":true,"href":"https:\/\/www.pressenza.com\/fr\/wp-json\/wp\/v2\/tags?post=801819"}],"curies":[{"name":"wp","href":"https:\/\/api.w.org\/{rel}","templated":true}]}}