{"id":801791,"date":"2019-02-04T19:03:48","date_gmt":"2019-02-04T19:03:48","guid":{"rendered":"https:\/\/www.pressenza.com\/?p=801791"},"modified":"2019-02-04T19:07:20","modified_gmt":"2019-02-04T19:07:20","slug":"en-route-pour-caracas-un-panama-paper","status":"publish","type":"post","link":"https:\/\/www.pressenza.com\/fr\/2019\/02\/en-route-pour-caracas-un-panama-paper\/","title":{"rendered":"En route pour Caracas, un &lsquo;Panama paper&rsquo;"},"content":{"rendered":"<p>Je suis \u00e0 l&rsquo;a\u00e9roport de la ville de Panama. Je vais prendre l&rsquo;avion pour Caracas sous peu. Je pars avec des exc\u00e9dents de bagages, charg\u00e9 de centaines d&rsquo;\u00e9treintes latino-am\u00e9ricains, de bons v\u0153ux pour le peuple v\u00e9n\u00e9zu\u00e9lien et de messages de force pour le gouvernement constitutionnel pr\u00e9sid\u00e9 par Nicol\u00e1s Maduro. Mais la compagnie a\u00e9rienne ne veut pas me faire payer pour \u00eatre en surpoids, la solidarit\u00e9 ne tient pas dans une valise.<\/p>\n<p>Dans un long couloir, qui relie les diff\u00e9rentes parties de l&rsquo;a\u00e9roport, je vois sur un mur vitr\u00e9 une initiative int\u00e9ressante. Le bureau local des Nations Unies a plac\u00e9 le slogan \u00ab\u00a0D\u00c9FEND LES DROITS HUMAINS\u00a0\u00bb en lettres autocollantes. Parmi les beaux visages qui refl\u00e8tent la diversit\u00e9 humaine, on peut lire en anglais \u00ab\u00a0Nous sommes tous \u00e9gaux en dignit\u00e9 et en droits humains\u00a0\u00bb. Soudain, je tourne le regard et d\u00e9couvre devant la murale un grand salon aux conforts int\u00e9ressants pour les voyageurs. Fatigu\u00e9 par le long voyage depuis ma ville natale, je me pr\u00e9pare \u00e0 en profiter, mais une gentille dame et un comptoir m&rsquo;en emp\u00eachent. \u00ab\u00a0C&rsquo;est seulement pour les passagers avec des billets de cat\u00e9gories sup\u00e9rieures\u00a0\u00bb \u2013 me clarifie-t-elle. Des passagers VIP, des gens tr\u00e8s importants, je pense et je regarde \u00e0 nouveau la murale en face, pour voir si elle est toujours l\u00e0.<\/p>\n<p><img loading=\"lazy\" decoding=\"async\" class=\"aligncenter size-full wp-image-801470\" src=\"https:\/\/www.pressenza.com\/wp-content\/uploads\/2019\/02\/ddhh-1.jpg\" alt=\"\" width=\"2048\" height=\"1536\" srcset=\"https:\/\/www.pressenza.com\/wp-content\/uploads\/2019\/02\/ddhh-1.jpg 2048w, https:\/\/www.pressenza.com\/wp-content\/uploads\/2019\/02\/ddhh-1-300x225.jpg 300w, https:\/\/www.pressenza.com\/wp-content\/uploads\/2019\/02\/ddhh-1-768x576.jpg 768w, https:\/\/www.pressenza.com\/wp-content\/uploads\/2019\/02\/ddhh-1-720x540.jpg 720w\" sizes=\"auto, (max-width: 2048px) 100vw, 2048px\" \/><\/p>\n<p><img loading=\"lazy\" decoding=\"async\" class=\"aligncenter size-full wp-image-801479\" src=\"https:\/\/www.pressenza.com\/wp-content\/uploads\/2019\/02\/lounge.jpg\" alt=\"\" width=\"2048\" height=\"1536\" srcset=\"https:\/\/www.pressenza.com\/wp-content\/uploads\/2019\/02\/lounge.jpg 2048w, https:\/\/www.pressenza.com\/wp-content\/uploads\/2019\/02\/lounge-300x225.jpg 300w, https:\/\/www.pressenza.com\/wp-content\/uploads\/2019\/02\/lounge-768x576.jpg 768w, https:\/\/www.pressenza.com\/wp-content\/uploads\/2019\/02\/lounge-720x540.jpg 720w\" sizes=\"auto, (max-width: 2048px) 100vw, 2048px\" \/><\/p>\n<p>Je marche un peu plus quelques m\u00e8tres, encore une fois la murale suggestive, avec les inscriptions cette fois en espagnol. Pour que personne n&rsquo;oublie, il vaut mieux r\u00e9p\u00e9ter. Je regarde le mur de devant et la triste r\u00e9alit\u00e9 se r\u00e9v\u00e8le une fois de plus sous mes yeux. Sur un fond bleu serein, on voit une publicit\u00e9 pour le premier sanatorium priv\u00e9 des \u00c9tats-Unis, le \u00ab\u00a0namber u\u00e0n\u00a0\u00bb de la sant\u00e9. Je ne sais pas si seules des \u00ab\u00a0personnes tr\u00e8s importantes\u00a0\u00bb y sont soign\u00e9es, mais je suis s\u00fbr que l&rsquo;\u00e9galit\u00e9 de dignit\u00e9 et de droits restera certainement \u00e0 la porte, si vous ne pouvez pas payer pour cela.<\/p>\n<p><img loading=\"lazy\" decoding=\"async\" class=\"aligncenter size-full wp-image-801488\" src=\"https:\/\/www.pressenza.com\/wp-content\/uploads\/2019\/02\/hospital.jpg\" alt=\"\" width=\"2048\" height=\"1536\" srcset=\"https:\/\/www.pressenza.com\/wp-content\/uploads\/2019\/02\/hospital.jpg 2048w, https:\/\/www.pressenza.com\/wp-content\/uploads\/2019\/02\/hospital-300x225.jpg 300w, https:\/\/www.pressenza.com\/wp-content\/uploads\/2019\/02\/hospital-768x576.jpg 768w, https:\/\/www.pressenza.com\/wp-content\/uploads\/2019\/02\/hospital-720x540.jpg 720w\" sizes=\"auto, (max-width: 2048px) 100vw, 2048px\" \/><\/p>\n<p>L&rsquo;\u00c9tat panam\u00e9en y a \u00e9galement install\u00e9 un bureau avec de belles images de ses paysages naturels. Sur la fa\u00e7ade, un \u00e9cran num\u00e9rique invite, en espagnol, anglais et chinois, des investisseurs \u00e0 collaborer \u00e0 la destruction de ces paysages. Il y a aussi des noms embl\u00e9matiques de la vision gouvernementale. Je cherche des mots comme \u00ab\u00a0libert\u00e9\u00a0\u00bb, \u00ab\u00a0\u00e9galit\u00e9\u00a0\u00bb, \u00ab\u00a0fraternit\u00e9\u00a0\u00bb, mais je ne les trouve pas.<\/p>\n<p><img loading=\"lazy\" decoding=\"async\" class=\"aligncenter size-full wp-image-801497\" src=\"https:\/\/www.pressenza.com\/wp-content\/uploads\/2019\/02\/panama2.jpg\" alt=\"\" width=\"1536\" height=\"2048\" srcset=\"https:\/\/www.pressenza.com\/wp-content\/uploads\/2019\/02\/panama2.jpg 1536w, https:\/\/www.pressenza.com\/wp-content\/uploads\/2019\/02\/panama2-225x300.jpg 225w, https:\/\/www.pressenza.com\/wp-content\/uploads\/2019\/02\/panama2-768x1024.jpg 768w, https:\/\/www.pressenza.com\/wp-content\/uploads\/2019\/02\/panama2-720x960.jpg 720w\" sizes=\"auto, (max-width: 1536px) 100vw, 1536px\" \/><\/p>\n<p>Je regarde les gens qui travaillent ici. \u00c0 ceux qui fr\u00e9quentent les boutiques \u2013 comme on dit ici \u2013, aux employ\u00e9s de l&rsquo;a\u00e9roport, aux policiers, aux filles qui nettoient, aux messieurs qui s&rsquo;occupent des ordures. Ils sont presque tous noirs ou descendants d&rsquo;indig\u00e8nes, tous \u00e0 peine m\u00e9tis, indubitablement membres de ce peuple aussi colonis\u00e9 que les autres peuples en Am\u00e9rique latine et dans les Cara\u00efbes. Mais au Panama, avec une colonisation excessive. Les \u00ab\u00a0gringos\u00a0\u00bb ont \u00e9t\u00e9 pendant pr\u00e8s d&rsquo;un si\u00e8cle propri\u00e9taires d&rsquo;une de leurs ressources les plus importantes, une voie de navigation entre le Pacifique et les Cara\u00efbes. Canal qui a donn\u00e9 naissance \u00e0 ce pays, le s\u00e9parant de la Colombie. Des si\u00e8cles d&rsquo;esclavage et d&rsquo;opprobre, l\u00e9galement bannis depuis quelques g\u00e9n\u00e9rations, ne disparaissent pas facilement. Le z\u00e8le raciste non plus. Comme une farce macabre, l&rsquo;entreprise engag\u00e9e pour faire dispara\u00eetre les ordures, dont les ouvriers sont presque enti\u00e8rement \u00e0 peau cuivre, noir et mul\u00e2tre, s&rsquo;appelle \u00ab\u00a0Men in White\u00a0\u00bb.<\/p>\n<p><img loading=\"lazy\" decoding=\"async\" class=\"aligncenter size-full wp-image-801506\" src=\"https:\/\/www.pressenza.com\/wp-content\/uploads\/2019\/02\/hombres-de-blanco.jpg\" alt=\"\" width=\"2048\" height=\"1536\" srcset=\"https:\/\/www.pressenza.com\/wp-content\/uploads\/2019\/02\/hombres-de-blanco.jpg 2048w, https:\/\/www.pressenza.com\/wp-content\/uploads\/2019\/02\/hombres-de-blanco-300x225.jpg 300w, https:\/\/www.pressenza.com\/wp-content\/uploads\/2019\/02\/hombres-de-blanco-768x576.jpg 768w, https:\/\/www.pressenza.com\/wp-content\/uploads\/2019\/02\/hombres-de-blanco-720x540.jpg 720w\" sizes=\"auto, (max-width: 2048px) 100vw, 2048px\" \/><\/p>\n<p>Plus loin, une bijouterie attire des clients potentiels avec un c\u0153ur \u00e9norme, rappelant ainsi la proximit\u00e9 de la Saint-Valentin. Une c\u00e9l\u00e9bration \u00e9galement import\u00e9e du Nord, dans laquelle l&rsquo;Amour \u2013 du moins selon ce business \u2013 devrait \u00eatre accompagn\u00e9 d&rsquo;une pierre pr\u00e9cieuse. Peut-\u00eatre pour qu&rsquo;un peu de lumi\u00e8re s&rsquo;allume dans les relations. Montrez que vous aimez et que vous pouvez le prouver, il semble que ce soit le message.<\/p>\n<p><img loading=\"lazy\" decoding=\"async\" class=\"aligncenter size-full wp-image-801515\" src=\"https:\/\/www.pressenza.com\/wp-content\/uploads\/2019\/02\/corazon.jpg\" alt=\"\" width=\"2048\" height=\"1536\" srcset=\"https:\/\/www.pressenza.com\/wp-content\/uploads\/2019\/02\/corazon.jpg 2048w, https:\/\/www.pressenza.com\/wp-content\/uploads\/2019\/02\/corazon-300x225.jpg 300w, https:\/\/www.pressenza.com\/wp-content\/uploads\/2019\/02\/corazon-768x576.jpg 768w, https:\/\/www.pressenza.com\/wp-content\/uploads\/2019\/02\/corazon-720x540.jpg 720w\" sizes=\"auto, (max-width: 2048px) 100vw, 2048px\" \/><\/p>\n<p>Je me souviens encore une fois de l&rsquo;inscription des Nations Unies et je me demande combien de temps nous vivrons dans l&rsquo;hypocrisie capitaliste ? Malheureusement, je n&rsquo;ai pas le temps d&rsquo;approfondir ma r\u00e9flexion. L&rsquo;internet de l&rsquo;a\u00e9roport est gratuit pour seulement 30 minutes.<\/p>\n","protected":false},"excerpt":{"rendered":"<p>Je suis \u00e0 l&rsquo;a\u00e9roport de la ville de Panama. Je vais prendre l&rsquo;avion pour Caracas sous peu. Je pars avec des exc\u00e9dents de bagages, charg\u00e9 de centaines d&rsquo;\u00e9treintes latino-am\u00e9ricains, de bons v\u0153ux pour le peuple v\u00e9n\u00e9zu\u00e9lien et de messages de&hellip;<\/p>\n","protected":false},"author":970,"featured_media":801527,"comment_status":"closed","ping_status":"closed","sticky":false,"template":"","format":"standard","meta":{"footnotes":""},"categories":[88,11386,98,1246,5700],"tags":[851,1371,7638],"class_list":["post-801791","post","type-post","status-publish","format-standard","has-post-thumbnail","hentry","category-amerique-centrale","category-contenu-original","category-droits-de-lhomme","category-humanisme-spiritualite","category-reportages-photo","tag-capitalisme","tag-non-discrimination-2","tag-panama-fr"],"yoast_head":"<!-- This site is optimized with the Yoast SEO plugin v27.1.1 - https:\/\/yoast.com\/product\/yoast-seo-wordpress\/ -->\n<title>En route pour Caracas, un &#039;Panama paper&#039;<\/title>\n<meta name=\"description\" content=\"Je suis \u00e0 l&#039;a\u00e9roport de la ville de Panama. Je vais prendre l&#039;avion pour Caracas sous peu. Je pars avec des exc\u00e9dents de bagages, charg\u00e9 de centaines\" \/>\n<meta name=\"robots\" content=\"index, follow, max-snippet:-1, max-image-preview:large, max-video-preview:-1\" \/>\n<link rel=\"canonical\" href=\"https:\/\/www.pressenza.com\/fr\/2019\/02\/en-route-pour-caracas-un-panama-paper\/\" \/>\n<meta property=\"og:locale\" content=\"fr_FR\" \/>\n<meta property=\"og:type\" content=\"article\" \/>\n<meta property=\"og:title\" content=\"En route pour Caracas, un &#039;Panama paper&#039;\" \/>\n<meta property=\"og:description\" content=\"Je suis \u00e0 l&#039;a\u00e9roport de la ville de Panama. Je vais prendre l&#039;avion pour Caracas sous peu. Je pars avec des exc\u00e9dents de bagages, charg\u00e9 de centaines\" \/>\n<meta property=\"og:url\" content=\"https:\/\/www.pressenza.com\/fr\/2019\/02\/en-route-pour-caracas-un-panama-paper\/\" \/>\n<meta property=\"og:site_name\" content=\"Pressenza\" \/>\n<meta property=\"article:publisher\" content=\"https:\/\/www.facebook.com\/PressenzaItalia\" \/>\n<meta property=\"article:author\" content=\"https:\/\/www.facebook.com\/javier.tolcachier?fref=ts\" \/>\n<meta property=\"article:published_time\" content=\"2019-02-04T19:03:48+00:00\" \/>\n<meta property=\"article:modified_time\" content=\"2019-02-04T19:07:20+00:00\" \/>\n<meta property=\"og:image\" content=\"https:\/\/www.pressenza.com\/wp-content\/uploads\/2019\/02\/panama1.jpg\" \/>\n\t<meta property=\"og:image:width\" content=\"2048\" \/>\n\t<meta property=\"og:image:height\" content=\"1536\" \/>\n\t<meta property=\"og:image:type\" content=\"image\/jpeg\" \/>\n<meta name=\"author\" content=\"Javier Tolcachier\" \/>\n<meta name=\"twitter:card\" content=\"summary_large_image\" \/>\n<meta name=\"twitter:creator\" content=\"@jtolcachier\" \/>\n<meta name=\"twitter:site\" content=\"@PressenzaIPA\" \/>\n<meta name=\"twitter:label1\" content=\"\u00c9crit par\" \/>\n\t<meta name=\"twitter:data1\" content=\"Javier Tolcachier\" \/>\n\t<meta name=\"twitter:label2\" content=\"Dur\u00e9e de lecture estim\u00e9e\" \/>\n\t<meta name=\"twitter:data2\" content=\"4 minutes\" \/>\n<script type=\"application\/ld+json\" class=\"yoast-schema-graph\">{\"@context\":\"https:\/\/schema.org\",\"@graph\":[{\"@type\":\"Article\",\"@id\":\"https:\/\/www.pressenza.com\/fr\/2019\/02\/en-route-pour-caracas-un-panama-paper\/#article\",\"isPartOf\":{\"@id\":\"https:\/\/www.pressenza.com\/fr\/2019\/02\/en-route-pour-caracas-un-panama-paper\/\"},\"author\":{\"name\":\"Javier Tolcachier\",\"@id\":\"https:\/\/www.pressenza.com\/fr\/#\/schema\/person\/f353f6d4eed144101dedba60e6227564\"},\"headline\":\"En route pour Caracas, un &lsquo;Panama paper&rsquo;\",\"datePublished\":\"2019-02-04T19:03:48+00:00\",\"dateModified\":\"2019-02-04T19:07:20+00:00\",\"mainEntityOfPage\":{\"@id\":\"https:\/\/www.pressenza.com\/fr\/2019\/02\/en-route-pour-caracas-un-panama-paper\/\"},\"wordCount\":734,\"publisher\":{\"@id\":\"https:\/\/www.pressenza.com\/fr\/#organization\"},\"image\":{\"@id\":\"https:\/\/www.pressenza.com\/fr\/2019\/02\/en-route-pour-caracas-un-panama-paper\/#primaryimage\"},\"thumbnailUrl\":\"https:\/\/www.pressenza.com\/wp-content\/uploads\/2019\/02\/panama1.jpg\",\"keywords\":[\"capitalisme\",\"non-discrimination\",\"Panama\"],\"articleSection\":[\"Am\u00e9rique centrale\",\"Contenu Original\",\"Droits humains\",\"Humanisme et Spiritualit\u00e9\",\"Reportages photo\"],\"inLanguage\":\"fr-FR\"},{\"@type\":\"WebPage\",\"@id\":\"https:\/\/www.pressenza.com\/fr\/2019\/02\/en-route-pour-caracas-un-panama-paper\/\",\"url\":\"https:\/\/www.pressenza.com\/fr\/2019\/02\/en-route-pour-caracas-un-panama-paper\/\",\"name\":\"En route pour Caracas, un 'Panama paper'\",\"isPartOf\":{\"@id\":\"https:\/\/www.pressenza.com\/fr\/#website\"},\"primaryImageOfPage\":{\"@id\":\"https:\/\/www.pressenza.com\/fr\/2019\/02\/en-route-pour-caracas-un-panama-paper\/#primaryimage\"},\"image\":{\"@id\":\"https:\/\/www.pressenza.com\/fr\/2019\/02\/en-route-pour-caracas-un-panama-paper\/#primaryimage\"},\"thumbnailUrl\":\"https:\/\/www.pressenza.com\/wp-content\/uploads\/2019\/02\/panama1.jpg\",\"datePublished\":\"2019-02-04T19:03:48+00:00\",\"dateModified\":\"2019-02-04T19:07:20+00:00\",\"description\":\"Je suis \u00e0 l'a\u00e9roport de la ville de Panama. Je vais prendre l'avion pour Caracas sous peu. Je pars avec des exc\u00e9dents de bagages, charg\u00e9 de centaines\",\"breadcrumb\":{\"@id\":\"https:\/\/www.pressenza.com\/fr\/2019\/02\/en-route-pour-caracas-un-panama-paper\/#breadcrumb\"},\"inLanguage\":\"fr-FR\",\"potentialAction\":[{\"@type\":\"ReadAction\",\"target\":[\"https:\/\/www.pressenza.com\/fr\/2019\/02\/en-route-pour-caracas-un-panama-paper\/\"]}]},{\"@type\":\"ImageObject\",\"inLanguage\":\"fr-FR\",\"@id\":\"https:\/\/www.pressenza.com\/fr\/2019\/02\/en-route-pour-caracas-un-panama-paper\/#primaryimage\",\"url\":\"https:\/\/www.pressenza.com\/wp-content\/uploads\/2019\/02\/panama1.jpg\",\"contentUrl\":\"https:\/\/www.pressenza.com\/wp-content\/uploads\/2019\/02\/panama1.jpg\",\"width\":2048,\"height\":1536},{\"@type\":\"BreadcrumbList\",\"@id\":\"https:\/\/www.pressenza.com\/fr\/2019\/02\/en-route-pour-caracas-un-panama-paper\/#breadcrumb\",\"itemListElement\":[{\"@type\":\"ListItem\",\"position\":1,\"name\":\"Accueil\",\"item\":\"https:\/\/www.pressenza.com\/fr\/\"},{\"@type\":\"ListItem\",\"position\":2,\"name\":\"En route pour Caracas, un &lsquo;Panama paper&rsquo;\"}]},{\"@type\":\"WebSite\",\"@id\":\"https:\/\/www.pressenza.com\/fr\/#website\",\"url\":\"https:\/\/www.pressenza.com\/fr\/\",\"name\":\"Pressenza\",\"description\":\"International Press Agency\",\"publisher\":{\"@id\":\"https:\/\/www.pressenza.com\/fr\/#organization\"},\"potentialAction\":[{\"@type\":\"SearchAction\",\"target\":{\"@type\":\"EntryPoint\",\"urlTemplate\":\"https:\/\/www.pressenza.com\/fr\/?s={search_term_string}\"},\"query-input\":{\"@type\":\"PropertyValueSpecification\",\"valueRequired\":true,\"valueName\":\"search_term_string\"}}],\"inLanguage\":\"fr-FR\"},{\"@type\":\"Organization\",\"@id\":\"https:\/\/www.pressenza.com\/fr\/#organization\",\"name\":\"Pressenza\",\"url\":\"https:\/\/www.pressenza.com\/fr\/\",\"logo\":{\"@type\":\"ImageObject\",\"inLanguage\":\"fr-FR\",\"@id\":\"https:\/\/www.pressenza.com\/fr\/#\/schema\/logo\/image\/\",\"url\":\"https:\/\/www.pressenza.com\/wp-content\/uploads\/2022\/10\/pressenza_logo_200x200.jpg\",\"contentUrl\":\"https:\/\/www.pressenza.com\/wp-content\/uploads\/2022\/10\/pressenza_logo_200x200.jpg\",\"width\":200,\"height\":200,\"caption\":\"Pressenza\"},\"image\":{\"@id\":\"https:\/\/www.pressenza.com\/fr\/#\/schema\/logo\/image\/\"},\"sameAs\":[\"https:\/\/www.facebook.com\/PressenzaItalia\",\"https:\/\/x.com\/PressenzaIPA\"]},{\"@type\":\"Person\",\"@id\":\"https:\/\/www.pressenza.com\/fr\/#\/schema\/person\/f353f6d4eed144101dedba60e6227564\",\"name\":\"Javier Tolcachier\",\"description\":\"Javier Tolcachier is a researcher from the World Centre of Humanist Studies, an organism of the Humanist Movement. Mail: javiertolcachier@disroot.org Twitter: @jtolcachier\",\"sameAs\":[\"https:\/\/www.facebook.com\/javier.tolcachier?fref=ts\",\"https:\/\/x.com\/jtolcachier\"],\"url\":\"https:\/\/www.pressenza.com\/fr\/author\/javier-tolcachier\/\"}]}<\/script>\n<!-- \/ Yoast SEO plugin. -->","yoast_head_json":{"title":"En route pour Caracas, un 'Panama paper'","description":"Je suis \u00e0 l'a\u00e9roport de la ville de Panama. Je vais prendre l'avion pour Caracas sous peu. Je pars avec des exc\u00e9dents de bagages, charg\u00e9 de centaines","robots":{"index":"index","follow":"follow","max-snippet":"max-snippet:-1","max-image-preview":"max-image-preview:large","max-video-preview":"max-video-preview:-1"},"canonical":"https:\/\/www.pressenza.com\/fr\/2019\/02\/en-route-pour-caracas-un-panama-paper\/","og_locale":"fr_FR","og_type":"article","og_title":"En route pour Caracas, un 'Panama paper'","og_description":"Je suis \u00e0 l'a\u00e9roport de la ville de Panama. Je vais prendre l'avion pour Caracas sous peu. Je pars avec des exc\u00e9dents de bagages, charg\u00e9 de centaines","og_url":"https:\/\/www.pressenza.com\/fr\/2019\/02\/en-route-pour-caracas-un-panama-paper\/","og_site_name":"Pressenza","article_publisher":"https:\/\/www.facebook.com\/PressenzaItalia","article_author":"https:\/\/www.facebook.com\/javier.tolcachier?fref=ts","article_published_time":"2019-02-04T19:03:48+00:00","article_modified_time":"2019-02-04T19:07:20+00:00","og_image":[{"width":2048,"height":1536,"url":"https:\/\/www.pressenza.com\/wp-content\/uploads\/2019\/02\/panama1.jpg","type":"image\/jpeg"}],"author":"Javier Tolcachier","twitter_card":"summary_large_image","twitter_creator":"@jtolcachier","twitter_site":"@PressenzaIPA","twitter_misc":{"\u00c9crit par":"Javier Tolcachier","Dur\u00e9e de lecture estim\u00e9e":"4 minutes"},"schema":{"@context":"https:\/\/schema.org","@graph":[{"@type":"Article","@id":"https:\/\/www.pressenza.com\/fr\/2019\/02\/en-route-pour-caracas-un-panama-paper\/#article","isPartOf":{"@id":"https:\/\/www.pressenza.com\/fr\/2019\/02\/en-route-pour-caracas-un-panama-paper\/"},"author":{"name":"Javier Tolcachier","@id":"https:\/\/www.pressenza.com\/fr\/#\/schema\/person\/f353f6d4eed144101dedba60e6227564"},"headline":"En route pour Caracas, un &lsquo;Panama paper&rsquo;","datePublished":"2019-02-04T19:03:48+00:00","dateModified":"2019-02-04T19:07:20+00:00","mainEntityOfPage":{"@id":"https:\/\/www.pressenza.com\/fr\/2019\/02\/en-route-pour-caracas-un-panama-paper\/"},"wordCount":734,"publisher":{"@id":"https:\/\/www.pressenza.com\/fr\/#organization"},"image":{"@id":"https:\/\/www.pressenza.com\/fr\/2019\/02\/en-route-pour-caracas-un-panama-paper\/#primaryimage"},"thumbnailUrl":"https:\/\/www.pressenza.com\/wp-content\/uploads\/2019\/02\/panama1.jpg","keywords":["capitalisme","non-discrimination","Panama"],"articleSection":["Am\u00e9rique centrale","Contenu Original","Droits humains","Humanisme et Spiritualit\u00e9","Reportages photo"],"inLanguage":"fr-FR"},{"@type":"WebPage","@id":"https:\/\/www.pressenza.com\/fr\/2019\/02\/en-route-pour-caracas-un-panama-paper\/","url":"https:\/\/www.pressenza.com\/fr\/2019\/02\/en-route-pour-caracas-un-panama-paper\/","name":"En route pour Caracas, un 'Panama paper'","isPartOf":{"@id":"https:\/\/www.pressenza.com\/fr\/#website"},"primaryImageOfPage":{"@id":"https:\/\/www.pressenza.com\/fr\/2019\/02\/en-route-pour-caracas-un-panama-paper\/#primaryimage"},"image":{"@id":"https:\/\/www.pressenza.com\/fr\/2019\/02\/en-route-pour-caracas-un-panama-paper\/#primaryimage"},"thumbnailUrl":"https:\/\/www.pressenza.com\/wp-content\/uploads\/2019\/02\/panama1.jpg","datePublished":"2019-02-04T19:03:48+00:00","dateModified":"2019-02-04T19:07:20+00:00","description":"Je suis \u00e0 l'a\u00e9roport de la ville de Panama. Je vais prendre l'avion pour Caracas sous peu. Je pars avec des exc\u00e9dents de bagages, charg\u00e9 de centaines","breadcrumb":{"@id":"https:\/\/www.pressenza.com\/fr\/2019\/02\/en-route-pour-caracas-un-panama-paper\/#breadcrumb"},"inLanguage":"fr-FR","potentialAction":[{"@type":"ReadAction","target":["https:\/\/www.pressenza.com\/fr\/2019\/02\/en-route-pour-caracas-un-panama-paper\/"]}]},{"@type":"ImageObject","inLanguage":"fr-FR","@id":"https:\/\/www.pressenza.com\/fr\/2019\/02\/en-route-pour-caracas-un-panama-paper\/#primaryimage","url":"https:\/\/www.pressenza.com\/wp-content\/uploads\/2019\/02\/panama1.jpg","contentUrl":"https:\/\/www.pressenza.com\/wp-content\/uploads\/2019\/02\/panama1.jpg","width":2048,"height":1536},{"@type":"BreadcrumbList","@id":"https:\/\/www.pressenza.com\/fr\/2019\/02\/en-route-pour-caracas-un-panama-paper\/#breadcrumb","itemListElement":[{"@type":"ListItem","position":1,"name":"Accueil","item":"https:\/\/www.pressenza.com\/fr\/"},{"@type":"ListItem","position":2,"name":"En route pour Caracas, un &lsquo;Panama paper&rsquo;"}]},{"@type":"WebSite","@id":"https:\/\/www.pressenza.com\/fr\/#website","url":"https:\/\/www.pressenza.com\/fr\/","name":"Pressenza","description":"International Press Agency","publisher":{"@id":"https:\/\/www.pressenza.com\/fr\/#organization"},"potentialAction":[{"@type":"SearchAction","target":{"@type":"EntryPoint","urlTemplate":"https:\/\/www.pressenza.com\/fr\/?s={search_term_string}"},"query-input":{"@type":"PropertyValueSpecification","valueRequired":true,"valueName":"search_term_string"}}],"inLanguage":"fr-FR"},{"@type":"Organization","@id":"https:\/\/www.pressenza.com\/fr\/#organization","name":"Pressenza","url":"https:\/\/www.pressenza.com\/fr\/","logo":{"@type":"ImageObject","inLanguage":"fr-FR","@id":"https:\/\/www.pressenza.com\/fr\/#\/schema\/logo\/image\/","url":"https:\/\/www.pressenza.com\/wp-content\/uploads\/2022\/10\/pressenza_logo_200x200.jpg","contentUrl":"https:\/\/www.pressenza.com\/wp-content\/uploads\/2022\/10\/pressenza_logo_200x200.jpg","width":200,"height":200,"caption":"Pressenza"},"image":{"@id":"https:\/\/www.pressenza.com\/fr\/#\/schema\/logo\/image\/"},"sameAs":["https:\/\/www.facebook.com\/PressenzaItalia","https:\/\/x.com\/PressenzaIPA"]},{"@type":"Person","@id":"https:\/\/www.pressenza.com\/fr\/#\/schema\/person\/f353f6d4eed144101dedba60e6227564","name":"Javier Tolcachier","description":"Javier Tolcachier is a researcher from the World Centre of Humanist Studies, an organism of the Humanist Movement. Mail: javiertolcachier@disroot.org Twitter: @jtolcachier","sameAs":["https:\/\/www.facebook.com\/javier.tolcachier?fref=ts","https:\/\/x.com\/jtolcachier"],"url":"https:\/\/www.pressenza.com\/fr\/author\/javier-tolcachier\/"}]}},"place":"Ville de Panama, Panama","original_article_url":"","_links":{"self":[{"href":"https:\/\/www.pressenza.com\/fr\/wp-json\/wp\/v2\/posts\/801791","targetHints":{"allow":["GET"]}}],"collection":[{"href":"https:\/\/www.pressenza.com\/fr\/wp-json\/wp\/v2\/posts"}],"about":[{"href":"https:\/\/www.pressenza.com\/fr\/wp-json\/wp\/v2\/types\/post"}],"author":[{"embeddable":true,"href":"https:\/\/www.pressenza.com\/fr\/wp-json\/wp\/v2\/users\/970"}],"replies":[{"embeddable":true,"href":"https:\/\/www.pressenza.com\/fr\/wp-json\/wp\/v2\/comments?post=801791"}],"version-history":[{"count":0,"href":"https:\/\/www.pressenza.com\/fr\/wp-json\/wp\/v2\/posts\/801791\/revisions"}],"wp:featuredmedia":[{"embeddable":true,"href":"https:\/\/www.pressenza.com\/fr\/wp-json\/wp\/v2\/media\/801527"}],"wp:attachment":[{"href":"https:\/\/www.pressenza.com\/fr\/wp-json\/wp\/v2\/media?parent=801791"}],"wp:term":[{"taxonomy":"category","embeddable":true,"href":"https:\/\/www.pressenza.com\/fr\/wp-json\/wp\/v2\/categories?post=801791"},{"taxonomy":"post_tag","embeddable":true,"href":"https:\/\/www.pressenza.com\/fr\/wp-json\/wp\/v2\/tags?post=801791"}],"curies":[{"name":"wp","href":"https:\/\/api.w.org\/{rel}","templated":true}]}}