{"id":80148,"date":"2013-12-10T05:43:20","date_gmt":"2013-12-10T05:43:20","guid":{"rendered":"http:\/\/www.pressenza.com\/?p=80148"},"modified":"2013-12-10T05:43:20","modified_gmt":"2013-12-10T05:43:20","slug":"la-place-de-la-femme-cuba","status":"publish","type":"post","link":"https:\/\/www.pressenza.com\/fr\/2013\/12\/la-place-de-la-femme-cuba\/","title":{"rendered":"La place de la femme \u00e0 Cuba"},"content":{"rendered":"<p><i>Lors d\u2019une visioconf\u00e9rence organis\u00e9e par le D\u00e9partement d\u2019Etat des Etats-Unis le 29 octobre 2013, la c\u00e9l\u00e8bre dissidente cubaine a regrett\u00e9 le r\u00f4le \u00ab\u00a0marginal\u00a0\u00bb de la femme \u00e0 Cuba. Selon Yoani S\u00e1nchez, la femme cubaine constitue le \u00ab\u00a0dernier maillon d\u2019une cha\u00eene non-production et d\u2019inefficacit\u00e9\u00a0\u00bb. Voici quelques v\u00e9rit\u00e9s \u00e0 ce sujet qui contredisent son point de vue.<\/i><\/p>\n<p>1.\u00a0\u00a0\u00a0\u00a0\u00a0Depuis le triomphe de la R\u00e9volution en 1959, l\u2019Etat cubain a fait de l\u2019\u00e9mancipation de la femme l\u2019une de ses principales priorit\u00e9s, avec la cr\u00e9ation en ao\u00fbt 1960 de la F\u00e9d\u00e9ration des femmes cubaines (FMC) fond\u00e9e par Vilma Esp\u00edn, qui compte aujourd\u2019hui plus de 4 millions de membres.<\/p>\n<p>&nbsp;<\/p>\n<p>2.\u00a0\u00a0\u00a0\u00a0\u00a0Avant 1959, les femmes ne repr\u00e9sentaient que 12% de la population active et recevaient une r\u00e9mun\u00e9ration sensiblement inf\u00e9rieure \u00e0 celle des hommes pour un emploi \u00e9quivalent.<\/p>\n<p>&nbsp;<\/p>\n<p>3.\u00a0\u00a0\u00a0\u00a0\u00a0Aujourd\u2019hui, \u00e0 travail \u00e9gal, la l\u00e9gislation cubaine impose que le salaire de la femme soit strictement le m\u00eame que celui de l\u2019homme.<\/p>\n<p>&nbsp;<\/p>\n<p>4.\u00a0\u00a0\u00a0\u00a0\u00a0Cuba est le premier pays au monde \u00e0 avoir sign\u00e9 la Convention sur l\u2019Elimination de toutes les formes de discrimination contre la femme, et le second \u00e0 l\u2019avoir ratifi\u00e9e.<\/p>\n<p>&nbsp;<\/p>\n<p>5.\u00a0\u00a0\u00a0\u00a0\u00a0Des 31 membres du Conseil d\u2019Etat cubain, 13 sont des femmes, soit 41,9%.<\/p>\n<p>&nbsp;<\/p>\n<p>6.\u00a0\u00a0\u00a0\u00a0\u00a0Il a 8 femmes ministres sur 34, soit 23,5%.<\/p>\n<p>&nbsp;<\/p>\n<p>7.\u00a0\u00a0\u00a0\u00a0\u00a0Au Parlement cubain, sur les 612 d\u00e9put\u00e9s, 299 sont des femmes, soit 48,66%.<\/p>\n<p>&nbsp;<\/p>\n<p>8.\u00a0\u00a0\u00a0\u00a0\u00a0Cuba occupe le troisi\u00e8me rang mondial du plus grand pourcentage de femmes \u00e9lues d\u00e9put\u00e9s. Les Etats-Unis occupent le rang 80.<\/p>\n<p>&nbsp;<\/p>\n<p>9.\u00a0\u00a0\u00a0\u00a0\u00a0Mar\u00eda Mari Machado, une femme, occupe la vice-pr\u00e9sidence du Parlement cubain.<\/p>\n<p>&nbsp;<\/p>\n<p>10.\u00a0\u00a0Sur les 1268 \u00e9lus aux Assembl\u00e9es provinciales, 48,36% sont des femmes.<\/p>\n<p>&nbsp;<\/p>\n<p>11.\u00a0\u00a0Les femmes cubaines pr\u00e9sident 10 des 15 Assembl\u00e9es provinciales du pays, soit 66,6%, et occupent la vice-pr\u00e9sidence dans 7 d\u2019entre elles, soit 46,6%.<\/p>\n<p>&nbsp;<\/p>\n<p>12.\u00a0\u00a0Il n\u2019existe aucune loi \u00e0 Cuba obligeant \u00e0 la parit\u00e9 pour les postes politiques.<\/p>\n<p>&nbsp;<\/p>\n<p>13.\u00a0\u00a0Sur les 115 membres du Comit\u00e9 Central du Parti Communiste cubain, 49 sont des femmes, soit 42,6%.<\/p>\n<p>&nbsp;<\/p>\n<p>14.\u00a0\u00a0La secr\u00e9taire du Parti communiste Cuba pour la province de La Havane, la plus importante du pays, est une femme noire de moins de cinquante ans nomm\u00e9e\u00a0<strong>L\u00e1zara Mercedes L\u00f3pez Acea<\/strong>. Elle est \u00e9galement vice-pr\u00e9sidente du Conseil d\u2019Etat et du Conseil des Ministres.<\/p>\n<p>&nbsp;<\/p>\n<p>15.\u00a0\u00a0Sur les 16 dirigeants syndicaux provinciaux de la Conf\u00e9d\u00e9ration des travailleurs cubains (CTC), 9 sont des femmes, soit 56,25%.<\/p>\n<p>&nbsp;<\/p>\n<p>16.\u00a0\u00a0Pr\u00e8s de 60% des \u00e9tudiants cubains sont des femmes.<\/p>\n<p>&nbsp;<\/p>\n<p>17.\u00a0\u00a0Depuis 1980, les femmes actives disposent en moyenne d\u2019un niveau de formation sup\u00e9rieur \u00e0 celui des hommes actifs.<\/p>\n<p>&nbsp;<\/p>\n<p>18.\u00a0\u00a0A Cuba, les femmes repr\u00e9sentent 66,4% des techniciens et professionnels du pays de niveau moyen et sup\u00e9rieur (enseignants, m\u00e9decins, ing\u00e9nieurs, chercheurs, etc.).<\/p>\n<p>&nbsp;<\/p>\n<p>19.\u00a0\u00a0Le taux de f\u00e9condit\u00e9 (nombre d\u2019enfants par femme) est de 1,69, soit le plus bas d\u2019Am\u00e9rique latine.<\/p>\n<p>&nbsp;<\/p>\n<p>20.\u00a0\u00a0Les m\u00e8res cubaines ont la possibilit\u00e9 de s\u2019occuper \u00e0 temps plein de leur nouveau-n\u00e9 tout en percevant l\u2019int\u00e9gralit\u00e9 de leur salaire un mois et demi avant l\u2019accouchement et trois mois apr\u00e8s la naissance de l\u2019enfant. Le cong\u00e9 peut durer un an avec une r\u00e9mun\u00e9ration \u00e9gale \u00e0 60% de leur salaire. Au bout d\u2019un an, elles sont automatiquement r\u00e9int\u00e9gr\u00e9es dans leur travail.<\/p>\n<p>&nbsp;<\/p>\n<p>21.\u00a0\u00a0Cuba (depuis 1965) est le seul pays d\u2019Am\u00e9rique latine, avec le Guyana (depuis 1995) et l\u2019Uruguay (depuis 2012) \u00e0 avoir l\u00e9galis\u00e9 l\u2019avortement.<\/p>\n<p>&nbsp;<\/p>\n<p>22.\u00a0\u00a0Le taux de mortalit\u00e9 infantile est de 4,6 pour mille, soit le plus bas du continent am\u00e9ricain \u2013 Canada et Etats-Unis compris \u2013 et du Tiers-monde.<\/p>\n<p>&nbsp;<\/p>\n<p>23.\u00a0\u00a0L\u2019esp\u00e9rance de vie des femmes est de 80 ans, sup\u00e9rieure de deux ans \u00e0 celle des hommes.<\/p>\n<p>&nbsp;<\/p>\n<p>24.\u00a0\u00a0La femme peut partir \u00e0 la retraite \u00e0 60 ans ou apr\u00e8s avoir cotis\u00e9 pendant 30 annuit\u00e9s, contre 65 ans pour les hommes.<\/p>\n<p>&nbsp;<\/p>\n<p>25.\u00a0\u00a0La femme cubaine joue ainsi un r\u00f4le pr\u00e9pond\u00e9rant dans la soci\u00e9t\u00e9 et participe pleinement au d\u00e9veloppement du pays.<\/p>\n<p>Source:\u00a0<a href=\"http:\/\/operamundi.uol.com.br\/conteudo\/babel\/32770\/+25+verdades+para+yoani+sanchez+sobre+el+papel+de+la+mujer+en+cuba.shtml\">http:\/\/operamundi.uol.com.br\/conteudo\/babel\/32770\/+25+verdades+para+yoani+sanchez+sobre+el+papel+de+la+mujer+en+cuba.shtml<\/a><\/p>\n","protected":false},"excerpt":{"rendered":"<p>Lors d\u2019une visioconf\u00e9rence organis\u00e9e par le D\u00e9partement d\u2019Etat des Etats-Unis le 29 octobre 2013, la c\u00e9l\u00e8bre dissidente cubaine a regrett\u00e9 le r\u00f4le \u00ab\u00a0marginal\u00a0\u00bb de la femme \u00e0 Cuba. Selon Yoani S\u00e1nchez, la femme cubaine constitue le \u00ab\u00a0dernier maillon d\u2019une cha\u00eene&hellip;<\/p>\n","protected":false},"author":859,"featured_media":80149,"comment_status":"closed","ping_status":"open","sticky":false,"template":"","format":"standard","meta":{"footnotes":""},"categories":[86,1247,40,163],"tags":[271,1002,3374],"class_list":["post-80148","post","type-post","status-publish","format-standard","has-post-thumbnail","hentry","category-amerique-du-sud","category-diversite","category-international-fr","category-opinion-fr","tag-cuba","tag-droits-humains","tag-femme"],"yoast_head":"<!-- This site is optimized with the Yoast SEO plugin v27.1.1 - https:\/\/yoast.com\/product\/yoast-seo-wordpress\/ -->\n<title>La place de la femme \u00e0 Cuba<\/title>\n<meta name=\"description\" content=\"Lors d\u2019une visioconf\u00e9rence organis\u00e9e par le D\u00e9partement d\u2019Etat des Etats-Unis le 29 octobre 2013, la c\u00e9l\u00e8bre dissidente cubaine a regrett\u00e9 le r\u00f4le\" \/>\n<meta name=\"robots\" content=\"index, follow, max-snippet:-1, max-image-preview:large, max-video-preview:-1\" \/>\n<link rel=\"canonical\" href=\"https:\/\/www.pressenza.com\/fr\/2013\/12\/la-place-de-la-femme-cuba\/\" \/>\n<meta property=\"og:locale\" content=\"fr_FR\" \/>\n<meta property=\"og:type\" content=\"article\" \/>\n<meta property=\"og:title\" content=\"La place de la femme \u00e0 Cuba\" \/>\n<meta property=\"og:description\" content=\"Lors d\u2019une visioconf\u00e9rence organis\u00e9e par le D\u00e9partement d\u2019Etat des Etats-Unis le 29 octobre 2013, la c\u00e9l\u00e8bre dissidente cubaine a regrett\u00e9 le r\u00f4le\" \/>\n<meta property=\"og:url\" content=\"https:\/\/www.pressenza.com\/fr\/2013\/12\/la-place-de-la-femme-cuba\/\" \/>\n<meta property=\"og:site_name\" content=\"Pressenza\" \/>\n<meta property=\"article:publisher\" content=\"https:\/\/www.facebook.com\/PressenzaItalia\" \/>\n<meta property=\"article:published_time\" content=\"2013-12-10T05:43:20+00:00\" \/>\n<meta property=\"og:image\" content=\"https:\/\/www.pressenza.com\/wp-content\/uploads\/2013\/12\/La-place-de-la-femme-\u00e0-Cuba_Woman_in_Truck_Window_-_Holguin_-_Cuba.jpg\" \/>\n\t<meta property=\"og:image:width\" content=\"800\" \/>\n\t<meta property=\"og:image:height\" content=\"600\" \/>\n\t<meta property=\"og:image:type\" content=\"image\/jpeg\" \/>\n<meta name=\"author\" content=\"Salim Lamrani\" \/>\n<meta name=\"twitter:card\" content=\"summary_large_image\" \/>\n<meta name=\"twitter:creator\" content=\"@PressenzaIPA\" \/>\n<meta name=\"twitter:site\" content=\"@PressenzaIPA\" \/>\n<meta name=\"twitter:label1\" content=\"\u00c9crit par\" \/>\n\t<meta name=\"twitter:data1\" content=\"Salim Lamrani\" \/>\n\t<meta name=\"twitter:label2\" content=\"Dur\u00e9e de lecture estim\u00e9e\" \/>\n\t<meta name=\"twitter:data2\" content=\"3 minutes\" \/>\n<script type=\"application\/ld+json\" class=\"yoast-schema-graph\">{\"@context\":\"https:\/\/schema.org\",\"@graph\":[{\"@type\":\"Article\",\"@id\":\"https:\/\/www.pressenza.com\/fr\/2013\/12\/la-place-de-la-femme-cuba\/#article\",\"isPartOf\":{\"@id\":\"https:\/\/www.pressenza.com\/fr\/2013\/12\/la-place-de-la-femme-cuba\/\"},\"author\":{\"name\":\"Salim Lamrani\",\"@id\":\"https:\/\/www.pressenza.com\/fr\/#\/schema\/person\/ce5ed9572f5c5adc6e5178b435f23f70\"},\"headline\":\"La place de la femme \u00e0 Cuba\",\"datePublished\":\"2013-12-10T05:43:20+00:00\",\"mainEntityOfPage\":{\"@id\":\"https:\/\/www.pressenza.com\/fr\/2013\/12\/la-place-de-la-femme-cuba\/\"},\"wordCount\":696,\"publisher\":{\"@id\":\"https:\/\/www.pressenza.com\/fr\/#organization\"},\"image\":{\"@id\":\"https:\/\/www.pressenza.com\/fr\/2013\/12\/la-place-de-la-femme-cuba\/#primaryimage\"},\"thumbnailUrl\":\"https:\/\/www.pressenza.com\/wp-content\/uploads\/2013\/12\/La-place-de-la-femme-\u00e0-Cuba_Woman_in_Truck_Window_-_Holguin_-_Cuba.jpg\",\"keywords\":[\"Cuba\",\"Droits humains\",\"femme\"],\"articleSection\":[\"Am\u00e9rique du Sud\",\"Diversit\u00e9\",\"International\",\"Opinion\"],\"inLanguage\":\"fr-FR\"},{\"@type\":\"WebPage\",\"@id\":\"https:\/\/www.pressenza.com\/fr\/2013\/12\/la-place-de-la-femme-cuba\/\",\"url\":\"https:\/\/www.pressenza.com\/fr\/2013\/12\/la-place-de-la-femme-cuba\/\",\"name\":\"La place de la femme \u00e0 Cuba\",\"isPartOf\":{\"@id\":\"https:\/\/www.pressenza.com\/fr\/#website\"},\"primaryImageOfPage\":{\"@id\":\"https:\/\/www.pressenza.com\/fr\/2013\/12\/la-place-de-la-femme-cuba\/#primaryimage\"},\"image\":{\"@id\":\"https:\/\/www.pressenza.com\/fr\/2013\/12\/la-place-de-la-femme-cuba\/#primaryimage\"},\"thumbnailUrl\":\"https:\/\/www.pressenza.com\/wp-content\/uploads\/2013\/12\/La-place-de-la-femme-\u00e0-Cuba_Woman_in_Truck_Window_-_Holguin_-_Cuba.jpg\",\"datePublished\":\"2013-12-10T05:43:20+00:00\",\"description\":\"Lors d\u2019une visioconf\u00e9rence organis\u00e9e par le D\u00e9partement d\u2019Etat des Etats-Unis le 29 octobre 2013, la c\u00e9l\u00e8bre dissidente cubaine a regrett\u00e9 le r\u00f4le\",\"breadcrumb\":{\"@id\":\"https:\/\/www.pressenza.com\/fr\/2013\/12\/la-place-de-la-femme-cuba\/#breadcrumb\"},\"inLanguage\":\"fr-FR\",\"potentialAction\":[{\"@type\":\"ReadAction\",\"target\":[\"https:\/\/www.pressenza.com\/fr\/2013\/12\/la-place-de-la-femme-cuba\/\"]}]},{\"@type\":\"ImageObject\",\"inLanguage\":\"fr-FR\",\"@id\":\"https:\/\/www.pressenza.com\/fr\/2013\/12\/la-place-de-la-femme-cuba\/#primaryimage\",\"url\":\"https:\/\/www.pressenza.com\/wp-content\/uploads\/2013\/12\/La-place-de-la-femme-\u00e0-Cuba_Woman_in_Truck_Window_-_Holguin_-_Cuba.jpg\",\"contentUrl\":\"https:\/\/www.pressenza.com\/wp-content\/uploads\/2013\/12\/La-place-de-la-femme-\u00e0-Cuba_Woman_in_Truck_Window_-_Holguin_-_Cuba.jpg\",\"width\":800,\"height\":600},{\"@type\":\"BreadcrumbList\",\"@id\":\"https:\/\/www.pressenza.com\/fr\/2013\/12\/la-place-de-la-femme-cuba\/#breadcrumb\",\"itemListElement\":[{\"@type\":\"ListItem\",\"position\":1,\"name\":\"Accueil\",\"item\":\"https:\/\/www.pressenza.com\/fr\/\"},{\"@type\":\"ListItem\",\"position\":2,\"name\":\"La place de la femme \u00e0 Cuba\"}]},{\"@type\":\"WebSite\",\"@id\":\"https:\/\/www.pressenza.com\/fr\/#website\",\"url\":\"https:\/\/www.pressenza.com\/fr\/\",\"name\":\"Pressenza\",\"description\":\"International Press Agency\",\"publisher\":{\"@id\":\"https:\/\/www.pressenza.com\/fr\/#organization\"},\"potentialAction\":[{\"@type\":\"SearchAction\",\"target\":{\"@type\":\"EntryPoint\",\"urlTemplate\":\"https:\/\/www.pressenza.com\/fr\/?s={search_term_string}\"},\"query-input\":{\"@type\":\"PropertyValueSpecification\",\"valueRequired\":true,\"valueName\":\"search_term_string\"}}],\"inLanguage\":\"fr-FR\"},{\"@type\":\"Organization\",\"@id\":\"https:\/\/www.pressenza.com\/fr\/#organization\",\"name\":\"Pressenza\",\"url\":\"https:\/\/www.pressenza.com\/fr\/\",\"logo\":{\"@type\":\"ImageObject\",\"inLanguage\":\"fr-FR\",\"@id\":\"https:\/\/www.pressenza.com\/fr\/#\/schema\/logo\/image\/\",\"url\":\"https:\/\/www.pressenza.com\/wp-content\/uploads\/2022\/10\/pressenza_logo_200x200.jpg\",\"contentUrl\":\"https:\/\/www.pressenza.com\/wp-content\/uploads\/2022\/10\/pressenza_logo_200x200.jpg\",\"width\":200,\"height\":200,\"caption\":\"Pressenza\"},\"image\":{\"@id\":\"https:\/\/www.pressenza.com\/fr\/#\/schema\/logo\/image\/\"},\"sameAs\":[\"https:\/\/www.facebook.com\/PressenzaItalia\",\"https:\/\/x.com\/PressenzaIPA\"]},{\"@type\":\"Person\",\"@id\":\"https:\/\/www.pressenza.com\/fr\/#\/schema\/person\/ce5ed9572f5c5adc6e5178b435f23f70\",\"name\":\"Salim Lamrani\",\"description\":\"Docteur \u00e8s \u00c9tudes Ib\u00e9riques et Latino-am\u00e9ricaines de l\u2019Universit\u00e9 Paris Sorbonne-Paris IV, Salim Lamrani est Ma\u00eetre de conf\u00e9rences \u00e0 l\u2019Universit\u00e9 de la R\u00e9union, et journaliste, sp\u00e9cialiste des relations entre Cuba et les \u00c9tats-Unis. Son dernier ouvrage s\u2019intitule \u00ab Cuba. Les m\u00e9dias face au d\u00e9fi de l\u2019impartialit\u00e9 \u00bb. Pr\u00e9face Eduardo Galeano, Paris, \u00c9ditions Estrella, 2013. PhD in Iberian and Latin-America studies from Sorbonne Paris IV University, Salim Lamrani is senior lecturer at the University of Reunion, journalist and specialist of Cuba - United States relations. His latest works (in French) is \\\"State of siege. The economic sanctions of the United States against Cuba\\\", Paris, Estrella, 2011.\",\"url\":\"https:\/\/www.pressenza.com\/fr\/author\/salim-lamrani\/\"}]}<\/script>\n<!-- \/ Yoast SEO plugin. -->","yoast_head_json":{"title":"La place de la femme \u00e0 Cuba","description":"Lors d\u2019une visioconf\u00e9rence organis\u00e9e par le D\u00e9partement d\u2019Etat des Etats-Unis le 29 octobre 2013, la c\u00e9l\u00e8bre dissidente cubaine a regrett\u00e9 le r\u00f4le","robots":{"index":"index","follow":"follow","max-snippet":"max-snippet:-1","max-image-preview":"max-image-preview:large","max-video-preview":"max-video-preview:-1"},"canonical":"https:\/\/www.pressenza.com\/fr\/2013\/12\/la-place-de-la-femme-cuba\/","og_locale":"fr_FR","og_type":"article","og_title":"La place de la femme \u00e0 Cuba","og_description":"Lors d\u2019une visioconf\u00e9rence organis\u00e9e par le D\u00e9partement d\u2019Etat des Etats-Unis le 29 octobre 2013, la c\u00e9l\u00e8bre dissidente cubaine a regrett\u00e9 le r\u00f4le","og_url":"https:\/\/www.pressenza.com\/fr\/2013\/12\/la-place-de-la-femme-cuba\/","og_site_name":"Pressenza","article_publisher":"https:\/\/www.facebook.com\/PressenzaItalia","article_published_time":"2013-12-10T05:43:20+00:00","og_image":[{"width":800,"height":600,"url":"https:\/\/www.pressenza.com\/wp-content\/uploads\/2013\/12\/La-place-de-la-femme-\u00e0-Cuba_Woman_in_Truck_Window_-_Holguin_-_Cuba.jpg","type":"image\/jpeg"}],"author":"Salim Lamrani","twitter_card":"summary_large_image","twitter_creator":"@PressenzaIPA","twitter_site":"@PressenzaIPA","twitter_misc":{"\u00c9crit par":"Salim Lamrani","Dur\u00e9e de lecture estim\u00e9e":"3 minutes"},"schema":{"@context":"https:\/\/schema.org","@graph":[{"@type":"Article","@id":"https:\/\/www.pressenza.com\/fr\/2013\/12\/la-place-de-la-femme-cuba\/#article","isPartOf":{"@id":"https:\/\/www.pressenza.com\/fr\/2013\/12\/la-place-de-la-femme-cuba\/"},"author":{"name":"Salim Lamrani","@id":"https:\/\/www.pressenza.com\/fr\/#\/schema\/person\/ce5ed9572f5c5adc6e5178b435f23f70"},"headline":"La place de la femme \u00e0 Cuba","datePublished":"2013-12-10T05:43:20+00:00","mainEntityOfPage":{"@id":"https:\/\/www.pressenza.com\/fr\/2013\/12\/la-place-de-la-femme-cuba\/"},"wordCount":696,"publisher":{"@id":"https:\/\/www.pressenza.com\/fr\/#organization"},"image":{"@id":"https:\/\/www.pressenza.com\/fr\/2013\/12\/la-place-de-la-femme-cuba\/#primaryimage"},"thumbnailUrl":"https:\/\/www.pressenza.com\/wp-content\/uploads\/2013\/12\/La-place-de-la-femme-\u00e0-Cuba_Woman_in_Truck_Window_-_Holguin_-_Cuba.jpg","keywords":["Cuba","Droits humains","femme"],"articleSection":["Am\u00e9rique du Sud","Diversit\u00e9","International","Opinion"],"inLanguage":"fr-FR"},{"@type":"WebPage","@id":"https:\/\/www.pressenza.com\/fr\/2013\/12\/la-place-de-la-femme-cuba\/","url":"https:\/\/www.pressenza.com\/fr\/2013\/12\/la-place-de-la-femme-cuba\/","name":"La place de la femme \u00e0 Cuba","isPartOf":{"@id":"https:\/\/www.pressenza.com\/fr\/#website"},"primaryImageOfPage":{"@id":"https:\/\/www.pressenza.com\/fr\/2013\/12\/la-place-de-la-femme-cuba\/#primaryimage"},"image":{"@id":"https:\/\/www.pressenza.com\/fr\/2013\/12\/la-place-de-la-femme-cuba\/#primaryimage"},"thumbnailUrl":"https:\/\/www.pressenza.com\/wp-content\/uploads\/2013\/12\/La-place-de-la-femme-\u00e0-Cuba_Woman_in_Truck_Window_-_Holguin_-_Cuba.jpg","datePublished":"2013-12-10T05:43:20+00:00","description":"Lors d\u2019une visioconf\u00e9rence organis\u00e9e par le D\u00e9partement d\u2019Etat des Etats-Unis le 29 octobre 2013, la c\u00e9l\u00e8bre dissidente cubaine a regrett\u00e9 le r\u00f4le","breadcrumb":{"@id":"https:\/\/www.pressenza.com\/fr\/2013\/12\/la-place-de-la-femme-cuba\/#breadcrumb"},"inLanguage":"fr-FR","potentialAction":[{"@type":"ReadAction","target":["https:\/\/www.pressenza.com\/fr\/2013\/12\/la-place-de-la-femme-cuba\/"]}]},{"@type":"ImageObject","inLanguage":"fr-FR","@id":"https:\/\/www.pressenza.com\/fr\/2013\/12\/la-place-de-la-femme-cuba\/#primaryimage","url":"https:\/\/www.pressenza.com\/wp-content\/uploads\/2013\/12\/La-place-de-la-femme-\u00e0-Cuba_Woman_in_Truck_Window_-_Holguin_-_Cuba.jpg","contentUrl":"https:\/\/www.pressenza.com\/wp-content\/uploads\/2013\/12\/La-place-de-la-femme-\u00e0-Cuba_Woman_in_Truck_Window_-_Holguin_-_Cuba.jpg","width":800,"height":600},{"@type":"BreadcrumbList","@id":"https:\/\/www.pressenza.com\/fr\/2013\/12\/la-place-de-la-femme-cuba\/#breadcrumb","itemListElement":[{"@type":"ListItem","position":1,"name":"Accueil","item":"https:\/\/www.pressenza.com\/fr\/"},{"@type":"ListItem","position":2,"name":"La place de la femme \u00e0 Cuba"}]},{"@type":"WebSite","@id":"https:\/\/www.pressenza.com\/fr\/#website","url":"https:\/\/www.pressenza.com\/fr\/","name":"Pressenza","description":"International Press Agency","publisher":{"@id":"https:\/\/www.pressenza.com\/fr\/#organization"},"potentialAction":[{"@type":"SearchAction","target":{"@type":"EntryPoint","urlTemplate":"https:\/\/www.pressenza.com\/fr\/?s={search_term_string}"},"query-input":{"@type":"PropertyValueSpecification","valueRequired":true,"valueName":"search_term_string"}}],"inLanguage":"fr-FR"},{"@type":"Organization","@id":"https:\/\/www.pressenza.com\/fr\/#organization","name":"Pressenza","url":"https:\/\/www.pressenza.com\/fr\/","logo":{"@type":"ImageObject","inLanguage":"fr-FR","@id":"https:\/\/www.pressenza.com\/fr\/#\/schema\/logo\/image\/","url":"https:\/\/www.pressenza.com\/wp-content\/uploads\/2022\/10\/pressenza_logo_200x200.jpg","contentUrl":"https:\/\/www.pressenza.com\/wp-content\/uploads\/2022\/10\/pressenza_logo_200x200.jpg","width":200,"height":200,"caption":"Pressenza"},"image":{"@id":"https:\/\/www.pressenza.com\/fr\/#\/schema\/logo\/image\/"},"sameAs":["https:\/\/www.facebook.com\/PressenzaItalia","https:\/\/x.com\/PressenzaIPA"]},{"@type":"Person","@id":"https:\/\/www.pressenza.com\/fr\/#\/schema\/person\/ce5ed9572f5c5adc6e5178b435f23f70","name":"Salim Lamrani","description":"Docteur \u00e8s \u00c9tudes Ib\u00e9riques et Latino-am\u00e9ricaines de l\u2019Universit\u00e9 Paris Sorbonne-Paris IV, Salim Lamrani est Ma\u00eetre de conf\u00e9rences \u00e0 l\u2019Universit\u00e9 de la R\u00e9union, et journaliste, sp\u00e9cialiste des relations entre Cuba et les \u00c9tats-Unis. Son dernier ouvrage s\u2019intitule \u00ab Cuba. Les m\u00e9dias face au d\u00e9fi de l\u2019impartialit\u00e9 \u00bb. Pr\u00e9face Eduardo Galeano, Paris, \u00c9ditions Estrella, 2013. PhD in Iberian and Latin-America studies from Sorbonne Paris IV University, Salim Lamrani is senior lecturer at the University of Reunion, journalist and specialist of Cuba - United States relations. His latest works (in French) is \"State of siege. The economic sanctions of the United States against Cuba\", Paris, Estrella, 2011.","url":"https:\/\/www.pressenza.com\/fr\/author\/salim-lamrani\/"}]}},"place":"","original_article_url":"","_links":{"self":[{"href":"https:\/\/www.pressenza.com\/fr\/wp-json\/wp\/v2\/posts\/80148","targetHints":{"allow":["GET"]}}],"collection":[{"href":"https:\/\/www.pressenza.com\/fr\/wp-json\/wp\/v2\/posts"}],"about":[{"href":"https:\/\/www.pressenza.com\/fr\/wp-json\/wp\/v2\/types\/post"}],"author":[{"embeddable":true,"href":"https:\/\/www.pressenza.com\/fr\/wp-json\/wp\/v2\/users\/859"}],"replies":[{"embeddable":true,"href":"https:\/\/www.pressenza.com\/fr\/wp-json\/wp\/v2\/comments?post=80148"}],"version-history":[{"count":0,"href":"https:\/\/www.pressenza.com\/fr\/wp-json\/wp\/v2\/posts\/80148\/revisions"}],"wp:featuredmedia":[{"embeddable":true,"href":"https:\/\/www.pressenza.com\/fr\/wp-json\/wp\/v2\/media\/80149"}],"wp:attachment":[{"href":"https:\/\/www.pressenza.com\/fr\/wp-json\/wp\/v2\/media?parent=80148"}],"wp:term":[{"taxonomy":"category","embeddable":true,"href":"https:\/\/www.pressenza.com\/fr\/wp-json\/wp\/v2\/categories?post=80148"},{"taxonomy":"post_tag","embeddable":true,"href":"https:\/\/www.pressenza.com\/fr\/wp-json\/wp\/v2\/tags?post=80148"}],"curies":[{"name":"wp","href":"https:\/\/api.w.org\/{rel}","templated":true}]}}