{"id":799979,"date":"2019-02-02T05:49:06","date_gmt":"2019-02-02T05:49:06","guid":{"rendered":"https:\/\/www.pressenza.com\/?p=799979"},"modified":"2019-02-02T05:49:06","modified_gmt":"2019-02-02T05:49:06","slug":"victoire-a-berlin-des-habitants-de-la-karl-marx-allee-contre-les-geants-de-limmobilier","status":"publish","type":"post","link":"https:\/\/www.pressenza.com\/fr\/2019\/02\/victoire-a-berlin-des-habitants-de-la-karl-marx-allee-contre-les-geants-de-limmobilier\/","title":{"rendered":"Victoire \u00e0 Berlin des habitants de la Karl-Marx Allee contre les g\u00e9ants de l\u2019immobilier"},"content":{"rendered":"<p>Par\u00a0Mats Lucia Bayer<\/p>\n<div class=\"chapo\">\n<blockquote><p>Comme c\u2019est le cas dans de nombreuses m\u00e9tropoles, les habitant.e.s de la ville de Berlin font face \u00e0 la gentrification, qui transforme des quartiers par le biais de la sp\u00e9culation sur les loyers et l\u2019expansion d\u2019un consum\u00e9risme qui puise dans l\u2019esth\u00e9tique et dans l\u2019esprit alternatif de cette ville. Parmi les principaux acteurs de cette expulsion nous trouvons des grandes entreprises telles que Google, ainsi que des grands fonds immobiliers tels que Deutsche Wohnen ou Vonovia, qui d\u00e9tiennent des dizaines de milliers de logements. Face \u00e0 une situation de plus en plus insupportable les habitant.e.s s\u2019organisent davantage dans des plateformes et mouvements qui cherchent \u00e0 d\u00e9fendre leur \u00ab\u00a0droit \u00e0 la ville\u00a0\u00bb.<\/p><\/blockquote>\n<\/div>\n<div class=\"texte\">\n<p>\u00c0 Berlin, le g\u00e9ant de l\u2019immobilier\u00a0<i>Deutsche Wohnen<\/i>\u00a0d\u00e9tient plus de 100.000 logements (25.000 logements de plus que le principal bailleur social\u00a0<i>Degewo<\/i>), soit 6,30\u00a0% des logements de la ville. Au mois de novembre 2018, la presse a relay\u00e9 que cette entreprise comptait acqu\u00e9rir 700 logements suppl\u00e9mentaires situ\u00e9s dans l\u2019embl\u00e9matique\u00a0<i>Karl-Marx Allee<\/i>\u00a0se trouvant dans le quartier de\u00a0<i>Friedrichshain<\/i>, ancien quartier populaire de Berlin-Est et qui se trouve actuellement en phase de gentrification. Berlin est une ville qui a vu les prix du march\u00e9 locatif augmenter continuellement avec des hausses en moyenne de 8,8\u00a0% entre 2016 et 2017 (\u00e0 savoir que la tendance est que ce pourcentage augmente d\u2019ann\u00e9e en ann\u00e9e).<\/p>\n<p>Les grands fonds tels que\u00a0<i>Deutsche Wohnen<\/i>\u00a0(d\u00e9tenu d\u2019autour de 10\u00a0% par des\u00a0<a class=\"cs_glossaire\" href=\"http:\/\/www.cadtm.org\/Fonds-vautour-Fonds-vautours\" name=\"mot1334_0\"><span class=\"gl_mot\">fonds vautours<\/span><\/a> tels que\u00a0<i>Black Rock<\/i>) ont une lourde responsabilit\u00e9 dans cette\u00a0<a class=\"cs_glossaire\" href=\"http:\/\/www.cadtm.org\/Speculation\" name=\"mot841_1\"><span class=\"gl_mot\">sp\u00e9culation<\/span><\/a>\u00a0sur l\u2019immobilier. Ils adoptent une strat\u00e9gie qui d\u2019ailleurs rappelle fortement les strat\u00e9gies utilis\u00e9es par les fonds vautours dans d\u2019autres cas comme observ\u00e9 dans l\u2019\u00c9tat espagnol. Ils ach\u00e8tent des logements anciens, parfois d\u00e9j\u00e0 un peu d\u00e9labr\u00e9s. Ensuite, ne pouvant pas expulser les locataires, vu que beaucoup de contrats sont \u00e0 dur\u00e9e ind\u00e9termin\u00e9e, soit ils n\u00e9gligent compl\u00e8tement l\u2019entretien afin de pousser les locataires \u00e0 abandonner les immeubles, soit ils imposent une augmentation des prix des loyers qui ne sera pas assumable par celles et ceux-ci. Une fois les locataires parti.e.s, ils investissent dans l\u2019entretien et relouent les biens \u00e0 des prix plus \u00e9lev\u00e9s. Bien que la ville de Berlin publie des rapports biannuels qui ont pour but d\u2019orienter, de fa\u00e7on non-contraignante, les prix des locations selon les diff\u00e9rents quartiers, il est clair que certains bailleurs comme\u00a0<i>Deutsche Wohnen<\/i>\u00a0ne respectent pas ces crit\u00e8res\u00a0: alors que le prix moyen de r\u00e9f\u00e9rence pour la p\u00e9riode 2017 \u00e9tait de 6,39\u20ac\/m<sup class=\"typo_exposants\">2<\/sup>, la moyenne r\u00e9elle se situe autour de 12,15\u20ac\/m<sup class=\"typo_exposants\">2<\/sup><span class=\"spip_note_ref\">\u00a0[<a id=\"nh1\" class=\"spip_note\" href=\"http:\/\/www.cadtm.org\/Victoire-a-Berlin-des-habitants-de-la-Karl-Marx-Allee-contre-les-geants-de-l#nb1\" rel=\"appendix\">1<\/a>]<\/span>\u00a0et la moyenne de\u00a0<i>Deutsche Wohnen<\/i>\u00a0autour de 9 et 10\u20ac\/m<sup class=\"typo_exposants\">2<\/sup><span class=\"spip_note_ref\">\u00a0[<a id=\"nh2\" class=\"spip_note\" href=\"http:\/\/www.cadtm.org\/Victoire-a-Berlin-des-habitants-de-la-Karl-Marx-Allee-contre-les-geants-de-l#nb2\" rel=\"appendix\">2<\/a>]<\/span>.<\/p>\n<p>Lorsqu\u2019un fond immobilier investit dans votre rue ou quartier, le march\u00e9 locatif de logements subit une profonde distorsion caract\u00e9ristique d\u2019un contexte g\u00e9n\u00e9r\u00e9 par une bulle sp\u00e9culative, qui d\u00e9stabilise toute relation entre la valeur r\u00e9elle des biens et les prix effectifs. Ainsi, lorsque\u00a0<i>Deutsche Wohnen<\/i>\u00a0a annonc\u00e9 qu\u2019elle pr\u00e9voyait d\u2019acqu\u00e9rir 700 logements correspondants aux blocs A, B, C et D de la\u00a0<i>Karl-Marx Allee<\/i>, certains propri\u00e9taires se sont empress\u00e9s de mettre leurs appartements en vente, en demandant jusqu&rsquo;\u00e0 1,14 millions d\u2019euros pour un seul appartement<span class=\"spip_note_ref\">\u00a0[<a id=\"nh3\" class=\"spip_note\" href=\"http:\/\/www.cadtm.org\/Victoire-a-Berlin-des-habitants-de-la-Karl-Marx-Allee-contre-les-geants-de-l#nb3\" rel=\"appendix\">3<\/a>]<\/span>.<\/p>\n<blockquote><p><strong>L\u2019ensemble de ces \u00e9l\u00e9ments r\u00e9pondent \u00e0 une logique r\u00e9pandue par le capitalisme contemporain qui a \u00e9t\u00e9 d\u00e9finie par David Harvey comme de \u00ab\u00a0l\u2019accumulation par d\u00e9possession\u00a0\u00bb<\/strong>.<\/p><\/blockquote>\n<p>Cette d\u00e9possession ne s\u2019op\u00e8re pas seulement dans les sommes suppl\u00e9mentaires que des entreprises telles que\u00a0<i>Deutsche Wohnen<\/i>\u00a0gagnent gr\u00e2ce \u00e0 la sp\u00e9culation et \u00e0 chaque euro dans la d\u00e9viation entre le prix marqu\u00e9 par la mairie de Berlin dans ses rapports biannuels et le prix effectif du march\u00e9. Il s\u2019agit aussi d\u2019une d\u00e9possession tout simplement de leur droit au logement et leur droit \u00e0 la ville.<\/p>\n<p><q>L\u2019ensemble de ces \u00e9l\u00e9ments r\u00e9pondent \u00e0 une logique r\u00e9pandue par le capitalisme contemporain qui a \u00e9t\u00e9 d\u00e9finie par David Harvey comme de l\u2019accumulation par d\u00e9possession\u00a0<\/q><\/p>\n<p>Les habitants de la\u00a0<i>Karl-Marx Allee<\/i>, faisant face \u00e0 la rationalit\u00e9 perverse du capital financier qui rend le droit au logement compl\u00e8tement insignifiant en assujettissant \u00e0 la capacit\u00e9 de jouer dans un march\u00e9 sp\u00e9culatif, se sont mobilis\u00e9s contre cet achat. La plateforme \u00ab\u00a0Rettet die Karl-Marx Allee\u00a0\u00bb (litt\u00e9ralement \u00ab\u00a0Sauvez\u00a0<i>Karl-Marx Allee<\/i>\u00a0\u00bb) s\u2019est organis\u00e9e dans le courant des mois de novembre et d\u00e9cembre en r\u00e9clamant \u00e0 la mairie une solution face au danger imminent li\u00e9 au changement de propri\u00e9taire de leurs appartements.<\/p>\n<p>Apr\u00e8s des semaines de mobilisation, le S\u00e9nat de la R\u00e9gion de Berlin a d\u00e9cid\u00e9 de lancer une proc\u00e9dure de rachat de ces logements. La r\u00e9ussite de cette proc\u00e9dure \u00e9tait loin d\u2019\u00eatre garantie. Alors que le bloc D se situe dans une zone \u00ab\u00a0prot\u00e9g\u00e9e\u00a0\u00bb (Mietschutzgebiet) et que par cons\u00e9quent la mairie a un droit d\u2019achat pr\u00e9f\u00e9rentiel, ce n\u2019\u00e9tait pas le cas des blocs restants. Seul\u00b7e\u00b7s les locataires pouvaient faire usage d\u2019un tel droit d\u2019achat pr\u00e9f\u00e9rentiel, mais la plupart n\u2019\u00e9tait pas en mesure de faire face \u00e0 un cr\u00e9dit pour les appartements qu\u2019ils occupaient.<\/p>\n<p>Une solution fut trouv\u00e9e par la mairie de Berlin et les habitant.e.s. Elle impliquait dans un premier temps la formulation par ces dernie\u00b7re\u00b7s de leur volont\u00e9 d\u2019acqu\u00e9rir leurs appartements \u00e0 l\u2019aide de cr\u00e9dits mis \u00e0 disposition par l\u2019<i>Investitionsbank Berlin<\/i>, Dans un deuxi\u00e8me temps, ils\/elles pouvaient les revendre \u00e0 la soci\u00e9t\u00e9 municipale de logement\u00a0<i>Gewobag<\/i>. Il s\u2019agit d\u2019une proc\u00e9dure d\u00e9licate, qui n\u2019est pas exempt\u00e9e de risques, les recours pos\u00e9s par\u00a0<i>Deustche Wohnen<\/i>\u00a0face aux tribunaux pour l\u2019annulation de cette d\u00e9cision du s\u00e9nat berlinois en sont la preuve. Par ailleurs, une des conditions contraignantes du projet \u00e9tait que plus de 25\u00a0% des locataires de chaque bloc d\u2019immeubles se positionnent pour la solution de rachat par\u00a0<i>Gewobag<\/i>propos\u00e9e par le S\u00e9nat et la plateforme d\u2019habitants. Cette condition a \u00e9t\u00e9 heureusement largement d\u00e9pass\u00e9e puisque, suite \u00e0 une consultation, ces chiffres s\u2019\u00e9levaient respectivement \u00e0 34, 40 et 46\u00a0%. Ces pourcentages sont importants, bien qu\u2019ils n\u2019emp\u00eachent pas\u00a0<i>Deutsche Wohnen<\/i>\u00a0d\u2019acqu\u00e9rir le reste des appartements, puisqu\u2019ils donnent \u00e0 la soci\u00e9t\u00e9 municipale la capacit\u00e9 d\u2019\u00e9mettre un v\u00e9to dans le cas o\u00f9 le fonds immobilier voudrait entreprendre des travaux de r\u00e9novation pour justifier une augmentation drastique des loyers et ont permis de mettre un frein aux dynamiques sp\u00e9culatives.<\/p>\n<p>En outre, la d\u00e9cision de racheter ces logements a mis \u00e0 l\u2019\u00e9preuve la stabilit\u00e9 du gouvernement municipal (compos\u00e9 par les socialistes du SPD, les verts de\u00a0<i>Gr\u00fcnen<\/i>\/<i>B\u00fcndnis 90<\/i>\u00a0et la gauche de\u00a0<i>Die Linke<\/i>). Alors que le SPD poussait pour que les locataires acqui\u00e8rent les logements en question, ses partenaires de gouvernement se positionnaient favorablement \u00e0 une int\u00e9gration de ces logements dans les\u00a0<a class=\"cs_glossaire\" href=\"http:\/\/www.cadtm.org\/Actif\" name=\"mot806_2\"><span class=\"gl_mot\">actifs<\/span><\/a>\u00a0municipaux. Au final, seulement une trentaine de locataires soit 2\u00a0% du total concern\u00e9) ont choisi l\u2019option d\u2019acheter les logements. Une anecdote qui reste tout de m\u00eame significative\u00a0: certain.e.s habitant.e.s ayant la capacit\u00e9 de faire face \u00e0 un cr\u00e9dit immobilier ont finalement d\u00e9cid\u00e9 de soutenir le pari de la remunicipalisation de ces logements et ont c\u00e9d\u00e9 le logement de\u00a0<i>Gewobag<\/i>.<\/p>\n<p>La victoire des habitants de la\u00a0<i>Karl-Marx Allee<\/i>\u00a0met sur la table le v\u00e9ritable enjeu de trouver une solution au grave probl\u00e8me de logement que traverse la ville de Berlin. La mairie de Berlin est parfaitement consciente qu\u2019elle a ouvert une voie qui peut amener \u00e0 d\u2019autres habitant.e.s \u00e0 r\u00e9clamer les m\u00eames droits que celles et ceux de la\u00a0<i>Karl Marx Allee<\/i>. De leur c\u00f4t\u00e9, les repr\u00e9sentants socialistes se sont empress\u00e9s d\u2019avertir que la municipalit\u00e9 \u00ab\u00a0ne dispose pas d\u2019assez de fonds pour racheter toute la ville\u00a0\u00bb<span class=\"spip_note_ref\">\u00a0[<a id=\"nh4\" class=\"spip_note\" href=\"http:\/\/www.cadtm.org\/Victoire-a-Berlin-des-habitants-de-la-Karl-Marx-Allee-contre-les-geants-de-l#nb4\" rel=\"appendix\">4<\/a>]<\/span>. Les futures applications du m\u00e9canisme \u00e9labor\u00e9 pour la\u00a0<i>Karl-Marx Allee<\/i>\u00a0se feraient au \u00ab\u00a0cas par cas\u00a0\u00bb.<\/p>\n<blockquote><p><strong><q>La lutte \u00e0 Berlin pour le droit au logement et le droit \u00e0 la ville peuvent avoir des implications internationales et encourager des mouvements similaires dans d\u2019autres villes<\/q><\/strong><\/p><\/blockquote>\n<p>Rappelons que le cas d\u00e9crit dans ce texte s\u2019est produit dans le contexte de la mise en \u00e9chec d\u2019un projet de \u00ab\u00a0Campus Google\u00a0\u00bb dans le quartier de\u00a0<i>Kreuzberg<\/i><span class=\"spip_note_ref\">\u00a0[<a id=\"nh5\" class=\"spip_note\" href=\"http:\/\/www.cadtm.org\/Victoire-a-Berlin-des-habitants-de-la-Karl-Marx-Allee-contre-les-geants-de-l#nb5\" rel=\"appendix\">5<\/a>]<\/span>\u00a0qui avait pour but de faciliter la cr\u00e9ation de startups. De fa\u00e7on parall\u00e8le \u00e0 cette victoire contre \u00ab\u00a0Campus Google\u00a0\u00bb, des habitants ont commenc\u00e9 \u00e0 pr\u00e9parer une campagne nomm\u00e9e \u00ab\u00a0Deutsche Wohnen &amp; Co enteignen\u00a0\u00bb (\u00ab\u00a0Exproprier\u00a0<i>Deutsche Wohnen<\/i>\u00a0et compagnie\u00a0\u00bb). Cette derni\u00e8re concerne toute la ville et vise \u00e0 organiser un r\u00e9f\u00e9rendum pour l\u2019expropriation de 3000 logements appartenant \u00e0\u00a0<i>Deutsche Wohnen<\/i>\u00a0afin de faire un premier pas \u00e0 l\u2019\u00e9chelle de la ville contre l\u2019enfer sp\u00e9culatif que vivent ses habitants. Le cas de la\u00a0<i>Karl-Marx-Allee<\/i>\u00a0fournit une l\u00e9gitimit\u00e9 ainsi que des arguments suppl\u00e9mentaires \u00e0 la campagne d\u2019expropriation. Pour l\u2019instant, un sondage publi\u00e9 le 8 janvier montre que 54,8\u00a0% de la population serait favorable \u00e0 des expropriations de logements appartenant aux grands fonds<span class=\"spip_note_ref\">\u00a0[<a id=\"nh6\" class=\"spip_note\" href=\"http:\/\/www.cadtm.org\/Victoire-a-Berlin-des-habitants-de-la-Karl-Marx-Allee-contre-les-geants-de-l#nb6\" rel=\"appendix\">6<\/a>]<\/span>. La lutte \u00e0 Berlin pour le droit au logement et le droit \u00e0 la ville peuvent avoir des implications internationales et encourager des mouvements similaires dans d\u2019autres villes.<\/p>\n<p>Nous constatons, une fois de plus, que les grands propri\u00e9taires immobiliers contr\u00f4lent de plus en plus les prix du march\u00e9 locatif en Europe. La sp\u00e9culation sur ce march\u00e9 pousse les habitant.e.s \u00e0 s\u2019endetter pour s\u2019assurer un logement en l\u2019achetant. Seulement, l\u2019octroi d\u2019un pr\u00eat immobilier n\u2019est pas accessible \u00e0 tou.te.s et peut s\u2019av\u00e9rer bien risqu\u00e9 tel que nous l\u2019avons vu aux \u00c9tats-Unis, en Espagne ou en Gr\u00e8ce. L\u2019exemple illustr\u00e9 dans cet article montre qu\u2019il est donc important que le gouvernement, m\u00eame \u00e0 l\u2019\u00e9chelle municipale, agisse pour le maintien du droit au logement pour tou\u00b7te\u00b7s, en garantissant du logement public, afin d\u2019\u00e9viter une vague d\u2019endettement priv\u00e9 massif qui profite majoritairement aux banques et qui s\u2019est av\u00e9r\u00e9e dans bien des cas ill\u00e9gitimes.<\/p>\n<\/div>\n<p><br class=\"nettoyeur\" \/><strong>Notes<\/strong><\/p>\n<div class=\"notes\">\n<div id=\"nb1\">\n<p><span class=\"spip_note_ref\">[<a class=\"spip_note\" title=\"Notes 1\" href=\"http:\/\/www.cadtm.org\/Victoire-a-Berlin-des-habitants-de-la-Karl-Marx-Allee-contre-les-geants-de-l#nh1\" rev=\"appendix\">1<\/a>]\u00a0<\/span><a class=\"spip_url spip_out auto\" href=\"https:\/\/www.wohnungsboerse.net\/mietspiegel-Berlin\/2825\" rel=\"nofollow external\">https:\/\/www.wohnungsboerse.net\/mietspiegel-Berlin\/2825<\/a><\/p>\n<\/div>\n<div id=\"nb2\">\n<p><span class=\"spip_note_ref\">[<a class=\"spip_note\" title=\"Notes 2\" href=\"http:\/\/www.cadtm.org\/Victoire-a-Berlin-des-habitants-de-la-Karl-Marx-Allee-contre-les-geants-de-l#nh2\" rev=\"appendix\">2<\/a>]\u00a0<\/span><a class=\"spip_url spip_out auto\" href=\"https:\/\/www.youtube.com\/watch?v=rLx3VqEtnVQ&amp;feature=youtu.be&amp;fbclid=IwAR1HwAJ-phtvhGkT579xyuUkdxleKwBmmE4P2UfVVirjKfKJhceaQK6HYrc\" rel=\"nofollow external\">https:\/\/www.youtube.com\/watch?v=rLx3VqEtnVQ&amp;feature=youtu.be&amp;fbclid=IwAR1HwAJ-phtvhGkT579xyuUkdxleKwBmmE4P2UfVVirjKfKJhceaQK6HYrc<\/a><\/p>\n<\/div>\n<div id=\"nb3\">\n<p><span class=\"spip_note_ref\">[<a class=\"spip_note\" title=\"Notes 3\" href=\"http:\/\/www.cadtm.org\/Victoire-a-Berlin-des-habitants-de-la-Karl-Marx-Allee-contre-les-geants-de-l#nh3\" rev=\"appendix\">3<\/a>]\u00a0<\/span><a class=\"spip_url spip_out auto\" href=\"http:\/\/www.taz.de\/!5553928\/?fbclid=IwAR1GXGLKKyjBUl0OHuzKgqsQjMf17_FHGu2avYmImwZ-XEkcGD3BTKbStac\" rel=\"nofollow external\">http:\/\/www.taz.de\/!5553928\/?fbclid=IwAR1GXGLKKyjBUl0OHuzKgqsQjMf17_FHGu2avYmImwZ-XEkcGD3BTKbStac<\/a><\/p>\n<\/div>\n<div id=\"nb4\">\n<p><span class=\"spip_note_ref\">[<a class=\"spip_note\" title=\"Notes 4\" href=\"http:\/\/www.cadtm.org\/Victoire-a-Berlin-des-habitants-de-la-Karl-Marx-Allee-contre-les-geants-de-l#nh4\" rev=\"appendix\">4<\/a>]\u00a0<\/span><a class=\"spip_url spip_out auto\" href=\"https:\/\/mediathek.rbb-online.de\/tv\/rbb24\/Vorbild-Karl-Marx-Allee\/rbb-Fernsehen\/Video?bcastId=55478276&amp;documentId=59148780&amp;fbclid=IwAR1LeoAzYOB89Th0--BlrFpKuloOSBLRiw3_uzivwT_vTA_K_b3_65xgk_k\" rel=\"nofollow external\">https:\/\/mediathek.rbb-online.de\/tv\/rbb24\/Vorbild-Karl-Marx-Allee\/rbb-Fernsehen\/Video?bcastId=55478276&amp;documentId=59148780&amp;fbclid=IwAR1LeoAzYOB89Th0&#8211;BlrFpKuloOSBLRiw3_uzivwT_vTA_K_b3_65xgk_k<\/a><\/p>\n<\/div>\n<div id=\"nb5\">\n<p><span class=\"spip_note_ref\">[<a class=\"spip_note\" title=\"Notes 5\" href=\"http:\/\/www.cadtm.org\/Victoire-a-Berlin-des-habitants-de-la-Karl-Marx-Allee-contre-les-geants-de-l#nh5\" rev=\"appendix\">5<\/a>]\u00a0<\/span><a class=\"spip_url spip_out auto\" href=\"https:\/\/fuckoffgoogle.de\/#google-is-evil\" rel=\"nofollow external\">https:\/\/fuckoffgoogle.de\/#google-is-evil<\/a><\/p>\n<\/div>\n<div id=\"nb6\">\n<p><span class=\"spip_note_ref\">[<a class=\"spip_note\" title=\"Notes 6\" href=\"http:\/\/www.cadtm.org\/Victoire-a-Berlin-des-habitants-de-la-Karl-Marx-Allee-contre-les-geants-de-l#nh6\" rev=\"appendix\">6<\/a>]\u00a0<\/span><a class=\"spip_url spip_out auto\" href=\"https:\/\/m.tagesspiegel.de\/berlin\/civey-umfrage-fuer-den-tagesspiegel-mehrheit-der-berliner-fuer-enteignung-von-grossvermietern\/23837788.html?utm_referrer=https%3A%2F%2Fwww.google.de%2F&amp;fbclid=IwAR0_AsQljYjNEDQF96hncc4ZR7gzSQWrADDMuCHl7iCo2V28B8IP_RhoVmg\" rel=\"nofollow external\">https:\/\/m.tagesspiegel.de\/berlin\/civey-umfrage-fuer-den-tagesspiegel-mehrheit-der-berliner-fuer-enteignung-von-grossvermietern\/23837788.html?utm_referrer=https%3A%2F%2Fwww.google.de%2F&amp;fbclid=IwAR0_AsQljYjNEDQF96hncc4ZR7gzSQWrADDMuCHl7iCo2V28B8IP_RhoVmg<\/a><\/p>\n<\/div>\n<\/div>\n<div class=\"bio\">\n<div class=\"photeur\">\n<div class=\"auteur\">\n<p>&nbsp;<\/p>\n<p><strong>Auteur.e<\/strong><\/p>\n<\/div>\n<div class=\"logocadtm\"><img loading=\"lazy\" decoding=\"async\" class=\"spip_logo spip_logos\" src=\"http:\/\/www.cadtm.org\/IMG\/moton736.png?1430120656\" alt=\"\" width=\"90\" height=\"28\" \/><\/div>\n<\/div>\n<p><a href=\"http:\/\/www.cadtm.org\/Mats-Lucia-Bayer?lang=fr\"><span id=\"nom\">Mats Lucia Bayer\u00a0<\/span><\/a>Permanent au CADTM Belgique.<\/p>\n<\/div>\n","protected":false},"excerpt":{"rendered":"<p>Par\u00a0Mats Lucia Bayer Comme c\u2019est le cas dans de nombreuses m\u00e9tropoles, les habitant.e.s de la ville de Berlin font face \u00e0 la gentrification, qui transforme des quartiers par le biais de la sp\u00e9culation sur les loyers et l\u2019expansion d\u2019un consum\u00e9risme&hellip;<\/p>\n","protected":false},"author":848,"featured_media":799981,"comment_status":"closed","ping_status":"closed","sticky":false,"template":"","format":"standard","meta":{"footnotes":""},"categories":[98,85],"tags":[7119,54398,8400,2658],"class_list":["post-799979","post","type-post","status-publish","format-standard","has-post-thumbnail","hentry","category-droits-de-lhomme","category-europe-fr","tag-berlin","tag-droit-a-la-ville","tag-immobilier","tag-speculation"],"yoast_head":"<!-- This site is optimized with the Yoast SEO plugin v27.1.1 - https:\/\/yoast.com\/product\/yoast-seo-wordpress\/ -->\n<title>Victoire \u00e0 Berlin des habitants de la Karl-Marx Allee contre les g\u00e9ants de l\u2019immobilier<\/title>\n<meta name=\"description\" content=\"Par\u00a0Mats Lucia Bayer Comme c\u2019est le cas dans de nombreuses m\u00e9tropoles, les habitant.e.s de la ville de Berlin font face \u00e0 la gentrification, qui\" \/>\n<meta name=\"robots\" content=\"index, follow, max-snippet:-1, max-image-preview:large, max-video-preview:-1\" \/>\n<link rel=\"canonical\" href=\"https:\/\/www.pressenza.com\/fr\/2019\/02\/victoire-a-berlin-des-habitants-de-la-karl-marx-allee-contre-les-geants-de-limmobilier\/\" \/>\n<meta property=\"og:locale\" content=\"fr_FR\" \/>\n<meta property=\"og:type\" content=\"article\" \/>\n<meta property=\"og:title\" content=\"Victoire \u00e0 Berlin des habitants de la Karl-Marx Allee contre les g\u00e9ants de l\u2019immobilier\" \/>\n<meta property=\"og:description\" content=\"Par\u00a0Mats Lucia Bayer Comme c\u2019est le cas dans de nombreuses m\u00e9tropoles, les habitant.e.s de la ville de Berlin font face \u00e0 la gentrification, qui\" \/>\n<meta property=\"og:url\" content=\"https:\/\/www.pressenza.com\/fr\/2019\/02\/victoire-a-berlin-des-habitants-de-la-karl-marx-allee-contre-les-geants-de-limmobilier\/\" \/>\n<meta property=\"og:site_name\" content=\"Pressenza\" \/>\n<meta property=\"article:publisher\" content=\"https:\/\/www.facebook.com\/PressenzaItalia\" \/>\n<meta property=\"article:author\" content=\"https:\/\/www.facebook.com\/CADTMNETWORK\/\" \/>\n<meta property=\"article:published_time\" content=\"2019-02-02T05:49:06+00:00\" \/>\n<meta property=\"og:image\" content=\"https:\/\/www.pressenza.com\/wp-content\/uploads\/2019\/02\/Victoire-\u00e0-Berlin-des-habitants-de-la-Karl-Marx-Allee-contre-les-g\u00e9ants-de-l\u2019immobilier.jpg\" \/>\n\t<meta property=\"og:image:width\" content=\"750\" \/>\n\t<meta property=\"og:image:height\" content=\"458\" \/>\n\t<meta property=\"og:image:type\" content=\"image\/jpeg\" \/>\n<meta name=\"author\" content=\"Comit\u00e9 pour l\u2019abolition des dettes ill\u00e9gitimes (CADTM)\" \/>\n<meta name=\"twitter:card\" content=\"summary_large_image\" \/>\n<meta name=\"twitter:creator\" content=\"@CADTM_int\" \/>\n<meta name=\"twitter:site\" content=\"@PressenzaIPA\" \/>\n<meta name=\"twitter:label1\" content=\"\u00c9crit par\" \/>\n\t<meta name=\"twitter:data1\" content=\"Comit\u00e9 pour l\u2019abolition des dettes ill\u00e9gitimes (CADTM)\" \/>\n\t<meta name=\"twitter:label2\" content=\"Dur\u00e9e de lecture estim\u00e9e\" \/>\n\t<meta name=\"twitter:data2\" content=\"9 minutes\" \/>\n<script type=\"application\/ld+json\" class=\"yoast-schema-graph\">{\"@context\":\"https:\/\/schema.org\",\"@graph\":[{\"@type\":\"Article\",\"@id\":\"https:\/\/www.pressenza.com\/fr\/2019\/02\/victoire-a-berlin-des-habitants-de-la-karl-marx-allee-contre-les-geants-de-limmobilier\/#article\",\"isPartOf\":{\"@id\":\"https:\/\/www.pressenza.com\/fr\/2019\/02\/victoire-a-berlin-des-habitants-de-la-karl-marx-allee-contre-les-geants-de-limmobilier\/\"},\"author\":{\"name\":\"Comit\u00e9 pour l\u2019abolition des dettes ill\u00e9gitimes (CADTM)\",\"@id\":\"https:\/\/www.pressenza.com\/fr\/#\/schema\/person\/1f570f1450b3d76e0dd919130d5851af\"},\"headline\":\"Victoire \u00e0 Berlin des habitants de la Karl-Marx Allee contre les g\u00e9ants de l\u2019immobilier\",\"datePublished\":\"2019-02-02T05:49:06+00:00\",\"mainEntityOfPage\":{\"@id\":\"https:\/\/www.pressenza.com\/fr\/2019\/02\/victoire-a-berlin-des-habitants-de-la-karl-marx-allee-contre-les-geants-de-limmobilier\/\"},\"wordCount\":1849,\"publisher\":{\"@id\":\"https:\/\/www.pressenza.com\/fr\/#organization\"},\"image\":{\"@id\":\"https:\/\/www.pressenza.com\/fr\/2019\/02\/victoire-a-berlin-des-habitants-de-la-karl-marx-allee-contre-les-geants-de-limmobilier\/#primaryimage\"},\"thumbnailUrl\":\"https:\/\/www.pressenza.com\/wp-content\/uploads\/2019\/02\/Victoire-\u00e0-Berlin-des-habitants-de-la-Karl-Marx-Allee-contre-les-g\u00e9ants-de-l\u2019immobilier.jpg\",\"keywords\":[\"Berlin\",\"droit \u00e0 la ville\",\"immobilier\",\"Sp\u00e9culation\"],\"articleSection\":[\"Droits humains\",\"Europe\"],\"inLanguage\":\"fr-FR\"},{\"@type\":\"WebPage\",\"@id\":\"https:\/\/www.pressenza.com\/fr\/2019\/02\/victoire-a-berlin-des-habitants-de-la-karl-marx-allee-contre-les-geants-de-limmobilier\/\",\"url\":\"https:\/\/www.pressenza.com\/fr\/2019\/02\/victoire-a-berlin-des-habitants-de-la-karl-marx-allee-contre-les-geants-de-limmobilier\/\",\"name\":\"Victoire \u00e0 Berlin des habitants de la Karl-Marx Allee contre les g\u00e9ants de l\u2019immobilier\",\"isPartOf\":{\"@id\":\"https:\/\/www.pressenza.com\/fr\/#website\"},\"primaryImageOfPage\":{\"@id\":\"https:\/\/www.pressenza.com\/fr\/2019\/02\/victoire-a-berlin-des-habitants-de-la-karl-marx-allee-contre-les-geants-de-limmobilier\/#primaryimage\"},\"image\":{\"@id\":\"https:\/\/www.pressenza.com\/fr\/2019\/02\/victoire-a-berlin-des-habitants-de-la-karl-marx-allee-contre-les-geants-de-limmobilier\/#primaryimage\"},\"thumbnailUrl\":\"https:\/\/www.pressenza.com\/wp-content\/uploads\/2019\/02\/Victoire-\u00e0-Berlin-des-habitants-de-la-Karl-Marx-Allee-contre-les-g\u00e9ants-de-l\u2019immobilier.jpg\",\"datePublished\":\"2019-02-02T05:49:06+00:00\",\"description\":\"Par\u00a0Mats Lucia Bayer Comme c\u2019est le cas dans de nombreuses m\u00e9tropoles, les habitant.e.s de la ville de Berlin font face \u00e0 la gentrification, qui\",\"breadcrumb\":{\"@id\":\"https:\/\/www.pressenza.com\/fr\/2019\/02\/victoire-a-berlin-des-habitants-de-la-karl-marx-allee-contre-les-geants-de-limmobilier\/#breadcrumb\"},\"inLanguage\":\"fr-FR\",\"potentialAction\":[{\"@type\":\"ReadAction\",\"target\":[\"https:\/\/www.pressenza.com\/fr\/2019\/02\/victoire-a-berlin-des-habitants-de-la-karl-marx-allee-contre-les-geants-de-limmobilier\/\"]}]},{\"@type\":\"ImageObject\",\"inLanguage\":\"fr-FR\",\"@id\":\"https:\/\/www.pressenza.com\/fr\/2019\/02\/victoire-a-berlin-des-habitants-de-la-karl-marx-allee-contre-les-geants-de-limmobilier\/#primaryimage\",\"url\":\"https:\/\/www.pressenza.com\/wp-content\/uploads\/2019\/02\/Victoire-\u00e0-Berlin-des-habitants-de-la-Karl-Marx-Allee-contre-les-g\u00e9ants-de-l\u2019immobilier.jpg\",\"contentUrl\":\"https:\/\/www.pressenza.com\/wp-content\/uploads\/2019\/02\/Victoire-\u00e0-Berlin-des-habitants-de-la-Karl-Marx-Allee-contre-les-g\u00e9ants-de-l\u2019immobilier.jpg\",\"width\":750,\"height\":458},{\"@type\":\"BreadcrumbList\",\"@id\":\"https:\/\/www.pressenza.com\/fr\/2019\/02\/victoire-a-berlin-des-habitants-de-la-karl-marx-allee-contre-les-geants-de-limmobilier\/#breadcrumb\",\"itemListElement\":[{\"@type\":\"ListItem\",\"position\":1,\"name\":\"Accueil\",\"item\":\"https:\/\/www.pressenza.com\/fr\/\"},{\"@type\":\"ListItem\",\"position\":2,\"name\":\"Victoire \u00e0 Berlin des habitants de la Karl-Marx Allee contre les g\u00e9ants de l\u2019immobilier\"}]},{\"@type\":\"WebSite\",\"@id\":\"https:\/\/www.pressenza.com\/fr\/#website\",\"url\":\"https:\/\/www.pressenza.com\/fr\/\",\"name\":\"Pressenza\",\"description\":\"International Press Agency\",\"publisher\":{\"@id\":\"https:\/\/www.pressenza.com\/fr\/#organization\"},\"potentialAction\":[{\"@type\":\"SearchAction\",\"target\":{\"@type\":\"EntryPoint\",\"urlTemplate\":\"https:\/\/www.pressenza.com\/fr\/?s={search_term_string}\"},\"query-input\":{\"@type\":\"PropertyValueSpecification\",\"valueRequired\":true,\"valueName\":\"search_term_string\"}}],\"inLanguage\":\"fr-FR\"},{\"@type\":\"Organization\",\"@id\":\"https:\/\/www.pressenza.com\/fr\/#organization\",\"name\":\"Pressenza\",\"url\":\"https:\/\/www.pressenza.com\/fr\/\",\"logo\":{\"@type\":\"ImageObject\",\"inLanguage\":\"fr-FR\",\"@id\":\"https:\/\/www.pressenza.com\/fr\/#\/schema\/logo\/image\/\",\"url\":\"https:\/\/www.pressenza.com\/wp-content\/uploads\/2022\/10\/pressenza_logo_200x200.jpg\",\"contentUrl\":\"https:\/\/www.pressenza.com\/wp-content\/uploads\/2022\/10\/pressenza_logo_200x200.jpg\",\"width\":200,\"height\":200,\"caption\":\"Pressenza\"},\"image\":{\"@id\":\"https:\/\/www.pressenza.com\/fr\/#\/schema\/logo\/image\/\"},\"sameAs\":[\"https:\/\/www.facebook.com\/PressenzaItalia\",\"https:\/\/x.com\/PressenzaIPA\"]},{\"@type\":\"Person\",\"@id\":\"https:\/\/www.pressenza.com\/fr\/#\/schema\/person\/1f570f1450b3d76e0dd919130d5851af\",\"name\":\"Comit\u00e9 pour l\u2019abolition des dettes ill\u00e9gitimes (CADTM)\",\"sameAs\":[\"http:\/\/www.cadtm.org\/\",\"https:\/\/www.facebook.com\/CADTMNETWORK\/\",\"https:\/\/x.com\/CADTM_int\"],\"url\":\"https:\/\/www.pressenza.com\/fr\/author\/comite-pour-annulation-de-la-dette-du-tiers-mond\/\"}]}<\/script>\n<!-- \/ Yoast SEO plugin. -->","yoast_head_json":{"title":"Victoire \u00e0 Berlin des habitants de la Karl-Marx Allee contre les g\u00e9ants de l\u2019immobilier","description":"Par\u00a0Mats Lucia Bayer Comme c\u2019est le cas dans de nombreuses m\u00e9tropoles, les habitant.e.s de la ville de Berlin font face \u00e0 la gentrification, qui","robots":{"index":"index","follow":"follow","max-snippet":"max-snippet:-1","max-image-preview":"max-image-preview:large","max-video-preview":"max-video-preview:-1"},"canonical":"https:\/\/www.pressenza.com\/fr\/2019\/02\/victoire-a-berlin-des-habitants-de-la-karl-marx-allee-contre-les-geants-de-limmobilier\/","og_locale":"fr_FR","og_type":"article","og_title":"Victoire \u00e0 Berlin des habitants de la Karl-Marx Allee contre les g\u00e9ants de l\u2019immobilier","og_description":"Par\u00a0Mats Lucia Bayer Comme c\u2019est le cas dans de nombreuses m\u00e9tropoles, les habitant.e.s de la ville de Berlin font face \u00e0 la gentrification, qui","og_url":"https:\/\/www.pressenza.com\/fr\/2019\/02\/victoire-a-berlin-des-habitants-de-la-karl-marx-allee-contre-les-geants-de-limmobilier\/","og_site_name":"Pressenza","article_publisher":"https:\/\/www.facebook.com\/PressenzaItalia","article_author":"https:\/\/www.facebook.com\/CADTMNETWORK\/","article_published_time":"2019-02-02T05:49:06+00:00","og_image":[{"width":750,"height":458,"url":"https:\/\/www.pressenza.com\/wp-content\/uploads\/2019\/02\/Victoire-\u00e0-Berlin-des-habitants-de-la-Karl-Marx-Allee-contre-les-g\u00e9ants-de-l\u2019immobilier.jpg","type":"image\/jpeg"}],"author":"Comit\u00e9 pour l\u2019abolition des dettes ill\u00e9gitimes (CADTM)","twitter_card":"summary_large_image","twitter_creator":"@CADTM_int","twitter_site":"@PressenzaIPA","twitter_misc":{"\u00c9crit par":"Comit\u00e9 pour l\u2019abolition des dettes ill\u00e9gitimes (CADTM)","Dur\u00e9e de lecture estim\u00e9e":"9 minutes"},"schema":{"@context":"https:\/\/schema.org","@graph":[{"@type":"Article","@id":"https:\/\/www.pressenza.com\/fr\/2019\/02\/victoire-a-berlin-des-habitants-de-la-karl-marx-allee-contre-les-geants-de-limmobilier\/#article","isPartOf":{"@id":"https:\/\/www.pressenza.com\/fr\/2019\/02\/victoire-a-berlin-des-habitants-de-la-karl-marx-allee-contre-les-geants-de-limmobilier\/"},"author":{"name":"Comit\u00e9 pour l\u2019abolition des dettes ill\u00e9gitimes (CADTM)","@id":"https:\/\/www.pressenza.com\/fr\/#\/schema\/person\/1f570f1450b3d76e0dd919130d5851af"},"headline":"Victoire \u00e0 Berlin des habitants de la Karl-Marx Allee contre les g\u00e9ants de l\u2019immobilier","datePublished":"2019-02-02T05:49:06+00:00","mainEntityOfPage":{"@id":"https:\/\/www.pressenza.com\/fr\/2019\/02\/victoire-a-berlin-des-habitants-de-la-karl-marx-allee-contre-les-geants-de-limmobilier\/"},"wordCount":1849,"publisher":{"@id":"https:\/\/www.pressenza.com\/fr\/#organization"},"image":{"@id":"https:\/\/www.pressenza.com\/fr\/2019\/02\/victoire-a-berlin-des-habitants-de-la-karl-marx-allee-contre-les-geants-de-limmobilier\/#primaryimage"},"thumbnailUrl":"https:\/\/www.pressenza.com\/wp-content\/uploads\/2019\/02\/Victoire-\u00e0-Berlin-des-habitants-de-la-Karl-Marx-Allee-contre-les-g\u00e9ants-de-l\u2019immobilier.jpg","keywords":["Berlin","droit \u00e0 la ville","immobilier","Sp\u00e9culation"],"articleSection":["Droits humains","Europe"],"inLanguage":"fr-FR"},{"@type":"WebPage","@id":"https:\/\/www.pressenza.com\/fr\/2019\/02\/victoire-a-berlin-des-habitants-de-la-karl-marx-allee-contre-les-geants-de-limmobilier\/","url":"https:\/\/www.pressenza.com\/fr\/2019\/02\/victoire-a-berlin-des-habitants-de-la-karl-marx-allee-contre-les-geants-de-limmobilier\/","name":"Victoire \u00e0 Berlin des habitants de la Karl-Marx Allee contre les g\u00e9ants de l\u2019immobilier","isPartOf":{"@id":"https:\/\/www.pressenza.com\/fr\/#website"},"primaryImageOfPage":{"@id":"https:\/\/www.pressenza.com\/fr\/2019\/02\/victoire-a-berlin-des-habitants-de-la-karl-marx-allee-contre-les-geants-de-limmobilier\/#primaryimage"},"image":{"@id":"https:\/\/www.pressenza.com\/fr\/2019\/02\/victoire-a-berlin-des-habitants-de-la-karl-marx-allee-contre-les-geants-de-limmobilier\/#primaryimage"},"thumbnailUrl":"https:\/\/www.pressenza.com\/wp-content\/uploads\/2019\/02\/Victoire-\u00e0-Berlin-des-habitants-de-la-Karl-Marx-Allee-contre-les-g\u00e9ants-de-l\u2019immobilier.jpg","datePublished":"2019-02-02T05:49:06+00:00","description":"Par\u00a0Mats Lucia Bayer Comme c\u2019est le cas dans de nombreuses m\u00e9tropoles, les habitant.e.s de la ville de Berlin font face \u00e0 la gentrification, qui","breadcrumb":{"@id":"https:\/\/www.pressenza.com\/fr\/2019\/02\/victoire-a-berlin-des-habitants-de-la-karl-marx-allee-contre-les-geants-de-limmobilier\/#breadcrumb"},"inLanguage":"fr-FR","potentialAction":[{"@type":"ReadAction","target":["https:\/\/www.pressenza.com\/fr\/2019\/02\/victoire-a-berlin-des-habitants-de-la-karl-marx-allee-contre-les-geants-de-limmobilier\/"]}]},{"@type":"ImageObject","inLanguage":"fr-FR","@id":"https:\/\/www.pressenza.com\/fr\/2019\/02\/victoire-a-berlin-des-habitants-de-la-karl-marx-allee-contre-les-geants-de-limmobilier\/#primaryimage","url":"https:\/\/www.pressenza.com\/wp-content\/uploads\/2019\/02\/Victoire-\u00e0-Berlin-des-habitants-de-la-Karl-Marx-Allee-contre-les-g\u00e9ants-de-l\u2019immobilier.jpg","contentUrl":"https:\/\/www.pressenza.com\/wp-content\/uploads\/2019\/02\/Victoire-\u00e0-Berlin-des-habitants-de-la-Karl-Marx-Allee-contre-les-g\u00e9ants-de-l\u2019immobilier.jpg","width":750,"height":458},{"@type":"BreadcrumbList","@id":"https:\/\/www.pressenza.com\/fr\/2019\/02\/victoire-a-berlin-des-habitants-de-la-karl-marx-allee-contre-les-geants-de-limmobilier\/#breadcrumb","itemListElement":[{"@type":"ListItem","position":1,"name":"Accueil","item":"https:\/\/www.pressenza.com\/fr\/"},{"@type":"ListItem","position":2,"name":"Victoire \u00e0 Berlin des habitants de la Karl-Marx Allee contre les g\u00e9ants de l\u2019immobilier"}]},{"@type":"WebSite","@id":"https:\/\/www.pressenza.com\/fr\/#website","url":"https:\/\/www.pressenza.com\/fr\/","name":"Pressenza","description":"International Press Agency","publisher":{"@id":"https:\/\/www.pressenza.com\/fr\/#organization"},"potentialAction":[{"@type":"SearchAction","target":{"@type":"EntryPoint","urlTemplate":"https:\/\/www.pressenza.com\/fr\/?s={search_term_string}"},"query-input":{"@type":"PropertyValueSpecification","valueRequired":true,"valueName":"search_term_string"}}],"inLanguage":"fr-FR"},{"@type":"Organization","@id":"https:\/\/www.pressenza.com\/fr\/#organization","name":"Pressenza","url":"https:\/\/www.pressenza.com\/fr\/","logo":{"@type":"ImageObject","inLanguage":"fr-FR","@id":"https:\/\/www.pressenza.com\/fr\/#\/schema\/logo\/image\/","url":"https:\/\/www.pressenza.com\/wp-content\/uploads\/2022\/10\/pressenza_logo_200x200.jpg","contentUrl":"https:\/\/www.pressenza.com\/wp-content\/uploads\/2022\/10\/pressenza_logo_200x200.jpg","width":200,"height":200,"caption":"Pressenza"},"image":{"@id":"https:\/\/www.pressenza.com\/fr\/#\/schema\/logo\/image\/"},"sameAs":["https:\/\/www.facebook.com\/PressenzaItalia","https:\/\/x.com\/PressenzaIPA"]},{"@type":"Person","@id":"https:\/\/www.pressenza.com\/fr\/#\/schema\/person\/1f570f1450b3d76e0dd919130d5851af","name":"Comit\u00e9 pour l\u2019abolition des dettes ill\u00e9gitimes (CADTM)","sameAs":["http:\/\/www.cadtm.org\/","https:\/\/www.facebook.com\/CADTMNETWORK\/","https:\/\/x.com\/CADTM_int"],"url":"https:\/\/www.pressenza.com\/fr\/author\/comite-pour-annulation-de-la-dette-du-tiers-mond\/"}]}},"place":"","original_article_url":"","_links":{"self":[{"href":"https:\/\/www.pressenza.com\/fr\/wp-json\/wp\/v2\/posts\/799979","targetHints":{"allow":["GET"]}}],"collection":[{"href":"https:\/\/www.pressenza.com\/fr\/wp-json\/wp\/v2\/posts"}],"about":[{"href":"https:\/\/www.pressenza.com\/fr\/wp-json\/wp\/v2\/types\/post"}],"author":[{"embeddable":true,"href":"https:\/\/www.pressenza.com\/fr\/wp-json\/wp\/v2\/users\/848"}],"replies":[{"embeddable":true,"href":"https:\/\/www.pressenza.com\/fr\/wp-json\/wp\/v2\/comments?post=799979"}],"version-history":[{"count":0,"href":"https:\/\/www.pressenza.com\/fr\/wp-json\/wp\/v2\/posts\/799979\/revisions"}],"wp:featuredmedia":[{"embeddable":true,"href":"https:\/\/www.pressenza.com\/fr\/wp-json\/wp\/v2\/media\/799981"}],"wp:attachment":[{"href":"https:\/\/www.pressenza.com\/fr\/wp-json\/wp\/v2\/media?parent=799979"}],"wp:term":[{"taxonomy":"category","embeddable":true,"href":"https:\/\/www.pressenza.com\/fr\/wp-json\/wp\/v2\/categories?post=799979"},{"taxonomy":"post_tag","embeddable":true,"href":"https:\/\/www.pressenza.com\/fr\/wp-json\/wp\/v2\/tags?post=799979"}],"curies":[{"name":"wp","href":"https:\/\/api.w.org\/{rel}","templated":true}]}}