{"id":799976,"date":"2019-02-06T14:28:00","date_gmt":"2019-02-06T14:28:00","guid":{"rendered":"https:\/\/www.pressenza.com\/?p=799976"},"modified":"2019-02-06T14:28:00","modified_gmt":"2019-02-06T14:28:00","slug":"silo-50-ans-de-spiritualite-debut-d-une-annee-de-celebrations-a-punta-de-vacas-argentine","status":"publish","type":"post","link":"https:\/\/www.pressenza.com\/fr\/2019\/02\/silo-50-ans-de-spiritualite-debut-d-une-annee-de-celebrations-a-punta-de-vacas-argentine\/","title":{"rendered":"Silo, 50 ans de spiritualit\u00e9 : d\u00e9but d&rsquo;une ann\u00e9e de c\u00e9l\u00e9brations \u00e0 Punta de Vacas, Argentine"},"content":{"rendered":"<p><em>Texte : Tito de Casas et Tony Robinson, photos : <a href=\"https:\/\/www.flickr.com\/photos\/rafa2010\/albums\/72157702202204202\/with\/39691037803\/\" target=\"_blank\" rel=\"noopener\">Rafael Edwards<\/a>.<\/em><\/p>\n<p>Au cours de la premi\u00e8re semaine de janvier 2019, des siloistes du monde entier se sont r\u00e9unis \u00e0 Punta de Vacas \u2013 o\u00f9 se trouve actuellement un <a href=\"http:\/\/www.parquepuntadevacas.net\/\">Parc d&rsquo;\u00e9tude et de r\u00e9flexion<\/a> \u2013 pour commencer une ann\u00e9e de c\u00e9l\u00e9brations marquant l&rsquo;ann\u00e9e 1969 o\u00f9 l&rsquo;Argentin Mario Rodr\u00edguez Cobos, mieux connu comme <a href=\"http:\/\/silo.net\/\">Silo<\/a>, guide et fondateur du Mouvement Humaniste, est parti pour la premi\u00e8re fois vers sa retraite de montagne [N.d.T. Voir photo de la petite construction ci-dessous],\u00a0construite manuellement, pour travailler sur certains textes qui sont devenus les textes principaux de sa doctrine : <em>Le regard int\u00e9rieur<\/em> et <em>La gu\u00e9rison de la souffrance<\/em>.<\/p>\n<p><a href=\"https:\/\/www.pressenza.com\/wp-content\/uploads\/2019\/02\/1969-00-00-Silo-en-la-Ermita-01.jpg\"><img loading=\"lazy\" decoding=\"async\" class=\"alignnone size-full wp-image-799418\" src=\"https:\/\/www.pressenza.com\/wp-content\/uploads\/2019\/02\/1969-00-00-Silo-en-la-Ermita-01.jpg\" alt=\"\" width=\"452\" height=\"389\" srcset=\"https:\/\/www.pressenza.com\/wp-content\/uploads\/2019\/02\/1969-00-00-Silo-en-la-Ermita-01.jpg 452w, https:\/\/www.pressenza.com\/wp-content\/uploads\/2019\/02\/1969-00-00-Silo-en-la-Ermita-01-300x258.jpg 300w\" sizes=\"auto, (max-width: 452px) 100vw, 452px\" \/><\/a><\/p>\n<p>H\u00e9berg\u00e9s dans des h\u00f4tels proches, d&rsquo;Uspallata \u00e0 Puente del Inca, quelque 700 amis du Chili, d&rsquo;Argentine, du P\u00e9rou, de l&rsquo;\u00c9quateur, de Bolivie, du Br\u00e9sil, du Mexique, des \u00c9tats-Unis, d&rsquo;Espagne, de France, d&rsquo;Italie, d&rsquo;Allemagne, de Hongrie et de R\u00e9publique tch\u00e8que, entre autres, sont venus pour c\u00e9l\u00e9brer cet \u00e9v\u00e9nement historique.<\/p>\n<p><em>Le regard int\u00e9rieur<\/em> fut le premier livre publi\u00e9 sous le nom de \u00ab\u00a0Silo\u00a0\u00bb et finit par circuler dans le monde entier au d\u00e9but des ann\u00e9es 1970 entre les mains de jeunes gens inspir\u00e9s par son message et traduits dans des dizaines de langues. Plus tard, avec l&rsquo;ajout de deux sections suppl\u00e9mentaires : <em>Le Paysage Int\u00e9rieur<\/em> et <em>Le Paysage Humain<\/em>, l&rsquo;ensemble de l&rsquo;\u0153uvre circulera sous le nom <em><a href=\"http:\/\/silo.net\/system\/documents\/132\/original\/Humaniser_la_Terre_(Rev_2017).pdf\">Humaniser la Terre<\/a>.<\/em><\/p>\n<blockquote><p>Ici est racont\u00e9 comment on convertit le non-sens de la vie en sens et en pl\u00e9nitude. Ici, on trouve joie, amour du corps, de la nature, de l&rsquo;humanit\u00e9 et de l&rsquo;esprit. Ici, on renie les sacrifices, le sentiment de culpabilit\u00e9 et les menaces d&rsquo;outre tombe. Ici, on n\u2019oppose pas le terrestre \u00e0 l\u2019\u00e9ternel.\u00a0Ici, on parle de la r\u00e9v\u00e9lation int\u00e9rieure \u00e0 laquelle parvient celui qui,<br \/>\nsoigneusement, m\u00e9dite en une humble recherche.<\/p><\/blockquote>\n<p>Le 4 mai 1969, Silo sortit enfin de sa retraite pour donner son discours sur <a href=\"http:\/\/silo.net\/system\/documents\/4\/original\/1969_french.rtf\"><em>La gu\u00e9rison de la souffrance<\/em><\/a>, qui allait donner naissance \u00e0 un mouvement mondial (le premier du genre) dont les membres d\u00e9di\u00e9s promouvaient une doctrine de transformation personnelle et sociale simultan\u00e9e, \u00e0 travers une m\u00e9thodologie de nonviolence active.<\/p>\n<blockquote><p>Tu souffres par crainte de perdre ce que tu as ou \u00e0 cause de ce que tu as d\u00e9j\u00e0 perdu ou pour ce que tu d\u00e9sesp\u00e8res d\u2019atteindre. Tu souffres de ne pas avoir ou par peur en g\u00e9n\u00e9ral\u2026 Voil\u00e0 les grands ennemis de l\u2019homme\u00a0: la peur de la maladie, la peur de la pauvret\u00e9, la peur de la mort, la peur de la solitude.<\/p><\/blockquote>\n<p>Pendant les jours de la r\u00e9union, les gens ont particip\u00e9 aux c\u00e9r\u00e9monies pr\u00e9sent\u00e9es dans le livre <a href=\"http:\/\/silo.net\/system\/documents\/10\/original\/Mensaje_fr.pdf\"><em>Le Message de Silo<\/em><\/a>, et ont \u00e9chang\u00e9 leurs exp\u00e9riences dans les communaut\u00e9s de Messagers \u00e0 travers le monde et \u00e9cout\u00e9 ceux qui \u00e9taient l\u00e0 le 4 mai 1969 et dans les premiers jours o\u00f9 leur doctrine \u00e9tait en cours de d\u00e9veloppement.<\/p>\n<p>Une partie du projet de Silo, qui a \u00e9merg\u00e9 dans la phase finale de son travail, \u00e9tait l&rsquo;\u00e9tablissement d&rsquo;un r\u00e9seau de Parcs d&rsquo;Etude et de R\u00e9flexion, dont il y en a environ 50 de l&rsquo;Inde \u00e0 la Californie, et qui est en train de se d\u00e9velopper. Le parc de Punta de Vacas, d&rsquo;o\u00f9 est originaire tout le mouvement, a toujours \u00e9t\u00e9 un foyer spirituel et accueillera plusieurs \u00e9v\u00e9nements comm\u00e9moratifs tout au long de l&rsquo;ann\u00e9e.<\/p>\n<p>Silo, l&rsquo;homme, est mort en 2010, mais son enseignement est toujours vivant.<\/p>\n<div class=\"post-gallery\">\n\t\t\t<figure class=\"post-gallery-item\">\n\t\t\t\t<img decoding=\"async\" src=\"https:\/\/www.pressenza.com\/wp-content\/uploads\/2019\/02\/2019-01-Punta-de-Vacas-10-720x508.jpg\" loading=\"lazy\">\n\t\t\t\t<figcaption>\n\t\t\t\t\t\n\t\t\t\t<\/figcaption>\n\t\t\t<\/figure>\n\t\t\t<figure class=\"post-gallery-item\">\n\t\t\t\t<img decoding=\"async\" src=\"https:\/\/www.pressenza.com\/wp-content\/uploads\/2019\/02\/2019-01-Punta-de-Vacas-09-720x432.jpg\" loading=\"lazy\">\n\t\t\t\t<figcaption>\n\t\t\t\t\t\n\t\t\t\t<\/figcaption>\n\t\t\t<\/figure>\n\t\t\t<figure class=\"post-gallery-item\">\n\t\t\t\t<img decoding=\"async\" src=\"https:\/\/www.pressenza.com\/wp-content\/uploads\/2019\/02\/2019-01-Punta-de-Vacas-08-720x521.jpg\" loading=\"lazy\">\n\t\t\t\t<figcaption>\n\t\t\t\t\t\n\t\t\t\t<\/figcaption>\n\t\t\t<\/figure>\n\t\t\t<figure class=\"post-gallery-item\">\n\t\t\t\t<img decoding=\"async\" src=\"https:\/\/www.pressenza.com\/wp-content\/uploads\/2019\/02\/2019-01-Punta-de-Vacas-06-720x405.jpg\" loading=\"lazy\">\n\t\t\t\t<figcaption>\n\t\t\t\t\t\n\t\t\t\t<\/figcaption>\n\t\t\t<\/figure>\n\t\t\t<figure class=\"post-gallery-item\">\n\t\t\t\t<img decoding=\"async\" src=\"https:\/\/www.pressenza.com\/wp-content\/uploads\/2019\/02\/2019-01-Punta-de-Vacas-05-720x524.jpg\" loading=\"lazy\">\n\t\t\t\t<figcaption>\n\t\t\t\t\t\n\t\t\t\t<\/figcaption>\n\t\t\t<\/figure>\n\t\t\t<figure class=\"post-gallery-item\">\n\t\t\t\t<img decoding=\"async\" src=\"https:\/\/www.pressenza.com\/wp-content\/uploads\/2019\/02\/2019-01-Punta-de-Vacas-04-720x325.jpg\" loading=\"lazy\">\n\t\t\t\t<figcaption>\n\t\t\t\t\t\n\t\t\t\t<\/figcaption>\n\t\t\t<\/figure>\n\t\t\t<figure class=\"post-gallery-item\">\n\t\t\t\t<img decoding=\"async\" src=\"https:\/\/www.pressenza.com\/wp-content\/uploads\/2019\/02\/2019-01-Punta-de-Vacas-03-720x503.jpg\" loading=\"lazy\">\n\t\t\t\t<figcaption>\n\t\t\t\t\t\n\t\t\t\t<\/figcaption>\n\t\t\t<\/figure>\n\t\t\t<figure class=\"post-gallery-item\">\n\t\t\t\t<img decoding=\"async\" src=\"https:\/\/www.pressenza.com\/wp-content\/uploads\/2019\/02\/2019-01-Punta-de-Vacas-02-720x461.jpg\" loading=\"lazy\">\n\t\t\t\t<figcaption>\n\t\t\t\t\t\n\t\t\t\t<\/figcaption>\n\t\t\t<\/figure>\n\t\t\t<figure class=\"post-gallery-item\">\n\t\t\t\t<img decoding=\"async\" src=\"https:\/\/www.pressenza.com\/wp-content\/uploads\/2019\/02\/2019-01-Punta-de-Vacas-01-720x475.jpg\" loading=\"lazy\">\n\t\t\t\t<figcaption>\n\t\t\t\t\t\n\t\t\t\t<\/figcaption>\n\t\t\t<\/figure><\/div>\n","protected":false},"excerpt":{"rendered":"<p>Texte : Tito de Casas et Tony Robinson, photos : Rafael Edwards. Au cours de la premi\u00e8re semaine de janvier 2019, des siloistes du monde entier se sont r\u00e9unis \u00e0 Punta de Vacas \u2013 o\u00f9 se trouve actuellement un Parc&hellip;<\/p>\n","protected":false},"author":1013,"featured_media":799456,"comment_status":"closed","ping_status":"closed","sticky":false,"template":"","format":"standard","meta":{"footnotes":""},"categories":[86,11386,1246,40],"tags":[1180,16252,4887,54588,4886],"class_list":["post-799976","post","type-post","status-publish","format-standard","has-post-thumbnail","hentry","category-amerique-du-sud","category-contenu-original","category-humanisme-spiritualite","category-international-fr","tag-argentine","tag-le-message-de-silo","tag-mouvement-humaniste","tag-punta-de-vacas-fr","tag-silo-fr"],"yoast_head":"<!-- This site is optimized with the Yoast SEO plugin v27.1.1 - https:\/\/yoast.com\/product\/yoast-seo-wordpress\/ -->\n<title>Silo, 50 ans de spiritualit\u00e9 : d\u00e9but d&#039;une ann\u00e9e de c\u00e9l\u00e9brations \u00e0 Punta de Vacas, Argentine<\/title>\n<meta name=\"description\" content=\"Texte : Tito de Casas et Tony Robinson, photos : Rafael Edwards. Au cours de la premi\u00e8re semaine de janvier 2019, des siloistes du monde entier se sont\" \/>\n<meta name=\"robots\" content=\"index, follow, max-snippet:-1, max-image-preview:large, max-video-preview:-1\" \/>\n<link rel=\"canonical\" href=\"https:\/\/www.pressenza.com\/fr\/2019\/02\/silo-50-ans-de-spiritualite-debut-d-une-annee-de-celebrations-a-punta-de-vacas-argentine\/\" \/>\n<meta property=\"og:locale\" content=\"fr_FR\" \/>\n<meta property=\"og:type\" content=\"article\" \/>\n<meta property=\"og:title\" content=\"Silo, 50 ans de spiritualit\u00e9 : d\u00e9but d&#039;une ann\u00e9e de c\u00e9l\u00e9brations \u00e0 Punta de Vacas, Argentine\" \/>\n<meta property=\"og:description\" content=\"Texte : Tito de Casas et Tony Robinson, photos : Rafael Edwards. Au cours de la premi\u00e8re semaine de janvier 2019, des siloistes du monde entier se sont\" \/>\n<meta property=\"og:url\" content=\"https:\/\/www.pressenza.com\/fr\/2019\/02\/silo-50-ans-de-spiritualite-debut-d-une-annee-de-celebrations-a-punta-de-vacas-argentine\/\" \/>\n<meta property=\"og:site_name\" content=\"Pressenza\" \/>\n<meta property=\"article:publisher\" content=\"https:\/\/www.facebook.com\/PressenzaItalia\" \/>\n<meta property=\"article:author\" content=\"https:\/\/www.facebook.com\/PressenzaEnglish\/\" \/>\n<meta property=\"article:published_time\" content=\"2019-02-06T14:28:00+00:00\" \/>\n<meta property=\"og:image\" content=\"https:\/\/www.pressenza.com\/wp-content\/uploads\/2019\/02\/2019-01-Punta-de-Vacas-07.jpg\" \/>\n\t<meta property=\"og:image:width\" content=\"1600\" \/>\n\t<meta property=\"og:image:height\" content=\"980\" \/>\n\t<meta property=\"og:image:type\" content=\"image\/jpeg\" \/>\n<meta name=\"author\" content=\"Pressenza London\" \/>\n<meta name=\"twitter:card\" content=\"summary_large_image\" \/>\n<meta name=\"twitter:creator\" content=\"@PressenzaIPA\" \/>\n<meta name=\"twitter:site\" content=\"@PressenzaIPA\" \/>\n<meta name=\"twitter:label1\" content=\"\u00c9crit par\" \/>\n\t<meta name=\"twitter:data1\" content=\"Pressenza London\" \/>\n\t<meta name=\"twitter:label2\" content=\"Dur\u00e9e de lecture estim\u00e9e\" \/>\n\t<meta name=\"twitter:data2\" content=\"3 minutes\" \/>\n<script type=\"application\/ld+json\" class=\"yoast-schema-graph\">{\"@context\":\"https:\/\/schema.org\",\"@graph\":[{\"@type\":\"Article\",\"@id\":\"https:\/\/www.pressenza.com\/fr\/2019\/02\/silo-50-ans-de-spiritualite-debut-d-une-annee-de-celebrations-a-punta-de-vacas-argentine\/#article\",\"isPartOf\":{\"@id\":\"https:\/\/www.pressenza.com\/fr\/2019\/02\/silo-50-ans-de-spiritualite-debut-d-une-annee-de-celebrations-a-punta-de-vacas-argentine\/\"},\"author\":{\"name\":\"Pressenza London\",\"@id\":\"https:\/\/www.pressenza.com\/fr\/#\/schema\/person\/17c976cc856ec7e8e3f8cdd1a45eb1b0\"},\"headline\":\"Silo, 50 ans de spiritualit\u00e9 : d\u00e9but d&rsquo;une ann\u00e9e de c\u00e9l\u00e9brations \u00e0 Punta de Vacas, Argentine\",\"datePublished\":\"2019-02-06T14:28:00+00:00\",\"mainEntityOfPage\":{\"@id\":\"https:\/\/www.pressenza.com\/fr\/2019\/02\/silo-50-ans-de-spiritualite-debut-d-une-annee-de-celebrations-a-punta-de-vacas-argentine\/\"},\"wordCount\":640,\"publisher\":{\"@id\":\"https:\/\/www.pressenza.com\/fr\/#organization\"},\"image\":{\"@id\":\"https:\/\/www.pressenza.com\/fr\/2019\/02\/silo-50-ans-de-spiritualite-debut-d-une-annee-de-celebrations-a-punta-de-vacas-argentine\/#primaryimage\"},\"thumbnailUrl\":\"https:\/\/www.pressenza.com\/wp-content\/uploads\/2019\/02\/2019-01-Punta-de-Vacas-07.jpg\",\"keywords\":[\"Argentine\",\"Le Message de Silo\",\"Mouvement humaniste\",\"Punta de Vacas\",\"Silo\"],\"articleSection\":[\"Am\u00e9rique du Sud\",\"Contenu Original\",\"Humanisme et Spiritualit\u00e9\",\"International\"],\"inLanguage\":\"fr-FR\"},{\"@type\":\"WebPage\",\"@id\":\"https:\/\/www.pressenza.com\/fr\/2019\/02\/silo-50-ans-de-spiritualite-debut-d-une-annee-de-celebrations-a-punta-de-vacas-argentine\/\",\"url\":\"https:\/\/www.pressenza.com\/fr\/2019\/02\/silo-50-ans-de-spiritualite-debut-d-une-annee-de-celebrations-a-punta-de-vacas-argentine\/\",\"name\":\"Silo, 50 ans de spiritualit\u00e9 : d\u00e9but d'une ann\u00e9e de c\u00e9l\u00e9brations \u00e0 Punta de Vacas, Argentine\",\"isPartOf\":{\"@id\":\"https:\/\/www.pressenza.com\/fr\/#website\"},\"primaryImageOfPage\":{\"@id\":\"https:\/\/www.pressenza.com\/fr\/2019\/02\/silo-50-ans-de-spiritualite-debut-d-une-annee-de-celebrations-a-punta-de-vacas-argentine\/#primaryimage\"},\"image\":{\"@id\":\"https:\/\/www.pressenza.com\/fr\/2019\/02\/silo-50-ans-de-spiritualite-debut-d-une-annee-de-celebrations-a-punta-de-vacas-argentine\/#primaryimage\"},\"thumbnailUrl\":\"https:\/\/www.pressenza.com\/wp-content\/uploads\/2019\/02\/2019-01-Punta-de-Vacas-07.jpg\",\"datePublished\":\"2019-02-06T14:28:00+00:00\",\"description\":\"Texte : Tito de Casas et Tony Robinson, photos : Rafael Edwards. Au cours de la premi\u00e8re semaine de janvier 2019, des siloistes du monde entier se sont\",\"breadcrumb\":{\"@id\":\"https:\/\/www.pressenza.com\/fr\/2019\/02\/silo-50-ans-de-spiritualite-debut-d-une-annee-de-celebrations-a-punta-de-vacas-argentine\/#breadcrumb\"},\"inLanguage\":\"fr-FR\",\"potentialAction\":[{\"@type\":\"ReadAction\",\"target\":[\"https:\/\/www.pressenza.com\/fr\/2019\/02\/silo-50-ans-de-spiritualite-debut-d-une-annee-de-celebrations-a-punta-de-vacas-argentine\/\"]}]},{\"@type\":\"ImageObject\",\"inLanguage\":\"fr-FR\",\"@id\":\"https:\/\/www.pressenza.com\/fr\/2019\/02\/silo-50-ans-de-spiritualite-debut-d-une-annee-de-celebrations-a-punta-de-vacas-argentine\/#primaryimage\",\"url\":\"https:\/\/www.pressenza.com\/wp-content\/uploads\/2019\/02\/2019-01-Punta-de-Vacas-07.jpg\",\"contentUrl\":\"https:\/\/www.pressenza.com\/wp-content\/uploads\/2019\/02\/2019-01-Punta-de-Vacas-07.jpg\",\"width\":1600,\"height\":980},{\"@type\":\"BreadcrumbList\",\"@id\":\"https:\/\/www.pressenza.com\/fr\/2019\/02\/silo-50-ans-de-spiritualite-debut-d-une-annee-de-celebrations-a-punta-de-vacas-argentine\/#breadcrumb\",\"itemListElement\":[{\"@type\":\"ListItem\",\"position\":1,\"name\":\"Accueil\",\"item\":\"https:\/\/www.pressenza.com\/fr\/\"},{\"@type\":\"ListItem\",\"position\":2,\"name\":\"Silo, 50 ans de spiritualit\u00e9 : d\u00e9but d&rsquo;une ann\u00e9e de c\u00e9l\u00e9brations \u00e0 Punta de Vacas, Argentine\"}]},{\"@type\":\"WebSite\",\"@id\":\"https:\/\/www.pressenza.com\/fr\/#website\",\"url\":\"https:\/\/www.pressenza.com\/fr\/\",\"name\":\"Pressenza\",\"description\":\"International Press Agency\",\"publisher\":{\"@id\":\"https:\/\/www.pressenza.com\/fr\/#organization\"},\"potentialAction\":[{\"@type\":\"SearchAction\",\"target\":{\"@type\":\"EntryPoint\",\"urlTemplate\":\"https:\/\/www.pressenza.com\/fr\/?s={search_term_string}\"},\"query-input\":{\"@type\":\"PropertyValueSpecification\",\"valueRequired\":true,\"valueName\":\"search_term_string\"}}],\"inLanguage\":\"fr-FR\"},{\"@type\":\"Organization\",\"@id\":\"https:\/\/www.pressenza.com\/fr\/#organization\",\"name\":\"Pressenza\",\"url\":\"https:\/\/www.pressenza.com\/fr\/\",\"logo\":{\"@type\":\"ImageObject\",\"inLanguage\":\"fr-FR\",\"@id\":\"https:\/\/www.pressenza.com\/fr\/#\/schema\/logo\/image\/\",\"url\":\"https:\/\/www.pressenza.com\/wp-content\/uploads\/2022\/10\/pressenza_logo_200x200.jpg\",\"contentUrl\":\"https:\/\/www.pressenza.com\/wp-content\/uploads\/2022\/10\/pressenza_logo_200x200.jpg\",\"width\":200,\"height\":200,\"caption\":\"Pressenza\"},\"image\":{\"@id\":\"https:\/\/www.pressenza.com\/fr\/#\/schema\/logo\/image\/\"},\"sameAs\":[\"https:\/\/www.facebook.com\/PressenzaItalia\",\"https:\/\/x.com\/PressenzaIPA\"]},{\"@type\":\"Person\",\"@id\":\"https:\/\/www.pressenza.com\/fr\/#\/schema\/person\/17c976cc856ec7e8e3f8cdd1a45eb1b0\",\"name\":\"Pressenza London\",\"description\":\"News published by the Pressenza Bureau in London, United Kingdom\",\"sameAs\":[\"https:\/\/www.facebook.com\/PressenzaEnglish\/\",\"https:\/\/x.com\/PressenzaIPA\"],\"url\":\"https:\/\/www.pressenza.com\/fr\/author\/pressenza-london\/\"}]}<\/script>\n<!-- \/ Yoast SEO plugin. -->","yoast_head_json":{"title":"Silo, 50 ans de spiritualit\u00e9 : d\u00e9but d'une ann\u00e9e de c\u00e9l\u00e9brations \u00e0 Punta de Vacas, Argentine","description":"Texte : Tito de Casas et Tony Robinson, photos : Rafael Edwards. Au cours de la premi\u00e8re semaine de janvier 2019, des siloistes du monde entier se sont","robots":{"index":"index","follow":"follow","max-snippet":"max-snippet:-1","max-image-preview":"max-image-preview:large","max-video-preview":"max-video-preview:-1"},"canonical":"https:\/\/www.pressenza.com\/fr\/2019\/02\/silo-50-ans-de-spiritualite-debut-d-une-annee-de-celebrations-a-punta-de-vacas-argentine\/","og_locale":"fr_FR","og_type":"article","og_title":"Silo, 50 ans de spiritualit\u00e9 : d\u00e9but d'une ann\u00e9e de c\u00e9l\u00e9brations \u00e0 Punta de Vacas, Argentine","og_description":"Texte : Tito de Casas et Tony Robinson, photos : Rafael Edwards. Au cours de la premi\u00e8re semaine de janvier 2019, des siloistes du monde entier se sont","og_url":"https:\/\/www.pressenza.com\/fr\/2019\/02\/silo-50-ans-de-spiritualite-debut-d-une-annee-de-celebrations-a-punta-de-vacas-argentine\/","og_site_name":"Pressenza","article_publisher":"https:\/\/www.facebook.com\/PressenzaItalia","article_author":"https:\/\/www.facebook.com\/PressenzaEnglish\/","article_published_time":"2019-02-06T14:28:00+00:00","og_image":[{"width":1600,"height":980,"url":"https:\/\/www.pressenza.com\/wp-content\/uploads\/2019\/02\/2019-01-Punta-de-Vacas-07.jpg","type":"image\/jpeg"}],"author":"Pressenza London","twitter_card":"summary_large_image","twitter_creator":"@PressenzaIPA","twitter_site":"@PressenzaIPA","twitter_misc":{"\u00c9crit par":"Pressenza London","Dur\u00e9e de lecture estim\u00e9e":"3 minutes"},"schema":{"@context":"https:\/\/schema.org","@graph":[{"@type":"Article","@id":"https:\/\/www.pressenza.com\/fr\/2019\/02\/silo-50-ans-de-spiritualite-debut-d-une-annee-de-celebrations-a-punta-de-vacas-argentine\/#article","isPartOf":{"@id":"https:\/\/www.pressenza.com\/fr\/2019\/02\/silo-50-ans-de-spiritualite-debut-d-une-annee-de-celebrations-a-punta-de-vacas-argentine\/"},"author":{"name":"Pressenza London","@id":"https:\/\/www.pressenza.com\/fr\/#\/schema\/person\/17c976cc856ec7e8e3f8cdd1a45eb1b0"},"headline":"Silo, 50 ans de spiritualit\u00e9 : d\u00e9but d&rsquo;une ann\u00e9e de c\u00e9l\u00e9brations \u00e0 Punta de Vacas, Argentine","datePublished":"2019-02-06T14:28:00+00:00","mainEntityOfPage":{"@id":"https:\/\/www.pressenza.com\/fr\/2019\/02\/silo-50-ans-de-spiritualite-debut-d-une-annee-de-celebrations-a-punta-de-vacas-argentine\/"},"wordCount":640,"publisher":{"@id":"https:\/\/www.pressenza.com\/fr\/#organization"},"image":{"@id":"https:\/\/www.pressenza.com\/fr\/2019\/02\/silo-50-ans-de-spiritualite-debut-d-une-annee-de-celebrations-a-punta-de-vacas-argentine\/#primaryimage"},"thumbnailUrl":"https:\/\/www.pressenza.com\/wp-content\/uploads\/2019\/02\/2019-01-Punta-de-Vacas-07.jpg","keywords":["Argentine","Le Message de Silo","Mouvement humaniste","Punta de Vacas","Silo"],"articleSection":["Am\u00e9rique du Sud","Contenu Original","Humanisme et Spiritualit\u00e9","International"],"inLanguage":"fr-FR"},{"@type":"WebPage","@id":"https:\/\/www.pressenza.com\/fr\/2019\/02\/silo-50-ans-de-spiritualite-debut-d-une-annee-de-celebrations-a-punta-de-vacas-argentine\/","url":"https:\/\/www.pressenza.com\/fr\/2019\/02\/silo-50-ans-de-spiritualite-debut-d-une-annee-de-celebrations-a-punta-de-vacas-argentine\/","name":"Silo, 50 ans de spiritualit\u00e9 : d\u00e9but d'une ann\u00e9e de c\u00e9l\u00e9brations \u00e0 Punta de Vacas, Argentine","isPartOf":{"@id":"https:\/\/www.pressenza.com\/fr\/#website"},"primaryImageOfPage":{"@id":"https:\/\/www.pressenza.com\/fr\/2019\/02\/silo-50-ans-de-spiritualite-debut-d-une-annee-de-celebrations-a-punta-de-vacas-argentine\/#primaryimage"},"image":{"@id":"https:\/\/www.pressenza.com\/fr\/2019\/02\/silo-50-ans-de-spiritualite-debut-d-une-annee-de-celebrations-a-punta-de-vacas-argentine\/#primaryimage"},"thumbnailUrl":"https:\/\/www.pressenza.com\/wp-content\/uploads\/2019\/02\/2019-01-Punta-de-Vacas-07.jpg","datePublished":"2019-02-06T14:28:00+00:00","description":"Texte : Tito de Casas et Tony Robinson, photos : Rafael Edwards. Au cours de la premi\u00e8re semaine de janvier 2019, des siloistes du monde entier se sont","breadcrumb":{"@id":"https:\/\/www.pressenza.com\/fr\/2019\/02\/silo-50-ans-de-spiritualite-debut-d-une-annee-de-celebrations-a-punta-de-vacas-argentine\/#breadcrumb"},"inLanguage":"fr-FR","potentialAction":[{"@type":"ReadAction","target":["https:\/\/www.pressenza.com\/fr\/2019\/02\/silo-50-ans-de-spiritualite-debut-d-une-annee-de-celebrations-a-punta-de-vacas-argentine\/"]}]},{"@type":"ImageObject","inLanguage":"fr-FR","@id":"https:\/\/www.pressenza.com\/fr\/2019\/02\/silo-50-ans-de-spiritualite-debut-d-une-annee-de-celebrations-a-punta-de-vacas-argentine\/#primaryimage","url":"https:\/\/www.pressenza.com\/wp-content\/uploads\/2019\/02\/2019-01-Punta-de-Vacas-07.jpg","contentUrl":"https:\/\/www.pressenza.com\/wp-content\/uploads\/2019\/02\/2019-01-Punta-de-Vacas-07.jpg","width":1600,"height":980},{"@type":"BreadcrumbList","@id":"https:\/\/www.pressenza.com\/fr\/2019\/02\/silo-50-ans-de-spiritualite-debut-d-une-annee-de-celebrations-a-punta-de-vacas-argentine\/#breadcrumb","itemListElement":[{"@type":"ListItem","position":1,"name":"Accueil","item":"https:\/\/www.pressenza.com\/fr\/"},{"@type":"ListItem","position":2,"name":"Silo, 50 ans de spiritualit\u00e9 : d\u00e9but d&rsquo;une ann\u00e9e de c\u00e9l\u00e9brations \u00e0 Punta de Vacas, Argentine"}]},{"@type":"WebSite","@id":"https:\/\/www.pressenza.com\/fr\/#website","url":"https:\/\/www.pressenza.com\/fr\/","name":"Pressenza","description":"International Press Agency","publisher":{"@id":"https:\/\/www.pressenza.com\/fr\/#organization"},"potentialAction":[{"@type":"SearchAction","target":{"@type":"EntryPoint","urlTemplate":"https:\/\/www.pressenza.com\/fr\/?s={search_term_string}"},"query-input":{"@type":"PropertyValueSpecification","valueRequired":true,"valueName":"search_term_string"}}],"inLanguage":"fr-FR"},{"@type":"Organization","@id":"https:\/\/www.pressenza.com\/fr\/#organization","name":"Pressenza","url":"https:\/\/www.pressenza.com\/fr\/","logo":{"@type":"ImageObject","inLanguage":"fr-FR","@id":"https:\/\/www.pressenza.com\/fr\/#\/schema\/logo\/image\/","url":"https:\/\/www.pressenza.com\/wp-content\/uploads\/2022\/10\/pressenza_logo_200x200.jpg","contentUrl":"https:\/\/www.pressenza.com\/wp-content\/uploads\/2022\/10\/pressenza_logo_200x200.jpg","width":200,"height":200,"caption":"Pressenza"},"image":{"@id":"https:\/\/www.pressenza.com\/fr\/#\/schema\/logo\/image\/"},"sameAs":["https:\/\/www.facebook.com\/PressenzaItalia","https:\/\/x.com\/PressenzaIPA"]},{"@type":"Person","@id":"https:\/\/www.pressenza.com\/fr\/#\/schema\/person\/17c976cc856ec7e8e3f8cdd1a45eb1b0","name":"Pressenza London","description":"News published by the Pressenza Bureau in London, United Kingdom","sameAs":["https:\/\/www.facebook.com\/PressenzaEnglish\/","https:\/\/x.com\/PressenzaIPA"],"url":"https:\/\/www.pressenza.com\/fr\/author\/pressenza-london\/"}]}},"place":"Punta de Vacas, Argentine","original_article_url":"","_links":{"self":[{"href":"https:\/\/www.pressenza.com\/fr\/wp-json\/wp\/v2\/posts\/799976","targetHints":{"allow":["GET"]}}],"collection":[{"href":"https:\/\/www.pressenza.com\/fr\/wp-json\/wp\/v2\/posts"}],"about":[{"href":"https:\/\/www.pressenza.com\/fr\/wp-json\/wp\/v2\/types\/post"}],"author":[{"embeddable":true,"href":"https:\/\/www.pressenza.com\/fr\/wp-json\/wp\/v2\/users\/1013"}],"replies":[{"embeddable":true,"href":"https:\/\/www.pressenza.com\/fr\/wp-json\/wp\/v2\/comments?post=799976"}],"version-history":[{"count":0,"href":"https:\/\/www.pressenza.com\/fr\/wp-json\/wp\/v2\/posts\/799976\/revisions"}],"wp:featuredmedia":[{"embeddable":true,"href":"https:\/\/www.pressenza.com\/fr\/wp-json\/wp\/v2\/media\/799456"}],"wp:attachment":[{"href":"https:\/\/www.pressenza.com\/fr\/wp-json\/wp\/v2\/media?parent=799976"}],"wp:term":[{"taxonomy":"category","embeddable":true,"href":"https:\/\/www.pressenza.com\/fr\/wp-json\/wp\/v2\/categories?post=799976"},{"taxonomy":"post_tag","embeddable":true,"href":"https:\/\/www.pressenza.com\/fr\/wp-json\/wp\/v2\/tags?post=799976"}],"curies":[{"name":"wp","href":"https:\/\/api.w.org\/{rel}","templated":true}]}}