{"id":79697,"date":"2013-12-06T06:02:15","date_gmt":"2013-12-06T06:02:15","guid":{"rendered":"http:\/\/www.pressenza.com\/?p=79697"},"modified":"2013-12-06T06:37:53","modified_gmt":"2013-12-06T06:37:53","slug":"deinstein-magritte-au-dela-de-nos-verites-symposium-du-centre-detudes-humanistes","status":"publish","type":"post","link":"https:\/\/www.pressenza.com\/fr\/2013\/12\/deinstein-magritte-au-dela-de-nos-verites-symposium-du-centre-detudes-humanistes\/","title":{"rendered":"\u00ab D\u2019Einstein \u00e0 Magritte : au del\u00e0 de nos v\u00e9rit\u00e9s \u00bb. Symposium du Centre d\u2019\u00c9tudes Humanistes"},"content":{"rendered":"<p><img loading=\"lazy\" decoding=\"async\" class=\"alignnone\" alt=\"\" src=\"http:\/\/www.pressenza.com\/wp-content\/uploads\/2013\/11\/D_Einstein-%C3%A0-Magritte-au-del%C3%A0-de-nos-v%C3%A9rit%C3%A9s-symposium-centre-etudes.jpg\" width=\"350\" height=\"494\" \/><\/p>\n<p align=\"center\"><b>Par Marie-Laurence Chanut\u00a0<\/b><\/p>\n<p><b>\u00ab\u00a0D\u2019Einstein \u00e0 Magritte : au del\u00e0 de nos v\u00e9rit\u00e9s\u00a0\u00bb est le titre \u00e9vocateur d\u2019un symposium \u00a0international qui se d\u00e9roulera les 7 et 8 d\u00e9cembre prochains aux Parcs d\u2019Etude et de R\u00e9flexion La Belle Id\u00e9e[1]<\/b><b>\u00a0\u00bb \u00e0 cot\u00e9 de Paris en France.<\/b><\/p>\n<p>A la question, pourquoi ce titre, la responsable du Centre d\u2019\u00c9tudes Humanistes (CEH) de Bruxelles qui coordonne l\u2019\u00e9v\u00e8nement en lien avec celui de Paris r\u00e9pond\u00a0:<\/p>\n<p>\u00ab\u00a0C\u2019est un clin d\u2019\u0153il \u00e0 une conf\u00e9rence qui a eu lieu en 1995 en Belgique \u00ab\u00a0<em>Einstein meets Magritte<\/em>\u00a0\u00bb et qui a men\u00e9 une r\u00e9flexion interdisciplinaire sur la science, la nature, l\u2019action humaine et sociale. Mais c\u2019est aussi parce qu\u2019Albert Einstein a radicalement modifi\u00e9 la vision du monde avec ses d\u00e9couvertes scientifiques et parce que Ren\u00e9 Magritte a illustr\u00e9 de fa\u00e7on picturale le fait de porter un autre regard sur les choses. La science, tout comme l\u2019art, participent chacun \u00e0 leur mani\u00e8re \u00e0 l\u2019\u00e9volution du monde\u201d.<\/p>\n<p>Les Centres d\u2019\u00c9tudes Humanistes de Paris et Bruxelles ont port\u00e9 ce projet car ils ont pour vocation l\u2019\u00e9tude, la recherche et la diffusion du Nouvel Humanisme Universaliste, ses id\u00e9es et ses applications tant aupr\u00e8s des sp\u00e9cialistes du monde acad\u00e9mique et universitaire que du grand public.<\/p>\n<p>L\u2019id\u00e9e que le d\u00e9veloppement de la connaissance puisse aller au-del\u00e0 de ce qui est consid\u00e9r\u00e9 comme v\u00e9rit\u00e9 absolue est importante dans le courant de pens\u00e9e du Nouvel Humanisme Universaliste.<\/p>\n<p>Il est vrai que monde change, que la vitesse du changement s\u2019acc\u00e9l\u00e8re et qu\u2019en cons\u00e9quence la condition humaine va en \u00eatre r\u00e9volutionn\u00e9e.<\/p>\n<p>Et si les nouvelles d\u00e9couvertes scientifiques bouleversaient notre mani\u00e8re de regarder le monde\u00a0?<\/p>\n<p>Et si, avec elles, nos \u00ab\u00a0r\u00e9alit\u00e9s\u00a0\u00bb \u00e9taient remises en questions, nos certitudes bouscul\u00e9es\u00a0?<\/p>\n<p>Si nous vivions 1000 ans, qu\u2019est ce que cela changerait\u00a0? Comment serait notre rapport \u00e0 la mort\u00a0? Comment nos valeurs \u00e9tablies, nos relations avec les autres\u00a0 seraient-elles modifi\u00e9es ?<\/p>\n<p>Et si \u2013 comme le dit fort \u00e0 propos un des conf\u00e9renciers \u2013 :\u00a0<i>\u201csi on fabrique des neurones et pas de corps, est-ce que ce sera toujours un \u00eatre humain ?\u201d<\/i><\/p>\n<p>Entre d\u00e9sorientation et ouverture de nouveaux horizons, craintes et espoirs, quelles sont les perspectives\u00a0? Comment aborder les changements\u00a0\u00e0 venir? Comment se projeter dans le monde futur\u00a0?<\/p>\n<p>Autant de questions qui pourront \u00eatre abord\u00e9es lors du symposium au cours duquel des sp\u00e9cialistes de plusieurs pays, disciplines, et cultures interviendront\u00a0:<\/p>\n<p><b>Greta Van Vickenroy<\/b>\u00a0<i>(Docteur Ing\u00e9nieure \u2013 Professeur \u00e0 la Haute Ecole Francisco Ferrer et la Haute \u00c9cole Ilya Prigogine \u2013 Bruxelles- Belgique)\u00a0:\u00a0<\/i>\u00ab\u00a0Les bases de la physique quantique\u00a0\u00bb et\u00ab\u00a0La direction des sciences \u2013 Sciences et Humanisme\u00a0\u00bb.<\/p>\n<p><b>Harald Freyer\u00a0<\/b><i>(Physicien nucl\u00e9aire \u2013 Munich)<\/i><b>\u00a0:\u00a0<\/b>\u00ab\u00a0Les lois universelles en relation avec la physique quantique\u00a0\u00bb.<b><\/b><\/p>\n<p><b>Sylvia Bercu<\/b>\u00a0<i>(Psychiatre- Recherches sur la psychologie du Nouvel Humanisme \u2013 Londres\u00a0&#8211; Angleterre<\/i>) : \u00ab\u00a0L\u2019espace de repr\u00e9sentation\u00a0\u00bb.<\/p>\n<p><b>Elie Th\u00e9ofilakis<\/b>\u00a0<i>(Enseignant universitaire \u00e0 la retraite \u2013 Paris \u2013 France)<\/i>\u00a0:\u00a0\u00ab\u00a0La transversalit\u00e9 entre la science, l\u2019art et la technologie\u00a0\u00bb.<\/p>\n<p><b>David S\u00e1mano Ch\u00e1vez<\/b>\u00a0\u00a0<i>(Ethnologue \u00e0 l\u2019ENAH \u2013 \u00c9cole Nationale et d\u2018anthropologie et d\u2019histoire \u2013 Mexico \u2013 Mexique):\u00a0<\/i>\u00ab\u00a0La physique dans les sciences sociales\u00a0: vers une coop\u00e9ration entre le savoir mat\u00e9riel et le savoir spirituel\u00a0\u00bb.<\/p>\n<p><b>Gian Luca Frustagli<\/b>\u00a0<i>(Physicien \u2013 Rome -Italie) :\u00a0<\/i>\u00ab\u00a0L\u2019impact de la physique quantique sur le temps et la conscience humaine\u00a0\u00bb.<i><\/i><\/p>\n<p><b>Simone Casu<\/b>\u00a0<i>(<\/i><i>Cr\u00e9ateur d\u2019une \u00e9cole d\u2019art \u2013 Rome)\u00a0<\/i>: \u00ab\u00a0La fonction de l\u2019art pour le d\u00e9veloppement et le bien-\u00eatre de la soci\u00e9t\u00e9\u00a0\u00bb.<\/p>\n<p><b>Raquel Paricio<\/b><b>\u00a0<\/b><i>(Barcelone \u2013 Espagne)<\/i>: \u00ab\u00a0De la spiritualit\u00e9 dans l\u2019art \u00e0 l\u2019aube de la vie artificielle\u00a0\u00bb.<\/p>\n<p><b>Michelle Salam\u00e9ro<\/b>\u00a0(<i>Formatrice \u2013 Paris \u2013 France)<\/i>\u00a0: \u00ab\u00a0Conte \u00e0 la crois\u00e9es de chemins entre spiritualit\u00e9 et physique quantique\u00a0\u00bb.<\/p>\n<p><b>Angelica Klatte <\/b><em>(Munich)<\/em> :\u00a0\u00ab\u00a0Comment la d\u00e9couverte\u00a0 d\u2019un lieu sacr\u00e9 vieux de 12000 ans change-t\u2019elle l\u2019Histoire de l\u2019Etre Humain?\u00bb<\/p>\n<p><b>L\u00e9na\u00efc LARTIGUE<\/b>\u00a0<em>(<\/em><i>Maitre de conf\u00e9rences \u00e0 l\u2019universit\u00e9 de Nantes<em>)<\/em>\u00a0<\/i>:\u00a0\u00ab\u00a0Les nanoparticules\u00a0\u00bb<\/p>\n<p><span style=\"font-size: 13px; line-height: 19px;\">Entre expos\u00e9s et \u00e9changes, les participants, sp\u00e9cialistes ou non, pourront croiser leurs r\u00e9flexions, partager leurs d\u00e9couvertes, s\u2019enrichir mutuellement et ouvrir les nouveaux chemins que nous allons parcourir.<\/span><\/p>\n<p>Pour participer \u00e0 ces journ\u00e9es, contacter Pascale Oster\u00a0:\u00a0<a href=\"mailto:pascale.oster@free.fr\">pascale.oster@free.fr<\/a><\/p>\n<p>.<\/p>\n<p><strong>Notes\u00a0<\/strong><\/p>\n<div>\n<div>\n<p>[1]\u00a0Les Parcs d\u2019Etude et de R\u00e9flexion sont des lieux de rencontre et d\u2019irradiation d\u2019une nouvelle spiritualit\u00e9 qui rejette toute forme de violence et de discrimination et qui en appelle \u00e0 cette dimension sacr\u00e9e du mental humain pour trouver sens et libert\u00e9.<\/p>\n<\/div>\n<\/div>\n","protected":false},"excerpt":{"rendered":"<p>Par Marie-Laurence Chanut\u00a0 \u00ab\u00a0D\u2019Einstein \u00e0 Magritte : au del\u00e0 de nos v\u00e9rit\u00e9s\u00a0\u00bb est le titre \u00e9vocateur d\u2019un symposium \u00a0international qui se d\u00e9roulera les 7 et 8 d\u00e9cembre prochains aux Parcs d\u2019Etude et de R\u00e9flexion La Belle Id\u00e9e[1]\u00a0\u00bb \u00e0 cot\u00e9 de&hellip;<\/p>\n","protected":false},"author":1052,"featured_media":0,"comment_status":"closed","ping_status":"open","sticky":false,"template":"","format":"standard","meta":{"footnotes":""},"categories":[85,1246,40,495],"tags":[4473,1339,7803,7804,7805,1501,8107,1204],"class_list":["post-79697","post","type-post","status-publish","format-standard","hentry","category-europe-fr","category-humanisme-spiritualite","category-international-fr","category-sciences-technologie","tag-art","tag-centre-mondial-detudes-humanistes","tag-einstein","tag-magritte","tag-paradigme","tag-sciences","tag-spirirualite","tag-symposium"],"yoast_head":"<!-- This site is optimized with the Yoast SEO plugin v27.1.1 - https:\/\/yoast.com\/product\/yoast-seo-wordpress\/ -->\n<title>\u00ab D\u2019Einstein \u00e0 Magritte : au del\u00e0 de nos v\u00e9rit\u00e9s \u00bb. Symposium du Centre d\u2019\u00c9tudes Humanistes<\/title>\n<meta name=\"description\" content=\"Par Marie-Laurence Chanut\u00a0 \u00ab\u00a0D\u2019Einstein \u00e0 Magritte : au del\u00e0 de nos v\u00e9rit\u00e9s\u00a0\u00bb est le titre \u00e9vocateur d\u2019un symposium \u00a0international qui se d\u00e9roulera les 7\" \/>\n<meta name=\"robots\" content=\"index, follow, max-snippet:-1, max-image-preview:large, max-video-preview:-1\" \/>\n<link rel=\"canonical\" href=\"https:\/\/www.pressenza.com\/fr\/2013\/12\/deinstein-magritte-au-dela-de-nos-verites-symposium-du-centre-detudes-humanistes\/\" \/>\n<meta property=\"og:locale\" content=\"fr_FR\" \/>\n<meta property=\"og:type\" content=\"article\" \/>\n<meta property=\"og:title\" content=\"\u00ab D\u2019Einstein \u00e0 Magritte : au del\u00e0 de nos v\u00e9rit\u00e9s \u00bb. Symposium du Centre d\u2019\u00c9tudes Humanistes\" \/>\n<meta property=\"og:description\" content=\"Par Marie-Laurence Chanut\u00a0 \u00ab\u00a0D\u2019Einstein \u00e0 Magritte : au del\u00e0 de nos v\u00e9rit\u00e9s\u00a0\u00bb est le titre \u00e9vocateur d\u2019un symposium \u00a0international qui se d\u00e9roulera les 7\" \/>\n<meta property=\"og:url\" content=\"https:\/\/www.pressenza.com\/fr\/2013\/12\/deinstein-magritte-au-dela-de-nos-verites-symposium-du-centre-detudes-humanistes\/\" \/>\n<meta property=\"og:site_name\" content=\"Pressenza\" \/>\n<meta property=\"article:publisher\" content=\"https:\/\/www.facebook.com\/PressenzaItalia\" \/>\n<meta property=\"article:published_time\" content=\"2013-12-06T06:02:15+00:00\" \/>\n<meta property=\"article:modified_time\" content=\"2013-12-06T06:37:53+00:00\" \/>\n<meta property=\"og:image\" content=\"http:\/\/www.pressenza.com\/wp-content\/uploads\/2013\/11\/D_Einstein-%C3%A0-Magritte-au-del%C3%A0-de-nos-v%C3%A9rit%C3%A9s-symposium-centre-etudes.jpg\" \/>\n<meta name=\"author\" content=\"Centro Mundial de Estudios Humanistas\" \/>\n<meta name=\"twitter:card\" content=\"summary_large_image\" \/>\n<meta name=\"twitter:creator\" content=\"@PressenzaIPA\" \/>\n<meta name=\"twitter:site\" content=\"@PressenzaIPA\" \/>\n<meta name=\"twitter:label1\" content=\"\u00c9crit par\" \/>\n\t<meta name=\"twitter:data1\" content=\"Centro Mundial de Estudios Humanistas\" \/>\n\t<meta name=\"twitter:label2\" content=\"Dur\u00e9e de lecture estim\u00e9e\" \/>\n\t<meta name=\"twitter:data2\" content=\"4 minutes\" \/>\n<script type=\"application\/ld+json\" class=\"yoast-schema-graph\">{\"@context\":\"https:\/\/schema.org\",\"@graph\":[{\"@type\":\"Article\",\"@id\":\"https:\/\/www.pressenza.com\/fr\/2013\/12\/deinstein-magritte-au-dela-de-nos-verites-symposium-du-centre-detudes-humanistes\/#article\",\"isPartOf\":{\"@id\":\"https:\/\/www.pressenza.com\/fr\/2013\/12\/deinstein-magritte-au-dela-de-nos-verites-symposium-du-centre-detudes-humanistes\/\"},\"author\":{\"name\":\"Centro Mundial de Estudios Humanistas\",\"@id\":\"https:\/\/www.pressenza.com\/fr\/#\/schema\/person\/ad17217c81c696a1f1b08bd270de7288\"},\"headline\":\"\u00ab D\u2019Einstein \u00e0 Magritte : au del\u00e0 de nos v\u00e9rit\u00e9s \u00bb. Symposium du Centre d\u2019\u00c9tudes Humanistes\",\"datePublished\":\"2013-12-06T06:02:15+00:00\",\"dateModified\":\"2013-12-06T06:37:53+00:00\",\"mainEntityOfPage\":{\"@id\":\"https:\/\/www.pressenza.com\/fr\/2013\/12\/deinstein-magritte-au-dela-de-nos-verites-symposium-du-centre-detudes-humanistes\/\"},\"wordCount\":766,\"publisher\":{\"@id\":\"https:\/\/www.pressenza.com\/fr\/#organization\"},\"image\":{\"@id\":\"https:\/\/www.pressenza.com\/fr\/2013\/12\/deinstein-magritte-au-dela-de-nos-verites-symposium-du-centre-detudes-humanistes\/#primaryimage\"},\"thumbnailUrl\":\"http:\/\/www.pressenza.com\/wp-content\/uploads\/2013\/11\/D_Einstein-%C3%A0-Magritte-au-del%C3%A0-de-nos-v%C3%A9rit%C3%A9s-symposium-centre-etudes.jpg\",\"keywords\":[\"art\",\"Centre Mondial d'Etudes Humanistes\",\"Einstein\",\"Magritte\",\"paradigme\",\"sciences\",\"spirirualit\u00e9\",\"symposium\"],\"articleSection\":[\"Europe\",\"Humanisme et Spiritualit\u00e9\",\"International\",\"Sciences et Technologie\"],\"inLanguage\":\"fr-FR\"},{\"@type\":\"WebPage\",\"@id\":\"https:\/\/www.pressenza.com\/fr\/2013\/12\/deinstein-magritte-au-dela-de-nos-verites-symposium-du-centre-detudes-humanistes\/\",\"url\":\"https:\/\/www.pressenza.com\/fr\/2013\/12\/deinstein-magritte-au-dela-de-nos-verites-symposium-du-centre-detudes-humanistes\/\",\"name\":\"\u00ab D\u2019Einstein \u00e0 Magritte : au del\u00e0 de nos v\u00e9rit\u00e9s \u00bb. Symposium du Centre d\u2019\u00c9tudes Humanistes\",\"isPartOf\":{\"@id\":\"https:\/\/www.pressenza.com\/fr\/#website\"},\"primaryImageOfPage\":{\"@id\":\"https:\/\/www.pressenza.com\/fr\/2013\/12\/deinstein-magritte-au-dela-de-nos-verites-symposium-du-centre-detudes-humanistes\/#primaryimage\"},\"image\":{\"@id\":\"https:\/\/www.pressenza.com\/fr\/2013\/12\/deinstein-magritte-au-dela-de-nos-verites-symposium-du-centre-detudes-humanistes\/#primaryimage\"},\"thumbnailUrl\":\"http:\/\/www.pressenza.com\/wp-content\/uploads\/2013\/11\/D_Einstein-%C3%A0-Magritte-au-del%C3%A0-de-nos-v%C3%A9rit%C3%A9s-symposium-centre-etudes.jpg\",\"datePublished\":\"2013-12-06T06:02:15+00:00\",\"dateModified\":\"2013-12-06T06:37:53+00:00\",\"description\":\"Par Marie-Laurence Chanut\u00a0 \u00ab\u00a0D\u2019Einstein \u00e0 Magritte : au del\u00e0 de nos v\u00e9rit\u00e9s\u00a0\u00bb est le titre \u00e9vocateur d\u2019un symposium \u00a0international qui se d\u00e9roulera les 7\",\"breadcrumb\":{\"@id\":\"https:\/\/www.pressenza.com\/fr\/2013\/12\/deinstein-magritte-au-dela-de-nos-verites-symposium-du-centre-detudes-humanistes\/#breadcrumb\"},\"inLanguage\":\"fr-FR\",\"potentialAction\":[{\"@type\":\"ReadAction\",\"target\":[\"https:\/\/www.pressenza.com\/fr\/2013\/12\/deinstein-magritte-au-dela-de-nos-verites-symposium-du-centre-detudes-humanistes\/\"]}]},{\"@type\":\"ImageObject\",\"inLanguage\":\"fr-FR\",\"@id\":\"https:\/\/www.pressenza.com\/fr\/2013\/12\/deinstein-magritte-au-dela-de-nos-verites-symposium-du-centre-detudes-humanistes\/#primaryimage\",\"url\":\"http:\/\/www.pressenza.com\/wp-content\/uploads\/2013\/11\/D_Einstein-%C3%A0-Magritte-au-del%C3%A0-de-nos-v%C3%A9rit%C3%A9s-symposium-centre-etudes.jpg\",\"contentUrl\":\"http:\/\/www.pressenza.com\/wp-content\/uploads\/2013\/11\/D_Einstein-%C3%A0-Magritte-au-del%C3%A0-de-nos-v%C3%A9rit%C3%A9s-symposium-centre-etudes.jpg\"},{\"@type\":\"BreadcrumbList\",\"@id\":\"https:\/\/www.pressenza.com\/fr\/2013\/12\/deinstein-magritte-au-dela-de-nos-verites-symposium-du-centre-detudes-humanistes\/#breadcrumb\",\"itemListElement\":[{\"@type\":\"ListItem\",\"position\":1,\"name\":\"Accueil\",\"item\":\"https:\/\/www.pressenza.com\/fr\/\"},{\"@type\":\"ListItem\",\"position\":2,\"name\":\"\u00ab D\u2019Einstein \u00e0 Magritte : au del\u00e0 de nos v\u00e9rit\u00e9s \u00bb. Symposium du Centre d\u2019\u00c9tudes Humanistes\"}]},{\"@type\":\"WebSite\",\"@id\":\"https:\/\/www.pressenza.com\/fr\/#website\",\"url\":\"https:\/\/www.pressenza.com\/fr\/\",\"name\":\"Pressenza\",\"description\":\"International Press Agency\",\"publisher\":{\"@id\":\"https:\/\/www.pressenza.com\/fr\/#organization\"},\"potentialAction\":[{\"@type\":\"SearchAction\",\"target\":{\"@type\":\"EntryPoint\",\"urlTemplate\":\"https:\/\/www.pressenza.com\/fr\/?s={search_term_string}\"},\"query-input\":{\"@type\":\"PropertyValueSpecification\",\"valueRequired\":true,\"valueName\":\"search_term_string\"}}],\"inLanguage\":\"fr-FR\"},{\"@type\":\"Organization\",\"@id\":\"https:\/\/www.pressenza.com\/fr\/#organization\",\"name\":\"Pressenza\",\"url\":\"https:\/\/www.pressenza.com\/fr\/\",\"logo\":{\"@type\":\"ImageObject\",\"inLanguage\":\"fr-FR\",\"@id\":\"https:\/\/www.pressenza.com\/fr\/#\/schema\/logo\/image\/\",\"url\":\"https:\/\/www.pressenza.com\/wp-content\/uploads\/2022\/10\/pressenza_logo_200x200.jpg\",\"contentUrl\":\"https:\/\/www.pressenza.com\/wp-content\/uploads\/2022\/10\/pressenza_logo_200x200.jpg\",\"width\":200,\"height\":200,\"caption\":\"Pressenza\"},\"image\":{\"@id\":\"https:\/\/www.pressenza.com\/fr\/#\/schema\/logo\/image\/\"},\"sameAs\":[\"https:\/\/www.facebook.com\/PressenzaItalia\",\"https:\/\/x.com\/PressenzaIPA\"]},{\"@type\":\"Person\",\"@id\":\"https:\/\/www.pressenza.com\/fr\/#\/schema\/person\/ad17217c81c696a1f1b08bd270de7288\",\"name\":\"Centro Mundial de Estudios Humanistas\",\"description\":\"World Centre of Humanist Studies \u2014 Centro Mundial de Estudios Humanistas \u2014 Centro Mondiale di Studi Umanisti \u2014 Centre Mondial d\u00b4\u00c9tudes Humanistes \u2014 Centro Mundial de Estudos Humanistas www.cmehumanistas.org\",\"sameAs\":[\"http:\/\/www.cmehumanistas.org\/\"],\"url\":\"https:\/\/www.pressenza.com\/fr\/author\/centro-mundial-de-estudios-humanistas\/\"}]}<\/script>\n<!-- \/ Yoast SEO plugin. -->","yoast_head_json":{"title":"\u00ab D\u2019Einstein \u00e0 Magritte : au del\u00e0 de nos v\u00e9rit\u00e9s \u00bb. Symposium du Centre d\u2019\u00c9tudes Humanistes","description":"Par Marie-Laurence Chanut\u00a0 \u00ab\u00a0D\u2019Einstein \u00e0 Magritte : au del\u00e0 de nos v\u00e9rit\u00e9s\u00a0\u00bb est le titre \u00e9vocateur d\u2019un symposium \u00a0international qui se d\u00e9roulera les 7","robots":{"index":"index","follow":"follow","max-snippet":"max-snippet:-1","max-image-preview":"max-image-preview:large","max-video-preview":"max-video-preview:-1"},"canonical":"https:\/\/www.pressenza.com\/fr\/2013\/12\/deinstein-magritte-au-dela-de-nos-verites-symposium-du-centre-detudes-humanistes\/","og_locale":"fr_FR","og_type":"article","og_title":"\u00ab D\u2019Einstein \u00e0 Magritte : au del\u00e0 de nos v\u00e9rit\u00e9s \u00bb. Symposium du Centre d\u2019\u00c9tudes Humanistes","og_description":"Par Marie-Laurence Chanut\u00a0 \u00ab\u00a0D\u2019Einstein \u00e0 Magritte : au del\u00e0 de nos v\u00e9rit\u00e9s\u00a0\u00bb est le titre \u00e9vocateur d\u2019un symposium \u00a0international qui se d\u00e9roulera les 7","og_url":"https:\/\/www.pressenza.com\/fr\/2013\/12\/deinstein-magritte-au-dela-de-nos-verites-symposium-du-centre-detudes-humanistes\/","og_site_name":"Pressenza","article_publisher":"https:\/\/www.facebook.com\/PressenzaItalia","article_published_time":"2013-12-06T06:02:15+00:00","article_modified_time":"2013-12-06T06:37:53+00:00","og_image":[{"url":"http:\/\/www.pressenza.com\/wp-content\/uploads\/2013\/11\/D_Einstein-%C3%A0-Magritte-au-del%C3%A0-de-nos-v%C3%A9rit%C3%A9s-symposium-centre-etudes.jpg","type":"","width":"","height":""}],"author":"Centro Mundial de Estudios Humanistas","twitter_card":"summary_large_image","twitter_creator":"@PressenzaIPA","twitter_site":"@PressenzaIPA","twitter_misc":{"\u00c9crit par":"Centro Mundial de Estudios Humanistas","Dur\u00e9e de lecture estim\u00e9e":"4 minutes"},"schema":{"@context":"https:\/\/schema.org","@graph":[{"@type":"Article","@id":"https:\/\/www.pressenza.com\/fr\/2013\/12\/deinstein-magritte-au-dela-de-nos-verites-symposium-du-centre-detudes-humanistes\/#article","isPartOf":{"@id":"https:\/\/www.pressenza.com\/fr\/2013\/12\/deinstein-magritte-au-dela-de-nos-verites-symposium-du-centre-detudes-humanistes\/"},"author":{"name":"Centro Mundial de Estudios Humanistas","@id":"https:\/\/www.pressenza.com\/fr\/#\/schema\/person\/ad17217c81c696a1f1b08bd270de7288"},"headline":"\u00ab D\u2019Einstein \u00e0 Magritte : au del\u00e0 de nos v\u00e9rit\u00e9s \u00bb. Symposium du Centre d\u2019\u00c9tudes Humanistes","datePublished":"2013-12-06T06:02:15+00:00","dateModified":"2013-12-06T06:37:53+00:00","mainEntityOfPage":{"@id":"https:\/\/www.pressenza.com\/fr\/2013\/12\/deinstein-magritte-au-dela-de-nos-verites-symposium-du-centre-detudes-humanistes\/"},"wordCount":766,"publisher":{"@id":"https:\/\/www.pressenza.com\/fr\/#organization"},"image":{"@id":"https:\/\/www.pressenza.com\/fr\/2013\/12\/deinstein-magritte-au-dela-de-nos-verites-symposium-du-centre-detudes-humanistes\/#primaryimage"},"thumbnailUrl":"http:\/\/www.pressenza.com\/wp-content\/uploads\/2013\/11\/D_Einstein-%C3%A0-Magritte-au-del%C3%A0-de-nos-v%C3%A9rit%C3%A9s-symposium-centre-etudes.jpg","keywords":["art","Centre Mondial d'Etudes Humanistes","Einstein","Magritte","paradigme","sciences","spirirualit\u00e9","symposium"],"articleSection":["Europe","Humanisme et Spiritualit\u00e9","International","Sciences et Technologie"],"inLanguage":"fr-FR"},{"@type":"WebPage","@id":"https:\/\/www.pressenza.com\/fr\/2013\/12\/deinstein-magritte-au-dela-de-nos-verites-symposium-du-centre-detudes-humanistes\/","url":"https:\/\/www.pressenza.com\/fr\/2013\/12\/deinstein-magritte-au-dela-de-nos-verites-symposium-du-centre-detudes-humanistes\/","name":"\u00ab D\u2019Einstein \u00e0 Magritte : au del\u00e0 de nos v\u00e9rit\u00e9s \u00bb. Symposium du Centre d\u2019\u00c9tudes Humanistes","isPartOf":{"@id":"https:\/\/www.pressenza.com\/fr\/#website"},"primaryImageOfPage":{"@id":"https:\/\/www.pressenza.com\/fr\/2013\/12\/deinstein-magritte-au-dela-de-nos-verites-symposium-du-centre-detudes-humanistes\/#primaryimage"},"image":{"@id":"https:\/\/www.pressenza.com\/fr\/2013\/12\/deinstein-magritte-au-dela-de-nos-verites-symposium-du-centre-detudes-humanistes\/#primaryimage"},"thumbnailUrl":"http:\/\/www.pressenza.com\/wp-content\/uploads\/2013\/11\/D_Einstein-%C3%A0-Magritte-au-del%C3%A0-de-nos-v%C3%A9rit%C3%A9s-symposium-centre-etudes.jpg","datePublished":"2013-12-06T06:02:15+00:00","dateModified":"2013-12-06T06:37:53+00:00","description":"Par Marie-Laurence Chanut\u00a0 \u00ab\u00a0D\u2019Einstein \u00e0 Magritte : au del\u00e0 de nos v\u00e9rit\u00e9s\u00a0\u00bb est le titre \u00e9vocateur d\u2019un symposium \u00a0international qui se d\u00e9roulera les 7","breadcrumb":{"@id":"https:\/\/www.pressenza.com\/fr\/2013\/12\/deinstein-magritte-au-dela-de-nos-verites-symposium-du-centre-detudes-humanistes\/#breadcrumb"},"inLanguage":"fr-FR","potentialAction":[{"@type":"ReadAction","target":["https:\/\/www.pressenza.com\/fr\/2013\/12\/deinstein-magritte-au-dela-de-nos-verites-symposium-du-centre-detudes-humanistes\/"]}]},{"@type":"ImageObject","inLanguage":"fr-FR","@id":"https:\/\/www.pressenza.com\/fr\/2013\/12\/deinstein-magritte-au-dela-de-nos-verites-symposium-du-centre-detudes-humanistes\/#primaryimage","url":"http:\/\/www.pressenza.com\/wp-content\/uploads\/2013\/11\/D_Einstein-%C3%A0-Magritte-au-del%C3%A0-de-nos-v%C3%A9rit%C3%A9s-symposium-centre-etudes.jpg","contentUrl":"http:\/\/www.pressenza.com\/wp-content\/uploads\/2013\/11\/D_Einstein-%C3%A0-Magritte-au-del%C3%A0-de-nos-v%C3%A9rit%C3%A9s-symposium-centre-etudes.jpg"},{"@type":"BreadcrumbList","@id":"https:\/\/www.pressenza.com\/fr\/2013\/12\/deinstein-magritte-au-dela-de-nos-verites-symposium-du-centre-detudes-humanistes\/#breadcrumb","itemListElement":[{"@type":"ListItem","position":1,"name":"Accueil","item":"https:\/\/www.pressenza.com\/fr\/"},{"@type":"ListItem","position":2,"name":"\u00ab D\u2019Einstein \u00e0 Magritte : au del\u00e0 de nos v\u00e9rit\u00e9s \u00bb. Symposium du Centre d\u2019\u00c9tudes Humanistes"}]},{"@type":"WebSite","@id":"https:\/\/www.pressenza.com\/fr\/#website","url":"https:\/\/www.pressenza.com\/fr\/","name":"Pressenza","description":"International Press Agency","publisher":{"@id":"https:\/\/www.pressenza.com\/fr\/#organization"},"potentialAction":[{"@type":"SearchAction","target":{"@type":"EntryPoint","urlTemplate":"https:\/\/www.pressenza.com\/fr\/?s={search_term_string}"},"query-input":{"@type":"PropertyValueSpecification","valueRequired":true,"valueName":"search_term_string"}}],"inLanguage":"fr-FR"},{"@type":"Organization","@id":"https:\/\/www.pressenza.com\/fr\/#organization","name":"Pressenza","url":"https:\/\/www.pressenza.com\/fr\/","logo":{"@type":"ImageObject","inLanguage":"fr-FR","@id":"https:\/\/www.pressenza.com\/fr\/#\/schema\/logo\/image\/","url":"https:\/\/www.pressenza.com\/wp-content\/uploads\/2022\/10\/pressenza_logo_200x200.jpg","contentUrl":"https:\/\/www.pressenza.com\/wp-content\/uploads\/2022\/10\/pressenza_logo_200x200.jpg","width":200,"height":200,"caption":"Pressenza"},"image":{"@id":"https:\/\/www.pressenza.com\/fr\/#\/schema\/logo\/image\/"},"sameAs":["https:\/\/www.facebook.com\/PressenzaItalia","https:\/\/x.com\/PressenzaIPA"]},{"@type":"Person","@id":"https:\/\/www.pressenza.com\/fr\/#\/schema\/person\/ad17217c81c696a1f1b08bd270de7288","name":"Centro Mundial de Estudios Humanistas","description":"World Centre of Humanist Studies \u2014 Centro Mundial de Estudios Humanistas \u2014 Centro Mondiale di Studi Umanisti \u2014 Centre Mondial d\u00b4\u00c9tudes Humanistes \u2014 Centro Mundial de Estudos Humanistas www.cmehumanistas.org","sameAs":["http:\/\/www.cmehumanistas.org\/"],"url":"https:\/\/www.pressenza.com\/fr\/author\/centro-mundial-de-estudios-humanistas\/"}]}},"place":"","original_article_url":"","_links":{"self":[{"href":"https:\/\/www.pressenza.com\/fr\/wp-json\/wp\/v2\/posts\/79697","targetHints":{"allow":["GET"]}}],"collection":[{"href":"https:\/\/www.pressenza.com\/fr\/wp-json\/wp\/v2\/posts"}],"about":[{"href":"https:\/\/www.pressenza.com\/fr\/wp-json\/wp\/v2\/types\/post"}],"author":[{"embeddable":true,"href":"https:\/\/www.pressenza.com\/fr\/wp-json\/wp\/v2\/users\/1052"}],"replies":[{"embeddable":true,"href":"https:\/\/www.pressenza.com\/fr\/wp-json\/wp\/v2\/comments?post=79697"}],"version-history":[{"count":0,"href":"https:\/\/www.pressenza.com\/fr\/wp-json\/wp\/v2\/posts\/79697\/revisions"}],"wp:attachment":[{"href":"https:\/\/www.pressenza.com\/fr\/wp-json\/wp\/v2\/media?parent=79697"}],"wp:term":[{"taxonomy":"category","embeddable":true,"href":"https:\/\/www.pressenza.com\/fr\/wp-json\/wp\/v2\/categories?post=79697"},{"taxonomy":"post_tag","embeddable":true,"href":"https:\/\/www.pressenza.com\/fr\/wp-json\/wp\/v2\/tags?post=79697"}],"curies":[{"name":"wp","href":"https:\/\/api.w.org\/{rel}","templated":true}]}}