{"id":795944,"date":"2019-01-26T05:57:21","date_gmt":"2019-01-26T05:57:21","guid":{"rendered":"https:\/\/www.pressenza.com\/?p=795944"},"modified":"2019-01-27T08:57:46","modified_gmt":"2019-01-27T08:57:46","slug":"premier-forum-humaniste-de-dakar","status":"publish","type":"post","link":"https:\/\/www.pressenza.com\/fr\/2019\/01\/premier-forum-humaniste-de-dakar\/","title":{"rendered":"Premier Forum Humaniste de Dakar"},"content":{"rendered":"<p>Par\u00a0Ndiaga Diallo<\/p>\n<p>Ce 12 Janvier 2019 s\u2019est d\u00e9roul\u00e9 \u00e0 Dakar le Premier Forum Humaniste de Dakar.<\/p>\n<p>Il a \u00e9t\u00e9 organis\u00e9 par l\u2019Association Energie pour les Droits Humains &#8211; S\u00e9n\u00e9gal, par le biais du Centre Humaniste d\u2019\u00c9tudes et de R\u00e9flexions de \u00ab Keur Mari\u00e9tou \u00bb sis Pikine Est.<\/p>\n<p>Notons \u00e9galement la collaboration et l\u2019implication dans les travaux de plusieurs organisations et associations qui s\u2019activent dans des espaces sociaux alternatifs, nous pouvons citer :<\/p>\n<ul>\n<li>le Th\u00e9\u00e2tre Forum<\/li>\n<li>Promouvoir l\u2019Assistance pour Tous<\/li>\n<li>Association Badianou Gokh<\/li>\n<li>FRAPP (Front Pour une R\u00e9volution Anti imp\u00e9rialiste Populaire et Panafricaine)<\/li>\n<li>Association les Jeunes de Keur M\u2019baye Fall<\/li>\n<li>Association Culturelle Toubab Dialaw-M\u2019bolo Thiossane<\/li>\n<li>R\u00e9seau des Femmes de Keur Marietou<\/li>\n<\/ul>\n<p>Deux cent trente personnes ont r\u00e9pondu \u00e0 notre invitation via leurs organisations sociales ou individuellement.<\/p>\n<p>A travers dix tables-th\u00e8mes de discussions et d\u2019\u00e9changes :<\/p>\n<p>&#8211; Panafricanisme (Non aux APE &#8211; souverainet\u00e9 populaire &#8211; r\u00e9sistance organis\u00e9e et pacifique)<\/p>\n<p>&#8211; Nonviolence active<\/p>\n<p>&#8211; D\u00e9mocratie formelle et r\u00e9elle : les pas vers la Nation Humaine Universelle, loi de responsabilit\u00e9 politique<\/p>\n<p>&#8211; \u00c9migration<\/p>\n<p>&#8211; \u00c9ducation<\/p>\n<p>&#8211; Environnement et Sant\u00e9 (Stopaludisme &#8211; nettoyage quartiers &#8211; ramassage ordures diminution pollution)<\/p>\n<p>&#8211; Femmes et d\u00e9veloppement : diff\u00e9rents r\u00f4les d\u00e9cisifs dans la construction d\u2019une soci\u00e9t\u00e9 \u00e9galitaire<\/p>\n<p>&#8211; \u00c9conomie mixte : de nouveaux paradigmes pour l&rsquo;\u00e9conomie au service de l\u2019\u00eatre humain<\/p>\n<p>&#8211; Sports : sports facteur de d\u00e9veloppement communautaire<\/p>\n<p>&#8211; Arts et Culture comme instrument de transformation personnelle et sociale<\/p>\n<p>On a assist\u00e9 dans ces diff\u00e9rentes tables \u00e0 un grand souci de contextualisation et d\u2019\u00e9changes pour trouver des solutions op\u00e9rationnelles concentr\u00e9es dans les diff\u00e9rentes synth\u00e8ses de ces travaux du 12 Janvier 2019.<\/p>\n<p>Au-del\u00e0 de la sp\u00e9cificit\u00e9 de chaque th\u00e8me du champ social, la recherche de ce qui nous unit a \u00e9t\u00e9 le fil conducteur de l\u2019exercice pour les pas vers un futur transformateur dans la voie de la Nation Humaine Universelle.<\/p>\n<p>Il s\u2019est av\u00e9r\u00e9 important de \u00ab construire \u00bb cette attitude mentale dans ce monde o\u00f9 avancent le repli dans la sph\u00e8re priv\u00e9e, l\u2019individualisme, la haine de l\u2019autre \u00e0 travers un radicalisme r\u00e9gressif et diversifi\u00e9, etc, ce ui conduit h\u00e9las trop souvent \u00e0 des trag\u00e9dies o\u00f9 \u00ab l\u2019homme devient un loup pour son prochain \u00bb.<\/p>\n<p>Le retour \u00e0 ce \u00ab Nous \u00bb qui \u00e0 chaque fois qu\u2019il s\u2019est mis en marche, dans des moments troubles de notre esp\u00e8ce a aid\u00e9 \u00e0 se parler mutuellement, \u00e0 voir dans l\u2019Autre soi-m\u00eame dans sa douleur et sa souffrance, g\u00e9n\u00e9rant des attitudes et pratiques adapt\u00e9es pour des progr\u00e8s multiformes pour chacun et pour tous.<\/p>\n<p>C\u2019est dans cette atmosph\u00e8re aimable et joyeuse que des synth\u00e8ses fortes qui seront traduites dans des plans d\u2019actions ont \u00e9t\u00e9 prises.<\/p>\n<p>Nous nous sommes donn\u00e9s rendez-vous en Octobre prochain pour le Premier Forum Humaniste du S\u00e9n\u00e9gal, celui -l\u00e0 de caract\u00e8re national co\u00efncidant avec le passage de la Deuxi\u00e8me Marche Mondiale au S\u00e9n\u00e9gal.<\/p>\n<p><img loading=\"lazy\" decoding=\"async\" class=\"alignnone size-medium\" src=\"https:\/\/www.pressenza.com\/wp-content\/uploads\/2019\/01\/DSCF4573.jpg\" width=\"750\" height=\"500\" \/><\/p>\n<p><img loading=\"lazy\" decoding=\"async\" class=\"alignnone size-medium\" src=\"https:\/\/www.pressenza.com\/wp-content\/uploads\/2019\/01\/WhatsApp-Image-2019-01-24-at-20.59.15.jpeg\" width=\"750\" height=\"422\" \/><\/p>\n","protected":false},"excerpt":{"rendered":"<p>Par\u00a0Ndiaga Diallo Ce 12 Janvier 2019 s\u2019est d\u00e9roul\u00e9 \u00e0 Dakar le Premier Forum Humaniste de Dakar. Il a \u00e9t\u00e9 organis\u00e9 par l\u2019Association Energie pour les Droits Humains &#8211; S\u00e9n\u00e9gal, par le biais du Centre Humaniste d\u2019\u00c9tudes et de R\u00e9flexions de&hellip;<\/p>\n","protected":false},"author":1398,"featured_media":795946,"comment_status":"closed","ping_status":"closed","sticky":false,"template":"","format":"standard","meta":{"footnotes":""},"categories":[83,11386,1246],"tags":[12355,12032,54089,1074],"class_list":["post-795944","post","type-post","status-publish","format-standard","has-post-thumbnail","hentry","category-africa-fr","category-contenu-original","category-humanisme-spiritualite","tag-dakar-fr","tag-forum-humaniste","tag-premier-forum-humaniste-de-dakar","tag-senegal"],"yoast_head":"<!-- This site is optimized with the Yoast SEO plugin v27.1.1 - https:\/\/yoast.com\/product\/yoast-seo-wordpress\/ -->\n<title>Premier Forum Humaniste de Dakar<\/title>\n<meta name=\"description\" content=\"Par\u00a0Ndiaga Diallo Ce 12 Janvier 2019 s\u2019est d\u00e9roul\u00e9 \u00e0 Dakar le Premier Forum Humaniste de Dakar. Il a \u00e9t\u00e9 organis\u00e9 par l\u2019Association Energie pour les\" \/>\n<meta name=\"robots\" content=\"index, follow, max-snippet:-1, max-image-preview:large, max-video-preview:-1\" \/>\n<link rel=\"canonical\" href=\"https:\/\/www.pressenza.com\/fr\/2019\/01\/premier-forum-humaniste-de-dakar\/\" \/>\n<meta property=\"og:locale\" content=\"fr_FR\" \/>\n<meta property=\"og:type\" content=\"article\" \/>\n<meta property=\"og:title\" content=\"Premier Forum Humaniste de Dakar\" \/>\n<meta property=\"og:description\" content=\"Par\u00a0Ndiaga Diallo Ce 12 Janvier 2019 s\u2019est d\u00e9roul\u00e9 \u00e0 Dakar le Premier Forum Humaniste de Dakar. Il a \u00e9t\u00e9 organis\u00e9 par l\u2019Association Energie pour les\" \/>\n<meta property=\"og:url\" content=\"https:\/\/www.pressenza.com\/fr\/2019\/01\/premier-forum-humaniste-de-dakar\/\" \/>\n<meta property=\"og:site_name\" content=\"Pressenza\" \/>\n<meta property=\"article:publisher\" content=\"https:\/\/www.facebook.com\/PressenzaItalia\" \/>\n<meta property=\"article:published_time\" content=\"2019-01-26T05:57:21+00:00\" \/>\n<meta property=\"article:modified_time\" content=\"2019-01-27T08:57:46+00:00\" \/>\n<meta property=\"og:image\" content=\"https:\/\/www.pressenza.com\/wp-content\/uploads\/2019\/01\/Forum-humaniste-Dakar1.jpg\" \/>\n\t<meta property=\"og:image:width\" content=\"750\" \/>\n\t<meta property=\"og:image:height\" content=\"500\" \/>\n\t<meta property=\"og:image:type\" content=\"image\/jpeg\" \/>\n<meta name=\"author\" content=\"Energia per i Diritti Umani\" \/>\n<meta name=\"twitter:card\" content=\"summary_large_image\" \/>\n<meta name=\"twitter:creator\" content=\"@PressenzaIPA\" \/>\n<meta name=\"twitter:site\" content=\"@PressenzaIPA\" \/>\n<meta name=\"twitter:label1\" content=\"\u00c9crit par\" \/>\n\t<meta name=\"twitter:data1\" content=\"Energia per i Diritti Umani\" \/>\n\t<meta name=\"twitter:label2\" content=\"Dur\u00e9e de lecture estim\u00e9e\" \/>\n\t<meta name=\"twitter:data2\" content=\"3 minutes\" \/>\n<script type=\"application\/ld+json\" class=\"yoast-schema-graph\">{\"@context\":\"https:\/\/schema.org\",\"@graph\":[{\"@type\":\"Article\",\"@id\":\"https:\/\/www.pressenza.com\/fr\/2019\/01\/premier-forum-humaniste-de-dakar\/#article\",\"isPartOf\":{\"@id\":\"https:\/\/www.pressenza.com\/fr\/2019\/01\/premier-forum-humaniste-de-dakar\/\"},\"author\":{\"name\":\"Energia per i Diritti Umani\",\"@id\":\"https:\/\/www.pressenza.com\/fr\/#\/schema\/person\/dd1fcddd8e85d3d407a3e898e88bb1df\"},\"headline\":\"Premier Forum Humaniste de Dakar\",\"datePublished\":\"2019-01-26T05:57:21+00:00\",\"dateModified\":\"2019-01-27T08:57:46+00:00\",\"mainEntityOfPage\":{\"@id\":\"https:\/\/www.pressenza.com\/fr\/2019\/01\/premier-forum-humaniste-de-dakar\/\"},\"wordCount\":515,\"publisher\":{\"@id\":\"https:\/\/www.pressenza.com\/fr\/#organization\"},\"image\":{\"@id\":\"https:\/\/www.pressenza.com\/fr\/2019\/01\/premier-forum-humaniste-de-dakar\/#primaryimage\"},\"thumbnailUrl\":\"https:\/\/www.pressenza.com\/wp-content\/uploads\/2019\/01\/Forum-humaniste-Dakar1.jpg\",\"keywords\":[\"Dakar\",\"Forum Humaniste\",\"Premier Forum Humaniste de Dakar\",\"S\u00e9n\u00e9gal\"],\"articleSection\":[\"Afrique\",\"Contenu Original\",\"Humanisme et Spiritualit\u00e9\"],\"inLanguage\":\"fr-FR\"},{\"@type\":\"WebPage\",\"@id\":\"https:\/\/www.pressenza.com\/fr\/2019\/01\/premier-forum-humaniste-de-dakar\/\",\"url\":\"https:\/\/www.pressenza.com\/fr\/2019\/01\/premier-forum-humaniste-de-dakar\/\",\"name\":\"Premier Forum Humaniste de Dakar\",\"isPartOf\":{\"@id\":\"https:\/\/www.pressenza.com\/fr\/#website\"},\"primaryImageOfPage\":{\"@id\":\"https:\/\/www.pressenza.com\/fr\/2019\/01\/premier-forum-humaniste-de-dakar\/#primaryimage\"},\"image\":{\"@id\":\"https:\/\/www.pressenza.com\/fr\/2019\/01\/premier-forum-humaniste-de-dakar\/#primaryimage\"},\"thumbnailUrl\":\"https:\/\/www.pressenza.com\/wp-content\/uploads\/2019\/01\/Forum-humaniste-Dakar1.jpg\",\"datePublished\":\"2019-01-26T05:57:21+00:00\",\"dateModified\":\"2019-01-27T08:57:46+00:00\",\"description\":\"Par\u00a0Ndiaga Diallo Ce 12 Janvier 2019 s\u2019est d\u00e9roul\u00e9 \u00e0 Dakar le Premier Forum Humaniste de Dakar. Il a \u00e9t\u00e9 organis\u00e9 par l\u2019Association Energie pour les\",\"breadcrumb\":{\"@id\":\"https:\/\/www.pressenza.com\/fr\/2019\/01\/premier-forum-humaniste-de-dakar\/#breadcrumb\"},\"inLanguage\":\"fr-FR\",\"potentialAction\":[{\"@type\":\"ReadAction\",\"target\":[\"https:\/\/www.pressenza.com\/fr\/2019\/01\/premier-forum-humaniste-de-dakar\/\"]}]},{\"@type\":\"ImageObject\",\"inLanguage\":\"fr-FR\",\"@id\":\"https:\/\/www.pressenza.com\/fr\/2019\/01\/premier-forum-humaniste-de-dakar\/#primaryimage\",\"url\":\"https:\/\/www.pressenza.com\/wp-content\/uploads\/2019\/01\/Forum-humaniste-Dakar1.jpg\",\"contentUrl\":\"https:\/\/www.pressenza.com\/wp-content\/uploads\/2019\/01\/Forum-humaniste-Dakar1.jpg\",\"width\":750,\"height\":500},{\"@type\":\"BreadcrumbList\",\"@id\":\"https:\/\/www.pressenza.com\/fr\/2019\/01\/premier-forum-humaniste-de-dakar\/#breadcrumb\",\"itemListElement\":[{\"@type\":\"ListItem\",\"position\":1,\"name\":\"Accueil\",\"item\":\"https:\/\/www.pressenza.com\/fr\/\"},{\"@type\":\"ListItem\",\"position\":2,\"name\":\"Premier Forum Humaniste de Dakar\"}]},{\"@type\":\"WebSite\",\"@id\":\"https:\/\/www.pressenza.com\/fr\/#website\",\"url\":\"https:\/\/www.pressenza.com\/fr\/\",\"name\":\"Pressenza\",\"description\":\"International Press Agency\",\"publisher\":{\"@id\":\"https:\/\/www.pressenza.com\/fr\/#organization\"},\"potentialAction\":[{\"@type\":\"SearchAction\",\"target\":{\"@type\":\"EntryPoint\",\"urlTemplate\":\"https:\/\/www.pressenza.com\/fr\/?s={search_term_string}\"},\"query-input\":{\"@type\":\"PropertyValueSpecification\",\"valueRequired\":true,\"valueName\":\"search_term_string\"}}],\"inLanguage\":\"fr-FR\"},{\"@type\":\"Organization\",\"@id\":\"https:\/\/www.pressenza.com\/fr\/#organization\",\"name\":\"Pressenza\",\"url\":\"https:\/\/www.pressenza.com\/fr\/\",\"logo\":{\"@type\":\"ImageObject\",\"inLanguage\":\"fr-FR\",\"@id\":\"https:\/\/www.pressenza.com\/fr\/#\/schema\/logo\/image\/\",\"url\":\"https:\/\/www.pressenza.com\/wp-content\/uploads\/2022\/10\/pressenza_logo_200x200.jpg\",\"contentUrl\":\"https:\/\/www.pressenza.com\/wp-content\/uploads\/2022\/10\/pressenza_logo_200x200.jpg\",\"width\":200,\"height\":200,\"caption\":\"Pressenza\"},\"image\":{\"@id\":\"https:\/\/www.pressenza.com\/fr\/#\/schema\/logo\/image\/\"},\"sameAs\":[\"https:\/\/www.facebook.com\/PressenzaItalia\",\"https:\/\/x.com\/PressenzaIPA\"]},{\"@type\":\"Person\",\"@id\":\"https:\/\/www.pressenza.com\/fr\/#\/schema\/person\/dd1fcddd8e85d3d407a3e898e88bb1df\",\"name\":\"Energia per i Diritti Umani\",\"description\":\"Energia per i diritti umani ONLUS is a non-religious, self-financed organization. It has ongoing activities in Italy from 1998, in Senegal from 2000, in Gambia from 2002 and in India from 2003. It was founded in 1998 in Rome with the aim of protecting human rights in the world. The organization inspires its mission and adhere to the principles and proposals of the Universal Humanism since its foundation. www.energiaperidirittiumani.it\",\"sameAs\":[\"http:\/\/energiaperidirittiumani.it\/\"],\"url\":\"https:\/\/www.pressenza.com\/fr\/author\/energia-per-i-diritti-umani\/\"}]}<\/script>\n<!-- \/ Yoast SEO plugin. -->","yoast_head_json":{"title":"Premier Forum Humaniste de Dakar","description":"Par\u00a0Ndiaga Diallo Ce 12 Janvier 2019 s\u2019est d\u00e9roul\u00e9 \u00e0 Dakar le Premier Forum Humaniste de Dakar. Il a \u00e9t\u00e9 organis\u00e9 par l\u2019Association Energie pour les","robots":{"index":"index","follow":"follow","max-snippet":"max-snippet:-1","max-image-preview":"max-image-preview:large","max-video-preview":"max-video-preview:-1"},"canonical":"https:\/\/www.pressenza.com\/fr\/2019\/01\/premier-forum-humaniste-de-dakar\/","og_locale":"fr_FR","og_type":"article","og_title":"Premier Forum Humaniste de Dakar","og_description":"Par\u00a0Ndiaga Diallo Ce 12 Janvier 2019 s\u2019est d\u00e9roul\u00e9 \u00e0 Dakar le Premier Forum Humaniste de Dakar. Il a \u00e9t\u00e9 organis\u00e9 par l\u2019Association Energie pour les","og_url":"https:\/\/www.pressenza.com\/fr\/2019\/01\/premier-forum-humaniste-de-dakar\/","og_site_name":"Pressenza","article_publisher":"https:\/\/www.facebook.com\/PressenzaItalia","article_published_time":"2019-01-26T05:57:21+00:00","article_modified_time":"2019-01-27T08:57:46+00:00","og_image":[{"width":750,"height":500,"url":"https:\/\/www.pressenza.com\/wp-content\/uploads\/2019\/01\/Forum-humaniste-Dakar1.jpg","type":"image\/jpeg"}],"author":"Energia per i Diritti Umani","twitter_card":"summary_large_image","twitter_creator":"@PressenzaIPA","twitter_site":"@PressenzaIPA","twitter_misc":{"\u00c9crit par":"Energia per i Diritti Umani","Dur\u00e9e de lecture estim\u00e9e":"3 minutes"},"schema":{"@context":"https:\/\/schema.org","@graph":[{"@type":"Article","@id":"https:\/\/www.pressenza.com\/fr\/2019\/01\/premier-forum-humaniste-de-dakar\/#article","isPartOf":{"@id":"https:\/\/www.pressenza.com\/fr\/2019\/01\/premier-forum-humaniste-de-dakar\/"},"author":{"name":"Energia per i Diritti Umani","@id":"https:\/\/www.pressenza.com\/fr\/#\/schema\/person\/dd1fcddd8e85d3d407a3e898e88bb1df"},"headline":"Premier Forum Humaniste de Dakar","datePublished":"2019-01-26T05:57:21+00:00","dateModified":"2019-01-27T08:57:46+00:00","mainEntityOfPage":{"@id":"https:\/\/www.pressenza.com\/fr\/2019\/01\/premier-forum-humaniste-de-dakar\/"},"wordCount":515,"publisher":{"@id":"https:\/\/www.pressenza.com\/fr\/#organization"},"image":{"@id":"https:\/\/www.pressenza.com\/fr\/2019\/01\/premier-forum-humaniste-de-dakar\/#primaryimage"},"thumbnailUrl":"https:\/\/www.pressenza.com\/wp-content\/uploads\/2019\/01\/Forum-humaniste-Dakar1.jpg","keywords":["Dakar","Forum Humaniste","Premier Forum Humaniste de Dakar","S\u00e9n\u00e9gal"],"articleSection":["Afrique","Contenu Original","Humanisme et Spiritualit\u00e9"],"inLanguage":"fr-FR"},{"@type":"WebPage","@id":"https:\/\/www.pressenza.com\/fr\/2019\/01\/premier-forum-humaniste-de-dakar\/","url":"https:\/\/www.pressenza.com\/fr\/2019\/01\/premier-forum-humaniste-de-dakar\/","name":"Premier Forum Humaniste de Dakar","isPartOf":{"@id":"https:\/\/www.pressenza.com\/fr\/#website"},"primaryImageOfPage":{"@id":"https:\/\/www.pressenza.com\/fr\/2019\/01\/premier-forum-humaniste-de-dakar\/#primaryimage"},"image":{"@id":"https:\/\/www.pressenza.com\/fr\/2019\/01\/premier-forum-humaniste-de-dakar\/#primaryimage"},"thumbnailUrl":"https:\/\/www.pressenza.com\/wp-content\/uploads\/2019\/01\/Forum-humaniste-Dakar1.jpg","datePublished":"2019-01-26T05:57:21+00:00","dateModified":"2019-01-27T08:57:46+00:00","description":"Par\u00a0Ndiaga Diallo Ce 12 Janvier 2019 s\u2019est d\u00e9roul\u00e9 \u00e0 Dakar le Premier Forum Humaniste de Dakar. Il a \u00e9t\u00e9 organis\u00e9 par l\u2019Association Energie pour les","breadcrumb":{"@id":"https:\/\/www.pressenza.com\/fr\/2019\/01\/premier-forum-humaniste-de-dakar\/#breadcrumb"},"inLanguage":"fr-FR","potentialAction":[{"@type":"ReadAction","target":["https:\/\/www.pressenza.com\/fr\/2019\/01\/premier-forum-humaniste-de-dakar\/"]}]},{"@type":"ImageObject","inLanguage":"fr-FR","@id":"https:\/\/www.pressenza.com\/fr\/2019\/01\/premier-forum-humaniste-de-dakar\/#primaryimage","url":"https:\/\/www.pressenza.com\/wp-content\/uploads\/2019\/01\/Forum-humaniste-Dakar1.jpg","contentUrl":"https:\/\/www.pressenza.com\/wp-content\/uploads\/2019\/01\/Forum-humaniste-Dakar1.jpg","width":750,"height":500},{"@type":"BreadcrumbList","@id":"https:\/\/www.pressenza.com\/fr\/2019\/01\/premier-forum-humaniste-de-dakar\/#breadcrumb","itemListElement":[{"@type":"ListItem","position":1,"name":"Accueil","item":"https:\/\/www.pressenza.com\/fr\/"},{"@type":"ListItem","position":2,"name":"Premier Forum Humaniste de Dakar"}]},{"@type":"WebSite","@id":"https:\/\/www.pressenza.com\/fr\/#website","url":"https:\/\/www.pressenza.com\/fr\/","name":"Pressenza","description":"International Press Agency","publisher":{"@id":"https:\/\/www.pressenza.com\/fr\/#organization"},"potentialAction":[{"@type":"SearchAction","target":{"@type":"EntryPoint","urlTemplate":"https:\/\/www.pressenza.com\/fr\/?s={search_term_string}"},"query-input":{"@type":"PropertyValueSpecification","valueRequired":true,"valueName":"search_term_string"}}],"inLanguage":"fr-FR"},{"@type":"Organization","@id":"https:\/\/www.pressenza.com\/fr\/#organization","name":"Pressenza","url":"https:\/\/www.pressenza.com\/fr\/","logo":{"@type":"ImageObject","inLanguage":"fr-FR","@id":"https:\/\/www.pressenza.com\/fr\/#\/schema\/logo\/image\/","url":"https:\/\/www.pressenza.com\/wp-content\/uploads\/2022\/10\/pressenza_logo_200x200.jpg","contentUrl":"https:\/\/www.pressenza.com\/wp-content\/uploads\/2022\/10\/pressenza_logo_200x200.jpg","width":200,"height":200,"caption":"Pressenza"},"image":{"@id":"https:\/\/www.pressenza.com\/fr\/#\/schema\/logo\/image\/"},"sameAs":["https:\/\/www.facebook.com\/PressenzaItalia","https:\/\/x.com\/PressenzaIPA"]},{"@type":"Person","@id":"https:\/\/www.pressenza.com\/fr\/#\/schema\/person\/dd1fcddd8e85d3d407a3e898e88bb1df","name":"Energia per i Diritti Umani","description":"Energia per i diritti umani ONLUS is a non-religious, self-financed organization. It has ongoing activities in Italy from 1998, in Senegal from 2000, in Gambia from 2002 and in India from 2003. It was founded in 1998 in Rome with the aim of protecting human rights in the world. The organization inspires its mission and adhere to the principles and proposals of the Universal Humanism since its foundation. www.energiaperidirittiumani.it","sameAs":["http:\/\/energiaperidirittiumani.it\/"],"url":"https:\/\/www.pressenza.com\/fr\/author\/energia-per-i-diritti-umani\/"}]}},"place":"Dakar, S\u00e9n\u00e9gal","original_article_url":"","_links":{"self":[{"href":"https:\/\/www.pressenza.com\/fr\/wp-json\/wp\/v2\/posts\/795944","targetHints":{"allow":["GET"]}}],"collection":[{"href":"https:\/\/www.pressenza.com\/fr\/wp-json\/wp\/v2\/posts"}],"about":[{"href":"https:\/\/www.pressenza.com\/fr\/wp-json\/wp\/v2\/types\/post"}],"author":[{"embeddable":true,"href":"https:\/\/www.pressenza.com\/fr\/wp-json\/wp\/v2\/users\/1398"}],"replies":[{"embeddable":true,"href":"https:\/\/www.pressenza.com\/fr\/wp-json\/wp\/v2\/comments?post=795944"}],"version-history":[{"count":0,"href":"https:\/\/www.pressenza.com\/fr\/wp-json\/wp\/v2\/posts\/795944\/revisions"}],"wp:featuredmedia":[{"embeddable":true,"href":"https:\/\/www.pressenza.com\/fr\/wp-json\/wp\/v2\/media\/795946"}],"wp:attachment":[{"href":"https:\/\/www.pressenza.com\/fr\/wp-json\/wp\/v2\/media?parent=795944"}],"wp:term":[{"taxonomy":"category","embeddable":true,"href":"https:\/\/www.pressenza.com\/fr\/wp-json\/wp\/v2\/categories?post=795944"},{"taxonomy":"post_tag","embeddable":true,"href":"https:\/\/www.pressenza.com\/fr\/wp-json\/wp\/v2\/tags?post=795944"}],"curies":[{"name":"wp","href":"https:\/\/api.w.org\/{rel}","templated":true}]}}