{"id":794779,"date":"2019-01-24T10:13:10","date_gmt":"2019-01-24T10:13:10","guid":{"rendered":"https:\/\/www.pressenza.com\/?p=794779"},"modified":"2019-01-25T02:27:02","modified_gmt":"2019-01-25T02:27:02","slug":"gilets-jaunes-a-la-rencontre-des-gens-on-demande-un-referendum-dinitiative-citoyenne-pour-que-lon-puisse-regler-les-problemes","status":"publish","type":"post","link":"https:\/\/www.pressenza.com\/fr\/2019\/01\/gilets-jaunes-a-la-rencontre-des-gens-on-demande-un-referendum-dinitiative-citoyenne-pour-que-lon-puisse-regler-les-problemes\/","title":{"rendered":"[Gilets jaunes, \u00e0 la rencontre des gens] \u00ab On demande un r\u00e9f\u00e9rendum d&rsquo;initiative citoyenne pour que l&rsquo;on puisse r\u00e9gler les probl\u00e8mes \u00bb"},"content":{"rendered":"<p><b>Pourquoi<\/b><strong> \u00eates-vous dans la manifestation d\u2019aujourd\u2019hui [N.d.E. Acte 9, 12.01.2019] ?<\/strong><\/p>\n<p>Je suis ici pour d\u00e9fendre notre pouvoir d&rsquo;achat, pour que les retraites et les salaires soient index\u00e9s sur l&rsquo;inflation. Tous les retrait\u00e9s n&rsquo;arrivent plus \u00e0 vivre d\u00e9cemment maintenant puisqu&rsquo;ils perdent tous les ans du pouvoir d&rsquo;achat, par exemple j&rsquo;ai des amis entre 70 et 80 ans qui sont oblig\u00e9s de continuer \u00e0 travailler, l&rsquo;une qui va avoir 80 ans est debout toute la journ\u00e9e dans un commerce pour pouvoir arriver \u00e0 payer son loyer et manger d\u00e9cemment, voil\u00e0, \u00e7a c&rsquo;est tr\u00e8s difficile.<\/p>\n<p>Les handicap\u00e9s aussi sont laiss\u00e9s pour compte, on demande donc un r\u00e9f\u00e9rendum d&rsquo;initiative citoyenne pour que l&rsquo;on puisse r\u00e9gler tous ces probl\u00e8mes.<\/p>\n<p><strong>Que pensez-vous du \u2018grand d\u00e9bat\u2019 propos\u00e9 par le gouvernement\u00a0?<\/strong><\/p>\n<p>Je pense que c&rsquo;est du vent, en fait d\u00e8s le d\u00e9part on sait que \u00e7a va \u00eatre truqu\u00e9, nous, \u00e7a ne nous satisfait pas.<\/p>\n<p><strong>\u00c7a serait quoi alors ce &lsquo;grand d\u00e9bat&rsquo;? Comment le voyez-vous ? <\/strong><\/p>\n<p>Ce serait que n&rsquo;importe quel citoyen puisse poser des questions et que tout le monde puisse en d\u00e9battre, pas simplement au gouvernement de prendre toutes les d\u00e9cisions.<\/p>\n<p><strong>Vous croyez que ce mouvement, dans la forme qu\u2019il prend, va aboutir \u00e0 quelque chose\u00a0?<\/strong><\/p>\n<p>On est en train d&rsquo;\u00e9voluer, je pense qu&rsquo;il faut effectivement qu&rsquo;on se construise davantage, qu\u2019on se structure davantage, mais j&rsquo;esp\u00e8re qu&rsquo;on arrivera au bout.<\/p>\n<p>Cr\u00e9dits photos : Brigitte Cano \/ Mauricio Alvarez<\/p>\n<p><img loading=\"lazy\" decoding=\"async\" class=\"alignnone size-medium\" src=\"https:\/\/www.pressenza.com\/wp-content\/uploads\/2019\/01\/1gilets-jaunes-referendum-initiative-citoyenne.jpg\" width=\"750\" height=\"500\" \/><\/p>\n<p><img loading=\"lazy\" decoding=\"async\" class=\"alignnone size-medium\" src=\"https:\/\/www.pressenza.com\/wp-content\/uploads\/2019\/01\/2gilets-jaunes-referendum-initiative-citoyenne.jpg\" width=\"750\" height=\"530\" \/><\/p>\n<p><img loading=\"lazy\" decoding=\"async\" class=\"alignnone size-medium\" src=\"https:\/\/www.pressenza.com\/wp-content\/uploads\/2019\/01\/3gilets-jaunes-referendum-initiative-citoyenne.jpg\" width=\"500\" height=\"749\" \/><\/p>\n<p><img loading=\"lazy\" decoding=\"async\" class=\"alignnone size-medium\" src=\"https:\/\/www.pressenza.com\/wp-content\/uploads\/2019\/01\/4gilets-jaunes-referendum-initiative-citoyenne.jpg\" width=\"750\" height=\"501\" \/><\/p>\n<p><img loading=\"lazy\" decoding=\"async\" class=\"alignnone size-medium\" src=\"https:\/\/www.pressenza.com\/wp-content\/uploads\/2019\/01\/5gilets-jaunes-referendum-initiative-citoyenne.jpg\" width=\"500\" height=\"667\" \/><\/p>\n<p><img loading=\"lazy\" decoding=\"async\" class=\"alignnone size-medium\" src=\"https:\/\/www.pressenza.com\/wp-content\/uploads\/2019\/01\/6gilets-jaunes-referendum-initiative-citoyenne.jpg\" width=\"750\" height=\"563\" \/><\/p>\n<p><img loading=\"lazy\" decoding=\"async\" class=\"alignnone size-medium\" src=\"https:\/\/www.pressenza.com\/wp-content\/uploads\/2019\/01\/7gilets-jaunes-referendum-initiative-citoyenne.jpg\" width=\"500\" height=\"667\" \/><\/p>\n<p><img loading=\"lazy\" decoding=\"async\" class=\"alignnone size-medium\" src=\"https:\/\/www.pressenza.com\/wp-content\/uploads\/2019\/01\/8gilets-jaunes-referendum-initiative-citoyenne.jpg\" width=\"750\" height=\"563\" \/><\/p>\n","protected":false},"excerpt":{"rendered":"<p>Pourquoi \u00eates-vous dans la manifestation d\u2019aujourd\u2019hui [N.d.E. Acte 9, 12.01.2019] ? Je suis ici pour d\u00e9fendre notre pouvoir d&rsquo;achat, pour que les retraites et les salaires soient index\u00e9s sur l&rsquo;inflation. Tous les retrait\u00e9s n&rsquo;arrivent plus \u00e0 vivre d\u00e9cemment maintenant puisqu&rsquo;ils&hellip;<\/p>\n","protected":false},"author":926,"featured_media":794781,"comment_status":"closed","ping_status":"closed","sticky":false,"template":"","format":"standard","meta":{"footnotes":""},"categories":[11386,1247,85,156,5700],"tags":[1034,53996,53994,53993,53997],"class_list":["post-794779","post","type-post","status-publish","format-standard","has-post-thumbnail","hentry","category-contenu-original","category-diversite","category-europe-fr","category-interview-fr","category-reportages-photo","tag-france-fr","tag-gilets-jaunes-fr","tag-pouvoir-dachat","tag-referendum-dinitiative-citoyenne","tag-ric-fr"],"yoast_head":"<!-- This site is optimized with the Yoast SEO plugin v27.1.1 - https:\/\/yoast.com\/product\/yoast-seo-wordpress\/ -->\n<title>[Gilets jaunes, \u00e0 la rencontre des gens] \u00ab On demande un r\u00e9f\u00e9rendum d&#039;initiative citoyenne pour que l&#039;on puisse r\u00e9gler les probl\u00e8mes \u00bb<\/title>\n<meta name=\"description\" content=\"Pourquoi \u00eates-vous dans la manifestation d\u2019aujourd\u2019hui ? Je suis ici pour d\u00e9fendre notre pouvoir d&#039;achat, pour que les retraites et les salaires soient\" \/>\n<meta name=\"robots\" content=\"index, follow, max-snippet:-1, max-image-preview:large, max-video-preview:-1\" \/>\n<link rel=\"canonical\" href=\"https:\/\/www.pressenza.com\/fr\/2019\/01\/gilets-jaunes-a-la-rencontre-des-gens-on-demande-un-referendum-dinitiative-citoyenne-pour-que-lon-puisse-regler-les-problemes\/\" \/>\n<meta property=\"og:locale\" content=\"fr_FR\" \/>\n<meta property=\"og:type\" content=\"article\" \/>\n<meta property=\"og:title\" content=\"[Gilets jaunes, \u00e0 la rencontre des gens] \u00ab On demande un r\u00e9f\u00e9rendum d&#039;initiative citoyenne pour que l&#039;on puisse r\u00e9gler les probl\u00e8mes \u00bb\" \/>\n<meta property=\"og:description\" content=\"Pourquoi \u00eates-vous dans la manifestation d\u2019aujourd\u2019hui ? Je suis ici pour d\u00e9fendre notre pouvoir d&#039;achat, pour que les retraites et les salaires soient\" \/>\n<meta property=\"og:url\" content=\"https:\/\/www.pressenza.com\/fr\/2019\/01\/gilets-jaunes-a-la-rencontre-des-gens-on-demande-un-referendum-dinitiative-citoyenne-pour-que-lon-puisse-regler-les-problemes\/\" \/>\n<meta property=\"og:site_name\" content=\"Pressenza\" \/>\n<meta property=\"article:publisher\" content=\"https:\/\/www.facebook.com\/PressenzaItalia\" \/>\n<meta property=\"article:published_time\" content=\"2019-01-24T10:13:10+00:00\" \/>\n<meta property=\"article:modified_time\" content=\"2019-01-25T02:27:02+00:00\" \/>\n<meta property=\"og:image\" content=\"https:\/\/www.pressenza.com\/wp-content\/uploads\/2019\/01\/Gilets-jaunes-r\u00e9f\u00e9rendum-dinitiative-citoyenne.jpg\" \/>\n\t<meta property=\"og:image:width\" content=\"750\" \/>\n\t<meta property=\"og:image:height\" content=\"525\" \/>\n\t<meta property=\"og:image:type\" content=\"image\/jpeg\" \/>\n<meta name=\"author\" content=\"R\u00e9daction France\" \/>\n<meta name=\"twitter:card\" content=\"summary_large_image\" \/>\n<meta name=\"twitter:creator\" content=\"@PressenzaIPA\" \/>\n<meta name=\"twitter:site\" content=\"@PressenzaIPA\" \/>\n<meta name=\"twitter:label1\" content=\"\u00c9crit par\" \/>\n\t<meta name=\"twitter:data1\" content=\"R\u00e9daction France\" \/>\n\t<meta name=\"twitter:label2\" content=\"Dur\u00e9e de lecture estim\u00e9e\" \/>\n\t<meta name=\"twitter:data2\" content=\"1 minute\" \/>\n<script type=\"application\/ld+json\" class=\"yoast-schema-graph\">{\"@context\":\"https:\/\/schema.org\",\"@graph\":[{\"@type\":\"Article\",\"@id\":\"https:\/\/www.pressenza.com\/fr\/2019\/01\/gilets-jaunes-a-la-rencontre-des-gens-on-demande-un-referendum-dinitiative-citoyenne-pour-que-lon-puisse-regler-les-problemes\/#article\",\"isPartOf\":{\"@id\":\"https:\/\/www.pressenza.com\/fr\/2019\/01\/gilets-jaunes-a-la-rencontre-des-gens-on-demande-un-referendum-dinitiative-citoyenne-pour-que-lon-puisse-regler-les-problemes\/\"},\"author\":{\"name\":\"R\u00e9daction France\",\"@id\":\"https:\/\/www.pressenza.com\/fr\/#\/schema\/person\/3c9fe6670cc2cffbd37562f87b98e869\"},\"headline\":\"[Gilets jaunes, \u00e0 la rencontre des gens] \u00ab On demande un r\u00e9f\u00e9rendum d&rsquo;initiative citoyenne pour que l&rsquo;on puisse r\u00e9gler les probl\u00e8mes \u00bb\",\"datePublished\":\"2019-01-24T10:13:10+00:00\",\"dateModified\":\"2019-01-25T02:27:02+00:00\",\"mainEntityOfPage\":{\"@id\":\"https:\/\/www.pressenza.com\/fr\/2019\/01\/gilets-jaunes-a-la-rencontre-des-gens-on-demande-un-referendum-dinitiative-citoyenne-pour-que-lon-puisse-regler-les-problemes\/\"},\"wordCount\":290,\"publisher\":{\"@id\":\"https:\/\/www.pressenza.com\/fr\/#organization\"},\"image\":{\"@id\":\"https:\/\/www.pressenza.com\/fr\/2019\/01\/gilets-jaunes-a-la-rencontre-des-gens-on-demande-un-referendum-dinitiative-citoyenne-pour-que-lon-puisse-regler-les-problemes\/#primaryimage\"},\"thumbnailUrl\":\"https:\/\/www.pressenza.com\/wp-content\/uploads\/2019\/01\/Gilets-jaunes-r\u00e9f\u00e9rendum-dinitiative-citoyenne.jpg\",\"keywords\":[\"France\",\"Gilets Jaunes\",\"pouvoir d'achat\",\"r\u00e9f\u00e9rendum d'initiative citoyenne\",\"RIC\"],\"articleSection\":[\"Contenu Original\",\"Diversit\u00e9\",\"Europe\",\"Interviews\",\"Reportages photo\"],\"inLanguage\":\"fr-FR\"},{\"@type\":\"WebPage\",\"@id\":\"https:\/\/www.pressenza.com\/fr\/2019\/01\/gilets-jaunes-a-la-rencontre-des-gens-on-demande-un-referendum-dinitiative-citoyenne-pour-que-lon-puisse-regler-les-problemes\/\",\"url\":\"https:\/\/www.pressenza.com\/fr\/2019\/01\/gilets-jaunes-a-la-rencontre-des-gens-on-demande-un-referendum-dinitiative-citoyenne-pour-que-lon-puisse-regler-les-problemes\/\",\"name\":\"[Gilets jaunes, \u00e0 la rencontre des gens] \u00ab On demande un r\u00e9f\u00e9rendum d'initiative citoyenne pour que l'on puisse r\u00e9gler les probl\u00e8mes \u00bb\",\"isPartOf\":{\"@id\":\"https:\/\/www.pressenza.com\/fr\/#website\"},\"primaryImageOfPage\":{\"@id\":\"https:\/\/www.pressenza.com\/fr\/2019\/01\/gilets-jaunes-a-la-rencontre-des-gens-on-demande-un-referendum-dinitiative-citoyenne-pour-que-lon-puisse-regler-les-problemes\/#primaryimage\"},\"image\":{\"@id\":\"https:\/\/www.pressenza.com\/fr\/2019\/01\/gilets-jaunes-a-la-rencontre-des-gens-on-demande-un-referendum-dinitiative-citoyenne-pour-que-lon-puisse-regler-les-problemes\/#primaryimage\"},\"thumbnailUrl\":\"https:\/\/www.pressenza.com\/wp-content\/uploads\/2019\/01\/Gilets-jaunes-r\u00e9f\u00e9rendum-dinitiative-citoyenne.jpg\",\"datePublished\":\"2019-01-24T10:13:10+00:00\",\"dateModified\":\"2019-01-25T02:27:02+00:00\",\"description\":\"Pourquoi \u00eates-vous dans la manifestation d\u2019aujourd\u2019hui ? Je suis ici pour d\u00e9fendre notre pouvoir d'achat, pour que les retraites et les salaires soient\",\"breadcrumb\":{\"@id\":\"https:\/\/www.pressenza.com\/fr\/2019\/01\/gilets-jaunes-a-la-rencontre-des-gens-on-demande-un-referendum-dinitiative-citoyenne-pour-que-lon-puisse-regler-les-problemes\/#breadcrumb\"},\"inLanguage\":\"fr-FR\",\"potentialAction\":[{\"@type\":\"ReadAction\",\"target\":[\"https:\/\/www.pressenza.com\/fr\/2019\/01\/gilets-jaunes-a-la-rencontre-des-gens-on-demande-un-referendum-dinitiative-citoyenne-pour-que-lon-puisse-regler-les-problemes\/\"]}]},{\"@type\":\"ImageObject\",\"inLanguage\":\"fr-FR\",\"@id\":\"https:\/\/www.pressenza.com\/fr\/2019\/01\/gilets-jaunes-a-la-rencontre-des-gens-on-demande-un-referendum-dinitiative-citoyenne-pour-que-lon-puisse-regler-les-problemes\/#primaryimage\",\"url\":\"https:\/\/www.pressenza.com\/wp-content\/uploads\/2019\/01\/Gilets-jaunes-r\u00e9f\u00e9rendum-dinitiative-citoyenne.jpg\",\"contentUrl\":\"https:\/\/www.pressenza.com\/wp-content\/uploads\/2019\/01\/Gilets-jaunes-r\u00e9f\u00e9rendum-dinitiative-citoyenne.jpg\",\"width\":750,\"height\":525},{\"@type\":\"BreadcrumbList\",\"@id\":\"https:\/\/www.pressenza.com\/fr\/2019\/01\/gilets-jaunes-a-la-rencontre-des-gens-on-demande-un-referendum-dinitiative-citoyenne-pour-que-lon-puisse-regler-les-problemes\/#breadcrumb\",\"itemListElement\":[{\"@type\":\"ListItem\",\"position\":1,\"name\":\"Accueil\",\"item\":\"https:\/\/www.pressenza.com\/fr\/\"},{\"@type\":\"ListItem\",\"position\":2,\"name\":\"[Gilets jaunes, \u00e0 la rencontre des gens] \u00ab On demande un r\u00e9f\u00e9rendum d&rsquo;initiative citoyenne pour que l&rsquo;on puisse r\u00e9gler les probl\u00e8mes \u00bb\"}]},{\"@type\":\"WebSite\",\"@id\":\"https:\/\/www.pressenza.com\/fr\/#website\",\"url\":\"https:\/\/www.pressenza.com\/fr\/\",\"name\":\"Pressenza\",\"description\":\"International Press Agency\",\"publisher\":{\"@id\":\"https:\/\/www.pressenza.com\/fr\/#organization\"},\"potentialAction\":[{\"@type\":\"SearchAction\",\"target\":{\"@type\":\"EntryPoint\",\"urlTemplate\":\"https:\/\/www.pressenza.com\/fr\/?s={search_term_string}\"},\"query-input\":{\"@type\":\"PropertyValueSpecification\",\"valueRequired\":true,\"valueName\":\"search_term_string\"}}],\"inLanguage\":\"fr-FR\"},{\"@type\":\"Organization\",\"@id\":\"https:\/\/www.pressenza.com\/fr\/#organization\",\"name\":\"Pressenza\",\"url\":\"https:\/\/www.pressenza.com\/fr\/\",\"logo\":{\"@type\":\"ImageObject\",\"inLanguage\":\"fr-FR\",\"@id\":\"https:\/\/www.pressenza.com\/fr\/#\/schema\/logo\/image\/\",\"url\":\"https:\/\/www.pressenza.com\/wp-content\/uploads\/2022\/10\/pressenza_logo_200x200.jpg\",\"contentUrl\":\"https:\/\/www.pressenza.com\/wp-content\/uploads\/2022\/10\/pressenza_logo_200x200.jpg\",\"width\":200,\"height\":200,\"caption\":\"Pressenza\"},\"image\":{\"@id\":\"https:\/\/www.pressenza.com\/fr\/#\/schema\/logo\/image\/\"},\"sameAs\":[\"https:\/\/www.facebook.com\/PressenzaItalia\",\"https:\/\/x.com\/PressenzaIPA\"]},{\"@type\":\"Person\",\"@id\":\"https:\/\/www.pressenza.com\/fr\/#\/schema\/person\/3c9fe6670cc2cffbd37562f87b98e869\",\"name\":\"R\u00e9daction France\",\"description\":\"News published by the Pressenza bureau in France\",\"sameAs\":[\"http:\/\/www.pressenza.com\/fr\"],\"url\":\"https:\/\/www.pressenza.com\/fr\/author\/redactionfrance\/\"}]}<\/script>\n<!-- \/ Yoast SEO plugin. -->","yoast_head_json":{"title":"[Gilets jaunes, \u00e0 la rencontre des gens] \u00ab On demande un r\u00e9f\u00e9rendum d'initiative citoyenne pour que l'on puisse r\u00e9gler les probl\u00e8mes \u00bb","description":"Pourquoi \u00eates-vous dans la manifestation d\u2019aujourd\u2019hui ? Je suis ici pour d\u00e9fendre notre pouvoir d'achat, pour que les retraites et les salaires soient","robots":{"index":"index","follow":"follow","max-snippet":"max-snippet:-1","max-image-preview":"max-image-preview:large","max-video-preview":"max-video-preview:-1"},"canonical":"https:\/\/www.pressenza.com\/fr\/2019\/01\/gilets-jaunes-a-la-rencontre-des-gens-on-demande-un-referendum-dinitiative-citoyenne-pour-que-lon-puisse-regler-les-problemes\/","og_locale":"fr_FR","og_type":"article","og_title":"[Gilets jaunes, \u00e0 la rencontre des gens] \u00ab On demande un r\u00e9f\u00e9rendum d'initiative citoyenne pour que l'on puisse r\u00e9gler les probl\u00e8mes \u00bb","og_description":"Pourquoi \u00eates-vous dans la manifestation d\u2019aujourd\u2019hui ? Je suis ici pour d\u00e9fendre notre pouvoir d'achat, pour que les retraites et les salaires soient","og_url":"https:\/\/www.pressenza.com\/fr\/2019\/01\/gilets-jaunes-a-la-rencontre-des-gens-on-demande-un-referendum-dinitiative-citoyenne-pour-que-lon-puisse-regler-les-problemes\/","og_site_name":"Pressenza","article_publisher":"https:\/\/www.facebook.com\/PressenzaItalia","article_published_time":"2019-01-24T10:13:10+00:00","article_modified_time":"2019-01-25T02:27:02+00:00","og_image":[{"width":750,"height":525,"url":"https:\/\/www.pressenza.com\/wp-content\/uploads\/2019\/01\/Gilets-jaunes-r\u00e9f\u00e9rendum-dinitiative-citoyenne.jpg","type":"image\/jpeg"}],"author":"R\u00e9daction France","twitter_card":"summary_large_image","twitter_creator":"@PressenzaIPA","twitter_site":"@PressenzaIPA","twitter_misc":{"\u00c9crit par":"R\u00e9daction France","Dur\u00e9e de lecture estim\u00e9e":"1 minute"},"schema":{"@context":"https:\/\/schema.org","@graph":[{"@type":"Article","@id":"https:\/\/www.pressenza.com\/fr\/2019\/01\/gilets-jaunes-a-la-rencontre-des-gens-on-demande-un-referendum-dinitiative-citoyenne-pour-que-lon-puisse-regler-les-problemes\/#article","isPartOf":{"@id":"https:\/\/www.pressenza.com\/fr\/2019\/01\/gilets-jaunes-a-la-rencontre-des-gens-on-demande-un-referendum-dinitiative-citoyenne-pour-que-lon-puisse-regler-les-problemes\/"},"author":{"name":"R\u00e9daction France","@id":"https:\/\/www.pressenza.com\/fr\/#\/schema\/person\/3c9fe6670cc2cffbd37562f87b98e869"},"headline":"[Gilets jaunes, \u00e0 la rencontre des gens] \u00ab On demande un r\u00e9f\u00e9rendum d&rsquo;initiative citoyenne pour que l&rsquo;on puisse r\u00e9gler les probl\u00e8mes \u00bb","datePublished":"2019-01-24T10:13:10+00:00","dateModified":"2019-01-25T02:27:02+00:00","mainEntityOfPage":{"@id":"https:\/\/www.pressenza.com\/fr\/2019\/01\/gilets-jaunes-a-la-rencontre-des-gens-on-demande-un-referendum-dinitiative-citoyenne-pour-que-lon-puisse-regler-les-problemes\/"},"wordCount":290,"publisher":{"@id":"https:\/\/www.pressenza.com\/fr\/#organization"},"image":{"@id":"https:\/\/www.pressenza.com\/fr\/2019\/01\/gilets-jaunes-a-la-rencontre-des-gens-on-demande-un-referendum-dinitiative-citoyenne-pour-que-lon-puisse-regler-les-problemes\/#primaryimage"},"thumbnailUrl":"https:\/\/www.pressenza.com\/wp-content\/uploads\/2019\/01\/Gilets-jaunes-r\u00e9f\u00e9rendum-dinitiative-citoyenne.jpg","keywords":["France","Gilets Jaunes","pouvoir d'achat","r\u00e9f\u00e9rendum d'initiative citoyenne","RIC"],"articleSection":["Contenu Original","Diversit\u00e9","Europe","Interviews","Reportages photo"],"inLanguage":"fr-FR"},{"@type":"WebPage","@id":"https:\/\/www.pressenza.com\/fr\/2019\/01\/gilets-jaunes-a-la-rencontre-des-gens-on-demande-un-referendum-dinitiative-citoyenne-pour-que-lon-puisse-regler-les-problemes\/","url":"https:\/\/www.pressenza.com\/fr\/2019\/01\/gilets-jaunes-a-la-rencontre-des-gens-on-demande-un-referendum-dinitiative-citoyenne-pour-que-lon-puisse-regler-les-problemes\/","name":"[Gilets jaunes, \u00e0 la rencontre des gens] \u00ab On demande un r\u00e9f\u00e9rendum d'initiative citoyenne pour que l'on puisse r\u00e9gler les probl\u00e8mes \u00bb","isPartOf":{"@id":"https:\/\/www.pressenza.com\/fr\/#website"},"primaryImageOfPage":{"@id":"https:\/\/www.pressenza.com\/fr\/2019\/01\/gilets-jaunes-a-la-rencontre-des-gens-on-demande-un-referendum-dinitiative-citoyenne-pour-que-lon-puisse-regler-les-problemes\/#primaryimage"},"image":{"@id":"https:\/\/www.pressenza.com\/fr\/2019\/01\/gilets-jaunes-a-la-rencontre-des-gens-on-demande-un-referendum-dinitiative-citoyenne-pour-que-lon-puisse-regler-les-problemes\/#primaryimage"},"thumbnailUrl":"https:\/\/www.pressenza.com\/wp-content\/uploads\/2019\/01\/Gilets-jaunes-r\u00e9f\u00e9rendum-dinitiative-citoyenne.jpg","datePublished":"2019-01-24T10:13:10+00:00","dateModified":"2019-01-25T02:27:02+00:00","description":"Pourquoi \u00eates-vous dans la manifestation d\u2019aujourd\u2019hui ? Je suis ici pour d\u00e9fendre notre pouvoir d'achat, pour que les retraites et les salaires soient","breadcrumb":{"@id":"https:\/\/www.pressenza.com\/fr\/2019\/01\/gilets-jaunes-a-la-rencontre-des-gens-on-demande-un-referendum-dinitiative-citoyenne-pour-que-lon-puisse-regler-les-problemes\/#breadcrumb"},"inLanguage":"fr-FR","potentialAction":[{"@type":"ReadAction","target":["https:\/\/www.pressenza.com\/fr\/2019\/01\/gilets-jaunes-a-la-rencontre-des-gens-on-demande-un-referendum-dinitiative-citoyenne-pour-que-lon-puisse-regler-les-problemes\/"]}]},{"@type":"ImageObject","inLanguage":"fr-FR","@id":"https:\/\/www.pressenza.com\/fr\/2019\/01\/gilets-jaunes-a-la-rencontre-des-gens-on-demande-un-referendum-dinitiative-citoyenne-pour-que-lon-puisse-regler-les-problemes\/#primaryimage","url":"https:\/\/www.pressenza.com\/wp-content\/uploads\/2019\/01\/Gilets-jaunes-r\u00e9f\u00e9rendum-dinitiative-citoyenne.jpg","contentUrl":"https:\/\/www.pressenza.com\/wp-content\/uploads\/2019\/01\/Gilets-jaunes-r\u00e9f\u00e9rendum-dinitiative-citoyenne.jpg","width":750,"height":525},{"@type":"BreadcrumbList","@id":"https:\/\/www.pressenza.com\/fr\/2019\/01\/gilets-jaunes-a-la-rencontre-des-gens-on-demande-un-referendum-dinitiative-citoyenne-pour-que-lon-puisse-regler-les-problemes\/#breadcrumb","itemListElement":[{"@type":"ListItem","position":1,"name":"Accueil","item":"https:\/\/www.pressenza.com\/fr\/"},{"@type":"ListItem","position":2,"name":"[Gilets jaunes, \u00e0 la rencontre des gens] \u00ab On demande un r\u00e9f\u00e9rendum d&rsquo;initiative citoyenne pour que l&rsquo;on puisse r\u00e9gler les probl\u00e8mes \u00bb"}]},{"@type":"WebSite","@id":"https:\/\/www.pressenza.com\/fr\/#website","url":"https:\/\/www.pressenza.com\/fr\/","name":"Pressenza","description":"International Press Agency","publisher":{"@id":"https:\/\/www.pressenza.com\/fr\/#organization"},"potentialAction":[{"@type":"SearchAction","target":{"@type":"EntryPoint","urlTemplate":"https:\/\/www.pressenza.com\/fr\/?s={search_term_string}"},"query-input":{"@type":"PropertyValueSpecification","valueRequired":true,"valueName":"search_term_string"}}],"inLanguage":"fr-FR"},{"@type":"Organization","@id":"https:\/\/www.pressenza.com\/fr\/#organization","name":"Pressenza","url":"https:\/\/www.pressenza.com\/fr\/","logo":{"@type":"ImageObject","inLanguage":"fr-FR","@id":"https:\/\/www.pressenza.com\/fr\/#\/schema\/logo\/image\/","url":"https:\/\/www.pressenza.com\/wp-content\/uploads\/2022\/10\/pressenza_logo_200x200.jpg","contentUrl":"https:\/\/www.pressenza.com\/wp-content\/uploads\/2022\/10\/pressenza_logo_200x200.jpg","width":200,"height":200,"caption":"Pressenza"},"image":{"@id":"https:\/\/www.pressenza.com\/fr\/#\/schema\/logo\/image\/"},"sameAs":["https:\/\/www.facebook.com\/PressenzaItalia","https:\/\/x.com\/PressenzaIPA"]},{"@type":"Person","@id":"https:\/\/www.pressenza.com\/fr\/#\/schema\/person\/3c9fe6670cc2cffbd37562f87b98e869","name":"R\u00e9daction France","description":"News published by the Pressenza bureau in France","sameAs":["http:\/\/www.pressenza.com\/fr"],"url":"https:\/\/www.pressenza.com\/fr\/author\/redactionfrance\/"}]}},"place":"Paris","original_article_url":"","_links":{"self":[{"href":"https:\/\/www.pressenza.com\/fr\/wp-json\/wp\/v2\/posts\/794779","targetHints":{"allow":["GET"]}}],"collection":[{"href":"https:\/\/www.pressenza.com\/fr\/wp-json\/wp\/v2\/posts"}],"about":[{"href":"https:\/\/www.pressenza.com\/fr\/wp-json\/wp\/v2\/types\/post"}],"author":[{"embeddable":true,"href":"https:\/\/www.pressenza.com\/fr\/wp-json\/wp\/v2\/users\/926"}],"replies":[{"embeddable":true,"href":"https:\/\/www.pressenza.com\/fr\/wp-json\/wp\/v2\/comments?post=794779"}],"version-history":[{"count":0,"href":"https:\/\/www.pressenza.com\/fr\/wp-json\/wp\/v2\/posts\/794779\/revisions"}],"wp:featuredmedia":[{"embeddable":true,"href":"https:\/\/www.pressenza.com\/fr\/wp-json\/wp\/v2\/media\/794781"}],"wp:attachment":[{"href":"https:\/\/www.pressenza.com\/fr\/wp-json\/wp\/v2\/media?parent=794779"}],"wp:term":[{"taxonomy":"category","embeddable":true,"href":"https:\/\/www.pressenza.com\/fr\/wp-json\/wp\/v2\/categories?post=794779"},{"taxonomy":"post_tag","embeddable":true,"href":"https:\/\/www.pressenza.com\/fr\/wp-json\/wp\/v2\/tags?post=794779"}],"curies":[{"name":"wp","href":"https:\/\/api.w.org\/{rel}","templated":true}]}}