{"id":79072,"date":"2013-12-01T06:02:22","date_gmt":"2013-12-01T06:02:22","guid":{"rendered":"http:\/\/www.pressenza.com\/?p=79072"},"modified":"2013-12-01T06:18:43","modified_gmt":"2013-12-01T06:18:43","slug":"la-normalisation-de-liran-qui-profite-t-elle","status":"publish","type":"post","link":"https:\/\/www.pressenza.com\/fr\/2013\/12\/la-normalisation-de-liran-qui-profite-t-elle\/","title":{"rendered":"La normalisation de l\u2019Iran: A qui profite-t-elle?"},"content":{"rendered":"<p><strong>Par Chems Eddine Chitour (*)<\/strong><\/p>\n<p>\u00abIl ne faut plus changer de pansement mais penser le changement\u00bb,\u00a0N\u00f6el\u00a0 Mam\u00e8re D\u00e9put\u00e9 fran\u00e7ais<\/p>\n<p>\u00c7a y est !\u00a0 L\u2019Iran a sign\u00e9 un accord sur le nucl\u00e9aire avec les 5 du Conseil de s\u00e9curit\u00e9 +1. Selon le c\u00f4t\u00e9 d\u2019o\u00f9 l\u2019on observe cet accord, c\u2019est soit une victoire qui a r\u00e9ussi \u00e0 faire mettre un genou \u00e0 terre en lui faisant abandonner toute vell\u00e9it\u00e9 d\u2019acc\u00e8s au nucl\u00e9aire militaire, soit une victoire si l\u2019on accorde au triomphalisme des Iraniens, qui disent avoir pr\u00e9serv\u00e9 leur capacit\u00e9 d\u2019enrichissement, bien qu\u2019accord n\u2019en parle pas explicitement, soit tout le monde s\u2019est tromp\u00e9: Isra\u00ebl a raison, c\u2019est un mauvais accord qui laisserait intacte la capacit\u00e9 de nuisance des Iraniens.<\/p>\n<p>C\u2019est \u00e0 se demander si les pr\u00e9tentions d\u2019Ahmadinejad \u00e9taient toutes autres? La bombe? Ou simplement un gigantesque malentendu que le doigt\u00e9 de Rohani a dissip\u00e9. Et pourtant, malgr\u00e9 toutes les privations qu\u2019il a subies l\u2019Iran a continu\u00e9 sa qu\u00eate du savoir et de la technologie. Les \u00abstrat\u00e8ges du FMI\u00bb qui sont all\u00e9s scanner sans complaisance l\u2019\u00e9conomie iranienne, il y a deux ans, n\u2019ont pas dans leur rapport tari d\u2019\u00e9loges sur la gouvernance iranienne.<\/p>\n<p>La derni\u00e8re prouesse iranienne c\u2019est la fabrication d\u2019un drone avec un long rayon d\u2019action, c\u2019est peut-\u00eatre un copier-coller du fameux drone am\u00e9ricain espion intercept\u00e9, neutralis\u00e9 et l\u2019Iran, autrefois connue sous le nom de Perse, a donn\u00e9 naissance il y a 2500 ans au premier, ramen\u00e9 intact sur une base iranienne. Summum de la bataille technologique, malgr\u00e9 la cyberattaque par le suxnet virus am\u00e9ricano-isra\u00e9lien pour freiner le programme d\u2019enrichissement, on apprend que l\u2019Iran a cr\u00e9\u00e9 l\u2019\u00e9quivalent de Google, utilise ses satellites et toutes institutions sensibles sont connect\u00e9es \u00e0 l\u2019intranet. Il y a donc mati\u00e8re \u00e0 r\u00e9\u00e9talonner les rapports avec ce pays.<\/p>\n<p><strong>L\u2019Iran dans l\u2019Histoire<\/strong><\/p>\n<p>Peu de personnes, surtout en Occident ont une perception r\u00e9elle de la dimension historique de cet empire. Comme lu sur le site \u00abH\u00e9rodote\u00bb: \u00abL\u2019Iran est un empire \u00e0 vocation universelle. Depuis lors, les plateaux iraniens ont abrit\u00e9 des civilisations du plus extr\u00eame raffinement, qui n\u2019ont rien \u00e0 envier \u00e0 l\u2019Occident comme \u00e0 l\u2019Orient. \u00c0 la diff\u00e9rence de leurs voisins, les Iraniens ne souffrent d\u2019aucune frustration \u00e0 l\u2019\u00e9gard de l\u2019Occident. Ils n\u2019ont de \u00abrevanche\u00bb \u00e0 prendre sur personne, sinon sur les trublions cupides qui ont tent\u00e9 depuis la Seconde Guerre mondiale de s\u2019approprier leurs r\u00e9serves p\u00e9troli\u00e8res\u2026.. Vaste comme trois fois la France (1,6 million de km2), l\u2019Iran compte un peu plus d\u2019habitants qu\u2019elle (70 millions). Aujourd\u2019hui comme au temps de Cyrus, le pays t\u00e9moigne d\u2019une tr\u00e8s grande diversit\u00e9 de populations et de langues \u00bb.(1)<\/p>\n<p>Dans l\u2019Antiquit\u00e9 domine le mazd\u00e9isme (de Mazda, Dieu, dans la langue perse), aussi appel\u00e9 zoroastrisme VIIe si\u00e8cle avant J.-C. Il prosp\u00e8re sous les Ach\u00e9m\u00e9nides (les h\u00e9ritiers de Cyrus) et va survivre jusqu\u2019\u00e0 l\u2019approche de l\u2019an 1000 avant de s\u2019effacer presque compl\u00e8tement face \u00e0 la pouss\u00e9e de l\u2019Islam. Le juda\u00efsme est pr\u00e9sent en Iran d\u00e8s l\u2019\u00e9poque des Ach\u00e9m\u00e9nides, Cyrus le Grand lui-m\u00eame ayant accueilli des H\u00e9breux apr\u00e8s leur exil de Babylone! Le christianisme arrive en Iran d\u00e8s les premiers si\u00e8cles de notre \u00e8re. Aujourd\u2019hui, victime de pers\u00e9cutions, il n\u2019est plus gu\u00e8re repr\u00e9sent\u00e9 en Iran. L\u2019Islam arrive quant \u00e0 lui avec la conqu\u00eate arabe, en 651, mais ne s\u2019impose pas d\u2019embl\u00e9e. (\u2026) le chiisme duod\u00e9cimain. Le chiisme devient religion d\u2019\u00c9tat sous la dynastie nationale des Safavides, au XVIe si\u00e8cle. Depuis que Cyrus le Grand a rassembl\u00e9 tous les peuples des plateaux iraniens sous son autorit\u00e9 et les a entra\u00een\u00e9s \u00e0 la conqu\u00eate de l\u2019Orient, de la mer \u00c9g\u00e9e \u00e0 l\u2019Indus, l\u2019Iran n\u2019a plus cess\u00e9 de rayonner sur le monde environnant\u00bb.(1) Voil\u00e0 pour l\u2019histoire.<\/p>\n<p><strong>Les d\u00e9tails de l\u2019accord sur le nucl\u00e9aire iranien<\/strong><\/p>\n<p>L\u2019accord sign\u00e9 entre les sept pays n\u00e9gociateurs (Iran, Etats-Unis, Russie, Chine, France, Allemagne et Royaume-Uni) pr\u00e9voit que la R\u00e9publique islamique accepte de limiter son programme nucl\u00e9aire, soup\u00e7onn\u00e9e par Washington et ses alli\u00e9s d\u2019avoir des vis\u00e9es militaires, en \u00e9change d\u2019un all\u00e8gement des sanctions \u00e9conomiques. L\u2019accord obtenu n\u2019est que pr\u00e9liminaire et devra d\u00e9boucher dans six mois sur un accord d\u00e9finitif. L\u2019Iran s\u2019est engag\u00e9 \u00e0 une profonde r\u00e9vision de son programme nucl\u00e9aire et se soumettra \u00e0 des inspections internationales plus pouss\u00e9es pendant six mois: cesser tout enrichissement d\u2019uranium \u00ab\u00e0 plus de 5% et de d\u00e9manteler les processus techniques n\u00e9cessaires pour enrichir \u00e0 plus de 5%\u00bb ; neutraliser \u00abson stock d\u2019uranium enrichi \u00e0 pr\u00e8s de 20% en le diluant\u00bb, arr\u00eater la construction de toute nouvelle centrifugeuse \u00e0 uranium. (2)<\/p>\n<blockquote><p>\u00ab Le pays a cependant le droit de remplacer les centrifugeuses d\u00e9j\u00e0 existantes, interrompre les travaux menant \u00e0 la mise en marche d\u2019un r\u00e9acteur dans l\u2019usine d\u2019Arak ainsi que la production de combustible \u00e0 destination de cette centrale, deux points particuli\u00e8rement d\u00e9fendus par la France, renoncer \u00e0 construire une \u00abusine capable (\u2026) d\u2019extraire du plutonium \u00e0 partir du combustible usag\u00e9\u00bb, permettre un \u00abacc\u00e8s quotidien de ses sites de Natanz et Fordow \u00e0 des experts de l\u2019Agence internationale de l\u2019\u00e9nergie atomique (AIEA)\u00bb ainsi qu\u2019\u00e0 ses usines de fabrication de centrifugeuses et aux mines d\u2019uranium. En contrepartie, les pays n\u00e9gociateurs vont consentir \u00e0 un all\u00e8gement des sanctions \u00ablimit\u00e9, temporaire, cibl\u00e9 et qui pourra \u00eatre annul\u00e9\u00bb, \u00e9quivalant \u00e0 environ sept milliards de dollars, ce qui ne repr\u00e9sente qu\u2019une fraction des sanctions pour l\u2019Iran \u00bb. (2)<\/p><\/blockquote>\n<p><strong>\u00a0Y a-t-il eu une vraie chance pour la paix?<\/strong><\/p>\n<p>Au-del\u00e0 des communiqu\u00e9s triomphalistes de part et d\u2019autre et de l\u2019apocalypse annonc\u00e9e par Isra\u00ebl, Fran\u00e7ois Nicoullaud, ancien ambassadeur de France en Iran pense que c\u2019est un bon accord. Ecoutons-le: \u00abC\u2019est un bon accord, Il est solide, d\u00e9taill\u00e9, \u00e9quilibr\u00e9. Il offre aux deux parties des satisfactions. (\u2026) Isra\u00ebl voit le verre \u00e0 moiti\u00e9 vide, mais force est de constater que cet accord pr\u00e9liminaire ne facilite pas l\u2019avanc\u00e9e de l\u2019Iran vers la bombe pendant la dur\u00e9e des n\u00e9gociations. L\u2019accord permet une lev\u00e9e limit\u00e9e, mais r\u00e9elle de ces sanctions qui p\u00e9nalisent lourdement l\u2019\u00e9conomie iranienne: la capacit\u00e9 d\u2019exportation de p\u00e9trole de l\u2019Iran, a \u00e9t\u00e9 r\u00e9duite de moiti\u00e9 et les sanctions \u00e9taient con\u00e7ues pour les r\u00e9duire \u00e0 z\u00e9ro. (\u2026) Une des clauses de l\u2019accord pourrait s\u2019av\u00e9rer importante pour l\u2019industrie fran\u00e7aise: la lev\u00e9e des sanctions am\u00e9ricaines sur l\u2019automobile. Cela pourrait permettre \u00e0 Peugeot et Renault de revenir en Iran. Les deux groupes qui \u00e9taient tr\u00e8s pr\u00e9sents dans le pays ont \u00e9t\u00e9 lourdement p\u00e9nalis\u00e9s par ces sanctions. L\u2019accord dit clairement que l\u2019Iran b\u00e9n\u00e9ficie de tous les droits et devoirs accord\u00e9s par le trait\u00e9 de non-prolif\u00e9ration nucl\u00e9aire Il n\u2019est pas \u00e9crit en toutes lettres que l\u2019Iran peut continuer \u00e0 enrichir son uranium, mais de fait le texte \u00e9tablit implicitement cette possibilit\u00e9. La formulation est habile, elle permet \u00e0 chacun de garder la t\u00eate haute.\u00bb (3)<\/p>\n<p><strong>La r\u00e9alit\u00e9 des choses<\/strong><\/p>\n<p>Il semble tout d\u2019abord que l\u2019accord est en gestation depuis plusieurs mois bien avant la prise de fonction de Rohani. Est-ce \u00e0 dire que s\u2019agissant de cela, Ahmadinejad, ne pouvait pas ne pas savoir ce qui se passait et qu\u2019en fait tout se joue avec les Etats-Unis. Selon l\u2019Associated Press, du 24 novembre, citant des responsables am\u00e9ricains, de hauts responsables am\u00e9ricains et iraniens ont men\u00e9 pendant plusieurs mois des discussions bilat\u00e9rales secr\u00e8tes qui ont jou\u00e9 un r\u00f4le important dans l\u2019accord pr\u00e9liminaire sur le nucl\u00e9aire iranien conclu dans la nuit de samedi \u00e0 dimanche. Ce n\u2019est qu\u2019apr\u00e8s le coup de fil historique entre le pr\u00e9sident iranien nouvellement \u00e9lu et Barack Obama, fin septembre, que les Etats-Unis ont inform\u00e9 leurs alli\u00e9s, les autres membres du P5+1 et Isra\u00ebl, de l\u2019existence de r\u00e9unions secr\u00e8tes tenues pendant l\u2019\u00e9t\u00e9, raconte l\u2019agence.<\/p>\n<p><strong>Le \u00abdeux poids, deux mesures\u00bb d\u00e9nonc\u00e9 par le d\u00e9put\u00e9 No\u00ebl Mam\u00e8re<\/strong><\/p>\n<p>Pour No\u00ebl Mam\u00e8re: \u00abQui ne peut se r\u00e9jouir de l\u2019accord pass\u00e9 entre l\u2019Iran et la communaut\u00e9 internationale sur le nucl\u00e9aire militaire? Pour une fois qu\u2019une bonne nouvelle arrive de cette r\u00e9gion du monde, ne boudons pas notre plaisir Le bilan est impressionnant. L\u2019Iran s\u2019engage\u2026 En contrepartie, les pays n\u00e9gociateurs all\u00e8gent les sanctions et n\u2019en n\u2019imposeront pas de nouvelles pendant six mois (\u2026) Isra\u00ebl ne peut continuer \u00e0 utiliser le danger du nucl\u00e9aire iranien pour faire diversion. Pour une fois, la diplomatie a prim\u00e9 sur la logique de guerre et a fait bouger les choses dans un sens positif. Bien s\u00fbr, la r\u00e9action d\u2019Isra\u00ebl est n\u00e9gative. Mais pour de mauvaises raisons. Faut-il rappeler que le seul Etat de la r\u00e9gion \u00e0 poss\u00e9der l\u2019arme nucl\u00e9aire est pr\u00e9cis\u00e9ment Isra\u00ebl? Il ne pourra pas cacher plus longtemps son immobilisme sur le dossier palestinien, sa volont\u00e9 implacable de continuer encore et encore la colonisation, en faisant diversion avec le nucl\u00e9aire iranien. (\u2026) L\u2019accord sign\u00e9 dimanche est aussi un pas en avant important pour la paix en Syrie.(\u2026)\u00bb<\/p>\n<p>No\u00ebl Mam\u00e8re va plus loin, il parle de d\u00e9sarment global: \u00abMais cet accord ne doit pas \u00eatre l\u2019arbre qui cache la for\u00eat, \u00e0 savoir, le d\u00e9sarmement nucl\u00e9aire multilat\u00e9ral. L\u2019Iran n\u2019a fait ni plus ni moins que ce qu\u2019a fait avant elle l\u2019ensemble des pays dot\u00e9s de l\u2019arme nucl\u00e9aire: lancer des programmes nucl\u00e9aires militaires dans le plus grand secret et mettre la communaut\u00e9 internationale devant le fait accompli (\u2026)\u2026 Le fait est que, depuis quarante ans que le Trait\u00e9 est entr\u00e9 en vigueur, les Etats nucl\u00e9aires continuent \u00e0 moderniser leurs armes sans s\u2019\u00eatre jamais engag\u00e9s dans une n\u00e9gociation en vue d\u2019un d\u00e9sarmement complet \u00bb.(4)<\/p>\n<p>No\u00ebl Mam\u00e8re en appelle \u00e0 un d\u00e9sarment du Moyen-Orient: \u00abLa dynamique de Gen\u00e8ve doit permettre de pousser l\u2019avantage. L\u2019objectif doit \u00eatre de faire du Moyen-Orient une \u00abzone exempte d\u2019armes nucl\u00e9aires\u00bb. Elle est toujours bloqu\u00e9e par les Etats-Unis et Isra\u00ebl (\u2026) On ne peut vouloir interdire l\u2019acc\u00e8s au nucl\u00e9aire de l\u2019Iran, signataire du TNP, et laisser d\u2019autres Etats, comme Isra\u00ebl, continuer \u00e0 s\u2019\u00e9quiper sans aucun contr\u00f4le de la communaut\u00e9 internationale. Il ne saurait y avoir deux poids, deux mesures. (\u2026) Cette observation est \u00e9galement valable pour la France qui, malgr\u00e9 la crise, persiste \u00e0 conserver et \u00e0 renforcer son potentiel nucl\u00e9aire.\u00bb(4)<\/p>\n<p><strong>Les r\u00e9actions\u00a0 dans le monde occidental et en Isra\u00ebl<\/strong><\/p>\n<p>Lors d\u2019une intervention solennelle depuis la Maison-Blanche, le pr\u00e9sident am\u00e9ricain Barack Obama a assur\u00e9 que cet accord obtenu \u00e0 l\u2019arrach\u00e9 \u00abbarre le chemin le plus \u00e9vident\u00bb de la R\u00e9publique islamique vers une bombe atomique. M\u00eame satisfaction int\u00e9ress\u00e9e des pays europ\u00e9ens qui attendent des miettes du march\u00e9 prometteur de 70 \u00f9millions d\u2019Iraniens consommateurs\u00a0 des champs de gaz de South Pars, une fois que l\u2019Empire se sera servi..<\/p>\n<p>La r\u00e9action de l\u2019Etat h\u00e9breu ne s\u2019est pas fait attendre: le bureau du Premier ministre Banjamin Netanyahu a d\u00e9nonc\u00e9 un \u00abmauvais accord qui offre exactement ce que l\u2019Iran voulait: la lev\u00e9e significative des sanctions et le maintien d\u2019une partie significative de son programme nucl\u00e9aire.\u00bb De son c\u00f4t\u00e9, le ministre de l\u2019Economies Naftali: \u00abL\u2019accord laisse intacte la machine nucl\u00e9aire iranienne et pourrait permettre \u00e0 l\u2019Iran de produire une bombe dans une p\u00e9riode de six \u00e0 sept semaines. Isra\u00ebl est pr\u00eat \u00e0 toute \u00e9ventualit\u00e9\u00bb, a d\u00e9clar\u00e9 le ministre isra\u00e9lien \u00e0 la radio militaire \u00bb. (5)<\/p>\n<blockquote><p>\u00ab Pour Simon Peres, \u00abun accord a \u00e9t\u00e9 sign\u00e9 entre le P5 +1 et l\u2019Iran. C\u2019est un accord int\u00e9rimaire. Le succ\u00e8s ou l\u2019\u00e9chec de l\u2019accord sera jug\u00e9 par des r\u00e9sultats et non par des mots. Je voudrais dire au peuple iranien: \u00abVous n\u2019\u00eates pas notre ennemi et nous ne sommes pas le v\u00f4tre. Il est possible de r\u00e9soudre ce probl\u00e8me par la voie diplomatique. Cela est entre vos mains. Rejetez le terrorisme. Arr\u00eatez le programme nucl\u00e9aire. Arr\u00eatez le d\u00e9veloppement de missiles \u00e0 longue port\u00e9e\u00bb. Pour sa part, la ministre de la Justice, Tzipi Livni a recommand\u00e9 de \u00abregarder vers l\u2019avenir: Isra\u00ebl doit agir en \u00e9troite coop\u00e9ration avec les Etats-Unis pour renforcer cette alliance strat\u00e9gique et cr\u00e9er un front politique avec d\u2019autres pays, comme les pays arabes, qui consid\u00e8rent un Iran nucl\u00e9aris\u00e9 comme une menace.\u00bb (5)<\/p><\/blockquote>\n<p>Curieusement, au moment o\u00f9 la vraie communaut\u00e9 internationale celle des \u00ablaiss\u00e9s pour compte\u00bb\u00a0 inaudible, pousse un ouf de soulagement, on dit que les Saoudiens ne sont pas d\u2019accord avec l\u2019accord! Pour le journal britannique Sunday Times se r\u00e9f\u00e9rant \u00e0 des sources diplomatiques, ils seraient pr\u00eats \u00e0 s\u2019allier avec Isra\u00ebl pour d\u00e9molir l\u2019Iran! Le service de renseignement isra\u00e9lien Mossad et les autorit\u00e9s saoudiennes coop\u00e8rent pour mettre au point un plan d\u2019attaque contre l\u2019Iran. L\u2019Arabie Saoudite envisage \u00e9galement de fournir \u00e0 l\u2019Etat h\u00e9breu des drones, des h\u00e9licopt\u00e8res de sauvetage et des avions de transport. C\u2019est dire si les dirigeants saoudiens ont perdu toute cr\u00e9dibilit\u00e9.<\/p>\n<p><strong>La guerre invisible en Cisjordanie<\/strong><\/p>\n<p>Pourtant, le vrai scandale, c\u2019est celui de la condition palestinienne sous la colonisation qui continue et les constructions qui ont connu un essor sans pr\u00e9c\u00e9dent. C\u2019est \u00e0 se demander si un jour ces n\u00e9gociations aboutiront pour mettre un terme au martyr d\u2019un peuple, maintenant qu\u2019Isra\u00ebl ne peut plus brandir la menace d\u2019un Iran nucl\u00e9aire \u00e0 ses portes. Il semble que non! Dans le film Voyage dans une guerre invisible r\u00e9alis\u00e9 par Paul Moreira. Benjamin Barthes du journal Le Monde rapporte le traitement de la population palestinienne par les autorit\u00e9s isra\u00e9liennes.: \u00ab(\u2026) Nous sommes en 2001, en pleine seconde Intifada. Ne se sachant pas film\u00e9, l\u2019ex-chef de file du Likoud, la droite nationaliste, raconte, avec un cynisme et une roublardise \u00e0 toute \u00e9preuve comment il a r\u00e9ussi \u00e0 vider les accords de paix d\u2019Oslo de leur substance. Devant l\u2019un de ses h\u00f4tes, qui s\u2019inqui\u00e8te d\u2019\u00e9ventuelles pressions internationales, il l\u00e2che, plein de d\u00e9dain: \u00abQu\u2019ils parlent, qu\u2019ils parlent, laisse-les parler.\u00bb(6)<\/p>\n<blockquote><p>\u00abDans la s\u00e9quence. On y voit des jeunes juifs, le visage masqu\u00e9, mettre le feu \u00e0 des oliveraies, sous le regard passif des soldats; un vieux berger \u00e0 dos de mulet emp\u00each\u00e9 d\u2019emmener son troupeau pa\u00eetre, par des conscrits trois fois plus jeunes que lui; la population enti\u00e8re d\u2019une ville (H\u00e9bron), priv\u00e9e de march\u00e9, pour que la poign\u00e9e de fanatiques juifs enkyst\u00e9s dans son centre puisse c\u00e9l\u00e9brer une f\u00eate du calendrier juif. D\u2019une pr\u00e9cision scrupuleuse, il donne la parole \u00e0 des colons en d\u00e9saccord avec ces pratiques, tout en pointant la complaisance \u00e9hont\u00e9e des autorit\u00e9s \u00e0 l\u2019\u00e9gard de ces extr\u00e9mistes en kippa\u00bb.(6) Tout est dit.<\/p><\/blockquote>\n<p>A qui profite en d\u00e9finitive,\u00a0 la \u00abnormalisation\u00bb de l\u2019Iran? Sans l\u2019ombre d\u2019un doute, aux Am\u00e9ricains, les vassaux auront des miettes du march\u00e9 iranien. Ensuite \u00e0 Isra\u00ebl qui malgr\u00e9 les protestations, sort grand vainqueur. Le perdant est connu, c\u2019est toujours le Monde arabe install\u00e9 confortablement dans les temps morts avec des potentats adoub\u00e9s par l\u2019Occident qui sont l\u00e0 depuis la nuit des temps sans perspective aucune pour les peuples arabes harass\u00e9s par tant de malheur.<\/p>\n<p><strong>(*) Professeur\u00a0 \u00e0 l&rsquo;Ecole Polytechnique enp-edu.dz<\/strong><\/p>\n<p><strong>\u00a0Notes<\/strong><\/p>\n<p>1.\u00a0<a href=\"http:\/\/www.herodote.net\/2500_ans_d_\">http:\/\/www.herodote.net\/2500_ans_d_<\/a>\u00a0Histoire-synthese-218.php<\/p>\n<p>2. Les d\u00e9tails de l\u2019accord sur le nucl\u00e9aire iranien Le Monde.fr avec AFP | 25.11.2013<\/p>\n<p>3. Nucl\u00e9aire iranien: \u00abL\u2019accord de Gen\u00e8ve permet \u00e0 chacun de garder la t\u00eate haute\u00bb Propos recueillis par Catherine Gou\u00ebset, 24\/11\/2013<\/p>\n<p>4.\u00a0<a href=\"http:\/\/blogs.rue89.com\/chez-noel-mamere\/2013\/11\/25\/interdire-le-nucleaire-militaire-liran-et-pas-israel-231775\">http:\/\/blogs.rue89.com\/chez-noel-mamere\/2013\/11\/25\/interdire-le-nucleaire-militaire-liran-et-pas-israel-231775<\/a><\/p>\n<p>5.\u00a0<a href=\"http:\/\/www.tribunejuive.info\/israel\/israel-decu-inquiet-determine\">http:\/\/www.tribunejuive.info\/israel\/israel-decu-inquiet-determine<\/a><\/p>\n<p>6.Benjamin Barthe\u00a0<a href=\"http:\/\/www.lemonde.fr\/\">http:\/\/www.lemonde.fr\/<\/a>\u00a0culture\/article\/2013\/11\/25\/voyage-dans-une-guerre-invisible_3518819_3246.html<\/p>\n<p>Source :\u00a0<a href=\"http:\/\/www.mondialisation.ca\/la-normalisation-de-liran-a-qui-profite-t-elle\/5359930?utm_source=feedly\">http:\/\/www.mondialisation.ca\/la-normalisation-de-liran-a-qui-profite-t-elle\/5359930?utm_source=feedly<\/a><\/p>\n","protected":false},"excerpt":{"rendered":"<p>Par Chems Eddine Chitour (*) \u00abIl ne faut plus changer de pansement mais penser le changement\u00bb,\u00a0N\u00f6el\u00a0 Mam\u00e8re D\u00e9put\u00e9 fran\u00e7ais \u00c7a y est !\u00a0 L\u2019Iran a sign\u00e9 un accord sur le nucl\u00e9aire avec les 5 du Conseil de s\u00e9curit\u00e9 +1. Selon&hellip;<\/p>\n","protected":false},"author":926,"featured_media":79077,"comment_status":"closed","ping_status":"open","sticky":false,"template":"","format":"standard","meta":{"footnotes":""},"categories":[40,163,1250,90],"tags":[471,7250],"class_list":["post-79072","post","type-post","status-publish","format-standard","has-post-thumbnail","hentry","category-international-fr","category-opinion-fr","category-paix-desarmement","category-moyen-orient","tag-iran-fr","tag-nucleaire-iranien"],"yoast_head":"<!-- This site is optimized with the Yoast SEO plugin v27.1.1 - https:\/\/yoast.com\/product\/yoast-seo-wordpress\/ -->\n<title>La normalisation de l\u2019Iran: A qui profite-t-elle?<\/title>\n<meta name=\"description\" content=\"Par Chems Eddine Chitour (*) \u00abIl ne faut plus changer de pansement mais penser le changement\u00bb,\u00a0N\u00f6el\u00a0 Mam\u00e8re D\u00e9put\u00e9 fran\u00e7ais \u00c7a y est !\u00a0 L\u2019Iran a sign\u00e9 un\" \/>\n<meta name=\"robots\" content=\"index, follow, max-snippet:-1, max-image-preview:large, max-video-preview:-1\" \/>\n<link rel=\"canonical\" href=\"https:\/\/www.pressenza.com\/fr\/2013\/12\/la-normalisation-de-liran-qui-profite-t-elle\/\" \/>\n<meta property=\"og:locale\" content=\"fr_FR\" \/>\n<meta property=\"og:type\" content=\"article\" \/>\n<meta property=\"og:title\" content=\"La normalisation de l\u2019Iran: A qui profite-t-elle?\" \/>\n<meta property=\"og:description\" content=\"Par Chems Eddine Chitour (*) \u00abIl ne faut plus changer de pansement mais penser le changement\u00bb,\u00a0N\u00f6el\u00a0 Mam\u00e8re D\u00e9put\u00e9 fran\u00e7ais \u00c7a y est !\u00a0 L\u2019Iran a sign\u00e9 un\" \/>\n<meta property=\"og:url\" content=\"https:\/\/www.pressenza.com\/fr\/2013\/12\/la-normalisation-de-liran-qui-profite-t-elle\/\" \/>\n<meta property=\"og:site_name\" content=\"Pressenza\" \/>\n<meta property=\"article:publisher\" content=\"https:\/\/www.facebook.com\/PressenzaItalia\" \/>\n<meta property=\"article:published_time\" content=\"2013-12-01T06:02:22+00:00\" \/>\n<meta property=\"article:modified_time\" content=\"2013-12-01T06:18:43+00:00\" \/>\n<meta property=\"og:image\" content=\"https:\/\/www.pressenza.com\/wp-content\/uploads\/2013\/12\/La-normalisation-de-l\u2019Iran-A-qui-profite-t-elle_iran-nuclear-non-proliferation-israel-un.gif\" \/>\n\t<meta property=\"og:image:width\" content=\"590\" \/>\n\t<meta property=\"og:image:height\" content=\"302\" \/>\n\t<meta property=\"og:image:type\" content=\"image\/gif\" \/>\n<meta name=\"author\" content=\"R\u00e9daction France\" \/>\n<meta name=\"twitter:card\" content=\"summary_large_image\" \/>\n<meta name=\"twitter:creator\" content=\"@PressenzaIPA\" \/>\n<meta name=\"twitter:site\" content=\"@PressenzaIPA\" \/>\n<meta name=\"twitter:label1\" content=\"\u00c9crit par\" \/>\n\t<meta name=\"twitter:data1\" content=\"R\u00e9daction France\" \/>\n\t<meta name=\"twitter:label2\" content=\"Dur\u00e9e de lecture estim\u00e9e\" \/>\n\t<meta name=\"twitter:data2\" content=\"14 minutes\" \/>\n<script type=\"application\/ld+json\" class=\"yoast-schema-graph\">{\"@context\":\"https:\/\/schema.org\",\"@graph\":[{\"@type\":\"Article\",\"@id\":\"https:\/\/www.pressenza.com\/fr\/2013\/12\/la-normalisation-de-liran-qui-profite-t-elle\/#article\",\"isPartOf\":{\"@id\":\"https:\/\/www.pressenza.com\/fr\/2013\/12\/la-normalisation-de-liran-qui-profite-t-elle\/\"},\"author\":{\"name\":\"R\u00e9daction France\",\"@id\":\"https:\/\/www.pressenza.com\/fr\/#\/schema\/person\/3c9fe6670cc2cffbd37562f87b98e869\"},\"headline\":\"La normalisation de l\u2019Iran: A qui profite-t-elle?\",\"datePublished\":\"2013-12-01T06:02:22+00:00\",\"dateModified\":\"2013-12-01T06:18:43+00:00\",\"mainEntityOfPage\":{\"@id\":\"https:\/\/www.pressenza.com\/fr\/2013\/12\/la-normalisation-de-liran-qui-profite-t-elle\/\"},\"wordCount\":2808,\"publisher\":{\"@id\":\"https:\/\/www.pressenza.com\/fr\/#organization\"},\"image\":{\"@id\":\"https:\/\/www.pressenza.com\/fr\/2013\/12\/la-normalisation-de-liran-qui-profite-t-elle\/#primaryimage\"},\"thumbnailUrl\":\"https:\/\/www.pressenza.com\/wp-content\/uploads\/2013\/12\/La-normalisation-de-l\u2019Iran-A-qui-profite-t-elle_iran-nuclear-non-proliferation-israel-un.gif\",\"keywords\":[\"Iran\",\"nucl\u00e9aire iranien\"],\"articleSection\":[\"International\",\"Opinion\",\"Paix et D\u00e9sarmement\",\"Proche et Moyen-Orient\"],\"inLanguage\":\"fr-FR\"},{\"@type\":\"WebPage\",\"@id\":\"https:\/\/www.pressenza.com\/fr\/2013\/12\/la-normalisation-de-liran-qui-profite-t-elle\/\",\"url\":\"https:\/\/www.pressenza.com\/fr\/2013\/12\/la-normalisation-de-liran-qui-profite-t-elle\/\",\"name\":\"La normalisation de l\u2019Iran: A qui profite-t-elle?\",\"isPartOf\":{\"@id\":\"https:\/\/www.pressenza.com\/fr\/#website\"},\"primaryImageOfPage\":{\"@id\":\"https:\/\/www.pressenza.com\/fr\/2013\/12\/la-normalisation-de-liran-qui-profite-t-elle\/#primaryimage\"},\"image\":{\"@id\":\"https:\/\/www.pressenza.com\/fr\/2013\/12\/la-normalisation-de-liran-qui-profite-t-elle\/#primaryimage\"},\"thumbnailUrl\":\"https:\/\/www.pressenza.com\/wp-content\/uploads\/2013\/12\/La-normalisation-de-l\u2019Iran-A-qui-profite-t-elle_iran-nuclear-non-proliferation-israel-un.gif\",\"datePublished\":\"2013-12-01T06:02:22+00:00\",\"dateModified\":\"2013-12-01T06:18:43+00:00\",\"description\":\"Par Chems Eddine Chitour (*) \u00abIl ne faut plus changer de pansement mais penser le changement\u00bb,\u00a0N\u00f6el\u00a0 Mam\u00e8re D\u00e9put\u00e9 fran\u00e7ais \u00c7a y est !\u00a0 L\u2019Iran a sign\u00e9 un\",\"breadcrumb\":{\"@id\":\"https:\/\/www.pressenza.com\/fr\/2013\/12\/la-normalisation-de-liran-qui-profite-t-elle\/#breadcrumb\"},\"inLanguage\":\"fr-FR\",\"potentialAction\":[{\"@type\":\"ReadAction\",\"target\":[\"https:\/\/www.pressenza.com\/fr\/2013\/12\/la-normalisation-de-liran-qui-profite-t-elle\/\"]}]},{\"@type\":\"ImageObject\",\"inLanguage\":\"fr-FR\",\"@id\":\"https:\/\/www.pressenza.com\/fr\/2013\/12\/la-normalisation-de-liran-qui-profite-t-elle\/#primaryimage\",\"url\":\"https:\/\/www.pressenza.com\/wp-content\/uploads\/2013\/12\/La-normalisation-de-l\u2019Iran-A-qui-profite-t-elle_iran-nuclear-non-proliferation-israel-un.gif\",\"contentUrl\":\"https:\/\/www.pressenza.com\/wp-content\/uploads\/2013\/12\/La-normalisation-de-l\u2019Iran-A-qui-profite-t-elle_iran-nuclear-non-proliferation-israel-un.gif\",\"width\":590,\"height\":302},{\"@type\":\"BreadcrumbList\",\"@id\":\"https:\/\/www.pressenza.com\/fr\/2013\/12\/la-normalisation-de-liran-qui-profite-t-elle\/#breadcrumb\",\"itemListElement\":[{\"@type\":\"ListItem\",\"position\":1,\"name\":\"Accueil\",\"item\":\"https:\/\/www.pressenza.com\/fr\/\"},{\"@type\":\"ListItem\",\"position\":2,\"name\":\"La normalisation de l\u2019Iran: A qui profite-t-elle?\"}]},{\"@type\":\"WebSite\",\"@id\":\"https:\/\/www.pressenza.com\/fr\/#website\",\"url\":\"https:\/\/www.pressenza.com\/fr\/\",\"name\":\"Pressenza\",\"description\":\"International Press Agency\",\"publisher\":{\"@id\":\"https:\/\/www.pressenza.com\/fr\/#organization\"},\"potentialAction\":[{\"@type\":\"SearchAction\",\"target\":{\"@type\":\"EntryPoint\",\"urlTemplate\":\"https:\/\/www.pressenza.com\/fr\/?s={search_term_string}\"},\"query-input\":{\"@type\":\"PropertyValueSpecification\",\"valueRequired\":true,\"valueName\":\"search_term_string\"}}],\"inLanguage\":\"fr-FR\"},{\"@type\":\"Organization\",\"@id\":\"https:\/\/www.pressenza.com\/fr\/#organization\",\"name\":\"Pressenza\",\"url\":\"https:\/\/www.pressenza.com\/fr\/\",\"logo\":{\"@type\":\"ImageObject\",\"inLanguage\":\"fr-FR\",\"@id\":\"https:\/\/www.pressenza.com\/fr\/#\/schema\/logo\/image\/\",\"url\":\"https:\/\/www.pressenza.com\/wp-content\/uploads\/2022\/10\/pressenza_logo_200x200.jpg\",\"contentUrl\":\"https:\/\/www.pressenza.com\/wp-content\/uploads\/2022\/10\/pressenza_logo_200x200.jpg\",\"width\":200,\"height\":200,\"caption\":\"Pressenza\"},\"image\":{\"@id\":\"https:\/\/www.pressenza.com\/fr\/#\/schema\/logo\/image\/\"},\"sameAs\":[\"https:\/\/www.facebook.com\/PressenzaItalia\",\"https:\/\/x.com\/PressenzaIPA\"]},{\"@type\":\"Person\",\"@id\":\"https:\/\/www.pressenza.com\/fr\/#\/schema\/person\/3c9fe6670cc2cffbd37562f87b98e869\",\"name\":\"R\u00e9daction France\",\"description\":\"News published by the Pressenza bureau in France\",\"sameAs\":[\"http:\/\/www.pressenza.com\/fr\"],\"url\":\"https:\/\/www.pressenza.com\/fr\/author\/redactionfrance\/\"}]}<\/script>\n<!-- \/ Yoast SEO plugin. -->","yoast_head_json":{"title":"La normalisation de l\u2019Iran: A qui profite-t-elle?","description":"Par Chems Eddine Chitour (*) \u00abIl ne faut plus changer de pansement mais penser le changement\u00bb,\u00a0N\u00f6el\u00a0 Mam\u00e8re D\u00e9put\u00e9 fran\u00e7ais \u00c7a y est !\u00a0 L\u2019Iran a sign\u00e9 un","robots":{"index":"index","follow":"follow","max-snippet":"max-snippet:-1","max-image-preview":"max-image-preview:large","max-video-preview":"max-video-preview:-1"},"canonical":"https:\/\/www.pressenza.com\/fr\/2013\/12\/la-normalisation-de-liran-qui-profite-t-elle\/","og_locale":"fr_FR","og_type":"article","og_title":"La normalisation de l\u2019Iran: A qui profite-t-elle?","og_description":"Par Chems Eddine Chitour (*) \u00abIl ne faut plus changer de pansement mais penser le changement\u00bb,\u00a0N\u00f6el\u00a0 Mam\u00e8re D\u00e9put\u00e9 fran\u00e7ais \u00c7a y est !\u00a0 L\u2019Iran a sign\u00e9 un","og_url":"https:\/\/www.pressenza.com\/fr\/2013\/12\/la-normalisation-de-liran-qui-profite-t-elle\/","og_site_name":"Pressenza","article_publisher":"https:\/\/www.facebook.com\/PressenzaItalia","article_published_time":"2013-12-01T06:02:22+00:00","article_modified_time":"2013-12-01T06:18:43+00:00","og_image":[{"width":590,"height":302,"url":"https:\/\/www.pressenza.com\/wp-content\/uploads\/2013\/12\/La-normalisation-de-l\u2019Iran-A-qui-profite-t-elle_iran-nuclear-non-proliferation-israel-un.gif","type":"image\/gif"}],"author":"R\u00e9daction France","twitter_card":"summary_large_image","twitter_creator":"@PressenzaIPA","twitter_site":"@PressenzaIPA","twitter_misc":{"\u00c9crit par":"R\u00e9daction France","Dur\u00e9e de lecture estim\u00e9e":"14 minutes"},"schema":{"@context":"https:\/\/schema.org","@graph":[{"@type":"Article","@id":"https:\/\/www.pressenza.com\/fr\/2013\/12\/la-normalisation-de-liran-qui-profite-t-elle\/#article","isPartOf":{"@id":"https:\/\/www.pressenza.com\/fr\/2013\/12\/la-normalisation-de-liran-qui-profite-t-elle\/"},"author":{"name":"R\u00e9daction France","@id":"https:\/\/www.pressenza.com\/fr\/#\/schema\/person\/3c9fe6670cc2cffbd37562f87b98e869"},"headline":"La normalisation de l\u2019Iran: A qui profite-t-elle?","datePublished":"2013-12-01T06:02:22+00:00","dateModified":"2013-12-01T06:18:43+00:00","mainEntityOfPage":{"@id":"https:\/\/www.pressenza.com\/fr\/2013\/12\/la-normalisation-de-liran-qui-profite-t-elle\/"},"wordCount":2808,"publisher":{"@id":"https:\/\/www.pressenza.com\/fr\/#organization"},"image":{"@id":"https:\/\/www.pressenza.com\/fr\/2013\/12\/la-normalisation-de-liran-qui-profite-t-elle\/#primaryimage"},"thumbnailUrl":"https:\/\/www.pressenza.com\/wp-content\/uploads\/2013\/12\/La-normalisation-de-l\u2019Iran-A-qui-profite-t-elle_iran-nuclear-non-proliferation-israel-un.gif","keywords":["Iran","nucl\u00e9aire iranien"],"articleSection":["International","Opinion","Paix et D\u00e9sarmement","Proche et Moyen-Orient"],"inLanguage":"fr-FR"},{"@type":"WebPage","@id":"https:\/\/www.pressenza.com\/fr\/2013\/12\/la-normalisation-de-liran-qui-profite-t-elle\/","url":"https:\/\/www.pressenza.com\/fr\/2013\/12\/la-normalisation-de-liran-qui-profite-t-elle\/","name":"La normalisation de l\u2019Iran: A qui profite-t-elle?","isPartOf":{"@id":"https:\/\/www.pressenza.com\/fr\/#website"},"primaryImageOfPage":{"@id":"https:\/\/www.pressenza.com\/fr\/2013\/12\/la-normalisation-de-liran-qui-profite-t-elle\/#primaryimage"},"image":{"@id":"https:\/\/www.pressenza.com\/fr\/2013\/12\/la-normalisation-de-liran-qui-profite-t-elle\/#primaryimage"},"thumbnailUrl":"https:\/\/www.pressenza.com\/wp-content\/uploads\/2013\/12\/La-normalisation-de-l\u2019Iran-A-qui-profite-t-elle_iran-nuclear-non-proliferation-israel-un.gif","datePublished":"2013-12-01T06:02:22+00:00","dateModified":"2013-12-01T06:18:43+00:00","description":"Par Chems Eddine Chitour (*) \u00abIl ne faut plus changer de pansement mais penser le changement\u00bb,\u00a0N\u00f6el\u00a0 Mam\u00e8re D\u00e9put\u00e9 fran\u00e7ais \u00c7a y est !\u00a0 L\u2019Iran a sign\u00e9 un","breadcrumb":{"@id":"https:\/\/www.pressenza.com\/fr\/2013\/12\/la-normalisation-de-liran-qui-profite-t-elle\/#breadcrumb"},"inLanguage":"fr-FR","potentialAction":[{"@type":"ReadAction","target":["https:\/\/www.pressenza.com\/fr\/2013\/12\/la-normalisation-de-liran-qui-profite-t-elle\/"]}]},{"@type":"ImageObject","inLanguage":"fr-FR","@id":"https:\/\/www.pressenza.com\/fr\/2013\/12\/la-normalisation-de-liran-qui-profite-t-elle\/#primaryimage","url":"https:\/\/www.pressenza.com\/wp-content\/uploads\/2013\/12\/La-normalisation-de-l\u2019Iran-A-qui-profite-t-elle_iran-nuclear-non-proliferation-israel-un.gif","contentUrl":"https:\/\/www.pressenza.com\/wp-content\/uploads\/2013\/12\/La-normalisation-de-l\u2019Iran-A-qui-profite-t-elle_iran-nuclear-non-proliferation-israel-un.gif","width":590,"height":302},{"@type":"BreadcrumbList","@id":"https:\/\/www.pressenza.com\/fr\/2013\/12\/la-normalisation-de-liran-qui-profite-t-elle\/#breadcrumb","itemListElement":[{"@type":"ListItem","position":1,"name":"Accueil","item":"https:\/\/www.pressenza.com\/fr\/"},{"@type":"ListItem","position":2,"name":"La normalisation de l\u2019Iran: A qui profite-t-elle?"}]},{"@type":"WebSite","@id":"https:\/\/www.pressenza.com\/fr\/#website","url":"https:\/\/www.pressenza.com\/fr\/","name":"Pressenza","description":"International Press Agency","publisher":{"@id":"https:\/\/www.pressenza.com\/fr\/#organization"},"potentialAction":[{"@type":"SearchAction","target":{"@type":"EntryPoint","urlTemplate":"https:\/\/www.pressenza.com\/fr\/?s={search_term_string}"},"query-input":{"@type":"PropertyValueSpecification","valueRequired":true,"valueName":"search_term_string"}}],"inLanguage":"fr-FR"},{"@type":"Organization","@id":"https:\/\/www.pressenza.com\/fr\/#organization","name":"Pressenza","url":"https:\/\/www.pressenza.com\/fr\/","logo":{"@type":"ImageObject","inLanguage":"fr-FR","@id":"https:\/\/www.pressenza.com\/fr\/#\/schema\/logo\/image\/","url":"https:\/\/www.pressenza.com\/wp-content\/uploads\/2022\/10\/pressenza_logo_200x200.jpg","contentUrl":"https:\/\/www.pressenza.com\/wp-content\/uploads\/2022\/10\/pressenza_logo_200x200.jpg","width":200,"height":200,"caption":"Pressenza"},"image":{"@id":"https:\/\/www.pressenza.com\/fr\/#\/schema\/logo\/image\/"},"sameAs":["https:\/\/www.facebook.com\/PressenzaItalia","https:\/\/x.com\/PressenzaIPA"]},{"@type":"Person","@id":"https:\/\/www.pressenza.com\/fr\/#\/schema\/person\/3c9fe6670cc2cffbd37562f87b98e869","name":"R\u00e9daction France","description":"News published by the Pressenza bureau in France","sameAs":["http:\/\/www.pressenza.com\/fr"],"url":"https:\/\/www.pressenza.com\/fr\/author\/redactionfrance\/"}]}},"place":"","original_article_url":"","_links":{"self":[{"href":"https:\/\/www.pressenza.com\/fr\/wp-json\/wp\/v2\/posts\/79072","targetHints":{"allow":["GET"]}}],"collection":[{"href":"https:\/\/www.pressenza.com\/fr\/wp-json\/wp\/v2\/posts"}],"about":[{"href":"https:\/\/www.pressenza.com\/fr\/wp-json\/wp\/v2\/types\/post"}],"author":[{"embeddable":true,"href":"https:\/\/www.pressenza.com\/fr\/wp-json\/wp\/v2\/users\/926"}],"replies":[{"embeddable":true,"href":"https:\/\/www.pressenza.com\/fr\/wp-json\/wp\/v2\/comments?post=79072"}],"version-history":[{"count":0,"href":"https:\/\/www.pressenza.com\/fr\/wp-json\/wp\/v2\/posts\/79072\/revisions"}],"wp:featuredmedia":[{"embeddable":true,"href":"https:\/\/www.pressenza.com\/fr\/wp-json\/wp\/v2\/media\/79077"}],"wp:attachment":[{"href":"https:\/\/www.pressenza.com\/fr\/wp-json\/wp\/v2\/media?parent=79072"}],"wp:term":[{"taxonomy":"category","embeddable":true,"href":"https:\/\/www.pressenza.com\/fr\/wp-json\/wp\/v2\/categories?post=79072"},{"taxonomy":"post_tag","embeddable":true,"href":"https:\/\/www.pressenza.com\/fr\/wp-json\/wp\/v2\/tags?post=79072"}],"curies":[{"name":"wp","href":"https:\/\/api.w.org\/{rel}","templated":true}]}}