{"id":789556,"date":"2019-01-16T01:52:57","date_gmt":"2019-01-16T01:52:57","guid":{"rendered":"https:\/\/www.pressenza.com\/?p=789556"},"modified":"2019-01-16T02:44:04","modified_gmt":"2019-01-16T02:44:04","slug":"evo-morales-denonce-la-condamnation-injuste-de-milagro-sala","status":"publish","type":"post","link":"https:\/\/www.pressenza.com\/fr\/2019\/01\/evo-morales-denonce-la-condamnation-injuste-de-milagro-sala\/","title":{"rendered":"Evo Morales d\u00e9nonce la \u00ab\u00a0condamnation injuste\u00a0\u00bb de Milagro Sala"},"content":{"rendered":"<p>Parmi les nombreuses voix qui se sont \u00e9lev\u00e9es au niveau international aujourd&rsquo;hui, quand la condamnation de Milagro Sala dans l&rsquo;affaire \u00ab\u00a0Pibe Villeros\u00a0\u00bb a \u00e9t\u00e9 rendue publique, il y a celle d&rsquo;Evo Morales, Pr\u00e9sident de la Bolivie, qui dans un tweet de son compte personnel dit :<\/p>\n<p><em>Notre solidarit\u00e9 avec Milagro Sala, injustement condamn\u00e9e \u00e0 13 ans de prison pour avoir lutt\u00e9 pour une vie meilleure pour les pauvres et les indig\u00e8nes de son pays. Nous esp\u00e9rons que cette situation s&rsquo;inversera et vous souhaitons beaucoup de force en ces temps difficiles.<\/em><\/p>\n<p>Evo Morales avait d\u00e9j\u00e0 \u00e9t\u00e9 proche de la cause du leader de la Tupac Amaru avec qui il partage la ligne g\u00e9n\u00e9rale de revendication des Abya Yala, c&rsquo;est-\u00e0-dire le nom que certains peuples indig\u00e8nes ont donn\u00e9 et donnent \u00e0 l&rsquo;Am\u00e9rique dans le sens de r\u00e9cup\u00e9rer et de faire vivre les traditions des peuples originaux.<\/p>\n","protected":false},"excerpt":{"rendered":"<p>Parmi les nombreuses voix qui se sont \u00e9lev\u00e9es au niveau international aujourd&rsquo;hui, quand la condamnation de Milagro Sala dans l&rsquo;affaire \u00ab\u00a0Pibe Villeros\u00a0\u00bb a \u00e9t\u00e9 rendue publique, il y a celle d&rsquo;Evo Morales, Pr\u00e9sident de la Bolivie, qui dans un tweet&hellip;<\/p>\n","protected":false},"author":594,"featured_media":789180,"comment_status":"closed","ping_status":"closed","sticky":false,"template":"","format":"standard","meta":{"footnotes":""},"categories":[86,11386,98,40,99],"tags":[1180,1534,1535,27500,35625],"class_list":["post-789556","post","type-post","status-publish","format-standard","has-post-thumbnail","hentry","category-amerique-du-sud","category-contenu-original","category-droits-de-lhomme","category-international-fr","category-peuples-autochtones","tag-argentine","tag-bolivie","tag-evo-morales-fr","tag-milagro-sala-fr","tag-tupac-amaru-fr"],"yoast_head":"<!-- This site is optimized with the Yoast SEO plugin v27.1.1 - https:\/\/yoast.com\/product\/yoast-seo-wordpress\/ -->\n<title>Evo Morales d\u00e9nonce la &quot;condamnation injuste&quot; de Milagro Sala<\/title>\n<meta name=\"description\" content=\"Parmi les nombreuses voix qui se sont \u00e9lev\u00e9es au niveau international aujourd&#039;hui, quand la condamnation de Milagro Sala dans l&#039;affaire &quot;Pibe Villeros&quot; a\" \/>\n<meta name=\"robots\" content=\"index, follow, max-snippet:-1, max-image-preview:large, max-video-preview:-1\" \/>\n<link rel=\"canonical\" href=\"https:\/\/www.pressenza.com\/fr\/2019\/01\/evo-morales-denonce-la-condamnation-injuste-de-milagro-sala\/\" \/>\n<meta property=\"og:locale\" content=\"fr_FR\" \/>\n<meta property=\"og:type\" content=\"article\" \/>\n<meta property=\"og:title\" content=\"Evo Morales d\u00e9nonce la &quot;condamnation injuste&quot; de Milagro Sala\" \/>\n<meta property=\"og:description\" content=\"Parmi les nombreuses voix qui se sont \u00e9lev\u00e9es au niveau international aujourd&#039;hui, quand la condamnation de Milagro Sala dans l&#039;affaire &quot;Pibe Villeros&quot; a\" \/>\n<meta property=\"og:url\" content=\"https:\/\/www.pressenza.com\/fr\/2019\/01\/evo-morales-denonce-la-condamnation-injuste-de-milagro-sala\/\" \/>\n<meta property=\"og:site_name\" content=\"Pressenza\" \/>\n<meta property=\"article:publisher\" content=\"https:\/\/www.facebook.com\/PressenzaItalia\" \/>\n<meta property=\"article:author\" content=\"https:\/\/www.facebook.com\/PressenzaItalia\" \/>\n<meta property=\"article:published_time\" content=\"2019-01-16T01:52:57+00:00\" \/>\n<meta property=\"article:modified_time\" content=\"2019-01-16T02:44:04+00:00\" \/>\n<meta property=\"og:image\" content=\"https:\/\/www.pressenza.com\/wp-content\/uploads\/2019\/01\/evo-morales.jpg\" \/>\n\t<meta property=\"og:image:width\" content=\"937\" \/>\n\t<meta property=\"og:image:height\" content=\"528\" \/>\n\t<meta property=\"og:image:type\" content=\"image\/jpeg\" \/>\n<meta name=\"author\" content=\"Redazione Italia\" \/>\n<meta name=\"twitter:card\" content=\"summary_large_image\" \/>\n<meta name=\"twitter:creator\" content=\"@pressenza_it\" \/>\n<meta name=\"twitter:site\" content=\"@PressenzaIPA\" \/>\n<meta name=\"twitter:label1\" content=\"\u00c9crit par\" \/>\n\t<meta name=\"twitter:data1\" content=\"Redazione Italia\" \/>\n\t<meta name=\"twitter:label2\" content=\"Dur\u00e9e de lecture estim\u00e9e\" \/>\n\t<meta name=\"twitter:data2\" content=\"1 minute\" \/>\n<script type=\"application\/ld+json\" class=\"yoast-schema-graph\">{\"@context\":\"https:\/\/schema.org\",\"@graph\":[{\"@type\":\"Article\",\"@id\":\"https:\/\/www.pressenza.com\/fr\/2019\/01\/evo-morales-denonce-la-condamnation-injuste-de-milagro-sala\/#article\",\"isPartOf\":{\"@id\":\"https:\/\/www.pressenza.com\/fr\/2019\/01\/evo-morales-denonce-la-condamnation-injuste-de-milagro-sala\/\"},\"author\":{\"name\":\"Redazione Italia\",\"@id\":\"https:\/\/www.pressenza.com\/fr\/#\/schema\/person\/d983e81827ae24f2c7b1a2123d197f8d\"},\"headline\":\"Evo Morales d\u00e9nonce la \u00ab\u00a0condamnation injuste\u00a0\u00bb de Milagro Sala\",\"datePublished\":\"2019-01-16T01:52:57+00:00\",\"dateModified\":\"2019-01-16T02:44:04+00:00\",\"mainEntityOfPage\":{\"@id\":\"https:\/\/www.pressenza.com\/fr\/2019\/01\/evo-morales-denonce-la-condamnation-injuste-de-milagro-sala\/\"},\"wordCount\":169,\"publisher\":{\"@id\":\"https:\/\/www.pressenza.com\/fr\/#organization\"},\"image\":{\"@id\":\"https:\/\/www.pressenza.com\/fr\/2019\/01\/evo-morales-denonce-la-condamnation-injuste-de-milagro-sala\/#primaryimage\"},\"thumbnailUrl\":\"https:\/\/www.pressenza.com\/wp-content\/uploads\/2019\/01\/evo-morales.jpg\",\"keywords\":[\"Argentine\",\"Bolivie\",\"Evo Morales\",\"Milagro Sala\",\"Tupac Amaru\"],\"articleSection\":[\"Am\u00e9rique du Sud\",\"Contenu Original\",\"Droits humains\",\"International\",\"Peuples originaires\"],\"inLanguage\":\"fr-FR\"},{\"@type\":\"WebPage\",\"@id\":\"https:\/\/www.pressenza.com\/fr\/2019\/01\/evo-morales-denonce-la-condamnation-injuste-de-milagro-sala\/\",\"url\":\"https:\/\/www.pressenza.com\/fr\/2019\/01\/evo-morales-denonce-la-condamnation-injuste-de-milagro-sala\/\",\"name\":\"Evo Morales d\u00e9nonce la \\\"condamnation injuste\\\" de Milagro Sala\",\"isPartOf\":{\"@id\":\"https:\/\/www.pressenza.com\/fr\/#website\"},\"primaryImageOfPage\":{\"@id\":\"https:\/\/www.pressenza.com\/fr\/2019\/01\/evo-morales-denonce-la-condamnation-injuste-de-milagro-sala\/#primaryimage\"},\"image\":{\"@id\":\"https:\/\/www.pressenza.com\/fr\/2019\/01\/evo-morales-denonce-la-condamnation-injuste-de-milagro-sala\/#primaryimage\"},\"thumbnailUrl\":\"https:\/\/www.pressenza.com\/wp-content\/uploads\/2019\/01\/evo-morales.jpg\",\"datePublished\":\"2019-01-16T01:52:57+00:00\",\"dateModified\":\"2019-01-16T02:44:04+00:00\",\"description\":\"Parmi les nombreuses voix qui se sont \u00e9lev\u00e9es au niveau international aujourd'hui, quand la condamnation de Milagro Sala dans l'affaire \\\"Pibe Villeros\\\" a\",\"breadcrumb\":{\"@id\":\"https:\/\/www.pressenza.com\/fr\/2019\/01\/evo-morales-denonce-la-condamnation-injuste-de-milagro-sala\/#breadcrumb\"},\"inLanguage\":\"fr-FR\",\"potentialAction\":[{\"@type\":\"ReadAction\",\"target\":[\"https:\/\/www.pressenza.com\/fr\/2019\/01\/evo-morales-denonce-la-condamnation-injuste-de-milagro-sala\/\"]}]},{\"@type\":\"ImageObject\",\"inLanguage\":\"fr-FR\",\"@id\":\"https:\/\/www.pressenza.com\/fr\/2019\/01\/evo-morales-denonce-la-condamnation-injuste-de-milagro-sala\/#primaryimage\",\"url\":\"https:\/\/www.pressenza.com\/wp-content\/uploads\/2019\/01\/evo-morales.jpg\",\"contentUrl\":\"https:\/\/www.pressenza.com\/wp-content\/uploads\/2019\/01\/evo-morales.jpg\",\"width\":937,\"height\":528},{\"@type\":\"BreadcrumbList\",\"@id\":\"https:\/\/www.pressenza.com\/fr\/2019\/01\/evo-morales-denonce-la-condamnation-injuste-de-milagro-sala\/#breadcrumb\",\"itemListElement\":[{\"@type\":\"ListItem\",\"position\":1,\"name\":\"Accueil\",\"item\":\"https:\/\/www.pressenza.com\/fr\/\"},{\"@type\":\"ListItem\",\"position\":2,\"name\":\"Evo Morales d\u00e9nonce la \u00ab\u00a0condamnation injuste\u00a0\u00bb de Milagro Sala\"}]},{\"@type\":\"WebSite\",\"@id\":\"https:\/\/www.pressenza.com\/fr\/#website\",\"url\":\"https:\/\/www.pressenza.com\/fr\/\",\"name\":\"Pressenza\",\"description\":\"International Press Agency\",\"publisher\":{\"@id\":\"https:\/\/www.pressenza.com\/fr\/#organization\"},\"potentialAction\":[{\"@type\":\"SearchAction\",\"target\":{\"@type\":\"EntryPoint\",\"urlTemplate\":\"https:\/\/www.pressenza.com\/fr\/?s={search_term_string}\"},\"query-input\":{\"@type\":\"PropertyValueSpecification\",\"valueRequired\":true,\"valueName\":\"search_term_string\"}}],\"inLanguage\":\"fr-FR\"},{\"@type\":\"Organization\",\"@id\":\"https:\/\/www.pressenza.com\/fr\/#organization\",\"name\":\"Pressenza\",\"url\":\"https:\/\/www.pressenza.com\/fr\/\",\"logo\":{\"@type\":\"ImageObject\",\"inLanguage\":\"fr-FR\",\"@id\":\"https:\/\/www.pressenza.com\/fr\/#\/schema\/logo\/image\/\",\"url\":\"https:\/\/www.pressenza.com\/wp-content\/uploads\/2022\/10\/pressenza_logo_200x200.jpg\",\"contentUrl\":\"https:\/\/www.pressenza.com\/wp-content\/uploads\/2022\/10\/pressenza_logo_200x200.jpg\",\"width\":200,\"height\":200,\"caption\":\"Pressenza\"},\"image\":{\"@id\":\"https:\/\/www.pressenza.com\/fr\/#\/schema\/logo\/image\/\"},\"sameAs\":[\"https:\/\/www.facebook.com\/PressenzaItalia\",\"https:\/\/x.com\/PressenzaIPA\"]},{\"@type\":\"Person\",\"@id\":\"https:\/\/www.pressenza.com\/fr\/#\/schema\/person\/d983e81827ae24f2c7b1a2123d197f8d\",\"name\":\"Redazione Italia\",\"description\":\"News from the Pressenza Bureau in Italy\",\"sameAs\":[\"https:\/\/www.pressenza.com\/it\/author\/redazione-italia\/\",\"https:\/\/www.facebook.com\/PressenzaItalia\",\"https:\/\/www.instagram.com\/pressenza_italia\/\",\"https:\/\/x.com\/pressenza_it\",\"https:\/\/www.youtube.com\/channel\/UCSalEIWjE1RSxkwjfftFuqg\"],\"url\":\"https:\/\/www.pressenza.com\/fr\/author\/redazione-italia\/\"}]}<\/script>\n<!-- \/ Yoast SEO plugin. -->","yoast_head_json":{"title":"Evo Morales d\u00e9nonce la \"condamnation injuste\" de Milagro Sala","description":"Parmi les nombreuses voix qui se sont \u00e9lev\u00e9es au niveau international aujourd'hui, quand la condamnation de Milagro Sala dans l'affaire \"Pibe Villeros\" a","robots":{"index":"index","follow":"follow","max-snippet":"max-snippet:-1","max-image-preview":"max-image-preview:large","max-video-preview":"max-video-preview:-1"},"canonical":"https:\/\/www.pressenza.com\/fr\/2019\/01\/evo-morales-denonce-la-condamnation-injuste-de-milagro-sala\/","og_locale":"fr_FR","og_type":"article","og_title":"Evo Morales d\u00e9nonce la \"condamnation injuste\" de Milagro Sala","og_description":"Parmi les nombreuses voix qui se sont \u00e9lev\u00e9es au niveau international aujourd'hui, quand la condamnation de Milagro Sala dans l'affaire \"Pibe Villeros\" a","og_url":"https:\/\/www.pressenza.com\/fr\/2019\/01\/evo-morales-denonce-la-condamnation-injuste-de-milagro-sala\/","og_site_name":"Pressenza","article_publisher":"https:\/\/www.facebook.com\/PressenzaItalia","article_author":"https:\/\/www.facebook.com\/PressenzaItalia","article_published_time":"2019-01-16T01:52:57+00:00","article_modified_time":"2019-01-16T02:44:04+00:00","og_image":[{"width":937,"height":528,"url":"https:\/\/www.pressenza.com\/wp-content\/uploads\/2019\/01\/evo-morales.jpg","type":"image\/jpeg"}],"author":"Redazione Italia","twitter_card":"summary_large_image","twitter_creator":"@pressenza_it","twitter_site":"@PressenzaIPA","twitter_misc":{"\u00c9crit par":"Redazione Italia","Dur\u00e9e de lecture estim\u00e9e":"1 minute"},"schema":{"@context":"https:\/\/schema.org","@graph":[{"@type":"Article","@id":"https:\/\/www.pressenza.com\/fr\/2019\/01\/evo-morales-denonce-la-condamnation-injuste-de-milagro-sala\/#article","isPartOf":{"@id":"https:\/\/www.pressenza.com\/fr\/2019\/01\/evo-morales-denonce-la-condamnation-injuste-de-milagro-sala\/"},"author":{"name":"Redazione Italia","@id":"https:\/\/www.pressenza.com\/fr\/#\/schema\/person\/d983e81827ae24f2c7b1a2123d197f8d"},"headline":"Evo Morales d\u00e9nonce la \u00ab\u00a0condamnation injuste\u00a0\u00bb de Milagro Sala","datePublished":"2019-01-16T01:52:57+00:00","dateModified":"2019-01-16T02:44:04+00:00","mainEntityOfPage":{"@id":"https:\/\/www.pressenza.com\/fr\/2019\/01\/evo-morales-denonce-la-condamnation-injuste-de-milagro-sala\/"},"wordCount":169,"publisher":{"@id":"https:\/\/www.pressenza.com\/fr\/#organization"},"image":{"@id":"https:\/\/www.pressenza.com\/fr\/2019\/01\/evo-morales-denonce-la-condamnation-injuste-de-milagro-sala\/#primaryimage"},"thumbnailUrl":"https:\/\/www.pressenza.com\/wp-content\/uploads\/2019\/01\/evo-morales.jpg","keywords":["Argentine","Bolivie","Evo Morales","Milagro Sala","Tupac Amaru"],"articleSection":["Am\u00e9rique du Sud","Contenu Original","Droits humains","International","Peuples originaires"],"inLanguage":"fr-FR"},{"@type":"WebPage","@id":"https:\/\/www.pressenza.com\/fr\/2019\/01\/evo-morales-denonce-la-condamnation-injuste-de-milagro-sala\/","url":"https:\/\/www.pressenza.com\/fr\/2019\/01\/evo-morales-denonce-la-condamnation-injuste-de-milagro-sala\/","name":"Evo Morales d\u00e9nonce la \"condamnation injuste\" de Milagro Sala","isPartOf":{"@id":"https:\/\/www.pressenza.com\/fr\/#website"},"primaryImageOfPage":{"@id":"https:\/\/www.pressenza.com\/fr\/2019\/01\/evo-morales-denonce-la-condamnation-injuste-de-milagro-sala\/#primaryimage"},"image":{"@id":"https:\/\/www.pressenza.com\/fr\/2019\/01\/evo-morales-denonce-la-condamnation-injuste-de-milagro-sala\/#primaryimage"},"thumbnailUrl":"https:\/\/www.pressenza.com\/wp-content\/uploads\/2019\/01\/evo-morales.jpg","datePublished":"2019-01-16T01:52:57+00:00","dateModified":"2019-01-16T02:44:04+00:00","description":"Parmi les nombreuses voix qui se sont \u00e9lev\u00e9es au niveau international aujourd'hui, quand la condamnation de Milagro Sala dans l'affaire \"Pibe Villeros\" a","breadcrumb":{"@id":"https:\/\/www.pressenza.com\/fr\/2019\/01\/evo-morales-denonce-la-condamnation-injuste-de-milagro-sala\/#breadcrumb"},"inLanguage":"fr-FR","potentialAction":[{"@type":"ReadAction","target":["https:\/\/www.pressenza.com\/fr\/2019\/01\/evo-morales-denonce-la-condamnation-injuste-de-milagro-sala\/"]}]},{"@type":"ImageObject","inLanguage":"fr-FR","@id":"https:\/\/www.pressenza.com\/fr\/2019\/01\/evo-morales-denonce-la-condamnation-injuste-de-milagro-sala\/#primaryimage","url":"https:\/\/www.pressenza.com\/wp-content\/uploads\/2019\/01\/evo-morales.jpg","contentUrl":"https:\/\/www.pressenza.com\/wp-content\/uploads\/2019\/01\/evo-morales.jpg","width":937,"height":528},{"@type":"BreadcrumbList","@id":"https:\/\/www.pressenza.com\/fr\/2019\/01\/evo-morales-denonce-la-condamnation-injuste-de-milagro-sala\/#breadcrumb","itemListElement":[{"@type":"ListItem","position":1,"name":"Accueil","item":"https:\/\/www.pressenza.com\/fr\/"},{"@type":"ListItem","position":2,"name":"Evo Morales d\u00e9nonce la \u00ab\u00a0condamnation injuste\u00a0\u00bb de Milagro Sala"}]},{"@type":"WebSite","@id":"https:\/\/www.pressenza.com\/fr\/#website","url":"https:\/\/www.pressenza.com\/fr\/","name":"Pressenza","description":"International Press Agency","publisher":{"@id":"https:\/\/www.pressenza.com\/fr\/#organization"},"potentialAction":[{"@type":"SearchAction","target":{"@type":"EntryPoint","urlTemplate":"https:\/\/www.pressenza.com\/fr\/?s={search_term_string}"},"query-input":{"@type":"PropertyValueSpecification","valueRequired":true,"valueName":"search_term_string"}}],"inLanguage":"fr-FR"},{"@type":"Organization","@id":"https:\/\/www.pressenza.com\/fr\/#organization","name":"Pressenza","url":"https:\/\/www.pressenza.com\/fr\/","logo":{"@type":"ImageObject","inLanguage":"fr-FR","@id":"https:\/\/www.pressenza.com\/fr\/#\/schema\/logo\/image\/","url":"https:\/\/www.pressenza.com\/wp-content\/uploads\/2022\/10\/pressenza_logo_200x200.jpg","contentUrl":"https:\/\/www.pressenza.com\/wp-content\/uploads\/2022\/10\/pressenza_logo_200x200.jpg","width":200,"height":200,"caption":"Pressenza"},"image":{"@id":"https:\/\/www.pressenza.com\/fr\/#\/schema\/logo\/image\/"},"sameAs":["https:\/\/www.facebook.com\/PressenzaItalia","https:\/\/x.com\/PressenzaIPA"]},{"@type":"Person","@id":"https:\/\/www.pressenza.com\/fr\/#\/schema\/person\/d983e81827ae24f2c7b1a2123d197f8d","name":"Redazione Italia","description":"News from the Pressenza Bureau in Italy","sameAs":["https:\/\/www.pressenza.com\/it\/author\/redazione-italia\/","https:\/\/www.facebook.com\/PressenzaItalia","https:\/\/www.instagram.com\/pressenza_italia\/","https:\/\/x.com\/pressenza_it","https:\/\/www.youtube.com\/channel\/UCSalEIWjE1RSxkwjfftFuqg"],"url":"https:\/\/www.pressenza.com\/fr\/author\/redazione-italia\/"}]}},"place":"","original_article_url":"","_links":{"self":[{"href":"https:\/\/www.pressenza.com\/fr\/wp-json\/wp\/v2\/posts\/789556","targetHints":{"allow":["GET"]}}],"collection":[{"href":"https:\/\/www.pressenza.com\/fr\/wp-json\/wp\/v2\/posts"}],"about":[{"href":"https:\/\/www.pressenza.com\/fr\/wp-json\/wp\/v2\/types\/post"}],"author":[{"embeddable":true,"href":"https:\/\/www.pressenza.com\/fr\/wp-json\/wp\/v2\/users\/594"}],"replies":[{"embeddable":true,"href":"https:\/\/www.pressenza.com\/fr\/wp-json\/wp\/v2\/comments?post=789556"}],"version-history":[{"count":0,"href":"https:\/\/www.pressenza.com\/fr\/wp-json\/wp\/v2\/posts\/789556\/revisions"}],"wp:featuredmedia":[{"embeddable":true,"href":"https:\/\/www.pressenza.com\/fr\/wp-json\/wp\/v2\/media\/789180"}],"wp:attachment":[{"href":"https:\/\/www.pressenza.com\/fr\/wp-json\/wp\/v2\/media?parent=789556"}],"wp:term":[{"taxonomy":"category","embeddable":true,"href":"https:\/\/www.pressenza.com\/fr\/wp-json\/wp\/v2\/categories?post=789556"},{"taxonomy":"post_tag","embeddable":true,"href":"https:\/\/www.pressenza.com\/fr\/wp-json\/wp\/v2\/tags?post=789556"}],"curies":[{"name":"wp","href":"https:\/\/api.w.org\/{rel}","templated":true}]}}