{"id":783003,"date":"2019-01-01T19:40:20","date_gmt":"2019-01-01T19:40:20","guid":{"rendered":"https:\/\/www.pressenza.com\/?p=783003"},"modified":"2019-01-01T19:40:20","modified_gmt":"2019-01-01T19:40:20","slug":"serbie-manifestations-de-masse-contre-le-president-vucic-a-belgrade","status":"publish","type":"post","link":"https:\/\/www.pressenza.com\/fr\/2019\/01\/serbie-manifestations-de-masse-contre-le-president-vucic-a-belgrade\/","title":{"rendered":"Serbie : manifestations de masse contre le pr\u00e9sident Vucic \u00e0 Belgrade"},"content":{"rendered":"<p><em>Pour la quatri\u00e8me semaine cons\u00e9cutive, des milliers de manifestants se sont rassembl\u00e9s \u00e0 Belgrade pour protester contre la mani\u00e8re dont l&rsquo;actuel pr\u00e9sident serbe exerce ses pouvoirs, ses influences et ses politiques.<\/em><\/p>\n<p>Des milliers de personnes sont descendues dans la rue pour protester contre le gouvernement et son dirigeant de facto, le pr\u00e9sident du pays, Aleksandar Vucic.<\/p>\n<p>Le mouvement d&rsquo;opposition, appel\u00e9 \u00ab\u00a0Protester contre la dictature\u00a0\u00bb, appelle \u00e0 une r\u00e9forme \u00e9lectorale et \u00e0 la libert\u00e9 des m\u00e9dias, il s&rsquo;oppose au gouvernement de plus en plus autoritaire.<\/p>\n<p>\u00ab Je soutiens ces personnes, mon peuple, mon pays, contre la dictature et la violence perp\u00e9tr\u00e9es par ce gouvernement \u00bb, a d\u00e9clar\u00e9 l&rsquo;un des manifestants, Daliber Kocic.<\/p>\n<p>\u00ab Tout est faux. Les m\u00e9dias n&rsquo;ont aucune libert\u00e9, il n&rsquo;y a pas de libert\u00e9 pour les journalistes \u00bb, a d\u00e9clar\u00e9 une manifestante, Natasa Vranic.<\/p>\n<p>Les manifestations ont d\u00e9clench\u00e9 un attaque fort, sous la forme d&rsquo;opposition politique, en Serbie depuis fin novembre. L&rsquo;opposition a ensuite \u00e9volu\u00e9 vers un appel plus large : pour mettre fin \u00e0 la violence politique, pour la libert\u00e9 des m\u00e9dias, et pour tenir des \u00e9lections libres et \u00e9quitables.<\/p>\n<p>Il y a une semaine, le 22.12.2018, on estimait qu&rsquo;entre 35 \u00e0 40000 personnes \u00e9taient descendues dans la rue. Cette fois, leur nombre est pass\u00e9 \u00e0 50000, selon les m\u00e9dias locaux.<\/p>\n<p>Le pr\u00e9sident Vucic a ni\u00e9 toutes les accusations qui l&rsquo;impliquaient dans un attaque contre l&rsquo;homme politique qui \u00e9tait \u00e0 l&rsquo;origine des manifestations.\u00a0Il a \u00e9galement d\u00e9clar\u00e9 qu&rsquo;il \u00e9tait pr\u00eat \u00e0 se rendre aux urnes, et que m\u00eame si 5 millions de personnes manifestaient, il ne r\u00e9pondrait pas aux demandes du mouvement de contestation et de l&rsquo;opposition.<\/p>\n<p>La Serbie compte sept millions d&rsquo;habitants.<\/p>\n<p><a href=\"https:\/\/twitter.com\/i\/status\/1079108338133147648\">https:\/\/twitter.com\/i\/status\/1079108338133147648<\/a><\/p>\n<p>\u00ab Depuis un mois, des milliers de personnes descendent dans les rues pour des manifestations hebdomadaires.\u00a0La question qui reste ouverte est de savoir si le mouvement d&rsquo;opposition peut conserver son potentiel et, surtout, si le gouvernement et le pr\u00e9sident Aleksandar Vucic seront forc\u00e9s \u00e0 un moment donn\u00e9 d&rsquo;\u00e9couter et de r\u00e9agir \u00e0 l&rsquo;appel au changement.\u00a0\u00bb informe depuis Belgrade, le correspondant d&rsquo;Euronews, J\u00fcrgen Samso.<\/p>\n<p>&nbsp;<\/p>\n<p>Source :\u00a0<a href=\"http:\/\/3pointmagazine.gr\/%CF%83%CE%B5%CF%81%CE%B2%CE%AF%CE%B1-%CE%BC%CE%B1%CE%B6%CE%B9%CE%BA%CE%AD%CF%82-%CE%B4%CE%B9%CE%B1%CE%B4%CE%B7%CE%BB%CF%8E%CF%83%CE%B5%CE%B9%CF%82-%CE%BA%CE%B1%CF%84%CE%AC-%CF%84%CE%BF%CF%85-%CF%80\/\" target=\"_blank\" rel=\"noopener\">3pointmagazine.gr<\/a><\/p>\n","protected":false},"excerpt":{"rendered":"<p>Pour la quatri\u00e8me semaine cons\u00e9cutive, des milliers de manifestants se sont rassembl\u00e9s \u00e0 Belgrade pour protester contre la mani\u00e8re dont l&rsquo;actuel pr\u00e9sident serbe exerce ses pouvoirs, ses influences et ses politiques. Des milliers de personnes sont descendues dans la rue&hellip;<\/p>\n","protected":false},"author":1220,"featured_media":782481,"comment_status":"closed","ping_status":"closed","sticky":false,"template":"","format":"standard","meta":{"footnotes":""},"categories":[98,85,93],"tags":[4683,2871,53288,604,53289,764,53290,53287],"class_list":["post-783003","post","type-post","status-publish","format-standard","has-post-thumbnail","hentry","category-droits-de-lhomme","category-europe-fr","category-politique","tag-belgrade","tag-journalistes","tag-libertes","tag-manifestations","tag-pouvoirs","tag-presse","tag-serbie","tag-vosic"],"yoast_head":"<!-- This site is optimized with the Yoast SEO plugin v27.1.1 - https:\/\/yoast.com\/product\/yoast-seo-wordpress\/ -->\n<title>Serbie : manifestations de masse contre le pr\u00e9sident Vucic \u00e0 Belgrade<\/title>\n<meta name=\"description\" content=\"Pour la quatri\u00e8me semaine cons\u00e9cutive, des milliers de manifestants se sont rassembl\u00e9s \u00e0 Belgrade pour protester contre la mani\u00e8re dont l&#039;actuel pr\u00e9sident\" \/>\n<meta name=\"robots\" content=\"index, follow, max-snippet:-1, max-image-preview:large, max-video-preview:-1\" \/>\n<link rel=\"canonical\" href=\"https:\/\/www.pressenza.com\/fr\/2019\/01\/serbie-manifestations-de-masse-contre-le-president-vucic-a-belgrade\/\" \/>\n<meta property=\"og:locale\" content=\"fr_FR\" \/>\n<meta property=\"og:type\" content=\"article\" \/>\n<meta property=\"og:title\" content=\"Serbie : manifestations de masse contre le pr\u00e9sident Vucic \u00e0 Belgrade\" \/>\n<meta property=\"og:description\" content=\"Pour la quatri\u00e8me semaine cons\u00e9cutive, des milliers de manifestants se sont rassembl\u00e9s \u00e0 Belgrade pour protester contre la mani\u00e8re dont l&#039;actuel pr\u00e9sident\" \/>\n<meta property=\"og:url\" content=\"https:\/\/www.pressenza.com\/fr\/2019\/01\/serbie-manifestations-de-masse-contre-le-president-vucic-a-belgrade\/\" \/>\n<meta property=\"og:site_name\" content=\"Pressenza\" \/>\n<meta property=\"article:publisher\" content=\"https:\/\/www.facebook.com\/PressenzaItalia\" \/>\n<meta property=\"article:author\" content=\"https:\/\/www.facebook.com\/pressenzagr\/\" \/>\n<meta property=\"article:published_time\" content=\"2019-01-01T19:40:20+00:00\" \/>\n<meta property=\"og:image\" content=\"https:\/\/www.pressenza.com\/wp-content\/uploads\/2018\/12\/Dvm_N1RWoAATHrl.jpg\" \/>\n\t<meta property=\"og:image:width\" content=\"1024\" \/>\n\t<meta property=\"og:image:height\" content=\"767\" \/>\n\t<meta property=\"og:image:type\" content=\"image\/jpeg\" \/>\n<meta name=\"author\" content=\"Pressenza Athens\" \/>\n<meta name=\"twitter:card\" content=\"summary_large_image\" \/>\n<meta name=\"twitter:creator\" content=\"@Pressenza_ath\" \/>\n<meta name=\"twitter:site\" content=\"@PressenzaIPA\" \/>\n<meta name=\"twitter:label1\" content=\"\u00c9crit par\" \/>\n\t<meta name=\"twitter:data1\" content=\"Pressenza Athens\" \/>\n\t<meta name=\"twitter:label2\" content=\"Dur\u00e9e de lecture estim\u00e9e\" \/>\n\t<meta name=\"twitter:data2\" content=\"2 minutes\" \/>\n<script type=\"application\/ld+json\" class=\"yoast-schema-graph\">{\"@context\":\"https:\/\/schema.org\",\"@graph\":[{\"@type\":\"Article\",\"@id\":\"https:\/\/www.pressenza.com\/fr\/2019\/01\/serbie-manifestations-de-masse-contre-le-president-vucic-a-belgrade\/#article\",\"isPartOf\":{\"@id\":\"https:\/\/www.pressenza.com\/fr\/2019\/01\/serbie-manifestations-de-masse-contre-le-president-vucic-a-belgrade\/\"},\"author\":{\"name\":\"Pressenza Athens\",\"@id\":\"https:\/\/www.pressenza.com\/fr\/#\/schema\/person\/9eae8d7f0aad5ec6a7f6f21ec94480fb\"},\"headline\":\"Serbie : manifestations de masse contre le pr\u00e9sident Vucic \u00e0 Belgrade\",\"datePublished\":\"2019-01-01T19:40:20+00:00\",\"mainEntityOfPage\":{\"@id\":\"https:\/\/www.pressenza.com\/fr\/2019\/01\/serbie-manifestations-de-masse-contre-le-president-vucic-a-belgrade\/\"},\"wordCount\":384,\"publisher\":{\"@id\":\"https:\/\/www.pressenza.com\/fr\/#organization\"},\"image\":{\"@id\":\"https:\/\/www.pressenza.com\/fr\/2019\/01\/serbie-manifestations-de-masse-contre-le-president-vucic-a-belgrade\/#primaryimage\"},\"thumbnailUrl\":\"https:\/\/www.pressenza.com\/wp-content\/uploads\/2018\/12\/Dvm_N1RWoAATHrl.jpg\",\"keywords\":[\"Belgrade\",\"journalistes\",\"libert\u00e9s\",\"Manifestations\",\"pouvoirs\",\"Presse\",\"Serbie\",\"Vosic\"],\"articleSection\":[\"Droits humains\",\"Europe\",\"Politique\"],\"inLanguage\":\"fr-FR\"},{\"@type\":\"WebPage\",\"@id\":\"https:\/\/www.pressenza.com\/fr\/2019\/01\/serbie-manifestations-de-masse-contre-le-president-vucic-a-belgrade\/\",\"url\":\"https:\/\/www.pressenza.com\/fr\/2019\/01\/serbie-manifestations-de-masse-contre-le-president-vucic-a-belgrade\/\",\"name\":\"Serbie : manifestations de masse contre le pr\u00e9sident Vucic \u00e0 Belgrade\",\"isPartOf\":{\"@id\":\"https:\/\/www.pressenza.com\/fr\/#website\"},\"primaryImageOfPage\":{\"@id\":\"https:\/\/www.pressenza.com\/fr\/2019\/01\/serbie-manifestations-de-masse-contre-le-president-vucic-a-belgrade\/#primaryimage\"},\"image\":{\"@id\":\"https:\/\/www.pressenza.com\/fr\/2019\/01\/serbie-manifestations-de-masse-contre-le-president-vucic-a-belgrade\/#primaryimage\"},\"thumbnailUrl\":\"https:\/\/www.pressenza.com\/wp-content\/uploads\/2018\/12\/Dvm_N1RWoAATHrl.jpg\",\"datePublished\":\"2019-01-01T19:40:20+00:00\",\"description\":\"Pour la quatri\u00e8me semaine cons\u00e9cutive, des milliers de manifestants se sont rassembl\u00e9s \u00e0 Belgrade pour protester contre la mani\u00e8re dont l'actuel pr\u00e9sident\",\"breadcrumb\":{\"@id\":\"https:\/\/www.pressenza.com\/fr\/2019\/01\/serbie-manifestations-de-masse-contre-le-president-vucic-a-belgrade\/#breadcrumb\"},\"inLanguage\":\"fr-FR\",\"potentialAction\":[{\"@type\":\"ReadAction\",\"target\":[\"https:\/\/www.pressenza.com\/fr\/2019\/01\/serbie-manifestations-de-masse-contre-le-president-vucic-a-belgrade\/\"]}]},{\"@type\":\"ImageObject\",\"inLanguage\":\"fr-FR\",\"@id\":\"https:\/\/www.pressenza.com\/fr\/2019\/01\/serbie-manifestations-de-masse-contre-le-president-vucic-a-belgrade\/#primaryimage\",\"url\":\"https:\/\/www.pressenza.com\/wp-content\/uploads\/2018\/12\/Dvm_N1RWoAATHrl.jpg\",\"contentUrl\":\"https:\/\/www.pressenza.com\/wp-content\/uploads\/2018\/12\/Dvm_N1RWoAATHrl.jpg\",\"width\":1024,\"height\":767},{\"@type\":\"BreadcrumbList\",\"@id\":\"https:\/\/www.pressenza.com\/fr\/2019\/01\/serbie-manifestations-de-masse-contre-le-president-vucic-a-belgrade\/#breadcrumb\",\"itemListElement\":[{\"@type\":\"ListItem\",\"position\":1,\"name\":\"Accueil\",\"item\":\"https:\/\/www.pressenza.com\/fr\/\"},{\"@type\":\"ListItem\",\"position\":2,\"name\":\"Serbie : manifestations de masse contre le pr\u00e9sident Vucic \u00e0 Belgrade\"}]},{\"@type\":\"WebSite\",\"@id\":\"https:\/\/www.pressenza.com\/fr\/#website\",\"url\":\"https:\/\/www.pressenza.com\/fr\/\",\"name\":\"Pressenza\",\"description\":\"International Press Agency\",\"publisher\":{\"@id\":\"https:\/\/www.pressenza.com\/fr\/#organization\"},\"potentialAction\":[{\"@type\":\"SearchAction\",\"target\":{\"@type\":\"EntryPoint\",\"urlTemplate\":\"https:\/\/www.pressenza.com\/fr\/?s={search_term_string}\"},\"query-input\":{\"@type\":\"PropertyValueSpecification\",\"valueRequired\":true,\"valueName\":\"search_term_string\"}}],\"inLanguage\":\"fr-FR\"},{\"@type\":\"Organization\",\"@id\":\"https:\/\/www.pressenza.com\/fr\/#organization\",\"name\":\"Pressenza\",\"url\":\"https:\/\/www.pressenza.com\/fr\/\",\"logo\":{\"@type\":\"ImageObject\",\"inLanguage\":\"fr-FR\",\"@id\":\"https:\/\/www.pressenza.com\/fr\/#\/schema\/logo\/image\/\",\"url\":\"https:\/\/www.pressenza.com\/wp-content\/uploads\/2022\/10\/pressenza_logo_200x200.jpg\",\"contentUrl\":\"https:\/\/www.pressenza.com\/wp-content\/uploads\/2022\/10\/pressenza_logo_200x200.jpg\",\"width\":200,\"height\":200,\"caption\":\"Pressenza\"},\"image\":{\"@id\":\"https:\/\/www.pressenza.com\/fr\/#\/schema\/logo\/image\/\"},\"sameAs\":[\"https:\/\/www.facebook.com\/PressenzaItalia\",\"https:\/\/x.com\/PressenzaIPA\"]},{\"@type\":\"Person\",\"@id\":\"https:\/\/www.pressenza.com\/fr\/#\/schema\/person\/9eae8d7f0aad5ec6a7f6f21ec94480fb\",\"name\":\"Pressenza Athens\",\"description\":\"News from the Pressenza Bureau in Athens, Greece\",\"sameAs\":[\"https:\/\/www.facebook.com\/pressenzagr\/\",\"https:\/\/x.com\/Pressenza_ath\"],\"url\":\"https:\/\/www.pressenza.com\/fr\/author\/pressenza-athens\/\"}]}<\/script>\n<!-- \/ Yoast SEO plugin. -->","yoast_head_json":{"title":"Serbie : manifestations de masse contre le pr\u00e9sident Vucic \u00e0 Belgrade","description":"Pour la quatri\u00e8me semaine cons\u00e9cutive, des milliers de manifestants se sont rassembl\u00e9s \u00e0 Belgrade pour protester contre la mani\u00e8re dont l'actuel pr\u00e9sident","robots":{"index":"index","follow":"follow","max-snippet":"max-snippet:-1","max-image-preview":"max-image-preview:large","max-video-preview":"max-video-preview:-1"},"canonical":"https:\/\/www.pressenza.com\/fr\/2019\/01\/serbie-manifestations-de-masse-contre-le-president-vucic-a-belgrade\/","og_locale":"fr_FR","og_type":"article","og_title":"Serbie : manifestations de masse contre le pr\u00e9sident Vucic \u00e0 Belgrade","og_description":"Pour la quatri\u00e8me semaine cons\u00e9cutive, des milliers de manifestants se sont rassembl\u00e9s \u00e0 Belgrade pour protester contre la mani\u00e8re dont l'actuel pr\u00e9sident","og_url":"https:\/\/www.pressenza.com\/fr\/2019\/01\/serbie-manifestations-de-masse-contre-le-president-vucic-a-belgrade\/","og_site_name":"Pressenza","article_publisher":"https:\/\/www.facebook.com\/PressenzaItalia","article_author":"https:\/\/www.facebook.com\/pressenzagr\/","article_published_time":"2019-01-01T19:40:20+00:00","og_image":[{"width":1024,"height":767,"url":"https:\/\/www.pressenza.com\/wp-content\/uploads\/2018\/12\/Dvm_N1RWoAATHrl.jpg","type":"image\/jpeg"}],"author":"Pressenza Athens","twitter_card":"summary_large_image","twitter_creator":"@Pressenza_ath","twitter_site":"@PressenzaIPA","twitter_misc":{"\u00c9crit par":"Pressenza Athens","Dur\u00e9e de lecture estim\u00e9e":"2 minutes"},"schema":{"@context":"https:\/\/schema.org","@graph":[{"@type":"Article","@id":"https:\/\/www.pressenza.com\/fr\/2019\/01\/serbie-manifestations-de-masse-contre-le-president-vucic-a-belgrade\/#article","isPartOf":{"@id":"https:\/\/www.pressenza.com\/fr\/2019\/01\/serbie-manifestations-de-masse-contre-le-president-vucic-a-belgrade\/"},"author":{"name":"Pressenza Athens","@id":"https:\/\/www.pressenza.com\/fr\/#\/schema\/person\/9eae8d7f0aad5ec6a7f6f21ec94480fb"},"headline":"Serbie : manifestations de masse contre le pr\u00e9sident Vucic \u00e0 Belgrade","datePublished":"2019-01-01T19:40:20+00:00","mainEntityOfPage":{"@id":"https:\/\/www.pressenza.com\/fr\/2019\/01\/serbie-manifestations-de-masse-contre-le-president-vucic-a-belgrade\/"},"wordCount":384,"publisher":{"@id":"https:\/\/www.pressenza.com\/fr\/#organization"},"image":{"@id":"https:\/\/www.pressenza.com\/fr\/2019\/01\/serbie-manifestations-de-masse-contre-le-president-vucic-a-belgrade\/#primaryimage"},"thumbnailUrl":"https:\/\/www.pressenza.com\/wp-content\/uploads\/2018\/12\/Dvm_N1RWoAATHrl.jpg","keywords":["Belgrade","journalistes","libert\u00e9s","Manifestations","pouvoirs","Presse","Serbie","Vosic"],"articleSection":["Droits humains","Europe","Politique"],"inLanguage":"fr-FR"},{"@type":"WebPage","@id":"https:\/\/www.pressenza.com\/fr\/2019\/01\/serbie-manifestations-de-masse-contre-le-president-vucic-a-belgrade\/","url":"https:\/\/www.pressenza.com\/fr\/2019\/01\/serbie-manifestations-de-masse-contre-le-president-vucic-a-belgrade\/","name":"Serbie : manifestations de masse contre le pr\u00e9sident Vucic \u00e0 Belgrade","isPartOf":{"@id":"https:\/\/www.pressenza.com\/fr\/#website"},"primaryImageOfPage":{"@id":"https:\/\/www.pressenza.com\/fr\/2019\/01\/serbie-manifestations-de-masse-contre-le-president-vucic-a-belgrade\/#primaryimage"},"image":{"@id":"https:\/\/www.pressenza.com\/fr\/2019\/01\/serbie-manifestations-de-masse-contre-le-president-vucic-a-belgrade\/#primaryimage"},"thumbnailUrl":"https:\/\/www.pressenza.com\/wp-content\/uploads\/2018\/12\/Dvm_N1RWoAATHrl.jpg","datePublished":"2019-01-01T19:40:20+00:00","description":"Pour la quatri\u00e8me semaine cons\u00e9cutive, des milliers de manifestants se sont rassembl\u00e9s \u00e0 Belgrade pour protester contre la mani\u00e8re dont l'actuel pr\u00e9sident","breadcrumb":{"@id":"https:\/\/www.pressenza.com\/fr\/2019\/01\/serbie-manifestations-de-masse-contre-le-president-vucic-a-belgrade\/#breadcrumb"},"inLanguage":"fr-FR","potentialAction":[{"@type":"ReadAction","target":["https:\/\/www.pressenza.com\/fr\/2019\/01\/serbie-manifestations-de-masse-contre-le-president-vucic-a-belgrade\/"]}]},{"@type":"ImageObject","inLanguage":"fr-FR","@id":"https:\/\/www.pressenza.com\/fr\/2019\/01\/serbie-manifestations-de-masse-contre-le-president-vucic-a-belgrade\/#primaryimage","url":"https:\/\/www.pressenza.com\/wp-content\/uploads\/2018\/12\/Dvm_N1RWoAATHrl.jpg","contentUrl":"https:\/\/www.pressenza.com\/wp-content\/uploads\/2018\/12\/Dvm_N1RWoAATHrl.jpg","width":1024,"height":767},{"@type":"BreadcrumbList","@id":"https:\/\/www.pressenza.com\/fr\/2019\/01\/serbie-manifestations-de-masse-contre-le-president-vucic-a-belgrade\/#breadcrumb","itemListElement":[{"@type":"ListItem","position":1,"name":"Accueil","item":"https:\/\/www.pressenza.com\/fr\/"},{"@type":"ListItem","position":2,"name":"Serbie : manifestations de masse contre le pr\u00e9sident Vucic \u00e0 Belgrade"}]},{"@type":"WebSite","@id":"https:\/\/www.pressenza.com\/fr\/#website","url":"https:\/\/www.pressenza.com\/fr\/","name":"Pressenza","description":"International Press Agency","publisher":{"@id":"https:\/\/www.pressenza.com\/fr\/#organization"},"potentialAction":[{"@type":"SearchAction","target":{"@type":"EntryPoint","urlTemplate":"https:\/\/www.pressenza.com\/fr\/?s={search_term_string}"},"query-input":{"@type":"PropertyValueSpecification","valueRequired":true,"valueName":"search_term_string"}}],"inLanguage":"fr-FR"},{"@type":"Organization","@id":"https:\/\/www.pressenza.com\/fr\/#organization","name":"Pressenza","url":"https:\/\/www.pressenza.com\/fr\/","logo":{"@type":"ImageObject","inLanguage":"fr-FR","@id":"https:\/\/www.pressenza.com\/fr\/#\/schema\/logo\/image\/","url":"https:\/\/www.pressenza.com\/wp-content\/uploads\/2022\/10\/pressenza_logo_200x200.jpg","contentUrl":"https:\/\/www.pressenza.com\/wp-content\/uploads\/2022\/10\/pressenza_logo_200x200.jpg","width":200,"height":200,"caption":"Pressenza"},"image":{"@id":"https:\/\/www.pressenza.com\/fr\/#\/schema\/logo\/image\/"},"sameAs":["https:\/\/www.facebook.com\/PressenzaItalia","https:\/\/x.com\/PressenzaIPA"]},{"@type":"Person","@id":"https:\/\/www.pressenza.com\/fr\/#\/schema\/person\/9eae8d7f0aad5ec6a7f6f21ec94480fb","name":"Pressenza Athens","description":"News from the Pressenza Bureau in Athens, Greece","sameAs":["https:\/\/www.facebook.com\/pressenzagr\/","https:\/\/x.com\/Pressenza_ath"],"url":"https:\/\/www.pressenza.com\/fr\/author\/pressenza-athens\/"}]}},"place":"","original_article_url":"","_links":{"self":[{"href":"https:\/\/www.pressenza.com\/fr\/wp-json\/wp\/v2\/posts\/783003","targetHints":{"allow":["GET"]}}],"collection":[{"href":"https:\/\/www.pressenza.com\/fr\/wp-json\/wp\/v2\/posts"}],"about":[{"href":"https:\/\/www.pressenza.com\/fr\/wp-json\/wp\/v2\/types\/post"}],"author":[{"embeddable":true,"href":"https:\/\/www.pressenza.com\/fr\/wp-json\/wp\/v2\/users\/1220"}],"replies":[{"embeddable":true,"href":"https:\/\/www.pressenza.com\/fr\/wp-json\/wp\/v2\/comments?post=783003"}],"version-history":[{"count":0,"href":"https:\/\/www.pressenza.com\/fr\/wp-json\/wp\/v2\/posts\/783003\/revisions"}],"wp:featuredmedia":[{"embeddable":true,"href":"https:\/\/www.pressenza.com\/fr\/wp-json\/wp\/v2\/media\/782481"}],"wp:attachment":[{"href":"https:\/\/www.pressenza.com\/fr\/wp-json\/wp\/v2\/media?parent=783003"}],"wp:term":[{"taxonomy":"category","embeddable":true,"href":"https:\/\/www.pressenza.com\/fr\/wp-json\/wp\/v2\/categories?post=783003"},{"taxonomy":"post_tag","embeddable":true,"href":"https:\/\/www.pressenza.com\/fr\/wp-json\/wp\/v2\/tags?post=783003"}],"curies":[{"name":"wp","href":"https:\/\/api.w.org\/{rel}","templated":true}]}}