{"id":78238,"date":"2013-11-24T11:01:36","date_gmt":"2013-11-24T11:01:36","guid":{"rendered":"http:\/\/www.pressenza.com\/?p=78238"},"modified":"2013-11-24T11:02:19","modified_gmt":"2013-11-24T11:02:19","slug":"vive-la-vie-vive-le-mais","status":"publish","type":"post","link":"https:\/\/www.pressenza.com\/fr\/2013\/11\/vive-la-vie-vive-le-mais\/","title":{"rendered":"\u00ab Vive la vie ! vive le ma\u00efs ! \u00bb"},"content":{"rendered":"<p><img loading=\"lazy\" decoding=\"async\" class=\"alignnone\" alt=\"\" src=\"http:\/\/www.pressenza.com\/wp-content\/uploads\/2013\/09\/IMG_56001-730x514-600x422.jpg\" width=\"600\" height=\"422\" \/><\/p>\n<p>Cr\u00e9dit photo :\u00a0Revoluci\u00f3n Trespuntocero<\/p>\n<p><b>Par <a href=\"https:\/\/twitter.com\/ARD3_0\">Alina Rosas Duarte<\/a><\/b><\/p>\n<p>\u00ab\u00a0<b>Semons de l\u2019espoir, faisons notre milpa <\/b>[1]<b>\u00a0\u00bb<\/b>, d\u00e9clara aujourd\u2019hui Carlos Ventura en comm\u00e9moration, pour la cinqui\u00e8me ann\u00e9e cons\u00e9cutive, de la <b>journ\u00e9e nationale du ma\u00efs<\/b>.<\/p>\n<p>Avec une grande t\u00eate multicolore de Quetzalc\u00f3atl faite de carton, des tiges de ma\u00efs, des cerfs-volants et des d\u00e9guisements en r\u00e9f\u00e9rence \u00e0 la plante, des dizaines de d\u00e9fenseurs de la culture du ma\u00efs et oppos\u00e9s aux entreprises qui manient des semences transg\u00e9niques se sont donn\u00e9 rendez-vous au Monument \u00e0 la M\u00e8re sur les avenues Insurgentes et Reforma afin de c\u00e9l\u00e9brer ce jour.<\/p>\n<p>Dans un communiqu\u00e9, plusieurs organisations sociales d\u00e9clar\u00e8rent qu\u2019avec \u00ab\u00a0la campagne nationale \u00ab\u00a0sin ma\u00edz no hay pa\u00eds\u00a0\u00bb [Pas de pays sans ma\u00efs] et le \u00ab\u00a0carnaval del ma\u00edz &#8211; hacemos milpa\u00a0\u00bb [Carnaval du ma\u00efs \u2013 faisons milpa], <b>nous appelons Mexico \u00e0 se mettre \u00e0 notre place, \u00e0 semer la paix et nous exigeons notre droit humain \u00e0 avoir une alimentation saine, adapt\u00e9e et de qualit\u00e9<\/b>\u00a0\u00bb.<\/p>\n<p>\u00ab\u00a0La campagne agonise, et non \u00e0 cause des agriculteurs et agricultrices, mais parce que les puissants les d\u00e9pouillent de leurs biens et de leurs possibilit\u00e9s de continuer \u00e0 semer leur terre et [les obligent] \u00e0 continuer \u00e0 migrer dans de mauvaises conditions\u00a0\u00bb, a signal\u00e9 le membre du Centre Fray Francisco de Vitoria.<\/p>\n<p>Ana Berenice de la Cruz a quant \u00e0 elle invit\u00e9 a \u00ab\u00a0<b>faire la milpa et laisser semer nos graines<\/b>\u00a0\u00bb.<\/p>\n<p>\u00ab\u00a0<b>En cette journ\u00e9e du ma\u00efs, nous nous opposons \u00e0 la semence de cultures transg\u00e9niques et, en particulier, \u00e0 celle du ma\u00efs transg\u00e9nique, quelle que soit leur forme<\/b>\u00a0\u00bb, a-t-elle d\u00e9clar\u00e9.<\/p>\n<p>De leur c\u00f4t\u00e9, des organisations mais \u00e9galement des paysans et producteurs du sud du District F\u00e9d\u00e9ral, plus particuli\u00e8rement de Xochimilco et Milpa Alta, prirent la parole.<\/p>\n<p><b>\u00ab\u00a0Maintenant que le c\u00e9l\u00e8bre PRI <\/b>[2]<b> revient, cela revient \u00e0 ressusciter tout les projets apport\u00e9s par Salinas de Gortari, d\u00e9sormais on donne toutes les terres aux entreprises internationales que sont en train de s\u2019accaparer nos terres, et qui s\u2019opposent depuis peu aux chinampas [3] de Xochimilco\u00a0\u00bb,<\/b> dit les larmes aux yeux Do\u00f1a Amelia, qui a cultiv\u00e9 du ma\u00efs dans las chinampas de Xochimilco depuis son plus jeune \u00e2ge.\u00a0 Aujourd\u2019hui, \u00e0 plus de 70 ans, elle continue \u00e0 d\u00e9fendre sa culture.<\/p>\n<p>Les organisations pr\u00e9sentes ont insist\u00e9 sur les intentions des entreprises transnationales du pays, \u00ab\u00a0elles veulent qu\u2019il disparaisse en tant qu\u2019aliment et se s\u00e8me uniquement pour l\u2019industrie comme bior\u00e9acteur afin de produire des plastiques, des combustibles et des m\u00e9dicaments\u00a0\u00bb, ont-elles d\u00e9nonc\u00e9.<\/p>\n<p>Loin de \u2018c\u00e9l\u00e9brer\u2019 comme le d\u00e9claraient les personnes pr\u00e9sentes, ils ont d\u00e9cid\u00e9 de partir vers le Monument \u00e0 la R\u00e9volution o\u00f9 davantage de d\u00e9fenseurs de la d\u00e9nomm\u00e9e \u00ab\u00a0plante fondatrice\u00a0\u00bb les attendaient afin de continuer \u00e0 communiquer sur la situation que traverse la culture du ma\u00efs dans le pays.<\/p>\n<p><b>Notes<\/b><\/p>\n<p>[1] Le Milpa est un syst\u00e8me d&rsquo;association de trois cultures : ma\u00efs, haricots et courges.<\/p>\n<p>[2] PRI, Parti R\u00e9volutionnaire Institutionnel.<\/p>\n<p>[3] surface cultivable cr\u00e9\u00e9e dans les zones lacustres.<\/p>\n<p>Traduction de l\u2019espagnol\u00a0: Marl\u00e8ne Lepoittevin<\/p>\n<p>&nbsp;<\/p>\n","protected":false},"excerpt":{"rendered":"<p>Cr\u00e9dit photo :\u00a0Revoluci\u00f3n Trespuntocero Par Alina Rosas Duarte \u00ab\u00a0Semons de l\u2019espoir, faisons notre milpa [1]\u00a0\u00bb, d\u00e9clara aujourd\u2019hui Carlos Ventura en comm\u00e9moration, pour la cinqui\u00e8me ann\u00e9e cons\u00e9cutive, de la journ\u00e9e nationale du ma\u00efs. Avec une grande t\u00eate multicolore de Quetzalc\u00f3atl faite&hellip;<\/p>\n","protected":false},"author":950,"featured_media":0,"comment_status":"closed","ping_status":"open","sticky":false,"template":"","format":"standard","meta":{"footnotes":""},"categories":[88,87,98,97,40,99,1245],"tags":[7946,7945,7944],"class_list":["post-78238","post","type-post","status-publish","format-standard","hentry","category-amerique-centrale","category-amerique-du-nord","category-droits-de-lhomme","category-environnement-et-ecologie","category-international-fr","category-peuples-autochtones","category-sante-sujet","tag-alimentation-saine","tag-journee-nationale-du-mais","tag-mais"],"yoast_head":"<!-- This site is optimized with the Yoast SEO plugin v27.1.1 - https:\/\/yoast.com\/product\/yoast-seo-wordpress\/ -->\n<title>\u00ab Vive la vie ! vive le ma\u00efs ! \u00bb<\/title>\n<meta name=\"description\" content=\"Cr\u00e9dit photo :\u00a0Revoluci\u00f3n Trespuntocero Par Alina Rosas Duarte \u00ab\u00a0Semons de l\u2019espoir, faisons notre milpa \u00a0\u00bb, d\u00e9clara aujourd\u2019hui Carlos Ventura en\" \/>\n<meta name=\"robots\" content=\"index, follow, max-snippet:-1, max-image-preview:large, max-video-preview:-1\" \/>\n<link rel=\"canonical\" href=\"https:\/\/www.pressenza.com\/fr\/2013\/11\/vive-la-vie-vive-le-mais\/\" \/>\n<meta property=\"og:locale\" content=\"fr_FR\" \/>\n<meta property=\"og:type\" content=\"article\" \/>\n<meta property=\"og:title\" content=\"\u00ab Vive la vie ! vive le ma\u00efs ! \u00bb\" \/>\n<meta property=\"og:description\" content=\"Cr\u00e9dit photo :\u00a0Revoluci\u00f3n Trespuntocero Par Alina Rosas Duarte \u00ab\u00a0Semons de l\u2019espoir, faisons notre milpa \u00a0\u00bb, d\u00e9clara aujourd\u2019hui Carlos Ventura en\" \/>\n<meta property=\"og:url\" content=\"https:\/\/www.pressenza.com\/fr\/2013\/11\/vive-la-vie-vive-le-mais\/\" \/>\n<meta property=\"og:site_name\" content=\"Pressenza\" \/>\n<meta property=\"article:publisher\" content=\"https:\/\/www.facebook.com\/PressenzaItalia\" \/>\n<meta property=\"article:published_time\" content=\"2013-11-24T11:01:36+00:00\" \/>\n<meta property=\"article:modified_time\" content=\"2013-11-24T11:02:19+00:00\" \/>\n<meta property=\"og:image\" content=\"http:\/\/www.pressenza.com\/wp-content\/uploads\/2013\/09\/IMG_56001-730x514-600x422.jpg\" \/>\n<meta name=\"author\" content=\"Revoluciontrespuntocero\" \/>\n<meta name=\"twitter:card\" content=\"summary_large_image\" \/>\n<meta name=\"twitter:creator\" content=\"@PressenzaIPA\" \/>\n<meta name=\"twitter:site\" content=\"@PressenzaIPA\" \/>\n<meta name=\"twitter:label1\" content=\"\u00c9crit par\" \/>\n\t<meta name=\"twitter:data1\" content=\"Revoluciontrespuntocero\" \/>\n\t<meta name=\"twitter:label2\" content=\"Dur\u00e9e de lecture estim\u00e9e\" \/>\n\t<meta name=\"twitter:data2\" content=\"3 minutes\" \/>\n<script type=\"application\/ld+json\" class=\"yoast-schema-graph\">{\"@context\":\"https:\/\/schema.org\",\"@graph\":[{\"@type\":\"Article\",\"@id\":\"https:\/\/www.pressenza.com\/fr\/2013\/11\/vive-la-vie-vive-le-mais\/#article\",\"isPartOf\":{\"@id\":\"https:\/\/www.pressenza.com\/fr\/2013\/11\/vive-la-vie-vive-le-mais\/\"},\"author\":{\"name\":\"Revoluciontrespuntocero\",\"@id\":\"https:\/\/www.pressenza.com\/fr\/#\/schema\/person\/e925cc98ff48be902dbcfe12b1735152\"},\"headline\":\"\u00ab Vive la vie ! vive le ma\u00efs ! \u00bb\",\"datePublished\":\"2013-11-24T11:01:36+00:00\",\"dateModified\":\"2013-11-24T11:02:19+00:00\",\"mainEntityOfPage\":{\"@id\":\"https:\/\/www.pressenza.com\/fr\/2013\/11\/vive-la-vie-vive-le-mais\/\"},\"wordCount\":546,\"publisher\":{\"@id\":\"https:\/\/www.pressenza.com\/fr\/#organization\"},\"image\":{\"@id\":\"https:\/\/www.pressenza.com\/fr\/2013\/11\/vive-la-vie-vive-le-mais\/#primaryimage\"},\"thumbnailUrl\":\"http:\/\/www.pressenza.com\/wp-content\/uploads\/2013\/09\/IMG_56001-730x514-600x422.jpg\",\"keywords\":[\"alimentation saine\",\"journ\u00e9e nationale du ma\u00efs\",\"ma\u00efs\"],\"articleSection\":[\"Am\u00e9rique centrale\",\"Am\u00e9rique du Nord\",\"Droits humains\",\"Ecologie et Environnement\",\"International\",\"Peuples originaires\",\"Sant\u00e9\"],\"inLanguage\":\"fr-FR\"},{\"@type\":\"WebPage\",\"@id\":\"https:\/\/www.pressenza.com\/fr\/2013\/11\/vive-la-vie-vive-le-mais\/\",\"url\":\"https:\/\/www.pressenza.com\/fr\/2013\/11\/vive-la-vie-vive-le-mais\/\",\"name\":\"\u00ab Vive la vie ! vive le ma\u00efs ! \u00bb\",\"isPartOf\":{\"@id\":\"https:\/\/www.pressenza.com\/fr\/#website\"},\"primaryImageOfPage\":{\"@id\":\"https:\/\/www.pressenza.com\/fr\/2013\/11\/vive-la-vie-vive-le-mais\/#primaryimage\"},\"image\":{\"@id\":\"https:\/\/www.pressenza.com\/fr\/2013\/11\/vive-la-vie-vive-le-mais\/#primaryimage\"},\"thumbnailUrl\":\"http:\/\/www.pressenza.com\/wp-content\/uploads\/2013\/09\/IMG_56001-730x514-600x422.jpg\",\"datePublished\":\"2013-11-24T11:01:36+00:00\",\"dateModified\":\"2013-11-24T11:02:19+00:00\",\"description\":\"Cr\u00e9dit photo :\u00a0Revoluci\u00f3n Trespuntocero Par Alina Rosas Duarte \u00ab\u00a0Semons de l\u2019espoir, faisons notre milpa \u00a0\u00bb, d\u00e9clara aujourd\u2019hui Carlos Ventura en\",\"breadcrumb\":{\"@id\":\"https:\/\/www.pressenza.com\/fr\/2013\/11\/vive-la-vie-vive-le-mais\/#breadcrumb\"},\"inLanguage\":\"fr-FR\",\"potentialAction\":[{\"@type\":\"ReadAction\",\"target\":[\"https:\/\/www.pressenza.com\/fr\/2013\/11\/vive-la-vie-vive-le-mais\/\"]}]},{\"@type\":\"ImageObject\",\"inLanguage\":\"fr-FR\",\"@id\":\"https:\/\/www.pressenza.com\/fr\/2013\/11\/vive-la-vie-vive-le-mais\/#primaryimage\",\"url\":\"http:\/\/www.pressenza.com\/wp-content\/uploads\/2013\/09\/IMG_56001-730x514-600x422.jpg\",\"contentUrl\":\"http:\/\/www.pressenza.com\/wp-content\/uploads\/2013\/09\/IMG_56001-730x514-600x422.jpg\"},{\"@type\":\"BreadcrumbList\",\"@id\":\"https:\/\/www.pressenza.com\/fr\/2013\/11\/vive-la-vie-vive-le-mais\/#breadcrumb\",\"itemListElement\":[{\"@type\":\"ListItem\",\"position\":1,\"name\":\"Accueil\",\"item\":\"https:\/\/www.pressenza.com\/fr\/\"},{\"@type\":\"ListItem\",\"position\":2,\"name\":\"\u00ab Vive la vie ! vive le ma\u00efs ! \u00bb\"}]},{\"@type\":\"WebSite\",\"@id\":\"https:\/\/www.pressenza.com\/fr\/#website\",\"url\":\"https:\/\/www.pressenza.com\/fr\/\",\"name\":\"Pressenza\",\"description\":\"International Press Agency\",\"publisher\":{\"@id\":\"https:\/\/www.pressenza.com\/fr\/#organization\"},\"potentialAction\":[{\"@type\":\"SearchAction\",\"target\":{\"@type\":\"EntryPoint\",\"urlTemplate\":\"https:\/\/www.pressenza.com\/fr\/?s={search_term_string}\"},\"query-input\":{\"@type\":\"PropertyValueSpecification\",\"valueRequired\":true,\"valueName\":\"search_term_string\"}}],\"inLanguage\":\"fr-FR\"},{\"@type\":\"Organization\",\"@id\":\"https:\/\/www.pressenza.com\/fr\/#organization\",\"name\":\"Pressenza\",\"url\":\"https:\/\/www.pressenza.com\/fr\/\",\"logo\":{\"@type\":\"ImageObject\",\"inLanguage\":\"fr-FR\",\"@id\":\"https:\/\/www.pressenza.com\/fr\/#\/schema\/logo\/image\/\",\"url\":\"https:\/\/www.pressenza.com\/wp-content\/uploads\/2022\/10\/pressenza_logo_200x200.jpg\",\"contentUrl\":\"https:\/\/www.pressenza.com\/wp-content\/uploads\/2022\/10\/pressenza_logo_200x200.jpg\",\"width\":200,\"height\":200,\"caption\":\"Pressenza\"},\"image\":{\"@id\":\"https:\/\/www.pressenza.com\/fr\/#\/schema\/logo\/image\/\"},\"sameAs\":[\"https:\/\/www.facebook.com\/PressenzaItalia\",\"https:\/\/x.com\/PressenzaIPA\"]},{\"@type\":\"Person\",\"@id\":\"https:\/\/www.pressenza.com\/fr\/#\/schema\/person\/e925cc98ff48be902dbcfe12b1735152\",\"name\":\"Revoluciontrespuntocero\",\"description\":\"Desde M\u00e9xico, un espacio abierto reconociendo la voz del ciudadano como un elemento significativo de la noticia\",\"sameAs\":[\"http:\/\/www.revoluciontrespuntocero.com\"],\"url\":\"https:\/\/www.pressenza.com\/fr\/author\/revoluciontrespuntocero\/\"}]}<\/script>\n<!-- \/ Yoast SEO plugin. -->","yoast_head_json":{"title":"\u00ab Vive la vie ! vive le ma\u00efs ! \u00bb","description":"Cr\u00e9dit photo :\u00a0Revoluci\u00f3n Trespuntocero Par Alina Rosas Duarte \u00ab\u00a0Semons de l\u2019espoir, faisons notre milpa \u00a0\u00bb, d\u00e9clara aujourd\u2019hui Carlos Ventura en","robots":{"index":"index","follow":"follow","max-snippet":"max-snippet:-1","max-image-preview":"max-image-preview:large","max-video-preview":"max-video-preview:-1"},"canonical":"https:\/\/www.pressenza.com\/fr\/2013\/11\/vive-la-vie-vive-le-mais\/","og_locale":"fr_FR","og_type":"article","og_title":"\u00ab Vive la vie ! vive le ma\u00efs ! \u00bb","og_description":"Cr\u00e9dit photo :\u00a0Revoluci\u00f3n Trespuntocero Par Alina Rosas Duarte \u00ab\u00a0Semons de l\u2019espoir, faisons notre milpa \u00a0\u00bb, d\u00e9clara aujourd\u2019hui Carlos Ventura en","og_url":"https:\/\/www.pressenza.com\/fr\/2013\/11\/vive-la-vie-vive-le-mais\/","og_site_name":"Pressenza","article_publisher":"https:\/\/www.facebook.com\/PressenzaItalia","article_published_time":"2013-11-24T11:01:36+00:00","article_modified_time":"2013-11-24T11:02:19+00:00","og_image":[{"url":"http:\/\/www.pressenza.com\/wp-content\/uploads\/2013\/09\/IMG_56001-730x514-600x422.jpg","type":"","width":"","height":""}],"author":"Revoluciontrespuntocero","twitter_card":"summary_large_image","twitter_creator":"@PressenzaIPA","twitter_site":"@PressenzaIPA","twitter_misc":{"\u00c9crit par":"Revoluciontrespuntocero","Dur\u00e9e de lecture estim\u00e9e":"3 minutes"},"schema":{"@context":"https:\/\/schema.org","@graph":[{"@type":"Article","@id":"https:\/\/www.pressenza.com\/fr\/2013\/11\/vive-la-vie-vive-le-mais\/#article","isPartOf":{"@id":"https:\/\/www.pressenza.com\/fr\/2013\/11\/vive-la-vie-vive-le-mais\/"},"author":{"name":"Revoluciontrespuntocero","@id":"https:\/\/www.pressenza.com\/fr\/#\/schema\/person\/e925cc98ff48be902dbcfe12b1735152"},"headline":"\u00ab Vive la vie ! vive le ma\u00efs ! \u00bb","datePublished":"2013-11-24T11:01:36+00:00","dateModified":"2013-11-24T11:02:19+00:00","mainEntityOfPage":{"@id":"https:\/\/www.pressenza.com\/fr\/2013\/11\/vive-la-vie-vive-le-mais\/"},"wordCount":546,"publisher":{"@id":"https:\/\/www.pressenza.com\/fr\/#organization"},"image":{"@id":"https:\/\/www.pressenza.com\/fr\/2013\/11\/vive-la-vie-vive-le-mais\/#primaryimage"},"thumbnailUrl":"http:\/\/www.pressenza.com\/wp-content\/uploads\/2013\/09\/IMG_56001-730x514-600x422.jpg","keywords":["alimentation saine","journ\u00e9e nationale du ma\u00efs","ma\u00efs"],"articleSection":["Am\u00e9rique centrale","Am\u00e9rique du Nord","Droits humains","Ecologie et Environnement","International","Peuples originaires","Sant\u00e9"],"inLanguage":"fr-FR"},{"@type":"WebPage","@id":"https:\/\/www.pressenza.com\/fr\/2013\/11\/vive-la-vie-vive-le-mais\/","url":"https:\/\/www.pressenza.com\/fr\/2013\/11\/vive-la-vie-vive-le-mais\/","name":"\u00ab Vive la vie ! vive le ma\u00efs ! \u00bb","isPartOf":{"@id":"https:\/\/www.pressenza.com\/fr\/#website"},"primaryImageOfPage":{"@id":"https:\/\/www.pressenza.com\/fr\/2013\/11\/vive-la-vie-vive-le-mais\/#primaryimage"},"image":{"@id":"https:\/\/www.pressenza.com\/fr\/2013\/11\/vive-la-vie-vive-le-mais\/#primaryimage"},"thumbnailUrl":"http:\/\/www.pressenza.com\/wp-content\/uploads\/2013\/09\/IMG_56001-730x514-600x422.jpg","datePublished":"2013-11-24T11:01:36+00:00","dateModified":"2013-11-24T11:02:19+00:00","description":"Cr\u00e9dit photo :\u00a0Revoluci\u00f3n Trespuntocero Par Alina Rosas Duarte \u00ab\u00a0Semons de l\u2019espoir, faisons notre milpa \u00a0\u00bb, d\u00e9clara aujourd\u2019hui Carlos Ventura en","breadcrumb":{"@id":"https:\/\/www.pressenza.com\/fr\/2013\/11\/vive-la-vie-vive-le-mais\/#breadcrumb"},"inLanguage":"fr-FR","potentialAction":[{"@type":"ReadAction","target":["https:\/\/www.pressenza.com\/fr\/2013\/11\/vive-la-vie-vive-le-mais\/"]}]},{"@type":"ImageObject","inLanguage":"fr-FR","@id":"https:\/\/www.pressenza.com\/fr\/2013\/11\/vive-la-vie-vive-le-mais\/#primaryimage","url":"http:\/\/www.pressenza.com\/wp-content\/uploads\/2013\/09\/IMG_56001-730x514-600x422.jpg","contentUrl":"http:\/\/www.pressenza.com\/wp-content\/uploads\/2013\/09\/IMG_56001-730x514-600x422.jpg"},{"@type":"BreadcrumbList","@id":"https:\/\/www.pressenza.com\/fr\/2013\/11\/vive-la-vie-vive-le-mais\/#breadcrumb","itemListElement":[{"@type":"ListItem","position":1,"name":"Accueil","item":"https:\/\/www.pressenza.com\/fr\/"},{"@type":"ListItem","position":2,"name":"\u00ab Vive la vie ! vive le ma\u00efs ! \u00bb"}]},{"@type":"WebSite","@id":"https:\/\/www.pressenza.com\/fr\/#website","url":"https:\/\/www.pressenza.com\/fr\/","name":"Pressenza","description":"International Press Agency","publisher":{"@id":"https:\/\/www.pressenza.com\/fr\/#organization"},"potentialAction":[{"@type":"SearchAction","target":{"@type":"EntryPoint","urlTemplate":"https:\/\/www.pressenza.com\/fr\/?s={search_term_string}"},"query-input":{"@type":"PropertyValueSpecification","valueRequired":true,"valueName":"search_term_string"}}],"inLanguage":"fr-FR"},{"@type":"Organization","@id":"https:\/\/www.pressenza.com\/fr\/#organization","name":"Pressenza","url":"https:\/\/www.pressenza.com\/fr\/","logo":{"@type":"ImageObject","inLanguage":"fr-FR","@id":"https:\/\/www.pressenza.com\/fr\/#\/schema\/logo\/image\/","url":"https:\/\/www.pressenza.com\/wp-content\/uploads\/2022\/10\/pressenza_logo_200x200.jpg","contentUrl":"https:\/\/www.pressenza.com\/wp-content\/uploads\/2022\/10\/pressenza_logo_200x200.jpg","width":200,"height":200,"caption":"Pressenza"},"image":{"@id":"https:\/\/www.pressenza.com\/fr\/#\/schema\/logo\/image\/"},"sameAs":["https:\/\/www.facebook.com\/PressenzaItalia","https:\/\/x.com\/PressenzaIPA"]},{"@type":"Person","@id":"https:\/\/www.pressenza.com\/fr\/#\/schema\/person\/e925cc98ff48be902dbcfe12b1735152","name":"Revoluciontrespuntocero","description":"Desde M\u00e9xico, un espacio abierto reconociendo la voz del ciudadano como un elemento significativo de la noticia","sameAs":["http:\/\/www.revoluciontrespuntocero.com"],"url":"https:\/\/www.pressenza.com\/fr\/author\/revoluciontrespuntocero\/"}]}},"place":"","original_article_url":"","_links":{"self":[{"href":"https:\/\/www.pressenza.com\/fr\/wp-json\/wp\/v2\/posts\/78238","targetHints":{"allow":["GET"]}}],"collection":[{"href":"https:\/\/www.pressenza.com\/fr\/wp-json\/wp\/v2\/posts"}],"about":[{"href":"https:\/\/www.pressenza.com\/fr\/wp-json\/wp\/v2\/types\/post"}],"author":[{"embeddable":true,"href":"https:\/\/www.pressenza.com\/fr\/wp-json\/wp\/v2\/users\/950"}],"replies":[{"embeddable":true,"href":"https:\/\/www.pressenza.com\/fr\/wp-json\/wp\/v2\/comments?post=78238"}],"version-history":[{"count":0,"href":"https:\/\/www.pressenza.com\/fr\/wp-json\/wp\/v2\/posts\/78238\/revisions"}],"wp:attachment":[{"href":"https:\/\/www.pressenza.com\/fr\/wp-json\/wp\/v2\/media?parent=78238"}],"wp:term":[{"taxonomy":"category","embeddable":true,"href":"https:\/\/www.pressenza.com\/fr\/wp-json\/wp\/v2\/categories?post=78238"},{"taxonomy":"post_tag","embeddable":true,"href":"https:\/\/www.pressenza.com\/fr\/wp-json\/wp\/v2\/tags?post=78238"}],"curies":[{"name":"wp","href":"https:\/\/api.w.org\/{rel}","templated":true}]}}