{"id":782374,"date":"2018-12-30T20:51:14","date_gmt":"2018-12-30T20:51:14","guid":{"rendered":"https:\/\/www.pressenza.com\/?p=782374"},"modified":"2018-12-30T20:51:14","modified_gmt":"2018-12-30T20:51:14","slug":"les-12-articles-les-plus-lus-en-langue-francaise-sur-pressenza-en-2018","status":"publish","type":"post","link":"https:\/\/www.pressenza.com\/fr\/2018\/12\/les-12-articles-les-plus-lus-en-langue-francaise-sur-pressenza-en-2018\/","title":{"rendered":"Les 12 articles les plus lus en langue fran\u00e7aise sur Pressenza en 2018"},"content":{"rendered":"<p>Voici les 12 articles en fran\u00e7ais les plus lus sur Pressenza francophone cette ann\u00e9e.<\/p>\n<p>Les lieux vont de la Catalogne au Br\u00e9sil, en passant par le Chili.\u00a0Le spectre des th\u00e8mes va de la nonviolence, l\u2019\u00e9ducation, la surveillance plan\u00e9taire jusqu\u2019au revenu de base et l\u2019\u00e9conomie circulaire, des th\u00e8mes locaux et universels\u00a0:<\/p>\n<p><a href=\"https:\/\/www.pressenza.com\/fr\/2018\/02\/lindependance-de-catalogne-boite-de-pandore-nouvelle-invention-democratique\/\">L\u2019ind\u00e9pendance de la Catalogne : bo\u00eete de Pandore ou nouvelle invention d\u00e9mocratique ?<\/a><\/p>\n<p><a href=\"https:\/\/www.pressenza.com\/fr\/2018\/02\/paris-rencontre-entre-jean-luc-melenchon-tomas-hirsch\/\">Paris : rencontre entre Jean-Luc M\u00e9lenchon et Tom\u00e1s Hirsch<\/a><\/p>\n<p><a href=\"https:\/\/www.pressenza.com\/fr\/2018\/10\/france-marseille-un-mur-de-la-honte-au-coeur-de-la-ville\/\">France\u00a0: Marseille, un mur de la honte au c\u0153ur de la ville<\/a><\/p>\n<p><a href=\"https:\/\/www.pressenza.com\/fr\/2018\/11\/etat-chilien-assassin-et-terroriste-une-personne-mapuche-abattu-en-araucanie\/\">\u00c9tat chilien assassin et terroriste : une personne Mapuche abattu en Araucanie. Rassemblement \u00e0 Paris<\/a><\/p>\n<p><a href=\"https:\/\/www.pressenza.com\/fr\/2018\/08\/__trashed-2\/\">Philippe Van Parijs\u00a0: \u00ab\u00a0La plus grande objection \u00e0 un revenu de base est d\u2019ordre moral\u00a0\u00bb<\/a><\/p>\n<p><a href=\"https:\/\/www.pressenza.com\/fr\/2018\/02\/snowden-lettre-ouverte-peuple-bresilien\/\">Snowden : Lettre ouverte au peuple br\u00e9silien<\/a><\/p>\n<p><a href=\"https:\/\/www.pressenza.com\/fr\/2018\/10\/la-verite-sur-le-venezuela-se-repand-dans-le-monde-entier\/\">La v\u00e9rit\u00e9 sur le Venezuela se r\u00e9pand dans le monde entier<\/a><\/p>\n<p><a href=\"https:\/\/www.pressenza.com\/fr\/2018\/06\/programme-scolaire-le-defi-non-violent-je-declare-que-je-suis-non-violent-2\/\">Programme scolaire le D\u00e9fi Non-violent : Je d\u00e9clare que je suis Nonviolent<\/a><\/p>\n<p><a href=\"https:\/\/www.pressenza.com\/fr\/2018\/03\/france-var-maison-enfants\/\">France-Var :\u00a0\u00ab\u00a0La Maison des Enfants\u00a0\u00bb<\/a><\/p>\n<p><a href=\"https:\/\/www.pressenza.com\/fr\/2018\/10\/elections-au-bresil-roger-waters-en-curitiba-ele-nao\/\">[\u00c9lections au Br\u00e9sil] Roger Waters \u00e0 Curitiba : \u00ab\u00a0Pas lui (Ele N\u00e3o)\u00a0\u00bb<\/a><\/p>\n<p><a href=\"https:\/\/www.pressenza.com\/fr\/2018\/06\/fashion-green-days-leconomie-circulaire-application-mode-durable\/\">Fashion Green Days, l\u2019\u00e9conomie circulaire et son application pour une mode durable<\/a><\/p>\n<p><a href=\"\/?p=689748\">Film \u00ab\u00a0\u00c0 bras ouverts\u00a0\u00bb ou le mythe de l\u2019authenticit\u00e9 rom ?<\/a><\/p>\n<p>&nbsp;<\/p>\n<p>L&rsquo;\u00e9quipe de Pressenza francophone souhaite \u00e0 tous les lecteurs une bonne ann\u00e9e 2019, int\u00e9ressante et nonviolente !<\/p>\n","protected":false},"excerpt":{"rendered":"<p>Voici les 12 articles en fran\u00e7ais les plus lus sur Pressenza francophone cette ann\u00e9e. Les lieux vont de la Catalogne au Br\u00e9sil, en passant par le Chili.\u00a0Le spectre des th\u00e8mes va de la nonviolence, l\u2019\u00e9ducation, la surveillance plan\u00e9taire jusqu\u2019au revenu&hellip;<\/p>\n","protected":false},"author":926,"featured_media":781427,"comment_status":"closed","ping_status":"closed","sticky":false,"template":"","format":"standard","meta":{"footnotes":""},"categories":[11386,94,85],"tags":[42743,34212,1211],"class_list":["post-782374","post","type-post","status-publish","format-standard","has-post-thumbnail","hentry","category-contenu-original","category-culture-fr","category-europe-fr","tag-42743","tag-articles-les-plus-lus","tag-pressenza-2"],"yoast_head":"<!-- This site is optimized with the Yoast SEO plugin v27.1.1 - https:\/\/yoast.com\/product\/yoast-seo-wordpress\/ -->\n<title>Les 12 articles les plus lus en langue fran\u00e7aise sur Pressenza en 2018<\/title>\n<meta name=\"description\" content=\"Voici les 12 articles en fran\u00e7ais les plus lus sur Pressenza francophone cette ann\u00e9e. Les lieux vont de la Catalogne au Br\u00e9sil, en passant par le\" \/>\n<meta name=\"robots\" content=\"index, follow, max-snippet:-1, max-image-preview:large, max-video-preview:-1\" \/>\n<link rel=\"canonical\" href=\"https:\/\/www.pressenza.com\/fr\/2018\/12\/les-12-articles-les-plus-lus-en-langue-francaise-sur-pressenza-en-2018\/\" \/>\n<meta property=\"og:locale\" content=\"fr_FR\" \/>\n<meta property=\"og:type\" content=\"article\" \/>\n<meta property=\"og:title\" content=\"Les 12 articles les plus lus en langue fran\u00e7aise sur Pressenza en 2018\" \/>\n<meta property=\"og:description\" content=\"Voici les 12 articles en fran\u00e7ais les plus lus sur Pressenza francophone cette ann\u00e9e. Les lieux vont de la Catalogne au Br\u00e9sil, en passant par le\" \/>\n<meta property=\"og:url\" content=\"https:\/\/www.pressenza.com\/fr\/2018\/12\/les-12-articles-les-plus-lus-en-langue-francaise-sur-pressenza-en-2018\/\" \/>\n<meta property=\"og:site_name\" content=\"Pressenza\" \/>\n<meta property=\"article:publisher\" content=\"https:\/\/www.facebook.com\/PressenzaItalia\" \/>\n<meta property=\"article:published_time\" content=\"2018-12-30T20:51:14+00:00\" \/>\n<meta property=\"og:image\" content=\"https:\/\/www.pressenza.com\/wp-content\/uploads\/2018\/12\/fireworks-574739_1280.jpg\" \/>\n\t<meta property=\"og:image:width\" content=\"750\" \/>\n\t<meta property=\"og:image:height\" content=\"469\" \/>\n\t<meta property=\"og:image:type\" content=\"image\/jpeg\" \/>\n<meta name=\"author\" content=\"R\u00e9daction France\" \/>\n<meta name=\"twitter:card\" content=\"summary_large_image\" \/>\n<meta name=\"twitter:creator\" content=\"@PressenzaIPA\" \/>\n<meta name=\"twitter:site\" content=\"@PressenzaIPA\" \/>\n<meta name=\"twitter:label1\" content=\"\u00c9crit par\" \/>\n\t<meta name=\"twitter:data1\" content=\"R\u00e9daction France\" \/>\n\t<meta name=\"twitter:label2\" content=\"Dur\u00e9e de lecture estim\u00e9e\" \/>\n\t<meta name=\"twitter:data2\" content=\"1 minute\" \/>\n<script type=\"application\/ld+json\" class=\"yoast-schema-graph\">{\"@context\":\"https:\/\/schema.org\",\"@graph\":[{\"@type\":\"Article\",\"@id\":\"https:\/\/www.pressenza.com\/fr\/2018\/12\/les-12-articles-les-plus-lus-en-langue-francaise-sur-pressenza-en-2018\/#article\",\"isPartOf\":{\"@id\":\"https:\/\/www.pressenza.com\/fr\/2018\/12\/les-12-articles-les-plus-lus-en-langue-francaise-sur-pressenza-en-2018\/\"},\"author\":{\"name\":\"R\u00e9daction France\",\"@id\":\"https:\/\/www.pressenza.com\/fr\/#\/schema\/person\/3c9fe6670cc2cffbd37562f87b98e869\"},\"headline\":\"Les 12 articles les plus lus en langue fran\u00e7aise sur Pressenza en 2018\",\"datePublished\":\"2018-12-30T20:51:14+00:00\",\"mainEntityOfPage\":{\"@id\":\"https:\/\/www.pressenza.com\/fr\/2018\/12\/les-12-articles-les-plus-lus-en-langue-francaise-sur-pressenza-en-2018\/\"},\"wordCount\":228,\"publisher\":{\"@id\":\"https:\/\/www.pressenza.com\/fr\/#organization\"},\"image\":{\"@id\":\"https:\/\/www.pressenza.com\/fr\/2018\/12\/les-12-articles-les-plus-lus-en-langue-francaise-sur-pressenza-en-2018\/#primaryimage\"},\"thumbnailUrl\":\"https:\/\/www.pressenza.com\/wp-content\/uploads\/2018\/12\/fireworks-574739_1280.jpg\",\"keywords\":[\"2018\",\"articles les plus lus\",\"Pressenza\"],\"articleSection\":[\"Contenu Original\",\"Culture et M\u00e9dias\",\"Europe\"],\"inLanguage\":\"fr-FR\"},{\"@type\":\"WebPage\",\"@id\":\"https:\/\/www.pressenza.com\/fr\/2018\/12\/les-12-articles-les-plus-lus-en-langue-francaise-sur-pressenza-en-2018\/\",\"url\":\"https:\/\/www.pressenza.com\/fr\/2018\/12\/les-12-articles-les-plus-lus-en-langue-francaise-sur-pressenza-en-2018\/\",\"name\":\"Les 12 articles les plus lus en langue fran\u00e7aise sur Pressenza en 2018\",\"isPartOf\":{\"@id\":\"https:\/\/www.pressenza.com\/fr\/#website\"},\"primaryImageOfPage\":{\"@id\":\"https:\/\/www.pressenza.com\/fr\/2018\/12\/les-12-articles-les-plus-lus-en-langue-francaise-sur-pressenza-en-2018\/#primaryimage\"},\"image\":{\"@id\":\"https:\/\/www.pressenza.com\/fr\/2018\/12\/les-12-articles-les-plus-lus-en-langue-francaise-sur-pressenza-en-2018\/#primaryimage\"},\"thumbnailUrl\":\"https:\/\/www.pressenza.com\/wp-content\/uploads\/2018\/12\/fireworks-574739_1280.jpg\",\"datePublished\":\"2018-12-30T20:51:14+00:00\",\"description\":\"Voici les 12 articles en fran\u00e7ais les plus lus sur Pressenza francophone cette ann\u00e9e. Les lieux vont de la Catalogne au Br\u00e9sil, en passant par le\",\"breadcrumb\":{\"@id\":\"https:\/\/www.pressenza.com\/fr\/2018\/12\/les-12-articles-les-plus-lus-en-langue-francaise-sur-pressenza-en-2018\/#breadcrumb\"},\"inLanguage\":\"fr-FR\",\"potentialAction\":[{\"@type\":\"ReadAction\",\"target\":[\"https:\/\/www.pressenza.com\/fr\/2018\/12\/les-12-articles-les-plus-lus-en-langue-francaise-sur-pressenza-en-2018\/\"]}]},{\"@type\":\"ImageObject\",\"inLanguage\":\"fr-FR\",\"@id\":\"https:\/\/www.pressenza.com\/fr\/2018\/12\/les-12-articles-les-plus-lus-en-langue-francaise-sur-pressenza-en-2018\/#primaryimage\",\"url\":\"https:\/\/www.pressenza.com\/wp-content\/uploads\/2018\/12\/fireworks-574739_1280.jpg\",\"contentUrl\":\"https:\/\/www.pressenza.com\/wp-content\/uploads\/2018\/12\/fireworks-574739_1280.jpg\",\"width\":750,\"height\":469},{\"@type\":\"BreadcrumbList\",\"@id\":\"https:\/\/www.pressenza.com\/fr\/2018\/12\/les-12-articles-les-plus-lus-en-langue-francaise-sur-pressenza-en-2018\/#breadcrumb\",\"itemListElement\":[{\"@type\":\"ListItem\",\"position\":1,\"name\":\"Accueil\",\"item\":\"https:\/\/www.pressenza.com\/fr\/\"},{\"@type\":\"ListItem\",\"position\":2,\"name\":\"Les 12 articles les plus lus en langue fran\u00e7aise sur Pressenza en 2018\"}]},{\"@type\":\"WebSite\",\"@id\":\"https:\/\/www.pressenza.com\/fr\/#website\",\"url\":\"https:\/\/www.pressenza.com\/fr\/\",\"name\":\"Pressenza\",\"description\":\"International Press Agency\",\"publisher\":{\"@id\":\"https:\/\/www.pressenza.com\/fr\/#organization\"},\"potentialAction\":[{\"@type\":\"SearchAction\",\"target\":{\"@type\":\"EntryPoint\",\"urlTemplate\":\"https:\/\/www.pressenza.com\/fr\/?s={search_term_string}\"},\"query-input\":{\"@type\":\"PropertyValueSpecification\",\"valueRequired\":true,\"valueName\":\"search_term_string\"}}],\"inLanguage\":\"fr-FR\"},{\"@type\":\"Organization\",\"@id\":\"https:\/\/www.pressenza.com\/fr\/#organization\",\"name\":\"Pressenza\",\"url\":\"https:\/\/www.pressenza.com\/fr\/\",\"logo\":{\"@type\":\"ImageObject\",\"inLanguage\":\"fr-FR\",\"@id\":\"https:\/\/www.pressenza.com\/fr\/#\/schema\/logo\/image\/\",\"url\":\"https:\/\/www.pressenza.com\/wp-content\/uploads\/2022\/10\/pressenza_logo_200x200.jpg\",\"contentUrl\":\"https:\/\/www.pressenza.com\/wp-content\/uploads\/2022\/10\/pressenza_logo_200x200.jpg\",\"width\":200,\"height\":200,\"caption\":\"Pressenza\"},\"image\":{\"@id\":\"https:\/\/www.pressenza.com\/fr\/#\/schema\/logo\/image\/\"},\"sameAs\":[\"https:\/\/www.facebook.com\/PressenzaItalia\",\"https:\/\/x.com\/PressenzaIPA\"]},{\"@type\":\"Person\",\"@id\":\"https:\/\/www.pressenza.com\/fr\/#\/schema\/person\/3c9fe6670cc2cffbd37562f87b98e869\",\"name\":\"R\u00e9daction France\",\"description\":\"News published by the Pressenza bureau in France\",\"sameAs\":[\"http:\/\/www.pressenza.com\/fr\"],\"url\":\"https:\/\/www.pressenza.com\/fr\/author\/redactionfrance\/\"}]}<\/script>\n<!-- \/ Yoast SEO plugin. -->","yoast_head_json":{"title":"Les 12 articles les plus lus en langue fran\u00e7aise sur Pressenza en 2018","description":"Voici les 12 articles en fran\u00e7ais les plus lus sur Pressenza francophone cette ann\u00e9e. Les lieux vont de la Catalogne au Br\u00e9sil, en passant par le","robots":{"index":"index","follow":"follow","max-snippet":"max-snippet:-1","max-image-preview":"max-image-preview:large","max-video-preview":"max-video-preview:-1"},"canonical":"https:\/\/www.pressenza.com\/fr\/2018\/12\/les-12-articles-les-plus-lus-en-langue-francaise-sur-pressenza-en-2018\/","og_locale":"fr_FR","og_type":"article","og_title":"Les 12 articles les plus lus en langue fran\u00e7aise sur Pressenza en 2018","og_description":"Voici les 12 articles en fran\u00e7ais les plus lus sur Pressenza francophone cette ann\u00e9e. Les lieux vont de la Catalogne au Br\u00e9sil, en passant par le","og_url":"https:\/\/www.pressenza.com\/fr\/2018\/12\/les-12-articles-les-plus-lus-en-langue-francaise-sur-pressenza-en-2018\/","og_site_name":"Pressenza","article_publisher":"https:\/\/www.facebook.com\/PressenzaItalia","article_published_time":"2018-12-30T20:51:14+00:00","og_image":[{"width":750,"height":469,"url":"https:\/\/www.pressenza.com\/wp-content\/uploads\/2018\/12\/fireworks-574739_1280.jpg","type":"image\/jpeg"}],"author":"R\u00e9daction France","twitter_card":"summary_large_image","twitter_creator":"@PressenzaIPA","twitter_site":"@PressenzaIPA","twitter_misc":{"\u00c9crit par":"R\u00e9daction France","Dur\u00e9e de lecture estim\u00e9e":"1 minute"},"schema":{"@context":"https:\/\/schema.org","@graph":[{"@type":"Article","@id":"https:\/\/www.pressenza.com\/fr\/2018\/12\/les-12-articles-les-plus-lus-en-langue-francaise-sur-pressenza-en-2018\/#article","isPartOf":{"@id":"https:\/\/www.pressenza.com\/fr\/2018\/12\/les-12-articles-les-plus-lus-en-langue-francaise-sur-pressenza-en-2018\/"},"author":{"name":"R\u00e9daction France","@id":"https:\/\/www.pressenza.com\/fr\/#\/schema\/person\/3c9fe6670cc2cffbd37562f87b98e869"},"headline":"Les 12 articles les plus lus en langue fran\u00e7aise sur Pressenza en 2018","datePublished":"2018-12-30T20:51:14+00:00","mainEntityOfPage":{"@id":"https:\/\/www.pressenza.com\/fr\/2018\/12\/les-12-articles-les-plus-lus-en-langue-francaise-sur-pressenza-en-2018\/"},"wordCount":228,"publisher":{"@id":"https:\/\/www.pressenza.com\/fr\/#organization"},"image":{"@id":"https:\/\/www.pressenza.com\/fr\/2018\/12\/les-12-articles-les-plus-lus-en-langue-francaise-sur-pressenza-en-2018\/#primaryimage"},"thumbnailUrl":"https:\/\/www.pressenza.com\/wp-content\/uploads\/2018\/12\/fireworks-574739_1280.jpg","keywords":["2018","articles les plus lus","Pressenza"],"articleSection":["Contenu Original","Culture et M\u00e9dias","Europe"],"inLanguage":"fr-FR"},{"@type":"WebPage","@id":"https:\/\/www.pressenza.com\/fr\/2018\/12\/les-12-articles-les-plus-lus-en-langue-francaise-sur-pressenza-en-2018\/","url":"https:\/\/www.pressenza.com\/fr\/2018\/12\/les-12-articles-les-plus-lus-en-langue-francaise-sur-pressenza-en-2018\/","name":"Les 12 articles les plus lus en langue fran\u00e7aise sur Pressenza en 2018","isPartOf":{"@id":"https:\/\/www.pressenza.com\/fr\/#website"},"primaryImageOfPage":{"@id":"https:\/\/www.pressenza.com\/fr\/2018\/12\/les-12-articles-les-plus-lus-en-langue-francaise-sur-pressenza-en-2018\/#primaryimage"},"image":{"@id":"https:\/\/www.pressenza.com\/fr\/2018\/12\/les-12-articles-les-plus-lus-en-langue-francaise-sur-pressenza-en-2018\/#primaryimage"},"thumbnailUrl":"https:\/\/www.pressenza.com\/wp-content\/uploads\/2018\/12\/fireworks-574739_1280.jpg","datePublished":"2018-12-30T20:51:14+00:00","description":"Voici les 12 articles en fran\u00e7ais les plus lus sur Pressenza francophone cette ann\u00e9e. Les lieux vont de la Catalogne au Br\u00e9sil, en passant par le","breadcrumb":{"@id":"https:\/\/www.pressenza.com\/fr\/2018\/12\/les-12-articles-les-plus-lus-en-langue-francaise-sur-pressenza-en-2018\/#breadcrumb"},"inLanguage":"fr-FR","potentialAction":[{"@type":"ReadAction","target":["https:\/\/www.pressenza.com\/fr\/2018\/12\/les-12-articles-les-plus-lus-en-langue-francaise-sur-pressenza-en-2018\/"]}]},{"@type":"ImageObject","inLanguage":"fr-FR","@id":"https:\/\/www.pressenza.com\/fr\/2018\/12\/les-12-articles-les-plus-lus-en-langue-francaise-sur-pressenza-en-2018\/#primaryimage","url":"https:\/\/www.pressenza.com\/wp-content\/uploads\/2018\/12\/fireworks-574739_1280.jpg","contentUrl":"https:\/\/www.pressenza.com\/wp-content\/uploads\/2018\/12\/fireworks-574739_1280.jpg","width":750,"height":469},{"@type":"BreadcrumbList","@id":"https:\/\/www.pressenza.com\/fr\/2018\/12\/les-12-articles-les-plus-lus-en-langue-francaise-sur-pressenza-en-2018\/#breadcrumb","itemListElement":[{"@type":"ListItem","position":1,"name":"Accueil","item":"https:\/\/www.pressenza.com\/fr\/"},{"@type":"ListItem","position":2,"name":"Les 12 articles les plus lus en langue fran\u00e7aise sur Pressenza en 2018"}]},{"@type":"WebSite","@id":"https:\/\/www.pressenza.com\/fr\/#website","url":"https:\/\/www.pressenza.com\/fr\/","name":"Pressenza","description":"International Press Agency","publisher":{"@id":"https:\/\/www.pressenza.com\/fr\/#organization"},"potentialAction":[{"@type":"SearchAction","target":{"@type":"EntryPoint","urlTemplate":"https:\/\/www.pressenza.com\/fr\/?s={search_term_string}"},"query-input":{"@type":"PropertyValueSpecification","valueRequired":true,"valueName":"search_term_string"}}],"inLanguage":"fr-FR"},{"@type":"Organization","@id":"https:\/\/www.pressenza.com\/fr\/#organization","name":"Pressenza","url":"https:\/\/www.pressenza.com\/fr\/","logo":{"@type":"ImageObject","inLanguage":"fr-FR","@id":"https:\/\/www.pressenza.com\/fr\/#\/schema\/logo\/image\/","url":"https:\/\/www.pressenza.com\/wp-content\/uploads\/2022\/10\/pressenza_logo_200x200.jpg","contentUrl":"https:\/\/www.pressenza.com\/wp-content\/uploads\/2022\/10\/pressenza_logo_200x200.jpg","width":200,"height":200,"caption":"Pressenza"},"image":{"@id":"https:\/\/www.pressenza.com\/fr\/#\/schema\/logo\/image\/"},"sameAs":["https:\/\/www.facebook.com\/PressenzaItalia","https:\/\/x.com\/PressenzaIPA"]},{"@type":"Person","@id":"https:\/\/www.pressenza.com\/fr\/#\/schema\/person\/3c9fe6670cc2cffbd37562f87b98e869","name":"R\u00e9daction France","description":"News published by the Pressenza bureau in France","sameAs":["http:\/\/www.pressenza.com\/fr"],"url":"https:\/\/www.pressenza.com\/fr\/author\/redactionfrance\/"}]}},"place":"France","original_article_url":"","_links":{"self":[{"href":"https:\/\/www.pressenza.com\/fr\/wp-json\/wp\/v2\/posts\/782374","targetHints":{"allow":["GET"]}}],"collection":[{"href":"https:\/\/www.pressenza.com\/fr\/wp-json\/wp\/v2\/posts"}],"about":[{"href":"https:\/\/www.pressenza.com\/fr\/wp-json\/wp\/v2\/types\/post"}],"author":[{"embeddable":true,"href":"https:\/\/www.pressenza.com\/fr\/wp-json\/wp\/v2\/users\/926"}],"replies":[{"embeddable":true,"href":"https:\/\/www.pressenza.com\/fr\/wp-json\/wp\/v2\/comments?post=782374"}],"version-history":[{"count":0,"href":"https:\/\/www.pressenza.com\/fr\/wp-json\/wp\/v2\/posts\/782374\/revisions"}],"wp:featuredmedia":[{"embeddable":true,"href":"https:\/\/www.pressenza.com\/fr\/wp-json\/wp\/v2\/media\/781427"}],"wp:attachment":[{"href":"https:\/\/www.pressenza.com\/fr\/wp-json\/wp\/v2\/media?parent=782374"}],"wp:term":[{"taxonomy":"category","embeddable":true,"href":"https:\/\/www.pressenza.com\/fr\/wp-json\/wp\/v2\/categories?post=782374"},{"taxonomy":"post_tag","embeddable":true,"href":"https:\/\/www.pressenza.com\/fr\/wp-json\/wp\/v2\/tags?post=782374"}],"curies":[{"name":"wp","href":"https:\/\/api.w.org\/{rel}","templated":true}]}}