{"id":781173,"date":"2018-12-28T23:52:39","date_gmt":"2018-12-28T23:52:39","guid":{"rendered":"https:\/\/www.pressenza.com\/?p=781173"},"modified":"2018-12-28T23:52:39","modified_gmt":"2018-12-28T23:52:39","slug":"la-palestine-presentera-une-sollicitude-pour-etre-membre-de-plein-droit-de-lonu","status":"publish","type":"post","link":"https:\/\/www.pressenza.com\/fr\/2018\/12\/la-palestine-presentera-une-sollicitude-pour-etre-membre-de-plein-droit-de-lonu\/","title":{"rendered":"La Palestine pr\u00e9sentera une sollicitude pour \u00eatre membre de plein droit de l\u00b4ONU"},"content":{"rendered":"<p>Le ministre des Affaires Ext\u00e9rieures et des Expatri\u00e9s, Riyad al-Malki, a annonc\u00e9 que la Palestine initiera une sollicitude pour devenir membre de plein droit devant les Nations Unies.<\/p>\n<p>Al-Malki a d\u00e9clar\u00e9 qu\u00b4il initiera cette demande, pour que la Palestine passe de son statut actuel d\u00b4\u00c9tat observateur \u00e0 celui de membre \u00e0 part enti\u00e8re de l\u00b4organisme international, lors de sa prochaine visite \u00e0 New-York, pr\u00e9vu pour la mi-janvier 2019.<\/p>\n<p>Le chancelier a programm\u00e9 d\u00b4effectuer cette visite pour assumer la place de la Palestine en tant que pr\u00e9sidente int\u00e9rimaire des pays en d\u00e9veloppement du Groupe 77 et de la Chine pour l\u00b4ann\u00e9e 2019.<\/p>\n<p>Pour \u00eatre assur\u00e9 de devenir membre de plein droit, les palestiniens ont besoin du soutien de 9 des 15 membres du Conseil de S\u00e9curit\u00e9 de l\u00b4ONU, si aucun de ses cinq membres permanents n\u00b4utilise son droit de v\u00e9to.<\/p>\n<p>Al-Malki abordera \u00e9galement la derni\u00e8re d\u00e9cision d\u00b4Isra\u00ebl d\u00b4acc\u00e9l\u00e9rer la construction ill\u00e9gale de colonies en Cisjordanie, ce apr\u00e8s une s\u00e9rie d\u00b4attaques mortelles qui ont tu\u00e9s quatre palestiniens et trois isra\u00e9liens.<\/p>\n<p>Puis, il a signal\u00e9 qu\u00b4il exigera que le Conseil de S\u00e9curit\u00e9 mette en \u0153uvre la R\u00e9solution 2334 de la Cour P\u00e9nale Internationale pour ouvrir une enqu\u00eate officielle au sujet de la construction de colonies.<\/p>\n<p>La R\u00e9solution 2334 exige au Secr\u00e9taire G\u00e9n\u00e9ral de l\u00b4ONU qu\u00b4il pr\u00e9sente tous les trois mois au Conseil de S\u00e9curit\u00e9 un rapport quant aux activit\u00e9s relatives aux colonies isra\u00e9liennes dans les territoires palestiniens occup\u00e9s.<\/p>\n","protected":false},"excerpt":{"rendered":"<p>Le ministre des Affaires Ext\u00e9rieures et des Expatri\u00e9s, Riyad al-Malki, a annonc\u00e9 que la Palestine initiera une sollicitude pour devenir membre de plein droit devant les Nations Unies. Al-Malki a d\u00e9clar\u00e9 qu\u00b4il initiera cette demande, pour que la Palestine passe&hellip;<\/p>\n","protected":false},"author":90,"featured_media":780806,"comment_status":"closed","ping_status":"closed","sticky":false,"template":"","format":"standard","meta":{"footnotes":""},"categories":[1250,90],"tags":[53187,651,53188,1506],"class_list":["post-781173","post","type-post","status-publish","format-standard","has-post-thumbnail","hentry","category-paix-desarmement","category-moyen-orient","tag-autorite-nationale-palestinienne","tag-nations-unies","tag-question-israelo-palestinienne","tag-territoires-occupes"],"yoast_head":"<!-- This site is optimized with the Yoast SEO plugin v27.1.1 - https:\/\/yoast.com\/product\/yoast-seo-wordpress\/ -->\n<title>La Palestine pr\u00e9sentera une sollicitude pour \u00eatre membre de plein droit de l\u00b4ONU<\/title>\n<meta name=\"description\" content=\"Le ministre des Affaires Ext\u00e9rieures et des Expatri\u00e9s, Riyad al-Malki, a annonc\u00e9 que la Palestine initiera une sollicitude pour devenir membre de plein\" \/>\n<meta name=\"robots\" content=\"index, follow, max-snippet:-1, max-image-preview:large, max-video-preview:-1\" \/>\n<link rel=\"canonical\" href=\"https:\/\/www.pressenza.com\/fr\/2018\/12\/la-palestine-presentera-une-sollicitude-pour-etre-membre-de-plein-droit-de-lonu\/\" \/>\n<meta property=\"og:locale\" content=\"fr_FR\" \/>\n<meta property=\"og:type\" content=\"article\" \/>\n<meta property=\"og:title\" content=\"La Palestine pr\u00e9sentera une sollicitude pour \u00eatre membre de plein droit de l\u00b4ONU\" \/>\n<meta property=\"og:description\" content=\"Le ministre des Affaires Ext\u00e9rieures et des Expatri\u00e9s, Riyad al-Malki, a annonc\u00e9 que la Palestine initiera une sollicitude pour devenir membre de plein\" \/>\n<meta property=\"og:url\" content=\"https:\/\/www.pressenza.com\/fr\/2018\/12\/la-palestine-presentera-une-sollicitude-pour-etre-membre-de-plein-droit-de-lonu\/\" \/>\n<meta property=\"og:site_name\" content=\"Pressenza\" \/>\n<meta property=\"article:publisher\" content=\"https:\/\/www.facebook.com\/PressenzaItalia\" \/>\n<meta property=\"article:author\" content=\"https:\/\/www.facebook.com\/AgenciaPrensaLatina\" \/>\n<meta property=\"article:published_time\" content=\"2018-12-28T23:52:39+00:00\" \/>\n<meta property=\"og:image\" content=\"https:\/\/www.pressenza.com\/wp-content\/uploads\/2018\/12\/Riyad-al-Malki.jpg\" \/>\n\t<meta property=\"og:image:width\" content=\"748\" \/>\n\t<meta property=\"og:image:height\" content=\"498\" \/>\n\t<meta property=\"og:image:type\" content=\"image\/jpeg\" \/>\n<meta name=\"author\" content=\"Prensa Latina\" \/>\n<meta name=\"twitter:card\" content=\"summary_large_image\" \/>\n<meta name=\"twitter:creator\" content=\"@prensalatina_cu\" \/>\n<meta name=\"twitter:site\" content=\"@PressenzaIPA\" \/>\n<meta name=\"twitter:label1\" content=\"\u00c9crit par\" \/>\n\t<meta name=\"twitter:data1\" content=\"Prensa Latina\" \/>\n\t<meta name=\"twitter:label2\" content=\"Dur\u00e9e de lecture estim\u00e9e\" \/>\n\t<meta name=\"twitter:data2\" content=\"1 minute\" \/>\n<script type=\"application\/ld+json\" class=\"yoast-schema-graph\">{\"@context\":\"https:\/\/schema.org\",\"@graph\":[{\"@type\":\"Article\",\"@id\":\"https:\/\/www.pressenza.com\/fr\/2018\/12\/la-palestine-presentera-une-sollicitude-pour-etre-membre-de-plein-droit-de-lonu\/#article\",\"isPartOf\":{\"@id\":\"https:\/\/www.pressenza.com\/fr\/2018\/12\/la-palestine-presentera-une-sollicitude-pour-etre-membre-de-plein-droit-de-lonu\/\"},\"author\":{\"name\":\"Prensa Latina\",\"@id\":\"https:\/\/www.pressenza.com\/fr\/#\/schema\/person\/e35c78ffa242d98f4f49ccb18c8631de\"},\"headline\":\"La Palestine pr\u00e9sentera une sollicitude pour \u00eatre membre de plein droit de l\u00b4ONU\",\"datePublished\":\"2018-12-28T23:52:39+00:00\",\"mainEntityOfPage\":{\"@id\":\"https:\/\/www.pressenza.com\/fr\/2018\/12\/la-palestine-presentera-une-sollicitude-pour-etre-membre-de-plein-droit-de-lonu\/\"},\"wordCount\":287,\"publisher\":{\"@id\":\"https:\/\/www.pressenza.com\/fr\/#organization\"},\"image\":{\"@id\":\"https:\/\/www.pressenza.com\/fr\/2018\/12\/la-palestine-presentera-une-sollicitude-pour-etre-membre-de-plein-droit-de-lonu\/#primaryimage\"},\"thumbnailUrl\":\"https:\/\/www.pressenza.com\/wp-content\/uploads\/2018\/12\/Riyad-al-Malki.jpg\",\"keywords\":[\"Autorit\u00e9 nationale palestinienne\",\"Nations Unies\",\"question isra\u00e9lo-palestinienne\",\"territoires occup\u00e9s\"],\"articleSection\":[\"Paix et D\u00e9sarmement\",\"Proche et Moyen-Orient\"],\"inLanguage\":\"fr-FR\"},{\"@type\":\"WebPage\",\"@id\":\"https:\/\/www.pressenza.com\/fr\/2018\/12\/la-palestine-presentera-une-sollicitude-pour-etre-membre-de-plein-droit-de-lonu\/\",\"url\":\"https:\/\/www.pressenza.com\/fr\/2018\/12\/la-palestine-presentera-une-sollicitude-pour-etre-membre-de-plein-droit-de-lonu\/\",\"name\":\"La Palestine pr\u00e9sentera une sollicitude pour \u00eatre membre de plein droit de l\u00b4ONU\",\"isPartOf\":{\"@id\":\"https:\/\/www.pressenza.com\/fr\/#website\"},\"primaryImageOfPage\":{\"@id\":\"https:\/\/www.pressenza.com\/fr\/2018\/12\/la-palestine-presentera-une-sollicitude-pour-etre-membre-de-plein-droit-de-lonu\/#primaryimage\"},\"image\":{\"@id\":\"https:\/\/www.pressenza.com\/fr\/2018\/12\/la-palestine-presentera-une-sollicitude-pour-etre-membre-de-plein-droit-de-lonu\/#primaryimage\"},\"thumbnailUrl\":\"https:\/\/www.pressenza.com\/wp-content\/uploads\/2018\/12\/Riyad-al-Malki.jpg\",\"datePublished\":\"2018-12-28T23:52:39+00:00\",\"description\":\"Le ministre des Affaires Ext\u00e9rieures et des Expatri\u00e9s, Riyad al-Malki, a annonc\u00e9 que la Palestine initiera une sollicitude pour devenir membre de plein\",\"breadcrumb\":{\"@id\":\"https:\/\/www.pressenza.com\/fr\/2018\/12\/la-palestine-presentera-une-sollicitude-pour-etre-membre-de-plein-droit-de-lonu\/#breadcrumb\"},\"inLanguage\":\"fr-FR\",\"potentialAction\":[{\"@type\":\"ReadAction\",\"target\":[\"https:\/\/www.pressenza.com\/fr\/2018\/12\/la-palestine-presentera-une-sollicitude-pour-etre-membre-de-plein-droit-de-lonu\/\"]}]},{\"@type\":\"ImageObject\",\"inLanguage\":\"fr-FR\",\"@id\":\"https:\/\/www.pressenza.com\/fr\/2018\/12\/la-palestine-presentera-une-sollicitude-pour-etre-membre-de-plein-droit-de-lonu\/#primaryimage\",\"url\":\"https:\/\/www.pressenza.com\/wp-content\/uploads\/2018\/12\/Riyad-al-Malki.jpg\",\"contentUrl\":\"https:\/\/www.pressenza.com\/wp-content\/uploads\/2018\/12\/Riyad-al-Malki.jpg\",\"width\":748,\"height\":498},{\"@type\":\"BreadcrumbList\",\"@id\":\"https:\/\/www.pressenza.com\/fr\/2018\/12\/la-palestine-presentera-une-sollicitude-pour-etre-membre-de-plein-droit-de-lonu\/#breadcrumb\",\"itemListElement\":[{\"@type\":\"ListItem\",\"position\":1,\"name\":\"Accueil\",\"item\":\"https:\/\/www.pressenza.com\/fr\/\"},{\"@type\":\"ListItem\",\"position\":2,\"name\":\"La Palestine pr\u00e9sentera une sollicitude pour \u00eatre membre de plein droit de l\u00b4ONU\"}]},{\"@type\":\"WebSite\",\"@id\":\"https:\/\/www.pressenza.com\/fr\/#website\",\"url\":\"https:\/\/www.pressenza.com\/fr\/\",\"name\":\"Pressenza\",\"description\":\"International Press Agency\",\"publisher\":{\"@id\":\"https:\/\/www.pressenza.com\/fr\/#organization\"},\"potentialAction\":[{\"@type\":\"SearchAction\",\"target\":{\"@type\":\"EntryPoint\",\"urlTemplate\":\"https:\/\/www.pressenza.com\/fr\/?s={search_term_string}\"},\"query-input\":{\"@type\":\"PropertyValueSpecification\",\"valueRequired\":true,\"valueName\":\"search_term_string\"}}],\"inLanguage\":\"fr-FR\"},{\"@type\":\"Organization\",\"@id\":\"https:\/\/www.pressenza.com\/fr\/#organization\",\"name\":\"Pressenza\",\"url\":\"https:\/\/www.pressenza.com\/fr\/\",\"logo\":{\"@type\":\"ImageObject\",\"inLanguage\":\"fr-FR\",\"@id\":\"https:\/\/www.pressenza.com\/fr\/#\/schema\/logo\/image\/\",\"url\":\"https:\/\/www.pressenza.com\/wp-content\/uploads\/2022\/10\/pressenza_logo_200x200.jpg\",\"contentUrl\":\"https:\/\/www.pressenza.com\/wp-content\/uploads\/2022\/10\/pressenza_logo_200x200.jpg\",\"width\":200,\"height\":200,\"caption\":\"Pressenza\"},\"image\":{\"@id\":\"https:\/\/www.pressenza.com\/fr\/#\/schema\/logo\/image\/\"},\"sameAs\":[\"https:\/\/www.facebook.com\/PressenzaItalia\",\"https:\/\/x.com\/PressenzaIPA\"]},{\"@type\":\"Person\",\"@id\":\"https:\/\/www.pressenza.com\/fr\/#\/schema\/person\/e35c78ffa242d98f4f49ccb18c8631de\",\"name\":\"Prensa Latina\",\"description\":\"www.prensa-latina.cu\",\"sameAs\":[\"https:\/\/www.facebook.com\/AgenciaPrensaLatina\",\"https:\/\/x.com\/prensalatina_cu\"],\"url\":\"https:\/\/www.pressenza.com\/fr\/author\/prensa-latina\/\"}]}<\/script>\n<!-- \/ Yoast SEO plugin. -->","yoast_head_json":{"title":"La Palestine pr\u00e9sentera une sollicitude pour \u00eatre membre de plein droit de l\u00b4ONU","description":"Le ministre des Affaires Ext\u00e9rieures et des Expatri\u00e9s, Riyad al-Malki, a annonc\u00e9 que la Palestine initiera une sollicitude pour devenir membre de plein","robots":{"index":"index","follow":"follow","max-snippet":"max-snippet:-1","max-image-preview":"max-image-preview:large","max-video-preview":"max-video-preview:-1"},"canonical":"https:\/\/www.pressenza.com\/fr\/2018\/12\/la-palestine-presentera-une-sollicitude-pour-etre-membre-de-plein-droit-de-lonu\/","og_locale":"fr_FR","og_type":"article","og_title":"La Palestine pr\u00e9sentera une sollicitude pour \u00eatre membre de plein droit de l\u00b4ONU","og_description":"Le ministre des Affaires Ext\u00e9rieures et des Expatri\u00e9s, Riyad al-Malki, a annonc\u00e9 que la Palestine initiera une sollicitude pour devenir membre de plein","og_url":"https:\/\/www.pressenza.com\/fr\/2018\/12\/la-palestine-presentera-une-sollicitude-pour-etre-membre-de-plein-droit-de-lonu\/","og_site_name":"Pressenza","article_publisher":"https:\/\/www.facebook.com\/PressenzaItalia","article_author":"https:\/\/www.facebook.com\/AgenciaPrensaLatina","article_published_time":"2018-12-28T23:52:39+00:00","og_image":[{"width":748,"height":498,"url":"https:\/\/www.pressenza.com\/wp-content\/uploads\/2018\/12\/Riyad-al-Malki.jpg","type":"image\/jpeg"}],"author":"Prensa Latina","twitter_card":"summary_large_image","twitter_creator":"@prensalatina_cu","twitter_site":"@PressenzaIPA","twitter_misc":{"\u00c9crit par":"Prensa Latina","Dur\u00e9e de lecture estim\u00e9e":"1 minute"},"schema":{"@context":"https:\/\/schema.org","@graph":[{"@type":"Article","@id":"https:\/\/www.pressenza.com\/fr\/2018\/12\/la-palestine-presentera-une-sollicitude-pour-etre-membre-de-plein-droit-de-lonu\/#article","isPartOf":{"@id":"https:\/\/www.pressenza.com\/fr\/2018\/12\/la-palestine-presentera-une-sollicitude-pour-etre-membre-de-plein-droit-de-lonu\/"},"author":{"name":"Prensa Latina","@id":"https:\/\/www.pressenza.com\/fr\/#\/schema\/person\/e35c78ffa242d98f4f49ccb18c8631de"},"headline":"La Palestine pr\u00e9sentera une sollicitude pour \u00eatre membre de plein droit de l\u00b4ONU","datePublished":"2018-12-28T23:52:39+00:00","mainEntityOfPage":{"@id":"https:\/\/www.pressenza.com\/fr\/2018\/12\/la-palestine-presentera-une-sollicitude-pour-etre-membre-de-plein-droit-de-lonu\/"},"wordCount":287,"publisher":{"@id":"https:\/\/www.pressenza.com\/fr\/#organization"},"image":{"@id":"https:\/\/www.pressenza.com\/fr\/2018\/12\/la-palestine-presentera-une-sollicitude-pour-etre-membre-de-plein-droit-de-lonu\/#primaryimage"},"thumbnailUrl":"https:\/\/www.pressenza.com\/wp-content\/uploads\/2018\/12\/Riyad-al-Malki.jpg","keywords":["Autorit\u00e9 nationale palestinienne","Nations Unies","question isra\u00e9lo-palestinienne","territoires occup\u00e9s"],"articleSection":["Paix et D\u00e9sarmement","Proche et Moyen-Orient"],"inLanguage":"fr-FR"},{"@type":"WebPage","@id":"https:\/\/www.pressenza.com\/fr\/2018\/12\/la-palestine-presentera-une-sollicitude-pour-etre-membre-de-plein-droit-de-lonu\/","url":"https:\/\/www.pressenza.com\/fr\/2018\/12\/la-palestine-presentera-une-sollicitude-pour-etre-membre-de-plein-droit-de-lonu\/","name":"La Palestine pr\u00e9sentera une sollicitude pour \u00eatre membre de plein droit de l\u00b4ONU","isPartOf":{"@id":"https:\/\/www.pressenza.com\/fr\/#website"},"primaryImageOfPage":{"@id":"https:\/\/www.pressenza.com\/fr\/2018\/12\/la-palestine-presentera-une-sollicitude-pour-etre-membre-de-plein-droit-de-lonu\/#primaryimage"},"image":{"@id":"https:\/\/www.pressenza.com\/fr\/2018\/12\/la-palestine-presentera-une-sollicitude-pour-etre-membre-de-plein-droit-de-lonu\/#primaryimage"},"thumbnailUrl":"https:\/\/www.pressenza.com\/wp-content\/uploads\/2018\/12\/Riyad-al-Malki.jpg","datePublished":"2018-12-28T23:52:39+00:00","description":"Le ministre des Affaires Ext\u00e9rieures et des Expatri\u00e9s, Riyad al-Malki, a annonc\u00e9 que la Palestine initiera une sollicitude pour devenir membre de plein","breadcrumb":{"@id":"https:\/\/www.pressenza.com\/fr\/2018\/12\/la-palestine-presentera-une-sollicitude-pour-etre-membre-de-plein-droit-de-lonu\/#breadcrumb"},"inLanguage":"fr-FR","potentialAction":[{"@type":"ReadAction","target":["https:\/\/www.pressenza.com\/fr\/2018\/12\/la-palestine-presentera-une-sollicitude-pour-etre-membre-de-plein-droit-de-lonu\/"]}]},{"@type":"ImageObject","inLanguage":"fr-FR","@id":"https:\/\/www.pressenza.com\/fr\/2018\/12\/la-palestine-presentera-une-sollicitude-pour-etre-membre-de-plein-droit-de-lonu\/#primaryimage","url":"https:\/\/www.pressenza.com\/wp-content\/uploads\/2018\/12\/Riyad-al-Malki.jpg","contentUrl":"https:\/\/www.pressenza.com\/wp-content\/uploads\/2018\/12\/Riyad-al-Malki.jpg","width":748,"height":498},{"@type":"BreadcrumbList","@id":"https:\/\/www.pressenza.com\/fr\/2018\/12\/la-palestine-presentera-une-sollicitude-pour-etre-membre-de-plein-droit-de-lonu\/#breadcrumb","itemListElement":[{"@type":"ListItem","position":1,"name":"Accueil","item":"https:\/\/www.pressenza.com\/fr\/"},{"@type":"ListItem","position":2,"name":"La Palestine pr\u00e9sentera une sollicitude pour \u00eatre membre de plein droit de l\u00b4ONU"}]},{"@type":"WebSite","@id":"https:\/\/www.pressenza.com\/fr\/#website","url":"https:\/\/www.pressenza.com\/fr\/","name":"Pressenza","description":"International Press Agency","publisher":{"@id":"https:\/\/www.pressenza.com\/fr\/#organization"},"potentialAction":[{"@type":"SearchAction","target":{"@type":"EntryPoint","urlTemplate":"https:\/\/www.pressenza.com\/fr\/?s={search_term_string}"},"query-input":{"@type":"PropertyValueSpecification","valueRequired":true,"valueName":"search_term_string"}}],"inLanguage":"fr-FR"},{"@type":"Organization","@id":"https:\/\/www.pressenza.com\/fr\/#organization","name":"Pressenza","url":"https:\/\/www.pressenza.com\/fr\/","logo":{"@type":"ImageObject","inLanguage":"fr-FR","@id":"https:\/\/www.pressenza.com\/fr\/#\/schema\/logo\/image\/","url":"https:\/\/www.pressenza.com\/wp-content\/uploads\/2022\/10\/pressenza_logo_200x200.jpg","contentUrl":"https:\/\/www.pressenza.com\/wp-content\/uploads\/2022\/10\/pressenza_logo_200x200.jpg","width":200,"height":200,"caption":"Pressenza"},"image":{"@id":"https:\/\/www.pressenza.com\/fr\/#\/schema\/logo\/image\/"},"sameAs":["https:\/\/www.facebook.com\/PressenzaItalia","https:\/\/x.com\/PressenzaIPA"]},{"@type":"Person","@id":"https:\/\/www.pressenza.com\/fr\/#\/schema\/person\/e35c78ffa242d98f4f49ccb18c8631de","name":"Prensa Latina","description":"www.prensa-latina.cu","sameAs":["https:\/\/www.facebook.com\/AgenciaPrensaLatina","https:\/\/x.com\/prensalatina_cu"],"url":"https:\/\/www.pressenza.com\/fr\/author\/prensa-latina\/"}]}},"place":"Ramallah, Palestine","original_article_url":"http:\/\/frances.prensa-latina.cu\/index.php?option=com_content&view=article&id=881697:la-palestine-presentera-une-sollicitude-pour-etre-membre-de-plein-droit-de-lonu&opcion=pl-ver-noticia&catid=49&Itemid=101","_links":{"self":[{"href":"https:\/\/www.pressenza.com\/fr\/wp-json\/wp\/v2\/posts\/781173","targetHints":{"allow":["GET"]}}],"collection":[{"href":"https:\/\/www.pressenza.com\/fr\/wp-json\/wp\/v2\/posts"}],"about":[{"href":"https:\/\/www.pressenza.com\/fr\/wp-json\/wp\/v2\/types\/post"}],"author":[{"embeddable":true,"href":"https:\/\/www.pressenza.com\/fr\/wp-json\/wp\/v2\/users\/90"}],"replies":[{"embeddable":true,"href":"https:\/\/www.pressenza.com\/fr\/wp-json\/wp\/v2\/comments?post=781173"}],"version-history":[{"count":0,"href":"https:\/\/www.pressenza.com\/fr\/wp-json\/wp\/v2\/posts\/781173\/revisions"}],"wp:featuredmedia":[{"embeddable":true,"href":"https:\/\/www.pressenza.com\/fr\/wp-json\/wp\/v2\/media\/780806"}],"wp:attachment":[{"href":"https:\/\/www.pressenza.com\/fr\/wp-json\/wp\/v2\/media?parent=781173"}],"wp:term":[{"taxonomy":"category","embeddable":true,"href":"https:\/\/www.pressenza.com\/fr\/wp-json\/wp\/v2\/categories?post=781173"},{"taxonomy":"post_tag","embeddable":true,"href":"https:\/\/www.pressenza.com\/fr\/wp-json\/wp\/v2\/tags?post=781173"}],"curies":[{"name":"wp","href":"https:\/\/api.w.org\/{rel}","templated":true}]}}