{"id":781098,"date":"2018-12-27T19:21:30","date_gmt":"2018-12-27T19:21:30","guid":{"rendered":"https:\/\/www.pressenza.com\/?p=781098"},"modified":"2018-12-28T07:58:26","modified_gmt":"2018-12-28T07:58:26","slug":"milagro-sala-acquitte-dans-lun-des-proces-intentes-contre-elle","status":"publish","type":"post","link":"https:\/\/www.pressenza.com\/fr\/2018\/12\/milagro-sala-acquitte-dans-lun-des-proces-intentes-contre-elle\/","title":{"rendered":"Milagro Sala acquitt\u00e9e dans l&rsquo;un des proc\u00e8s intent\u00e9s contre elle"},"content":{"rendered":"<p>Le tribunal p\u00e9nal no 2 de Jujuy a acquitt\u00e9 Milagro Sala de l&rsquo;affaire connue sous le nom de \u00ab\u00a0Balacera de Azopardo\u00a0\u00bb (fusillade d&rsquo;Azopardo) du 27 octobre 2007, dans laquelle la dirigeante sociale a \u00e9t\u00e9 accus\u00e9e de tentative de meurtre. Le proc\u00e8s faisait partie d&rsquo;une s\u00e9rie de processus habilement construits pour emp\u00eacher Milagro Sala d&rsquo;exercer ses activit\u00e9s politiques et sociales ; dans ce cas, l&rsquo;accusation d&rsquo;implication de Milagro \u00e9tait clairement retard\u00e9e par rapport aux faits contest\u00e9s, qui remontent \u00e0 plus de dix ans.<\/p>\n<p>\u00ab\u00a0C&rsquo;est une petite lueur d&rsquo;espoir &#8211; a dit Milagro Sala imm\u00e9diatement apr\u00e8s la sentence &#8211; que justice soit faite face \u00e0 la pers\u00e9cution politique que je subis avec mes compagnons. Je ne l&rsquo;esp\u00e9rais pas, \u00e7a me surprend beaucoup\u201d.<\/p>\n<p>Au cours du proc\u00e8s, le seul accusateur de la dirigeante de Tupac Amaru \u00e9tait Jorge Rafael P\u00e1es, dont le t\u00e9moignage a \u00e9t\u00e9 contredit par tous les autres t\u00e9moins. P\u00e1es avait \u00e9t\u00e9 acquitt\u00e9 par le juge d&rsquo;instruction Pablo Pullen Llermanos, accusateur de Milagro Sala dans de nombreuses proc\u00e9dures. Ce juge a fait des accusations pr\u00e9textes contre Milagro Sala pour qu&rsquo;elle continue en condition de d\u00e9tention provisoire.<\/p>\n","protected":false},"excerpt":{"rendered":"<p>Le tribunal p\u00e9nal no 2 de Jujuy a acquitt\u00e9 Milagro Sala de l&rsquo;affaire connue sous le nom de \u00ab\u00a0Balacera de Azopardo\u00a0\u00bb (fusillade d&rsquo;Azopardo) du 27 octobre 2007, dans laquelle la dirigeante sociale a \u00e9t\u00e9 accus\u00e9e de tentative de meurtre. Le&hellip;<\/p>\n","protected":false},"author":594,"featured_media":781003,"comment_status":"closed","ping_status":"closed","sticky":false,"template":"","format":"standard","meta":{"footnotes":""},"categories":[86,11386,98,40],"tags":[1180,7399,27500,53175,35625],"class_list":["post-781098","post","type-post","status-publish","format-standard","has-post-thumbnail","hentry","category-amerique-du-sud","category-contenu-original","category-droits-de-lhomme","category-international-fr","tag-argentine","tag-jujuy","tag-milagro-sala-fr","tag-pablo-pullen-llermanos","tag-tupac-amaru-fr"],"yoast_head":"<!-- This site is optimized with the Yoast SEO plugin v27.1.1 - https:\/\/yoast.com\/product\/yoast-seo-wordpress\/ -->\n<title>Milagro Sala acquitt\u00e9e dans l&#039;un des proc\u00e8s intent\u00e9s contre elle<\/title>\n<meta name=\"description\" content=\"Le tribunal p\u00e9nal no 2 de Jujuy a acquitt\u00e9 Milagro Sala de l&#039;affaire connue sous le nom de &quot;Balacera de Azopardo&quot; (fusillade d&#039;Azopardo) du 27 octobre\" \/>\n<meta name=\"robots\" content=\"index, follow, max-snippet:-1, max-image-preview:large, max-video-preview:-1\" \/>\n<link rel=\"canonical\" href=\"https:\/\/www.pressenza.com\/fr\/2018\/12\/milagro-sala-acquitte-dans-lun-des-proces-intentes-contre-elle\/\" \/>\n<meta property=\"og:locale\" content=\"fr_FR\" \/>\n<meta property=\"og:type\" content=\"article\" \/>\n<meta property=\"og:title\" content=\"Milagro Sala acquitt\u00e9e dans l&#039;un des proc\u00e8s intent\u00e9s contre elle\" \/>\n<meta property=\"og:description\" content=\"Le tribunal p\u00e9nal no 2 de Jujuy a acquitt\u00e9 Milagro Sala de l&#039;affaire connue sous le nom de &quot;Balacera de Azopardo&quot; (fusillade d&#039;Azopardo) du 27 octobre\" \/>\n<meta property=\"og:url\" content=\"https:\/\/www.pressenza.com\/fr\/2018\/12\/milagro-sala-acquitte-dans-lun-des-proces-intentes-contre-elle\/\" \/>\n<meta property=\"og:site_name\" content=\"Pressenza\" \/>\n<meta property=\"article:publisher\" content=\"https:\/\/www.facebook.com\/PressenzaItalia\" \/>\n<meta property=\"article:author\" content=\"https:\/\/www.facebook.com\/PressenzaItalia\" \/>\n<meta property=\"article:published_time\" content=\"2018-12-27T19:21:30+00:00\" \/>\n<meta property=\"article:modified_time\" content=\"2018-12-28T07:58:26+00:00\" \/>\n<meta property=\"og:image\" content=\"https:\/\/www.pressenza.com\/wp-content\/uploads\/2018\/12\/milagro-sala-telesur.jpg\" \/>\n\t<meta property=\"og:image:width\" content=\"2048\" \/>\n\t<meta property=\"og:image:height\" content=\"1152\" \/>\n\t<meta property=\"og:image:type\" content=\"image\/jpeg\" \/>\n<meta name=\"author\" content=\"Redazione Italia\" \/>\n<meta name=\"twitter:card\" content=\"summary_large_image\" \/>\n<meta name=\"twitter:creator\" content=\"@pressenza_it\" \/>\n<meta name=\"twitter:site\" content=\"@PressenzaIPA\" \/>\n<meta name=\"twitter:label1\" content=\"\u00c9crit par\" \/>\n\t<meta name=\"twitter:data1\" content=\"Redazione Italia\" \/>\n\t<meta name=\"twitter:label2\" content=\"Dur\u00e9e de lecture estim\u00e9e\" \/>\n\t<meta name=\"twitter:data2\" content=\"1 minute\" \/>\n<script type=\"application\/ld+json\" class=\"yoast-schema-graph\">{\"@context\":\"https:\/\/schema.org\",\"@graph\":[{\"@type\":\"Article\",\"@id\":\"https:\/\/www.pressenza.com\/fr\/2018\/12\/milagro-sala-acquitte-dans-lun-des-proces-intentes-contre-elle\/#article\",\"isPartOf\":{\"@id\":\"https:\/\/www.pressenza.com\/fr\/2018\/12\/milagro-sala-acquitte-dans-lun-des-proces-intentes-contre-elle\/\"},\"author\":{\"name\":\"Redazione Italia\",\"@id\":\"https:\/\/www.pressenza.com\/fr\/#\/schema\/person\/d983e81827ae24f2c7b1a2123d197f8d\"},\"headline\":\"Milagro Sala acquitt\u00e9e dans l&rsquo;un des proc\u00e8s intent\u00e9s contre elle\",\"datePublished\":\"2018-12-27T19:21:30+00:00\",\"dateModified\":\"2018-12-28T07:58:26+00:00\",\"mainEntityOfPage\":{\"@id\":\"https:\/\/www.pressenza.com\/fr\/2018\/12\/milagro-sala-acquitte-dans-lun-des-proces-intentes-contre-elle\/\"},\"wordCount\":224,\"publisher\":{\"@id\":\"https:\/\/www.pressenza.com\/fr\/#organization\"},\"image\":{\"@id\":\"https:\/\/www.pressenza.com\/fr\/2018\/12\/milagro-sala-acquitte-dans-lun-des-proces-intentes-contre-elle\/#primaryimage\"},\"thumbnailUrl\":\"https:\/\/www.pressenza.com\/wp-content\/uploads\/2018\/12\/milagro-sala-telesur.jpg\",\"keywords\":[\"Argentine\",\"Jujuy\",\"Milagro Sala\",\"Pablo Pullen Llermanos\",\"Tupac Amaru\"],\"articleSection\":[\"Am\u00e9rique du Sud\",\"Contenu Original\",\"Droits humains\",\"International\"],\"inLanguage\":\"fr-FR\"},{\"@type\":\"WebPage\",\"@id\":\"https:\/\/www.pressenza.com\/fr\/2018\/12\/milagro-sala-acquitte-dans-lun-des-proces-intentes-contre-elle\/\",\"url\":\"https:\/\/www.pressenza.com\/fr\/2018\/12\/milagro-sala-acquitte-dans-lun-des-proces-intentes-contre-elle\/\",\"name\":\"Milagro Sala acquitt\u00e9e dans l'un des proc\u00e8s intent\u00e9s contre elle\",\"isPartOf\":{\"@id\":\"https:\/\/www.pressenza.com\/fr\/#website\"},\"primaryImageOfPage\":{\"@id\":\"https:\/\/www.pressenza.com\/fr\/2018\/12\/milagro-sala-acquitte-dans-lun-des-proces-intentes-contre-elle\/#primaryimage\"},\"image\":{\"@id\":\"https:\/\/www.pressenza.com\/fr\/2018\/12\/milagro-sala-acquitte-dans-lun-des-proces-intentes-contre-elle\/#primaryimage\"},\"thumbnailUrl\":\"https:\/\/www.pressenza.com\/wp-content\/uploads\/2018\/12\/milagro-sala-telesur.jpg\",\"datePublished\":\"2018-12-27T19:21:30+00:00\",\"dateModified\":\"2018-12-28T07:58:26+00:00\",\"description\":\"Le tribunal p\u00e9nal no 2 de Jujuy a acquitt\u00e9 Milagro Sala de l'affaire connue sous le nom de \\\"Balacera de Azopardo\\\" (fusillade d'Azopardo) du 27 octobre\",\"breadcrumb\":{\"@id\":\"https:\/\/www.pressenza.com\/fr\/2018\/12\/milagro-sala-acquitte-dans-lun-des-proces-intentes-contre-elle\/#breadcrumb\"},\"inLanguage\":\"fr-FR\",\"potentialAction\":[{\"@type\":\"ReadAction\",\"target\":[\"https:\/\/www.pressenza.com\/fr\/2018\/12\/milagro-sala-acquitte-dans-lun-des-proces-intentes-contre-elle\/\"]}]},{\"@type\":\"ImageObject\",\"inLanguage\":\"fr-FR\",\"@id\":\"https:\/\/www.pressenza.com\/fr\/2018\/12\/milagro-sala-acquitte-dans-lun-des-proces-intentes-contre-elle\/#primaryimage\",\"url\":\"https:\/\/www.pressenza.com\/wp-content\/uploads\/2018\/12\/milagro-sala-telesur.jpg\",\"contentUrl\":\"https:\/\/www.pressenza.com\/wp-content\/uploads\/2018\/12\/milagro-sala-telesur.jpg\",\"width\":2048,\"height\":1152},{\"@type\":\"BreadcrumbList\",\"@id\":\"https:\/\/www.pressenza.com\/fr\/2018\/12\/milagro-sala-acquitte-dans-lun-des-proces-intentes-contre-elle\/#breadcrumb\",\"itemListElement\":[{\"@type\":\"ListItem\",\"position\":1,\"name\":\"Accueil\",\"item\":\"https:\/\/www.pressenza.com\/fr\/\"},{\"@type\":\"ListItem\",\"position\":2,\"name\":\"Milagro Sala acquitt\u00e9e dans l&rsquo;un des proc\u00e8s intent\u00e9s contre elle\"}]},{\"@type\":\"WebSite\",\"@id\":\"https:\/\/www.pressenza.com\/fr\/#website\",\"url\":\"https:\/\/www.pressenza.com\/fr\/\",\"name\":\"Pressenza\",\"description\":\"International Press Agency\",\"publisher\":{\"@id\":\"https:\/\/www.pressenza.com\/fr\/#organization\"},\"potentialAction\":[{\"@type\":\"SearchAction\",\"target\":{\"@type\":\"EntryPoint\",\"urlTemplate\":\"https:\/\/www.pressenza.com\/fr\/?s={search_term_string}\"},\"query-input\":{\"@type\":\"PropertyValueSpecification\",\"valueRequired\":true,\"valueName\":\"search_term_string\"}}],\"inLanguage\":\"fr-FR\"},{\"@type\":\"Organization\",\"@id\":\"https:\/\/www.pressenza.com\/fr\/#organization\",\"name\":\"Pressenza\",\"url\":\"https:\/\/www.pressenza.com\/fr\/\",\"logo\":{\"@type\":\"ImageObject\",\"inLanguage\":\"fr-FR\",\"@id\":\"https:\/\/www.pressenza.com\/fr\/#\/schema\/logo\/image\/\",\"url\":\"https:\/\/www.pressenza.com\/wp-content\/uploads\/2022\/10\/pressenza_logo_200x200.jpg\",\"contentUrl\":\"https:\/\/www.pressenza.com\/wp-content\/uploads\/2022\/10\/pressenza_logo_200x200.jpg\",\"width\":200,\"height\":200,\"caption\":\"Pressenza\"},\"image\":{\"@id\":\"https:\/\/www.pressenza.com\/fr\/#\/schema\/logo\/image\/\"},\"sameAs\":[\"https:\/\/www.facebook.com\/PressenzaItalia\",\"https:\/\/x.com\/PressenzaIPA\"]},{\"@type\":\"Person\",\"@id\":\"https:\/\/www.pressenza.com\/fr\/#\/schema\/person\/d983e81827ae24f2c7b1a2123d197f8d\",\"name\":\"Redazione Italia\",\"description\":\"News from the Pressenza Bureau in Italy\",\"sameAs\":[\"https:\/\/www.pressenza.com\/it\/author\/redazione-italia\/\",\"https:\/\/www.facebook.com\/PressenzaItalia\",\"https:\/\/www.instagram.com\/pressenza_italia\/\",\"https:\/\/x.com\/pressenza_it\",\"https:\/\/www.youtube.com\/channel\/UCSalEIWjE1RSxkwjfftFuqg\"],\"url\":\"https:\/\/www.pressenza.com\/fr\/author\/redazione-italia\/\"}]}<\/script>\n<!-- \/ Yoast SEO plugin. -->","yoast_head_json":{"title":"Milagro Sala acquitt\u00e9e dans l'un des proc\u00e8s intent\u00e9s contre elle","description":"Le tribunal p\u00e9nal no 2 de Jujuy a acquitt\u00e9 Milagro Sala de l'affaire connue sous le nom de \"Balacera de Azopardo\" (fusillade d'Azopardo) du 27 octobre","robots":{"index":"index","follow":"follow","max-snippet":"max-snippet:-1","max-image-preview":"max-image-preview:large","max-video-preview":"max-video-preview:-1"},"canonical":"https:\/\/www.pressenza.com\/fr\/2018\/12\/milagro-sala-acquitte-dans-lun-des-proces-intentes-contre-elle\/","og_locale":"fr_FR","og_type":"article","og_title":"Milagro Sala acquitt\u00e9e dans l'un des proc\u00e8s intent\u00e9s contre elle","og_description":"Le tribunal p\u00e9nal no 2 de Jujuy a acquitt\u00e9 Milagro Sala de l'affaire connue sous le nom de \"Balacera de Azopardo\" (fusillade d'Azopardo) du 27 octobre","og_url":"https:\/\/www.pressenza.com\/fr\/2018\/12\/milagro-sala-acquitte-dans-lun-des-proces-intentes-contre-elle\/","og_site_name":"Pressenza","article_publisher":"https:\/\/www.facebook.com\/PressenzaItalia","article_author":"https:\/\/www.facebook.com\/PressenzaItalia","article_published_time":"2018-12-27T19:21:30+00:00","article_modified_time":"2018-12-28T07:58:26+00:00","og_image":[{"width":2048,"height":1152,"url":"https:\/\/www.pressenza.com\/wp-content\/uploads\/2018\/12\/milagro-sala-telesur.jpg","type":"image\/jpeg"}],"author":"Redazione Italia","twitter_card":"summary_large_image","twitter_creator":"@pressenza_it","twitter_site":"@PressenzaIPA","twitter_misc":{"\u00c9crit par":"Redazione Italia","Dur\u00e9e de lecture estim\u00e9e":"1 minute"},"schema":{"@context":"https:\/\/schema.org","@graph":[{"@type":"Article","@id":"https:\/\/www.pressenza.com\/fr\/2018\/12\/milagro-sala-acquitte-dans-lun-des-proces-intentes-contre-elle\/#article","isPartOf":{"@id":"https:\/\/www.pressenza.com\/fr\/2018\/12\/milagro-sala-acquitte-dans-lun-des-proces-intentes-contre-elle\/"},"author":{"name":"Redazione Italia","@id":"https:\/\/www.pressenza.com\/fr\/#\/schema\/person\/d983e81827ae24f2c7b1a2123d197f8d"},"headline":"Milagro Sala acquitt\u00e9e dans l&rsquo;un des proc\u00e8s intent\u00e9s contre elle","datePublished":"2018-12-27T19:21:30+00:00","dateModified":"2018-12-28T07:58:26+00:00","mainEntityOfPage":{"@id":"https:\/\/www.pressenza.com\/fr\/2018\/12\/milagro-sala-acquitte-dans-lun-des-proces-intentes-contre-elle\/"},"wordCount":224,"publisher":{"@id":"https:\/\/www.pressenza.com\/fr\/#organization"},"image":{"@id":"https:\/\/www.pressenza.com\/fr\/2018\/12\/milagro-sala-acquitte-dans-lun-des-proces-intentes-contre-elle\/#primaryimage"},"thumbnailUrl":"https:\/\/www.pressenza.com\/wp-content\/uploads\/2018\/12\/milagro-sala-telesur.jpg","keywords":["Argentine","Jujuy","Milagro Sala","Pablo Pullen Llermanos","Tupac Amaru"],"articleSection":["Am\u00e9rique du Sud","Contenu Original","Droits humains","International"],"inLanguage":"fr-FR"},{"@type":"WebPage","@id":"https:\/\/www.pressenza.com\/fr\/2018\/12\/milagro-sala-acquitte-dans-lun-des-proces-intentes-contre-elle\/","url":"https:\/\/www.pressenza.com\/fr\/2018\/12\/milagro-sala-acquitte-dans-lun-des-proces-intentes-contre-elle\/","name":"Milagro Sala acquitt\u00e9e dans l'un des proc\u00e8s intent\u00e9s contre elle","isPartOf":{"@id":"https:\/\/www.pressenza.com\/fr\/#website"},"primaryImageOfPage":{"@id":"https:\/\/www.pressenza.com\/fr\/2018\/12\/milagro-sala-acquitte-dans-lun-des-proces-intentes-contre-elle\/#primaryimage"},"image":{"@id":"https:\/\/www.pressenza.com\/fr\/2018\/12\/milagro-sala-acquitte-dans-lun-des-proces-intentes-contre-elle\/#primaryimage"},"thumbnailUrl":"https:\/\/www.pressenza.com\/wp-content\/uploads\/2018\/12\/milagro-sala-telesur.jpg","datePublished":"2018-12-27T19:21:30+00:00","dateModified":"2018-12-28T07:58:26+00:00","description":"Le tribunal p\u00e9nal no 2 de Jujuy a acquitt\u00e9 Milagro Sala de l'affaire connue sous le nom de \"Balacera de Azopardo\" (fusillade d'Azopardo) du 27 octobre","breadcrumb":{"@id":"https:\/\/www.pressenza.com\/fr\/2018\/12\/milagro-sala-acquitte-dans-lun-des-proces-intentes-contre-elle\/#breadcrumb"},"inLanguage":"fr-FR","potentialAction":[{"@type":"ReadAction","target":["https:\/\/www.pressenza.com\/fr\/2018\/12\/milagro-sala-acquitte-dans-lun-des-proces-intentes-contre-elle\/"]}]},{"@type":"ImageObject","inLanguage":"fr-FR","@id":"https:\/\/www.pressenza.com\/fr\/2018\/12\/milagro-sala-acquitte-dans-lun-des-proces-intentes-contre-elle\/#primaryimage","url":"https:\/\/www.pressenza.com\/wp-content\/uploads\/2018\/12\/milagro-sala-telesur.jpg","contentUrl":"https:\/\/www.pressenza.com\/wp-content\/uploads\/2018\/12\/milagro-sala-telesur.jpg","width":2048,"height":1152},{"@type":"BreadcrumbList","@id":"https:\/\/www.pressenza.com\/fr\/2018\/12\/milagro-sala-acquitte-dans-lun-des-proces-intentes-contre-elle\/#breadcrumb","itemListElement":[{"@type":"ListItem","position":1,"name":"Accueil","item":"https:\/\/www.pressenza.com\/fr\/"},{"@type":"ListItem","position":2,"name":"Milagro Sala acquitt\u00e9e dans l&rsquo;un des proc\u00e8s intent\u00e9s contre elle"}]},{"@type":"WebSite","@id":"https:\/\/www.pressenza.com\/fr\/#website","url":"https:\/\/www.pressenza.com\/fr\/","name":"Pressenza","description":"International Press Agency","publisher":{"@id":"https:\/\/www.pressenza.com\/fr\/#organization"},"potentialAction":[{"@type":"SearchAction","target":{"@type":"EntryPoint","urlTemplate":"https:\/\/www.pressenza.com\/fr\/?s={search_term_string}"},"query-input":{"@type":"PropertyValueSpecification","valueRequired":true,"valueName":"search_term_string"}}],"inLanguage":"fr-FR"},{"@type":"Organization","@id":"https:\/\/www.pressenza.com\/fr\/#organization","name":"Pressenza","url":"https:\/\/www.pressenza.com\/fr\/","logo":{"@type":"ImageObject","inLanguage":"fr-FR","@id":"https:\/\/www.pressenza.com\/fr\/#\/schema\/logo\/image\/","url":"https:\/\/www.pressenza.com\/wp-content\/uploads\/2022\/10\/pressenza_logo_200x200.jpg","contentUrl":"https:\/\/www.pressenza.com\/wp-content\/uploads\/2022\/10\/pressenza_logo_200x200.jpg","width":200,"height":200,"caption":"Pressenza"},"image":{"@id":"https:\/\/www.pressenza.com\/fr\/#\/schema\/logo\/image\/"},"sameAs":["https:\/\/www.facebook.com\/PressenzaItalia","https:\/\/x.com\/PressenzaIPA"]},{"@type":"Person","@id":"https:\/\/www.pressenza.com\/fr\/#\/schema\/person\/d983e81827ae24f2c7b1a2123d197f8d","name":"Redazione Italia","description":"News from the Pressenza Bureau in Italy","sameAs":["https:\/\/www.pressenza.com\/it\/author\/redazione-italia\/","https:\/\/www.facebook.com\/PressenzaItalia","https:\/\/www.instagram.com\/pressenza_italia\/","https:\/\/x.com\/pressenza_it","https:\/\/www.youtube.com\/channel\/UCSalEIWjE1RSxkwjfftFuqg"],"url":"https:\/\/www.pressenza.com\/fr\/author\/redazione-italia\/"}]}},"place":"Jujuy, Argentine","original_article_url":"","_links":{"self":[{"href":"https:\/\/www.pressenza.com\/fr\/wp-json\/wp\/v2\/posts\/781098","targetHints":{"allow":["GET"]}}],"collection":[{"href":"https:\/\/www.pressenza.com\/fr\/wp-json\/wp\/v2\/posts"}],"about":[{"href":"https:\/\/www.pressenza.com\/fr\/wp-json\/wp\/v2\/types\/post"}],"author":[{"embeddable":true,"href":"https:\/\/www.pressenza.com\/fr\/wp-json\/wp\/v2\/users\/594"}],"replies":[{"embeddable":true,"href":"https:\/\/www.pressenza.com\/fr\/wp-json\/wp\/v2\/comments?post=781098"}],"version-history":[{"count":0,"href":"https:\/\/www.pressenza.com\/fr\/wp-json\/wp\/v2\/posts\/781098\/revisions"}],"wp:featuredmedia":[{"embeddable":true,"href":"https:\/\/www.pressenza.com\/fr\/wp-json\/wp\/v2\/media\/781003"}],"wp:attachment":[{"href":"https:\/\/www.pressenza.com\/fr\/wp-json\/wp\/v2\/media?parent=781098"}],"wp:term":[{"taxonomy":"category","embeddable":true,"href":"https:\/\/www.pressenza.com\/fr\/wp-json\/wp\/v2\/categories?post=781098"},{"taxonomy":"post_tag","embeddable":true,"href":"https:\/\/www.pressenza.com\/fr\/wp-json\/wp\/v2\/tags?post=781098"}],"curies":[{"name":"wp","href":"https:\/\/api.w.org\/{rel}","templated":true}]}}