{"id":780457,"date":"2018-12-25T17:46:28","date_gmt":"2018-12-25T17:46:28","guid":{"rendered":"https:\/\/www.pressenza.com\/?p=780457"},"modified":"2018-12-26T02:04:57","modified_gmt":"2018-12-26T02:04:57","slug":"video-merci-aux-gilets-jaunes","status":"publish","type":"post","link":"https:\/\/www.pressenza.com\/fr\/2018\/12\/video-merci-aux-gilets-jaunes\/","title":{"rendered":"[Vid\u00e9o] Merci aux gilets jaunes"},"content":{"rendered":"<p><strong>Par Brigitte Cano<\/strong><\/p>\n<p>Merci pour la <strong>surprise<\/strong>\u00a0qui a surgi un beau matin de notre quotidien.<\/p>\n<p>Merci pour la <strong>dignit\u00e9<\/strong> retrouv\u00e9e, pour avoir march\u00e9 la t\u00eate haute et \u00eatre sorti de la <strong>r\u00e9signation.<\/strong><\/p>\n<p>Merci pour la <strong>d\u00e9termination<\/strong>, la pers\u00e9v\u00e9rance et le courage.<\/p>\n<p>Merci pour l<strong>\u2019espoir<\/strong> qui cette fois-ci n\u2019est pas vain ni illusoire.<\/p>\n<p>Merci pour le jaillissement de la <strong>solidarit\u00e9<\/strong> qu\u2019on avait cru enterr\u00e9e \u00e0 tout jamais.<\/p>\n<p>Merci d\u2019avoir \u00e9t\u00e9 nos <strong>porte-paroles<\/strong>.<\/p>\n<p>Merci pour avoir rompu le<strong> silence<\/strong> assourdissant du besoin de justice et fait surgir cette aspiration profonde des citoyens.<\/p>\n<p>Merci pour avoir <strong>affront\u00e9 le m\u00e9pris<\/strong>, l\u2019arrogance, la pr\u00e9potence.<\/p>\n<p>Merci d\u2019avoir oppos\u00e9<strong> brillamment l\u2019intelligence du bon sens aux certitudes \u00e9conomiques.<\/strong><\/p>\n<p>Merci d\u2019avoir bris\u00e9 la <strong>croyance<\/strong> que rien de ce syst\u00e8me ne pouvait changer.<\/p>\n<p>Merci pour avoir transform\u00e9 les idylliques et indestructibles termes \u00e9conomiques du pouvoir d\u2019achat (pouvoir acheter\u00a0!) en <strong>droit de vivre<\/strong> dignement et librement.<\/p>\n<p>Merci d\u2019avoir r\u00e9sist\u00e9 \u00e0 toutes les <strong>manipulations <\/strong>orchestr\u00e9es.<\/p>\n<p>Merci pour votre d\u00e9sorganisation bien organis\u00e9e, qu\u2019on appelle <strong>d\u00e9sob\u00e9issance civile.<\/strong><\/p>\n<p>Merci pour cette<strong> crise si humaine<\/strong>, qui nous permet de r\u00e9fl\u00e9chir sur notre avenir et comment nous souhaitons vivre ensemble.<\/p>\n<p>Merci d\u2019avoir parl\u00e9 enfin de la <strong>violence \u00e9conomique et financi\u00e8re<\/strong>.<\/p>\n<p>Merci d\u2019avoir cr\u00e9\u00e9 un <strong>consensus national<\/strong> \u00e0 70%, tandis que la stup\u00e9faction, l\u2019incompr\u00e9hension et la col\u00e8re divisaient les commentateurs et politiques sur tous les plateaux t\u00e9l\u00e9.<\/p>\n<p>Merci pour les 70% de fran\u00e7ais qui gr\u00e2ce \u00e0 vous vont r\u00e9colter les <strong>fruits<\/strong> de votre action.<\/p>\n<p>Il y a du Occupy Wall Street, des Indign\u00e9s et des Nuits Debout dans ce mouvement, tel un fil rouge\u00a0; et nous savons, vous et nous, comme on l&rsquo;entend d\u00e9j\u00e0: rien n\u2019est d\u00e9j\u00e0 plus comme avant\u00a0!<\/p>\n<p><em>Vid\u00e9o de Brigitte Cano, Mauricio Alvarez et Marius Arias\u00a0 (2&rsquo;55\u00a0\u00bb):<\/em><\/p>\n<p><iframe loading=\"lazy\" title=\"Interview au sujet des gilets jaunes le 19 12 2018\" width=\"500\" height=\"281\" src=\"https:\/\/www.youtube.com\/embed\/sby2_zUEgoc?feature=oembed\" frameborder=\"0\" allow=\"accelerometer; autoplay; clipboard-write; encrypted-media; gyroscope; picture-in-picture; web-share\" referrerpolicy=\"strict-origin-when-cross-origin\" allowfullscreen><\/iframe><\/p>\n<p>&nbsp;<\/p>\n<p>Voir aussi :<\/p>\n<p><a href=\"https:\/\/www.pressenza.com\/fr\/2018\/12\/gilets-jaunes-ou-la-democratie-en-marche-1-2\/\">Gilets Jaunes o\u00f9 la D\u00e9mocratie en Marche ! [1\/2]<\/a><\/p>\n<p><a href=\"https:\/\/www.pressenza.com\/fr\/2018\/12\/gilets-jaunes-ou-la-democratie-en-marche-2-2\/\">Gilets Jaunes ou la D\u00e9mocratie en Marche ! [2 \/ 2]<\/a><\/p>\n<p><a href=\"https:\/\/www.pressenza.com\/fr\/2018\/12\/gilets-jaunes-temoignage-on-nous-parle-de-violence\/\">[Gilets jaunes \u2013 t\u00e9moignage] \u00ab\u00a0On nous parle de violence\u00a0\u00bb<\/a><\/p>\n","protected":false},"excerpt":{"rendered":"<p>Par Brigitte Cano Merci pour la surprise\u00a0qui a surgi un beau matin de notre quotidien. Merci pour la dignit\u00e9 retrouv\u00e9e, pour avoir march\u00e9 la t\u00eate haute et \u00eatre sorti de la r\u00e9signation. Merci pour la d\u00e9termination, la pers\u00e9v\u00e9rance et le&hellip;<\/p>\n","protected":false},"author":926,"featured_media":780553,"comment_status":"closed","ping_status":"closed","sticky":false,"template":"","format":"standard","meta":{"footnotes":""},"categories":[11386,98,85],"tags":[1351,1034,51993,10951,46553],"class_list":["post-780457","post","type-post","status-publish","format-standard","has-post-thumbnail","hentry","category-contenu-original","category-droits-de-lhomme","category-europe-fr","tag-desobeissance-civile","tag-france-fr","tag-gilets-jaunes","tag-interview","tag-merci"],"yoast_head":"<!-- This site is optimized with the Yoast SEO plugin v27.1.1 - https:\/\/yoast.com\/product\/yoast-seo-wordpress\/ -->\n<title>[Vid\u00e9o] Merci aux gilets jaunes<\/title>\n<meta name=\"description\" content=\"Par Brigitte Cano Merci pour la surprise\u00a0qui a surgi un beau matin de notre quotidien. Merci pour la dignit\u00e9 retrouv\u00e9e, pour avoir march\u00e9 la t\u00eate haute et\" \/>\n<meta name=\"robots\" content=\"index, follow, max-snippet:-1, max-image-preview:large, max-video-preview:-1\" \/>\n<link rel=\"canonical\" href=\"https:\/\/www.pressenza.com\/fr\/2018\/12\/video-merci-aux-gilets-jaunes\/\" \/>\n<meta property=\"og:locale\" content=\"fr_FR\" \/>\n<meta property=\"og:type\" content=\"article\" \/>\n<meta property=\"og:title\" content=\"[Vid\u00e9o] Merci aux gilets jaunes\" \/>\n<meta property=\"og:description\" content=\"Par Brigitte Cano Merci pour la surprise\u00a0qui a surgi un beau matin de notre quotidien. Merci pour la dignit\u00e9 retrouv\u00e9e, pour avoir march\u00e9 la t\u00eate haute et\" \/>\n<meta property=\"og:url\" content=\"https:\/\/www.pressenza.com\/fr\/2018\/12\/video-merci-aux-gilets-jaunes\/\" \/>\n<meta property=\"og:site_name\" content=\"Pressenza\" \/>\n<meta property=\"article:publisher\" content=\"https:\/\/www.facebook.com\/PressenzaItalia\" \/>\n<meta property=\"article:published_time\" content=\"2018-12-25T17:46:28+00:00\" \/>\n<meta property=\"article:modified_time\" content=\"2018-12-26T02:04:57+00:00\" \/>\n<meta property=\"og:image\" content=\"https:\/\/www.pressenza.com\/wp-content\/uploads\/2018\/12\/Vid--o-Merci-aux-gilets-jaunes.jpg\" \/>\n\t<meta property=\"og:image:width\" content=\"750\" \/>\n\t<meta property=\"og:image:height\" content=\"500\" \/>\n\t<meta property=\"og:image:type\" content=\"image\/jpeg\" \/>\n<meta name=\"author\" content=\"R\u00e9daction France\" \/>\n<meta name=\"twitter:card\" content=\"summary_large_image\" \/>\n<meta name=\"twitter:creator\" content=\"@PressenzaIPA\" \/>\n<meta name=\"twitter:site\" content=\"@PressenzaIPA\" \/>\n<meta name=\"twitter:label1\" content=\"\u00c9crit par\" \/>\n\t<meta name=\"twitter:data1\" content=\"R\u00e9daction France\" \/>\n\t<meta name=\"twitter:label2\" content=\"Dur\u00e9e de lecture estim\u00e9e\" \/>\n\t<meta name=\"twitter:data2\" content=\"2 minutes\" \/>\n<script type=\"application\/ld+json\" class=\"yoast-schema-graph\">{\"@context\":\"https:\/\/schema.org\",\"@graph\":[{\"@type\":\"Article\",\"@id\":\"https:\/\/www.pressenza.com\/fr\/2018\/12\/video-merci-aux-gilets-jaunes\/#article\",\"isPartOf\":{\"@id\":\"https:\/\/www.pressenza.com\/fr\/2018\/12\/video-merci-aux-gilets-jaunes\/\"},\"author\":{\"name\":\"R\u00e9daction France\",\"@id\":\"https:\/\/www.pressenza.com\/fr\/#\/schema\/person\/3c9fe6670cc2cffbd37562f87b98e869\"},\"headline\":\"[Vid\u00e9o] Merci aux gilets jaunes\",\"datePublished\":\"2018-12-25T17:46:28+00:00\",\"dateModified\":\"2018-12-26T02:04:57+00:00\",\"mainEntityOfPage\":{\"@id\":\"https:\/\/www.pressenza.com\/fr\/2018\/12\/video-merci-aux-gilets-jaunes\/\"},\"wordCount\":368,\"publisher\":{\"@id\":\"https:\/\/www.pressenza.com\/fr\/#organization\"},\"image\":{\"@id\":\"https:\/\/www.pressenza.com\/fr\/2018\/12\/video-merci-aux-gilets-jaunes\/#primaryimage\"},\"thumbnailUrl\":\"https:\/\/www.pressenza.com\/wp-content\/uploads\/2018\/12\/Vid--o-Merci-aux-gilets-jaunes.jpg\",\"keywords\":[\"D\u00e9sob\u00e9issance civile\",\"France\",\"Gilets Jaunes\",\"interview\",\"Merci\"],\"articleSection\":[\"Contenu Original\",\"Droits humains\",\"Europe\"],\"inLanguage\":\"fr-FR\"},{\"@type\":\"WebPage\",\"@id\":\"https:\/\/www.pressenza.com\/fr\/2018\/12\/video-merci-aux-gilets-jaunes\/\",\"url\":\"https:\/\/www.pressenza.com\/fr\/2018\/12\/video-merci-aux-gilets-jaunes\/\",\"name\":\"[Vid\u00e9o] Merci aux gilets jaunes\",\"isPartOf\":{\"@id\":\"https:\/\/www.pressenza.com\/fr\/#website\"},\"primaryImageOfPage\":{\"@id\":\"https:\/\/www.pressenza.com\/fr\/2018\/12\/video-merci-aux-gilets-jaunes\/#primaryimage\"},\"image\":{\"@id\":\"https:\/\/www.pressenza.com\/fr\/2018\/12\/video-merci-aux-gilets-jaunes\/#primaryimage\"},\"thumbnailUrl\":\"https:\/\/www.pressenza.com\/wp-content\/uploads\/2018\/12\/Vid--o-Merci-aux-gilets-jaunes.jpg\",\"datePublished\":\"2018-12-25T17:46:28+00:00\",\"dateModified\":\"2018-12-26T02:04:57+00:00\",\"description\":\"Par Brigitte Cano Merci pour la surprise\u00a0qui a surgi un beau matin de notre quotidien. Merci pour la dignit\u00e9 retrouv\u00e9e, pour avoir march\u00e9 la t\u00eate haute et\",\"breadcrumb\":{\"@id\":\"https:\/\/www.pressenza.com\/fr\/2018\/12\/video-merci-aux-gilets-jaunes\/#breadcrumb\"},\"inLanguage\":\"fr-FR\",\"potentialAction\":[{\"@type\":\"ReadAction\",\"target\":[\"https:\/\/www.pressenza.com\/fr\/2018\/12\/video-merci-aux-gilets-jaunes\/\"]}]},{\"@type\":\"ImageObject\",\"inLanguage\":\"fr-FR\",\"@id\":\"https:\/\/www.pressenza.com\/fr\/2018\/12\/video-merci-aux-gilets-jaunes\/#primaryimage\",\"url\":\"https:\/\/www.pressenza.com\/wp-content\/uploads\/2018\/12\/Vid--o-Merci-aux-gilets-jaunes.jpg\",\"contentUrl\":\"https:\/\/www.pressenza.com\/wp-content\/uploads\/2018\/12\/Vid--o-Merci-aux-gilets-jaunes.jpg\",\"width\":750,\"height\":500},{\"@type\":\"BreadcrumbList\",\"@id\":\"https:\/\/www.pressenza.com\/fr\/2018\/12\/video-merci-aux-gilets-jaunes\/#breadcrumb\",\"itemListElement\":[{\"@type\":\"ListItem\",\"position\":1,\"name\":\"Accueil\",\"item\":\"https:\/\/www.pressenza.com\/fr\/\"},{\"@type\":\"ListItem\",\"position\":2,\"name\":\"[Vid\u00e9o] Merci aux gilets jaunes\"}]},{\"@type\":\"WebSite\",\"@id\":\"https:\/\/www.pressenza.com\/fr\/#website\",\"url\":\"https:\/\/www.pressenza.com\/fr\/\",\"name\":\"Pressenza\",\"description\":\"International Press Agency\",\"publisher\":{\"@id\":\"https:\/\/www.pressenza.com\/fr\/#organization\"},\"potentialAction\":[{\"@type\":\"SearchAction\",\"target\":{\"@type\":\"EntryPoint\",\"urlTemplate\":\"https:\/\/www.pressenza.com\/fr\/?s={search_term_string}\"},\"query-input\":{\"@type\":\"PropertyValueSpecification\",\"valueRequired\":true,\"valueName\":\"search_term_string\"}}],\"inLanguage\":\"fr-FR\"},{\"@type\":\"Organization\",\"@id\":\"https:\/\/www.pressenza.com\/fr\/#organization\",\"name\":\"Pressenza\",\"url\":\"https:\/\/www.pressenza.com\/fr\/\",\"logo\":{\"@type\":\"ImageObject\",\"inLanguage\":\"fr-FR\",\"@id\":\"https:\/\/www.pressenza.com\/fr\/#\/schema\/logo\/image\/\",\"url\":\"https:\/\/www.pressenza.com\/wp-content\/uploads\/2022\/10\/pressenza_logo_200x200.jpg\",\"contentUrl\":\"https:\/\/www.pressenza.com\/wp-content\/uploads\/2022\/10\/pressenza_logo_200x200.jpg\",\"width\":200,\"height\":200,\"caption\":\"Pressenza\"},\"image\":{\"@id\":\"https:\/\/www.pressenza.com\/fr\/#\/schema\/logo\/image\/\"},\"sameAs\":[\"https:\/\/www.facebook.com\/PressenzaItalia\",\"https:\/\/x.com\/PressenzaIPA\"]},{\"@type\":\"Person\",\"@id\":\"https:\/\/www.pressenza.com\/fr\/#\/schema\/person\/3c9fe6670cc2cffbd37562f87b98e869\",\"name\":\"R\u00e9daction France\",\"description\":\"News published by the Pressenza bureau in France\",\"sameAs\":[\"http:\/\/www.pressenza.com\/fr\"],\"url\":\"https:\/\/www.pressenza.com\/fr\/author\/redactionfrance\/\"}]}<\/script>\n<!-- \/ Yoast SEO plugin. -->","yoast_head_json":{"title":"[Vid\u00e9o] Merci aux gilets jaunes","description":"Par Brigitte Cano Merci pour la surprise\u00a0qui a surgi un beau matin de notre quotidien. Merci pour la dignit\u00e9 retrouv\u00e9e, pour avoir march\u00e9 la t\u00eate haute et","robots":{"index":"index","follow":"follow","max-snippet":"max-snippet:-1","max-image-preview":"max-image-preview:large","max-video-preview":"max-video-preview:-1"},"canonical":"https:\/\/www.pressenza.com\/fr\/2018\/12\/video-merci-aux-gilets-jaunes\/","og_locale":"fr_FR","og_type":"article","og_title":"[Vid\u00e9o] Merci aux gilets jaunes","og_description":"Par Brigitte Cano Merci pour la surprise\u00a0qui a surgi un beau matin de notre quotidien. Merci pour la dignit\u00e9 retrouv\u00e9e, pour avoir march\u00e9 la t\u00eate haute et","og_url":"https:\/\/www.pressenza.com\/fr\/2018\/12\/video-merci-aux-gilets-jaunes\/","og_site_name":"Pressenza","article_publisher":"https:\/\/www.facebook.com\/PressenzaItalia","article_published_time":"2018-12-25T17:46:28+00:00","article_modified_time":"2018-12-26T02:04:57+00:00","og_image":[{"width":750,"height":500,"url":"https:\/\/www.pressenza.com\/wp-content\/uploads\/2018\/12\/Vid--o-Merci-aux-gilets-jaunes.jpg","type":"image\/jpeg"}],"author":"R\u00e9daction France","twitter_card":"summary_large_image","twitter_creator":"@PressenzaIPA","twitter_site":"@PressenzaIPA","twitter_misc":{"\u00c9crit par":"R\u00e9daction France","Dur\u00e9e de lecture estim\u00e9e":"2 minutes"},"schema":{"@context":"https:\/\/schema.org","@graph":[{"@type":"Article","@id":"https:\/\/www.pressenza.com\/fr\/2018\/12\/video-merci-aux-gilets-jaunes\/#article","isPartOf":{"@id":"https:\/\/www.pressenza.com\/fr\/2018\/12\/video-merci-aux-gilets-jaunes\/"},"author":{"name":"R\u00e9daction France","@id":"https:\/\/www.pressenza.com\/fr\/#\/schema\/person\/3c9fe6670cc2cffbd37562f87b98e869"},"headline":"[Vid\u00e9o] Merci aux gilets jaunes","datePublished":"2018-12-25T17:46:28+00:00","dateModified":"2018-12-26T02:04:57+00:00","mainEntityOfPage":{"@id":"https:\/\/www.pressenza.com\/fr\/2018\/12\/video-merci-aux-gilets-jaunes\/"},"wordCount":368,"publisher":{"@id":"https:\/\/www.pressenza.com\/fr\/#organization"},"image":{"@id":"https:\/\/www.pressenza.com\/fr\/2018\/12\/video-merci-aux-gilets-jaunes\/#primaryimage"},"thumbnailUrl":"https:\/\/www.pressenza.com\/wp-content\/uploads\/2018\/12\/Vid--o-Merci-aux-gilets-jaunes.jpg","keywords":["D\u00e9sob\u00e9issance civile","France","Gilets Jaunes","interview","Merci"],"articleSection":["Contenu Original","Droits humains","Europe"],"inLanguage":"fr-FR"},{"@type":"WebPage","@id":"https:\/\/www.pressenza.com\/fr\/2018\/12\/video-merci-aux-gilets-jaunes\/","url":"https:\/\/www.pressenza.com\/fr\/2018\/12\/video-merci-aux-gilets-jaunes\/","name":"[Vid\u00e9o] Merci aux gilets jaunes","isPartOf":{"@id":"https:\/\/www.pressenza.com\/fr\/#website"},"primaryImageOfPage":{"@id":"https:\/\/www.pressenza.com\/fr\/2018\/12\/video-merci-aux-gilets-jaunes\/#primaryimage"},"image":{"@id":"https:\/\/www.pressenza.com\/fr\/2018\/12\/video-merci-aux-gilets-jaunes\/#primaryimage"},"thumbnailUrl":"https:\/\/www.pressenza.com\/wp-content\/uploads\/2018\/12\/Vid--o-Merci-aux-gilets-jaunes.jpg","datePublished":"2018-12-25T17:46:28+00:00","dateModified":"2018-12-26T02:04:57+00:00","description":"Par Brigitte Cano Merci pour la surprise\u00a0qui a surgi un beau matin de notre quotidien. Merci pour la dignit\u00e9 retrouv\u00e9e, pour avoir march\u00e9 la t\u00eate haute et","breadcrumb":{"@id":"https:\/\/www.pressenza.com\/fr\/2018\/12\/video-merci-aux-gilets-jaunes\/#breadcrumb"},"inLanguage":"fr-FR","potentialAction":[{"@type":"ReadAction","target":["https:\/\/www.pressenza.com\/fr\/2018\/12\/video-merci-aux-gilets-jaunes\/"]}]},{"@type":"ImageObject","inLanguage":"fr-FR","@id":"https:\/\/www.pressenza.com\/fr\/2018\/12\/video-merci-aux-gilets-jaunes\/#primaryimage","url":"https:\/\/www.pressenza.com\/wp-content\/uploads\/2018\/12\/Vid--o-Merci-aux-gilets-jaunes.jpg","contentUrl":"https:\/\/www.pressenza.com\/wp-content\/uploads\/2018\/12\/Vid--o-Merci-aux-gilets-jaunes.jpg","width":750,"height":500},{"@type":"BreadcrumbList","@id":"https:\/\/www.pressenza.com\/fr\/2018\/12\/video-merci-aux-gilets-jaunes\/#breadcrumb","itemListElement":[{"@type":"ListItem","position":1,"name":"Accueil","item":"https:\/\/www.pressenza.com\/fr\/"},{"@type":"ListItem","position":2,"name":"[Vid\u00e9o] Merci aux gilets jaunes"}]},{"@type":"WebSite","@id":"https:\/\/www.pressenza.com\/fr\/#website","url":"https:\/\/www.pressenza.com\/fr\/","name":"Pressenza","description":"International Press Agency","publisher":{"@id":"https:\/\/www.pressenza.com\/fr\/#organization"},"potentialAction":[{"@type":"SearchAction","target":{"@type":"EntryPoint","urlTemplate":"https:\/\/www.pressenza.com\/fr\/?s={search_term_string}"},"query-input":{"@type":"PropertyValueSpecification","valueRequired":true,"valueName":"search_term_string"}}],"inLanguage":"fr-FR"},{"@type":"Organization","@id":"https:\/\/www.pressenza.com\/fr\/#organization","name":"Pressenza","url":"https:\/\/www.pressenza.com\/fr\/","logo":{"@type":"ImageObject","inLanguage":"fr-FR","@id":"https:\/\/www.pressenza.com\/fr\/#\/schema\/logo\/image\/","url":"https:\/\/www.pressenza.com\/wp-content\/uploads\/2022\/10\/pressenza_logo_200x200.jpg","contentUrl":"https:\/\/www.pressenza.com\/wp-content\/uploads\/2022\/10\/pressenza_logo_200x200.jpg","width":200,"height":200,"caption":"Pressenza"},"image":{"@id":"https:\/\/www.pressenza.com\/fr\/#\/schema\/logo\/image\/"},"sameAs":["https:\/\/www.facebook.com\/PressenzaItalia","https:\/\/x.com\/PressenzaIPA"]},{"@type":"Person","@id":"https:\/\/www.pressenza.com\/fr\/#\/schema\/person\/3c9fe6670cc2cffbd37562f87b98e869","name":"R\u00e9daction France","description":"News published by the Pressenza bureau in France","sameAs":["http:\/\/www.pressenza.com\/fr"],"url":"https:\/\/www.pressenza.com\/fr\/author\/redactionfrance\/"}]}},"place":"France","original_article_url":"","_links":{"self":[{"href":"https:\/\/www.pressenza.com\/fr\/wp-json\/wp\/v2\/posts\/780457","targetHints":{"allow":["GET"]}}],"collection":[{"href":"https:\/\/www.pressenza.com\/fr\/wp-json\/wp\/v2\/posts"}],"about":[{"href":"https:\/\/www.pressenza.com\/fr\/wp-json\/wp\/v2\/types\/post"}],"author":[{"embeddable":true,"href":"https:\/\/www.pressenza.com\/fr\/wp-json\/wp\/v2\/users\/926"}],"replies":[{"embeddable":true,"href":"https:\/\/www.pressenza.com\/fr\/wp-json\/wp\/v2\/comments?post=780457"}],"version-history":[{"count":0,"href":"https:\/\/www.pressenza.com\/fr\/wp-json\/wp\/v2\/posts\/780457\/revisions"}],"wp:featuredmedia":[{"embeddable":true,"href":"https:\/\/www.pressenza.com\/fr\/wp-json\/wp\/v2\/media\/780553"}],"wp:attachment":[{"href":"https:\/\/www.pressenza.com\/fr\/wp-json\/wp\/v2\/media?parent=780457"}],"wp:term":[{"taxonomy":"category","embeddable":true,"href":"https:\/\/www.pressenza.com\/fr\/wp-json\/wp\/v2\/categories?post=780457"},{"taxonomy":"post_tag","embeddable":true,"href":"https:\/\/www.pressenza.com\/fr\/wp-json\/wp\/v2\/tags?post=780457"}],"curies":[{"name":"wp","href":"https:\/\/api.w.org\/{rel}","templated":true}]}}