{"id":780389,"date":"2018-12-24T23:05:12","date_gmt":"2018-12-24T23:05:12","guid":{"rendered":"https:\/\/www.pressenza.com\/?p=780389"},"modified":"2021-10-10T23:29:23","modified_gmt":"2021-10-10T22:29:23","slug":"campagne-pour-lattribution-du-prix-nobel-de-la-paix-2019-a-la-municipalite-de-riace","status":"publish","type":"post","link":"https:\/\/www.pressenza.com\/fr\/2018\/12\/campagne-pour-lattribution-du-prix-nobel-de-la-paix-2019-a-la-municipalite-de-riace\/","title":{"rendered":"Campagne pour l&rsquo;attribution du Prix Nobel de la Paix 2019 \u00e0 la Municipalit\u00e9 de Riace"},"content":{"rendered":"<p>En Italie, un r\u00e9seau d&rsquo;organisations de la soci\u00e9t\u00e9 civile, d&rsquo;ONGs et de municipalit\u00e9s encouragent une campagne pour attribuer \u00e0 Riace le prix Nobel 2019 : R\u00e9seau de municipalit\u00e9s solidaires ; Municipalit\u00e9 VIII Rome ; Communaut\u00e9 de base San Paolo ; magazine Left ; ARCI Rome, Municipalit\u00e9s vertueuses ; CISDA, Noi siamo Chiesa, ISDE, Festival \u00ab\u00a0Roma incontra il mondo\u00a0\u00bb 2019.<\/p>\n<p>Ce petit pays du Sud, pauvre et d\u00e9peupl\u00e9 par l&rsquo;\u00e9migration et le manque de travail, rena\u00eet gr\u00e2ce \u00e0 un mod\u00e8le novateur d&rsquo;accueil connu et appr\u00e9ci\u00e9 dans toute l&rsquo;Europe, qui a int\u00e9gr\u00e9 les r\u00e9fugi\u00e9s et lanc\u00e9 des activit\u00e9s susceptibles de cr\u00e9er des emplois pour les r\u00e9sidents. Un mod\u00e8le dangereux pour les derniers gouvernements italiens, qui ont construit le consensus et le succ\u00e8s \u00e9lectoral sur la base d&rsquo;une campagne de peur, de haine, de d\u00e9sinformation et de diabolisation des migrants \u00ab\u00a0envahisseurs\u00a0\u00bb.<\/p>\n<p>Pour cette raison, ces derni\u00e8res ann\u00e9es, Riace et son maire Domenico Lucano ont \u00e9t\u00e9 attaqu\u00e9s de toutes les mani\u00e8res, d&rsquo;abord avec le blocage du financement et ensuite avec l&rsquo;arrestation, la lib\u00e9ration, la suspension du mandat, l&rsquo;interdiction de r\u00e9sidence dans la municipalit\u00e9 et la charge absurde pour aide et encouragement de l&rsquo;immigration ill\u00e9gale et association criminelle contre Lucano.<\/p>\n<p>Cr\u00e9er un large soutien international pour la candidature de la municipalit\u00e9 de Riace au prix Nobel de la paix signifie se joindre aux nombreuses municipalit\u00e9s italiennes qui ont d\u00e9cern\u00e9 \u00e0 Lucano la citoyennet\u00e9 honorifique et, surtout, donner un signal important de solidarit\u00e9 envers ceux qui s&rsquo;opposent par des actes concrets et des risques personnels graves \u00e0 la d\u00e9rive raciste et inhumaine actuelle.<\/p>\n<p>&nbsp;<\/p>\n<p><a href=\"https:\/\/drive.google.com\/open?id=1XAMQJQAbP0mEgkqvBmIbXQWqfcAQClwSsXMNGuyfP-0\">Lien vers le formulaire en ligne pour adh\u00e9rer en tant qu&rsquo;organisation.<\/a><\/p>\n<p><a href=\"https:\/\/drive.google.com\/open?id=1mBGI0d5DsfOgMG3g2FR_sfAha1At1G68maqySAWsXW0\">Lien vers le formulaire en ligne pour s&rsquo;inscrire en tant que simple citoyen<\/a><\/p>\n","protected":false},"excerpt":{"rendered":"<p>En Italie, un r\u00e9seau d&rsquo;organisations de la soci\u00e9t\u00e9 civile, d&rsquo;ONGs et de municipalit\u00e9s encouragent une campagne pour attribuer \u00e0 Riace le prix Nobel 2019 : R\u00e9seau de municipalit\u00e9s solidaires ; Municipalit\u00e9 VIII Rome ; Communaut\u00e9 de base San Paolo ;&hellip;<\/p>\n","protected":false},"author":594,"featured_media":780391,"comment_status":"closed","ping_status":"closed","sticky":false,"template":"","format":"standard","meta":{"footnotes":""},"categories":[11386,1247,85,40],"tags":[68682,1527,95451,4536,95371],"class_list":["post-780389","post","type-post","status-publish","format-standard","has-post-thumbnail","hentry","category-contenu-original","category-diversite","category-europe-fr","category-international-fr","tag-2019-fr","tag-italie","tag-mimmo-lucano-fr","tag-prix-nobel-de-la-paix","tag-riace-fr"],"yoast_head":"<!-- This site is optimized with the Yoast SEO plugin v27.1.1 - https:\/\/yoast.com\/product\/yoast-seo-wordpress\/ -->\n<title>Campagne pour l&#039;attribution du Prix Nobel de la Paix 2019 \u00e0 la Municipalit\u00e9 de Riace<\/title>\n<meta name=\"description\" content=\"En Italie, un r\u00e9seau d&#039;organisations de la soci\u00e9t\u00e9 civile, d&#039;ONGs et de municipalit\u00e9s encouragent une campagne pour attribuer \u00e0 Riace le prix Nobel 2019 :\" \/>\n<meta name=\"robots\" content=\"index, follow, max-snippet:-1, max-image-preview:large, max-video-preview:-1\" \/>\n<link rel=\"canonical\" href=\"https:\/\/www.pressenza.com\/fr\/2018\/12\/campagne-pour-lattribution-du-prix-nobel-de-la-paix-2019-a-la-municipalite-de-riace\/\" \/>\n<meta property=\"og:locale\" content=\"fr_FR\" \/>\n<meta property=\"og:type\" content=\"article\" \/>\n<meta property=\"og:title\" content=\"Campagne pour l&#039;attribution du Prix Nobel de la Paix 2019 \u00e0 la Municipalit\u00e9 de Riace\" \/>\n<meta property=\"og:description\" content=\"En Italie, un r\u00e9seau d&#039;organisations de la soci\u00e9t\u00e9 civile, d&#039;ONGs et de municipalit\u00e9s encouragent une campagne pour attribuer \u00e0 Riace le prix Nobel 2019 :\" \/>\n<meta property=\"og:url\" content=\"https:\/\/www.pressenza.com\/fr\/2018\/12\/campagne-pour-lattribution-du-prix-nobel-de-la-paix-2019-a-la-municipalite-de-riace\/\" \/>\n<meta property=\"og:site_name\" content=\"Pressenza\" \/>\n<meta property=\"article:publisher\" content=\"https:\/\/www.facebook.com\/PressenzaItalia\" \/>\n<meta property=\"article:author\" content=\"https:\/\/www.facebook.com\/PressenzaItalia\" \/>\n<meta property=\"article:published_time\" content=\"2018-12-24T23:05:12+00:00\" \/>\n<meta property=\"article:modified_time\" content=\"2021-10-10T22:29:23+00:00\" \/>\n<meta property=\"og:image\" content=\"https:\/\/www.pressenza.com\/wp-content\/uploads\/2018\/12\/Campagne-pour-lattribution-du-Prix-Nobel-de-la-Paix-2019----la-Municipalit---de-Riace.jpg\" \/>\n\t<meta property=\"og:image:width\" content=\"750\" \/>\n\t<meta property=\"og:image:height\" content=\"500\" \/>\n\t<meta property=\"og:image:type\" content=\"image\/jpeg\" \/>\n<meta name=\"author\" content=\"Redazione Italia\" \/>\n<meta name=\"twitter:card\" content=\"summary_large_image\" \/>\n<meta name=\"twitter:creator\" content=\"@pressenza_it\" \/>\n<meta name=\"twitter:site\" content=\"@PressenzaIPA\" \/>\n<meta name=\"twitter:label1\" content=\"\u00c9crit par\" \/>\n\t<meta name=\"twitter:data1\" content=\"Redazione Italia\" \/>\n\t<meta name=\"twitter:label2\" content=\"Dur\u00e9e de lecture estim\u00e9e\" \/>\n\t<meta name=\"twitter:data2\" content=\"2 minutes\" \/>\n<script type=\"application\/ld+json\" class=\"yoast-schema-graph\">{\"@context\":\"https:\/\/schema.org\",\"@graph\":[{\"@type\":\"Article\",\"@id\":\"https:\/\/www.pressenza.com\/fr\/2018\/12\/campagne-pour-lattribution-du-prix-nobel-de-la-paix-2019-a-la-municipalite-de-riace\/#article\",\"isPartOf\":{\"@id\":\"https:\/\/www.pressenza.com\/fr\/2018\/12\/campagne-pour-lattribution-du-prix-nobel-de-la-paix-2019-a-la-municipalite-de-riace\/\"},\"author\":{\"name\":\"Redazione Italia\",\"@id\":\"https:\/\/www.pressenza.com\/fr\/#\/schema\/person\/d983e81827ae24f2c7b1a2123d197f8d\"},\"headline\":\"Campagne pour l&rsquo;attribution du Prix Nobel de la Paix 2019 \u00e0 la Municipalit\u00e9 de Riace\",\"datePublished\":\"2018-12-24T23:05:12+00:00\",\"dateModified\":\"2021-10-10T22:29:23+00:00\",\"mainEntityOfPage\":{\"@id\":\"https:\/\/www.pressenza.com\/fr\/2018\/12\/campagne-pour-lattribution-du-prix-nobel-de-la-paix-2019-a-la-municipalite-de-riace\/\"},\"wordCount\":329,\"publisher\":{\"@id\":\"https:\/\/www.pressenza.com\/fr\/#organization\"},\"image\":{\"@id\":\"https:\/\/www.pressenza.com\/fr\/2018\/12\/campagne-pour-lattribution-du-prix-nobel-de-la-paix-2019-a-la-municipalite-de-riace\/#primaryimage\"},\"thumbnailUrl\":\"https:\/\/www.pressenza.com\/wp-content\/uploads\/2018\/12\/Campagne-pour-lattribution-du-Prix-Nobel-de-la-Paix-2019----la-Municipalit---de-Riace.jpg\",\"keywords\":[\"2019\",\"Italie\",\"Mimmo Lucano\",\"Prix Nobel de la Paix\",\"Riace\"],\"articleSection\":[\"Contenu Original\",\"Diversit\u00e9\",\"Europe\",\"International\"],\"inLanguage\":\"fr-FR\"},{\"@type\":\"WebPage\",\"@id\":\"https:\/\/www.pressenza.com\/fr\/2018\/12\/campagne-pour-lattribution-du-prix-nobel-de-la-paix-2019-a-la-municipalite-de-riace\/\",\"url\":\"https:\/\/www.pressenza.com\/fr\/2018\/12\/campagne-pour-lattribution-du-prix-nobel-de-la-paix-2019-a-la-municipalite-de-riace\/\",\"name\":\"Campagne pour l'attribution du Prix Nobel de la Paix 2019 \u00e0 la Municipalit\u00e9 de Riace\",\"isPartOf\":{\"@id\":\"https:\/\/www.pressenza.com\/fr\/#website\"},\"primaryImageOfPage\":{\"@id\":\"https:\/\/www.pressenza.com\/fr\/2018\/12\/campagne-pour-lattribution-du-prix-nobel-de-la-paix-2019-a-la-municipalite-de-riace\/#primaryimage\"},\"image\":{\"@id\":\"https:\/\/www.pressenza.com\/fr\/2018\/12\/campagne-pour-lattribution-du-prix-nobel-de-la-paix-2019-a-la-municipalite-de-riace\/#primaryimage\"},\"thumbnailUrl\":\"https:\/\/www.pressenza.com\/wp-content\/uploads\/2018\/12\/Campagne-pour-lattribution-du-Prix-Nobel-de-la-Paix-2019----la-Municipalit---de-Riace.jpg\",\"datePublished\":\"2018-12-24T23:05:12+00:00\",\"dateModified\":\"2021-10-10T22:29:23+00:00\",\"description\":\"En Italie, un r\u00e9seau d'organisations de la soci\u00e9t\u00e9 civile, d'ONGs et de municipalit\u00e9s encouragent une campagne pour attribuer \u00e0 Riace le prix Nobel 2019 :\",\"breadcrumb\":{\"@id\":\"https:\/\/www.pressenza.com\/fr\/2018\/12\/campagne-pour-lattribution-du-prix-nobel-de-la-paix-2019-a-la-municipalite-de-riace\/#breadcrumb\"},\"inLanguage\":\"fr-FR\",\"potentialAction\":[{\"@type\":\"ReadAction\",\"target\":[\"https:\/\/www.pressenza.com\/fr\/2018\/12\/campagne-pour-lattribution-du-prix-nobel-de-la-paix-2019-a-la-municipalite-de-riace\/\"]}]},{\"@type\":\"ImageObject\",\"inLanguage\":\"fr-FR\",\"@id\":\"https:\/\/www.pressenza.com\/fr\/2018\/12\/campagne-pour-lattribution-du-prix-nobel-de-la-paix-2019-a-la-municipalite-de-riace\/#primaryimage\",\"url\":\"https:\/\/www.pressenza.com\/wp-content\/uploads\/2018\/12\/Campagne-pour-lattribution-du-Prix-Nobel-de-la-Paix-2019----la-Municipalit---de-Riace.jpg\",\"contentUrl\":\"https:\/\/www.pressenza.com\/wp-content\/uploads\/2018\/12\/Campagne-pour-lattribution-du-Prix-Nobel-de-la-Paix-2019----la-Municipalit---de-Riace.jpg\",\"width\":750,\"height\":500},{\"@type\":\"BreadcrumbList\",\"@id\":\"https:\/\/www.pressenza.com\/fr\/2018\/12\/campagne-pour-lattribution-du-prix-nobel-de-la-paix-2019-a-la-municipalite-de-riace\/#breadcrumb\",\"itemListElement\":[{\"@type\":\"ListItem\",\"position\":1,\"name\":\"Accueil\",\"item\":\"https:\/\/www.pressenza.com\/fr\/\"},{\"@type\":\"ListItem\",\"position\":2,\"name\":\"Campagne pour l&rsquo;attribution du Prix Nobel de la Paix 2019 \u00e0 la Municipalit\u00e9 de Riace\"}]},{\"@type\":\"WebSite\",\"@id\":\"https:\/\/www.pressenza.com\/fr\/#website\",\"url\":\"https:\/\/www.pressenza.com\/fr\/\",\"name\":\"Pressenza\",\"description\":\"International Press Agency\",\"publisher\":{\"@id\":\"https:\/\/www.pressenza.com\/fr\/#organization\"},\"potentialAction\":[{\"@type\":\"SearchAction\",\"target\":{\"@type\":\"EntryPoint\",\"urlTemplate\":\"https:\/\/www.pressenza.com\/fr\/?s={search_term_string}\"},\"query-input\":{\"@type\":\"PropertyValueSpecification\",\"valueRequired\":true,\"valueName\":\"search_term_string\"}}],\"inLanguage\":\"fr-FR\"},{\"@type\":\"Organization\",\"@id\":\"https:\/\/www.pressenza.com\/fr\/#organization\",\"name\":\"Pressenza\",\"url\":\"https:\/\/www.pressenza.com\/fr\/\",\"logo\":{\"@type\":\"ImageObject\",\"inLanguage\":\"fr-FR\",\"@id\":\"https:\/\/www.pressenza.com\/fr\/#\/schema\/logo\/image\/\",\"url\":\"https:\/\/www.pressenza.com\/wp-content\/uploads\/2022\/10\/pressenza_logo_200x200.jpg\",\"contentUrl\":\"https:\/\/www.pressenza.com\/wp-content\/uploads\/2022\/10\/pressenza_logo_200x200.jpg\",\"width\":200,\"height\":200,\"caption\":\"Pressenza\"},\"image\":{\"@id\":\"https:\/\/www.pressenza.com\/fr\/#\/schema\/logo\/image\/\"},\"sameAs\":[\"https:\/\/www.facebook.com\/PressenzaItalia\",\"https:\/\/x.com\/PressenzaIPA\"]},{\"@type\":\"Person\",\"@id\":\"https:\/\/www.pressenza.com\/fr\/#\/schema\/person\/d983e81827ae24f2c7b1a2123d197f8d\",\"name\":\"Redazione Italia\",\"description\":\"News from the Pressenza Bureau in Italy\",\"sameAs\":[\"https:\/\/www.pressenza.com\/it\/author\/redazione-italia\/\",\"https:\/\/www.facebook.com\/PressenzaItalia\",\"https:\/\/www.instagram.com\/pressenza_italia\/\",\"https:\/\/x.com\/pressenza_it\",\"https:\/\/www.youtube.com\/channel\/UCSalEIWjE1RSxkwjfftFuqg\"],\"url\":\"https:\/\/www.pressenza.com\/fr\/author\/redazione-italia\/\"}]}<\/script>\n<!-- \/ Yoast SEO plugin. -->","yoast_head_json":{"title":"Campagne pour l'attribution du Prix Nobel de la Paix 2019 \u00e0 la Municipalit\u00e9 de Riace","description":"En Italie, un r\u00e9seau d'organisations de la soci\u00e9t\u00e9 civile, d'ONGs et de municipalit\u00e9s encouragent une campagne pour attribuer \u00e0 Riace le prix Nobel 2019 :","robots":{"index":"index","follow":"follow","max-snippet":"max-snippet:-1","max-image-preview":"max-image-preview:large","max-video-preview":"max-video-preview:-1"},"canonical":"https:\/\/www.pressenza.com\/fr\/2018\/12\/campagne-pour-lattribution-du-prix-nobel-de-la-paix-2019-a-la-municipalite-de-riace\/","og_locale":"fr_FR","og_type":"article","og_title":"Campagne pour l'attribution du Prix Nobel de la Paix 2019 \u00e0 la Municipalit\u00e9 de Riace","og_description":"En Italie, un r\u00e9seau d'organisations de la soci\u00e9t\u00e9 civile, d'ONGs et de municipalit\u00e9s encouragent une campagne pour attribuer \u00e0 Riace le prix Nobel 2019 :","og_url":"https:\/\/www.pressenza.com\/fr\/2018\/12\/campagne-pour-lattribution-du-prix-nobel-de-la-paix-2019-a-la-municipalite-de-riace\/","og_site_name":"Pressenza","article_publisher":"https:\/\/www.facebook.com\/PressenzaItalia","article_author":"https:\/\/www.facebook.com\/PressenzaItalia","article_published_time":"2018-12-24T23:05:12+00:00","article_modified_time":"2021-10-10T22:29:23+00:00","og_image":[{"width":750,"height":500,"url":"https:\/\/www.pressenza.com\/wp-content\/uploads\/2018\/12\/Campagne-pour-lattribution-du-Prix-Nobel-de-la-Paix-2019----la-Municipalit---de-Riace.jpg","type":"image\/jpeg"}],"author":"Redazione Italia","twitter_card":"summary_large_image","twitter_creator":"@pressenza_it","twitter_site":"@PressenzaIPA","twitter_misc":{"\u00c9crit par":"Redazione Italia","Dur\u00e9e de lecture estim\u00e9e":"2 minutes"},"schema":{"@context":"https:\/\/schema.org","@graph":[{"@type":"Article","@id":"https:\/\/www.pressenza.com\/fr\/2018\/12\/campagne-pour-lattribution-du-prix-nobel-de-la-paix-2019-a-la-municipalite-de-riace\/#article","isPartOf":{"@id":"https:\/\/www.pressenza.com\/fr\/2018\/12\/campagne-pour-lattribution-du-prix-nobel-de-la-paix-2019-a-la-municipalite-de-riace\/"},"author":{"name":"Redazione Italia","@id":"https:\/\/www.pressenza.com\/fr\/#\/schema\/person\/d983e81827ae24f2c7b1a2123d197f8d"},"headline":"Campagne pour l&rsquo;attribution du Prix Nobel de la Paix 2019 \u00e0 la Municipalit\u00e9 de Riace","datePublished":"2018-12-24T23:05:12+00:00","dateModified":"2021-10-10T22:29:23+00:00","mainEntityOfPage":{"@id":"https:\/\/www.pressenza.com\/fr\/2018\/12\/campagne-pour-lattribution-du-prix-nobel-de-la-paix-2019-a-la-municipalite-de-riace\/"},"wordCount":329,"publisher":{"@id":"https:\/\/www.pressenza.com\/fr\/#organization"},"image":{"@id":"https:\/\/www.pressenza.com\/fr\/2018\/12\/campagne-pour-lattribution-du-prix-nobel-de-la-paix-2019-a-la-municipalite-de-riace\/#primaryimage"},"thumbnailUrl":"https:\/\/www.pressenza.com\/wp-content\/uploads\/2018\/12\/Campagne-pour-lattribution-du-Prix-Nobel-de-la-Paix-2019----la-Municipalit---de-Riace.jpg","keywords":["2019","Italie","Mimmo Lucano","Prix Nobel de la Paix","Riace"],"articleSection":["Contenu Original","Diversit\u00e9","Europe","International"],"inLanguage":"fr-FR"},{"@type":"WebPage","@id":"https:\/\/www.pressenza.com\/fr\/2018\/12\/campagne-pour-lattribution-du-prix-nobel-de-la-paix-2019-a-la-municipalite-de-riace\/","url":"https:\/\/www.pressenza.com\/fr\/2018\/12\/campagne-pour-lattribution-du-prix-nobel-de-la-paix-2019-a-la-municipalite-de-riace\/","name":"Campagne pour l'attribution du Prix Nobel de la Paix 2019 \u00e0 la Municipalit\u00e9 de Riace","isPartOf":{"@id":"https:\/\/www.pressenza.com\/fr\/#website"},"primaryImageOfPage":{"@id":"https:\/\/www.pressenza.com\/fr\/2018\/12\/campagne-pour-lattribution-du-prix-nobel-de-la-paix-2019-a-la-municipalite-de-riace\/#primaryimage"},"image":{"@id":"https:\/\/www.pressenza.com\/fr\/2018\/12\/campagne-pour-lattribution-du-prix-nobel-de-la-paix-2019-a-la-municipalite-de-riace\/#primaryimage"},"thumbnailUrl":"https:\/\/www.pressenza.com\/wp-content\/uploads\/2018\/12\/Campagne-pour-lattribution-du-Prix-Nobel-de-la-Paix-2019----la-Municipalit---de-Riace.jpg","datePublished":"2018-12-24T23:05:12+00:00","dateModified":"2021-10-10T22:29:23+00:00","description":"En Italie, un r\u00e9seau d'organisations de la soci\u00e9t\u00e9 civile, d'ONGs et de municipalit\u00e9s encouragent une campagne pour attribuer \u00e0 Riace le prix Nobel 2019 :","breadcrumb":{"@id":"https:\/\/www.pressenza.com\/fr\/2018\/12\/campagne-pour-lattribution-du-prix-nobel-de-la-paix-2019-a-la-municipalite-de-riace\/#breadcrumb"},"inLanguage":"fr-FR","potentialAction":[{"@type":"ReadAction","target":["https:\/\/www.pressenza.com\/fr\/2018\/12\/campagne-pour-lattribution-du-prix-nobel-de-la-paix-2019-a-la-municipalite-de-riace\/"]}]},{"@type":"ImageObject","inLanguage":"fr-FR","@id":"https:\/\/www.pressenza.com\/fr\/2018\/12\/campagne-pour-lattribution-du-prix-nobel-de-la-paix-2019-a-la-municipalite-de-riace\/#primaryimage","url":"https:\/\/www.pressenza.com\/wp-content\/uploads\/2018\/12\/Campagne-pour-lattribution-du-Prix-Nobel-de-la-Paix-2019----la-Municipalit---de-Riace.jpg","contentUrl":"https:\/\/www.pressenza.com\/wp-content\/uploads\/2018\/12\/Campagne-pour-lattribution-du-Prix-Nobel-de-la-Paix-2019----la-Municipalit---de-Riace.jpg","width":750,"height":500},{"@type":"BreadcrumbList","@id":"https:\/\/www.pressenza.com\/fr\/2018\/12\/campagne-pour-lattribution-du-prix-nobel-de-la-paix-2019-a-la-municipalite-de-riace\/#breadcrumb","itemListElement":[{"@type":"ListItem","position":1,"name":"Accueil","item":"https:\/\/www.pressenza.com\/fr\/"},{"@type":"ListItem","position":2,"name":"Campagne pour l&rsquo;attribution du Prix Nobel de la Paix 2019 \u00e0 la Municipalit\u00e9 de Riace"}]},{"@type":"WebSite","@id":"https:\/\/www.pressenza.com\/fr\/#website","url":"https:\/\/www.pressenza.com\/fr\/","name":"Pressenza","description":"International Press Agency","publisher":{"@id":"https:\/\/www.pressenza.com\/fr\/#organization"},"potentialAction":[{"@type":"SearchAction","target":{"@type":"EntryPoint","urlTemplate":"https:\/\/www.pressenza.com\/fr\/?s={search_term_string}"},"query-input":{"@type":"PropertyValueSpecification","valueRequired":true,"valueName":"search_term_string"}}],"inLanguage":"fr-FR"},{"@type":"Organization","@id":"https:\/\/www.pressenza.com\/fr\/#organization","name":"Pressenza","url":"https:\/\/www.pressenza.com\/fr\/","logo":{"@type":"ImageObject","inLanguage":"fr-FR","@id":"https:\/\/www.pressenza.com\/fr\/#\/schema\/logo\/image\/","url":"https:\/\/www.pressenza.com\/wp-content\/uploads\/2022\/10\/pressenza_logo_200x200.jpg","contentUrl":"https:\/\/www.pressenza.com\/wp-content\/uploads\/2022\/10\/pressenza_logo_200x200.jpg","width":200,"height":200,"caption":"Pressenza"},"image":{"@id":"https:\/\/www.pressenza.com\/fr\/#\/schema\/logo\/image\/"},"sameAs":["https:\/\/www.facebook.com\/PressenzaItalia","https:\/\/x.com\/PressenzaIPA"]},{"@type":"Person","@id":"https:\/\/www.pressenza.com\/fr\/#\/schema\/person\/d983e81827ae24f2c7b1a2123d197f8d","name":"Redazione Italia","description":"News from the Pressenza Bureau in Italy","sameAs":["https:\/\/www.pressenza.com\/it\/author\/redazione-italia\/","https:\/\/www.facebook.com\/PressenzaItalia","https:\/\/www.instagram.com\/pressenza_italia\/","https:\/\/x.com\/pressenza_it","https:\/\/www.youtube.com\/channel\/UCSalEIWjE1RSxkwjfftFuqg"],"url":"https:\/\/www.pressenza.com\/fr\/author\/redazione-italia\/"}]}},"place":"Italie","original_article_url":"","_links":{"self":[{"href":"https:\/\/www.pressenza.com\/fr\/wp-json\/wp\/v2\/posts\/780389","targetHints":{"allow":["GET"]}}],"collection":[{"href":"https:\/\/www.pressenza.com\/fr\/wp-json\/wp\/v2\/posts"}],"about":[{"href":"https:\/\/www.pressenza.com\/fr\/wp-json\/wp\/v2\/types\/post"}],"author":[{"embeddable":true,"href":"https:\/\/www.pressenza.com\/fr\/wp-json\/wp\/v2\/users\/594"}],"replies":[{"embeddable":true,"href":"https:\/\/www.pressenza.com\/fr\/wp-json\/wp\/v2\/comments?post=780389"}],"version-history":[{"count":0,"href":"https:\/\/www.pressenza.com\/fr\/wp-json\/wp\/v2\/posts\/780389\/revisions"}],"wp:featuredmedia":[{"embeddable":true,"href":"https:\/\/www.pressenza.com\/fr\/wp-json\/wp\/v2\/media\/780391"}],"wp:attachment":[{"href":"https:\/\/www.pressenza.com\/fr\/wp-json\/wp\/v2\/media?parent=780389"}],"wp:term":[{"taxonomy":"category","embeddable":true,"href":"https:\/\/www.pressenza.com\/fr\/wp-json\/wp\/v2\/categories?post=780389"},{"taxonomy":"post_tag","embeddable":true,"href":"https:\/\/www.pressenza.com\/fr\/wp-json\/wp\/v2\/tags?post=780389"}],"curies":[{"name":"wp","href":"https:\/\/api.w.org\/{rel}","templated":true}]}}