{"id":780125,"date":"2018-12-24T00:50:14","date_gmt":"2018-12-24T00:50:14","guid":{"rendered":"https:\/\/www.pressenza.com\/?p=780125"},"modified":"2018-12-24T00:50:14","modified_gmt":"2018-12-24T00:50:14","slug":"cuba-appelle-a-un-referendum-sur-la-nouvelle-constitution","status":"publish","type":"post","link":"https:\/\/www.pressenza.com\/fr\/2018\/12\/cuba-appelle-a-un-referendum-sur-la-nouvelle-constitution\/","title":{"rendered":"Cuba appelle \u00e0 un r\u00e9f\u00e9rendum sur la nouvelle Constitution"},"content":{"rendered":"<p>L&rsquo;Assembl\u00e9e nationale du pouvoir populaire de Cuba a appel\u00e9 ce 23 d\u00e9cembre, pour le dimanche 24 f\u00e9vrier 2019, \u00e0 un r\u00e9f\u00e9rendum au cours duquel les citoyens ratifieront ou non la Constitution approuv\u00e9e en s\u00e9ance pl\u00e9ni\u00e8re du corps l\u00e9gislatif.<\/p>\n<p>Le Pr\u00e9sident de l&rsquo;Assembl\u00e9e, Esteban Lazo, a rappel\u00e9 que l&rsquo;article 137 de la Constitution actuelle dispose que l&rsquo;entr\u00e9e en vigueur de la Constitution n\u00e9cessite une consultation populaire, \u00e0 laquelle peuvent participer plus de huit millions de Cubains ayant le droit de vote.<br \/>\nLa question centrale du r\u00e9f\u00e9rendum sera : \u00a0\u00bb Ratifiez-vous la nouvelle Constitution de la R\u00e9publique \u00ab\u00a0, le rendez-vous est dans les urnes, o\u00f9 la loi des lois sera consid\u00e9r\u00e9 comme ratifi\u00e9 si la majorit\u00e9 des citoyens r\u00e9pondent positivement.<\/p>\n<p>Avant l&rsquo;appel \u00e0 la consultation, les 583 d\u00e9put\u00e9s pr\u00e9sents au Palais des congr\u00e8s de cette capitale, dans la deuxi\u00e8me p\u00e9riode ordinaire de la IX l\u00e9gislature, ont soutenu le texte, enrichi de l&rsquo;avis du peuple dans plus de 133.000 r\u00e9unions tenues du 13 ao\u00fbt au 15 novembre, avec la participation de pr\u00e8s de neuf millions de Cubains.<\/p>\n<p>Dix-neuf parlementaires \u00e9taient absents de la session d&rsquo;aujourd&rsquo;hui.<\/p>\n","protected":false},"excerpt":{"rendered":"<p>L&rsquo;Assembl\u00e9e nationale du pouvoir populaire de Cuba a appel\u00e9 ce 23 d\u00e9cembre, pour le dimanche 24 f\u00e9vrier 2019, \u00e0 un r\u00e9f\u00e9rendum au cours duquel les citoyens ratifieront ou non la Constitution approuv\u00e9e en s\u00e9ance pl\u00e9ni\u00e8re du corps l\u00e9gislatif. Le Pr\u00e9sident&hellip;<\/p>\n","protected":false},"author":90,"featured_media":779834,"comment_status":"closed","ping_status":"closed","sticky":false,"template":"","format":"standard","meta":{"footnotes":""},"categories":[88,93],"tags":[271,262,26671,2388,53118],"class_list":["post-780125","post","type-post","status-publish","format-standard","has-post-thumbnail","hentry","category-amerique-centrale","category-politique","tag-cuba","tag-democratie","tag-nouvelle-constitution","tag-referendum-fr","tag-referendum-sur-la-nouvelle-constitution"],"yoast_head":"<!-- This site is optimized with the Yoast SEO plugin v27.1.1 - https:\/\/yoast.com\/product\/yoast-seo-wordpress\/ -->\n<title>Cuba appelle \u00e0 un r\u00e9f\u00e9rendum sur la nouvelle Constitution<\/title>\n<meta name=\"description\" content=\"L&#039;Assembl\u00e9e nationale du pouvoir populaire de Cuba a appel\u00e9 ce 23 d\u00e9cembre, pour le dimanche 24 f\u00e9vrier 2019, \u00e0 un r\u00e9f\u00e9rendum au cours duquel les citoyens\" \/>\n<meta name=\"robots\" content=\"index, follow, max-snippet:-1, max-image-preview:large, max-video-preview:-1\" \/>\n<link rel=\"canonical\" href=\"https:\/\/www.pressenza.com\/fr\/2018\/12\/cuba-appelle-a-un-referendum-sur-la-nouvelle-constitution\/\" \/>\n<meta property=\"og:locale\" content=\"fr_FR\" \/>\n<meta property=\"og:type\" content=\"article\" \/>\n<meta property=\"og:title\" content=\"Cuba appelle \u00e0 un r\u00e9f\u00e9rendum sur la nouvelle Constitution\" \/>\n<meta property=\"og:description\" content=\"L&#039;Assembl\u00e9e nationale du pouvoir populaire de Cuba a appel\u00e9 ce 23 d\u00e9cembre, pour le dimanche 24 f\u00e9vrier 2019, \u00e0 un r\u00e9f\u00e9rendum au cours duquel les citoyens\" \/>\n<meta property=\"og:url\" content=\"https:\/\/www.pressenza.com\/fr\/2018\/12\/cuba-appelle-a-un-referendum-sur-la-nouvelle-constitution\/\" \/>\n<meta property=\"og:site_name\" content=\"Pressenza\" \/>\n<meta property=\"article:publisher\" content=\"https:\/\/www.facebook.com\/PressenzaItalia\" \/>\n<meta property=\"article:author\" content=\"https:\/\/www.facebook.com\/AgenciaPrensaLatina\" \/>\n<meta property=\"article:published_time\" content=\"2018-12-24T00:50:14+00:00\" \/>\n<meta property=\"og:image\" content=\"https:\/\/www.pressenza.com\/wp-content\/uploads\/2018\/12\/emilio6.jpg\" \/>\n\t<meta property=\"og:image:width\" content=\"748\" \/>\n\t<meta property=\"og:image:height\" content=\"498\" \/>\n\t<meta property=\"og:image:type\" content=\"image\/jpeg\" \/>\n<meta name=\"author\" content=\"Prensa Latina\" \/>\n<meta name=\"twitter:card\" content=\"summary_large_image\" \/>\n<meta name=\"twitter:creator\" content=\"@prensalatina_cu\" \/>\n<meta name=\"twitter:site\" content=\"@PressenzaIPA\" \/>\n<meta name=\"twitter:label1\" content=\"\u00c9crit par\" \/>\n\t<meta name=\"twitter:data1\" content=\"Prensa Latina\" \/>\n\t<meta name=\"twitter:label2\" content=\"Dur\u00e9e de lecture estim\u00e9e\" \/>\n\t<meta name=\"twitter:data2\" content=\"1 minute\" \/>\n<script type=\"application\/ld+json\" class=\"yoast-schema-graph\">{\"@context\":\"https:\/\/schema.org\",\"@graph\":[{\"@type\":\"Article\",\"@id\":\"https:\/\/www.pressenza.com\/fr\/2018\/12\/cuba-appelle-a-un-referendum-sur-la-nouvelle-constitution\/#article\",\"isPartOf\":{\"@id\":\"https:\/\/www.pressenza.com\/fr\/2018\/12\/cuba-appelle-a-un-referendum-sur-la-nouvelle-constitution\/\"},\"author\":{\"name\":\"Prensa Latina\",\"@id\":\"https:\/\/www.pressenza.com\/fr\/#\/schema\/person\/e35c78ffa242d98f4f49ccb18c8631de\"},\"headline\":\"Cuba appelle \u00e0 un r\u00e9f\u00e9rendum sur la nouvelle Constitution\",\"datePublished\":\"2018-12-24T00:50:14+00:00\",\"mainEntityOfPage\":{\"@id\":\"https:\/\/www.pressenza.com\/fr\/2018\/12\/cuba-appelle-a-un-referendum-sur-la-nouvelle-constitution\/\"},\"wordCount\":215,\"publisher\":{\"@id\":\"https:\/\/www.pressenza.com\/fr\/#organization\"},\"image\":{\"@id\":\"https:\/\/www.pressenza.com\/fr\/2018\/12\/cuba-appelle-a-un-referendum-sur-la-nouvelle-constitution\/#primaryimage\"},\"thumbnailUrl\":\"https:\/\/www.pressenza.com\/wp-content\/uploads\/2018\/12\/emilio6.jpg\",\"keywords\":[\"Cuba\",\"D\u00e9mocratie\",\"nouvelle constitution\",\"r\u00e9f\u00e9rendum\",\"r\u00e9f\u00e9rendum sur la nouvelle Constitution\"],\"articleSection\":[\"Am\u00e9rique centrale\",\"Politique\"],\"inLanguage\":\"fr-FR\"},{\"@type\":\"WebPage\",\"@id\":\"https:\/\/www.pressenza.com\/fr\/2018\/12\/cuba-appelle-a-un-referendum-sur-la-nouvelle-constitution\/\",\"url\":\"https:\/\/www.pressenza.com\/fr\/2018\/12\/cuba-appelle-a-un-referendum-sur-la-nouvelle-constitution\/\",\"name\":\"Cuba appelle \u00e0 un r\u00e9f\u00e9rendum sur la nouvelle Constitution\",\"isPartOf\":{\"@id\":\"https:\/\/www.pressenza.com\/fr\/#website\"},\"primaryImageOfPage\":{\"@id\":\"https:\/\/www.pressenza.com\/fr\/2018\/12\/cuba-appelle-a-un-referendum-sur-la-nouvelle-constitution\/#primaryimage\"},\"image\":{\"@id\":\"https:\/\/www.pressenza.com\/fr\/2018\/12\/cuba-appelle-a-un-referendum-sur-la-nouvelle-constitution\/#primaryimage\"},\"thumbnailUrl\":\"https:\/\/www.pressenza.com\/wp-content\/uploads\/2018\/12\/emilio6.jpg\",\"datePublished\":\"2018-12-24T00:50:14+00:00\",\"description\":\"L'Assembl\u00e9e nationale du pouvoir populaire de Cuba a appel\u00e9 ce 23 d\u00e9cembre, pour le dimanche 24 f\u00e9vrier 2019, \u00e0 un r\u00e9f\u00e9rendum au cours duquel les citoyens\",\"breadcrumb\":{\"@id\":\"https:\/\/www.pressenza.com\/fr\/2018\/12\/cuba-appelle-a-un-referendum-sur-la-nouvelle-constitution\/#breadcrumb\"},\"inLanguage\":\"fr-FR\",\"potentialAction\":[{\"@type\":\"ReadAction\",\"target\":[\"https:\/\/www.pressenza.com\/fr\/2018\/12\/cuba-appelle-a-un-referendum-sur-la-nouvelle-constitution\/\"]}]},{\"@type\":\"ImageObject\",\"inLanguage\":\"fr-FR\",\"@id\":\"https:\/\/www.pressenza.com\/fr\/2018\/12\/cuba-appelle-a-un-referendum-sur-la-nouvelle-constitution\/#primaryimage\",\"url\":\"https:\/\/www.pressenza.com\/wp-content\/uploads\/2018\/12\/emilio6.jpg\",\"contentUrl\":\"https:\/\/www.pressenza.com\/wp-content\/uploads\/2018\/12\/emilio6.jpg\",\"width\":748,\"height\":498},{\"@type\":\"BreadcrumbList\",\"@id\":\"https:\/\/www.pressenza.com\/fr\/2018\/12\/cuba-appelle-a-un-referendum-sur-la-nouvelle-constitution\/#breadcrumb\",\"itemListElement\":[{\"@type\":\"ListItem\",\"position\":1,\"name\":\"Accueil\",\"item\":\"https:\/\/www.pressenza.com\/fr\/\"},{\"@type\":\"ListItem\",\"position\":2,\"name\":\"Cuba appelle \u00e0 un r\u00e9f\u00e9rendum sur la nouvelle Constitution\"}]},{\"@type\":\"WebSite\",\"@id\":\"https:\/\/www.pressenza.com\/fr\/#website\",\"url\":\"https:\/\/www.pressenza.com\/fr\/\",\"name\":\"Pressenza\",\"description\":\"International Press Agency\",\"publisher\":{\"@id\":\"https:\/\/www.pressenza.com\/fr\/#organization\"},\"potentialAction\":[{\"@type\":\"SearchAction\",\"target\":{\"@type\":\"EntryPoint\",\"urlTemplate\":\"https:\/\/www.pressenza.com\/fr\/?s={search_term_string}\"},\"query-input\":{\"@type\":\"PropertyValueSpecification\",\"valueRequired\":true,\"valueName\":\"search_term_string\"}}],\"inLanguage\":\"fr-FR\"},{\"@type\":\"Organization\",\"@id\":\"https:\/\/www.pressenza.com\/fr\/#organization\",\"name\":\"Pressenza\",\"url\":\"https:\/\/www.pressenza.com\/fr\/\",\"logo\":{\"@type\":\"ImageObject\",\"inLanguage\":\"fr-FR\",\"@id\":\"https:\/\/www.pressenza.com\/fr\/#\/schema\/logo\/image\/\",\"url\":\"https:\/\/www.pressenza.com\/wp-content\/uploads\/2022\/10\/pressenza_logo_200x200.jpg\",\"contentUrl\":\"https:\/\/www.pressenza.com\/wp-content\/uploads\/2022\/10\/pressenza_logo_200x200.jpg\",\"width\":200,\"height\":200,\"caption\":\"Pressenza\"},\"image\":{\"@id\":\"https:\/\/www.pressenza.com\/fr\/#\/schema\/logo\/image\/\"},\"sameAs\":[\"https:\/\/www.facebook.com\/PressenzaItalia\",\"https:\/\/x.com\/PressenzaIPA\"]},{\"@type\":\"Person\",\"@id\":\"https:\/\/www.pressenza.com\/fr\/#\/schema\/person\/e35c78ffa242d98f4f49ccb18c8631de\",\"name\":\"Prensa Latina\",\"description\":\"www.prensa-latina.cu\",\"sameAs\":[\"https:\/\/www.facebook.com\/AgenciaPrensaLatina\",\"https:\/\/x.com\/prensalatina_cu\"],\"url\":\"https:\/\/www.pressenza.com\/fr\/author\/prensa-latina\/\"}]}<\/script>\n<!-- \/ Yoast SEO plugin. -->","yoast_head_json":{"title":"Cuba appelle \u00e0 un r\u00e9f\u00e9rendum sur la nouvelle Constitution","description":"L'Assembl\u00e9e nationale du pouvoir populaire de Cuba a appel\u00e9 ce 23 d\u00e9cembre, pour le dimanche 24 f\u00e9vrier 2019, \u00e0 un r\u00e9f\u00e9rendum au cours duquel les citoyens","robots":{"index":"index","follow":"follow","max-snippet":"max-snippet:-1","max-image-preview":"max-image-preview:large","max-video-preview":"max-video-preview:-1"},"canonical":"https:\/\/www.pressenza.com\/fr\/2018\/12\/cuba-appelle-a-un-referendum-sur-la-nouvelle-constitution\/","og_locale":"fr_FR","og_type":"article","og_title":"Cuba appelle \u00e0 un r\u00e9f\u00e9rendum sur la nouvelle Constitution","og_description":"L'Assembl\u00e9e nationale du pouvoir populaire de Cuba a appel\u00e9 ce 23 d\u00e9cembre, pour le dimanche 24 f\u00e9vrier 2019, \u00e0 un r\u00e9f\u00e9rendum au cours duquel les citoyens","og_url":"https:\/\/www.pressenza.com\/fr\/2018\/12\/cuba-appelle-a-un-referendum-sur-la-nouvelle-constitution\/","og_site_name":"Pressenza","article_publisher":"https:\/\/www.facebook.com\/PressenzaItalia","article_author":"https:\/\/www.facebook.com\/AgenciaPrensaLatina","article_published_time":"2018-12-24T00:50:14+00:00","og_image":[{"width":748,"height":498,"url":"https:\/\/www.pressenza.com\/wp-content\/uploads\/2018\/12\/emilio6.jpg","type":"image\/jpeg"}],"author":"Prensa Latina","twitter_card":"summary_large_image","twitter_creator":"@prensalatina_cu","twitter_site":"@PressenzaIPA","twitter_misc":{"\u00c9crit par":"Prensa Latina","Dur\u00e9e de lecture estim\u00e9e":"1 minute"},"schema":{"@context":"https:\/\/schema.org","@graph":[{"@type":"Article","@id":"https:\/\/www.pressenza.com\/fr\/2018\/12\/cuba-appelle-a-un-referendum-sur-la-nouvelle-constitution\/#article","isPartOf":{"@id":"https:\/\/www.pressenza.com\/fr\/2018\/12\/cuba-appelle-a-un-referendum-sur-la-nouvelle-constitution\/"},"author":{"name":"Prensa Latina","@id":"https:\/\/www.pressenza.com\/fr\/#\/schema\/person\/e35c78ffa242d98f4f49ccb18c8631de"},"headline":"Cuba appelle \u00e0 un r\u00e9f\u00e9rendum sur la nouvelle Constitution","datePublished":"2018-12-24T00:50:14+00:00","mainEntityOfPage":{"@id":"https:\/\/www.pressenza.com\/fr\/2018\/12\/cuba-appelle-a-un-referendum-sur-la-nouvelle-constitution\/"},"wordCount":215,"publisher":{"@id":"https:\/\/www.pressenza.com\/fr\/#organization"},"image":{"@id":"https:\/\/www.pressenza.com\/fr\/2018\/12\/cuba-appelle-a-un-referendum-sur-la-nouvelle-constitution\/#primaryimage"},"thumbnailUrl":"https:\/\/www.pressenza.com\/wp-content\/uploads\/2018\/12\/emilio6.jpg","keywords":["Cuba","D\u00e9mocratie","nouvelle constitution","r\u00e9f\u00e9rendum","r\u00e9f\u00e9rendum sur la nouvelle Constitution"],"articleSection":["Am\u00e9rique centrale","Politique"],"inLanguage":"fr-FR"},{"@type":"WebPage","@id":"https:\/\/www.pressenza.com\/fr\/2018\/12\/cuba-appelle-a-un-referendum-sur-la-nouvelle-constitution\/","url":"https:\/\/www.pressenza.com\/fr\/2018\/12\/cuba-appelle-a-un-referendum-sur-la-nouvelle-constitution\/","name":"Cuba appelle \u00e0 un r\u00e9f\u00e9rendum sur la nouvelle Constitution","isPartOf":{"@id":"https:\/\/www.pressenza.com\/fr\/#website"},"primaryImageOfPage":{"@id":"https:\/\/www.pressenza.com\/fr\/2018\/12\/cuba-appelle-a-un-referendum-sur-la-nouvelle-constitution\/#primaryimage"},"image":{"@id":"https:\/\/www.pressenza.com\/fr\/2018\/12\/cuba-appelle-a-un-referendum-sur-la-nouvelle-constitution\/#primaryimage"},"thumbnailUrl":"https:\/\/www.pressenza.com\/wp-content\/uploads\/2018\/12\/emilio6.jpg","datePublished":"2018-12-24T00:50:14+00:00","description":"L'Assembl\u00e9e nationale du pouvoir populaire de Cuba a appel\u00e9 ce 23 d\u00e9cembre, pour le dimanche 24 f\u00e9vrier 2019, \u00e0 un r\u00e9f\u00e9rendum au cours duquel les citoyens","breadcrumb":{"@id":"https:\/\/www.pressenza.com\/fr\/2018\/12\/cuba-appelle-a-un-referendum-sur-la-nouvelle-constitution\/#breadcrumb"},"inLanguage":"fr-FR","potentialAction":[{"@type":"ReadAction","target":["https:\/\/www.pressenza.com\/fr\/2018\/12\/cuba-appelle-a-un-referendum-sur-la-nouvelle-constitution\/"]}]},{"@type":"ImageObject","inLanguage":"fr-FR","@id":"https:\/\/www.pressenza.com\/fr\/2018\/12\/cuba-appelle-a-un-referendum-sur-la-nouvelle-constitution\/#primaryimage","url":"https:\/\/www.pressenza.com\/wp-content\/uploads\/2018\/12\/emilio6.jpg","contentUrl":"https:\/\/www.pressenza.com\/wp-content\/uploads\/2018\/12\/emilio6.jpg","width":748,"height":498},{"@type":"BreadcrumbList","@id":"https:\/\/www.pressenza.com\/fr\/2018\/12\/cuba-appelle-a-un-referendum-sur-la-nouvelle-constitution\/#breadcrumb","itemListElement":[{"@type":"ListItem","position":1,"name":"Accueil","item":"https:\/\/www.pressenza.com\/fr\/"},{"@type":"ListItem","position":2,"name":"Cuba appelle \u00e0 un r\u00e9f\u00e9rendum sur la nouvelle Constitution"}]},{"@type":"WebSite","@id":"https:\/\/www.pressenza.com\/fr\/#website","url":"https:\/\/www.pressenza.com\/fr\/","name":"Pressenza","description":"International Press Agency","publisher":{"@id":"https:\/\/www.pressenza.com\/fr\/#organization"},"potentialAction":[{"@type":"SearchAction","target":{"@type":"EntryPoint","urlTemplate":"https:\/\/www.pressenza.com\/fr\/?s={search_term_string}"},"query-input":{"@type":"PropertyValueSpecification","valueRequired":true,"valueName":"search_term_string"}}],"inLanguage":"fr-FR"},{"@type":"Organization","@id":"https:\/\/www.pressenza.com\/fr\/#organization","name":"Pressenza","url":"https:\/\/www.pressenza.com\/fr\/","logo":{"@type":"ImageObject","inLanguage":"fr-FR","@id":"https:\/\/www.pressenza.com\/fr\/#\/schema\/logo\/image\/","url":"https:\/\/www.pressenza.com\/wp-content\/uploads\/2022\/10\/pressenza_logo_200x200.jpg","contentUrl":"https:\/\/www.pressenza.com\/wp-content\/uploads\/2022\/10\/pressenza_logo_200x200.jpg","width":200,"height":200,"caption":"Pressenza"},"image":{"@id":"https:\/\/www.pressenza.com\/fr\/#\/schema\/logo\/image\/"},"sameAs":["https:\/\/www.facebook.com\/PressenzaItalia","https:\/\/x.com\/PressenzaIPA"]},{"@type":"Person","@id":"https:\/\/www.pressenza.com\/fr\/#\/schema\/person\/e35c78ffa242d98f4f49ccb18c8631de","name":"Prensa Latina","description":"www.prensa-latina.cu","sameAs":["https:\/\/www.facebook.com\/AgenciaPrensaLatina","https:\/\/x.com\/prensalatina_cu"],"url":"https:\/\/www.pressenza.com\/fr\/author\/prensa-latina\/"}]}},"place":"La Havane, Cuba","original_article_url":"https:\/\/www.prensa-latina.cu\/index.php?o=rn&id=239121&SEO=convocan-en-cuba-a-referendo-sobre-nueva-constitucion","_links":{"self":[{"href":"https:\/\/www.pressenza.com\/fr\/wp-json\/wp\/v2\/posts\/780125","targetHints":{"allow":["GET"]}}],"collection":[{"href":"https:\/\/www.pressenza.com\/fr\/wp-json\/wp\/v2\/posts"}],"about":[{"href":"https:\/\/www.pressenza.com\/fr\/wp-json\/wp\/v2\/types\/post"}],"author":[{"embeddable":true,"href":"https:\/\/www.pressenza.com\/fr\/wp-json\/wp\/v2\/users\/90"}],"replies":[{"embeddable":true,"href":"https:\/\/www.pressenza.com\/fr\/wp-json\/wp\/v2\/comments?post=780125"}],"version-history":[{"count":0,"href":"https:\/\/www.pressenza.com\/fr\/wp-json\/wp\/v2\/posts\/780125\/revisions"}],"wp:featuredmedia":[{"embeddable":true,"href":"https:\/\/www.pressenza.com\/fr\/wp-json\/wp\/v2\/media\/779834"}],"wp:attachment":[{"href":"https:\/\/www.pressenza.com\/fr\/wp-json\/wp\/v2\/media?parent=780125"}],"wp:term":[{"taxonomy":"category","embeddable":true,"href":"https:\/\/www.pressenza.com\/fr\/wp-json\/wp\/v2\/categories?post=780125"},{"taxonomy":"post_tag","embeddable":true,"href":"https:\/\/www.pressenza.com\/fr\/wp-json\/wp\/v2\/tags?post=780125"}],"curies":[{"name":"wp","href":"https:\/\/api.w.org\/{rel}","templated":true}]}}