{"id":777660,"date":"2018-12-18T11:43:42","date_gmt":"2018-12-18T11:43:42","guid":{"rendered":"https:\/\/www.pressenza.com\/?p=777660"},"modified":"2018-12-18T11:43:42","modified_gmt":"2018-12-18T11:43:42","slug":"la-via-campesina-et-ses-allies-appellent-a-un-accord-pour-un-pacte-de-solidarite-avec-les-migrant-e-s","status":"publish","type":"post","link":"https:\/\/www.pressenza.com\/fr\/2018\/12\/la-via-campesina-et-ses-allies-appellent-a-un-accord-pour-un-pacte-de-solidarite-avec-les-migrant-e-s\/","title":{"rendered":"La Via Campesina et ses alli\u00e9s appellent \u00e0 un accord pour un pacte de solidarit\u00e9 avec les migrant.e.s"},"content":{"rendered":"<p>Les 8 et 9 d\u00e9cembre 2018 \u00e0 Marrakech, La Via Campesina et ses alli\u00e9s locaux et internationaux, notamment les plus importantes organisations marocaines de d\u00e9fense des droits humains et repr\u00e9sentant les subsahariens migrant au Maroc, ont organis\u00e9 le\u00a0<a href=\"https:\/\/viacampesina.org\/fr\/la-via-campesina-au-maroc-pour-un-pacte-global-de-solidarite-avec-les-migrants-et-les-refugies\/\" target=\"_blank\" rel=\"noopener\">sommet des peuples pour un pacte de solidarit\u00e9 avec les migrant.e.s<\/a>, avec la participation de 90 d\u00e9l\u00e9gu\u00e9s repr\u00e9sentant 4 continents. \u00c9v\u00e9nement phare, ce sommet a \u00e9t\u00e9 la seule alliance pr\u00e9sente \u00e0 Marrakech \u00e0 produire une position commune refusant le Pacte Mondial sur les Migrations. Les travaux du sommet ont \u00e9t\u00e9 couronn\u00e9s par le lancement de la d\u00e9claration suivante :<\/p>\n<p><strong>ACCORD POUR UN PACTE INTERNATIONAL DE SOLIDARIT\u00c9 ET D\u2019UNIT\u00c9 D\u2019ACTION POUR LES DROITS DE TOUTES LES PERSONNES MIGRANTES ET REFUGI\u00c9ES<\/strong><\/p>\n<p><strong>I. Introduction<\/strong><\/p>\n<p>Le Sommet des Peuples pour un Pacte mondial de solidarit\u00e9 avec les migrant\u00b7e\u00b7s et les r\u00e9fugi\u00e9\u00b7e\u00b7s s\u2019est tenu \u00e0 Marrakech les 8 et 9 d\u00e9cembre 2018, sous les auspices de La Via Campesina et de ses organisations membres dans le processus MENA1, en particulier la F\u00e9d\u00e9ration Nationale du Secteur Agricole (FNSA), en coordination avec l\u2019Association Marocaine des Droits Humains (AMDH), la Coordination Maghr\u00e9bine des Organisations des droits Humains (CMODH), la Plate-forme des Associations et Communaut\u00e9s Subsahariennes au Maroc (P. ASCOMS), ainsi que AlarmPhone, en plus d\u2019autres mouvements et communaut\u00e9s. A l\u2019issue de cette rencontre, nous annon\u00e7ons notre proposition d\u2019accord pour un Pacte international de solidarit\u00e9 et d\u2019unit\u00e9 d\u2019action pour les droits de tous les migrant\u00b7e\u00b7s et les r\u00e9fugi\u00e9\u00b7e\u00b7s, sur la base des consid\u00e9rations suivantes :<\/p>\n<p><strong>La situation actuelle de la migration<\/strong><\/p>\n<p>La crise des politiques migratoires actuelle repr\u00e9sente une d\u00e9b\u00e2cle humaine ayant atteint des proportions jamais observ\u00e9es dans l\u2019histoire contemporaine de la civilisation. Jamais l\u2019humanit\u00e9 n\u2019a atteint un niveau aussi bas de d\u00e9shumanisation et de barbarie qui rappellent les instants les plus sombres de notre histoire r\u00e9cente depuis la p\u00e9riode colonialiste.<\/p>\n<p>Un terrible aspect de la situation actuelle de la migration est l\u2019esclavage moderne que vivent des millions de personnes. Cette situation ne peut \u00eatre comparable qu\u2019aux pires moments de la brutale conqu\u00eate colonialiste du Sud, ayant \u00e9t\u00e9 motiv\u00e9e par l\u2019extraction des ressources naturelles et l\u2019accumulation du capital aux mains d\u2019une poign\u00e9e des \u00c9tats du Nord.<\/p>\n<p>Du Maroc aux fronti\u00e8res mexicaines, en passant par l\u2019Afrique du Nord, le sud de l\u2019Espagne, l\u2019Am\u00e9rique centrale et le Bangladesh, des souffrances \u00e0 travers le monde sont dues aux d\u00e9placements forc\u00e9s d\u2019\u00eatres humains. Par cons\u00e9quent, des familles, des communaut\u00e9s, des peuples et des r\u00e9gions sont d\u00e9vast\u00e9es par les exodes massifs, les expulsions et les expropriations. Dans des r\u00e9gions comme l\u2019Asie, \u00e0 ce d\u00e9sastre s\u2019ajoute les grandes catastrophes climatiques, dues \u00e0 une recherche et \u00e0 une concentration sans fin de profits \u2013 la principale caract\u00e9ristique d\u2019actuel syst\u00e8me \u00e9conomique sauvage. Dans d\u2019autres r\u00e9gions, comme l\u2019Afrique, le Moyen-Orient et l\u2019Am\u00e9rique, la violence des plus forts, les guerres et les conflits puisent principalement leurs sources dans l\u2019accaparement des terres, l\u2019occupation des territoires \u2013 telle que celle qui chasse et d\u00e9place des millions de palestiniens -, l\u2019exploitation des ressources naturelles comme le p\u00e9trole et les minerais. De plus, le racisme, l\u2019intol\u00e9rance, l\u2019autoritarisme, l\u2019impunit\u00e9, le trafic des drogues et le crime organis\u00e9 sont des facteurs aggravants.<\/p>\n<p>Dans la majorit\u00e9 des cas, les in\u00e9galit\u00e9s et la marginalisation se joignent \u00e0 la pauvret\u00e9 et \u00e0 la mis\u00e8re. Nous assistons \u00e0 l\u2019exploitation barbare des travailleur\u00b7euse\u00b7s migrant\u00b7e\u00b7s \u00e0 bas prix, dans le Nord et les p\u00e9riph\u00e9ries, o\u00f9 un mode de production abusif de biens et de services continue d\u2019alimenter l\u2019app\u00e9tit vorace du consum\u00e9risme moderne des privil\u00e9gi\u00e9s.<\/p>\n<p>Aujourd\u2019hui, l\u2019\u00e9norme trag\u00e9die des morts dans la M\u00e9diterran\u00e9e, dans les d\u00e9serts du Sahara et du Sud-est entre les \u00c9tats-Unis et le Mexique, pour ne citer que quelques-uns des points chauds de la situation migratoire, refl\u00e8tent bien cette d\u00e9b\u00e2cle de la civilisation.<\/p>\n<p><strong>La r\u00e9ponse des \u00c9tats<\/strong><\/p>\n<p>En r\u00e9ponse \u00e0 la crise, les \u00c9tats les plus puissants \u00e9conomiquement tiennent en otage de nombreux pays du Sud en imposant leurs politiques \u00e9conomiques et migratoires, et en se serrant les coudes pour r\u00e9primer la migration par la militarisation des fronti\u00e8res, l\u2019emprisonnement massif, la prolif\u00e9ration des murs et des centres de d\u00e9tention \u2013 semblables aux camps de concentration -, la criminalisation des personnes pour le simple fait qu\u2019elles soient migrantes, en plus d\u2019en organiser la d\u00e9portation. Cette offensive contre les migrant\u00b7e\u00b7s est une strat\u00e9gie s\u00e9curitaire qui inclut la r\u00e9pression des organisations, des militants des droits humains, et de toute personne apportant de l\u2019aide aux migrant\u00b7e\u00b7s. Cette strat\u00e9gie englobe aussi les divisions provoqu\u00e9es dans les rangs des travailleur\u00b7euse\u00b7s et des populations opprim\u00e9es.<\/p>\n<p>De toute \u00e9vidence, un aspect fondamental de cette attaque contre les migrant\u00b7e\u00b7s et les r\u00e9fugi\u00e9\u00b7e\u00b7s est la continuit\u00e9 de mise en \u0153uvre par les \u00c9tats de politiques n\u00e9olib\u00e9rales au service des soci\u00e9t\u00e9s multinationales et du capital financier qui, en toute libert\u00e9, pillent les peuples, exploitent des millions d\u2019\u00eatres humains et s\u2019approprient, de fa\u00e7on ill\u00e9gitime, les biens communs comme la terre, l\u2019eau, les for\u00eats, les semences, le savoir et les cultures, provoquant destructions et morts.<\/p>\n<p>Pire encore, nous observons partout une ascension des forces et des pouvoirs politiques s\u2019identifiant aux id\u00e9es fascistes, notamment au sein des gouvernements, des institutions et de la vie publique. Il y a aussi une d\u00e9sillusion g\u00e9n\u00e9ralis\u00e9e face \u00e0 l\u2019absence d\u2019une v\u00e9ritable d\u00e9mocratie dans laquelle les peuples peuvent exercer librement leur souverainet\u00e9 et renforcer l\u2019espoir de construire de meilleures conditions de vie, instaurant justice sociale, paix et dignit\u00e9.<\/p>\n<p><strong>II. Le pacte mondial pour la migration<\/strong><\/p>\n<p>Les \u00c9tats ont saisi l\u2019opportunit\u00e9 de signer le Pacte Mondial pour la Migration (PMM) le 11 d\u00e9cembre \u00e0 Marrakech, le pr\u00e9sentant comme une r\u00e9ponse \u00e0 ce qu\u2019ils appellent la crise migratoire. Nous, femmes et hommes, ayant particip\u00e9 au Sommet des peuples pour un Pacte mondial de solidarit\u00e9 avec les migrant.e.s et les r\u00e9fugi\u00e9.e.s, avons collectivement examin\u00e9 et d\u00e9battu de ses implications pour nos peuples \u2013 migrant\u00b7e\u00b7s et r\u00e9fugi\u00e9\u00b7e\u00b7s \u2013 en tirant nos propres conclusions.<\/p>\n<blockquote><p>Lors de ce sommet, nous avons conclu que le Pacte mondial sur la migration ne repr\u00e9sente pas un changement dans les politiques anti-migratoires et ni dans l\u2019offensive actuelle contre les migrant\u00b7e\u00b7s et les r\u00e9fugi\u00e9\u00b7e\u00b7s men\u00e9e par de nombreux \u00c9tats, en particulier ceux du Nord. Le PMM consacre en grande partie la continuit\u00e9 des m\u00eames usages : les migrant\u00b7e\u00b7s en tant que main-d\u2019\u0153uvre bon march\u00e9, criminalis\u00e9\u00b7e\u00b7s juste parce qu\u2019ils sont des migrant\u00b7e\u00b7s.<\/p><\/blockquote>\n<p>En analysant le PMM plus en d\u00e9tail, nous le consid\u00e9rons comme un recul en mati\u00e8re de droits humains, de protection des migrant\u00b7e\u00b7s et de leurs familles tels que pr\u00e9vus dans les conventions internationales d\u00e9j\u00e0 approuv\u00e9es par les Nations unies et d\u2019autres institutions, dont l\u2019Organisation Internationale du Travail (OIT).<\/p>\n<blockquote><p>S\u2019il est vrai que certains \u00c9tats ont d\u00e9cid\u00e9 de ne pas signer le PMM, leur refus n\u2019est pas le r\u00e9sultat de leur d\u00e9saccord avec les termes de ce trait\u00e9 qui repr\u00e9sentent une r\u00e9gression concernant les droits des migrant\u00b7e\u00b7s. Il est davantage motiv\u00e9 par leur refus \u00e0 tout engagement multilat\u00e9ral sur la migration. Ces \u00c9tats ont d\u00e9clar\u00e9 clairement leur position anti-migrant\u00b7e\u00b7s.<\/p><\/blockquote>\n<p>Le PMM propose une organisation des mouvements migratoires au service des int\u00e9r\u00eats des \u00c9tats et de leurs v\u00e9ritables d\u00e9cideurs, que sont les soci\u00e9t\u00e9s multinationales et les d\u00e9tenteurs des grands capitaux financiers. Mis \u00e0 part quelques mentions, l\u2019essence des droits humains est \u00e9cart\u00e9 de ce texte, au profit des pr\u00e9occupations s\u00e9curitaires des \u00c9tats et des \u00e9conomies.<\/p>\n<p>Pour l\u2019ensemble de ces raisons, nous exprimons publiquement et solennellement notre rejet du PMM et pla\u00e7ons entre les mains des mouvements sociaux, des collectifs pour la protection des droits humains des migrant\u00b7e\u00b7s, des \u00c9tats progressistes et de la soci\u00e9t\u00e9 civile, notre alternative qui rassemble l\u2019esprit, les conclusions et recommandations de notre Sommet.<\/p>\n<p><strong>III. Nos alternatives<\/strong><\/p>\n<p>Pour nous, femmes et hommes, la migration est un acte individuel et collectif de r\u00e9sistance et de r\u00e9bellion contre un syst\u00e8me. C\u2019est pourquoi notre alternative est \u00e9galement un acte profond d\u2019unit\u00e9 et de r\u00e9sistance. Depuis longtemps nous luttons pour la d\u00e9fense des droits humains et contre l\u2019esclavage, le colonialisme et les politiques anti-migratoires. Nous avons obtenus d\u2019importantes victoires et avons appris que nous ne pouvons progresser, ni nous d\u00e9fendre, si nous sommes isol\u00e9s ou d\u00e9sorganis\u00e9s. L\u2019approbation r\u00e9cente de la D\u00e9claration des Droits des paysans a l\u2019ONU, ainsi que la Convention pour les droits des peuples autochtones ou les directives sur la gestion du foncier \u00e0 la FAO, constituent des acquis importants que nous avons gagn\u00e9 et que nous mettons en valeur gr\u00e2ce \u00e0 notre unit\u00e9, t\u00e9nacit\u00e9, conviction et \u00e0 nos sacrifices.<\/p>\n<blockquote><p>Sur cette base, nous proposons un Pacte Mondial de Solidarit\u00e9 et pour les Droits des Migrant.e.s qui r\u00e9tablisse la primaut\u00e9 des droits des hommes, des femmes, des enfants et des peuples au-dessus des b\u00e9n\u00e9fices et des int\u00e9r\u00eats des \u00c9tats, des oligarchies et des transnationales, et renforce le multilat\u00e9ralisme et la d\u00e9mocratie des Nations Unies.<\/p><\/blockquote>\n<p>Un Pacte pour favoriser l\u2019autod\u00e9termination et la souverainet\u00e9 alimentaire des peuples, en rendant possible la construction d\u2019\u00e9conomies locales durables, solidaires et justes, tout en reconnaissant aux populations leur droit \u00e0 vivre dignement dans leurs territoires sans se voir oblig\u00e9es \u00e0 aucun type de d\u00e9placement forc\u00e9.<\/p>\n<p>Un pacte pour garantir \u00e9galement le droit inali\u00e9nable \u00e0 la libre circulation de toutes les personnes, en promouvant la coop\u00e9ration r\u00e9gionale et internationale pour \u00e9tablir des politiques publiques protection de celles et ceux qui optent pour la migration.<\/p>\n<p>Un Pacte enfin contre toutes sortes de violations des droits, en particulier contre les femmes, les enfants et les personnes r\u00e9fugi\u00e9es pour causes politiques, \u00e9conomiques, climatiques et sociales.<\/p>\n<p>Le respect des droits humains et la responsabilit\u00e9 globale des \u00c9tats devrait emp\u00eacher la criminalisation, la r\u00e9pression ou la r\u00e9tention des personnes migrantes pour le simple fait de l\u2019\u00eatre, aussi bien lors de leur parcours migratoire que dans leur pays de destination et d\u2019installation. L\u2019accueil, l\u2019information et la r\u00e9gularisation de toutes personnes ainsi que la ratification et le strict respect de la l\u00e9gislation internationale prot\u00e9geant les personnes r\u00e9fugi\u00e9es, les migrant\u00b7e\u00b7s leurs familles, les travailleur\u00b7euse\u00b7s, sont inconditionnels. La coop\u00e9ration et la solidarit\u00e9 entre les \u00c9tats doivent permettre une politique \u00e9conomique qui satisfait la couverture des besoins fondamentaux de toute la population, la lutte contre le racisme, la x\u00e9nophobie et tout type de discrimination.<\/p>\n<p>Ce nouveau Pacte exige pour sa mise en \u0153uvre un effort unifi\u00e9 et international de la part des mouvements, organisations, collectifs et forces sociales, et sera \u00e9labor\u00e9 depuis la base, par nos familles, territoires et communaut\u00e9s. C\u2019est pourquoi nous lan\u00e7ons un appel \u00e0 toutes les personnes et organisations qui sont d\u2019accord pour s\u2019opposer au Pacte mondial des \u00c9tats pour le contr\u00f4le des migrations, \u00e0 soutenir et \u00e0 alimenter une alternative autour d\u2019un pacte de solidarit\u00e9 et d\u2019unit\u00e9 visant la d\u00e9fense et la cr\u00e9ation de droits en faveur des migrant.e.s et des r\u00e9fugi\u00e9.e.s, partout sur la plan\u00e8te.<\/p>\n<p>Marrakech, dimanche 9 d\u00e9cembre 2018<\/p>\n<p><strong>Premiers mouvements et organisations signataires\u00a0:<\/strong><\/p>\n<p>La Via Campesina<br \/>\nAssociation Marocaine des Droits humains<br \/>\nCoordination Maghr\u00e9bine des Organisations des Droits Humains<br \/>\nPlate forme des Associations et Communaut\u00e9s Subsahariennes au Maroc<br \/>\nAlarm Phone Maroc<br \/>\nAlarm Phone Sahara<br \/>\nConseil des Migrants Subsahariens au Maroc<br \/>\nCollectif des Femmes Migrantes au Maroc<br \/>\nAfrique Europe Interact<br \/>\nCommunaut\u00e9 Congolaise au Maroc<br \/>\nTransnational Migrant Platform Europe<br \/>\nTransnational Institute<br \/>\nAssociation des Refoul\u00e9s d\u2019Afrique Centrale au Mali<br \/>\nAssociation pour la D\u00e9fense des \u00c9migr\u00e9s Maliens<br \/>\nAssociation Lumi\u00e8re sur l\u2019Emigration au Maroc<\/p>\n","protected":false},"excerpt":{"rendered":"<p>Les 8 et 9 d\u00e9cembre 2018 \u00e0 Marrakech, La Via Campesina et ses alli\u00e9s locaux et internationaux, notamment les plus importantes organisations marocaines de d\u00e9fense des droits humains et repr\u00e9sentant les subsahariens migrant au Maroc, ont organis\u00e9 le\u00a0sommet des peuples&hellip;<\/p>\n","protected":false},"author":926,"featured_media":777662,"comment_status":"closed","ping_status":"closed","sticky":false,"template":"","format":"standard","meta":{"footnotes":""},"categories":[83,1247,40],"tags":[17384,4136,5762,52933,52932,6475],"class_list":["post-777660","post","type-post","status-publish","format-standard","has-post-thumbnail","hentry","category-africa-fr","category-diversite","category-international-fr","tag-deplacements-forces","tag-maroc","tag-migration","tag-pacte-de-solidarite-avec-les-migrants","tag-sommet-des-peuples","tag-via-campesina"],"yoast_head":"<!-- This site is optimized with the Yoast SEO plugin v27.1.1 - https:\/\/yoast.com\/product\/yoast-seo-wordpress\/ -->\n<title>La Via Campesina et ses alli\u00e9s appellent \u00e0 un accord pour un pacte de solidarit\u00e9 avec les migrant.e.s<\/title>\n<meta name=\"description\" content=\"Les 8 et 9 d\u00e9cembre 2018 \u00e0 Marrakech, La Via Campesina et ses alli\u00e9s locaux et internationaux, notamment les plus importantes organisations marocaines de\" \/>\n<meta name=\"robots\" content=\"index, follow, max-snippet:-1, max-image-preview:large, max-video-preview:-1\" \/>\n<link rel=\"canonical\" href=\"https:\/\/www.pressenza.com\/fr\/2018\/12\/la-via-campesina-et-ses-allies-appellent-a-un-accord-pour-un-pacte-de-solidarite-avec-les-migrant-e-s\/\" \/>\n<meta property=\"og:locale\" content=\"fr_FR\" \/>\n<meta property=\"og:type\" content=\"article\" \/>\n<meta property=\"og:title\" content=\"La Via Campesina et ses alli\u00e9s appellent \u00e0 un accord pour un pacte de solidarit\u00e9 avec les migrant.e.s\" \/>\n<meta property=\"og:description\" content=\"Les 8 et 9 d\u00e9cembre 2018 \u00e0 Marrakech, La Via Campesina et ses alli\u00e9s locaux et internationaux, notamment les plus importantes organisations marocaines de\" \/>\n<meta property=\"og:url\" content=\"https:\/\/www.pressenza.com\/fr\/2018\/12\/la-via-campesina-et-ses-allies-appellent-a-un-accord-pour-un-pacte-de-solidarite-avec-les-migrant-e-s\/\" \/>\n<meta property=\"og:site_name\" content=\"Pressenza\" \/>\n<meta property=\"article:publisher\" content=\"https:\/\/www.facebook.com\/PressenzaItalia\" \/>\n<meta property=\"article:published_time\" content=\"2018-12-18T11:43:42+00:00\" \/>\n<meta property=\"og:image\" content=\"https:\/\/www.pressenza.com\/wp-content\/uploads\/2018\/12\/Via-Campesina-accord-pacte-solidarit---migrants.jpeg\" \/>\n\t<meta property=\"og:image:width\" content=\"750\" \/>\n\t<meta property=\"og:image:height\" content=\"500\" \/>\n\t<meta property=\"og:image:type\" content=\"image\/jpeg\" \/>\n<meta name=\"author\" content=\"R\u00e9daction France\" \/>\n<meta name=\"twitter:card\" content=\"summary_large_image\" \/>\n<meta name=\"twitter:creator\" content=\"@PressenzaIPA\" \/>\n<meta name=\"twitter:site\" content=\"@PressenzaIPA\" \/>\n<meta name=\"twitter:label1\" content=\"\u00c9crit par\" \/>\n\t<meta name=\"twitter:data1\" content=\"R\u00e9daction France\" \/>\n\t<meta name=\"twitter:label2\" content=\"Dur\u00e9e de lecture estim\u00e9e\" \/>\n\t<meta name=\"twitter:data2\" content=\"11 minutes\" \/>\n<script type=\"application\/ld+json\" class=\"yoast-schema-graph\">{\"@context\":\"https:\/\/schema.org\",\"@graph\":[{\"@type\":\"Article\",\"@id\":\"https:\/\/www.pressenza.com\/fr\/2018\/12\/la-via-campesina-et-ses-allies-appellent-a-un-accord-pour-un-pacte-de-solidarite-avec-les-migrant-e-s\/#article\",\"isPartOf\":{\"@id\":\"https:\/\/www.pressenza.com\/fr\/2018\/12\/la-via-campesina-et-ses-allies-appellent-a-un-accord-pour-un-pacte-de-solidarite-avec-les-migrant-e-s\/\"},\"author\":{\"name\":\"R\u00e9daction France\",\"@id\":\"https:\/\/www.pressenza.com\/fr\/#\/schema\/person\/3c9fe6670cc2cffbd37562f87b98e869\"},\"headline\":\"La Via Campesina et ses alli\u00e9s appellent \u00e0 un accord pour un pacte de solidarit\u00e9 avec les migrant.e.s\",\"datePublished\":\"2018-12-18T11:43:42+00:00\",\"mainEntityOfPage\":{\"@id\":\"https:\/\/www.pressenza.com\/fr\/2018\/12\/la-via-campesina-et-ses-allies-appellent-a-un-accord-pour-un-pacte-de-solidarite-avec-les-migrant-e-s\/\"},\"wordCount\":2132,\"publisher\":{\"@id\":\"https:\/\/www.pressenza.com\/fr\/#organization\"},\"image\":{\"@id\":\"https:\/\/www.pressenza.com\/fr\/2018\/12\/la-via-campesina-et-ses-allies-appellent-a-un-accord-pour-un-pacte-de-solidarite-avec-les-migrant-e-s\/#primaryimage\"},\"thumbnailUrl\":\"https:\/\/www.pressenza.com\/wp-content\/uploads\/2018\/12\/Via-Campesina-accord-pacte-solidarit---migrants.jpeg\",\"keywords\":[\"d\u00e9placements forc\u00e9s\",\"Maroc\",\"migration\",\"pacte de solidarit\u00e9 avec les migrants\",\"sommet des peuples\",\"via campesina\"],\"articleSection\":[\"Afrique\",\"Diversit\u00e9\",\"International\"],\"inLanguage\":\"fr-FR\"},{\"@type\":\"WebPage\",\"@id\":\"https:\/\/www.pressenza.com\/fr\/2018\/12\/la-via-campesina-et-ses-allies-appellent-a-un-accord-pour-un-pacte-de-solidarite-avec-les-migrant-e-s\/\",\"url\":\"https:\/\/www.pressenza.com\/fr\/2018\/12\/la-via-campesina-et-ses-allies-appellent-a-un-accord-pour-un-pacte-de-solidarite-avec-les-migrant-e-s\/\",\"name\":\"La Via Campesina et ses alli\u00e9s appellent \u00e0 un accord pour un pacte de solidarit\u00e9 avec les migrant.e.s\",\"isPartOf\":{\"@id\":\"https:\/\/www.pressenza.com\/fr\/#website\"},\"primaryImageOfPage\":{\"@id\":\"https:\/\/www.pressenza.com\/fr\/2018\/12\/la-via-campesina-et-ses-allies-appellent-a-un-accord-pour-un-pacte-de-solidarite-avec-les-migrant-e-s\/#primaryimage\"},\"image\":{\"@id\":\"https:\/\/www.pressenza.com\/fr\/2018\/12\/la-via-campesina-et-ses-allies-appellent-a-un-accord-pour-un-pacte-de-solidarite-avec-les-migrant-e-s\/#primaryimage\"},\"thumbnailUrl\":\"https:\/\/www.pressenza.com\/wp-content\/uploads\/2018\/12\/Via-Campesina-accord-pacte-solidarit---migrants.jpeg\",\"datePublished\":\"2018-12-18T11:43:42+00:00\",\"description\":\"Les 8 et 9 d\u00e9cembre 2018 \u00e0 Marrakech, La Via Campesina et ses alli\u00e9s locaux et internationaux, notamment les plus importantes organisations marocaines de\",\"breadcrumb\":{\"@id\":\"https:\/\/www.pressenza.com\/fr\/2018\/12\/la-via-campesina-et-ses-allies-appellent-a-un-accord-pour-un-pacte-de-solidarite-avec-les-migrant-e-s\/#breadcrumb\"},\"inLanguage\":\"fr-FR\",\"potentialAction\":[{\"@type\":\"ReadAction\",\"target\":[\"https:\/\/www.pressenza.com\/fr\/2018\/12\/la-via-campesina-et-ses-allies-appellent-a-un-accord-pour-un-pacte-de-solidarite-avec-les-migrant-e-s\/\"]}]},{\"@type\":\"ImageObject\",\"inLanguage\":\"fr-FR\",\"@id\":\"https:\/\/www.pressenza.com\/fr\/2018\/12\/la-via-campesina-et-ses-allies-appellent-a-un-accord-pour-un-pacte-de-solidarite-avec-les-migrant-e-s\/#primaryimage\",\"url\":\"https:\/\/www.pressenza.com\/wp-content\/uploads\/2018\/12\/Via-Campesina-accord-pacte-solidarit---migrants.jpeg\",\"contentUrl\":\"https:\/\/www.pressenza.com\/wp-content\/uploads\/2018\/12\/Via-Campesina-accord-pacte-solidarit---migrants.jpeg\",\"width\":750,\"height\":500},{\"@type\":\"BreadcrumbList\",\"@id\":\"https:\/\/www.pressenza.com\/fr\/2018\/12\/la-via-campesina-et-ses-allies-appellent-a-un-accord-pour-un-pacte-de-solidarite-avec-les-migrant-e-s\/#breadcrumb\",\"itemListElement\":[{\"@type\":\"ListItem\",\"position\":1,\"name\":\"Accueil\",\"item\":\"https:\/\/www.pressenza.com\/fr\/\"},{\"@type\":\"ListItem\",\"position\":2,\"name\":\"La Via Campesina et ses alli\u00e9s appellent \u00e0 un accord pour un pacte de solidarit\u00e9 avec les migrant.e.s\"}]},{\"@type\":\"WebSite\",\"@id\":\"https:\/\/www.pressenza.com\/fr\/#website\",\"url\":\"https:\/\/www.pressenza.com\/fr\/\",\"name\":\"Pressenza\",\"description\":\"International Press Agency\",\"publisher\":{\"@id\":\"https:\/\/www.pressenza.com\/fr\/#organization\"},\"potentialAction\":[{\"@type\":\"SearchAction\",\"target\":{\"@type\":\"EntryPoint\",\"urlTemplate\":\"https:\/\/www.pressenza.com\/fr\/?s={search_term_string}\"},\"query-input\":{\"@type\":\"PropertyValueSpecification\",\"valueRequired\":true,\"valueName\":\"search_term_string\"}}],\"inLanguage\":\"fr-FR\"},{\"@type\":\"Organization\",\"@id\":\"https:\/\/www.pressenza.com\/fr\/#organization\",\"name\":\"Pressenza\",\"url\":\"https:\/\/www.pressenza.com\/fr\/\",\"logo\":{\"@type\":\"ImageObject\",\"inLanguage\":\"fr-FR\",\"@id\":\"https:\/\/www.pressenza.com\/fr\/#\/schema\/logo\/image\/\",\"url\":\"https:\/\/www.pressenza.com\/wp-content\/uploads\/2022\/10\/pressenza_logo_200x200.jpg\",\"contentUrl\":\"https:\/\/www.pressenza.com\/wp-content\/uploads\/2022\/10\/pressenza_logo_200x200.jpg\",\"width\":200,\"height\":200,\"caption\":\"Pressenza\"},\"image\":{\"@id\":\"https:\/\/www.pressenza.com\/fr\/#\/schema\/logo\/image\/\"},\"sameAs\":[\"https:\/\/www.facebook.com\/PressenzaItalia\",\"https:\/\/x.com\/PressenzaIPA\"]},{\"@type\":\"Person\",\"@id\":\"https:\/\/www.pressenza.com\/fr\/#\/schema\/person\/3c9fe6670cc2cffbd37562f87b98e869\",\"name\":\"R\u00e9daction France\",\"description\":\"News published by the Pressenza bureau in France\",\"sameAs\":[\"http:\/\/www.pressenza.com\/fr\"],\"url\":\"https:\/\/www.pressenza.com\/fr\/author\/redactionfrance\/\"}]}<\/script>\n<!-- \/ Yoast SEO plugin. -->","yoast_head_json":{"title":"La Via Campesina et ses alli\u00e9s appellent \u00e0 un accord pour un pacte de solidarit\u00e9 avec les migrant.e.s","description":"Les 8 et 9 d\u00e9cembre 2018 \u00e0 Marrakech, La Via Campesina et ses alli\u00e9s locaux et internationaux, notamment les plus importantes organisations marocaines de","robots":{"index":"index","follow":"follow","max-snippet":"max-snippet:-1","max-image-preview":"max-image-preview:large","max-video-preview":"max-video-preview:-1"},"canonical":"https:\/\/www.pressenza.com\/fr\/2018\/12\/la-via-campesina-et-ses-allies-appellent-a-un-accord-pour-un-pacte-de-solidarite-avec-les-migrant-e-s\/","og_locale":"fr_FR","og_type":"article","og_title":"La Via Campesina et ses alli\u00e9s appellent \u00e0 un accord pour un pacte de solidarit\u00e9 avec les migrant.e.s","og_description":"Les 8 et 9 d\u00e9cembre 2018 \u00e0 Marrakech, La Via Campesina et ses alli\u00e9s locaux et internationaux, notamment les plus importantes organisations marocaines de","og_url":"https:\/\/www.pressenza.com\/fr\/2018\/12\/la-via-campesina-et-ses-allies-appellent-a-un-accord-pour-un-pacte-de-solidarite-avec-les-migrant-e-s\/","og_site_name":"Pressenza","article_publisher":"https:\/\/www.facebook.com\/PressenzaItalia","article_published_time":"2018-12-18T11:43:42+00:00","og_image":[{"width":750,"height":500,"url":"https:\/\/www.pressenza.com\/wp-content\/uploads\/2018\/12\/Via-Campesina-accord-pacte-solidarit---migrants.jpeg","type":"image\/jpeg"}],"author":"R\u00e9daction France","twitter_card":"summary_large_image","twitter_creator":"@PressenzaIPA","twitter_site":"@PressenzaIPA","twitter_misc":{"\u00c9crit par":"R\u00e9daction France","Dur\u00e9e de lecture estim\u00e9e":"11 minutes"},"schema":{"@context":"https:\/\/schema.org","@graph":[{"@type":"Article","@id":"https:\/\/www.pressenza.com\/fr\/2018\/12\/la-via-campesina-et-ses-allies-appellent-a-un-accord-pour-un-pacte-de-solidarite-avec-les-migrant-e-s\/#article","isPartOf":{"@id":"https:\/\/www.pressenza.com\/fr\/2018\/12\/la-via-campesina-et-ses-allies-appellent-a-un-accord-pour-un-pacte-de-solidarite-avec-les-migrant-e-s\/"},"author":{"name":"R\u00e9daction France","@id":"https:\/\/www.pressenza.com\/fr\/#\/schema\/person\/3c9fe6670cc2cffbd37562f87b98e869"},"headline":"La Via Campesina et ses alli\u00e9s appellent \u00e0 un accord pour un pacte de solidarit\u00e9 avec les migrant.e.s","datePublished":"2018-12-18T11:43:42+00:00","mainEntityOfPage":{"@id":"https:\/\/www.pressenza.com\/fr\/2018\/12\/la-via-campesina-et-ses-allies-appellent-a-un-accord-pour-un-pacte-de-solidarite-avec-les-migrant-e-s\/"},"wordCount":2132,"publisher":{"@id":"https:\/\/www.pressenza.com\/fr\/#organization"},"image":{"@id":"https:\/\/www.pressenza.com\/fr\/2018\/12\/la-via-campesina-et-ses-allies-appellent-a-un-accord-pour-un-pacte-de-solidarite-avec-les-migrant-e-s\/#primaryimage"},"thumbnailUrl":"https:\/\/www.pressenza.com\/wp-content\/uploads\/2018\/12\/Via-Campesina-accord-pacte-solidarit---migrants.jpeg","keywords":["d\u00e9placements forc\u00e9s","Maroc","migration","pacte de solidarit\u00e9 avec les migrants","sommet des peuples","via campesina"],"articleSection":["Afrique","Diversit\u00e9","International"],"inLanguage":"fr-FR"},{"@type":"WebPage","@id":"https:\/\/www.pressenza.com\/fr\/2018\/12\/la-via-campesina-et-ses-allies-appellent-a-un-accord-pour-un-pacte-de-solidarite-avec-les-migrant-e-s\/","url":"https:\/\/www.pressenza.com\/fr\/2018\/12\/la-via-campesina-et-ses-allies-appellent-a-un-accord-pour-un-pacte-de-solidarite-avec-les-migrant-e-s\/","name":"La Via Campesina et ses alli\u00e9s appellent \u00e0 un accord pour un pacte de solidarit\u00e9 avec les migrant.e.s","isPartOf":{"@id":"https:\/\/www.pressenza.com\/fr\/#website"},"primaryImageOfPage":{"@id":"https:\/\/www.pressenza.com\/fr\/2018\/12\/la-via-campesina-et-ses-allies-appellent-a-un-accord-pour-un-pacte-de-solidarite-avec-les-migrant-e-s\/#primaryimage"},"image":{"@id":"https:\/\/www.pressenza.com\/fr\/2018\/12\/la-via-campesina-et-ses-allies-appellent-a-un-accord-pour-un-pacte-de-solidarite-avec-les-migrant-e-s\/#primaryimage"},"thumbnailUrl":"https:\/\/www.pressenza.com\/wp-content\/uploads\/2018\/12\/Via-Campesina-accord-pacte-solidarit---migrants.jpeg","datePublished":"2018-12-18T11:43:42+00:00","description":"Les 8 et 9 d\u00e9cembre 2018 \u00e0 Marrakech, La Via Campesina et ses alli\u00e9s locaux et internationaux, notamment les plus importantes organisations marocaines de","breadcrumb":{"@id":"https:\/\/www.pressenza.com\/fr\/2018\/12\/la-via-campesina-et-ses-allies-appellent-a-un-accord-pour-un-pacte-de-solidarite-avec-les-migrant-e-s\/#breadcrumb"},"inLanguage":"fr-FR","potentialAction":[{"@type":"ReadAction","target":["https:\/\/www.pressenza.com\/fr\/2018\/12\/la-via-campesina-et-ses-allies-appellent-a-un-accord-pour-un-pacte-de-solidarite-avec-les-migrant-e-s\/"]}]},{"@type":"ImageObject","inLanguage":"fr-FR","@id":"https:\/\/www.pressenza.com\/fr\/2018\/12\/la-via-campesina-et-ses-allies-appellent-a-un-accord-pour-un-pacte-de-solidarite-avec-les-migrant-e-s\/#primaryimage","url":"https:\/\/www.pressenza.com\/wp-content\/uploads\/2018\/12\/Via-Campesina-accord-pacte-solidarit---migrants.jpeg","contentUrl":"https:\/\/www.pressenza.com\/wp-content\/uploads\/2018\/12\/Via-Campesina-accord-pacte-solidarit---migrants.jpeg","width":750,"height":500},{"@type":"BreadcrumbList","@id":"https:\/\/www.pressenza.com\/fr\/2018\/12\/la-via-campesina-et-ses-allies-appellent-a-un-accord-pour-un-pacte-de-solidarite-avec-les-migrant-e-s\/#breadcrumb","itemListElement":[{"@type":"ListItem","position":1,"name":"Accueil","item":"https:\/\/www.pressenza.com\/fr\/"},{"@type":"ListItem","position":2,"name":"La Via Campesina et ses alli\u00e9s appellent \u00e0 un accord pour un pacte de solidarit\u00e9 avec les migrant.e.s"}]},{"@type":"WebSite","@id":"https:\/\/www.pressenza.com\/fr\/#website","url":"https:\/\/www.pressenza.com\/fr\/","name":"Pressenza","description":"International Press Agency","publisher":{"@id":"https:\/\/www.pressenza.com\/fr\/#organization"},"potentialAction":[{"@type":"SearchAction","target":{"@type":"EntryPoint","urlTemplate":"https:\/\/www.pressenza.com\/fr\/?s={search_term_string}"},"query-input":{"@type":"PropertyValueSpecification","valueRequired":true,"valueName":"search_term_string"}}],"inLanguage":"fr-FR"},{"@type":"Organization","@id":"https:\/\/www.pressenza.com\/fr\/#organization","name":"Pressenza","url":"https:\/\/www.pressenza.com\/fr\/","logo":{"@type":"ImageObject","inLanguage":"fr-FR","@id":"https:\/\/www.pressenza.com\/fr\/#\/schema\/logo\/image\/","url":"https:\/\/www.pressenza.com\/wp-content\/uploads\/2022\/10\/pressenza_logo_200x200.jpg","contentUrl":"https:\/\/www.pressenza.com\/wp-content\/uploads\/2022\/10\/pressenza_logo_200x200.jpg","width":200,"height":200,"caption":"Pressenza"},"image":{"@id":"https:\/\/www.pressenza.com\/fr\/#\/schema\/logo\/image\/"},"sameAs":["https:\/\/www.facebook.com\/PressenzaItalia","https:\/\/x.com\/PressenzaIPA"]},{"@type":"Person","@id":"https:\/\/www.pressenza.com\/fr\/#\/schema\/person\/3c9fe6670cc2cffbd37562f87b98e869","name":"R\u00e9daction France","description":"News published by the Pressenza bureau in France","sameAs":["http:\/\/www.pressenza.com\/fr"],"url":"https:\/\/www.pressenza.com\/fr\/author\/redactionfrance\/"}]}},"place":"Maroc","original_article_url":"https:\/\/viacampesina.org\/fr\/la-via-campesina-et-ses-allies-appellent-a-un-accord-pour-un-pacte-de-solidarite-avec-les-migrant-e-s\/","_links":{"self":[{"href":"https:\/\/www.pressenza.com\/fr\/wp-json\/wp\/v2\/posts\/777660","targetHints":{"allow":["GET"]}}],"collection":[{"href":"https:\/\/www.pressenza.com\/fr\/wp-json\/wp\/v2\/posts"}],"about":[{"href":"https:\/\/www.pressenza.com\/fr\/wp-json\/wp\/v2\/types\/post"}],"author":[{"embeddable":true,"href":"https:\/\/www.pressenza.com\/fr\/wp-json\/wp\/v2\/users\/926"}],"replies":[{"embeddable":true,"href":"https:\/\/www.pressenza.com\/fr\/wp-json\/wp\/v2\/comments?post=777660"}],"version-history":[{"count":0,"href":"https:\/\/www.pressenza.com\/fr\/wp-json\/wp\/v2\/posts\/777660\/revisions"}],"wp:featuredmedia":[{"embeddable":true,"href":"https:\/\/www.pressenza.com\/fr\/wp-json\/wp\/v2\/media\/777662"}],"wp:attachment":[{"href":"https:\/\/www.pressenza.com\/fr\/wp-json\/wp\/v2\/media?parent=777660"}],"wp:term":[{"taxonomy":"category","embeddable":true,"href":"https:\/\/www.pressenza.com\/fr\/wp-json\/wp\/v2\/categories?post=777660"},{"taxonomy":"post_tag","embeddable":true,"href":"https:\/\/www.pressenza.com\/fr\/wp-json\/wp\/v2\/tags?post=777660"}],"curies":[{"name":"wp","href":"https:\/\/api.w.org\/{rel}","templated":true}]}}