{"id":769087,"date":"2018-12-02T21:18:07","date_gmt":"2018-12-02T21:18:07","guid":{"rendered":"https:\/\/www.pressenza.com\/?p=769087"},"modified":"2018-12-02T21:18:07","modified_gmt":"2018-12-02T21:18:07","slug":"la-chine-au-coeur-de-la-mondialisation","status":"publish","type":"post","link":"https:\/\/www.pressenza.com\/fr\/2018\/12\/la-chine-au-coeur-de-la-mondialisation\/","title":{"rendered":"La Chine au c\u0153ur de la mondialisation"},"content":{"rendered":"<p>Par Ra\u00fal Zibechi, pour La Jornada<\/p>\n<p>Le r\u00e9cent Sommet de la Coop\u00e9ration \u00e9conomique Asie-Pacifique (APEC) s\u2019est termin\u00e9 pour la premi\u00e8re fois sans que les dirigeants aient r\u00e9ussi \u00e0 s\u2019entendre sur une d\u00e9claration commune. Les raisons en sont simples : la confrontation entre les \u00c9tats-Unis et la Chine au sujet du commerce.<\/p>\n<p>L\u2019APEC, un forum cr\u00e9\u00e9 en 1989 et compos\u00e9 de 21 pays membres, est d\u00e9di\u00e9 \u00e0 la promotion du libre-\u00e9change, \u00e0 la croissance \u00e9conomique, ainsi qu\u2019\u00e0 la coop\u00e9ration et la coordination dans la r\u00e9gion de l\u2019Asie-Pacifique. Son secr\u00e9tariat g\u00e9n\u00e9ral se trouve \u00e0 Singapour et ses membres sont des pays du Pacifique, tant asiatiques qu\u2019am\u00e9ricains. Le Mexique, le Chili et le P\u00e9rou sont les pays d\u2019Am\u00e9rique latine qui composent l\u2019APEC. Parmi les grandes puissances figurent la Russie, les \u00c9tats-Unis et la Chine.<\/p>\n<p>Le sommet annuel pr\u00e9c\u00e9dent s\u2019\u00e9tait tenu au Vietnam et celui qui vient de s\u2019achever s\u2019est tenu en Papouasie-Nouvelle-Guin\u00e9e. Le premier ministre Peter O\u2019Neill, lors d\u2019une conf\u00e9rence de presse de cl\u00f4ture le dimanche 18 novembre, a d\u00e9clar\u00e9 que le principal obstacle \u00e0 un accord \u00e9tait la r\u00e9forme de l\u2019Organisation mondiale du commerce (OMC) et la concurrence entre les \u00c9tats-Unis et la Chine dans le Pacifique.<\/p>\n<p>Selon l\u2019agence de presse Reuters, la controverse a \u00e9clat\u00e9 lorsqu\u2019un haut diplomate chinois, Wang\u00a0Yi, s\u2019est oppos\u00e9 \u00e0 un paragraphe du projet de d\u00e9claration qui mentionnait les \u00ab\u00a0pratiques commerciales d\u00e9loyales\u00a0\u00bb, ce qui de toute \u00e9vidence faisait r\u00e9f\u00e9rence au dragon. Le pr\u00e9sident Xi\u00a0Jinping a suscit\u00e9 la controverse et l\u2019inqui\u00e9tude aux \u00c9tats-Unis lorsqu\u2019il a tenu une r\u00e9union avec les dirigeants des \u00eeles du Pacifique pour les inclure dans l\u2019initiative Ceinture et Route de la soie.<\/p>\n<p>Le vice-pr\u00e9sident des \u00c9tats-Unis, Mike Pence, a d\u00e9clar\u00e9 que les droits de douane resteraient en place tant que la Chine ne changerait pas d\u2019attitude et s\u2019en est pris directement \u00e0 l\u2019initiative Ceinture et Route. De son c\u00f4t\u00e9, Xi a attaqu\u00e9 le protectionnisme et l\u2019unilat\u00e9ralisme qui p\u00e8sent sur la croissance mondiale.<\/p>\n<p>Cela vaut la peine de s\u2019arr\u00eater un instant au discours de Xi\u00a0Jinping, car il r\u00e9v\u00e8le les pr\u00e9occupations des deux puissances et leurs objectifs \u00e0 long terme. Le discours a \u00e9t\u00e9 publi\u00e9 dans son int\u00e9gralit\u00e9 dans l\u2019\u00e9dition du 17 novembre du <em>Global Times<\/em>, le journal officiel chinois.<\/p>\n<p>Il a commenc\u00e9 par dire que \u00ab\u00a0la croissance mondiale est \u00e9clips\u00e9e par le protectionnisme et l\u2019unilat\u00e9ralisme\u00a0\u00bb, faisant clairement r\u00e9f\u00e9rence aux \u00c9tats-Unis. \u00ab\u00a0Une nouvelle r\u00e9volution dans la science, la technologie et l\u2019industrie se pr\u00e9pare, mais les anciennes forces motrices seront encore remplac\u00e9es par de nouvelles.\u00a0\u00bb<\/p>\n<p>Premi\u00e8rement, la Chine se pr\u00e9sente au monde comme un pays d\u00e9fenseur du changement et des avanc\u00e9es scientifiques les plus importantes, et affirme que les anciennes forces motrices sont un obstacle au d\u00e9veloppement. C\u2019est la m\u00eame approche adopt\u00e9e par les \u00c9tats-Unis il y a un si\u00e8cle, alors qu\u2019ils \u00e9taient la grande puissance montante, le champion de la libert\u00e9 et de la nouvelle \u00e9conomie qui pouvait r\u00e9soudre les grands probl\u00e8mes du monde.<\/p>\n<p>Le pr\u00e9sident chinois a ajout\u00e9 : \u00ab\u00a0L\u2019humanit\u00e9 est \u00e0 nouveau \u00e0 la crois\u00e9e des chemins. Quel chemin devons-nous choisir\u00a0: la coop\u00e9ration ou la confrontation ?\u00a0\u00bb Le pr\u00e9sident chinois place cette crois\u00e9e des chemins parmi \u00ab\u00a0les le\u00e7ons de l\u2019histoire\u00a0\u00bb \u00e0 ne pas oublier. Il mentionne la Seconde Guerre mondiale comme un moment o\u00f9 l\u2019humanit\u00e9 \u00ab\u00a0s\u2019est plong\u00e9e dans un ab\u00eeme de calamit\u00e9s\u00a0\u00bb.<\/p>\n<p>C\u2019est la deuxi\u00e8me question centrale qui fait actuellement l\u2019objet d\u2019un d\u00e9bat dans le monde entier. La voie du protectionnisme est la voie de la guerre, qui peut commencer comme une voie commerciale mais conduirait in\u00e9vitablement \u00e0 une guerre militaire et, bien que Xi ne le dise pas, \u00e0 une guerre nucl\u00e9aire. La Chine se pr\u00e9sente comme le porte-drapeau de la paix face au bellicisme de Washington.<\/p>\n<p>Troisi\u00e8mement, la Chine adopte les positions politiques et \u00e9conomiques que les \u00c9tats-Unis et tout le monde capitaliste occidental d\u00e9fendaient r\u00e9cemment. Ainsi, il d\u00e9fend la proposition d\u2019ouverture \u00e9conomique et assure que \u00ab\u00a0la mondialisation est la voie s\u00fbre pour le d\u00e9veloppement de la soci\u00e9t\u00e9 humaine\u00a0\u00bb.<\/p>\n<p>Xi a d\u00e9clar\u00e9 que les barri\u00e8res protectionnistes \u00ab\u00a0vont \u00e0 l\u2019encontre des lois \u00e9conomique et de la tendance de l\u2019histoire\u00a0\u00bb. Elle positionne ainsi les \u00c9tats-Unis comme une puissance qui ralentit le progr\u00e8s et le d\u00e9veloppement auxquels aspirent, naturellement, les pays les plus pauvres d\u2019Asie, d\u2019Afrique et d\u2019Am\u00e9rique latine.<\/p>\n<p>\u00c0 mon avis, c\u2019est l\u00e0 l\u2019un des points forts de la politique chinoise : se ranger du c\u00f4t\u00e9 de l\u2019histoire, comme l\u2019ont fait les Alli\u00e9s pendant la Seconde Guerre mondiale pour combattre le nazisme, qui \u00e9tait consid\u00e9r\u00e9 comme une force r\u00e9actionnaire. C\u2019est son point fort contre la politique de Trump : se pr\u00e9senter comme la nouveaut\u00e9 face \u00e0 l\u2019anciennet\u00e9.<\/p>\n<p>Enfin, Xi a plaid\u00e9 pour un changement profond de la gouvernance mondiale. \u00ab\u00a0En gardant \u00e0 l\u2019esprit les douloureuses le\u00e7ons de deux guerres mondiales, les pays ont \u00e9tabli le cadre d\u2019une gouvernance mondiale soutenue par les Nations Unies et compos\u00e9e du FMI, de la Banque mondiale, de l\u2019OMC et d\u2019autres institutions.\u00a0\u00bb Son message dit qu\u2019il faut r\u00e9former ces institutions pour assurer une bonne gouvernance mondiale et cesser de les utiliser en faveur de l\u2019unilat\u00e9ralisme am\u00e9ricain.<\/p>\n<p>Il a conclu son discours en affirmant que l\u2019initiative Ceinture et Route \u00ab\u00a0est une plateforme ouverte de coop\u00e9ration\u00a0\u00bb, qu\u2019elle \u00ab\u00a0n\u2019est pas con\u00e7ue pour servir un agenda g\u00e9opolitique cach\u00e9, qu\u2019elle n\u2019est dirig\u00e9e contre personne et qu\u2019elle n\u2019exclut personne\u00a0\u00bb. C\u2019est l\u00e0 la r\u00e9ponse aux accusations du vice-pr\u00e9sident am\u00e9ricain Mike Pence.<\/p>\n<p>On ne peut qu\u2019ajouter que la strat\u00e9gie chinoise a et aura de plus en plus d\u2019alli\u00e9s parmi les pays du monde, m\u00eame parmi les alli\u00e9s strat\u00e9giques des \u00c9tats-Unis qui, comme l\u2019Allemagne et la France, s\u2019\u00e9loignent de l\u2019unilat\u00e9ralisme trumpiste.<\/p>\n<p>Je vois deux probl\u00e8mes importants dans la strat\u00e9gie chinoise.<\/p>\n<p>Le premier est que les \u00c9tats-Unis demeurent une puissance majeure dans le domaine de la science et la technologie, comme en t\u00e9moigne le dernier palmar\u00e8s Top500 des meilleurs superordinateurs du monde. Dans ce classement, les \u00c9tats-Unis occupent les deux premi\u00e8res places parmi les ordinateurs les plus rapides\u00a0; \u00e0 cela s\u2019ajoutent cinq superordinateurs parmi les dix premiers, contre deux pour la Chine. Quoi qu\u2019il en soit, le dragon \u00e9tend son avantage parmi les 500 ordinateurs les plus puissants de la plan\u00e8te en poss\u00e9dant 45\u00a0% des superordinateurs du classement, soit 227\u00a0dispositifs.<\/p>\n<p>Le deuxi\u00e8me probl\u00e8me est environnemental. Les \u00c9tats-Unis ont des avantages par rapport \u00e0 la Chine, car ils ont fait des progr\u00e8s importants en mati\u00e8re de durabilit\u00e9 environnementale de leurs industries et de leurs grandes entreprises. Si la Chine ne fait pas de progr\u00e8s dans ce domaine, elle aura du mal \u00e0 se pr\u00e9senter comme la nouveaut\u00e9 face \u00e0 l\u2019anciennet\u00e9.<\/p>\n","protected":false},"excerpt":{"rendered":"<p>Par Ra\u00fal Zibechi, pour La Jornada Le r\u00e9cent Sommet de la Coop\u00e9ration \u00e9conomique Asie-Pacifique (APEC) s\u2019est termin\u00e9 pour la premi\u00e8re fois sans que les dirigeants aient r\u00e9ussi \u00e0 s\u2019entendre sur une d\u00e9claration commune. Les raisons en sont simples : la&hellip;<\/p>\n","protected":false},"author":19,"featured_media":761958,"comment_status":"closed","ping_status":"closed","sticky":false,"template":"","format":"standard","meta":{"footnotes":""},"categories":[84,89,163],"tags":[32883,52417,49264],"class_list":["post-769087","post","type-post","status-publish","format-standard","has-post-thumbnail","hentry","category-asia-fr","category-oceanie","category-opinion-fr","tag-apec","tag-chine-usa","tag-guerre-commerciale"],"yoast_head":"<!-- This site is optimized with the Yoast SEO plugin v27.1.1 - https:\/\/yoast.com\/product\/yoast-seo-wordpress\/ -->\n<title>La Chine au c\u0153ur de la mondialisation<\/title>\n<meta name=\"description\" content=\"Par Ra\u00fal Zibechi, pour La Jornada Le r\u00e9cent Sommet de la Coop\u00e9ration \u00e9conomique Asie-Pacifique (APEC) s\u2019est termin\u00e9 pour la premi\u00e8re fois sans que les\" \/>\n<meta name=\"robots\" content=\"index, follow, max-snippet:-1, max-image-preview:large, max-video-preview:-1\" \/>\n<link rel=\"canonical\" href=\"https:\/\/www.pressenza.com\/fr\/2018\/12\/la-chine-au-coeur-de-la-mondialisation\/\" \/>\n<meta property=\"og:locale\" content=\"fr_FR\" \/>\n<meta property=\"og:type\" content=\"article\" \/>\n<meta property=\"og:title\" content=\"La Chine au c\u0153ur de la mondialisation\" \/>\n<meta property=\"og:description\" content=\"Par Ra\u00fal Zibechi, pour La Jornada Le r\u00e9cent Sommet de la Coop\u00e9ration \u00e9conomique Asie-Pacifique (APEC) s\u2019est termin\u00e9 pour la premi\u00e8re fois sans que les\" \/>\n<meta property=\"og:url\" content=\"https:\/\/www.pressenza.com\/fr\/2018\/12\/la-chine-au-coeur-de-la-mondialisation\/\" \/>\n<meta property=\"og:site_name\" content=\"Pressenza\" \/>\n<meta property=\"article:publisher\" content=\"https:\/\/www.facebook.com\/PressenzaItalia\" \/>\n<meta property=\"article:author\" content=\"https:\/\/www.facebook.com\/pressenza\" \/>\n<meta property=\"article:published_time\" content=\"2018-12-02T21:18:07+00:00\" \/>\n<meta property=\"og:image\" content=\"https:\/\/www.pressenza.com\/wp-content\/uploads\/2018\/11\/apec-1.jpg\" \/>\n\t<meta property=\"og:image:width\" content=\"1600\" \/>\n\t<meta property=\"og:image:height\" content=\"790\" \/>\n\t<meta property=\"og:image:type\" content=\"image\/jpeg\" \/>\n<meta name=\"author\" content=\"Pressenza IPA\" \/>\n<meta name=\"twitter:card\" content=\"summary_large_image\" \/>\n<meta name=\"twitter:creator\" content=\"@PressenzaIPA\" \/>\n<meta name=\"twitter:site\" content=\"@PressenzaIPA\" \/>\n<meta name=\"twitter:label1\" content=\"\u00c9crit par\" \/>\n\t<meta name=\"twitter:data1\" content=\"Pressenza IPA\" \/>\n\t<meta name=\"twitter:label2\" content=\"Dur\u00e9e de lecture estim\u00e9e\" \/>\n\t<meta name=\"twitter:data2\" content=\"6 minutes\" \/>\n<script type=\"application\/ld+json\" class=\"yoast-schema-graph\">{\"@context\":\"https:\/\/schema.org\",\"@graph\":[{\"@type\":\"Article\",\"@id\":\"https:\/\/www.pressenza.com\/fr\/2018\/12\/la-chine-au-coeur-de-la-mondialisation\/#article\",\"isPartOf\":{\"@id\":\"https:\/\/www.pressenza.com\/fr\/2018\/12\/la-chine-au-coeur-de-la-mondialisation\/\"},\"author\":{\"name\":\"Pressenza IPA\",\"@id\":\"https:\/\/www.pressenza.com\/fr\/#\/schema\/person\/010e5d02bcf40965427a1289a4cc8d75\"},\"headline\":\"La Chine au c\u0153ur de la mondialisation\",\"datePublished\":\"2018-12-02T21:18:07+00:00\",\"mainEntityOfPage\":{\"@id\":\"https:\/\/www.pressenza.com\/fr\/2018\/12\/la-chine-au-coeur-de-la-mondialisation\/\"},\"wordCount\":1237,\"publisher\":{\"@id\":\"https:\/\/www.pressenza.com\/fr\/#organization\"},\"image\":{\"@id\":\"https:\/\/www.pressenza.com\/fr\/2018\/12\/la-chine-au-coeur-de-la-mondialisation\/#primaryimage\"},\"thumbnailUrl\":\"https:\/\/www.pressenza.com\/wp-content\/uploads\/2018\/11\/apec-1.jpg\",\"keywords\":[\"APEC\",\"Chine-USA\",\"guerre commerciale\"],\"articleSection\":[\"Asie\",\"Oc\u00e9anie\",\"Opinion\"],\"inLanguage\":\"fr-FR\"},{\"@type\":\"WebPage\",\"@id\":\"https:\/\/www.pressenza.com\/fr\/2018\/12\/la-chine-au-coeur-de-la-mondialisation\/\",\"url\":\"https:\/\/www.pressenza.com\/fr\/2018\/12\/la-chine-au-coeur-de-la-mondialisation\/\",\"name\":\"La Chine au c\u0153ur de la mondialisation\",\"isPartOf\":{\"@id\":\"https:\/\/www.pressenza.com\/fr\/#website\"},\"primaryImageOfPage\":{\"@id\":\"https:\/\/www.pressenza.com\/fr\/2018\/12\/la-chine-au-coeur-de-la-mondialisation\/#primaryimage\"},\"image\":{\"@id\":\"https:\/\/www.pressenza.com\/fr\/2018\/12\/la-chine-au-coeur-de-la-mondialisation\/#primaryimage\"},\"thumbnailUrl\":\"https:\/\/www.pressenza.com\/wp-content\/uploads\/2018\/11\/apec-1.jpg\",\"datePublished\":\"2018-12-02T21:18:07+00:00\",\"description\":\"Par Ra\u00fal Zibechi, pour La Jornada Le r\u00e9cent Sommet de la Coop\u00e9ration \u00e9conomique Asie-Pacifique (APEC) s\u2019est termin\u00e9 pour la premi\u00e8re fois sans que les\",\"breadcrumb\":{\"@id\":\"https:\/\/www.pressenza.com\/fr\/2018\/12\/la-chine-au-coeur-de-la-mondialisation\/#breadcrumb\"},\"inLanguage\":\"fr-FR\",\"potentialAction\":[{\"@type\":\"ReadAction\",\"target\":[\"https:\/\/www.pressenza.com\/fr\/2018\/12\/la-chine-au-coeur-de-la-mondialisation\/\"]}]},{\"@type\":\"ImageObject\",\"inLanguage\":\"fr-FR\",\"@id\":\"https:\/\/www.pressenza.com\/fr\/2018\/12\/la-chine-au-coeur-de-la-mondialisation\/#primaryimage\",\"url\":\"https:\/\/www.pressenza.com\/wp-content\/uploads\/2018\/11\/apec-1.jpg\",\"contentUrl\":\"https:\/\/www.pressenza.com\/wp-content\/uploads\/2018\/11\/apec-1.jpg\",\"width\":1600,\"height\":790},{\"@type\":\"BreadcrumbList\",\"@id\":\"https:\/\/www.pressenza.com\/fr\/2018\/12\/la-chine-au-coeur-de-la-mondialisation\/#breadcrumb\",\"itemListElement\":[{\"@type\":\"ListItem\",\"position\":1,\"name\":\"Accueil\",\"item\":\"https:\/\/www.pressenza.com\/fr\/\"},{\"@type\":\"ListItem\",\"position\":2,\"name\":\"La Chine au c\u0153ur de la mondialisation\"}]},{\"@type\":\"WebSite\",\"@id\":\"https:\/\/www.pressenza.com\/fr\/#website\",\"url\":\"https:\/\/www.pressenza.com\/fr\/\",\"name\":\"Pressenza\",\"description\":\"International Press Agency\",\"publisher\":{\"@id\":\"https:\/\/www.pressenza.com\/fr\/#organization\"},\"potentialAction\":[{\"@type\":\"SearchAction\",\"target\":{\"@type\":\"EntryPoint\",\"urlTemplate\":\"https:\/\/www.pressenza.com\/fr\/?s={search_term_string}\"},\"query-input\":{\"@type\":\"PropertyValueSpecification\",\"valueRequired\":true,\"valueName\":\"search_term_string\"}}],\"inLanguage\":\"fr-FR\"},{\"@type\":\"Organization\",\"@id\":\"https:\/\/www.pressenza.com\/fr\/#organization\",\"name\":\"Pressenza\",\"url\":\"https:\/\/www.pressenza.com\/fr\/\",\"logo\":{\"@type\":\"ImageObject\",\"inLanguage\":\"fr-FR\",\"@id\":\"https:\/\/www.pressenza.com\/fr\/#\/schema\/logo\/image\/\",\"url\":\"https:\/\/www.pressenza.com\/wp-content\/uploads\/2022\/10\/pressenza_logo_200x200.jpg\",\"contentUrl\":\"https:\/\/www.pressenza.com\/wp-content\/uploads\/2022\/10\/pressenza_logo_200x200.jpg\",\"width\":200,\"height\":200,\"caption\":\"Pressenza\"},\"image\":{\"@id\":\"https:\/\/www.pressenza.com\/fr\/#\/schema\/logo\/image\/\"},\"sameAs\":[\"https:\/\/www.facebook.com\/PressenzaItalia\",\"https:\/\/x.com\/PressenzaIPA\"]},{\"@type\":\"Person\",\"@id\":\"https:\/\/www.pressenza.com\/fr\/#\/schema\/person\/010e5d02bcf40965427a1289a4cc8d75\",\"name\":\"Pressenza IPA\",\"description\":\"News from Pressenza IPA correspondents\",\"sameAs\":[\"https:\/\/www.facebook.com\/pressenza\",\"https:\/\/x.com\/PressenzaIPA\"],\"url\":\"https:\/\/www.pressenza.com\/fr\/author\/pressenza-ipa\/\"}]}<\/script>\n<!-- \/ Yoast SEO plugin. -->","yoast_head_json":{"title":"La Chine au c\u0153ur de la mondialisation","description":"Par Ra\u00fal Zibechi, pour La Jornada Le r\u00e9cent Sommet de la Coop\u00e9ration \u00e9conomique Asie-Pacifique (APEC) s\u2019est termin\u00e9 pour la premi\u00e8re fois sans que les","robots":{"index":"index","follow":"follow","max-snippet":"max-snippet:-1","max-image-preview":"max-image-preview:large","max-video-preview":"max-video-preview:-1"},"canonical":"https:\/\/www.pressenza.com\/fr\/2018\/12\/la-chine-au-coeur-de-la-mondialisation\/","og_locale":"fr_FR","og_type":"article","og_title":"La Chine au c\u0153ur de la mondialisation","og_description":"Par Ra\u00fal Zibechi, pour La Jornada Le r\u00e9cent Sommet de la Coop\u00e9ration \u00e9conomique Asie-Pacifique (APEC) s\u2019est termin\u00e9 pour la premi\u00e8re fois sans que les","og_url":"https:\/\/www.pressenza.com\/fr\/2018\/12\/la-chine-au-coeur-de-la-mondialisation\/","og_site_name":"Pressenza","article_publisher":"https:\/\/www.facebook.com\/PressenzaItalia","article_author":"https:\/\/www.facebook.com\/pressenza","article_published_time":"2018-12-02T21:18:07+00:00","og_image":[{"width":1600,"height":790,"url":"https:\/\/www.pressenza.com\/wp-content\/uploads\/2018\/11\/apec-1.jpg","type":"image\/jpeg"}],"author":"Pressenza IPA","twitter_card":"summary_large_image","twitter_creator":"@PressenzaIPA","twitter_site":"@PressenzaIPA","twitter_misc":{"\u00c9crit par":"Pressenza IPA","Dur\u00e9e de lecture estim\u00e9e":"6 minutes"},"schema":{"@context":"https:\/\/schema.org","@graph":[{"@type":"Article","@id":"https:\/\/www.pressenza.com\/fr\/2018\/12\/la-chine-au-coeur-de-la-mondialisation\/#article","isPartOf":{"@id":"https:\/\/www.pressenza.com\/fr\/2018\/12\/la-chine-au-coeur-de-la-mondialisation\/"},"author":{"name":"Pressenza IPA","@id":"https:\/\/www.pressenza.com\/fr\/#\/schema\/person\/010e5d02bcf40965427a1289a4cc8d75"},"headline":"La Chine au c\u0153ur de la mondialisation","datePublished":"2018-12-02T21:18:07+00:00","mainEntityOfPage":{"@id":"https:\/\/www.pressenza.com\/fr\/2018\/12\/la-chine-au-coeur-de-la-mondialisation\/"},"wordCount":1237,"publisher":{"@id":"https:\/\/www.pressenza.com\/fr\/#organization"},"image":{"@id":"https:\/\/www.pressenza.com\/fr\/2018\/12\/la-chine-au-coeur-de-la-mondialisation\/#primaryimage"},"thumbnailUrl":"https:\/\/www.pressenza.com\/wp-content\/uploads\/2018\/11\/apec-1.jpg","keywords":["APEC","Chine-USA","guerre commerciale"],"articleSection":["Asie","Oc\u00e9anie","Opinion"],"inLanguage":"fr-FR"},{"@type":"WebPage","@id":"https:\/\/www.pressenza.com\/fr\/2018\/12\/la-chine-au-coeur-de-la-mondialisation\/","url":"https:\/\/www.pressenza.com\/fr\/2018\/12\/la-chine-au-coeur-de-la-mondialisation\/","name":"La Chine au c\u0153ur de la mondialisation","isPartOf":{"@id":"https:\/\/www.pressenza.com\/fr\/#website"},"primaryImageOfPage":{"@id":"https:\/\/www.pressenza.com\/fr\/2018\/12\/la-chine-au-coeur-de-la-mondialisation\/#primaryimage"},"image":{"@id":"https:\/\/www.pressenza.com\/fr\/2018\/12\/la-chine-au-coeur-de-la-mondialisation\/#primaryimage"},"thumbnailUrl":"https:\/\/www.pressenza.com\/wp-content\/uploads\/2018\/11\/apec-1.jpg","datePublished":"2018-12-02T21:18:07+00:00","description":"Par Ra\u00fal Zibechi, pour La Jornada Le r\u00e9cent Sommet de la Coop\u00e9ration \u00e9conomique Asie-Pacifique (APEC) s\u2019est termin\u00e9 pour la premi\u00e8re fois sans que les","breadcrumb":{"@id":"https:\/\/www.pressenza.com\/fr\/2018\/12\/la-chine-au-coeur-de-la-mondialisation\/#breadcrumb"},"inLanguage":"fr-FR","potentialAction":[{"@type":"ReadAction","target":["https:\/\/www.pressenza.com\/fr\/2018\/12\/la-chine-au-coeur-de-la-mondialisation\/"]}]},{"@type":"ImageObject","inLanguage":"fr-FR","@id":"https:\/\/www.pressenza.com\/fr\/2018\/12\/la-chine-au-coeur-de-la-mondialisation\/#primaryimage","url":"https:\/\/www.pressenza.com\/wp-content\/uploads\/2018\/11\/apec-1.jpg","contentUrl":"https:\/\/www.pressenza.com\/wp-content\/uploads\/2018\/11\/apec-1.jpg","width":1600,"height":790},{"@type":"BreadcrumbList","@id":"https:\/\/www.pressenza.com\/fr\/2018\/12\/la-chine-au-coeur-de-la-mondialisation\/#breadcrumb","itemListElement":[{"@type":"ListItem","position":1,"name":"Accueil","item":"https:\/\/www.pressenza.com\/fr\/"},{"@type":"ListItem","position":2,"name":"La Chine au c\u0153ur de la mondialisation"}]},{"@type":"WebSite","@id":"https:\/\/www.pressenza.com\/fr\/#website","url":"https:\/\/www.pressenza.com\/fr\/","name":"Pressenza","description":"International Press Agency","publisher":{"@id":"https:\/\/www.pressenza.com\/fr\/#organization"},"potentialAction":[{"@type":"SearchAction","target":{"@type":"EntryPoint","urlTemplate":"https:\/\/www.pressenza.com\/fr\/?s={search_term_string}"},"query-input":{"@type":"PropertyValueSpecification","valueRequired":true,"valueName":"search_term_string"}}],"inLanguage":"fr-FR"},{"@type":"Organization","@id":"https:\/\/www.pressenza.com\/fr\/#organization","name":"Pressenza","url":"https:\/\/www.pressenza.com\/fr\/","logo":{"@type":"ImageObject","inLanguage":"fr-FR","@id":"https:\/\/www.pressenza.com\/fr\/#\/schema\/logo\/image\/","url":"https:\/\/www.pressenza.com\/wp-content\/uploads\/2022\/10\/pressenza_logo_200x200.jpg","contentUrl":"https:\/\/www.pressenza.com\/wp-content\/uploads\/2022\/10\/pressenza_logo_200x200.jpg","width":200,"height":200,"caption":"Pressenza"},"image":{"@id":"https:\/\/www.pressenza.com\/fr\/#\/schema\/logo\/image\/"},"sameAs":["https:\/\/www.facebook.com\/PressenzaItalia","https:\/\/x.com\/PressenzaIPA"]},{"@type":"Person","@id":"https:\/\/www.pressenza.com\/fr\/#\/schema\/person\/010e5d02bcf40965427a1289a4cc8d75","name":"Pressenza IPA","description":"News from Pressenza IPA correspondents","sameAs":["https:\/\/www.facebook.com\/pressenza","https:\/\/x.com\/PressenzaIPA"],"url":"https:\/\/www.pressenza.com\/fr\/author\/pressenza-ipa\/"}]}},"place":"Port Moresby, Papouasie-Nouvelle-Guin\u00e9e","original_article_url":"https:\/\/www.desdeabajo.info\/mundo\/item\/35573-china-toma-en-sus-manos-la-bandera-de-la-globalizacion.html","_links":{"self":[{"href":"https:\/\/www.pressenza.com\/fr\/wp-json\/wp\/v2\/posts\/769087","targetHints":{"allow":["GET"]}}],"collection":[{"href":"https:\/\/www.pressenza.com\/fr\/wp-json\/wp\/v2\/posts"}],"about":[{"href":"https:\/\/www.pressenza.com\/fr\/wp-json\/wp\/v2\/types\/post"}],"author":[{"embeddable":true,"href":"https:\/\/www.pressenza.com\/fr\/wp-json\/wp\/v2\/users\/19"}],"replies":[{"embeddable":true,"href":"https:\/\/www.pressenza.com\/fr\/wp-json\/wp\/v2\/comments?post=769087"}],"version-history":[{"count":0,"href":"https:\/\/www.pressenza.com\/fr\/wp-json\/wp\/v2\/posts\/769087\/revisions"}],"wp:featuredmedia":[{"embeddable":true,"href":"https:\/\/www.pressenza.com\/fr\/wp-json\/wp\/v2\/media\/761958"}],"wp:attachment":[{"href":"https:\/\/www.pressenza.com\/fr\/wp-json\/wp\/v2\/media?parent=769087"}],"wp:term":[{"taxonomy":"category","embeddable":true,"href":"https:\/\/www.pressenza.com\/fr\/wp-json\/wp\/v2\/categories?post=769087"},{"taxonomy":"post_tag","embeddable":true,"href":"https:\/\/www.pressenza.com\/fr\/wp-json\/wp\/v2\/tags?post=769087"}],"curies":[{"name":"wp","href":"https:\/\/api.w.org\/{rel}","templated":true}]}}