{"id":766513,"date":"2018-11-28T05:40:48","date_gmt":"2018-11-28T05:40:48","guid":{"rendered":"https:\/\/www.pressenza.com\/?p=766513"},"modified":"2018-11-28T22:54:56","modified_gmt":"2018-11-28T22:54:56","slug":"le-danemark-ne-vendra-pas-darmes-a-larabie-saoudite","status":"publish","type":"post","link":"https:\/\/www.pressenza.com\/fr\/2018\/11\/le-danemark-ne-vendra-pas-darmes-a-larabie-saoudite\/","title":{"rendered":"Le Danemark ne vendra pas d&rsquo;armes \u00e0 l&rsquo;Arabie saoudite"},"content":{"rendered":"<p>Les dizaines de milliers de personnes tu\u00e9es par les bombardements saoudiens au Y\u00e9men et les dizaines de milliers d&rsquo;enfants qui ont perdu la vie \u00e0 cause de la faim caus\u00e9e par la violence contre la majorit\u00e9 houthi au Y\u00e9men, ainsi que la disparition scandaleuse du journaliste Jamal Khashoggi \u00e0 l&rsquo;ambassade saoudienne en Turquie, ont conduit le gouvernement danois \u00e0 suspendre les exportations d&rsquo;armes vers ce pays islamique.<\/p>\n<p>Le ministre danois des Affaires \u00e9trang\u00e8res, Anders Samuelsen, \u00e9tait charg\u00e9 de l&rsquo;annonce ce 22 novembre 2018 et a soulign\u00e9 que la mesure avait \u00e9t\u00e9 prise apr\u00e8s les discussions qui ont eu lieu le lundi 19 novembre lors de la r\u00e9union avec ses homologues de l&rsquo;Union europ\u00e9enne.<\/p>\n<p>En plus de freiner l&rsquo;exportation d&rsquo;armes, l&rsquo;exportation de biens civils qui peuvent \u00eatre utilis\u00e9s pour \u00ab\u00a0violer\u00a0\u00bb les droits humains des Y\u00e9m\u00e9nites est \u00e9galement interdite.<\/p>\n<p>\u00ab\u00a0Le Danemark avait d\u00e9j\u00e0 une pratique tr\u00e8s restrictive dans ce domaine, mais j&rsquo;esp\u00e8re que la d\u00e9cision danoise am\u00e8nera davantage de pays de l&rsquo;UE \u00e0 soutenir une application stricte des r\u00e8gles de l&rsquo;Union dans ce domaine\u00a0\u00bb, a d\u00e9clar\u00e9 Samuelsen, essayant de cr\u00e9er une nouvelle tendance qui mettra un terme aux \u00e9preuves de la population du Y\u00e9men.<\/p>\n<p>Rappelons que le journaliste du Washington Post Khashoggi a \u00e9t\u00e9 assassin\u00e9 \u00e0 l&rsquo;int\u00e9rieur du consulat saoudien \u00e0 Istanbul le 2 octobre dernier et qu&rsquo;une enqu\u00eate de la CIA montre que le prince saoudien est responsable de son assassinat.<\/p>\n<p>L&rsquo;Allemagne a \u00e9galement cess\u00e9 de vendre des armes au r\u00e9gime arabe le 19 novembre.<\/p>\n","protected":false},"excerpt":{"rendered":"<p>Les dizaines de milliers de personnes tu\u00e9es par les bombardements saoudiens au Y\u00e9men et les dizaines de milliers d&rsquo;enfants qui ont perdu la vie \u00e0 cause de la faim caus\u00e9e par la violence contre la majorit\u00e9 houthi au Y\u00e9men, ainsi&hellip;<\/p>\n","protected":false},"author":96,"featured_media":761996,"comment_status":"closed","ping_status":"closed","sticky":false,"template":"","format":"standard","meta":{"footnotes":""},"categories":[11386,85,1250],"tags":[22934,3008,33509,50590,34431,16760],"class_list":["post-766513","post","type-post","status-publish","format-standard","has-post-thumbnail","hentry","category-contenu-original","category-europe-fr","category-paix-desarmement","tag-arabia-saudi-fr","tag-arabie-saoudite","tag-danemark","tag-jamal-khashoggi","tag-ventes-darmes","tag-yemen-fr"],"yoast_head":"<!-- This site is optimized with the Yoast SEO plugin v27.1.1 - https:\/\/yoast.com\/product\/yoast-seo-wordpress\/ -->\n<title>Le Danemark ne vendra pas d&#039;armes \u00e0 l&#039;Arabie saoudite<\/title>\n<meta name=\"description\" content=\"Les dizaines de milliers de personnes tu\u00e9es par les bombardements saoudiens au Y\u00e9men et les dizaines de milliers d&#039;enfants qui ont perdu la vie \u00e0 cause de\" \/>\n<meta name=\"robots\" content=\"index, follow, max-snippet:-1, max-image-preview:large, max-video-preview:-1\" \/>\n<link rel=\"canonical\" href=\"https:\/\/www.pressenza.com\/fr\/2018\/11\/le-danemark-ne-vendra-pas-darmes-a-larabie-saoudite\/\" \/>\n<meta property=\"og:locale\" content=\"fr_FR\" \/>\n<meta property=\"og:type\" content=\"article\" \/>\n<meta property=\"og:title\" content=\"Le Danemark ne vendra pas d&#039;armes \u00e0 l&#039;Arabie saoudite\" \/>\n<meta property=\"og:description\" content=\"Les dizaines de milliers de personnes tu\u00e9es par les bombardements saoudiens au Y\u00e9men et les dizaines de milliers d&#039;enfants qui ont perdu la vie \u00e0 cause de\" \/>\n<meta property=\"og:url\" content=\"https:\/\/www.pressenza.com\/fr\/2018\/11\/le-danemark-ne-vendra-pas-darmes-a-larabie-saoudite\/\" \/>\n<meta property=\"og:site_name\" content=\"Pressenza\" \/>\n<meta property=\"article:publisher\" content=\"https:\/\/www.facebook.com\/PressenzaItalia\" \/>\n<meta property=\"article:author\" content=\"https:\/\/www.facebook.com\/mariano.quiroga.779\" \/>\n<meta property=\"article:published_time\" content=\"2018-11-28T05:40:48+00:00\" \/>\n<meta property=\"article:modified_time\" content=\"2018-11-28T22:54:56+00:00\" \/>\n<meta property=\"og:image\" content=\"https:\/\/www.pressenza.com\/wp-content\/uploads\/2018\/11\/flag-3358376_1280.jpg\" \/>\n\t<meta property=\"og:image:width\" content=\"1280\" \/>\n\t<meta property=\"og:image:height\" content=\"853\" \/>\n\t<meta property=\"og:image:type\" content=\"image\/jpeg\" \/>\n<meta name=\"author\" content=\"Mariano Quiroga\" \/>\n<meta name=\"twitter:card\" content=\"summary_large_image\" \/>\n<meta name=\"twitter:creator\" content=\"@MaruchoQuiroga\" \/>\n<meta name=\"twitter:site\" content=\"@PressenzaIPA\" \/>\n<meta name=\"twitter:label1\" content=\"\u00c9crit par\" \/>\n\t<meta name=\"twitter:data1\" content=\"Mariano Quiroga\" \/>\n\t<meta name=\"twitter:label2\" content=\"Dur\u00e9e de lecture estim\u00e9e\" \/>\n\t<meta name=\"twitter:data2\" content=\"1 minute\" \/>\n<script type=\"application\/ld+json\" class=\"yoast-schema-graph\">{\"@context\":\"https:\/\/schema.org\",\"@graph\":[{\"@type\":\"Article\",\"@id\":\"https:\/\/www.pressenza.com\/fr\/2018\/11\/le-danemark-ne-vendra-pas-darmes-a-larabie-saoudite\/#article\",\"isPartOf\":{\"@id\":\"https:\/\/www.pressenza.com\/fr\/2018\/11\/le-danemark-ne-vendra-pas-darmes-a-larabie-saoudite\/\"},\"author\":{\"name\":\"Mariano Quiroga\",\"@id\":\"https:\/\/www.pressenza.com\/fr\/#\/schema\/person\/a0856fe41d8234b92503e6b28dc2585e\"},\"headline\":\"Le Danemark ne vendra pas d&rsquo;armes \u00e0 l&rsquo;Arabie saoudite\",\"datePublished\":\"2018-11-28T05:40:48+00:00\",\"dateModified\":\"2018-11-28T22:54:56+00:00\",\"mainEntityOfPage\":{\"@id\":\"https:\/\/www.pressenza.com\/fr\/2018\/11\/le-danemark-ne-vendra-pas-darmes-a-larabie-saoudite\/\"},\"wordCount\":280,\"publisher\":{\"@id\":\"https:\/\/www.pressenza.com\/fr\/#organization\"},\"image\":{\"@id\":\"https:\/\/www.pressenza.com\/fr\/2018\/11\/le-danemark-ne-vendra-pas-darmes-a-larabie-saoudite\/#primaryimage\"},\"thumbnailUrl\":\"https:\/\/www.pressenza.com\/wp-content\/uploads\/2018\/11\/flag-3358376_1280.jpg\",\"keywords\":[\"Arabia Saud\u00ed\",\"Arabie Saoudite\",\"Danemark\",\"Jamal Khashoggi\",\"Ventes d\u2019armes\",\"Yemen\"],\"articleSection\":[\"Contenu Original\",\"Europe\",\"Paix et D\u00e9sarmement\"],\"inLanguage\":\"fr-FR\"},{\"@type\":\"WebPage\",\"@id\":\"https:\/\/www.pressenza.com\/fr\/2018\/11\/le-danemark-ne-vendra-pas-darmes-a-larabie-saoudite\/\",\"url\":\"https:\/\/www.pressenza.com\/fr\/2018\/11\/le-danemark-ne-vendra-pas-darmes-a-larabie-saoudite\/\",\"name\":\"Le Danemark ne vendra pas d'armes \u00e0 l'Arabie saoudite\",\"isPartOf\":{\"@id\":\"https:\/\/www.pressenza.com\/fr\/#website\"},\"primaryImageOfPage\":{\"@id\":\"https:\/\/www.pressenza.com\/fr\/2018\/11\/le-danemark-ne-vendra-pas-darmes-a-larabie-saoudite\/#primaryimage\"},\"image\":{\"@id\":\"https:\/\/www.pressenza.com\/fr\/2018\/11\/le-danemark-ne-vendra-pas-darmes-a-larabie-saoudite\/#primaryimage\"},\"thumbnailUrl\":\"https:\/\/www.pressenza.com\/wp-content\/uploads\/2018\/11\/flag-3358376_1280.jpg\",\"datePublished\":\"2018-11-28T05:40:48+00:00\",\"dateModified\":\"2018-11-28T22:54:56+00:00\",\"description\":\"Les dizaines de milliers de personnes tu\u00e9es par les bombardements saoudiens au Y\u00e9men et les dizaines de milliers d'enfants qui ont perdu la vie \u00e0 cause de\",\"breadcrumb\":{\"@id\":\"https:\/\/www.pressenza.com\/fr\/2018\/11\/le-danemark-ne-vendra-pas-darmes-a-larabie-saoudite\/#breadcrumb\"},\"inLanguage\":\"fr-FR\",\"potentialAction\":[{\"@type\":\"ReadAction\",\"target\":[\"https:\/\/www.pressenza.com\/fr\/2018\/11\/le-danemark-ne-vendra-pas-darmes-a-larabie-saoudite\/\"]}]},{\"@type\":\"ImageObject\",\"inLanguage\":\"fr-FR\",\"@id\":\"https:\/\/www.pressenza.com\/fr\/2018\/11\/le-danemark-ne-vendra-pas-darmes-a-larabie-saoudite\/#primaryimage\",\"url\":\"https:\/\/www.pressenza.com\/wp-content\/uploads\/2018\/11\/flag-3358376_1280.jpg\",\"contentUrl\":\"https:\/\/www.pressenza.com\/wp-content\/uploads\/2018\/11\/flag-3358376_1280.jpg\",\"width\":1280,\"height\":853},{\"@type\":\"BreadcrumbList\",\"@id\":\"https:\/\/www.pressenza.com\/fr\/2018\/11\/le-danemark-ne-vendra-pas-darmes-a-larabie-saoudite\/#breadcrumb\",\"itemListElement\":[{\"@type\":\"ListItem\",\"position\":1,\"name\":\"Accueil\",\"item\":\"https:\/\/www.pressenza.com\/fr\/\"},{\"@type\":\"ListItem\",\"position\":2,\"name\":\"Le Danemark ne vendra pas d&rsquo;armes \u00e0 l&rsquo;Arabie saoudite\"}]},{\"@type\":\"WebSite\",\"@id\":\"https:\/\/www.pressenza.com\/fr\/#website\",\"url\":\"https:\/\/www.pressenza.com\/fr\/\",\"name\":\"Pressenza\",\"description\":\"International Press Agency\",\"publisher\":{\"@id\":\"https:\/\/www.pressenza.com\/fr\/#organization\"},\"potentialAction\":[{\"@type\":\"SearchAction\",\"target\":{\"@type\":\"EntryPoint\",\"urlTemplate\":\"https:\/\/www.pressenza.com\/fr\/?s={search_term_string}\"},\"query-input\":{\"@type\":\"PropertyValueSpecification\",\"valueRequired\":true,\"valueName\":\"search_term_string\"}}],\"inLanguage\":\"fr-FR\"},{\"@type\":\"Organization\",\"@id\":\"https:\/\/www.pressenza.com\/fr\/#organization\",\"name\":\"Pressenza\",\"url\":\"https:\/\/www.pressenza.com\/fr\/\",\"logo\":{\"@type\":\"ImageObject\",\"inLanguage\":\"fr-FR\",\"@id\":\"https:\/\/www.pressenza.com\/fr\/#\/schema\/logo\/image\/\",\"url\":\"https:\/\/www.pressenza.com\/wp-content\/uploads\/2022\/10\/pressenza_logo_200x200.jpg\",\"contentUrl\":\"https:\/\/www.pressenza.com\/wp-content\/uploads\/2022\/10\/pressenza_logo_200x200.jpg\",\"width\":200,\"height\":200,\"caption\":\"Pressenza\"},\"image\":{\"@id\":\"https:\/\/www.pressenza.com\/fr\/#\/schema\/logo\/image\/\"},\"sameAs\":[\"https:\/\/www.facebook.com\/PressenzaItalia\",\"https:\/\/x.com\/PressenzaIPA\"]},{\"@type\":\"Person\",\"@id\":\"https:\/\/www.pressenza.com\/fr\/#\/schema\/person\/a0856fe41d8234b92503e6b28dc2585e\",\"name\":\"Mariano Quiroga\",\"description\":\"Born in Buenos Aires, Argentina, in 1976, Mariano is a journalist, poet and international editor for Pressenza. His career includes publications in different countries and languages. Currently he is presenter on radio programmes in Ecuador and Argentina. A humanist communicator specialising in international politics, his vocation has led him to seek to build bridges that allow relationships to be made between data, events, people and contexts in order to create an inclusive look that synthesises the noblest searches for social justice and humanisation of the planet.\",\"sameAs\":[\"https:\/\/www.facebook.com\/mariano.quiroga.779\",\"https:\/\/x.com\/MaruchoQuiroga\"],\"url\":\"https:\/\/www.pressenza.com\/fr\/author\/mariano-quiroga\/\"}]}<\/script>\n<!-- \/ Yoast SEO plugin. -->","yoast_head_json":{"title":"Le Danemark ne vendra pas d'armes \u00e0 l'Arabie saoudite","description":"Les dizaines de milliers de personnes tu\u00e9es par les bombardements saoudiens au Y\u00e9men et les dizaines de milliers d'enfants qui ont perdu la vie \u00e0 cause de","robots":{"index":"index","follow":"follow","max-snippet":"max-snippet:-1","max-image-preview":"max-image-preview:large","max-video-preview":"max-video-preview:-1"},"canonical":"https:\/\/www.pressenza.com\/fr\/2018\/11\/le-danemark-ne-vendra-pas-darmes-a-larabie-saoudite\/","og_locale":"fr_FR","og_type":"article","og_title":"Le Danemark ne vendra pas d'armes \u00e0 l'Arabie saoudite","og_description":"Les dizaines de milliers de personnes tu\u00e9es par les bombardements saoudiens au Y\u00e9men et les dizaines de milliers d'enfants qui ont perdu la vie \u00e0 cause de","og_url":"https:\/\/www.pressenza.com\/fr\/2018\/11\/le-danemark-ne-vendra-pas-darmes-a-larabie-saoudite\/","og_site_name":"Pressenza","article_publisher":"https:\/\/www.facebook.com\/PressenzaItalia","article_author":"https:\/\/www.facebook.com\/mariano.quiroga.779","article_published_time":"2018-11-28T05:40:48+00:00","article_modified_time":"2018-11-28T22:54:56+00:00","og_image":[{"width":1280,"height":853,"url":"https:\/\/www.pressenza.com\/wp-content\/uploads\/2018\/11\/flag-3358376_1280.jpg","type":"image\/jpeg"}],"author":"Mariano Quiroga","twitter_card":"summary_large_image","twitter_creator":"@MaruchoQuiroga","twitter_site":"@PressenzaIPA","twitter_misc":{"\u00c9crit par":"Mariano Quiroga","Dur\u00e9e de lecture estim\u00e9e":"1 minute"},"schema":{"@context":"https:\/\/schema.org","@graph":[{"@type":"Article","@id":"https:\/\/www.pressenza.com\/fr\/2018\/11\/le-danemark-ne-vendra-pas-darmes-a-larabie-saoudite\/#article","isPartOf":{"@id":"https:\/\/www.pressenza.com\/fr\/2018\/11\/le-danemark-ne-vendra-pas-darmes-a-larabie-saoudite\/"},"author":{"name":"Mariano Quiroga","@id":"https:\/\/www.pressenza.com\/fr\/#\/schema\/person\/a0856fe41d8234b92503e6b28dc2585e"},"headline":"Le Danemark ne vendra pas d&rsquo;armes \u00e0 l&rsquo;Arabie saoudite","datePublished":"2018-11-28T05:40:48+00:00","dateModified":"2018-11-28T22:54:56+00:00","mainEntityOfPage":{"@id":"https:\/\/www.pressenza.com\/fr\/2018\/11\/le-danemark-ne-vendra-pas-darmes-a-larabie-saoudite\/"},"wordCount":280,"publisher":{"@id":"https:\/\/www.pressenza.com\/fr\/#organization"},"image":{"@id":"https:\/\/www.pressenza.com\/fr\/2018\/11\/le-danemark-ne-vendra-pas-darmes-a-larabie-saoudite\/#primaryimage"},"thumbnailUrl":"https:\/\/www.pressenza.com\/wp-content\/uploads\/2018\/11\/flag-3358376_1280.jpg","keywords":["Arabia Saud\u00ed","Arabie Saoudite","Danemark","Jamal Khashoggi","Ventes d\u2019armes","Yemen"],"articleSection":["Contenu Original","Europe","Paix et D\u00e9sarmement"],"inLanguage":"fr-FR"},{"@type":"WebPage","@id":"https:\/\/www.pressenza.com\/fr\/2018\/11\/le-danemark-ne-vendra-pas-darmes-a-larabie-saoudite\/","url":"https:\/\/www.pressenza.com\/fr\/2018\/11\/le-danemark-ne-vendra-pas-darmes-a-larabie-saoudite\/","name":"Le Danemark ne vendra pas d'armes \u00e0 l'Arabie saoudite","isPartOf":{"@id":"https:\/\/www.pressenza.com\/fr\/#website"},"primaryImageOfPage":{"@id":"https:\/\/www.pressenza.com\/fr\/2018\/11\/le-danemark-ne-vendra-pas-darmes-a-larabie-saoudite\/#primaryimage"},"image":{"@id":"https:\/\/www.pressenza.com\/fr\/2018\/11\/le-danemark-ne-vendra-pas-darmes-a-larabie-saoudite\/#primaryimage"},"thumbnailUrl":"https:\/\/www.pressenza.com\/wp-content\/uploads\/2018\/11\/flag-3358376_1280.jpg","datePublished":"2018-11-28T05:40:48+00:00","dateModified":"2018-11-28T22:54:56+00:00","description":"Les dizaines de milliers de personnes tu\u00e9es par les bombardements saoudiens au Y\u00e9men et les dizaines de milliers d'enfants qui ont perdu la vie \u00e0 cause de","breadcrumb":{"@id":"https:\/\/www.pressenza.com\/fr\/2018\/11\/le-danemark-ne-vendra-pas-darmes-a-larabie-saoudite\/#breadcrumb"},"inLanguage":"fr-FR","potentialAction":[{"@type":"ReadAction","target":["https:\/\/www.pressenza.com\/fr\/2018\/11\/le-danemark-ne-vendra-pas-darmes-a-larabie-saoudite\/"]}]},{"@type":"ImageObject","inLanguage":"fr-FR","@id":"https:\/\/www.pressenza.com\/fr\/2018\/11\/le-danemark-ne-vendra-pas-darmes-a-larabie-saoudite\/#primaryimage","url":"https:\/\/www.pressenza.com\/wp-content\/uploads\/2018\/11\/flag-3358376_1280.jpg","contentUrl":"https:\/\/www.pressenza.com\/wp-content\/uploads\/2018\/11\/flag-3358376_1280.jpg","width":1280,"height":853},{"@type":"BreadcrumbList","@id":"https:\/\/www.pressenza.com\/fr\/2018\/11\/le-danemark-ne-vendra-pas-darmes-a-larabie-saoudite\/#breadcrumb","itemListElement":[{"@type":"ListItem","position":1,"name":"Accueil","item":"https:\/\/www.pressenza.com\/fr\/"},{"@type":"ListItem","position":2,"name":"Le Danemark ne vendra pas d&rsquo;armes \u00e0 l&rsquo;Arabie saoudite"}]},{"@type":"WebSite","@id":"https:\/\/www.pressenza.com\/fr\/#website","url":"https:\/\/www.pressenza.com\/fr\/","name":"Pressenza","description":"International Press Agency","publisher":{"@id":"https:\/\/www.pressenza.com\/fr\/#organization"},"potentialAction":[{"@type":"SearchAction","target":{"@type":"EntryPoint","urlTemplate":"https:\/\/www.pressenza.com\/fr\/?s={search_term_string}"},"query-input":{"@type":"PropertyValueSpecification","valueRequired":true,"valueName":"search_term_string"}}],"inLanguage":"fr-FR"},{"@type":"Organization","@id":"https:\/\/www.pressenza.com\/fr\/#organization","name":"Pressenza","url":"https:\/\/www.pressenza.com\/fr\/","logo":{"@type":"ImageObject","inLanguage":"fr-FR","@id":"https:\/\/www.pressenza.com\/fr\/#\/schema\/logo\/image\/","url":"https:\/\/www.pressenza.com\/wp-content\/uploads\/2022\/10\/pressenza_logo_200x200.jpg","contentUrl":"https:\/\/www.pressenza.com\/wp-content\/uploads\/2022\/10\/pressenza_logo_200x200.jpg","width":200,"height":200,"caption":"Pressenza"},"image":{"@id":"https:\/\/www.pressenza.com\/fr\/#\/schema\/logo\/image\/"},"sameAs":["https:\/\/www.facebook.com\/PressenzaItalia","https:\/\/x.com\/PressenzaIPA"]},{"@type":"Person","@id":"https:\/\/www.pressenza.com\/fr\/#\/schema\/person\/a0856fe41d8234b92503e6b28dc2585e","name":"Mariano Quiroga","description":"Born in Buenos Aires, Argentina, in 1976, Mariano is a journalist, poet and international editor for Pressenza. His career includes publications in different countries and languages. Currently he is presenter on radio programmes in Ecuador and Argentina. A humanist communicator specialising in international politics, his vocation has led him to seek to build bridges that allow relationships to be made between data, events, people and contexts in order to create an inclusive look that synthesises the noblest searches for social justice and humanisation of the planet.","sameAs":["https:\/\/www.facebook.com\/mariano.quiroga.779","https:\/\/x.com\/MaruchoQuiroga"],"url":"https:\/\/www.pressenza.com\/fr\/author\/mariano-quiroga\/"}]}},"place":"Buenos Aires, Argentine","original_article_url":"https:\/\/www.pichinchauniversal.com.ec\/dinamarca-no-vendera-armas-a-arabia-saudi\/","_links":{"self":[{"href":"https:\/\/www.pressenza.com\/fr\/wp-json\/wp\/v2\/posts\/766513","targetHints":{"allow":["GET"]}}],"collection":[{"href":"https:\/\/www.pressenza.com\/fr\/wp-json\/wp\/v2\/posts"}],"about":[{"href":"https:\/\/www.pressenza.com\/fr\/wp-json\/wp\/v2\/types\/post"}],"author":[{"embeddable":true,"href":"https:\/\/www.pressenza.com\/fr\/wp-json\/wp\/v2\/users\/96"}],"replies":[{"embeddable":true,"href":"https:\/\/www.pressenza.com\/fr\/wp-json\/wp\/v2\/comments?post=766513"}],"version-history":[{"count":0,"href":"https:\/\/www.pressenza.com\/fr\/wp-json\/wp\/v2\/posts\/766513\/revisions"}],"wp:featuredmedia":[{"embeddable":true,"href":"https:\/\/www.pressenza.com\/fr\/wp-json\/wp\/v2\/media\/761996"}],"wp:attachment":[{"href":"https:\/\/www.pressenza.com\/fr\/wp-json\/wp\/v2\/media?parent=766513"}],"wp:term":[{"taxonomy":"category","embeddable":true,"href":"https:\/\/www.pressenza.com\/fr\/wp-json\/wp\/v2\/categories?post=766513"},{"taxonomy":"post_tag","embeddable":true,"href":"https:\/\/www.pressenza.com\/fr\/wp-json\/wp\/v2\/tags?post=766513"}],"curies":[{"name":"wp","href":"https:\/\/api.w.org\/{rel}","templated":true}]}}