{"id":76625,"date":"2013-11-14T06:19:36","date_gmt":"2013-11-14T06:19:36","guid":{"rendered":"http:\/\/www.pressenza.com\/?p=76625"},"modified":"2013-11-14T06:19:36","modified_gmt":"2013-11-14T06:19:36","slug":"leurope-denuclearisee-lart-de-la-guerre","status":"publish","type":"post","link":"https:\/\/www.pressenza.com\/fr\/2013\/11\/leurope-denuclearisee-lart-de-la-guerre\/","title":{"rendered":"L\u2019Europe (d\u00e9)nucl\u00e9aris\u00e9e. L&rsquo;art de la guerre"},"content":{"rendered":"<p><strong>Par Manlio Dinucci<\/strong><\/p>\n<p>Les projecteurs des m\u00e9dias son braqu\u00e9s sur Gen\u00e8ve, o\u00f9 sont en cours des entretiens pour d\u00e9nucl\u00e9ariser l\u2019Iran, qui ne poss\u00e8de pas d\u2019armes nucl\u00e9aires et adh\u00e8re au Trait\u00e9 de non-prolif\u00e9ration. Isra\u00ebl reste par contre dans l\u2019ombre, bien que poss\u00e9dant des centaines d\u2019armes nucl\u00e9aires point\u00e9es sur l\u2019Iran et d\u2019autres pays, et n\u2019adh\u00e9rant pas au\u00a0 Trait\u00e9 de non-prolif\u00e9ration. Plus encore dans l\u2019ombre reste le fait que les \u00c9tats-Unis, tandis qu\u2019ils sont engag\u00e9s \u00e0 Gen\u00e8ve \u00e0 d\u00e9nucl\u00e9ariser l\u2019Iran, nucl\u00e9arisent l\u2019Europe en potentialisant les armes conserv\u00e9es en Allemagne, Italie, Belgique, Hollande et Turquie.<\/p>\n<p>Ce sont environ 200 bombes B-61, qui s\u2019ajoutent aux plus de 500 t\u00eates nucl\u00e9aires fran\u00e7aises et britanniques pr\u00eates au lancement. Selon une estimation basse, il y en a\u00a0 en Italie 70-90, stock\u00e9es \u00e0 Aviano (Frioul) et Ghedi Torre. Mais il pourrait y en avoir davantage, m\u00eame dans d\u2019autres sites. On ne conna\u00eet pas davantage le nombre d\u2019armes nucl\u00e9aires qui se trouvent \u00e0 bord des unit\u00e9s de la Sixi\u00e8me flotte et autres navires de guerre qui jettent l\u2019ancre dans nos ports. Ce qu\u2019on sait officiellement c\u2019est qu\u2019\u00e0 pr\u00e9sent les B-61 seront transform\u00e9es de bombes \u00e0 chute libre en bombes \u00ab\u00a0intelligentes\u00a0\u00bb qui, gr\u00e2ce \u00e0 un syst\u00e8me de guidage satellite et laser, pourront \u00eatre largu\u00e9es \u00e0 une grande distance de l\u2019objectif.<\/p>\n<p>Les nouvelles bombes nucl\u00e9aires \u00e0 guidage de pr\u00e9cision, dont le co\u00fbt pr\u00e9vu est de 8-12 milliards de dollars pour 400-500 bombes, auront une puissance moyenne de 50 kilotons (environ quatre fois la bombe de Hiroshima). D\u2019autres aspects, sortis d\u2019une audition de la sous-commission du Congr\u00e8s sur les forces strat\u00e9giques (29 octobre), \u00e9clairent de fa\u00e7on plus inqui\u00e9tante encore toute l\u2019affaire. Washington assure que \u00ab\u00a0l\u2019OTAN restera une alliance nucl\u00e9aire\u00a0\u00bb et que, \u00abm\u00eame si l\u2019OTAN s\u2019accordait avec la Russie pour une r\u00e9duction des armes nucl\u00e9aires en Europe, nous aurions toujours l\u2019exigence de compl\u00e9ter le programme de la\u00a0 B61-12\u00a0\u00bb. La nouvelle arme remplacera les cinq variantes de l\u2019actuelle B61, y compris la bombe p\u00e9n\u00e9trante anti-bunker B61-11 de 400 kilotons, et la maxi-bombe B83 de 1200 kilotons. En d\u2019autres termes, elle aura la m\u00eame capacit\u00e9 destructrice que ces bombes plus puissantes.<\/p>\n<p>En m\u00eame temps, la B61-12 \u00ab\u00a0sera int\u00e9gr\u00e9e avec le chasseur F-35 Joint Strike Fighter\u00a0\u00bb, fait doublement important car \u00ab\u00a0le F-35 est destin\u00e9 \u00e0 devenir le seul chasseur \u00e0 double capacit\u00e9, nucl\u00e9aire et conventionnelle, des forces a\u00e9riennes des \u00c9tats-Unis et de nombreux pays alli\u00e9s\u00a0\u00bb. Celle qui va arriver bient\u00f4t en Italie et dans d\u2019autres pays europ\u00e9ens n\u2019est donc pas une simple version modernis\u00e9e de la B-61, mais une arme polyvalente\u00a0 qui aura la fonction de plusieurs bombes, y compris celles projet\u00e9es pour \u00ab\u00a0d\u00e9capiter\u00a0\u00bb le pays ennemi, en d\u00e9truisant les bunkers des centres de commandement et d\u2019autres structures souterraines dans un\u00a0<em>first strike<\/em>\u00a0nucl\u00e9aire. Comme les bombes anti-bunkers ne sont pas aujourd\u2019hui d\u00e9ploy\u00e9es en Europe, l\u2019introduction de la B61-12, qui accomplit aussi leur fonction, renforce la capacit\u00e9 offensive des forces nucl\u00e9aires USA\/OTAN en Europe. Les pilotes italiens \u2013 qui sont entra\u00een\u00e9s \u00e0 l\u2019utilisation des B-61 avec les chasseurs Tornado, comme cela s\u2019est fait dans la man\u0153uvre \u00ab\u00a0Steadfast Noon\u00a0\u00bb qui s\u2019est d\u00e9roul\u00e9e \u00e0 Aviano et Ghedi dans la seconde moiti\u00e9 d\u2019octobre, seront sous peu entra\u00een\u00e9s \u00e0 l\u2019attaque nucl\u00e9aire avec les F-35 arm\u00e9s de B61-12. De cette fa\u00e7on l\u2019Italie viole le Trait\u00e9 de non-prolif\u00e9ration qui l\u2019engage \u00e0 \u00ab\u00a0ne pas recevoir de qui que ce soit des armes nucl\u00e9aires\u00a0\u00bb. Et les \u00c9tats-Unis le violent parce qu\u2019ils se sont engag\u00e9s \u00e0 \u00ab\u00a0ne pas transf\u00e9rer \u00e0 qui que ce soit des armes nucl\u00e9aires ni le contr\u00f4le sur de telles armes\u00a0\u00bb.<\/p>\n<p>Mais tout cela ne se voit pas parce que les projecteurs des m\u00e9dias sont braqu\u00e9s sur le show de\u00a0 Gen\u00e8ve.<\/p>\n<p>Source :\u00a0<a href=\"http:\/\/www.mondialisation.ca\/leurope-denuclearisee\/5357833\">http:\/\/www.mondialisation.ca\/leurope-denuclearisee\/5357833<\/a><\/p>\n<p><em>Traduit de l\u2019italien par Marie-Ange Patrizio<\/em><\/p>\n","protected":false},"excerpt":{"rendered":"<p>Par Manlio Dinucci Les projecteurs des m\u00e9dias son braqu\u00e9s sur Gen\u00e8ve, o\u00f9 sont en cours des entretiens pour d\u00e9nucl\u00e9ariser l\u2019Iran, qui ne poss\u00e8de pas d\u2019armes nucl\u00e9aires et adh\u00e8re au Trait\u00e9 de non-prolif\u00e9ration. Isra\u00ebl reste par contre dans l\u2019ombre, bien que&hellip;<\/p>\n","protected":false},"author":926,"featured_media":0,"comment_status":"closed","ping_status":"open","sticky":false,"template":"","format":"standard","meta":{"footnotes":""},"categories":[85,163,1250],"tags":[7751,1219,22198,252,471,22211,3317],"class_list":["post-76625","post","type-post","status-publish","format-standard","hentry","category-europe-fr","category-opinion-fr","category-paix-desarmement","tag-afrique-du-nord","tag-energie","tag-europe","tag-guerre","tag-iran-fr","tag-moyen-orient","tag-nucleaire"],"yoast_head":"<!-- This site is optimized with the Yoast SEO plugin v27.1.1 - https:\/\/yoast.com\/product\/yoast-seo-wordpress\/ -->\n<title>L\u2019Europe (d\u00e9)nucl\u00e9aris\u00e9e. L&#039;art de la guerre<\/title>\n<meta name=\"description\" content=\"Par Manlio Dinucci Les projecteurs des m\u00e9dias son braqu\u00e9s sur Gen\u00e8ve, o\u00f9 sont en cours des entretiens pour d\u00e9nucl\u00e9ariser l\u2019Iran, qui ne poss\u00e8de pas\" \/>\n<meta name=\"robots\" content=\"index, follow, max-snippet:-1, max-image-preview:large, max-video-preview:-1\" \/>\n<link rel=\"canonical\" href=\"https:\/\/www.pressenza.com\/fr\/2013\/11\/leurope-denuclearisee-lart-de-la-guerre\/\" \/>\n<meta property=\"og:locale\" content=\"fr_FR\" \/>\n<meta property=\"og:type\" content=\"article\" \/>\n<meta property=\"og:title\" content=\"L\u2019Europe (d\u00e9)nucl\u00e9aris\u00e9e. L&#039;art de la guerre\" \/>\n<meta property=\"og:description\" content=\"Par Manlio Dinucci Les projecteurs des m\u00e9dias son braqu\u00e9s sur Gen\u00e8ve, o\u00f9 sont en cours des entretiens pour d\u00e9nucl\u00e9ariser l\u2019Iran, qui ne poss\u00e8de pas\" \/>\n<meta property=\"og:url\" content=\"https:\/\/www.pressenza.com\/fr\/2013\/11\/leurope-denuclearisee-lart-de-la-guerre\/\" \/>\n<meta property=\"og:site_name\" content=\"Pressenza\" \/>\n<meta property=\"article:publisher\" content=\"https:\/\/www.facebook.com\/PressenzaItalia\" \/>\n<meta property=\"article:published_time\" content=\"2013-11-14T06:19:36+00:00\" \/>\n<meta name=\"author\" content=\"R\u00e9daction France\" \/>\n<meta name=\"twitter:card\" content=\"summary_large_image\" \/>\n<meta name=\"twitter:creator\" content=\"@PressenzaIPA\" \/>\n<meta name=\"twitter:site\" content=\"@PressenzaIPA\" \/>\n<meta name=\"twitter:label1\" content=\"\u00c9crit par\" \/>\n\t<meta name=\"twitter:data1\" content=\"R\u00e9daction France\" \/>\n\t<meta name=\"twitter:label2\" content=\"Dur\u00e9e de lecture estim\u00e9e\" \/>\n\t<meta name=\"twitter:data2\" content=\"4 minutes\" \/>\n<script type=\"application\/ld+json\" class=\"yoast-schema-graph\">{\"@context\":\"https:\/\/schema.org\",\"@graph\":[{\"@type\":\"Article\",\"@id\":\"https:\/\/www.pressenza.com\/fr\/2013\/11\/leurope-denuclearisee-lart-de-la-guerre\/#article\",\"isPartOf\":{\"@id\":\"https:\/\/www.pressenza.com\/fr\/2013\/11\/leurope-denuclearisee-lart-de-la-guerre\/\"},\"author\":{\"name\":\"R\u00e9daction France\",\"@id\":\"https:\/\/www.pressenza.com\/fr\/#\/schema\/person\/3c9fe6670cc2cffbd37562f87b98e869\"},\"headline\":\"L\u2019Europe (d\u00e9)nucl\u00e9aris\u00e9e. L&rsquo;art de la guerre\",\"datePublished\":\"2013-11-14T06:19:36+00:00\",\"mainEntityOfPage\":{\"@id\":\"https:\/\/www.pressenza.com\/fr\/2013\/11\/leurope-denuclearisee-lart-de-la-guerre\/\"},\"wordCount\":732,\"publisher\":{\"@id\":\"https:\/\/www.pressenza.com\/fr\/#organization\"},\"keywords\":[\"Afrique du Nord\",\"Energie\",\"Europe\",\"guerre\",\"Iran\",\"Moyen Orient\",\"Nucl\u00e9aire\"],\"articleSection\":[\"Europe\",\"Opinion\",\"Paix et D\u00e9sarmement\"],\"inLanguage\":\"fr-FR\"},{\"@type\":\"WebPage\",\"@id\":\"https:\/\/www.pressenza.com\/fr\/2013\/11\/leurope-denuclearisee-lart-de-la-guerre\/\",\"url\":\"https:\/\/www.pressenza.com\/fr\/2013\/11\/leurope-denuclearisee-lart-de-la-guerre\/\",\"name\":\"L\u2019Europe (d\u00e9)nucl\u00e9aris\u00e9e. L'art de la guerre\",\"isPartOf\":{\"@id\":\"https:\/\/www.pressenza.com\/fr\/#website\"},\"datePublished\":\"2013-11-14T06:19:36+00:00\",\"description\":\"Par Manlio Dinucci Les projecteurs des m\u00e9dias son braqu\u00e9s sur Gen\u00e8ve, o\u00f9 sont en cours des entretiens pour d\u00e9nucl\u00e9ariser l\u2019Iran, qui ne poss\u00e8de pas\",\"breadcrumb\":{\"@id\":\"https:\/\/www.pressenza.com\/fr\/2013\/11\/leurope-denuclearisee-lart-de-la-guerre\/#breadcrumb\"},\"inLanguage\":\"fr-FR\",\"potentialAction\":[{\"@type\":\"ReadAction\",\"target\":[\"https:\/\/www.pressenza.com\/fr\/2013\/11\/leurope-denuclearisee-lart-de-la-guerre\/\"]}]},{\"@type\":\"BreadcrumbList\",\"@id\":\"https:\/\/www.pressenza.com\/fr\/2013\/11\/leurope-denuclearisee-lart-de-la-guerre\/#breadcrumb\",\"itemListElement\":[{\"@type\":\"ListItem\",\"position\":1,\"name\":\"Accueil\",\"item\":\"https:\/\/www.pressenza.com\/fr\/\"},{\"@type\":\"ListItem\",\"position\":2,\"name\":\"L\u2019Europe (d\u00e9)nucl\u00e9aris\u00e9e. L&rsquo;art de la guerre\"}]},{\"@type\":\"WebSite\",\"@id\":\"https:\/\/www.pressenza.com\/fr\/#website\",\"url\":\"https:\/\/www.pressenza.com\/fr\/\",\"name\":\"Pressenza\",\"description\":\"International Press Agency\",\"publisher\":{\"@id\":\"https:\/\/www.pressenza.com\/fr\/#organization\"},\"potentialAction\":[{\"@type\":\"SearchAction\",\"target\":{\"@type\":\"EntryPoint\",\"urlTemplate\":\"https:\/\/www.pressenza.com\/fr\/?s={search_term_string}\"},\"query-input\":{\"@type\":\"PropertyValueSpecification\",\"valueRequired\":true,\"valueName\":\"search_term_string\"}}],\"inLanguage\":\"fr-FR\"},{\"@type\":\"Organization\",\"@id\":\"https:\/\/www.pressenza.com\/fr\/#organization\",\"name\":\"Pressenza\",\"url\":\"https:\/\/www.pressenza.com\/fr\/\",\"logo\":{\"@type\":\"ImageObject\",\"inLanguage\":\"fr-FR\",\"@id\":\"https:\/\/www.pressenza.com\/fr\/#\/schema\/logo\/image\/\",\"url\":\"https:\/\/www.pressenza.com\/wp-content\/uploads\/2022\/10\/pressenza_logo_200x200.jpg\",\"contentUrl\":\"https:\/\/www.pressenza.com\/wp-content\/uploads\/2022\/10\/pressenza_logo_200x200.jpg\",\"width\":200,\"height\":200,\"caption\":\"Pressenza\"},\"image\":{\"@id\":\"https:\/\/www.pressenza.com\/fr\/#\/schema\/logo\/image\/\"},\"sameAs\":[\"https:\/\/www.facebook.com\/PressenzaItalia\",\"https:\/\/x.com\/PressenzaIPA\"]},{\"@type\":\"Person\",\"@id\":\"https:\/\/www.pressenza.com\/fr\/#\/schema\/person\/3c9fe6670cc2cffbd37562f87b98e869\",\"name\":\"R\u00e9daction France\",\"description\":\"News published by the Pressenza bureau in France\",\"sameAs\":[\"http:\/\/www.pressenza.com\/fr\"],\"url\":\"https:\/\/www.pressenza.com\/fr\/author\/redactionfrance\/\"}]}<\/script>\n<!-- \/ Yoast SEO plugin. -->","yoast_head_json":{"title":"L\u2019Europe (d\u00e9)nucl\u00e9aris\u00e9e. L'art de la guerre","description":"Par Manlio Dinucci Les projecteurs des m\u00e9dias son braqu\u00e9s sur Gen\u00e8ve, o\u00f9 sont en cours des entretiens pour d\u00e9nucl\u00e9ariser l\u2019Iran, qui ne poss\u00e8de pas","robots":{"index":"index","follow":"follow","max-snippet":"max-snippet:-1","max-image-preview":"max-image-preview:large","max-video-preview":"max-video-preview:-1"},"canonical":"https:\/\/www.pressenza.com\/fr\/2013\/11\/leurope-denuclearisee-lart-de-la-guerre\/","og_locale":"fr_FR","og_type":"article","og_title":"L\u2019Europe (d\u00e9)nucl\u00e9aris\u00e9e. L'art de la guerre","og_description":"Par Manlio Dinucci Les projecteurs des m\u00e9dias son braqu\u00e9s sur Gen\u00e8ve, o\u00f9 sont en cours des entretiens pour d\u00e9nucl\u00e9ariser l\u2019Iran, qui ne poss\u00e8de pas","og_url":"https:\/\/www.pressenza.com\/fr\/2013\/11\/leurope-denuclearisee-lart-de-la-guerre\/","og_site_name":"Pressenza","article_publisher":"https:\/\/www.facebook.com\/PressenzaItalia","article_published_time":"2013-11-14T06:19:36+00:00","author":"R\u00e9daction France","twitter_card":"summary_large_image","twitter_creator":"@PressenzaIPA","twitter_site":"@PressenzaIPA","twitter_misc":{"\u00c9crit par":"R\u00e9daction France","Dur\u00e9e de lecture estim\u00e9e":"4 minutes"},"schema":{"@context":"https:\/\/schema.org","@graph":[{"@type":"Article","@id":"https:\/\/www.pressenza.com\/fr\/2013\/11\/leurope-denuclearisee-lart-de-la-guerre\/#article","isPartOf":{"@id":"https:\/\/www.pressenza.com\/fr\/2013\/11\/leurope-denuclearisee-lart-de-la-guerre\/"},"author":{"name":"R\u00e9daction France","@id":"https:\/\/www.pressenza.com\/fr\/#\/schema\/person\/3c9fe6670cc2cffbd37562f87b98e869"},"headline":"L\u2019Europe (d\u00e9)nucl\u00e9aris\u00e9e. L&rsquo;art de la guerre","datePublished":"2013-11-14T06:19:36+00:00","mainEntityOfPage":{"@id":"https:\/\/www.pressenza.com\/fr\/2013\/11\/leurope-denuclearisee-lart-de-la-guerre\/"},"wordCount":732,"publisher":{"@id":"https:\/\/www.pressenza.com\/fr\/#organization"},"keywords":["Afrique du Nord","Energie","Europe","guerre","Iran","Moyen Orient","Nucl\u00e9aire"],"articleSection":["Europe","Opinion","Paix et D\u00e9sarmement"],"inLanguage":"fr-FR"},{"@type":"WebPage","@id":"https:\/\/www.pressenza.com\/fr\/2013\/11\/leurope-denuclearisee-lart-de-la-guerre\/","url":"https:\/\/www.pressenza.com\/fr\/2013\/11\/leurope-denuclearisee-lart-de-la-guerre\/","name":"L\u2019Europe (d\u00e9)nucl\u00e9aris\u00e9e. L'art de la guerre","isPartOf":{"@id":"https:\/\/www.pressenza.com\/fr\/#website"},"datePublished":"2013-11-14T06:19:36+00:00","description":"Par Manlio Dinucci Les projecteurs des m\u00e9dias son braqu\u00e9s sur Gen\u00e8ve, o\u00f9 sont en cours des entretiens pour d\u00e9nucl\u00e9ariser l\u2019Iran, qui ne poss\u00e8de pas","breadcrumb":{"@id":"https:\/\/www.pressenza.com\/fr\/2013\/11\/leurope-denuclearisee-lart-de-la-guerre\/#breadcrumb"},"inLanguage":"fr-FR","potentialAction":[{"@type":"ReadAction","target":["https:\/\/www.pressenza.com\/fr\/2013\/11\/leurope-denuclearisee-lart-de-la-guerre\/"]}]},{"@type":"BreadcrumbList","@id":"https:\/\/www.pressenza.com\/fr\/2013\/11\/leurope-denuclearisee-lart-de-la-guerre\/#breadcrumb","itemListElement":[{"@type":"ListItem","position":1,"name":"Accueil","item":"https:\/\/www.pressenza.com\/fr\/"},{"@type":"ListItem","position":2,"name":"L\u2019Europe (d\u00e9)nucl\u00e9aris\u00e9e. L&rsquo;art de la guerre"}]},{"@type":"WebSite","@id":"https:\/\/www.pressenza.com\/fr\/#website","url":"https:\/\/www.pressenza.com\/fr\/","name":"Pressenza","description":"International Press Agency","publisher":{"@id":"https:\/\/www.pressenza.com\/fr\/#organization"},"potentialAction":[{"@type":"SearchAction","target":{"@type":"EntryPoint","urlTemplate":"https:\/\/www.pressenza.com\/fr\/?s={search_term_string}"},"query-input":{"@type":"PropertyValueSpecification","valueRequired":true,"valueName":"search_term_string"}}],"inLanguage":"fr-FR"},{"@type":"Organization","@id":"https:\/\/www.pressenza.com\/fr\/#organization","name":"Pressenza","url":"https:\/\/www.pressenza.com\/fr\/","logo":{"@type":"ImageObject","inLanguage":"fr-FR","@id":"https:\/\/www.pressenza.com\/fr\/#\/schema\/logo\/image\/","url":"https:\/\/www.pressenza.com\/wp-content\/uploads\/2022\/10\/pressenza_logo_200x200.jpg","contentUrl":"https:\/\/www.pressenza.com\/wp-content\/uploads\/2022\/10\/pressenza_logo_200x200.jpg","width":200,"height":200,"caption":"Pressenza"},"image":{"@id":"https:\/\/www.pressenza.com\/fr\/#\/schema\/logo\/image\/"},"sameAs":["https:\/\/www.facebook.com\/PressenzaItalia","https:\/\/x.com\/PressenzaIPA"]},{"@type":"Person","@id":"https:\/\/www.pressenza.com\/fr\/#\/schema\/person\/3c9fe6670cc2cffbd37562f87b98e869","name":"R\u00e9daction France","description":"News published by the Pressenza bureau in France","sameAs":["http:\/\/www.pressenza.com\/fr"],"url":"https:\/\/www.pressenza.com\/fr\/author\/redactionfrance\/"}]}},"place":"","original_article_url":"","_links":{"self":[{"href":"https:\/\/www.pressenza.com\/fr\/wp-json\/wp\/v2\/posts\/76625","targetHints":{"allow":["GET"]}}],"collection":[{"href":"https:\/\/www.pressenza.com\/fr\/wp-json\/wp\/v2\/posts"}],"about":[{"href":"https:\/\/www.pressenza.com\/fr\/wp-json\/wp\/v2\/types\/post"}],"author":[{"embeddable":true,"href":"https:\/\/www.pressenza.com\/fr\/wp-json\/wp\/v2\/users\/926"}],"replies":[{"embeddable":true,"href":"https:\/\/www.pressenza.com\/fr\/wp-json\/wp\/v2\/comments?post=76625"}],"version-history":[{"count":0,"href":"https:\/\/www.pressenza.com\/fr\/wp-json\/wp\/v2\/posts\/76625\/revisions"}],"wp:attachment":[{"href":"https:\/\/www.pressenza.com\/fr\/wp-json\/wp\/v2\/media?parent=76625"}],"wp:term":[{"taxonomy":"category","embeddable":true,"href":"https:\/\/www.pressenza.com\/fr\/wp-json\/wp\/v2\/categories?post=76625"},{"taxonomy":"post_tag","embeddable":true,"href":"https:\/\/www.pressenza.com\/fr\/wp-json\/wp\/v2\/tags?post=76625"}],"curies":[{"name":"wp","href":"https:\/\/api.w.org\/{rel}","templated":true}]}}