{"id":76619,"date":"2013-11-14T05:43:54","date_gmt":"2013-11-14T05:43:54","guid":{"rendered":"http:\/\/www.pressenza.com\/?p=76619"},"modified":"2013-11-14T05:46:07","modified_gmt":"2013-11-14T05:46:07","slug":"mali-niger-francafrique-nous-sommes-tous-les-otages-dareva","status":"publish","type":"post","link":"https:\/\/www.pressenza.com\/fr\/2013\/11\/mali-niger-francafrique-nous-sommes-tous-les-otages-dareva\/","title":{"rendered":"Mali, Niger, Fran\u00e7afrique : nous sommes tous les otages d&rsquo;AREVA"},"content":{"rendered":"<p><strong>Par Jean-Marie Matagne, pr\u00e9sident de l\u2019Action des Citoyens pour le D\u00e9sarmement Nucl\u00e9aire<\/strong><\/p>\n<p><em><strong>Fin octobre, d\u00e9but novembre 2013, trois \u00e9v\u00e9nements graves, l\u2019un heureux, les deux autres tragiques, sont survenus dans la m\u00eame semaine. Deux ont fait la Une des journaux et des m\u00e9dias fran\u00e7ais.<\/strong><\/em><\/p>\n<p>C\u2019est le troisi\u00e8me \u00e9v\u00e9nement, rapport\u00e9 par l\u2019AFP et un large panel de journaux mais \u00e9clips\u00e9 dans les m\u00e9dias par la lib\u00e9ration des otages d\u2019Arlit, qui permet de faire le lien entre les deux autres. Nous y viendrons plus loin. Il met en lumi\u00e8re le triste r\u00f4le, en Afrique comme en France, du \u00ab\u00a0leader mondial de l\u2019industrie nucl\u00e9aire\u00a0\u00bb \u00e0 capitaux fran\u00e7ais : AREVA.<\/p>\n<p><strong>Toutes les vies ne se valent pas<br \/>\n<\/strong><br \/>\nMardi 29 octobre, on apprend la lib\u00e9ration, apr\u00e8s trois ans de captivit\u00e9 et d\u2019angoisse, des quatre derniers otages fran\u00e7ais enlev\u00e9s au Niger le 16 septembre 2010, sur le site uranif\u00e8re d\u2019Arlit exploit\u00e9 par AREVA, et encore retenus par Al Qua\u00efda au Maghreb Islamique (AQMI). Ramen\u00e9s \u00e0 Niamey, capitale du Niger, depuis le nord Mali o\u00f9 ils \u00e9taient d\u00e9tenus, ils retrouvent bient\u00f4t leurs familles en France. Enfin ! Sains et saufs ! On partage la joie de Thierry Dol, Marc F\u00e9ret, Daniel Larribe, Pierre Legrand et de leurs proches.<\/p>\n<p>Dimanche 3 novembre, on apprend l\u2019enl\u00e8vement la veille \u00e0 Kidal (nord Mali) de deux journalistes de RFI, Ghislaine Dupont et Claude Verlon, et leur assassinat presque imm\u00e9diat. Brutal rappel \u00e0 l\u2019ordre. L\u2019horreur et l\u2019incompr\u00e9hension saisissent la communaut\u00e9 nationale.<strong>\u00a0Pourquoi cet acte barbare ?<\/strong><\/p>\n<p>De fait, le d\u00e9nouement heureux pour\u00a0<em>\u00ab\u00a0Thierry, Marc, Daniel et Pierre\u00a0\u00bb<\/em>, comme dit AREVA sur son site Internet, ne saurait faire oublier d\u2019autres r\u00e9alit\u00e9s beaucoup moins r\u00e9jouissantes.<\/p>\n<p>D\u2019abord, l\u2019assassinat probable d\u2019autres otages d\u2019AQMI : Edwin Dyers, Michel Germaneau, et Philippe Verdon, ex\u00e9cut\u00e9 par les ravisseurs des \u00ab\u00a0sept d\u2019Arlit\u00a0\u00bb apr\u00e8s la mort de leur chef Abou Zeid, tu\u00e9 pendant l\u2019op\u00e9ration Serval.<\/p>\n<p>Ensuite, le maintien en d\u00e9tention d\u2019autres otages, fran\u00e7ais ou \u00e9trangers, en Afrique, en Syrie, en Asie, en Am\u00e9rique latine et ailleurs. Leur liste ne cesse de se renouveler et ne se limite ni aux Fran\u00e7ais, ni aux salari\u00e9s d\u2019AREVA ou Vinci. Ne les oublions pas.<\/p>\n<p>Et maintenant, l\u2019assassinat de deux journalistes fran\u00e7ais chevronn\u00e9s, de 55 et 57 ans, qui faisaient remarquablement, de l\u2019avis g\u00e9n\u00e9ral, leur m\u00e9tier d\u2019observateurs \u00e9clair\u00e9s et d\u2019informateurs honn\u00eates en Afrique.<\/p>\n<p><strong>D\u00e9but du questionnement. Que vaut la politique de la France, li\u00e9e \u00e0 celle d\u2019AREVA en Fran\u00e7afrique ?<br \/>\n<\/strong><br \/>\nIl faut l\u2019avouer, dans leur malheur les<em>\u00a0\u00ab\u00a0sept d\u2019Arlit\u00a0\u00bb<\/em>\u00a0ont eu une chance insigne : travailler, directement ou indirectement, pour AREVA. Ils ont \u00e9t\u00e9 enlev\u00e9s parce qu\u2019ils \u00e9taient les employ\u00e9s d\u2019AREVA ou d\u2019un sous-traitant du groupe VINCI, mais conserv\u00e9s en vie et lib\u00e9r\u00e9s pour la m\u00eame raison. En effet, malgr\u00e9 les d\u00e9mentis officiels, la presse, le Monde en t\u00eate, s\u2019accorde \u00e0 dire que leur employeur a vers\u00e9 12,5 ou 13 millions d\u2019Euros pour obtenir en f\u00e9vrier 2011 la lib\u00e9ration de trois premiers otages d\u2019Arlit, dont Fran\u00e7oise Larribe, et 20 \u00e0 25 millions pour les quatre derniers. Au moins 4,5 millions d\u2019Euros, telle \u00e9tait la valeur marchande attribu\u00e9e \u00e0 chacun d\u2019eux, n\u00e9goci\u00e9e et consentie par AREVA.<\/p>\n<p>Ghislaine Dupont et Claude Verlon ne valaient sans doute pas tant, car RFI n\u2019a ni les moyens financiers ni l\u2019autonomie de d\u00e9cision dont dispose AREVA. Mais ils repr\u00e9sentaient, eux aussi, la France aux yeux de leurs ravisseurs, et ils l\u2019ont pay\u00e9 de leur vie. On en apprendra sans doute davantage sur l\u2019identit\u00e9 et les motivations des assassins et leurs liens \u00e9ventuels avec AQMI, mais un fait est d\u00e9j\u00e0 s\u00fbr, qui peut servir de le\u00e7on : d\u00e9sormais, nul Fran\u00e7ais n\u2019est \u00e0 l\u2019abri d\u2019un enl\u00e8vement et d\u2019un assassinat.<\/p>\n<p>A cet \u00e9gard, la responsabilit\u00e9 d\u2019AREVA est immense. Certes, \u00e0 en juger par la ran\u00e7on qu\u2019elle a vers\u00e9e \u00e0 AQMI, la multinationale de l\u2019uranium attache un grand prix \u00e0 la vie humaine. Rien de moins s\u00fbr pourtant. Qu\u2019on en juge.<\/p>\n<p><strong>Le prix d\u2019une ran\u00e7on<\/strong><\/p>\n<p>Au m\u00eame titre que la prime d\u2019assurance\u00a0<em>\u00ab\u00a0K &amp; R\u00a0\u00bb<\/em>\u00a0(Kidnapping and Rescue) et les 35 millions d\u2019Euros suppl\u00e9mentaires remis par AREVA au Niger en mars 2013 pour renforcer la s\u00e9curit\u00e9 de ses sites, les 33 millions (ou plus) vers\u00e9s \u00e0 AQMI entreront dans le co\u00fbt de revient du kilowattheure nucl\u00e9aire pay\u00e9 par les clients d\u2019EDF, \u00e0 c\u00f4t\u00e9 de nouvelles taxes \u00e9ventuellement conc\u00e9d\u00e9es au pr\u00e9sident Mahamadou Issoufou (on s\u2019en r\u00e9jouirait pour le Niger&#8230;) \u00e0 l\u2019occasion ou \u00e0 la suite des tractations conduites par son homme de confiance, Mohamed Akotey, pour obtenir la lib\u00e9ration des derniers otages d\u2019Arlit.<\/p>\n<p>En ce sens, en tant que consommateurs d\u2019\u00e9lectricit\u00e9 d\u2019origine nucl\u00e9aire, les Fran\u00e7ais sont devenus, financi\u00e8rement, solidaires des otages d\u2019AREVA. On ne s\u2019en plaindra pas. Mais il y a plus grave.<\/p>\n<p>Alimentant les caisses d\u2019AQMI, ces 33 millions (ou plus) vont renforcer son armement et ses moyens logistiques pour proc\u00e9der \u00e0 de nouveaux enl\u00e8vements de Fran\u00e7ais. Les guerres de l\u2019uranium ne faisant que commencer, nous sommes tous potentiellement expos\u00e9s \u00e0 devenir les otages des ennemis d\u2019AREVA. Que nous soyons collaborateurs d\u2019AREVA, de VINCI, d\u2019EDF, ou journalistes, ou simples touristes en Afrique ou ailleurs.<\/p>\n<p>Plus grave encore (au moins collectivement), nous sommes devenus les otages politiques d\u2019AREVA.<\/p>\n<p>Car AREVA d\u00e9cide des affaires du Niger comme de celles de la France. Mohamed Akotey pr\u00e9side le conseil d\u2019administration d\u2019Imouraren SA, la filiale d\u2019AREVA qui pr\u00e9pare au Niger l\u2019exploitation de la plus grande mine d\u2019uranium du monde. Quant \u00e0 Mahamadou Issoufou, c\u2019est un ing\u00e9nieur des mines form\u00e9 en France. Il fut directeur national des Mines au minist\u00e8re nig\u00e9rien des Mines et de l\u2019\u00c9nergie de 1980 \u00e0 1985, puis directeur d\u2019exploitation de la mine d\u2019Arlit (appartenant \u00e0 AREVA), puis secr\u00e9taire-g\u00e9n\u00e9ral de la Soci\u00e9t\u00e9 des mines de l\u2019A\u00efr (SOMAIR, filiale d\u2019AREVA) jusqu\u2019en 1991. Il interrompt alors ses activit\u00e9s mini\u00e8res pour se lancer dans la politique, fondant le parti socialiste nig\u00e9rien&#8230; Le lui a-t-on sugg\u00e9r\u00e9 ? Parvenu \u00e0 la t\u00eate du Niger le 12 mars 2011 -cela m\u00e9rite bien un avion pr\u00e9sidentiel- Mahamadou Issoufou est\u00a0<em>\u00ab\u00a0l\u2019homme d\u2019AREVA\u00a0\u00bb.<\/em><\/p>\n<p>Fran\u00e7ois Hollande, plac\u00e9 \u00e0 la t\u00eate de la France, l\u2019est aussi.<\/p>\n<p><strong>AREVA, un Etat dans l\u2019Etat<br \/>\n<\/strong><br \/>\nLorsque le PS signe en novembre 2011 un accord de mandature avec EELV incluant la fermeture de la fili\u00e8re dite de retraitement (visant en fait \u00e0 s\u00e9parer le plutonium des autres sous-produits de nos centrales) et de fabrication du MOX, AREVA fait savoir \u00e0 Fran\u00e7ois Hollande, d\u2019un simple coup de fil, que ce point est inacceptable. Aussit\u00f4t celui-ci l\u2019abroge unilat\u00e9ralement, puis le r\u00e9tablit pour un week-end, le temps d\u2019obtenir l\u2019aval du Conseil f\u00e9d\u00e9ral d\u2019EELV \u00e0 l\u2019accord, et l\u2019abroge derechef sit\u00f4t apr\u00e8s, se d\u00e9clarant seul juge, s\u2019il est \u00e9lu, de l\u2019application de l\u2019accord.<\/p>\n<p>Soutien r\u00e9solu d\u2019AREVA, partisan acharn\u00e9 du nucl\u00e9aire sous toutes ses formes, il n\u2019est pas \u00e9tonnant que Fran\u00e7ois Hollande ait re\u00e7u \u00e0 bras ouverts \u00e0 l\u2019Elys\u00e9e le 11 juin 2012, le 13 novembre 2012, le 10 mai 2013, son homologue nig\u00e9rien, par ailleurs vice-pr\u00e9sident de l\u2019Internationale socialiste,<em>\u00a0\u00ab\u00a0un ami\u00a0\u00bb<\/em>\u00a0qu\u2019il connaissait bien avant que chacun d\u2019eux devienne pr\u00e9sident. Pas \u00e9tonnant qu\u2019il lui rende un hommage appuy\u00e9 apr\u00e8s la lib\u00e9ration de\u00a0<em>\u00ab\u00a0Thierry, Marc, Daniel et Pierre\u00a0\u00bb<\/em>.<\/p>\n<p><strong>On est en famille.<\/strong><\/p>\n<p>Le 10 mai 2013, Fran\u00e7ois Hollande, d\u00e9clare :<em>\u00a0\u00ab\u00a0C\u2019est la troisi\u00e8me fois que je re\u00e7ois M. Mahamadou ISSOUFOU, le Pr\u00e9sident du Niger. C\u2019est vous dire la qualit\u00e9 de la relation entre nos deux pays et la confiance que nous nous t\u00e9moignons mutuellement. Cette confiance nous l\u2019avons \u00e9galement retrouv\u00e9e au moment de l\u2019intervention de la France au Mali&#8230; Nous avons des relations bilat\u00e9rales qui sont \u00e9galement de tr\u00e8s bonne tenue &#8211; j\u2019allais presque dire \u00ab teneur \u00bb puisque nous avons la relation avec AREVA ! Nous en discutons r\u00e9guli\u00e8rement avec le Pr\u00e9sident&#8230; Il y a \u00e9galement une coop\u00e9ration \u00e9conomique qui est forte&#8230; Et puis, il y a une coop\u00e9ration militaire qui \u00e9tait engag\u00e9e avant m\u00eame l\u2019op\u00e9ration Serval et qui se poursuit, l\u00e0 encore, sur des bases solides.\u00a0\u00bb<\/em>\u00a0(Source). Bref, un concentr\u00e9 de Fran\u00e7afrique \u00e0 faire r\u00eaver.<\/p>\n<p>Que nous soyons tous, Nig\u00e9riens ou Fran\u00e7ais, otages d\u2019AREVA, en voici d\u2019autres preuves.<\/p>\n<p><strong>Les mensonges d\u2019AREVA<br \/>\n<\/strong><br \/>\nD\u2019apr\u00e8s ce qu\u2019elle raconte sur son site Internet, la firme veille sur\u00a0<em>\u00ab\u00a0la sant\u00e9 et la s\u00e9curit\u00e9 des travailleurs et des populations environnantes\u00a0\u00bb, \u00ab\u00a0la pr\u00e9servation de l\u2019environnement\u00a0\u00bb, \u00ab\u00a0la limitation des impacts\u00a0\u00bb<\/em>, et pratique<em>\u00a0\u00ab\u00a0un engagement soci\u00e9tal fort\u00a0\u00bb.<\/em><\/p>\n<p><strong>\u00ab\u00a0S\u00e9curit\u00e9 des travailleurs\u00a0\u00bb ?<br \/>\n<\/strong><br \/>\nLes otages enlev\u00e9s \u00e0 Arlit en juin 2008, en octobre 2009, et dans la nuit du 15 au 16 septembre 2010 ont pu l\u2019appr\u00e9cier. Ou la quinzaine de bless\u00e9s dont AREVA faisait \u00e9tat parmi ses salari\u00e9s nig\u00e9riens lors de l\u2019attentat-suicide du 23 mai 2013, toujours sur son site d\u2019Arlit, tandis qu\u2019un attentat simultan\u00e9 faisait \u00e0 Agadez plus de 20 morts parmi de jeunes soldats nig\u00e9riens en formation. (Premier r\u00e9sultat des 35 millions d\u2019Euros donn\u00e9s en mars par AREVA \u00e0 l\u2019Etat nig\u00e9rien : l\u2019assassinat de nouvelles recrues.)<\/p>\n<p><strong>\u00ab\u00a0Sant\u00e9 des travailleurs\u00a0\u00bb ?<\/strong><\/p>\n<p><em>\u00ab\u00a0A Arlit et Akokan, les concentrations en uranium dans certains puits d\u00e9passent d\u2019un facteur 10 les normes de l\u2019Organisation Mondiale de la Sant\u00e9.\u00a0\u00bb<\/em>\u00a0Ceci a \u00e9t\u00e9 d\u00e9montr\u00e9 par la CRIIRAD mais aussi par les laboratoires officiels (Algade et IRSN) commandit\u00e9s par AREVA pour faire des contr\u00f4les.<\/p>\n<p><strong>\u00ab\u00a0Pr\u00e9servation de l\u2019environnement\u00a0\u00bb ?<\/strong><\/p>\n<p>En juin 2009, au moment o\u00f9 Areva annon\u00e7ait, sous la pression des ONG, la cr\u00e9ation d\u2019<em>\u00ab\u00a0Observatoires de la sant\u00e9\u00a0\u00bb<\/em>\u00a0sur ses sites d\u2019exploitation, la CRIIRAD \u00e9crivait :\u00a0<em>\u00ab\u00a0L\u2019exploitation de l\u2019uranium \u00e0 Arlit et Akokan (Niger) a conduit \u00e0 soutirer plus de 270 millions de m3 d\u2019eau dans une nappe fossile. La mise en exploitation du gisement d\u2019Imouraren conduira au soutirage de 12 \u00e0 13 millions de m3 par an. AREVA reconna\u00eet que la nappe souterraine sera ass\u00e9ch\u00e9e \u00e0 la fin de l\u2019exploitation dans une quarantaine d\u2019ann\u00e9es. De plus l\u2019exploitation n\u00e9cessitera l\u2019excavation de pr\u00e8s de 4 milliards de tonnes de roches et produira des montagnes de d\u00e9chets : st\u00e9riles miniers amoncel\u00e9s en verses de 40 m\u00e8tres de haut sur 20 km2 et 245 millions de tonnes de d\u00e9chets radioactifs \u00e0 tr\u00e8s longue p\u00e9riode dont personne ne sait comment garantir le confinement.\u00a0\u00bb<\/em><\/p>\n<p>On notera que ces st\u00e9riles miniers, lorsqu\u2019ils sont utilis\u00e9s comme remblais, entra\u00eenent une \u00e9l\u00e9vation consid\u00e9rable de la radioactivit\u00e9 du sol : dans les rues d\u2019Akokan par exemple, ou devant l\u2019h\u00f4pital de la COMINAK, o\u00f9 on a pu relever des niveaux de radioactivit\u00e9 jusqu\u2019\u00e0 cent fois sup\u00e9rieurs \u00e0 la normale (Lettre de la CRIIRAD \u00e0 Anne Lauvergeon, pr\u00e9sidente d\u2019AREVA, le 15 mai 2007).<\/p>\n<p><strong>\u00ab\u00a0Limitation des impacts\u00a0\u00bb ?<br \/>\n<\/strong><br \/>\nOutre les impacts directs, chimiques, radiologiques et phr\u00e9atiques, la CRIIRAD d\u00e9non\u00e7ait en 2009<em>\u00a0\u00ab\u00a0les impacts indirects li\u00e9s \u00e0 l\u2019utilisation de charbon pour fournir l\u2019\u00e9nergie aux complexes d\u2019extraction de l\u2019uranium. En 2006, au Niger, 85 % de l\u2019\u00e9lectricit\u00e9 commercialis\u00e9e par la SONICHAR \u00e9tait achet\u00e9e par SOMA\u00cfR et COMINAK. La mise en exploitation des nouveaux gisements d\u2019uranium va faire passer la consommation de charbon de 160 000 tonnes \u00e0 400 000 tonnes en 2011. La population de Tchiroz\u00e9rine, commune o\u00f9 sont implant\u00e9es la mine de charbon et la centrale thermique se plaint de l\u2019impact de la pollution atmosph\u00e9rique et de la pollution des eaux.\u00a0\u00bb<\/em><\/p>\n<p>L\u00e0 encore, on voit ce que vaut la\u00a0<em>\u00ab\u00a0sant\u00e9 des travailleurs et des populations environnantes\u00a0\u00bb<\/em>&#8230; et l\u2019argument<em>\u00ab\u00a0environnemental\u00a0\u00bb<\/em>\u00a0en faveur d\u2019un combustible nucl\u00e9aire cens\u00e9 nous \u00e9viter l\u2019emploi du charbon, la pollution atmosph\u00e9rique et la production de CO2 !<\/p>\n<p><strong>\u00ab\u00a0Engagement soci\u00e9tal fort\u00a0\u00bb ?<\/strong><\/p>\n<p>Selon Areva,<em>\u00a0\u00ab\u00a0depuis la cr\u00e9ation des soci\u00e9t\u00e9s mini\u00e8res de SOMA\u00cfR et de COMINAK il y a une quarantaine d\u2019ann\u00e9es, AREVA a d\u00e9ploy\u00e9 une politique soci\u00e9tale ambitieuse&#8230; Au Niger, le groupe soutient des programmes d\u2019aide au d\u00e9veloppement et m\u00e8ne \u00e9galement des actions de solidarit\u00e9 dans les domaines de la sant\u00e9, de l\u2019\u00e9ducation, de la formation et de l\u2019acc\u00e8s des populations locales \u00e0 l\u2019eau et \u00e0 l\u2019\u00e9nergie&#8230; Face aux situations d\u2019urgence, famines, inondations&#8230; AREVA vient en aide aux populations sinistr\u00e9es du Niger. AREVA participe activement au d\u00e9veloppement \u00e9conomique du Niger, dont il est le principal partenaire industriel.\u00a0\u00bb<\/em><\/p>\n<p>AREVA, qui d\u00e9clare pour 2012 un Exc\u00e9dent Brut d\u2019Exploitation d\u2019un peu plus de 1 milliard d\u2019Euros, dont 425 millions dans le secteur minier, se vante sur son site de consacrer 3 millions d\u2019Euros par an \u00e0 ses<em>\u00ab\u00a0contributions soci\u00e9tales\u00a0\u00bb<\/em>\u00a0au Niger &#8211; moins du 1\/10e de sa\u00a0<em>\u00ab\u00a0contribution\u00a0\u00bb<\/em>\u00a0\u00e0 AQMI. Et\u00a0<em>\u00ab\u00a0plus de 37 millions d\u2019Euros de taxes diverses pay\u00e9es au Niger en 2009\u00a0\u00bb<\/em>\u00a0&#8211; \u00e0 peine plus que la\u00a0<em>\u00ab\u00a0taxe\u00a0\u00bb<\/em>\u00a0vers\u00e9e \u00e0 AQMI. Pas de quoi changer la face du pays.<\/p>\n<p><strong>Mourir au Niger<\/strong><\/p>\n<p>Les 113 migrants clandestins partis d\u2019Arlit en octobre 2013 par familles enti\u00e8res n\u2019ont pas su profiter du mod\u00e8le de<em>\u00a0\u00ab\u00a0d\u00e9veloppement \u00e9conomique\u00a0\u00bb<\/em>\u00a0promis au Niger, l\u2019un des pays les plus pauvres du monde, par son<em>\u00a0\u00ab\u00a0principal partenaire industriel\u00a0\u00bb<\/em>. Ces Nig\u00e9riens-l\u00e0 \u00e9taient exclus de la manne d\u2019AREVA.<\/p>\n<p>Car voici le troisi\u00e8me \u00e9v\u00e9nement de la derni\u00e8re semaine d\u2019octobre, le moins connu, le plus tragique : le 28, juste avant la lib\u00e9ration des otages d\u2019Arlit, on apprend que 87 cadavres d\u00e9compos\u00e9s, en partie d\u00e9pec\u00e9s par les chacals, ont \u00e9t\u00e9 retrouv\u00e9s dans le d\u00e9sert nig\u00e9rien entre Arlit et la fronti\u00e8re alg\u00e9rienne, ainsi que les camions en panne qui auraient d\u00fb les conduire vers l\u2019Alg\u00e9rie et le mirage d\u2019une vie meilleure. Ils s\u2019ajoutent aux d\u00e9pouilles de 5 femmes et fillettes d\u00e9couvertes pr\u00e9c\u00e9demment. Il s\u2019agit de migrants clandestins partis d\u2019Arlit quelques semaines plus t\u00f4t. Ils sont morts de soif. Essentiellement des femmes et des enfants. Au total, 21 rescap\u00e9s et 92 victimes : 7 hommes, 35 femmes, 50 enfants.<\/p>\n<p><em>\u00ab\u00a0Sadafiou, un rescap\u00e9 d\u2019une trentaine d\u2019ann\u00e9es qui a perdu trois de ses proches dans le voyage, avait expliqu\u00e9 il y a quelques jours \u00e0 la radio priv\u00e9e Sahara FM que le groupe dont il faisait partie, originaire du Sud nig\u00e9rien, fuyait de mauvaises r\u00e9coltes \u00e0 venir\u00a0\u00bb<\/em>\u00a0(Le Parisien, 31.10.13).<\/p>\n<p>Il est vrai qu\u2019AREVA n\u2019est pas \u00e0 Arlit pour faire le bonheur des Nig\u00e9riens. Ni le n\u00f4tre. Elle y est pour fournir de l\u2019uranium aux centrales fran\u00e7aises et des profits \u00e0 ses actionnaires, \u00e9tatiques \u00e0 83 %. Le minerai d\u2019uranium extrait d\u2019Arlit pollue l\u2019environnement sur place et tout au long du cycle de transfert, traitement et retraitement qui le transforme en combustible, puis en plutonium (utilisable dans le combustible MOX et comme explosif militaire) et en d\u00e9chets nucl\u00e9aires. Pour l\u2019\u00e9ternit\u00e9.<\/p>\n<p>Nig\u00e9riens ou Fran\u00e7ais, \u00ab\u00a0nous sommes tous des otages d\u2019Areva\u00a0\u00bb.<\/p>\n<p><strong>La pieuvre<\/strong><\/p>\n<p>AREVA n\u2019\u00e9tend pas seulement ses tentacules de la France au Niger ou au Gabon, elle les \u00e9tend des Etats-Unis \u00e0 la Chine et au Japon, en passant par le Kazakhstan, la Finlande, l\u2019Afrique du Sud ou les Emirats Arabes unis. La firme s\u2019en vante sur son site et le souligne m\u00eame :<em>\u00a0\u00ab\u00a0AREVA fait b\u00e9n\u00e9ficier ses clients d\u2019une pr\u00e9sence commerciale dans plus de 100 pays et industrielle dans 43 pays. Le groupe a \u00e9labor\u00e9 une strat\u00e9gie de d\u00e9veloppement p\u00e9renne, s\u2019appuyant sur une implantation \u00e9quilibr\u00e9e entre l\u2019Europe, les Am\u00e9riques et l\u2019Asie.\u00a0\u00bb<\/em><\/p>\n<p>Une<em>\u00a0\u00ab\u00a0implantation \u00e9quilibr\u00e9e\u00a0\u00bb<\/em>, tout \u00e0 fait comparable \u00e0 la<em>\u00a0\u00ab\u00a0stricte suffisance\u00a0\u00bb<\/em>\u00a0dont se vantent les strat\u00e8ges et dirigeants fran\u00e7ais, nos \u00ab\u00a0t\u00eates pensantes\u00a0\u00bb, \u00e0 propos de leurs 300<em>\u00a0\u00ab\u00a0t\u00eates nucl\u00e9aires\u00a0\u00bb\u00a0<\/em>con\u00e7ues par le Commissariat \u00e0 l\u2019Energie Atomique (CEA), actionnaire d\u2019AREVA \u00e0 61,52 %, command\u00e9es par l\u2019Etat fran\u00e7ais, actionnaire d\u2019AREVA \u00e0 21, 68 % &#8211; braves\u00a0<em>\u00ab\u00a0t\u00eates nucl\u00e9aires\u00a0\u00bb<\/em>\u00a0modestement capables, sur simple d\u00e9cision d\u2019une seule t\u00eate pensante aujourd\u2019hui appel\u00e9e Fran\u00e7ois Hollande, de faire un petit milliard de morts. Et bien s\u00fbr, de dissuader les terroristes de nous prendre en otages.<\/p>\n<p>Une strat\u00e9gie \u00e9conomique aussi<em>\u00a0\u00ab\u00a0p\u00e9renne\u00a0\u00bb<\/em>\u00a0que notre strat\u00e9gie militaire puisque, pas plus du c\u00f4t\u00e9 des centrales que du c\u00f4t\u00e9 des armes, il n\u2019est pr\u00e9vu de renoncer au nucl\u00e9aire. Les r\u00e9acteurs initialement pr\u00e9vus pour durer de 25 \u00e0 30 ans le sont d\u00e9sormais pour 40 ans et vont le devenir pour 50, voire (derni\u00e8re revendication d\u2019EDF) 60 ans. En attendant la rel\u00e8ve par la s\u00e9rie des EPR qui ont bien du mal \u00e0 sortir de terre et \u00e0 diverger mais qui seront d\u2019embl\u00e9e destin\u00e9s \u00e0 vivre au moins 60 ans. Quant aux armes que la France s\u2019est engag\u00e9e \u00e0 \u00e9liminer en ratifiant il y a plus de vingt ans le Trait\u00e9 de Non Prolif\u00e9ration, elle consacre chaque ann\u00e9e pr\u00e8s de 4 milliards d\u2019Euros \u00e0 les moderniser. AREVA, CEA, m\u00eame combat.<\/p>\n<p><strong>Tous otages<\/strong><\/p>\n<p>Les otages d\u2019AREVA, ce sont tous les Fran\u00e7ais, mais aussi tous les humains d\u2019aujourd\u2019hui soumis en permanence \u00e0 la menace de nouveaux Fukushima, Tchernobyl, Three Mile Island, Tcheliabinsk, Hiroshima, Nagasaki, et ceux de demain condamn\u00e9s \u00e0 g\u00e9rer pendant des mill\u00e9naires les d\u00e9chets issus de l\u2019uranium d\u2019Arlit et d\u2019ailleurs.<\/p>\n<p>Fran\u00e7ais, r\u00e9voltons-nous. Exigeons la fin de la dictature d\u2019AREVA.<\/p>\n<p>Et vous, Mesdames, Messieurs les journalistes, ne vous contentez pas de pleurer vos coll\u00e8gues assassin\u00e9s. La meilleure fa\u00e7on d\u2019honorer leur m\u00e9moire, c\u2019est de donner la parole \u00e0 ceux qui combattent la pieuvre, qui revendiquent pour les Fran\u00e7ais le droit d\u2019\u00e9chapper \u00e0 son emprise, de faire un choix lucide et \u00e9clair\u00e9 en mati\u00e8re de politique \u00e9nerg\u00e9tique et strat\u00e9gique.<\/p>\n<p>Un monde vivable pour tous, un monde pacifi\u00e9, c\u2019est un monde sans armes ni centrales nucl\u00e9aires.<\/p>\n<p><a href=\"http:\/\/www.acdn.net\/\" target=\"_blank\"><br \/>\n<\/a><\/p>\n","protected":false},"excerpt":{"rendered":"<p>Par Jean-Marie Matagne, pr\u00e9sident de l\u2019Action des Citoyens pour le D\u00e9sarmement Nucl\u00e9aire Fin octobre, d\u00e9but novembre 2013, trois \u00e9v\u00e9nements graves, l\u2019un heureux, les deux autres tragiques, sont survenus dans la m\u00eame semaine. Deux ont fait la Une des journaux et&hellip;<\/p>\n","protected":false},"author":850,"featured_media":76620,"comment_status":"closed","ping_status":"open","sticky":false,"template":"","format":"standard","meta":{"footnotes":""},"categories":[83,97,100,40,163],"tags":[3303,7749,1073,3173,7750],"class_list":["post-76619","post","type-post","status-publish","format-standard","has-post-thumbnail","hentry","category-africa-fr","category-environnement-et-ecologie","category-economie","category-international-fr","category-opinion-fr","tag-areva","tag-francafrique","tag-mali","tag-niger","tag-otages"],"yoast_head":"<!-- This site is optimized with the Yoast SEO plugin v27.1.1 - https:\/\/yoast.com\/product\/yoast-seo-wordpress\/ -->\n<title>Mali, Niger, Fran\u00e7afrique : nous sommes tous les otages d&#039;AREVA<\/title>\n<meta name=\"description\" content=\"Par Jean-Marie Matagne, pr\u00e9sident de l\u2019Action des Citoyens pour le D\u00e9sarmement Nucl\u00e9aire Fin octobre, d\u00e9but novembre 2013, trois \u00e9v\u00e9nements graves, l\u2019un\" \/>\n<meta name=\"robots\" content=\"index, follow, max-snippet:-1, max-image-preview:large, max-video-preview:-1\" \/>\n<link rel=\"canonical\" href=\"https:\/\/www.pressenza.com\/fr\/2013\/11\/mali-niger-francafrique-nous-sommes-tous-les-otages-dareva\/\" \/>\n<meta property=\"og:locale\" content=\"fr_FR\" \/>\n<meta property=\"og:type\" content=\"article\" \/>\n<meta property=\"og:title\" content=\"Mali, Niger, Fran\u00e7afrique : nous sommes tous les otages d&#039;AREVA\" \/>\n<meta property=\"og:description\" content=\"Par Jean-Marie Matagne, pr\u00e9sident de l\u2019Action des Citoyens pour le D\u00e9sarmement Nucl\u00e9aire Fin octobre, d\u00e9but novembre 2013, trois \u00e9v\u00e9nements graves, l\u2019un\" \/>\n<meta property=\"og:url\" content=\"https:\/\/www.pressenza.com\/fr\/2013\/11\/mali-niger-francafrique-nous-sommes-tous-les-otages-dareva\/\" \/>\n<meta property=\"og:site_name\" content=\"Pressenza\" \/>\n<meta property=\"article:publisher\" content=\"https:\/\/www.facebook.com\/PressenzaItalia\" \/>\n<meta property=\"article:author\" content=\"https:\/\/www.facebook.com\/acdn.france\" \/>\n<meta property=\"article:published_time\" content=\"2013-11-14T05:43:54+00:00\" \/>\n<meta property=\"article:modified_time\" content=\"2013-11-14T05:46:07+00:00\" \/>\n<meta property=\"og:image\" content=\"https:\/\/www.pressenza.com\/wp-content\/uploads\/2013\/11\/Mali-Niger-Fran\u00e7afrique-nous-sommes-tous-les-otages-dAREVA-niger-mines-areva.jpg\" \/>\n\t<meta property=\"og:image:width\" content=\"555\" \/>\n\t<meta property=\"og:image:height\" content=\"320\" \/>\n\t<meta property=\"og:image:type\" content=\"image\/jpeg\" \/>\n<meta name=\"author\" content=\"Action des Citoyens pour le D\u00e9sarmement Nucl\u00e9aire\" \/>\n<meta name=\"twitter:card\" content=\"summary_large_image\" \/>\n<meta name=\"twitter:creator\" content=\"@PressenzaIPA\" \/>\n<meta name=\"twitter:site\" content=\"@PressenzaIPA\" \/>\n<meta name=\"twitter:label1\" content=\"\u00c9crit par\" \/>\n\t<meta name=\"twitter:data1\" content=\"Action des Citoyens pour le D\u00e9sarmement Nucl\u00e9aire\" \/>\n\t<meta name=\"twitter:label2\" content=\"Dur\u00e9e de lecture estim\u00e9e\" \/>\n\t<meta name=\"twitter:data2\" content=\"16 minutes\" \/>\n<script type=\"application\/ld+json\" class=\"yoast-schema-graph\">{\"@context\":\"https:\/\/schema.org\",\"@graph\":[{\"@type\":\"Article\",\"@id\":\"https:\/\/www.pressenza.com\/fr\/2013\/11\/mali-niger-francafrique-nous-sommes-tous-les-otages-dareva\/#article\",\"isPartOf\":{\"@id\":\"https:\/\/www.pressenza.com\/fr\/2013\/11\/mali-niger-francafrique-nous-sommes-tous-les-otages-dareva\/\"},\"author\":{\"name\":\"Action des Citoyens pour le D\u00e9sarmement Nucl\u00e9aire\",\"@id\":\"https:\/\/www.pressenza.com\/fr\/#\/schema\/person\/a131e11aa1588d25271bb52b03e7dac3\"},\"headline\":\"Mali, Niger, Fran\u00e7afrique : nous sommes tous les otages d&rsquo;AREVA\",\"datePublished\":\"2013-11-14T05:43:54+00:00\",\"dateModified\":\"2013-11-14T05:46:07+00:00\",\"mainEntityOfPage\":{\"@id\":\"https:\/\/www.pressenza.com\/fr\/2013\/11\/mali-niger-francafrique-nous-sommes-tous-les-otages-dareva\/\"},\"wordCount\":3118,\"publisher\":{\"@id\":\"https:\/\/www.pressenza.com\/fr\/#organization\"},\"image\":{\"@id\":\"https:\/\/www.pressenza.com\/fr\/2013\/11\/mali-niger-francafrique-nous-sommes-tous-les-otages-dareva\/#primaryimage\"},\"thumbnailUrl\":\"https:\/\/www.pressenza.com\/wp-content\/uploads\/2013\/11\/Mali-Niger-Fran\u00e7afrique-nous-sommes-tous-les-otages-dAREVA-niger-mines-areva.jpg\",\"keywords\":[\"Ar\u00e9va\",\"Fran\u00e7afrique\",\"Mali\",\"Niger\",\"otages\"],\"articleSection\":[\"Afrique\",\"Ecologie et Environnement\",\"Economie\",\"International\",\"Opinion\"],\"inLanguage\":\"fr-FR\"},{\"@type\":\"WebPage\",\"@id\":\"https:\/\/www.pressenza.com\/fr\/2013\/11\/mali-niger-francafrique-nous-sommes-tous-les-otages-dareva\/\",\"url\":\"https:\/\/www.pressenza.com\/fr\/2013\/11\/mali-niger-francafrique-nous-sommes-tous-les-otages-dareva\/\",\"name\":\"Mali, Niger, Fran\u00e7afrique : nous sommes tous les otages d'AREVA\",\"isPartOf\":{\"@id\":\"https:\/\/www.pressenza.com\/fr\/#website\"},\"primaryImageOfPage\":{\"@id\":\"https:\/\/www.pressenza.com\/fr\/2013\/11\/mali-niger-francafrique-nous-sommes-tous-les-otages-dareva\/#primaryimage\"},\"image\":{\"@id\":\"https:\/\/www.pressenza.com\/fr\/2013\/11\/mali-niger-francafrique-nous-sommes-tous-les-otages-dareva\/#primaryimage\"},\"thumbnailUrl\":\"https:\/\/www.pressenza.com\/wp-content\/uploads\/2013\/11\/Mali-Niger-Fran\u00e7afrique-nous-sommes-tous-les-otages-dAREVA-niger-mines-areva.jpg\",\"datePublished\":\"2013-11-14T05:43:54+00:00\",\"dateModified\":\"2013-11-14T05:46:07+00:00\",\"description\":\"Par Jean-Marie Matagne, pr\u00e9sident de l\u2019Action des Citoyens pour le D\u00e9sarmement Nucl\u00e9aire Fin octobre, d\u00e9but novembre 2013, trois \u00e9v\u00e9nements graves, l\u2019un\",\"breadcrumb\":{\"@id\":\"https:\/\/www.pressenza.com\/fr\/2013\/11\/mali-niger-francafrique-nous-sommes-tous-les-otages-dareva\/#breadcrumb\"},\"inLanguage\":\"fr-FR\",\"potentialAction\":[{\"@type\":\"ReadAction\",\"target\":[\"https:\/\/www.pressenza.com\/fr\/2013\/11\/mali-niger-francafrique-nous-sommes-tous-les-otages-dareva\/\"]}]},{\"@type\":\"ImageObject\",\"inLanguage\":\"fr-FR\",\"@id\":\"https:\/\/www.pressenza.com\/fr\/2013\/11\/mali-niger-francafrique-nous-sommes-tous-les-otages-dareva\/#primaryimage\",\"url\":\"https:\/\/www.pressenza.com\/wp-content\/uploads\/2013\/11\/Mali-Niger-Fran\u00e7afrique-nous-sommes-tous-les-otages-dAREVA-niger-mines-areva.jpg\",\"contentUrl\":\"https:\/\/www.pressenza.com\/wp-content\/uploads\/2013\/11\/Mali-Niger-Fran\u00e7afrique-nous-sommes-tous-les-otages-dAREVA-niger-mines-areva.jpg\",\"width\":555,\"height\":320},{\"@type\":\"BreadcrumbList\",\"@id\":\"https:\/\/www.pressenza.com\/fr\/2013\/11\/mali-niger-francafrique-nous-sommes-tous-les-otages-dareva\/#breadcrumb\",\"itemListElement\":[{\"@type\":\"ListItem\",\"position\":1,\"name\":\"Accueil\",\"item\":\"https:\/\/www.pressenza.com\/fr\/\"},{\"@type\":\"ListItem\",\"position\":2,\"name\":\"Mali, Niger, Fran\u00e7afrique : nous sommes tous les otages d&rsquo;AREVA\"}]},{\"@type\":\"WebSite\",\"@id\":\"https:\/\/www.pressenza.com\/fr\/#website\",\"url\":\"https:\/\/www.pressenza.com\/fr\/\",\"name\":\"Pressenza\",\"description\":\"International Press Agency\",\"publisher\":{\"@id\":\"https:\/\/www.pressenza.com\/fr\/#organization\"},\"potentialAction\":[{\"@type\":\"SearchAction\",\"target\":{\"@type\":\"EntryPoint\",\"urlTemplate\":\"https:\/\/www.pressenza.com\/fr\/?s={search_term_string}\"},\"query-input\":{\"@type\":\"PropertyValueSpecification\",\"valueRequired\":true,\"valueName\":\"search_term_string\"}}],\"inLanguage\":\"fr-FR\"},{\"@type\":\"Organization\",\"@id\":\"https:\/\/www.pressenza.com\/fr\/#organization\",\"name\":\"Pressenza\",\"url\":\"https:\/\/www.pressenza.com\/fr\/\",\"logo\":{\"@type\":\"ImageObject\",\"inLanguage\":\"fr-FR\",\"@id\":\"https:\/\/www.pressenza.com\/fr\/#\/schema\/logo\/image\/\",\"url\":\"https:\/\/www.pressenza.com\/wp-content\/uploads\/2022\/10\/pressenza_logo_200x200.jpg\",\"contentUrl\":\"https:\/\/www.pressenza.com\/wp-content\/uploads\/2022\/10\/pressenza_logo_200x200.jpg\",\"width\":200,\"height\":200,\"caption\":\"Pressenza\"},\"image\":{\"@id\":\"https:\/\/www.pressenza.com\/fr\/#\/schema\/logo\/image\/\"},\"sameAs\":[\"https:\/\/www.facebook.com\/PressenzaItalia\",\"https:\/\/x.com\/PressenzaIPA\"]},{\"@type\":\"Person\",\"@id\":\"https:\/\/www.pressenza.com\/fr\/#\/schema\/person\/a131e11aa1588d25271bb52b03e7dac3\",\"name\":\"Action des Citoyens pour le D\u00e9sarmement Nucl\u00e9aire\",\"description\":\"To act, in particular by calling for a referendum, in favour of complete, universal and controlled nuclear, biological and chemical disarmament, within the framework of a genuine international security system; to take or support, at local, regional, national and possibly international level, in both the public and private spheres, political, cultural, economic, social, legal and other initiatives likely to contribute to disarmament, general security, respect for persons, the development of exchanges, solidarity and peace. www.acdn.net\",\"sameAs\":[\"http:\/\/www.acdn.net\/\",\"https:\/\/www.facebook.com\/acdn.france\"],\"url\":\"https:\/\/www.pressenza.com\/fr\/author\/acdn\/\"}]}<\/script>\n<!-- \/ Yoast SEO plugin. -->","yoast_head_json":{"title":"Mali, Niger, Fran\u00e7afrique : nous sommes tous les otages d'AREVA","description":"Par Jean-Marie Matagne, pr\u00e9sident de l\u2019Action des Citoyens pour le D\u00e9sarmement Nucl\u00e9aire Fin octobre, d\u00e9but novembre 2013, trois \u00e9v\u00e9nements graves, l\u2019un","robots":{"index":"index","follow":"follow","max-snippet":"max-snippet:-1","max-image-preview":"max-image-preview:large","max-video-preview":"max-video-preview:-1"},"canonical":"https:\/\/www.pressenza.com\/fr\/2013\/11\/mali-niger-francafrique-nous-sommes-tous-les-otages-dareva\/","og_locale":"fr_FR","og_type":"article","og_title":"Mali, Niger, Fran\u00e7afrique : nous sommes tous les otages d'AREVA","og_description":"Par Jean-Marie Matagne, pr\u00e9sident de l\u2019Action des Citoyens pour le D\u00e9sarmement Nucl\u00e9aire Fin octobre, d\u00e9but novembre 2013, trois \u00e9v\u00e9nements graves, l\u2019un","og_url":"https:\/\/www.pressenza.com\/fr\/2013\/11\/mali-niger-francafrique-nous-sommes-tous-les-otages-dareva\/","og_site_name":"Pressenza","article_publisher":"https:\/\/www.facebook.com\/PressenzaItalia","article_author":"https:\/\/www.facebook.com\/acdn.france","article_published_time":"2013-11-14T05:43:54+00:00","article_modified_time":"2013-11-14T05:46:07+00:00","og_image":[{"width":555,"height":320,"url":"https:\/\/www.pressenza.com\/wp-content\/uploads\/2013\/11\/Mali-Niger-Fran\u00e7afrique-nous-sommes-tous-les-otages-dAREVA-niger-mines-areva.jpg","type":"image\/jpeg"}],"author":"Action des Citoyens pour le D\u00e9sarmement Nucl\u00e9aire","twitter_card":"summary_large_image","twitter_creator":"@PressenzaIPA","twitter_site":"@PressenzaIPA","twitter_misc":{"\u00c9crit par":"Action des Citoyens pour le D\u00e9sarmement Nucl\u00e9aire","Dur\u00e9e de lecture estim\u00e9e":"16 minutes"},"schema":{"@context":"https:\/\/schema.org","@graph":[{"@type":"Article","@id":"https:\/\/www.pressenza.com\/fr\/2013\/11\/mali-niger-francafrique-nous-sommes-tous-les-otages-dareva\/#article","isPartOf":{"@id":"https:\/\/www.pressenza.com\/fr\/2013\/11\/mali-niger-francafrique-nous-sommes-tous-les-otages-dareva\/"},"author":{"name":"Action des Citoyens pour le D\u00e9sarmement Nucl\u00e9aire","@id":"https:\/\/www.pressenza.com\/fr\/#\/schema\/person\/a131e11aa1588d25271bb52b03e7dac3"},"headline":"Mali, Niger, Fran\u00e7afrique : nous sommes tous les otages d&rsquo;AREVA","datePublished":"2013-11-14T05:43:54+00:00","dateModified":"2013-11-14T05:46:07+00:00","mainEntityOfPage":{"@id":"https:\/\/www.pressenza.com\/fr\/2013\/11\/mali-niger-francafrique-nous-sommes-tous-les-otages-dareva\/"},"wordCount":3118,"publisher":{"@id":"https:\/\/www.pressenza.com\/fr\/#organization"},"image":{"@id":"https:\/\/www.pressenza.com\/fr\/2013\/11\/mali-niger-francafrique-nous-sommes-tous-les-otages-dareva\/#primaryimage"},"thumbnailUrl":"https:\/\/www.pressenza.com\/wp-content\/uploads\/2013\/11\/Mali-Niger-Fran\u00e7afrique-nous-sommes-tous-les-otages-dAREVA-niger-mines-areva.jpg","keywords":["Ar\u00e9va","Fran\u00e7afrique","Mali","Niger","otages"],"articleSection":["Afrique","Ecologie et Environnement","Economie","International","Opinion"],"inLanguage":"fr-FR"},{"@type":"WebPage","@id":"https:\/\/www.pressenza.com\/fr\/2013\/11\/mali-niger-francafrique-nous-sommes-tous-les-otages-dareva\/","url":"https:\/\/www.pressenza.com\/fr\/2013\/11\/mali-niger-francafrique-nous-sommes-tous-les-otages-dareva\/","name":"Mali, Niger, Fran\u00e7afrique : nous sommes tous les otages d'AREVA","isPartOf":{"@id":"https:\/\/www.pressenza.com\/fr\/#website"},"primaryImageOfPage":{"@id":"https:\/\/www.pressenza.com\/fr\/2013\/11\/mali-niger-francafrique-nous-sommes-tous-les-otages-dareva\/#primaryimage"},"image":{"@id":"https:\/\/www.pressenza.com\/fr\/2013\/11\/mali-niger-francafrique-nous-sommes-tous-les-otages-dareva\/#primaryimage"},"thumbnailUrl":"https:\/\/www.pressenza.com\/wp-content\/uploads\/2013\/11\/Mali-Niger-Fran\u00e7afrique-nous-sommes-tous-les-otages-dAREVA-niger-mines-areva.jpg","datePublished":"2013-11-14T05:43:54+00:00","dateModified":"2013-11-14T05:46:07+00:00","description":"Par Jean-Marie Matagne, pr\u00e9sident de l\u2019Action des Citoyens pour le D\u00e9sarmement Nucl\u00e9aire Fin octobre, d\u00e9but novembre 2013, trois \u00e9v\u00e9nements graves, l\u2019un","breadcrumb":{"@id":"https:\/\/www.pressenza.com\/fr\/2013\/11\/mali-niger-francafrique-nous-sommes-tous-les-otages-dareva\/#breadcrumb"},"inLanguage":"fr-FR","potentialAction":[{"@type":"ReadAction","target":["https:\/\/www.pressenza.com\/fr\/2013\/11\/mali-niger-francafrique-nous-sommes-tous-les-otages-dareva\/"]}]},{"@type":"ImageObject","inLanguage":"fr-FR","@id":"https:\/\/www.pressenza.com\/fr\/2013\/11\/mali-niger-francafrique-nous-sommes-tous-les-otages-dareva\/#primaryimage","url":"https:\/\/www.pressenza.com\/wp-content\/uploads\/2013\/11\/Mali-Niger-Fran\u00e7afrique-nous-sommes-tous-les-otages-dAREVA-niger-mines-areva.jpg","contentUrl":"https:\/\/www.pressenza.com\/wp-content\/uploads\/2013\/11\/Mali-Niger-Fran\u00e7afrique-nous-sommes-tous-les-otages-dAREVA-niger-mines-areva.jpg","width":555,"height":320},{"@type":"BreadcrumbList","@id":"https:\/\/www.pressenza.com\/fr\/2013\/11\/mali-niger-francafrique-nous-sommes-tous-les-otages-dareva\/#breadcrumb","itemListElement":[{"@type":"ListItem","position":1,"name":"Accueil","item":"https:\/\/www.pressenza.com\/fr\/"},{"@type":"ListItem","position":2,"name":"Mali, Niger, Fran\u00e7afrique : nous sommes tous les otages d&rsquo;AREVA"}]},{"@type":"WebSite","@id":"https:\/\/www.pressenza.com\/fr\/#website","url":"https:\/\/www.pressenza.com\/fr\/","name":"Pressenza","description":"International Press Agency","publisher":{"@id":"https:\/\/www.pressenza.com\/fr\/#organization"},"potentialAction":[{"@type":"SearchAction","target":{"@type":"EntryPoint","urlTemplate":"https:\/\/www.pressenza.com\/fr\/?s={search_term_string}"},"query-input":{"@type":"PropertyValueSpecification","valueRequired":true,"valueName":"search_term_string"}}],"inLanguage":"fr-FR"},{"@type":"Organization","@id":"https:\/\/www.pressenza.com\/fr\/#organization","name":"Pressenza","url":"https:\/\/www.pressenza.com\/fr\/","logo":{"@type":"ImageObject","inLanguage":"fr-FR","@id":"https:\/\/www.pressenza.com\/fr\/#\/schema\/logo\/image\/","url":"https:\/\/www.pressenza.com\/wp-content\/uploads\/2022\/10\/pressenza_logo_200x200.jpg","contentUrl":"https:\/\/www.pressenza.com\/wp-content\/uploads\/2022\/10\/pressenza_logo_200x200.jpg","width":200,"height":200,"caption":"Pressenza"},"image":{"@id":"https:\/\/www.pressenza.com\/fr\/#\/schema\/logo\/image\/"},"sameAs":["https:\/\/www.facebook.com\/PressenzaItalia","https:\/\/x.com\/PressenzaIPA"]},{"@type":"Person","@id":"https:\/\/www.pressenza.com\/fr\/#\/schema\/person\/a131e11aa1588d25271bb52b03e7dac3","name":"Action des Citoyens pour le D\u00e9sarmement Nucl\u00e9aire","description":"To act, in particular by calling for a referendum, in favour of complete, universal and controlled nuclear, biological and chemical disarmament, within the framework of a genuine international security system; to take or support, at local, regional, national and possibly international level, in both the public and private spheres, political, cultural, economic, social, legal and other initiatives likely to contribute to disarmament, general security, respect for persons, the development of exchanges, solidarity and peace. www.acdn.net","sameAs":["http:\/\/www.acdn.net\/","https:\/\/www.facebook.com\/acdn.france"],"url":"https:\/\/www.pressenza.com\/fr\/author\/acdn\/"}]}},"place":"Saintes, France","original_article_url":"","_links":{"self":[{"href":"https:\/\/www.pressenza.com\/fr\/wp-json\/wp\/v2\/posts\/76619","targetHints":{"allow":["GET"]}}],"collection":[{"href":"https:\/\/www.pressenza.com\/fr\/wp-json\/wp\/v2\/posts"}],"about":[{"href":"https:\/\/www.pressenza.com\/fr\/wp-json\/wp\/v2\/types\/post"}],"author":[{"embeddable":true,"href":"https:\/\/www.pressenza.com\/fr\/wp-json\/wp\/v2\/users\/850"}],"replies":[{"embeddable":true,"href":"https:\/\/www.pressenza.com\/fr\/wp-json\/wp\/v2\/comments?post=76619"}],"version-history":[{"count":0,"href":"https:\/\/www.pressenza.com\/fr\/wp-json\/wp\/v2\/posts\/76619\/revisions"}],"wp:featuredmedia":[{"embeddable":true,"href":"https:\/\/www.pressenza.com\/fr\/wp-json\/wp\/v2\/media\/76620"}],"wp:attachment":[{"href":"https:\/\/www.pressenza.com\/fr\/wp-json\/wp\/v2\/media?parent=76619"}],"wp:term":[{"taxonomy":"category","embeddable":true,"href":"https:\/\/www.pressenza.com\/fr\/wp-json\/wp\/v2\/categories?post=76619"},{"taxonomy":"post_tag","embeddable":true,"href":"https:\/\/www.pressenza.com\/fr\/wp-json\/wp\/v2\/tags?post=76619"}],"curies":[{"name":"wp","href":"https:\/\/api.w.org\/{rel}","templated":true}]}}