{"id":765144,"date":"2018-11-25T23:40:34","date_gmt":"2018-11-25T23:40:34","guid":{"rendered":"https:\/\/www.pressenza.com\/?p=765144"},"modified":"2019-01-05T17:41:51","modified_gmt":"2019-01-05T17:41:51","slug":"gilets-jaunes-a-paris-la-colere","status":"publish","type":"post","link":"https:\/\/www.pressenza.com\/fr\/2018\/11\/gilets-jaunes-a-paris-la-colere\/","title":{"rendered":"Gilets jaunes \u00e0 Paris\u00a0: la col\u00e8re"},"content":{"rendered":"<p>Par Gabriela Bravo et l&rsquo;Equipe Pressenza<\/p>\n<p><strong>Manifestation \u00e0 Paris<\/strong><\/p>\n<p>Les manifestations de gilets jaunes se poursuivent \u00e0 Paris et partout en France. Mais cette fois-ci, le samedi 24 novembre les manifestants ont pris d\u2019assaut le c\u0153ur de la capitale, les Champs \u00c9lys\u00e9es, pour montrer leur m\u00e9contentement sur la hausse des prix des carburants et la baisse du pouvoir d\u2019achat.<\/p>\n<p>Bien que le gouvernement ait d\u00e9sign\u00e9 le Champ-de-Mars comme le site o\u00f9 les manifestants pouvaient se r\u00e9unir, les gilets jaunes ont pr\u00e9f\u00e9r\u00e9 se donner rendez-vous aux Champs \u00c9lys\u00e9es, un lieu plus symbolique et plus proche des institutions de l\u2019\u00c9tat.<\/p>\n<p>A la diff\u00e9rence de la semaine derni\u00e8re o\u00f9 la manifestation qui s\u2019est d\u00e9roul\u00e9e \u00e0 Paris a eu plusieurs points de rendez-vous et a fini par se concentrer sur les Champs \u00c9lys\u00e9es, ce samedi la plus belle avenue du monde a \u00e9t\u00e9 occup\u00e9e depuis le matin. N\u00e9anmoins la manifestation a \u00e9t\u00e9 d\u2019une grande violence, car des groupes de manifestants, qui n\u2019appartiennent pas forcement au mouvement des gilets jaunes, sont venus pour en d\u00e9coudre avec la police.<\/p>\n<p>En quelques heures les Champs \u00c9lys\u00e9es se sont transform\u00e9s en champ de bataille, des manifestants ont mis en place des barricades revendiquant le droit de manifester l\u00e0 o\u00f9 ils le d\u00e9cident, et non pas se soumettre \u00e0 la volont\u00e9 d&rsquo;un \u00e9tat qui leur impose un parcours. Tout le long de l\u2019avenue des barricades ont \u00e9t\u00e9 \u00e9rig\u00e9es\u00a0avec des mat\u00e9riaux de construction, du mobilier ext\u00e9rieur de restaurants et caf\u00e9s, pour s&rsquo;opposer aux policiers qui tentaient de les d\u00e9loger\u00a0avec des gaz lacrymog\u00e8nes et des canons \u00e0 eau pour les emp\u00eacher d&rsquo;avancer sur l&rsquo;avenue.<\/p>\n<p>Ce samedi 24 novembre la col\u00e8re des gens est mont\u00e9e d\u2019un cran car depuis une semaine ils manifestent partout en France et ne se sentent pas \u00e9cout\u00e9s. Bien que la mobilisation de ce mouvement ait commenc\u00e9 avec la hausse des carburants, aujourd\u2019hui ils revendiquent une hausse de leur pouvoir d\u2019achat et une taxation plus \u00e9quitable, car plusieurs des manifestants rencontr\u00e9s ne comprennent pas l\u2019augmentation de la Contribution Sociale G\u00e9n\u00e9ralis\u00e9e (CSG)\u00a0pour les retrait\u00e9s et la suppression de l\u2019Imp\u00f4t sur la fortune pour les foyers les plus fortun\u00e9s. (La CSG est un imp\u00f4t cr\u00e9\u00e9 en 1991, il sert \u00e0 payer une partie de la\u00a0s\u00e9curit\u00e9 sociale et depuis 2018, de l\u2019assurance ch\u00f4mage.)<\/p>\n<p><strong>Quelques chiffres, contexte \u00e9conomique et social<\/strong><\/p>\n<p>Budget de la France pour 2018\u00a0: d\u00e9penses de l&rsquo;\u00c9tat, 386 milliards d&rsquo;euros\u00a0; recettes, 302 milliards\u00a0; d\u00e9ficit\u00a0: 83 milliards.<\/p>\n<p>Depuis l\u2019arriv\u00e9e du gouvernement Macron en mai 2017 plusieurs mesures significatives ont \u00e9t\u00e9 prises\u00a0:<\/p>\n<ul>\n<li>L\u2019imp\u00f4t sur la fortune (ISF) va diminuer en 2019, ce qui repr\u00e9sente un manque de 4\u00a0milliards d\u2019euros dans le budget.<\/li>\n<li>L\u2019imp\u00f4t sur les revenus du capital (flat tax) a \u00e9t\u00e9 transform\u00e9 et plafonn\u00e9 \u00e0 30% (avant il pouvait atteindre 45%), ce qui repr\u00e9sente un manque de 10 milliards d\u2019euros dans le budget 2019.<\/li>\n<li>On donne 20 milliards d\u2019euros aux entreprises chaque ann\u00e9e depuis 2013, au titre d\u2019un soutien (CICE), il sera supprim\u00e9 en 2019 et remplac\u00e9 par une diminution des cotisations sociales aux entreprises. Ce qui repr\u00e9sente un manque de 20 milliards d\u2019euros dans le budget 2019.<\/li>\n<li>La fraude fiscale en France est estim\u00e9e entre 130 et 170 milliards d\u2019euros. Les entreprises et personnes qui pratiquent ces fraudes ne peuvent pas \u00eatre poursuivies p\u00e9nalement car seul le minist\u00e8re des finances peut d\u00e9cider de qui peut \u00eatre poursuivi pour fraude fiscale. Ce qui repr\u00e9sente un manque entre 130 et 170 milliards d\u2019euros dans le budget 2019.<\/li>\n<\/ul>\n<p>Dans ce contexte la hausse du prix des carburants a \u00e9t\u00e9 justifi\u00e9e comme une mesure pour lutter contre le r\u00e9chauffement climatique et pour \u00ab\u00a0sauver la plan\u00e8te\u00a0\u00bb.<\/p>\n<p>Une toute autre information a circul\u00e9 le 8 novembre, suite \u00e0 une r\u00e9union entre le repr\u00e9sentant du syndicat CLCV et les services du premier ministre \u00e0 Matignon. \u00ab\u00a0<em>Clairement, \u00e0 Matignon ils nous ont dit\u00a0: &lsquo;Pour supprimer la taxe d&rsquo;habitation pour 80% des Fran\u00e7ais, on a besoin d&rsquo;augmenter de beaucoup les taxes sur les carburants. Ce sera la seule taxe qu&rsquo;on va augmenter mais on a besoin de le faire sinon on ne peut pas faire les autres r\u00e9formes fiscales&rsquo;, a affirm\u00e9 jeudi soir sur <a href=\"https:\/\/mobile.francetvinfo.fr\/economie\/transports\/prix-des-carburants\/la-clcv-affirme-que-le-gouvernement-a-besoin-d-augmenter-le-prix-des-carburants-pour-supprimer-la-taxe-d-habitation_3025641.amp\">France Info<\/a> Fran\u00e7ois Carlier (CLCV).\u00a0L\u00e0, ils ont \u00e9t\u00e9 tr\u00e8s tr\u00e8s francs, beaucoup plus francs que dans la communication grand public.<\/em>\u00a0\u00bb<\/p>\n<p><strong>Le ressenti des manifestants<\/strong><\/p>\n<p>Patrice, un retrait\u00e9 venu de Bretagne raconte les raisons de son indignation qui l\u2019ont pouss\u00e9 \u00e0 venir manifester sur les Champs \u00c9lys\u00e9es\u00a0: \u00ab<em>\u00a0On a de plus en plus de mal \u00e0 vivre, je suis retrait\u00e9 depuis trois ans et au lieu que ma retraite augmente, elle baisse, elle a baiss\u00e9 d\u2019\u00e0 peu pr\u00e8s 40\u20ac par mois. Donc, on a de plus en plus de taxes, la vie est de plus en plus ch\u00e8re et on a de plus en plus de mal \u00e0 vivre en France. On s\u2019est d\u00e9plac\u00e9 surtout parce qu\u2019aujourd\u2019hui nous ne sommes pas \u00e9cout\u00e9s, on est bien oblig\u00e9 de venir crier notre col\u00e8re ici, parce que chez nous on ne nous \u00e9coute pas, on est beaucoup trop loin<\/em>\u00a0\u00bb.<\/p>\n<p><strong>La suite<\/strong><\/p>\n<p>Selon le minist\u00e8re de l\u2019int\u00e9rieur il y a eu 105 000 manifestants en France, selon le syndicat des policiers en col\u00e8re, il s\u2019agit de 7 fois plus, soit environ 750\u00a0000 gilets jaunes sur environ 1500 points de blocage, et les 100\u00a0000 annonc\u00e9s correspondent uniquement \u00e0 la mobilisation \u00e0 Paris. La manifestation a continu\u00e9 ce dimanche 25 novembre, puis sur la page facebook du mouvement un appel \u00e0 une nouvelle mobilisation a \u00e9t\u00e9 lanc\u00e9 pour le samedi 1er d\u00e9cembre. E.Macron prendra la parole le mardi 27 novembre pour annoncer des mesures en mati\u00e8re \u00e9cologique pour essayer de calmer la col\u00e8re de fran\u00e7ais, car jusqu\u2019\u00e0 pr\u00e9sent, entre 70 et 80% de la population approuve la r\u00e9volte des gilets jaunes.<\/p>\n<p>Face \u00e0 une attitude hautaine et arrogante du gouvernement, on observe \u00e0 travers ce mouvement l\u2019expression d\u2019une col\u00e8re populaire, mais aussi la manifestation d\u2019un \u00e9lan de solidarit\u00e9, des cha\u00eenes de soutien aux personnes qui font les barrages, davantage de communication. Les gens se rendent compte qu\u2019ils sont de plus en plus nombreux \u00e0 vivre difficilement, d\u2019autres expriment leur envie de chercher \u00e0 changer de style de vie.<\/p>\n<p>Cr\u00e9dit Photos : Mauricio Alvarez<\/p>\n<p><img loading=\"lazy\" decoding=\"async\" class=\"alignnone size-medium\" src=\"https:\/\/www.pressenza.com\/wp-content\/uploads\/2018\/11\/Gilets-Jaunes-2.jpg\" width=\"563\" height=\"750\" \/><\/p>\n<p>Imp\u00f4ts fonciers, revenus, Contribution sociale g\u00e9n\u00e9ralis\u00e9e. &#8230; en pr\u00e9carit\u00e9.<\/p>\n<p><img loading=\"lazy\" decoding=\"async\" class=\"alignnone size-medium\" src=\"https:\/\/www.pressenza.com\/wp-content\/uploads\/2018\/11\/Gilets-Jaunes-3.jpg\" width=\"563\" height=\"750\" \/><\/p>\n<p>C&rsquo;est insupportable. On n&rsquo;est pas des pigeons (des idiots).<\/p>\n<p><img loading=\"lazy\" decoding=\"async\" class=\"alignnone size-medium\" src=\"https:\/\/www.pressenza.com\/wp-content\/uploads\/2018\/11\/Gilets-Jaunes-5.jpg\" width=\"750\" height=\"563\" \/><\/p>\n<p><img loading=\"lazy\" decoding=\"async\" class=\"alignnone size-medium\" src=\"https:\/\/www.pressenza.com\/wp-content\/uploads\/2018\/11\/Gilets-Jaunes-6.jpg\" width=\"750\" height=\"563\" \/><\/p>\n<p><img loading=\"lazy\" decoding=\"async\" class=\"alignnone size-medium\" src=\"https:\/\/www.pressenza.com\/wp-content\/uploads\/2018\/11\/Gilets-Jaunes-7.jpg\" width=\"550\" height=\"729\" \/><\/p>\n<p><img loading=\"lazy\" decoding=\"async\" class=\"alignnone size-medium\" src=\"https:\/\/www.pressenza.com\/wp-content\/uploads\/2018\/11\/Gilets-Jaunes-0.jpg\" width=\"562\" height=\"750\" \/><\/p>\n","protected":false},"excerpt":{"rendered":"<p>Par Gabriela Bravo et l&rsquo;Equipe Pressenza Manifestation \u00e0 Paris Les manifestations de gilets jaunes se poursuivent \u00e0 Paris et partout en France. Mais cette fois-ci, le samedi 24 novembre les manifestants ont pris d\u2019assaut le c\u0153ur de la capitale, les&hellip;<\/p>\n","protected":false},"author":926,"featured_media":765202,"comment_status":"closed","ping_status":"closed","sticky":false,"template":"","format":"standard","meta":{"footnotes":""},"categories":[11386,85,93,5700],"tags":[1034,51993,52170,307,1082,52171],"class_list":["post-765144","post","type-post","status-publish","format-standard","has-post-thumbnail","hentry","category-contenu-original","category-europe-fr","category-politique","category-reportages-photo","tag-france-fr","tag-gilets-jaunes","tag-impot","tag-manifestation","tag-paris","tag-taxe"],"yoast_head":"<!-- This site is optimized with the Yoast SEO plugin v27.1.1 - https:\/\/yoast.com\/product\/yoast-seo-wordpress\/ -->\n<title>Gilets jaunes \u00e0 Paris\u00a0: la col\u00e8re<\/title>\n<meta name=\"description\" content=\"Par Gabriela Bravo et l&#039;Equipe Pressenza Manifestation \u00e0 Paris Les manifestations de gilets jaunes se poursuivent \u00e0 Paris et partout en France. Mais cette\" \/>\n<meta name=\"robots\" content=\"index, follow, max-snippet:-1, max-image-preview:large, max-video-preview:-1\" \/>\n<link rel=\"canonical\" href=\"https:\/\/www.pressenza.com\/fr\/2018\/11\/gilets-jaunes-a-paris-la-colere\/\" \/>\n<meta property=\"og:locale\" content=\"fr_FR\" \/>\n<meta property=\"og:type\" content=\"article\" \/>\n<meta property=\"og:title\" content=\"Gilets jaunes \u00e0 Paris\u00a0: la col\u00e8re\" \/>\n<meta property=\"og:description\" content=\"Par Gabriela Bravo et l&#039;Equipe Pressenza Manifestation \u00e0 Paris Les manifestations de gilets jaunes se poursuivent \u00e0 Paris et partout en France. Mais cette\" \/>\n<meta property=\"og:url\" content=\"https:\/\/www.pressenza.com\/fr\/2018\/11\/gilets-jaunes-a-paris-la-colere\/\" \/>\n<meta property=\"og:site_name\" content=\"Pressenza\" \/>\n<meta property=\"article:publisher\" content=\"https:\/\/www.facebook.com\/PressenzaItalia\" \/>\n<meta property=\"article:published_time\" content=\"2018-11-25T23:40:34+00:00\" \/>\n<meta property=\"article:modified_time\" content=\"2019-01-05T17:41:51+00:00\" \/>\n<meta property=\"og:image\" content=\"https:\/\/www.pressenza.com\/wp-content\/uploads\/2018\/11\/Gilets-Jaunes-1.jpg\" \/>\n\t<meta property=\"og:image:width\" content=\"750\" \/>\n\t<meta property=\"og:image:height\" content=\"563\" \/>\n\t<meta property=\"og:image:type\" content=\"image\/jpeg\" \/>\n<meta name=\"author\" content=\"R\u00e9daction France\" \/>\n<meta name=\"twitter:card\" content=\"summary_large_image\" \/>\n<meta name=\"twitter:creator\" content=\"@PressenzaIPA\" \/>\n<meta name=\"twitter:site\" content=\"@PressenzaIPA\" \/>\n<meta name=\"twitter:label1\" content=\"\u00c9crit par\" \/>\n\t<meta name=\"twitter:data1\" content=\"R\u00e9daction France\" \/>\n\t<meta name=\"twitter:label2\" content=\"Dur\u00e9e de lecture estim\u00e9e\" \/>\n\t<meta name=\"twitter:data2\" content=\"5 minutes\" \/>\n<script type=\"application\/ld+json\" class=\"yoast-schema-graph\">{\"@context\":\"https:\/\/schema.org\",\"@graph\":[{\"@type\":\"Article\",\"@id\":\"https:\/\/www.pressenza.com\/fr\/2018\/11\/gilets-jaunes-a-paris-la-colere\/#article\",\"isPartOf\":{\"@id\":\"https:\/\/www.pressenza.com\/fr\/2018\/11\/gilets-jaunes-a-paris-la-colere\/\"},\"author\":{\"name\":\"R\u00e9daction France\",\"@id\":\"https:\/\/www.pressenza.com\/fr\/#\/schema\/person\/3c9fe6670cc2cffbd37562f87b98e869\"},\"headline\":\"Gilets jaunes \u00e0 Paris\u00a0: la col\u00e8re\",\"datePublished\":\"2018-11-25T23:40:34+00:00\",\"dateModified\":\"2019-01-05T17:41:51+00:00\",\"mainEntityOfPage\":{\"@id\":\"https:\/\/www.pressenza.com\/fr\/2018\/11\/gilets-jaunes-a-paris-la-colere\/\"},\"wordCount\":1115,\"publisher\":{\"@id\":\"https:\/\/www.pressenza.com\/fr\/#organization\"},\"image\":{\"@id\":\"https:\/\/www.pressenza.com\/fr\/2018\/11\/gilets-jaunes-a-paris-la-colere\/#primaryimage\"},\"thumbnailUrl\":\"https:\/\/www.pressenza.com\/wp-content\/uploads\/2018\/11\/Gilets-Jaunes-1.jpg\",\"keywords\":[\"France\",\"Gilets Jaunes\",\"imp\u00f4t\",\"manifestation\",\"Paris\",\"taxe\"],\"articleSection\":[\"Contenu Original\",\"Europe\",\"Politique\",\"Reportages photo\"],\"inLanguage\":\"fr-FR\"},{\"@type\":\"WebPage\",\"@id\":\"https:\/\/www.pressenza.com\/fr\/2018\/11\/gilets-jaunes-a-paris-la-colere\/\",\"url\":\"https:\/\/www.pressenza.com\/fr\/2018\/11\/gilets-jaunes-a-paris-la-colere\/\",\"name\":\"Gilets jaunes \u00e0 Paris\u00a0: la col\u00e8re\",\"isPartOf\":{\"@id\":\"https:\/\/www.pressenza.com\/fr\/#website\"},\"primaryImageOfPage\":{\"@id\":\"https:\/\/www.pressenza.com\/fr\/2018\/11\/gilets-jaunes-a-paris-la-colere\/#primaryimage\"},\"image\":{\"@id\":\"https:\/\/www.pressenza.com\/fr\/2018\/11\/gilets-jaunes-a-paris-la-colere\/#primaryimage\"},\"thumbnailUrl\":\"https:\/\/www.pressenza.com\/wp-content\/uploads\/2018\/11\/Gilets-Jaunes-1.jpg\",\"datePublished\":\"2018-11-25T23:40:34+00:00\",\"dateModified\":\"2019-01-05T17:41:51+00:00\",\"description\":\"Par Gabriela Bravo et l'Equipe Pressenza Manifestation \u00e0 Paris Les manifestations de gilets jaunes se poursuivent \u00e0 Paris et partout en France. Mais cette\",\"breadcrumb\":{\"@id\":\"https:\/\/www.pressenza.com\/fr\/2018\/11\/gilets-jaunes-a-paris-la-colere\/#breadcrumb\"},\"inLanguage\":\"fr-FR\",\"potentialAction\":[{\"@type\":\"ReadAction\",\"target\":[\"https:\/\/www.pressenza.com\/fr\/2018\/11\/gilets-jaunes-a-paris-la-colere\/\"]}]},{\"@type\":\"ImageObject\",\"inLanguage\":\"fr-FR\",\"@id\":\"https:\/\/www.pressenza.com\/fr\/2018\/11\/gilets-jaunes-a-paris-la-colere\/#primaryimage\",\"url\":\"https:\/\/www.pressenza.com\/wp-content\/uploads\/2018\/11\/Gilets-Jaunes-1.jpg\",\"contentUrl\":\"https:\/\/www.pressenza.com\/wp-content\/uploads\/2018\/11\/Gilets-Jaunes-1.jpg\",\"width\":750,\"height\":563},{\"@type\":\"BreadcrumbList\",\"@id\":\"https:\/\/www.pressenza.com\/fr\/2018\/11\/gilets-jaunes-a-paris-la-colere\/#breadcrumb\",\"itemListElement\":[{\"@type\":\"ListItem\",\"position\":1,\"name\":\"Accueil\",\"item\":\"https:\/\/www.pressenza.com\/fr\/\"},{\"@type\":\"ListItem\",\"position\":2,\"name\":\"Gilets jaunes \u00e0 Paris\u00a0: la col\u00e8re\"}]},{\"@type\":\"WebSite\",\"@id\":\"https:\/\/www.pressenza.com\/fr\/#website\",\"url\":\"https:\/\/www.pressenza.com\/fr\/\",\"name\":\"Pressenza\",\"description\":\"International Press Agency\",\"publisher\":{\"@id\":\"https:\/\/www.pressenza.com\/fr\/#organization\"},\"potentialAction\":[{\"@type\":\"SearchAction\",\"target\":{\"@type\":\"EntryPoint\",\"urlTemplate\":\"https:\/\/www.pressenza.com\/fr\/?s={search_term_string}\"},\"query-input\":{\"@type\":\"PropertyValueSpecification\",\"valueRequired\":true,\"valueName\":\"search_term_string\"}}],\"inLanguage\":\"fr-FR\"},{\"@type\":\"Organization\",\"@id\":\"https:\/\/www.pressenza.com\/fr\/#organization\",\"name\":\"Pressenza\",\"url\":\"https:\/\/www.pressenza.com\/fr\/\",\"logo\":{\"@type\":\"ImageObject\",\"inLanguage\":\"fr-FR\",\"@id\":\"https:\/\/www.pressenza.com\/fr\/#\/schema\/logo\/image\/\",\"url\":\"https:\/\/www.pressenza.com\/wp-content\/uploads\/2022\/10\/pressenza_logo_200x200.jpg\",\"contentUrl\":\"https:\/\/www.pressenza.com\/wp-content\/uploads\/2022\/10\/pressenza_logo_200x200.jpg\",\"width\":200,\"height\":200,\"caption\":\"Pressenza\"},\"image\":{\"@id\":\"https:\/\/www.pressenza.com\/fr\/#\/schema\/logo\/image\/\"},\"sameAs\":[\"https:\/\/www.facebook.com\/PressenzaItalia\",\"https:\/\/x.com\/PressenzaIPA\"]},{\"@type\":\"Person\",\"@id\":\"https:\/\/www.pressenza.com\/fr\/#\/schema\/person\/3c9fe6670cc2cffbd37562f87b98e869\",\"name\":\"R\u00e9daction France\",\"description\":\"News published by the Pressenza bureau in France\",\"sameAs\":[\"http:\/\/www.pressenza.com\/fr\"],\"url\":\"https:\/\/www.pressenza.com\/fr\/author\/redactionfrance\/\"}]}<\/script>\n<!-- \/ Yoast SEO plugin. -->","yoast_head_json":{"title":"Gilets jaunes \u00e0 Paris\u00a0: la col\u00e8re","description":"Par Gabriela Bravo et l'Equipe Pressenza Manifestation \u00e0 Paris Les manifestations de gilets jaunes se poursuivent \u00e0 Paris et partout en France. Mais cette","robots":{"index":"index","follow":"follow","max-snippet":"max-snippet:-1","max-image-preview":"max-image-preview:large","max-video-preview":"max-video-preview:-1"},"canonical":"https:\/\/www.pressenza.com\/fr\/2018\/11\/gilets-jaunes-a-paris-la-colere\/","og_locale":"fr_FR","og_type":"article","og_title":"Gilets jaunes \u00e0 Paris\u00a0: la col\u00e8re","og_description":"Par Gabriela Bravo et l'Equipe Pressenza Manifestation \u00e0 Paris Les manifestations de gilets jaunes se poursuivent \u00e0 Paris et partout en France. Mais cette","og_url":"https:\/\/www.pressenza.com\/fr\/2018\/11\/gilets-jaunes-a-paris-la-colere\/","og_site_name":"Pressenza","article_publisher":"https:\/\/www.facebook.com\/PressenzaItalia","article_published_time":"2018-11-25T23:40:34+00:00","article_modified_time":"2019-01-05T17:41:51+00:00","og_image":[{"width":750,"height":563,"url":"https:\/\/www.pressenza.com\/wp-content\/uploads\/2018\/11\/Gilets-Jaunes-1.jpg","type":"image\/jpeg"}],"author":"R\u00e9daction France","twitter_card":"summary_large_image","twitter_creator":"@PressenzaIPA","twitter_site":"@PressenzaIPA","twitter_misc":{"\u00c9crit par":"R\u00e9daction France","Dur\u00e9e de lecture estim\u00e9e":"5 minutes"},"schema":{"@context":"https:\/\/schema.org","@graph":[{"@type":"Article","@id":"https:\/\/www.pressenza.com\/fr\/2018\/11\/gilets-jaunes-a-paris-la-colere\/#article","isPartOf":{"@id":"https:\/\/www.pressenza.com\/fr\/2018\/11\/gilets-jaunes-a-paris-la-colere\/"},"author":{"name":"R\u00e9daction France","@id":"https:\/\/www.pressenza.com\/fr\/#\/schema\/person\/3c9fe6670cc2cffbd37562f87b98e869"},"headline":"Gilets jaunes \u00e0 Paris\u00a0: la col\u00e8re","datePublished":"2018-11-25T23:40:34+00:00","dateModified":"2019-01-05T17:41:51+00:00","mainEntityOfPage":{"@id":"https:\/\/www.pressenza.com\/fr\/2018\/11\/gilets-jaunes-a-paris-la-colere\/"},"wordCount":1115,"publisher":{"@id":"https:\/\/www.pressenza.com\/fr\/#organization"},"image":{"@id":"https:\/\/www.pressenza.com\/fr\/2018\/11\/gilets-jaunes-a-paris-la-colere\/#primaryimage"},"thumbnailUrl":"https:\/\/www.pressenza.com\/wp-content\/uploads\/2018\/11\/Gilets-Jaunes-1.jpg","keywords":["France","Gilets Jaunes","imp\u00f4t","manifestation","Paris","taxe"],"articleSection":["Contenu Original","Europe","Politique","Reportages photo"],"inLanguage":"fr-FR"},{"@type":"WebPage","@id":"https:\/\/www.pressenza.com\/fr\/2018\/11\/gilets-jaunes-a-paris-la-colere\/","url":"https:\/\/www.pressenza.com\/fr\/2018\/11\/gilets-jaunes-a-paris-la-colere\/","name":"Gilets jaunes \u00e0 Paris\u00a0: la col\u00e8re","isPartOf":{"@id":"https:\/\/www.pressenza.com\/fr\/#website"},"primaryImageOfPage":{"@id":"https:\/\/www.pressenza.com\/fr\/2018\/11\/gilets-jaunes-a-paris-la-colere\/#primaryimage"},"image":{"@id":"https:\/\/www.pressenza.com\/fr\/2018\/11\/gilets-jaunes-a-paris-la-colere\/#primaryimage"},"thumbnailUrl":"https:\/\/www.pressenza.com\/wp-content\/uploads\/2018\/11\/Gilets-Jaunes-1.jpg","datePublished":"2018-11-25T23:40:34+00:00","dateModified":"2019-01-05T17:41:51+00:00","description":"Par Gabriela Bravo et l'Equipe Pressenza Manifestation \u00e0 Paris Les manifestations de gilets jaunes se poursuivent \u00e0 Paris et partout en France. Mais cette","breadcrumb":{"@id":"https:\/\/www.pressenza.com\/fr\/2018\/11\/gilets-jaunes-a-paris-la-colere\/#breadcrumb"},"inLanguage":"fr-FR","potentialAction":[{"@type":"ReadAction","target":["https:\/\/www.pressenza.com\/fr\/2018\/11\/gilets-jaunes-a-paris-la-colere\/"]}]},{"@type":"ImageObject","inLanguage":"fr-FR","@id":"https:\/\/www.pressenza.com\/fr\/2018\/11\/gilets-jaunes-a-paris-la-colere\/#primaryimage","url":"https:\/\/www.pressenza.com\/wp-content\/uploads\/2018\/11\/Gilets-Jaunes-1.jpg","contentUrl":"https:\/\/www.pressenza.com\/wp-content\/uploads\/2018\/11\/Gilets-Jaunes-1.jpg","width":750,"height":563},{"@type":"BreadcrumbList","@id":"https:\/\/www.pressenza.com\/fr\/2018\/11\/gilets-jaunes-a-paris-la-colere\/#breadcrumb","itemListElement":[{"@type":"ListItem","position":1,"name":"Accueil","item":"https:\/\/www.pressenza.com\/fr\/"},{"@type":"ListItem","position":2,"name":"Gilets jaunes \u00e0 Paris\u00a0: la col\u00e8re"}]},{"@type":"WebSite","@id":"https:\/\/www.pressenza.com\/fr\/#website","url":"https:\/\/www.pressenza.com\/fr\/","name":"Pressenza","description":"International Press Agency","publisher":{"@id":"https:\/\/www.pressenza.com\/fr\/#organization"},"potentialAction":[{"@type":"SearchAction","target":{"@type":"EntryPoint","urlTemplate":"https:\/\/www.pressenza.com\/fr\/?s={search_term_string}"},"query-input":{"@type":"PropertyValueSpecification","valueRequired":true,"valueName":"search_term_string"}}],"inLanguage":"fr-FR"},{"@type":"Organization","@id":"https:\/\/www.pressenza.com\/fr\/#organization","name":"Pressenza","url":"https:\/\/www.pressenza.com\/fr\/","logo":{"@type":"ImageObject","inLanguage":"fr-FR","@id":"https:\/\/www.pressenza.com\/fr\/#\/schema\/logo\/image\/","url":"https:\/\/www.pressenza.com\/wp-content\/uploads\/2022\/10\/pressenza_logo_200x200.jpg","contentUrl":"https:\/\/www.pressenza.com\/wp-content\/uploads\/2022\/10\/pressenza_logo_200x200.jpg","width":200,"height":200,"caption":"Pressenza"},"image":{"@id":"https:\/\/www.pressenza.com\/fr\/#\/schema\/logo\/image\/"},"sameAs":["https:\/\/www.facebook.com\/PressenzaItalia","https:\/\/x.com\/PressenzaIPA"]},{"@type":"Person","@id":"https:\/\/www.pressenza.com\/fr\/#\/schema\/person\/3c9fe6670cc2cffbd37562f87b98e869","name":"R\u00e9daction France","description":"News published by the Pressenza bureau in France","sameAs":["http:\/\/www.pressenza.com\/fr"],"url":"https:\/\/www.pressenza.com\/fr\/author\/redactionfrance\/"}]}},"place":"Paris, France","original_article_url":"","_links":{"self":[{"href":"https:\/\/www.pressenza.com\/fr\/wp-json\/wp\/v2\/posts\/765144","targetHints":{"allow":["GET"]}}],"collection":[{"href":"https:\/\/www.pressenza.com\/fr\/wp-json\/wp\/v2\/posts"}],"about":[{"href":"https:\/\/www.pressenza.com\/fr\/wp-json\/wp\/v2\/types\/post"}],"author":[{"embeddable":true,"href":"https:\/\/www.pressenza.com\/fr\/wp-json\/wp\/v2\/users\/926"}],"replies":[{"embeddable":true,"href":"https:\/\/www.pressenza.com\/fr\/wp-json\/wp\/v2\/comments?post=765144"}],"version-history":[{"count":0,"href":"https:\/\/www.pressenza.com\/fr\/wp-json\/wp\/v2\/posts\/765144\/revisions"}],"wp:featuredmedia":[{"embeddable":true,"href":"https:\/\/www.pressenza.com\/fr\/wp-json\/wp\/v2\/media\/765202"}],"wp:attachment":[{"href":"https:\/\/www.pressenza.com\/fr\/wp-json\/wp\/v2\/media?parent=765144"}],"wp:term":[{"taxonomy":"category","embeddable":true,"href":"https:\/\/www.pressenza.com\/fr\/wp-json\/wp\/v2\/categories?post=765144"},{"taxonomy":"post_tag","embeddable":true,"href":"https:\/\/www.pressenza.com\/fr\/wp-json\/wp\/v2\/tags?post=765144"}],"curies":[{"name":"wp","href":"https:\/\/api.w.org\/{rel}","templated":true}]}}