{"id":758526,"date":"2018-11-20T20:18:38","date_gmt":"2018-11-20T20:18:38","guid":{"rendered":"https:\/\/www.pressenza.com\/?p=758526"},"modified":"2018-11-20T20:18:38","modified_gmt":"2018-11-20T20:18:38","slug":"les-conseils-permanents-pour-la-nonviolence-active-arrivent-en-espagne","status":"publish","type":"post","link":"https:\/\/www.pressenza.com\/fr\/2018\/11\/les-conseils-permanents-pour-la-nonviolence-active-arrivent-en-espagne\/","title":{"rendered":"Les conseils permanents pour la nonviolence active arrivent en Espagne"},"content":{"rendered":"<blockquote><p>Nous avons rencontr\u00e9 Ricardo Lucero, argentin et membre des conseils permanents pour la nonviolence active. C\u2019est un projet qui a d\u00e9j\u00e0 plus de quinze ans et qui cherche \u00e0 d\u00e9construire la violence.<\/p>\n<p>L\u2019organisation est d\u00e9centralis\u00e9e et toute l\u2019information se trouve sur les r\u00e9seaux sociaux.<\/p><\/blockquote>\n<p><strong><em>Vid\u00e9o : \u00c1lvaro Or\u00fas, R\u00e9daction : Juana P\u00e9rez Montero et Tony Robinson<\/em><\/strong><\/p>\n<p>\u00ab\u00a0<em>Je m\u2019appelle Ricardo Lucero. Je viens d\u2019Argentine, invit\u00e9 par Philippe Moal et par la Mairie de Madrid afin de d\u00e9velopper la th\u00e9matique et de pr\u00e9senter les <a href=\"http:\/\/www.consejosnoviolencia.org\/\">conseils permanents de nonviolence<\/a><\/em>\u00a0\u00bb, c\u2019est ainsi que se pr\u00e9sente ce membre d\u2019un collectif qui travaille sur l\u2019\u00e9limination de la violence.<\/p>\n<p><em>Pour voir la vid\u00e9o ( 4\u2032 56\u2032\u2032 ) avec les sous titres en fran\u00e7ais\u00a0:\u00a0<strong>1.<\/strong>\u00a0Cliquez sur l\u2019ic\u00f4ne\u00a0<strong>Sous-titres\u00a0<\/strong>(rectangle blanc en bas a droite de la fen\u00eatre du lecteur vid\u00e9o<\/em><em>).\u00a0 \u00a0<strong>2.<\/strong>\u00a0<\/em><em>Cliquez sur l\u2019ic\u00f4ne\u00a0<strong>Param\u00e8tres\u00a0<\/strong>(roue dent\u00e9e\u00a0en bas \u00e0 droite<\/em><em>), puis cliquez\u00a0<\/em><em>successivement sur\u00a0<strong>Sous-titres<\/strong>, puis sur\u00a0<strong>Traduire automatiquement<\/strong>.\u00a0\u00a0\u00a0\u00a0<strong>3.<\/strong>\u00a0Dans la fen\u00eatre qui s\u2019ouvre, faites d\u00e9filer la liste des langues et cliquer sur\u00a0<strong>Fran\u00e7ais<\/strong>.<\/em><\/p>\n<p><iframe loading=\"lazy\" title=\"Ricardo Lucero\" width=\"500\" height=\"281\" src=\"https:\/\/www.youtube.com\/embed\/KfTZFVIOaKk?feature=oembed\" frameborder=\"0\" allow=\"accelerometer; autoplay; clipboard-write; encrypted-media; gyroscope; picture-in-picture; web-share\" referrerpolicy=\"strict-origin-when-cross-origin\" allowfullscreen><\/iframe><\/p>\n<p><strong>Pressenza: Qu\u2019est-ce que les conseils permanents pour la nonviolence active\u00a0?<\/strong><\/p>\n<p><strong>Ricardo Lucero : <\/strong>Il s\u2019agit d\u2019une m\u00e9thode que nous diffusons librement par diff\u00e9rents moyens, notamment via les institutions qui doivent travailler sur le th\u00e8me de la nonviolence. Il ne s\u2019agit pas uniquement de recenser la violence l\u00e0 o\u00f9 elle commence, mais simplement de cr\u00e9er des espaces nonviolents d\u2019\u00e9change, tant sur le sentiment interne de paix, de joie et de force que dans un syst\u00e8me de relations coh\u00e9rentes.<\/p>\n<p><strong>Pressenza: Les conseils traitent de la violence individuelle li\u00e9e au contexte social dans lequel les individus se trouvent\u2026<\/strong><\/p>\n<p><strong>Ricardo Lucero:<\/strong>\u00a0Disons que nous faisons un travail psycho-social et qu\u2019ils sont nos mod\u00e8les, bas\u00e9s sur trois plans\u00a0: l\u2019individu, avec son syst\u00e8me de relations proches institutionnel, formel ou informel et le syst\u00e8me sociocommunautaire qui est fortement d\u00e9terminant dans la constitution de l\u2019individu. Nous essayons alors de faire en sorte que l\u2019individu soit moins d\u00e9pendant de cette diminution d\u2019information culturelle et qu\u2019il puisse g\u00e9n\u00e9rer sa propre culture nonviolente \u00e0 travers ses sensations, ses affinit\u00e9s avec les autres, son type d\u2019organisation horizontale d\u00e9centralis\u00e9e, etc.<\/p>\n<p><strong>Pressenza: Ce projet co\u00efncide tr\u00e8s bien avec le Forum [<em>N.d.T. Forum mondial sur la violence urbaine, Madrid, 5-8 novembre<\/em>]. Qu\u2019est-ce que vous apporte le Forum et que pouvez-vous apporter aux int\u00e9ress\u00e9s\u00a0? <\/strong><\/p>\n<p><strong>Ricardo Lucero:<\/strong>\u00a0Il me para\u00eet fondamental au sujet de la nonviolence qu\u2019il y ait non seulement un discours clair mais aussi une exp\u00e9rience pr\u00e9cise de la relation affective, de la sympathie, de l\u2019empathie, etc. Notre culture porte en principe des discours excellents au sujet de la paix, quand il y a de la bonne volont\u00e9. Toutefois, les individus sont un peu anesth\u00e9si\u00e9s dans leur rapport \u00e0 l\u2019Autre, alors par bonne volont\u00e9, quand il y a une personne qui souhaite aider les autres, le fait de ne pas voir la situation de la personne dans son quotidien rend difficile la relation d\u2019aide. C\u2019est pourquoi nous proposons un entra\u00eenement aux personnes, qui nous semble tr\u00e8s important, ceci sur trois plans\u00a0: sur le plan de l\u2019intimit\u00e9 personnelle, sur le plan du syst\u00e8me de relation coh\u00e9rente et sur la prise en compte du fait que nous ne vivons pas dans un monde avec des valeurs qui le forment mais qu\u2019il est possible d\u2019en former de nouvelles \u00e0 travers une nouvelle culture, celle de la nonviolence, qui peut s\u2019apprendre comme la violence.<\/p>\n<p><strong>Pressenza: Dans quel domaine travaillez-vous\u00a0? <\/strong><\/p>\n<p><strong>Ricardo Lucero: <\/strong>Il s\u2019agit fondamentalement de donner, c\u2019est-\u00e0-dire que l\u2019on donne \u00e0 toutes les personnes qui le sollicitent, que ce soit les institutions ou des particuliers, et eux-m\u00eames l\u2019enseignent librement \u00e0 leurs groupes d\u2019appartenance. Cela fait de nombreuses ann\u00e9es que nous travaillons avec des universit\u00e9s, des h\u00f4pitaux, dans diff\u00e9rents pays, en d\u00e9livrant simplement la m\u00e9thode, qui est ensuite adapt\u00e9e en accord avec les m\u00e9decins, aux besoins des travailleurs sociaux, etc.<\/p>\n<p><strong>Pressenza: Cela fait 15 ans que vous travaillez, \u00e0 quel stade de d\u00e9veloppement en \u00eates-vous\u00a0?<\/strong><\/p>\n<p><strong>Ricardo Lucero:<\/strong>\u00a0Nous sommes en train de poser les briques d\u2019une nouvelle soci\u00e9t\u00e9. Il est fort probable que nous voyons une partie de cette nouvelle soci\u00e9t\u00e9, mais si les briques forment une maison, une construction d\u2019une nouvelle soci\u00e9t\u00e9 ou une nouvelle culture, alors ce sont des briques fondamentales de coh\u00e9rence. Il est n\u00e9cessaire de les poser, bien qu\u2019il soit difficile de percevoir le futur, car personne ne le peut. Mais nous savons que s\u2019il n\u2019y a pas de petites briques de nonviolence dans le c\u0153ur des hommes, all\u00e9goriquement parlant, une soci\u00e9t\u00e9 en paix sera impossible.<\/p>\n<p><strong>Pressenza: Vous travaillez de mani\u00e8re d\u00e9centralis\u00e9e, en r\u00e9seau\u2026<\/strong><\/p>\n<p><strong>Ricardo Lucero: <\/strong>Il y a des personnes dans ce r\u00e9seau dont nous ne connaissons m\u00eame pas le travail car nous donnons tout librement. La connaissance est d\u00e9centralis\u00e9e, horizontale, elle est libre d\u2019acc\u00e8s. Tout ce que je sais se trouve sur les r\u00e9seaux sociaux et tout ce que chaque sp\u00e9cialiste sait \u00e9galement. C\u2019est pourquoi il y a beaucoup de personnes dans diff\u00e9rents pays qui travaillent non seulement dans des institutions mais aussi par exemple dans la m\u00e9diation et le plaidoyer, l\u2019administration d\u2019h\u00f4pitaux, bref diff\u00e9rents types d\u2019organisations. Et il y a le voisin, le voisin dans sa vie, avec son groupe qui vient vous remercier de ce que vous avez pu lui dire, parce que vous l\u2019avez aid\u00e9 \u00e0 comprendre comment aider ses proches qui avaient des probl\u00e8mes\u2026 Ceci est pour nous tr\u00e8s \u00e9mouvant, de voir ces personnes et le message se diffuser librement\u2026 Certains d\u2019entre nous se connaissent mais il y a des gens qui pratiquent la nonviolence depuis deux ans et qui nous racontent\u00a0:\u00a0\u00ab\u00a0\u00e9coute, le groupe est d\u00e9j\u00e0 organis\u00e9\u00a0\u00bb.<\/p>\n<p><strong>Pressenza: Comment peut-on vous rencontrer\u00a0?<\/strong><\/p>\n<p><strong>Ricardo Lucero : <\/strong>Il y a un site internet\u00a0<u><a href=\"http:\/\/www.consejosnoviolencia.org\/\">www.consejosnoviolencia.org<\/a><\/u>\u00a0mais aussi sur facebook, tu peux \u00e9crire \u00ab\u00a0conseils permanents pour la nonviolence\u00a0\u00bb ou la \u00ab\u00a0m\u00e9thode triple du changement\u2026\u00a0\u00bb et ensuite via toutes les formes \u00e9lectroniques o\u00f9 il y a des vid\u00e9os de cours p\u00e9dagogiques archiv\u00e9s. Nous avons 15 ans d\u2019exp\u00e9rience, ceci est par exemple un livre de 500 pages mais cela n\u2019existe plus en papier, maintenant tout est en ligne, et cela correspond aux meilleures exp\u00e9riences de nonviolence que nous avons eu depuis 15 ans, dans un contexte de champs th\u00e9orique, il peut se trouver en ligne.<\/p>\n<p>&nbsp;<\/p>\n<p><em>Traduit de l\u2019espagnol par Romane Vilain<\/em><\/p>\n","protected":false},"excerpt":{"rendered":"<p>Nous avons rencontr\u00e9 Ricardo Lucero, argentin et membre des conseils permanents pour la nonviolence active. C\u2019est un projet qui a d\u00e9j\u00e0 plus de quinze ans et qui cherche \u00e0 d\u00e9construire la violence. L\u2019organisation est d\u00e9centralis\u00e9e et toute l\u2019information se trouve&hellip;<\/p>\n","protected":false},"author":94,"featured_media":751371,"comment_status":"closed","ping_status":"closed","sticky":false,"template":"","format":"standard","meta":{"footnotes":""},"categories":[11386,156,1248],"tags":[52000,261,51544,965,28903,298],"class_list":["post-758526","post","type-post","status-publish","format-standard","has-post-thumbnail","hentry","category-contenu-original","category-interview-fr","category-nonviolence-sujet","tag-conseils-permanents-pour-la-nonviolence-active","tag-espagne","tag-forum-mondial-sur-la-violence-urbaine","tag-madrid","tag-non-violence","tag-paix"],"yoast_head":"<!-- This site is optimized with the Yoast SEO plugin v27.1.1 - https:\/\/yoast.com\/product\/yoast-seo-wordpress\/ -->\n<title>Les conseils permanents pour la nonviolence active arrivent en Espagne<\/title>\n<meta name=\"description\" content=\"Nous avons rencontr\u00e9 Ricardo Lucero, argentin et membre des conseils permanents pour la nonviolence active. C\u2019est un projet qui a d\u00e9j\u00e0 plus de quinze ans\" \/>\n<meta name=\"robots\" content=\"index, follow, max-snippet:-1, max-image-preview:large, max-video-preview:-1\" \/>\n<link rel=\"canonical\" href=\"https:\/\/www.pressenza.com\/fr\/2018\/11\/les-conseils-permanents-pour-la-nonviolence-active-arrivent-en-espagne\/\" \/>\n<meta property=\"og:locale\" content=\"fr_FR\" \/>\n<meta property=\"og:type\" content=\"article\" \/>\n<meta property=\"og:title\" content=\"Les conseils permanents pour la nonviolence active arrivent en Espagne\" \/>\n<meta property=\"og:description\" content=\"Nous avons rencontr\u00e9 Ricardo Lucero, argentin et membre des conseils permanents pour la nonviolence active. C\u2019est un projet qui a d\u00e9j\u00e0 plus de quinze ans\" \/>\n<meta property=\"og:url\" content=\"https:\/\/www.pressenza.com\/fr\/2018\/11\/les-conseils-permanents-pour-la-nonviolence-active-arrivent-en-espagne\/\" \/>\n<meta property=\"og:site_name\" content=\"Pressenza\" \/>\n<meta property=\"article:publisher\" content=\"https:\/\/www.facebook.com\/PressenzaItalia\" \/>\n<meta property=\"article:author\" content=\"https:\/\/www.facebook.com\/pressenza\" \/>\n<meta property=\"article:published_time\" content=\"2018-11-20T20:18:38+00:00\" \/>\n<meta property=\"og:image\" content=\"https:\/\/www.pressenza.com\/wp-content\/uploads\/2018\/11\/Ricardo-Lucero.jpg\" \/>\n\t<meta property=\"og:image:width\" content=\"1000\" \/>\n\t<meta property=\"og:image:height\" content=\"588\" \/>\n\t<meta property=\"og:image:type\" content=\"image\/jpeg\" \/>\n<meta name=\"author\" content=\"Redacci\u00f3n Madrid\" \/>\n<meta name=\"twitter:card\" content=\"summary_large_image\" \/>\n<meta name=\"twitter:creator\" content=\"@pressenza\" \/>\n<meta name=\"twitter:site\" content=\"@PressenzaIPA\" \/>\n<meta name=\"twitter:label1\" content=\"\u00c9crit par\" \/>\n\t<meta name=\"twitter:data1\" content=\"Redacci\u00f3n Madrid\" \/>\n\t<meta name=\"twitter:label2\" content=\"Dur\u00e9e de lecture estim\u00e9e\" \/>\n\t<meta name=\"twitter:data2\" content=\"6 minutes\" \/>\n<script type=\"application\/ld+json\" class=\"yoast-schema-graph\">{\"@context\":\"https:\/\/schema.org\",\"@graph\":[{\"@type\":\"Article\",\"@id\":\"https:\/\/www.pressenza.com\/fr\/2018\/11\/les-conseils-permanents-pour-la-nonviolence-active-arrivent-en-espagne\/#article\",\"isPartOf\":{\"@id\":\"https:\/\/www.pressenza.com\/fr\/2018\/11\/les-conseils-permanents-pour-la-nonviolence-active-arrivent-en-espagne\/\"},\"author\":{\"name\":\"Redacci\u00f3n Madrid\",\"@id\":\"https:\/\/www.pressenza.com\/fr\/#\/schema\/person\/828fc40eeca2ad7be3630e5a46adba94\"},\"headline\":\"Les conseils permanents pour la nonviolence active arrivent en Espagne\",\"datePublished\":\"2018-11-20T20:18:38+00:00\",\"mainEntityOfPage\":{\"@id\":\"https:\/\/www.pressenza.com\/fr\/2018\/11\/les-conseils-permanents-pour-la-nonviolence-active-arrivent-en-espagne\/\"},\"wordCount\":1174,\"publisher\":{\"@id\":\"https:\/\/www.pressenza.com\/fr\/#organization\"},\"image\":{\"@id\":\"https:\/\/www.pressenza.com\/fr\/2018\/11\/les-conseils-permanents-pour-la-nonviolence-active-arrivent-en-espagne\/#primaryimage\"},\"thumbnailUrl\":\"https:\/\/www.pressenza.com\/wp-content\/uploads\/2018\/11\/Ricardo-Lucero.jpg\",\"keywords\":[\"conseils permanents pour la nonviolence active\",\"Espagne\",\"Forum mondial sur la violence urbaine\",\"Madrid\",\"non-violence\",\"Paix\"],\"articleSection\":[\"Contenu Original\",\"Interviews\",\"Non-violence\"],\"inLanguage\":\"fr-FR\"},{\"@type\":\"WebPage\",\"@id\":\"https:\/\/www.pressenza.com\/fr\/2018\/11\/les-conseils-permanents-pour-la-nonviolence-active-arrivent-en-espagne\/\",\"url\":\"https:\/\/www.pressenza.com\/fr\/2018\/11\/les-conseils-permanents-pour-la-nonviolence-active-arrivent-en-espagne\/\",\"name\":\"Les conseils permanents pour la nonviolence active arrivent en Espagne\",\"isPartOf\":{\"@id\":\"https:\/\/www.pressenza.com\/fr\/#website\"},\"primaryImageOfPage\":{\"@id\":\"https:\/\/www.pressenza.com\/fr\/2018\/11\/les-conseils-permanents-pour-la-nonviolence-active-arrivent-en-espagne\/#primaryimage\"},\"image\":{\"@id\":\"https:\/\/www.pressenza.com\/fr\/2018\/11\/les-conseils-permanents-pour-la-nonviolence-active-arrivent-en-espagne\/#primaryimage\"},\"thumbnailUrl\":\"https:\/\/www.pressenza.com\/wp-content\/uploads\/2018\/11\/Ricardo-Lucero.jpg\",\"datePublished\":\"2018-11-20T20:18:38+00:00\",\"description\":\"Nous avons rencontr\u00e9 Ricardo Lucero, argentin et membre des conseils permanents pour la nonviolence active. C\u2019est un projet qui a d\u00e9j\u00e0 plus de quinze ans\",\"breadcrumb\":{\"@id\":\"https:\/\/www.pressenza.com\/fr\/2018\/11\/les-conseils-permanents-pour-la-nonviolence-active-arrivent-en-espagne\/#breadcrumb\"},\"inLanguage\":\"fr-FR\",\"potentialAction\":[{\"@type\":\"ReadAction\",\"target\":[\"https:\/\/www.pressenza.com\/fr\/2018\/11\/les-conseils-permanents-pour-la-nonviolence-active-arrivent-en-espagne\/\"]}]},{\"@type\":\"ImageObject\",\"inLanguage\":\"fr-FR\",\"@id\":\"https:\/\/www.pressenza.com\/fr\/2018\/11\/les-conseils-permanents-pour-la-nonviolence-active-arrivent-en-espagne\/#primaryimage\",\"url\":\"https:\/\/www.pressenza.com\/wp-content\/uploads\/2018\/11\/Ricardo-Lucero.jpg\",\"contentUrl\":\"https:\/\/www.pressenza.com\/wp-content\/uploads\/2018\/11\/Ricardo-Lucero.jpg\",\"width\":1000,\"height\":588},{\"@type\":\"BreadcrumbList\",\"@id\":\"https:\/\/www.pressenza.com\/fr\/2018\/11\/les-conseils-permanents-pour-la-nonviolence-active-arrivent-en-espagne\/#breadcrumb\",\"itemListElement\":[{\"@type\":\"ListItem\",\"position\":1,\"name\":\"Accueil\",\"item\":\"https:\/\/www.pressenza.com\/fr\/\"},{\"@type\":\"ListItem\",\"position\":2,\"name\":\"Les conseils permanents pour la nonviolence active arrivent en Espagne\"}]},{\"@type\":\"WebSite\",\"@id\":\"https:\/\/www.pressenza.com\/fr\/#website\",\"url\":\"https:\/\/www.pressenza.com\/fr\/\",\"name\":\"Pressenza\",\"description\":\"International Press Agency\",\"publisher\":{\"@id\":\"https:\/\/www.pressenza.com\/fr\/#organization\"},\"potentialAction\":[{\"@type\":\"SearchAction\",\"target\":{\"@type\":\"EntryPoint\",\"urlTemplate\":\"https:\/\/www.pressenza.com\/fr\/?s={search_term_string}\"},\"query-input\":{\"@type\":\"PropertyValueSpecification\",\"valueRequired\":true,\"valueName\":\"search_term_string\"}}],\"inLanguage\":\"fr-FR\"},{\"@type\":\"Organization\",\"@id\":\"https:\/\/www.pressenza.com\/fr\/#organization\",\"name\":\"Pressenza\",\"url\":\"https:\/\/www.pressenza.com\/fr\/\",\"logo\":{\"@type\":\"ImageObject\",\"inLanguage\":\"fr-FR\",\"@id\":\"https:\/\/www.pressenza.com\/fr\/#\/schema\/logo\/image\/\",\"url\":\"https:\/\/www.pressenza.com\/wp-content\/uploads\/2022\/10\/pressenza_logo_200x200.jpg\",\"contentUrl\":\"https:\/\/www.pressenza.com\/wp-content\/uploads\/2022\/10\/pressenza_logo_200x200.jpg\",\"width\":200,\"height\":200,\"caption\":\"Pressenza\"},\"image\":{\"@id\":\"https:\/\/www.pressenza.com\/fr\/#\/schema\/logo\/image\/\"},\"sameAs\":[\"https:\/\/www.facebook.com\/PressenzaItalia\",\"https:\/\/x.com\/PressenzaIPA\"]},{\"@type\":\"Person\",\"@id\":\"https:\/\/www.pressenza.com\/fr\/#\/schema\/person\/828fc40eeca2ad7be3630e5a46adba94\",\"name\":\"Redacci\u00f3n Madrid\",\"description\":\"News from the Pressenza Bureau in Madrid, Spain\",\"sameAs\":[\"https:\/\/www.facebook.com\/pressenza\",\"https:\/\/x.com\/pressenza\"],\"url\":\"https:\/\/www.pressenza.com\/fr\/author\/redaccion-madrid\/\"}]}<\/script>\n<!-- \/ Yoast SEO plugin. -->","yoast_head_json":{"title":"Les conseils permanents pour la nonviolence active arrivent en Espagne","description":"Nous avons rencontr\u00e9 Ricardo Lucero, argentin et membre des conseils permanents pour la nonviolence active. C\u2019est un projet qui a d\u00e9j\u00e0 plus de quinze ans","robots":{"index":"index","follow":"follow","max-snippet":"max-snippet:-1","max-image-preview":"max-image-preview:large","max-video-preview":"max-video-preview:-1"},"canonical":"https:\/\/www.pressenza.com\/fr\/2018\/11\/les-conseils-permanents-pour-la-nonviolence-active-arrivent-en-espagne\/","og_locale":"fr_FR","og_type":"article","og_title":"Les conseils permanents pour la nonviolence active arrivent en Espagne","og_description":"Nous avons rencontr\u00e9 Ricardo Lucero, argentin et membre des conseils permanents pour la nonviolence active. C\u2019est un projet qui a d\u00e9j\u00e0 plus de quinze ans","og_url":"https:\/\/www.pressenza.com\/fr\/2018\/11\/les-conseils-permanents-pour-la-nonviolence-active-arrivent-en-espagne\/","og_site_name":"Pressenza","article_publisher":"https:\/\/www.facebook.com\/PressenzaItalia","article_author":"https:\/\/www.facebook.com\/pressenza","article_published_time":"2018-11-20T20:18:38+00:00","og_image":[{"width":1000,"height":588,"url":"https:\/\/www.pressenza.com\/wp-content\/uploads\/2018\/11\/Ricardo-Lucero.jpg","type":"image\/jpeg"}],"author":"Redacci\u00f3n Madrid","twitter_card":"summary_large_image","twitter_creator":"@pressenza","twitter_site":"@PressenzaIPA","twitter_misc":{"\u00c9crit par":"Redacci\u00f3n Madrid","Dur\u00e9e de lecture estim\u00e9e":"6 minutes"},"schema":{"@context":"https:\/\/schema.org","@graph":[{"@type":"Article","@id":"https:\/\/www.pressenza.com\/fr\/2018\/11\/les-conseils-permanents-pour-la-nonviolence-active-arrivent-en-espagne\/#article","isPartOf":{"@id":"https:\/\/www.pressenza.com\/fr\/2018\/11\/les-conseils-permanents-pour-la-nonviolence-active-arrivent-en-espagne\/"},"author":{"name":"Redacci\u00f3n Madrid","@id":"https:\/\/www.pressenza.com\/fr\/#\/schema\/person\/828fc40eeca2ad7be3630e5a46adba94"},"headline":"Les conseils permanents pour la nonviolence active arrivent en Espagne","datePublished":"2018-11-20T20:18:38+00:00","mainEntityOfPage":{"@id":"https:\/\/www.pressenza.com\/fr\/2018\/11\/les-conseils-permanents-pour-la-nonviolence-active-arrivent-en-espagne\/"},"wordCount":1174,"publisher":{"@id":"https:\/\/www.pressenza.com\/fr\/#organization"},"image":{"@id":"https:\/\/www.pressenza.com\/fr\/2018\/11\/les-conseils-permanents-pour-la-nonviolence-active-arrivent-en-espagne\/#primaryimage"},"thumbnailUrl":"https:\/\/www.pressenza.com\/wp-content\/uploads\/2018\/11\/Ricardo-Lucero.jpg","keywords":["conseils permanents pour la nonviolence active","Espagne","Forum mondial sur la violence urbaine","Madrid","non-violence","Paix"],"articleSection":["Contenu Original","Interviews","Non-violence"],"inLanguage":"fr-FR"},{"@type":"WebPage","@id":"https:\/\/www.pressenza.com\/fr\/2018\/11\/les-conseils-permanents-pour-la-nonviolence-active-arrivent-en-espagne\/","url":"https:\/\/www.pressenza.com\/fr\/2018\/11\/les-conseils-permanents-pour-la-nonviolence-active-arrivent-en-espagne\/","name":"Les conseils permanents pour la nonviolence active arrivent en Espagne","isPartOf":{"@id":"https:\/\/www.pressenza.com\/fr\/#website"},"primaryImageOfPage":{"@id":"https:\/\/www.pressenza.com\/fr\/2018\/11\/les-conseils-permanents-pour-la-nonviolence-active-arrivent-en-espagne\/#primaryimage"},"image":{"@id":"https:\/\/www.pressenza.com\/fr\/2018\/11\/les-conseils-permanents-pour-la-nonviolence-active-arrivent-en-espagne\/#primaryimage"},"thumbnailUrl":"https:\/\/www.pressenza.com\/wp-content\/uploads\/2018\/11\/Ricardo-Lucero.jpg","datePublished":"2018-11-20T20:18:38+00:00","description":"Nous avons rencontr\u00e9 Ricardo Lucero, argentin et membre des conseils permanents pour la nonviolence active. C\u2019est un projet qui a d\u00e9j\u00e0 plus de quinze ans","breadcrumb":{"@id":"https:\/\/www.pressenza.com\/fr\/2018\/11\/les-conseils-permanents-pour-la-nonviolence-active-arrivent-en-espagne\/#breadcrumb"},"inLanguage":"fr-FR","potentialAction":[{"@type":"ReadAction","target":["https:\/\/www.pressenza.com\/fr\/2018\/11\/les-conseils-permanents-pour-la-nonviolence-active-arrivent-en-espagne\/"]}]},{"@type":"ImageObject","inLanguage":"fr-FR","@id":"https:\/\/www.pressenza.com\/fr\/2018\/11\/les-conseils-permanents-pour-la-nonviolence-active-arrivent-en-espagne\/#primaryimage","url":"https:\/\/www.pressenza.com\/wp-content\/uploads\/2018\/11\/Ricardo-Lucero.jpg","contentUrl":"https:\/\/www.pressenza.com\/wp-content\/uploads\/2018\/11\/Ricardo-Lucero.jpg","width":1000,"height":588},{"@type":"BreadcrumbList","@id":"https:\/\/www.pressenza.com\/fr\/2018\/11\/les-conseils-permanents-pour-la-nonviolence-active-arrivent-en-espagne\/#breadcrumb","itemListElement":[{"@type":"ListItem","position":1,"name":"Accueil","item":"https:\/\/www.pressenza.com\/fr\/"},{"@type":"ListItem","position":2,"name":"Les conseils permanents pour la nonviolence active arrivent en Espagne"}]},{"@type":"WebSite","@id":"https:\/\/www.pressenza.com\/fr\/#website","url":"https:\/\/www.pressenza.com\/fr\/","name":"Pressenza","description":"International Press Agency","publisher":{"@id":"https:\/\/www.pressenza.com\/fr\/#organization"},"potentialAction":[{"@type":"SearchAction","target":{"@type":"EntryPoint","urlTemplate":"https:\/\/www.pressenza.com\/fr\/?s={search_term_string}"},"query-input":{"@type":"PropertyValueSpecification","valueRequired":true,"valueName":"search_term_string"}}],"inLanguage":"fr-FR"},{"@type":"Organization","@id":"https:\/\/www.pressenza.com\/fr\/#organization","name":"Pressenza","url":"https:\/\/www.pressenza.com\/fr\/","logo":{"@type":"ImageObject","inLanguage":"fr-FR","@id":"https:\/\/www.pressenza.com\/fr\/#\/schema\/logo\/image\/","url":"https:\/\/www.pressenza.com\/wp-content\/uploads\/2022\/10\/pressenza_logo_200x200.jpg","contentUrl":"https:\/\/www.pressenza.com\/wp-content\/uploads\/2022\/10\/pressenza_logo_200x200.jpg","width":200,"height":200,"caption":"Pressenza"},"image":{"@id":"https:\/\/www.pressenza.com\/fr\/#\/schema\/logo\/image\/"},"sameAs":["https:\/\/www.facebook.com\/PressenzaItalia","https:\/\/x.com\/PressenzaIPA"]},{"@type":"Person","@id":"https:\/\/www.pressenza.com\/fr\/#\/schema\/person\/828fc40eeca2ad7be3630e5a46adba94","name":"Redacci\u00f3n Madrid","description":"News from the Pressenza Bureau in Madrid, Spain","sameAs":["https:\/\/www.facebook.com\/pressenza","https:\/\/x.com\/pressenza"],"url":"https:\/\/www.pressenza.com\/fr\/author\/redaccion-madrid\/"}]}},"place":"Madrid","original_article_url":"","_links":{"self":[{"href":"https:\/\/www.pressenza.com\/fr\/wp-json\/wp\/v2\/posts\/758526","targetHints":{"allow":["GET"]}}],"collection":[{"href":"https:\/\/www.pressenza.com\/fr\/wp-json\/wp\/v2\/posts"}],"about":[{"href":"https:\/\/www.pressenza.com\/fr\/wp-json\/wp\/v2\/types\/post"}],"author":[{"embeddable":true,"href":"https:\/\/www.pressenza.com\/fr\/wp-json\/wp\/v2\/users\/94"}],"replies":[{"embeddable":true,"href":"https:\/\/www.pressenza.com\/fr\/wp-json\/wp\/v2\/comments?post=758526"}],"version-history":[{"count":0,"href":"https:\/\/www.pressenza.com\/fr\/wp-json\/wp\/v2\/posts\/758526\/revisions"}],"wp:featuredmedia":[{"embeddable":true,"href":"https:\/\/www.pressenza.com\/fr\/wp-json\/wp\/v2\/media\/751371"}],"wp:attachment":[{"href":"https:\/\/www.pressenza.com\/fr\/wp-json\/wp\/v2\/media?parent=758526"}],"wp:term":[{"taxonomy":"category","embeddable":true,"href":"https:\/\/www.pressenza.com\/fr\/wp-json\/wp\/v2\/categories?post=758526"},{"taxonomy":"post_tag","embeddable":true,"href":"https:\/\/www.pressenza.com\/fr\/wp-json\/wp\/v2\/tags?post=758526"}],"curies":[{"name":"wp","href":"https:\/\/api.w.org\/{rel}","templated":true}]}}