{"id":756252,"date":"2018-11-16T22:54:41","date_gmt":"2018-11-16T22:54:41","guid":{"rendered":"https:\/\/www.pressenza.com\/?p=756252"},"modified":"2018-11-16T23:13:28","modified_gmt":"2018-11-16T23:13:28","slug":"ch-koulouri-la-reconciliation-entre-les-peuples-ne-peut-etre-realisee-ni-par-le-silence-ni-par-les-distorsions","status":"publish","type":"post","link":"https:\/\/www.pressenza.com\/fr\/2018\/11\/ch-koulouri-la-reconciliation-entre-les-peuples-ne-peut-etre-realisee-ni-par-le-silence-ni-par-les-distorsions\/","title":{"rendered":"Ch. Koulouri : la r\u00e9conciliation entre les peuples ne peut \u00eatre r\u00e9alis\u00e9e ni par le silence ni par les distorsions"},"content":{"rendered":"<p><em>Comment enseigne-t-on l&rsquo;histoire de la guerre dans l&rsquo;apr\u00e8s-guerre ?<\/em><\/p>\n<p><em>La r\u00e9conciliation est-elle impossible ?<\/em><\/p>\n<p>Lors de l&rsquo;\u00e9v\u00e9nement de deux jours, les 9 et 10 novembre, intitul\u00e9 \u00a0\u00bb <a href=\"https:\/\/www.facebook.com\/events\/1862120753837024\/\">Clio va \u00e0 l&rsquo;\u00e9cole<\/a> <em>\u00ab\u00a0<\/em>, organis\u00e9 par le Groupe pour l&rsquo;enseignement de l&rsquo;histoire en Gr\u00e8ce, j&rsquo;ai eu l&rsquo;occasion de suivre la contribution de <a href=\"http:\/\/polhist.panteion.gr\/index.php\/el\/prosopiko\/2016-06-25-13-24-41\/meli-dep\/107-didaktiko-erevnitiko-prosopiko\/118-xristina-kouloyri\">Christina Koulouri<\/a>, professeur d&rsquo;histoire moderne et contemporaine \u00e0 l&rsquo;Universit\u00e9 Panteion. Elle a pr\u00e9sent\u00e9 un <a href=\"http:\/\/www.cdrsee.org\/\">mat\u00e9riel p\u00e9dagogique<\/a> commun qui vise \u00e0 aider l&rsquo;enseignement de l&rsquo;histoire dans tous les pays des Balkans, efforts qui ont commenc\u00e9 lorsque les guerres en Yougoslavie ont pris fin, \u00e0 une \u00e9poque o\u00f9 les souvenirs de guerre \u00e9taient tr\u00e8s frais, et le r\u00e9sultat a \u00e9t\u00e9 achev\u00e9 et publi\u00e9 en 2016.<\/p>\n<p>Ch. Koulouri a commenc\u00e9 sa pr\u00e9sentation avec les mots suivants : \u00ab\u00a0<em>Nous vivons en temps de paix, mais l&rsquo;enseignement de l&rsquo;histoire tourne autour des guerres. Certains \u00e9v\u00e9nements sont tr\u00e8s lointains, comme les guerres des Balkans, mais d&rsquo;autres sont plus proches de nous, comme notre guerre civile. L&rsquo;exp\u00e9rience martiale dans toutes ses versions laisse des signes profonds dans les soci\u00e9t\u00e9s, qui se transmettent de g\u00e9n\u00e9ration en g\u00e9n\u00e9ration. La m\u00e9moire de la guerre est le principe organisationnel autour duquel se forment de nombreuses identit\u00e9s collectives. Dans le cas des Balkans, c&rsquo;est encore plus puissant. Quand on parle historiquement du XXe si\u00e8cle, on parle de guerres. Nous partons des Balkans, nous allons \u00e0 la Premi\u00e8re Guerre mondiale, puis \u00e0 l&rsquo;Entre-deux-guerres, \u00e0 la Seconde Guerre mondiale, \u00e0 la Guerre froide, etc.\u00a0\u00bb<\/em><\/p>\n<p>Une <a href=\"http:\/\/www.cdrsee.org\/projects\/education-projects\/joint-history-project\/editors-source-committee-members-contributors\">centaine d&rsquo;historiens<\/a> qui enseignent \u00e0 des niveaux de scolarit\u00e9 diff\u00e9rents et venant de pays \u00ab\u00a0hostiles\u00a0\u00bb ou rivaux se sont assis \u00e0 la m\u00eame table, ils ont parl\u00e9 et fini par raconter le pass\u00e9 commun. Le r\u00e9sultat de leur travail a \u00e9t\u00e9 traduit en 9 langues, \u00e9galement en grec, et est disponible <a href=\"http:\/\/www.cdrsee.org\/publications\/education\">gratuitement sur Internet<\/a>. Il contient des collections de sources de tous les pays des Balkans, couvre tous les chapitres de l&rsquo;enseignement de l&rsquo;histoire commune et constitue un manuel que les enseignants peuvent utiliser dans tous les pays des Balkans.<\/p>\n<p>\u00ab\u00a0<em>Est-il possible de d\u00e9passer la narration ethnocentrique ? Comment enseigner les \u00e9v\u00e9nements conflictuels et controvers\u00e9s dans des soci\u00e9t\u00e9s qui viennent de conna\u00eetre des guerres sanglantes, des g\u00e9nocides, des massacres et des d\u00e9placements ?<\/em>\u00a0\u00bb a dit Mme. Koulouri. Nous entendons g\u00e9n\u00e9ralement dire que ce n&rsquo;est pas possible et qu&rsquo;il faut s&rsquo;\u00e9loigner des faits pour avoir la tranquillit\u00e9 d&rsquo;esprit dont nous avons besoin pour n\u00e9gocier, ou que le silence est pr\u00e9f\u00e9rable.<\/p>\n<p>Et elle poursuit : \u00ab\u00a0L&rsquo;histoire cr\u00e9e l&rsquo;identit\u00e9. Ceci ne peut \u00eatre ignor\u00e9 ou contredit. La question est de savoir ce que l&rsquo;identit\u00e9 fa\u00e7onne, comment l&rsquo;enseigner pour construire un citoyen moderne. Les guerres sont interpr\u00e9t\u00e9es dans l&rsquo;enseignement comme faisant partie d&rsquo;un r\u00e9cit ethnocentrique. Ces approches ethnocentriques sont pratiqu\u00e9es par toutes les soci\u00e9t\u00e9s, notre pays ne fait pas exception. Les exp\u00e9riences traumatisantes des guerres stigmatisent le pr\u00e9sent et cr\u00e9ent des souvenirs partag\u00e9s. Principalement du c\u00f4t\u00e9 des victimes, nous entendons parler du \u00ab\u00a0devoir de m\u00e9moire\u00a0\u00bb, nous devons nous rappeler pourquoi nous reconnaissons la douleur et l&rsquo;exp\u00e9rience traumatique des victimes de cette fa\u00e7on. Ainsi, dans la sph\u00e8re publique, des \u00ab\u00a0guerres de m\u00e9moire\u00a0\u00bb sont men\u00e9es et il y a un abus politique du pass\u00e9 et de l&rsquo;histoire par les gouvernements et les partis\u00a0\u00bb.<\/p>\n<p><strong>Le r\u00f4le de l&rsquo;\u00e9cole et le manuel scolaire<\/strong><\/p>\n<p>\u00ab\u00a0<em>Le manuel scolaire est trait\u00e9 comme un &lsquo;\u00e9vangile&rsquo; qui doit contenir la \u00ab\u00a0v\u00e9rit\u00e9 ultime\u00a0\u00bb, de sorte que ses auteurs sont aussi la cible d&rsquo;attaques et de critiques. L&rsquo;\u00e9cole peut contribuer \u00e0 la reproduction du conflit si elle cache les c\u00f4t\u00e9s sombres du pass\u00e9 et favorise une interpr\u00e9tation unilat\u00e9rale des \u00e9v\u00e9nements. Il y a une exp\u00e9rience qui a \u00e9t\u00e9 discut\u00e9e sur le r\u00f4le de l&rsquo;\u00e9cole entre deux guerres, si elle cultivait essentiellement la haine envers son prochain. L&rsquo;autre aspect est de savoir si l&rsquo;enseignement de l&rsquo;histoire peut, en parlant de conflits, contribuer \u00e0 la r\u00e9conciliation. Avancerons-nous dans la r\u00e9conciliation, et alors l&rsquo;histoire de l&rsquo;enseignement sera-t-elle r\u00e9organis\u00e9e ? ou utiliserons-nous l&rsquo;enseignement de l&rsquo;histoire pour arriver \u00e0 la r\u00e9conciliation ? \u00ab\u00a0<\/em>\u00a0a demand\u00e9 Mme Koulouri.<\/p>\n<p><strong>Quelques dilemmes et l&rsquo;exemple d&rsquo;une approche commune de la guerre en Yougoslavie<\/strong><\/p>\n<p>Le premier dilemme concerne la relation entre les victimes et les auteurs des violences : faut-il pardonner aux auteurs afin de parvenir \u00e0 la r\u00e9conciliation, ou la justice est-elle plus importante ?<\/p>\n<p>Les nouvelles g\u00e9n\u00e9rations devraient-elles apprendre \u00e0 conna\u00eetre leur pass\u00e9 et se r\u00e9concilier avec ce que leurs parents, grands-m\u00e8res et grands-p\u00e8res ont fait ?<\/p>\n<p>Faut-il se souvenir ou oublier les \u00e9v\u00e9nements traumatisants de l&rsquo;enseignement de l&rsquo;histoire ?<\/p>\n<p><a href=\"https:\/\/www.pressenza.com\/el\/2018\/11\/x-koulouri-i-simfiliosi-metaxi-laon-den-mporei-na-epitefxhei-oute-me-siopes-oute-me-diastrevloseis\/statistics-balkans\/\" rel=\"attachment wp-att-753325\"><img loading=\"lazy\" decoding=\"async\" class=\"size-large wp-image-753325 alignnone\" src=\"https:\/\/www.pressenza.com\/wp-content\/uploads\/2018\/11\/statistics-balkans-720x540.jpg\" sizes=\"auto, (max-width: 720px) 100vw, 720px\" srcset=\"https:\/\/www.pressenza.com\/wp-content\/uploads\/2018\/11\/statistics-balkans-720x540.jpg 720w, https:\/\/www.pressenza.com\/wp-content\/uploads\/2018\/11\/statistics-balkans-300x225.jpg 300w, https:\/\/www.pressenza.com\/wp-content\/uploads\/2018\/11\/statistics-balkans-768x576.jpg 768w\" alt=\"\" width=\"720\" height=\"540\" data-pagespeed-url-hash=\"1003669791\" \/><\/a><\/p>\n<p>Prenant l&rsquo;exemple de la guerre en Yougoslavie, Ch. Koulouri a expliqu\u00e9 comment ce th\u00e8me a \u00e9t\u00e9 abord\u00e9e dans la tentative conjointe de centaines d&rsquo;historiens de tous les pays des Balkans. D&rsquo;un c\u00f4t\u00e9, les guerres, les batailles, le \u00ab\u00a0r\u00e9el\u00a0\u00bb, comme les historiens appellent les \u00e9v\u00e9nements historiques. Mais d&rsquo;autre part, l&rsquo;exp\u00e9rience humaine, la fa\u00e7on dont les soci\u00e9t\u00e9s ont v\u00e9cu la guerre, en particulier les enfants, la face sombre de la guerre, c&rsquo;est-\u00e0-dire les r\u00e9fugi\u00e9s partout, le nettoyage ethnique, la destruction des monuments et des lieux de culte, les mouvements anti-guerre de l&rsquo;\u00e9poque.<\/p>\n<p>Elle a conclu en disant :\u00a0\u00a0\u00bb\u00a0<em>Nous devons incorporer les aspects mentionn\u00e9s ci-dessus dans le r\u00e9cit h\u00e9g\u00e9monique de l&rsquo;histoire, c&rsquo;est-\u00e0-dire, changer le r\u00e9cit des conflits. C&rsquo;est une strat\u00e9gie n\u00e9cessaire dans la pens\u00e9e historique pour surmonter l&rsquo;ethnocentrisme et reconna\u00eetre la diversit\u00e9. En ce qui concerne la m\u00e9moire, le choix n&rsquo;est pas entre se souvenir ou oublier, entre la m\u00e9moire ou l&rsquo;oubli, car l&rsquo;oubli n&rsquo;est pas quelque chose que nous pouvons choisir. Le choix r\u00e9side dans les diff\u00e9rentes fa\u00e7ons de se souvenir. La r\u00e9conciliation ne peut \u00eatre r\u00e9alis\u00e9e ni par le silence, ni par des distorsions. La m\u00e9moire est vivante, m\u00eame sous le voile du silence, surtout lorsqu&rsquo;il y a eu un pass\u00e9 violent r\u00e9cent. L&rsquo;\u00e9ducation \u00e0 l&rsquo;histoire doit entreprendre la t\u00e2che difficile d&rsquo;enseigner les guerres et les conflits pour apprendre aux nouvelles g\u00e9n\u00e9rations \u00e0 faire face \u00e0 leur sombre pass\u00e9. L&rsquo;enseignement de l&rsquo;histoire ne peut \u00eatre efficace et convaincant que s&rsquo;il int\u00e8gre des exp\u00e9riences traumatisantes et r\u00e9pond \u00e0 des exp\u00e9riences du conflit \u00ab\u00a0.<\/em><\/p>\n","protected":false},"excerpt":{"rendered":"<p>Comment enseigne-t-on l&rsquo;histoire de la guerre dans l&rsquo;apr\u00e8s-guerre ? La r\u00e9conciliation est-elle impossible ? Lors de l&rsquo;\u00e9v\u00e9nement de deux jours, les 9 et 10 novembre, intitul\u00e9 \u00a0\u00bb Clio va \u00e0 l&rsquo;\u00e9cole \u00ab\u00a0, organis\u00e9 par le Groupe pour l&rsquo;enseignement de l&rsquo;histoire&hellip;<\/p>\n","protected":false},"author":1203,"featured_media":756729,"comment_status":"closed","ping_status":"closed","sticky":false,"template":"","format":"standard","meta":{"footnotes":""},"categories":[11386,1249,95],"tags":[51865,51866,51867,2728,51772,4405,51868,7304,2663],"class_list":["post-756252","post","type-post","status-publish","format-standard","has-post-thumbnail","hentry","category-contenu-original","category-education-sujet","category-affaires-etrangeres","tag-balkans","tag-christina-koulouri","tag-groupes-ethniques","tag-histoire","tag-koulouri","tag-memoire","tag-mouvements-anti-guerre","tag-oubli","tag-reconciliation"],"yoast_head":"<!-- This site is optimized with the Yoast SEO plugin v27.1.1 - https:\/\/yoast.com\/product\/yoast-seo-wordpress\/ -->\n<title>Ch. Koulouri : la r\u00e9conciliation entre les peuples ne peut \u00eatre r\u00e9alis\u00e9e ni par le silence ni par les distorsions<\/title>\n<meta name=\"description\" content=\"Comment enseigne-t-on l&#039;histoire de la guerre dans l&#039;apr\u00e8s-guerre ? La r\u00e9conciliation est-elle impossible ? Lors de l&#039;\u00e9v\u00e9nement de deux jours, les 9 et 10\" \/>\n<meta name=\"robots\" content=\"index, follow, max-snippet:-1, max-image-preview:large, max-video-preview:-1\" \/>\n<link rel=\"canonical\" href=\"https:\/\/www.pressenza.com\/fr\/2018\/11\/ch-koulouri-la-reconciliation-entre-les-peuples-ne-peut-etre-realisee-ni-par-le-silence-ni-par-les-distorsions\/\" \/>\n<meta property=\"og:locale\" content=\"fr_FR\" \/>\n<meta property=\"og:type\" content=\"article\" \/>\n<meta property=\"og:title\" content=\"Ch. Koulouri : la r\u00e9conciliation entre les peuples ne peut \u00eatre r\u00e9alis\u00e9e ni par le silence ni par les distorsions\" \/>\n<meta property=\"og:description\" content=\"Comment enseigne-t-on l&#039;histoire de la guerre dans l&#039;apr\u00e8s-guerre ? La r\u00e9conciliation est-elle impossible ? Lors de l&#039;\u00e9v\u00e9nement de deux jours, les 9 et 10\" \/>\n<meta property=\"og:url\" content=\"https:\/\/www.pressenza.com\/fr\/2018\/11\/ch-koulouri-la-reconciliation-entre-les-peuples-ne-peut-etre-realisee-ni-par-le-silence-ni-par-les-distorsions\/\" \/>\n<meta property=\"og:site_name\" content=\"Pressenza\" \/>\n<meta property=\"article:publisher\" content=\"https:\/\/www.facebook.com\/PressenzaItalia\" \/>\n<meta property=\"article:author\" content=\"https:\/\/www.facebook.com\/marianella.kloka?fref=ts\" \/>\n<meta property=\"article:published_time\" content=\"2018-11-16T22:54:41+00:00\" \/>\n<meta property=\"article:modified_time\" content=\"2018-11-16T23:13:28+00:00\" \/>\n<meta property=\"og:image\" content=\"https:\/\/www.pressenza.com\/wp-content\/uploads\/2018\/11\/Ch.-Koulouri-la-r--conciliation-entre-les-peuples-ne-peut---tre-r--alis--e-ni-par-le-silence-ni-par-les-distorsions.jpg\" \/>\n\t<meta property=\"og:image:width\" content=\"750\" \/>\n\t<meta property=\"og:image:height\" content=\"486\" \/>\n\t<meta property=\"og:image:type\" content=\"image\/jpeg\" \/>\n<meta name=\"author\" content=\"Marianella Kloka\" \/>\n<meta name=\"twitter:card\" content=\"summary_large_image\" \/>\n<meta name=\"twitter:creator\" content=\"@MarianellaKloka\" \/>\n<meta name=\"twitter:site\" content=\"@PressenzaIPA\" \/>\n<meta name=\"twitter:label1\" content=\"\u00c9crit par\" \/>\n\t<meta name=\"twitter:data1\" content=\"Marianella Kloka\" \/>\n\t<meta name=\"twitter:label2\" content=\"Dur\u00e9e de lecture estim\u00e9e\" \/>\n\t<meta name=\"twitter:data2\" content=\"5 minutes\" \/>\n<script type=\"application\/ld+json\" class=\"yoast-schema-graph\">{\"@context\":\"https:\/\/schema.org\",\"@graph\":[{\"@type\":\"Article\",\"@id\":\"https:\/\/www.pressenza.com\/fr\/2018\/11\/ch-koulouri-la-reconciliation-entre-les-peuples-ne-peut-etre-realisee-ni-par-le-silence-ni-par-les-distorsions\/#article\",\"isPartOf\":{\"@id\":\"https:\/\/www.pressenza.com\/fr\/2018\/11\/ch-koulouri-la-reconciliation-entre-les-peuples-ne-peut-etre-realisee-ni-par-le-silence-ni-par-les-distorsions\/\"},\"author\":{\"name\":\"Marianella Kloka\",\"@id\":\"https:\/\/www.pressenza.com\/fr\/#\/schema\/person\/2f6926fff5b90a0637b85437f24cbfe9\"},\"headline\":\"Ch. Koulouri : la r\u00e9conciliation entre les peuples ne peut \u00eatre r\u00e9alis\u00e9e ni par le silence ni par les distorsions\",\"datePublished\":\"2018-11-16T22:54:41+00:00\",\"dateModified\":\"2018-11-16T23:13:28+00:00\",\"mainEntityOfPage\":{\"@id\":\"https:\/\/www.pressenza.com\/fr\/2018\/11\/ch-koulouri-la-reconciliation-entre-les-peuples-ne-peut-etre-realisee-ni-par-le-silence-ni-par-les-distorsions\/\"},\"wordCount\":1164,\"publisher\":{\"@id\":\"https:\/\/www.pressenza.com\/fr\/#organization\"},\"image\":{\"@id\":\"https:\/\/www.pressenza.com\/fr\/2018\/11\/ch-koulouri-la-reconciliation-entre-les-peuples-ne-peut-etre-realisee-ni-par-le-silence-ni-par-les-distorsions\/#primaryimage\"},\"thumbnailUrl\":\"https:\/\/www.pressenza.com\/wp-content\/uploads\/2018\/11\/Ch.-Koulouri-la-r--conciliation-entre-les-peuples-ne-peut---tre-r--alis--e-ni-par-le-silence-ni-par-les-distorsions.jpg\",\"keywords\":[\"Balkans\",\"Christina Koulouri\",\"groupes ethniques\",\"histoire\",\"Koulouri\",\"m\u00e9moire\",\"mouvements anti-guerre\",\"oubli\",\"r\u00e9conciliation\"],\"articleSection\":[\"Contenu Original\",\"Education\",\"Relations internationales\"],\"inLanguage\":\"fr-FR\"},{\"@type\":\"WebPage\",\"@id\":\"https:\/\/www.pressenza.com\/fr\/2018\/11\/ch-koulouri-la-reconciliation-entre-les-peuples-ne-peut-etre-realisee-ni-par-le-silence-ni-par-les-distorsions\/\",\"url\":\"https:\/\/www.pressenza.com\/fr\/2018\/11\/ch-koulouri-la-reconciliation-entre-les-peuples-ne-peut-etre-realisee-ni-par-le-silence-ni-par-les-distorsions\/\",\"name\":\"Ch. Koulouri : la r\u00e9conciliation entre les peuples ne peut \u00eatre r\u00e9alis\u00e9e ni par le silence ni par les distorsions\",\"isPartOf\":{\"@id\":\"https:\/\/www.pressenza.com\/fr\/#website\"},\"primaryImageOfPage\":{\"@id\":\"https:\/\/www.pressenza.com\/fr\/2018\/11\/ch-koulouri-la-reconciliation-entre-les-peuples-ne-peut-etre-realisee-ni-par-le-silence-ni-par-les-distorsions\/#primaryimage\"},\"image\":{\"@id\":\"https:\/\/www.pressenza.com\/fr\/2018\/11\/ch-koulouri-la-reconciliation-entre-les-peuples-ne-peut-etre-realisee-ni-par-le-silence-ni-par-les-distorsions\/#primaryimage\"},\"thumbnailUrl\":\"https:\/\/www.pressenza.com\/wp-content\/uploads\/2018\/11\/Ch.-Koulouri-la-r--conciliation-entre-les-peuples-ne-peut---tre-r--alis--e-ni-par-le-silence-ni-par-les-distorsions.jpg\",\"datePublished\":\"2018-11-16T22:54:41+00:00\",\"dateModified\":\"2018-11-16T23:13:28+00:00\",\"description\":\"Comment enseigne-t-on l'histoire de la guerre dans l'apr\u00e8s-guerre ? La r\u00e9conciliation est-elle impossible ? Lors de l'\u00e9v\u00e9nement de deux jours, les 9 et 10\",\"breadcrumb\":{\"@id\":\"https:\/\/www.pressenza.com\/fr\/2018\/11\/ch-koulouri-la-reconciliation-entre-les-peuples-ne-peut-etre-realisee-ni-par-le-silence-ni-par-les-distorsions\/#breadcrumb\"},\"inLanguage\":\"fr-FR\",\"potentialAction\":[{\"@type\":\"ReadAction\",\"target\":[\"https:\/\/www.pressenza.com\/fr\/2018\/11\/ch-koulouri-la-reconciliation-entre-les-peuples-ne-peut-etre-realisee-ni-par-le-silence-ni-par-les-distorsions\/\"]}]},{\"@type\":\"ImageObject\",\"inLanguage\":\"fr-FR\",\"@id\":\"https:\/\/www.pressenza.com\/fr\/2018\/11\/ch-koulouri-la-reconciliation-entre-les-peuples-ne-peut-etre-realisee-ni-par-le-silence-ni-par-les-distorsions\/#primaryimage\",\"url\":\"https:\/\/www.pressenza.com\/wp-content\/uploads\/2018\/11\/Ch.-Koulouri-la-r--conciliation-entre-les-peuples-ne-peut---tre-r--alis--e-ni-par-le-silence-ni-par-les-distorsions.jpg\",\"contentUrl\":\"https:\/\/www.pressenza.com\/wp-content\/uploads\/2018\/11\/Ch.-Koulouri-la-r--conciliation-entre-les-peuples-ne-peut---tre-r--alis--e-ni-par-le-silence-ni-par-les-distorsions.jpg\",\"width\":750,\"height\":486},{\"@type\":\"BreadcrumbList\",\"@id\":\"https:\/\/www.pressenza.com\/fr\/2018\/11\/ch-koulouri-la-reconciliation-entre-les-peuples-ne-peut-etre-realisee-ni-par-le-silence-ni-par-les-distorsions\/#breadcrumb\",\"itemListElement\":[{\"@type\":\"ListItem\",\"position\":1,\"name\":\"Accueil\",\"item\":\"https:\/\/www.pressenza.com\/fr\/\"},{\"@type\":\"ListItem\",\"position\":2,\"name\":\"Ch. Koulouri : la r\u00e9conciliation entre les peuples ne peut \u00eatre r\u00e9alis\u00e9e ni par le silence ni par les distorsions\"}]},{\"@type\":\"WebSite\",\"@id\":\"https:\/\/www.pressenza.com\/fr\/#website\",\"url\":\"https:\/\/www.pressenza.com\/fr\/\",\"name\":\"Pressenza\",\"description\":\"International Press Agency\",\"publisher\":{\"@id\":\"https:\/\/www.pressenza.com\/fr\/#organization\"},\"potentialAction\":[{\"@type\":\"SearchAction\",\"target\":{\"@type\":\"EntryPoint\",\"urlTemplate\":\"https:\/\/www.pressenza.com\/fr\/?s={search_term_string}\"},\"query-input\":{\"@type\":\"PropertyValueSpecification\",\"valueRequired\":true,\"valueName\":\"search_term_string\"}}],\"inLanguage\":\"fr-FR\"},{\"@type\":\"Organization\",\"@id\":\"https:\/\/www.pressenza.com\/fr\/#organization\",\"name\":\"Pressenza\",\"url\":\"https:\/\/www.pressenza.com\/fr\/\",\"logo\":{\"@type\":\"ImageObject\",\"inLanguage\":\"fr-FR\",\"@id\":\"https:\/\/www.pressenza.com\/fr\/#\/schema\/logo\/image\/\",\"url\":\"https:\/\/www.pressenza.com\/wp-content\/uploads\/2022\/10\/pressenza_logo_200x200.jpg\",\"contentUrl\":\"https:\/\/www.pressenza.com\/wp-content\/uploads\/2022\/10\/pressenza_logo_200x200.jpg\",\"width\":200,\"height\":200,\"caption\":\"Pressenza\"},\"image\":{\"@id\":\"https:\/\/www.pressenza.com\/fr\/#\/schema\/logo\/image\/\"},\"sameAs\":[\"https:\/\/www.facebook.com\/PressenzaItalia\",\"https:\/\/x.com\/PressenzaIPA\"]},{\"@type\":\"Person\",\"@id\":\"https:\/\/www.pressenza.com\/fr\/#\/schema\/person\/2f6926fff5b90a0637b85437f24cbfe9\",\"name\":\"Marianella Kloka\",\"description\":\"Marianella Kloka is a 50 years old woman, living in Athens, Greece. She has been a member of the Humanist Movement since 1990 and she is a founding member of World without Wars and Violence in Greece. Currently she works as an advocacy officer for the NGO PRAKSIS. Politics, human rights, scripts, audiovisuals. Twitter: @MarianellaKloka | Facebook: marianella.kloka\",\"sameAs\":[\"https:\/\/www.facebook.com\/marianella.kloka?fref=ts\",\"https:\/\/x.com\/MarianellaKloka\"],\"url\":\"https:\/\/www.pressenza.com\/fr\/author\/marianella-kloka\/\"}]}<\/script>\n<!-- \/ Yoast SEO plugin. -->","yoast_head_json":{"title":"Ch. Koulouri : la r\u00e9conciliation entre les peuples ne peut \u00eatre r\u00e9alis\u00e9e ni par le silence ni par les distorsions","description":"Comment enseigne-t-on l'histoire de la guerre dans l'apr\u00e8s-guerre ? La r\u00e9conciliation est-elle impossible ? Lors de l'\u00e9v\u00e9nement de deux jours, les 9 et 10","robots":{"index":"index","follow":"follow","max-snippet":"max-snippet:-1","max-image-preview":"max-image-preview:large","max-video-preview":"max-video-preview:-1"},"canonical":"https:\/\/www.pressenza.com\/fr\/2018\/11\/ch-koulouri-la-reconciliation-entre-les-peuples-ne-peut-etre-realisee-ni-par-le-silence-ni-par-les-distorsions\/","og_locale":"fr_FR","og_type":"article","og_title":"Ch. Koulouri : la r\u00e9conciliation entre les peuples ne peut \u00eatre r\u00e9alis\u00e9e ni par le silence ni par les distorsions","og_description":"Comment enseigne-t-on l'histoire de la guerre dans l'apr\u00e8s-guerre ? La r\u00e9conciliation est-elle impossible ? Lors de l'\u00e9v\u00e9nement de deux jours, les 9 et 10","og_url":"https:\/\/www.pressenza.com\/fr\/2018\/11\/ch-koulouri-la-reconciliation-entre-les-peuples-ne-peut-etre-realisee-ni-par-le-silence-ni-par-les-distorsions\/","og_site_name":"Pressenza","article_publisher":"https:\/\/www.facebook.com\/PressenzaItalia","article_author":"https:\/\/www.facebook.com\/marianella.kloka?fref=ts","article_published_time":"2018-11-16T22:54:41+00:00","article_modified_time":"2018-11-16T23:13:28+00:00","og_image":[{"width":750,"height":486,"url":"https:\/\/www.pressenza.com\/wp-content\/uploads\/2018\/11\/Ch.-Koulouri-la-r--conciliation-entre-les-peuples-ne-peut---tre-r--alis--e-ni-par-le-silence-ni-par-les-distorsions.jpg","type":"image\/jpeg"}],"author":"Marianella Kloka","twitter_card":"summary_large_image","twitter_creator":"@MarianellaKloka","twitter_site":"@PressenzaIPA","twitter_misc":{"\u00c9crit par":"Marianella Kloka","Dur\u00e9e de lecture estim\u00e9e":"5 minutes"},"schema":{"@context":"https:\/\/schema.org","@graph":[{"@type":"Article","@id":"https:\/\/www.pressenza.com\/fr\/2018\/11\/ch-koulouri-la-reconciliation-entre-les-peuples-ne-peut-etre-realisee-ni-par-le-silence-ni-par-les-distorsions\/#article","isPartOf":{"@id":"https:\/\/www.pressenza.com\/fr\/2018\/11\/ch-koulouri-la-reconciliation-entre-les-peuples-ne-peut-etre-realisee-ni-par-le-silence-ni-par-les-distorsions\/"},"author":{"name":"Marianella Kloka","@id":"https:\/\/www.pressenza.com\/fr\/#\/schema\/person\/2f6926fff5b90a0637b85437f24cbfe9"},"headline":"Ch. Koulouri : la r\u00e9conciliation entre les peuples ne peut \u00eatre r\u00e9alis\u00e9e ni par le silence ni par les distorsions","datePublished":"2018-11-16T22:54:41+00:00","dateModified":"2018-11-16T23:13:28+00:00","mainEntityOfPage":{"@id":"https:\/\/www.pressenza.com\/fr\/2018\/11\/ch-koulouri-la-reconciliation-entre-les-peuples-ne-peut-etre-realisee-ni-par-le-silence-ni-par-les-distorsions\/"},"wordCount":1164,"publisher":{"@id":"https:\/\/www.pressenza.com\/fr\/#organization"},"image":{"@id":"https:\/\/www.pressenza.com\/fr\/2018\/11\/ch-koulouri-la-reconciliation-entre-les-peuples-ne-peut-etre-realisee-ni-par-le-silence-ni-par-les-distorsions\/#primaryimage"},"thumbnailUrl":"https:\/\/www.pressenza.com\/wp-content\/uploads\/2018\/11\/Ch.-Koulouri-la-r--conciliation-entre-les-peuples-ne-peut---tre-r--alis--e-ni-par-le-silence-ni-par-les-distorsions.jpg","keywords":["Balkans","Christina Koulouri","groupes ethniques","histoire","Koulouri","m\u00e9moire","mouvements anti-guerre","oubli","r\u00e9conciliation"],"articleSection":["Contenu Original","Education","Relations internationales"],"inLanguage":"fr-FR"},{"@type":"WebPage","@id":"https:\/\/www.pressenza.com\/fr\/2018\/11\/ch-koulouri-la-reconciliation-entre-les-peuples-ne-peut-etre-realisee-ni-par-le-silence-ni-par-les-distorsions\/","url":"https:\/\/www.pressenza.com\/fr\/2018\/11\/ch-koulouri-la-reconciliation-entre-les-peuples-ne-peut-etre-realisee-ni-par-le-silence-ni-par-les-distorsions\/","name":"Ch. Koulouri : la r\u00e9conciliation entre les peuples ne peut \u00eatre r\u00e9alis\u00e9e ni par le silence ni par les distorsions","isPartOf":{"@id":"https:\/\/www.pressenza.com\/fr\/#website"},"primaryImageOfPage":{"@id":"https:\/\/www.pressenza.com\/fr\/2018\/11\/ch-koulouri-la-reconciliation-entre-les-peuples-ne-peut-etre-realisee-ni-par-le-silence-ni-par-les-distorsions\/#primaryimage"},"image":{"@id":"https:\/\/www.pressenza.com\/fr\/2018\/11\/ch-koulouri-la-reconciliation-entre-les-peuples-ne-peut-etre-realisee-ni-par-le-silence-ni-par-les-distorsions\/#primaryimage"},"thumbnailUrl":"https:\/\/www.pressenza.com\/wp-content\/uploads\/2018\/11\/Ch.-Koulouri-la-r--conciliation-entre-les-peuples-ne-peut---tre-r--alis--e-ni-par-le-silence-ni-par-les-distorsions.jpg","datePublished":"2018-11-16T22:54:41+00:00","dateModified":"2018-11-16T23:13:28+00:00","description":"Comment enseigne-t-on l'histoire de la guerre dans l'apr\u00e8s-guerre ? La r\u00e9conciliation est-elle impossible ? Lors de l'\u00e9v\u00e9nement de deux jours, les 9 et 10","breadcrumb":{"@id":"https:\/\/www.pressenza.com\/fr\/2018\/11\/ch-koulouri-la-reconciliation-entre-les-peuples-ne-peut-etre-realisee-ni-par-le-silence-ni-par-les-distorsions\/#breadcrumb"},"inLanguage":"fr-FR","potentialAction":[{"@type":"ReadAction","target":["https:\/\/www.pressenza.com\/fr\/2018\/11\/ch-koulouri-la-reconciliation-entre-les-peuples-ne-peut-etre-realisee-ni-par-le-silence-ni-par-les-distorsions\/"]}]},{"@type":"ImageObject","inLanguage":"fr-FR","@id":"https:\/\/www.pressenza.com\/fr\/2018\/11\/ch-koulouri-la-reconciliation-entre-les-peuples-ne-peut-etre-realisee-ni-par-le-silence-ni-par-les-distorsions\/#primaryimage","url":"https:\/\/www.pressenza.com\/wp-content\/uploads\/2018\/11\/Ch.-Koulouri-la-r--conciliation-entre-les-peuples-ne-peut---tre-r--alis--e-ni-par-le-silence-ni-par-les-distorsions.jpg","contentUrl":"https:\/\/www.pressenza.com\/wp-content\/uploads\/2018\/11\/Ch.-Koulouri-la-r--conciliation-entre-les-peuples-ne-peut---tre-r--alis--e-ni-par-le-silence-ni-par-les-distorsions.jpg","width":750,"height":486},{"@type":"BreadcrumbList","@id":"https:\/\/www.pressenza.com\/fr\/2018\/11\/ch-koulouri-la-reconciliation-entre-les-peuples-ne-peut-etre-realisee-ni-par-le-silence-ni-par-les-distorsions\/#breadcrumb","itemListElement":[{"@type":"ListItem","position":1,"name":"Accueil","item":"https:\/\/www.pressenza.com\/fr\/"},{"@type":"ListItem","position":2,"name":"Ch. Koulouri : la r\u00e9conciliation entre les peuples ne peut \u00eatre r\u00e9alis\u00e9e ni par le silence ni par les distorsions"}]},{"@type":"WebSite","@id":"https:\/\/www.pressenza.com\/fr\/#website","url":"https:\/\/www.pressenza.com\/fr\/","name":"Pressenza","description":"International Press Agency","publisher":{"@id":"https:\/\/www.pressenza.com\/fr\/#organization"},"potentialAction":[{"@type":"SearchAction","target":{"@type":"EntryPoint","urlTemplate":"https:\/\/www.pressenza.com\/fr\/?s={search_term_string}"},"query-input":{"@type":"PropertyValueSpecification","valueRequired":true,"valueName":"search_term_string"}}],"inLanguage":"fr-FR"},{"@type":"Organization","@id":"https:\/\/www.pressenza.com\/fr\/#organization","name":"Pressenza","url":"https:\/\/www.pressenza.com\/fr\/","logo":{"@type":"ImageObject","inLanguage":"fr-FR","@id":"https:\/\/www.pressenza.com\/fr\/#\/schema\/logo\/image\/","url":"https:\/\/www.pressenza.com\/wp-content\/uploads\/2022\/10\/pressenza_logo_200x200.jpg","contentUrl":"https:\/\/www.pressenza.com\/wp-content\/uploads\/2022\/10\/pressenza_logo_200x200.jpg","width":200,"height":200,"caption":"Pressenza"},"image":{"@id":"https:\/\/www.pressenza.com\/fr\/#\/schema\/logo\/image\/"},"sameAs":["https:\/\/www.facebook.com\/PressenzaItalia","https:\/\/x.com\/PressenzaIPA"]},{"@type":"Person","@id":"https:\/\/www.pressenza.com\/fr\/#\/schema\/person\/2f6926fff5b90a0637b85437f24cbfe9","name":"Marianella Kloka","description":"Marianella Kloka is a 50 years old woman, living in Athens, Greece. She has been a member of the Humanist Movement since 1990 and she is a founding member of World without Wars and Violence in Greece. Currently she works as an advocacy officer for the NGO PRAKSIS. Politics, human rights, scripts, audiovisuals. Twitter: @MarianellaKloka | Facebook: marianella.kloka","sameAs":["https:\/\/www.facebook.com\/marianella.kloka?fref=ts","https:\/\/x.com\/MarianellaKloka"],"url":"https:\/\/www.pressenza.com\/fr\/author\/marianella-kloka\/"}]}},"place":"Gr\u00e8ce","original_article_url":"","_links":{"self":[{"href":"https:\/\/www.pressenza.com\/fr\/wp-json\/wp\/v2\/posts\/756252","targetHints":{"allow":["GET"]}}],"collection":[{"href":"https:\/\/www.pressenza.com\/fr\/wp-json\/wp\/v2\/posts"}],"about":[{"href":"https:\/\/www.pressenza.com\/fr\/wp-json\/wp\/v2\/types\/post"}],"author":[{"embeddable":true,"href":"https:\/\/www.pressenza.com\/fr\/wp-json\/wp\/v2\/users\/1203"}],"replies":[{"embeddable":true,"href":"https:\/\/www.pressenza.com\/fr\/wp-json\/wp\/v2\/comments?post=756252"}],"version-history":[{"count":0,"href":"https:\/\/www.pressenza.com\/fr\/wp-json\/wp\/v2\/posts\/756252\/revisions"}],"wp:featuredmedia":[{"embeddable":true,"href":"https:\/\/www.pressenza.com\/fr\/wp-json\/wp\/v2\/media\/756729"}],"wp:attachment":[{"href":"https:\/\/www.pressenza.com\/fr\/wp-json\/wp\/v2\/media?parent=756252"}],"wp:term":[{"taxonomy":"category","embeddable":true,"href":"https:\/\/www.pressenza.com\/fr\/wp-json\/wp\/v2\/categories?post=756252"},{"taxonomy":"post_tag","embeddable":true,"href":"https:\/\/www.pressenza.com\/fr\/wp-json\/wp\/v2\/tags?post=756252"}],"curies":[{"name":"wp","href":"https:\/\/api.w.org\/{rel}","templated":true}]}}