{"id":751141,"date":"2018-11-06T05:12:45","date_gmt":"2018-11-06T05:12:45","guid":{"rendered":"https:\/\/www.pressenza.com\/?p=751141"},"modified":"2018-11-06T05:12:45","modified_gmt":"2018-11-06T05:12:45","slug":"7eme-foire-dinitiatives-nonviolentes-a-quito-equateur","status":"publish","type":"post","link":"https:\/\/www.pressenza.com\/fr\/2018\/11\/7eme-foire-dinitiatives-nonviolentes-a-quito-equateur\/","title":{"rendered":"7\u00e8me Foire d&rsquo;Initiatives Nonviolentes \u00e0 Quito, Equateur"},"content":{"rendered":"<p>Plus de 15 organisations qui d\u00e9veloppent des activit\u00e9s, des projets et des initiatives dans le cadre de la nonviolence active, de la construction d&rsquo;une culture de la paix, de la non-discrimination et du respect de la diversit\u00e9 se sont r\u00e9unies sur le boulevard des Nations Unies dans la ville de Quito, le samedi 27 octobre dernier pour la <a href=\"https:\/\/www.facebook.com\/pg\/OctubreNoViolento\/photos\/?tab=album&amp;album_id=1280912142051279&amp;__tn__=-UC-R\">7\u00e8me Foire des Initiatives Nonviolentes<\/a>, qui est une des activit\u00e9s embl\u00e9matiques r\u00e9alis\u00e9es dans ce que l&rsquo;on appelle l&rsquo;Octobre Nonviolent.<\/p>\n<p><iframe loading=\"lazy\" title=\"7ma Feria de Iniciativas NoViolentas (Quito, Ecuador)\" width=\"500\" height=\"281\" src=\"https:\/\/www.youtube.com\/embed\/UuzKhUOE1Po?feature=oembed\" frameborder=\"0\" allow=\"accelerometer; autoplay; clipboard-write; encrypted-media; gyroscope; picture-in-picture; web-share\" referrerpolicy=\"strict-origin-when-cross-origin\" allowfullscreen><\/iframe><\/p>\n<p><a href=\"https:\/\/noviolento.wordpress.com\/\">Octobre NonViolent<\/a>\u00a0a r\u00e9uni des collectifs et des organisations de 14 villes qui ont lanc\u00e9 plus de 100 initiatives entre la derni\u00e8re semaine de septembre et tout le mois d&rsquo;octobre qui s&rsquo;est termin\u00e9 il y a quelques jours.<\/p>\n<p>Les images suivantes sont un petit \u00e9chantillon de ce qui a \u00e9t\u00e9 fait dans cette foire d&rsquo;initiatives nonviolentes.<\/p>\n<p><img loading=\"lazy\" decoding=\"async\" class=\"aligncenter size-large wp-image-750472\" src=\"https:\/\/www.pressenza.com\/wp-content\/uploads\/2018\/11\/ONV-pressenza01-720x540.jpg\" alt=\"\" width=\"720\" height=\"540\" srcset=\"https:\/\/www.pressenza.com\/wp-content\/uploads\/2018\/11\/ONV-pressenza01-720x540.jpg 720w, https:\/\/www.pressenza.com\/wp-content\/uploads\/2018\/11\/ONV-pressenza01-300x225.jpg 300w, https:\/\/www.pressenza.com\/wp-content\/uploads\/2018\/11\/ONV-pressenza01-768x576.jpg 768w, https:\/\/www.pressenza.com\/wp-content\/uploads\/2018\/11\/ONV-pressenza01.jpg 1500w\" sizes=\"auto, (max-width: 720px) 100vw, 720px\" \/><\/p>\n<p><img loading=\"lazy\" decoding=\"async\" class=\"aligncenter size-large wp-image-750481\" src=\"https:\/\/www.pressenza.com\/wp-content\/uploads\/2018\/11\/ONV-pressenza02-720x540.jpg\" alt=\"\" width=\"720\" height=\"540\" srcset=\"https:\/\/www.pressenza.com\/wp-content\/uploads\/2018\/11\/ONV-pressenza02-720x540.jpg 720w, https:\/\/www.pressenza.com\/wp-content\/uploads\/2018\/11\/ONV-pressenza02-300x225.jpg 300w, https:\/\/www.pressenza.com\/wp-content\/uploads\/2018\/11\/ONV-pressenza02-768x576.jpg 768w, https:\/\/www.pressenza.com\/wp-content\/uploads\/2018\/11\/ONV-pressenza02.jpg 1500w\" sizes=\"auto, (max-width: 720px) 100vw, 720px\" \/><\/p>\n<p><img loading=\"lazy\" decoding=\"async\" class=\"aligncenter size-large wp-image-750490\" src=\"https:\/\/www.pressenza.com\/wp-content\/uploads\/2018\/11\/ONV-pressenza03-720x540.jpg\" alt=\"\" width=\"720\" height=\"540\" srcset=\"https:\/\/www.pressenza.com\/wp-content\/uploads\/2018\/11\/ONV-pressenza03-720x540.jpg 720w, https:\/\/www.pressenza.com\/wp-content\/uploads\/2018\/11\/ONV-pressenza03-300x225.jpg 300w, https:\/\/www.pressenza.com\/wp-content\/uploads\/2018\/11\/ONV-pressenza03-768x576.jpg 768w, https:\/\/www.pressenza.com\/wp-content\/uploads\/2018\/11\/ONV-pressenza03.jpg 1500w\" sizes=\"auto, (max-width: 720px) 100vw, 720px\" \/><\/p>\n<p><img loading=\"lazy\" decoding=\"async\" class=\"aligncenter size-large wp-image-750499\" src=\"https:\/\/www.pressenza.com\/wp-content\/uploads\/2018\/11\/ONV-pressenza04-720x540.jpg\" alt=\"\" width=\"720\" height=\"540\" srcset=\"https:\/\/www.pressenza.com\/wp-content\/uploads\/2018\/11\/ONV-pressenza04-720x540.jpg 720w, https:\/\/www.pressenza.com\/wp-content\/uploads\/2018\/11\/ONV-pressenza04-300x225.jpg 300w, https:\/\/www.pressenza.com\/wp-content\/uploads\/2018\/11\/ONV-pressenza04-768x576.jpg 768w, https:\/\/www.pressenza.com\/wp-content\/uploads\/2018\/11\/ONV-pressenza04.jpg 1500w\" sizes=\"auto, (max-width: 720px) 100vw, 720px\" \/><\/p>\n<p><img loading=\"lazy\" decoding=\"async\" class=\"aligncenter size-large wp-image-750508\" src=\"https:\/\/www.pressenza.com\/wp-content\/uploads\/2018\/11\/ONV-pressenza05-720x540.jpg\" alt=\"\" width=\"720\" height=\"540\" srcset=\"https:\/\/www.pressenza.com\/wp-content\/uploads\/2018\/11\/ONV-pressenza05-720x540.jpg 720w, https:\/\/www.pressenza.com\/wp-content\/uploads\/2018\/11\/ONV-pressenza05-300x225.jpg 300w, https:\/\/www.pressenza.com\/wp-content\/uploads\/2018\/11\/ONV-pressenza05-768x576.jpg 768w, https:\/\/www.pressenza.com\/wp-content\/uploads\/2018\/11\/ONV-pressenza05.jpg 1500w\" sizes=\"auto, (max-width: 720px) 100vw, 720px\" \/><\/p>\n<p><img loading=\"lazy\" decoding=\"async\" class=\"aligncenter size-large wp-image-750517\" src=\"https:\/\/www.pressenza.com\/wp-content\/uploads\/2018\/11\/ONV-pressenza06-720x540.jpg\" alt=\"\" width=\"720\" height=\"540\" srcset=\"https:\/\/www.pressenza.com\/wp-content\/uploads\/2018\/11\/ONV-pressenza06-720x540.jpg 720w, https:\/\/www.pressenza.com\/wp-content\/uploads\/2018\/11\/ONV-pressenza06-300x225.jpg 300w, https:\/\/www.pressenza.com\/wp-content\/uploads\/2018\/11\/ONV-pressenza06-768x576.jpg 768w, https:\/\/www.pressenza.com\/wp-content\/uploads\/2018\/11\/ONV-pressenza06.jpg 1500w\" sizes=\"auto, (max-width: 720px) 100vw, 720px\" \/><\/p>\n<p><img loading=\"lazy\" decoding=\"async\" class=\"aligncenter size-large wp-image-750526\" src=\"https:\/\/www.pressenza.com\/wp-content\/uploads\/2018\/11\/ONV-pressenza07-720x540.jpg\" alt=\"\" width=\"720\" height=\"540\" srcset=\"https:\/\/www.pressenza.com\/wp-content\/uploads\/2018\/11\/ONV-pressenza07-720x540.jpg 720w, https:\/\/www.pressenza.com\/wp-content\/uploads\/2018\/11\/ONV-pressenza07-300x225.jpg 300w, https:\/\/www.pressenza.com\/wp-content\/uploads\/2018\/11\/ONV-pressenza07-768x576.jpg 768w, https:\/\/www.pressenza.com\/wp-content\/uploads\/2018\/11\/ONV-pressenza07.jpg 1500w\" sizes=\"auto, (max-width: 720px) 100vw, 720px\" \/><\/p>\n<p><img loading=\"lazy\" decoding=\"async\" class=\"aligncenter size-large wp-image-750535\" src=\"https:\/\/www.pressenza.com\/wp-content\/uploads\/2018\/11\/ONV-pressenza08-720x540.jpg\" alt=\"\" width=\"720\" height=\"540\" srcset=\"https:\/\/www.pressenza.com\/wp-content\/uploads\/2018\/11\/ONV-pressenza08-720x540.jpg 720w, https:\/\/www.pressenza.com\/wp-content\/uploads\/2018\/11\/ONV-pressenza08-300x225.jpg 300w, https:\/\/www.pressenza.com\/wp-content\/uploads\/2018\/11\/ONV-pressenza08-768x576.jpg 768w, https:\/\/www.pressenza.com\/wp-content\/uploads\/2018\/11\/ONV-pressenza08.jpg 1500w\" sizes=\"auto, (max-width: 720px) 100vw, 720px\" \/><\/p>\n<p><img loading=\"lazy\" decoding=\"async\" class=\"aligncenter size-large wp-image-750544\" src=\"https:\/\/www.pressenza.com\/wp-content\/uploads\/2018\/11\/ONV-pressenza09-720x540.jpg\" alt=\"\" width=\"720\" height=\"540\" srcset=\"https:\/\/www.pressenza.com\/wp-content\/uploads\/2018\/11\/ONV-pressenza09-720x540.jpg 720w, https:\/\/www.pressenza.com\/wp-content\/uploads\/2018\/11\/ONV-pressenza09-300x225.jpg 300w, https:\/\/www.pressenza.com\/wp-content\/uploads\/2018\/11\/ONV-pressenza09-768x576.jpg 768w, https:\/\/www.pressenza.com\/wp-content\/uploads\/2018\/11\/ONV-pressenza09.jpg 1500w\" sizes=\"auto, (max-width: 720px) 100vw, 720px\" \/><\/p>\n<p><img loading=\"lazy\" decoding=\"async\" class=\"aligncenter size-large wp-image-750553\" src=\"https:\/\/www.pressenza.com\/wp-content\/uploads\/2018\/11\/ONV-pressenza10-720x540.jpg\" alt=\"\" width=\"720\" height=\"540\" srcset=\"https:\/\/www.pressenza.com\/wp-content\/uploads\/2018\/11\/ONV-pressenza10-720x540.jpg 720w, https:\/\/www.pressenza.com\/wp-content\/uploads\/2018\/11\/ONV-pressenza10-300x225.jpg 300w, https:\/\/www.pressenza.com\/wp-content\/uploads\/2018\/11\/ONV-pressenza10-768x576.jpg 768w, https:\/\/www.pressenza.com\/wp-content\/uploads\/2018\/11\/ONV-pressenza10.jpg 1500w\" sizes=\"auto, (max-width: 720px) 100vw, 720px\" \/><\/p>\n<p><img loading=\"lazy\" decoding=\"async\" class=\"aligncenter size-large wp-image-750562\" src=\"https:\/\/www.pressenza.com\/wp-content\/uploads\/2018\/11\/ONV-pressenza11-720x540.jpg\" alt=\"\" width=\"720\" height=\"540\" srcset=\"https:\/\/www.pressenza.com\/wp-content\/uploads\/2018\/11\/ONV-pressenza11-720x540.jpg 720w, https:\/\/www.pressenza.com\/wp-content\/uploads\/2018\/11\/ONV-pressenza11-300x225.jpg 300w, https:\/\/www.pressenza.com\/wp-content\/uploads\/2018\/11\/ONV-pressenza11-768x576.jpg 768w, https:\/\/www.pressenza.com\/wp-content\/uploads\/2018\/11\/ONV-pressenza11.jpg 1500w\" sizes=\"auto, (max-width: 720px) 100vw, 720px\" \/><\/p>\n<p><img loading=\"lazy\" decoding=\"async\" class=\"aligncenter size-large wp-image-750571\" src=\"https:\/\/www.pressenza.com\/wp-content\/uploads\/2018\/11\/ONV-pressenza12-720x540.jpg\" alt=\"\" width=\"720\" height=\"540\" srcset=\"https:\/\/www.pressenza.com\/wp-content\/uploads\/2018\/11\/ONV-pressenza12-720x540.jpg 720w, https:\/\/www.pressenza.com\/wp-content\/uploads\/2018\/11\/ONV-pressenza12-300x225.jpg 300w, https:\/\/www.pressenza.com\/wp-content\/uploads\/2018\/11\/ONV-pressenza12-768x576.jpg 768w, https:\/\/www.pressenza.com\/wp-content\/uploads\/2018\/11\/ONV-pressenza12.jpg 1500w\" sizes=\"auto, (max-width: 720px) 100vw, 720px\" \/><\/p>\n<p><img loading=\"lazy\" decoding=\"async\" class=\"aligncenter size-large wp-image-750580\" src=\"https:\/\/www.pressenza.com\/wp-content\/uploads\/2018\/11\/ONV-pressenza13-720x540.jpg\" alt=\"\" width=\"720\" height=\"540\" srcset=\"https:\/\/www.pressenza.com\/wp-content\/uploads\/2018\/11\/ONV-pressenza13-720x540.jpg 720w, https:\/\/www.pressenza.com\/wp-content\/uploads\/2018\/11\/ONV-pressenza13-300x225.jpg 300w, https:\/\/www.pressenza.com\/wp-content\/uploads\/2018\/11\/ONV-pressenza13-768x576.jpg 768w, https:\/\/www.pressenza.com\/wp-content\/uploads\/2018\/11\/ONV-pressenza13.jpg 1500w\" sizes=\"auto, (max-width: 720px) 100vw, 720px\" \/><\/p>\n<p><img loading=\"lazy\" decoding=\"async\" class=\"aligncenter size-large wp-image-750589\" src=\"https:\/\/www.pressenza.com\/wp-content\/uploads\/2018\/11\/ONV-pressenza14-720x540.jpg\" alt=\"\" width=\"720\" height=\"540\" srcset=\"https:\/\/www.pressenza.com\/wp-content\/uploads\/2018\/11\/ONV-pressenza14-720x540.jpg 720w, https:\/\/www.pressenza.com\/wp-content\/uploads\/2018\/11\/ONV-pressenza14-300x225.jpg 300w, https:\/\/www.pressenza.com\/wp-content\/uploads\/2018\/11\/ONV-pressenza14-768x576.jpg 768w, https:\/\/www.pressenza.com\/wp-content\/uploads\/2018\/11\/ONV-pressenza14.jpg 1500w\" sizes=\"auto, (max-width: 720px) 100vw, 720px\" \/><\/p>\n<p><img loading=\"lazy\" decoding=\"async\" class=\"aligncenter size-large wp-image-750598\" src=\"https:\/\/www.pressenza.com\/wp-content\/uploads\/2018\/11\/ONV-pressenza15-720x540.jpg\" alt=\"\" width=\"720\" height=\"540\" srcset=\"https:\/\/www.pressenza.com\/wp-content\/uploads\/2018\/11\/ONV-pressenza15-720x540.jpg 720w, https:\/\/www.pressenza.com\/wp-content\/uploads\/2018\/11\/ONV-pressenza15-300x225.jpg 300w, https:\/\/www.pressenza.com\/wp-content\/uploads\/2018\/11\/ONV-pressenza15-768x576.jpg 768w, https:\/\/www.pressenza.com\/wp-content\/uploads\/2018\/11\/ONV-pressenza15.jpg 1500w\" sizes=\"auto, (max-width: 720px) 100vw, 720px\" \/><\/p>\n<p><img loading=\"lazy\" decoding=\"async\" class=\"aligncenter size-large wp-image-750607\" src=\"https:\/\/www.pressenza.com\/wp-content\/uploads\/2018\/11\/ONV-pressenza16-720x540.jpg\" alt=\"\" width=\"720\" height=\"540\" srcset=\"https:\/\/www.pressenza.com\/wp-content\/uploads\/2018\/11\/ONV-pressenza16-720x540.jpg 720w, https:\/\/www.pressenza.com\/wp-content\/uploads\/2018\/11\/ONV-pressenza16-300x225.jpg 300w, https:\/\/www.pressenza.com\/wp-content\/uploads\/2018\/11\/ONV-pressenza16-768x576.jpg 768w, https:\/\/www.pressenza.com\/wp-content\/uploads\/2018\/11\/ONV-pressenza16.jpg 1500w\" sizes=\"auto, (max-width: 720px) 100vw, 720px\" \/><\/p>\n<p><img loading=\"lazy\" decoding=\"async\" class=\"aligncenter size-large wp-image-750616\" src=\"https:\/\/www.pressenza.com\/wp-content\/uploads\/2018\/11\/ONV-pressenza18-720x540.jpg\" alt=\"\" width=\"720\" height=\"540\" srcset=\"https:\/\/www.pressenza.com\/wp-content\/uploads\/2018\/11\/ONV-pressenza18-720x540.jpg 720w, https:\/\/www.pressenza.com\/wp-content\/uploads\/2018\/11\/ONV-pressenza18-300x225.jpg 300w, https:\/\/www.pressenza.com\/wp-content\/uploads\/2018\/11\/ONV-pressenza18-768x576.jpg 768w, https:\/\/www.pressenza.com\/wp-content\/uploads\/2018\/11\/ONV-pressenza18.jpg 1500w\" sizes=\"auto, (max-width: 720px) 100vw, 720px\" \/><\/p>\n","protected":false},"excerpt":{"rendered":"<p>Plus de 15 organisations qui d\u00e9veloppent des activit\u00e9s, des projets et des initiatives dans le cadre de la nonviolence active, de la construction d&rsquo;une culture de la paix, de la non-discrimination et du respect de la diversit\u00e9 se sont r\u00e9unies&hellip;<\/p>\n","protected":false},"author":487,"featured_media":750466,"comment_status":"closed","ping_status":"closed","sticky":false,"template":"","format":"standard","meta":{"footnotes":""},"categories":[86,11386,46977,1248,5700],"tags":[1637,51496,265,51497,8448],"class_list":["post-751141","post","type-post","status-publish","format-standard","has-post-thumbnail","hentry","category-amerique-du-sud","category-contenu-original","category-jeunes","category-nonviolence-sujet","category-reportages-photo","tag-equateur","tag-foire-des-initiatives-nonviolentes","tag-nonviolence","tag-octobre-nonviolent","tag-quito-fr"],"yoast_head":"<!-- This site is optimized with the Yoast SEO plugin v27.1.1 - https:\/\/yoast.com\/product\/yoast-seo-wordpress\/ -->\n<title>7\u00e8me Foire d&#039;Initiatives Nonviolentes \u00e0 Quito, Equateur<\/title>\n<meta name=\"description\" content=\"Plus de 15 organisations qui d\u00e9veloppent des activit\u00e9s, des projets et des initiatives dans le cadre de la nonviolence active, de la construction d&#039;une\" \/>\n<meta name=\"robots\" content=\"index, follow, max-snippet:-1, max-image-preview:large, max-video-preview:-1\" \/>\n<link rel=\"canonical\" href=\"https:\/\/www.pressenza.com\/fr\/2018\/11\/7eme-foire-dinitiatives-nonviolentes-a-quito-equateur\/\" \/>\n<meta property=\"og:locale\" content=\"fr_FR\" \/>\n<meta property=\"og:type\" content=\"article\" \/>\n<meta property=\"og:title\" content=\"7\u00e8me Foire d&#039;Initiatives Nonviolentes \u00e0 Quito, Equateur\" \/>\n<meta property=\"og:description\" content=\"Plus de 15 organisations qui d\u00e9veloppent des activit\u00e9s, des projets et des initiatives dans le cadre de la nonviolence active, de la construction d&#039;une\" \/>\n<meta property=\"og:url\" content=\"https:\/\/www.pressenza.com\/fr\/2018\/11\/7eme-foire-dinitiatives-nonviolentes-a-quito-equateur\/\" \/>\n<meta property=\"og:site_name\" content=\"Pressenza\" \/>\n<meta property=\"article:publisher\" content=\"https:\/\/www.facebook.com\/PressenzaItalia\" \/>\n<meta property=\"article:published_time\" content=\"2018-11-06T05:12:45+00:00\" \/>\n<meta property=\"og:image\" content=\"https:\/\/www.pressenza.com\/wp-content\/uploads\/2018\/11\/ONV-pressenza17.jpg\" \/>\n\t<meta property=\"og:image:width\" content=\"1500\" \/>\n\t<meta property=\"og:image:height\" content=\"1125\" \/>\n\t<meta property=\"og:image:type\" content=\"image\/jpeg\" \/>\n<meta name=\"author\" content=\"Walker Vizcarra\" \/>\n<meta name=\"twitter:card\" content=\"summary_large_image\" \/>\n<meta name=\"twitter:creator\" content=\"@PressenzaIPA\" \/>\n<meta name=\"twitter:site\" content=\"@PressenzaIPA\" \/>\n<meta name=\"twitter:label1\" content=\"\u00c9crit par\" \/>\n\t<meta name=\"twitter:data1\" content=\"Walker Vizcarra\" \/>\n\t<meta name=\"twitter:label2\" content=\"Dur\u00e9e de lecture estim\u00e9e\" \/>\n\t<meta name=\"twitter:data2\" content=\"1 minute\" \/>\n<script type=\"application\/ld+json\" class=\"yoast-schema-graph\">{\"@context\":\"https:\/\/schema.org\",\"@graph\":[{\"@type\":\"Article\",\"@id\":\"https:\/\/www.pressenza.com\/fr\/2018\/11\/7eme-foire-dinitiatives-nonviolentes-a-quito-equateur\/#article\",\"isPartOf\":{\"@id\":\"https:\/\/www.pressenza.com\/fr\/2018\/11\/7eme-foire-dinitiatives-nonviolentes-a-quito-equateur\/\"},\"author\":{\"name\":\"Walker Vizcarra\",\"@id\":\"https:\/\/www.pressenza.com\/fr\/#\/schema\/person\/304df3c2fe6309c2051fa9253134e415\"},\"headline\":\"7\u00e8me Foire d&rsquo;Initiatives Nonviolentes \u00e0 Quito, Equateur\",\"datePublished\":\"2018-11-06T05:12:45+00:00\",\"mainEntityOfPage\":{\"@id\":\"https:\/\/www.pressenza.com\/fr\/2018\/11\/7eme-foire-dinitiatives-nonviolentes-a-quito-equateur\/\"},\"wordCount\":161,\"publisher\":{\"@id\":\"https:\/\/www.pressenza.com\/fr\/#organization\"},\"image\":{\"@id\":\"https:\/\/www.pressenza.com\/fr\/2018\/11\/7eme-foire-dinitiatives-nonviolentes-a-quito-equateur\/#primaryimage\"},\"thumbnailUrl\":\"https:\/\/www.pressenza.com\/wp-content\/uploads\/2018\/11\/ONV-pressenza17.jpg\",\"keywords\":[\"Equateur\",\"Foire des initiatives nonviolentes\",\"nonviolence\",\"octobre Nonviolent\",\"Quito\"],\"articleSection\":[\"Am\u00e9rique du Sud\",\"Contenu Original\",\"Jeunes\",\"Non-violence\",\"Reportages photo\"],\"inLanguage\":\"fr-FR\"},{\"@type\":\"WebPage\",\"@id\":\"https:\/\/www.pressenza.com\/fr\/2018\/11\/7eme-foire-dinitiatives-nonviolentes-a-quito-equateur\/\",\"url\":\"https:\/\/www.pressenza.com\/fr\/2018\/11\/7eme-foire-dinitiatives-nonviolentes-a-quito-equateur\/\",\"name\":\"7\u00e8me Foire d'Initiatives Nonviolentes \u00e0 Quito, Equateur\",\"isPartOf\":{\"@id\":\"https:\/\/www.pressenza.com\/fr\/#website\"},\"primaryImageOfPage\":{\"@id\":\"https:\/\/www.pressenza.com\/fr\/2018\/11\/7eme-foire-dinitiatives-nonviolentes-a-quito-equateur\/#primaryimage\"},\"image\":{\"@id\":\"https:\/\/www.pressenza.com\/fr\/2018\/11\/7eme-foire-dinitiatives-nonviolentes-a-quito-equateur\/#primaryimage\"},\"thumbnailUrl\":\"https:\/\/www.pressenza.com\/wp-content\/uploads\/2018\/11\/ONV-pressenza17.jpg\",\"datePublished\":\"2018-11-06T05:12:45+00:00\",\"description\":\"Plus de 15 organisations qui d\u00e9veloppent des activit\u00e9s, des projets et des initiatives dans le cadre de la nonviolence active, de la construction d'une\",\"breadcrumb\":{\"@id\":\"https:\/\/www.pressenza.com\/fr\/2018\/11\/7eme-foire-dinitiatives-nonviolentes-a-quito-equateur\/#breadcrumb\"},\"inLanguage\":\"fr-FR\",\"potentialAction\":[{\"@type\":\"ReadAction\",\"target\":[\"https:\/\/www.pressenza.com\/fr\/2018\/11\/7eme-foire-dinitiatives-nonviolentes-a-quito-equateur\/\"]}]},{\"@type\":\"ImageObject\",\"inLanguage\":\"fr-FR\",\"@id\":\"https:\/\/www.pressenza.com\/fr\/2018\/11\/7eme-foire-dinitiatives-nonviolentes-a-quito-equateur\/#primaryimage\",\"url\":\"https:\/\/www.pressenza.com\/wp-content\/uploads\/2018\/11\/ONV-pressenza17.jpg\",\"contentUrl\":\"https:\/\/www.pressenza.com\/wp-content\/uploads\/2018\/11\/ONV-pressenza17.jpg\",\"width\":1500,\"height\":1125,\"caption\":\"Actividad de tai-ch\u00ed durante la 7ma Feria de Iniciativas No Violentas\"},{\"@type\":\"BreadcrumbList\",\"@id\":\"https:\/\/www.pressenza.com\/fr\/2018\/11\/7eme-foire-dinitiatives-nonviolentes-a-quito-equateur\/#breadcrumb\",\"itemListElement\":[{\"@type\":\"ListItem\",\"position\":1,\"name\":\"Accueil\",\"item\":\"https:\/\/www.pressenza.com\/fr\/\"},{\"@type\":\"ListItem\",\"position\":2,\"name\":\"7\u00e8me Foire d&rsquo;Initiatives Nonviolentes \u00e0 Quito, Equateur\"}]},{\"@type\":\"WebSite\",\"@id\":\"https:\/\/www.pressenza.com\/fr\/#website\",\"url\":\"https:\/\/www.pressenza.com\/fr\/\",\"name\":\"Pressenza\",\"description\":\"International Press Agency\",\"publisher\":{\"@id\":\"https:\/\/www.pressenza.com\/fr\/#organization\"},\"potentialAction\":[{\"@type\":\"SearchAction\",\"target\":{\"@type\":\"EntryPoint\",\"urlTemplate\":\"https:\/\/www.pressenza.com\/fr\/?s={search_term_string}\"},\"query-input\":{\"@type\":\"PropertyValueSpecification\",\"valueRequired\":true,\"valueName\":\"search_term_string\"}}],\"inLanguage\":\"fr-FR\"},{\"@type\":\"Organization\",\"@id\":\"https:\/\/www.pressenza.com\/fr\/#organization\",\"name\":\"Pressenza\",\"url\":\"https:\/\/www.pressenza.com\/fr\/\",\"logo\":{\"@type\":\"ImageObject\",\"inLanguage\":\"fr-FR\",\"@id\":\"https:\/\/www.pressenza.com\/fr\/#\/schema\/logo\/image\/\",\"url\":\"https:\/\/www.pressenza.com\/wp-content\/uploads\/2022\/10\/pressenza_logo_200x200.jpg\",\"contentUrl\":\"https:\/\/www.pressenza.com\/wp-content\/uploads\/2022\/10\/pressenza_logo_200x200.jpg\",\"width\":200,\"height\":200,\"caption\":\"Pressenza\"},\"image\":{\"@id\":\"https:\/\/www.pressenza.com\/fr\/#\/schema\/logo\/image\/\"},\"sameAs\":[\"https:\/\/www.facebook.com\/PressenzaItalia\",\"https:\/\/x.com\/PressenzaIPA\"]},{\"@type\":\"Person\",\"@id\":\"https:\/\/www.pressenza.com\/fr\/#\/schema\/person\/304df3c2fe6309c2051fa9253134e415\",\"name\":\"Walker Vizcarra\",\"description\":\"Ecuadorian, photographer and nonviolence activist! https:\/\/www.instagram.com\/walker.vizcarra\/\",\"url\":\"https:\/\/www.pressenza.com\/fr\/author\/walker-vizcarra\/\"}]}<\/script>\n<!-- \/ Yoast SEO plugin. -->","yoast_head_json":{"title":"7\u00e8me Foire d'Initiatives Nonviolentes \u00e0 Quito, Equateur","description":"Plus de 15 organisations qui d\u00e9veloppent des activit\u00e9s, des projets et des initiatives dans le cadre de la nonviolence active, de la construction d'une","robots":{"index":"index","follow":"follow","max-snippet":"max-snippet:-1","max-image-preview":"max-image-preview:large","max-video-preview":"max-video-preview:-1"},"canonical":"https:\/\/www.pressenza.com\/fr\/2018\/11\/7eme-foire-dinitiatives-nonviolentes-a-quito-equateur\/","og_locale":"fr_FR","og_type":"article","og_title":"7\u00e8me Foire d'Initiatives Nonviolentes \u00e0 Quito, Equateur","og_description":"Plus de 15 organisations qui d\u00e9veloppent des activit\u00e9s, des projets et des initiatives dans le cadre de la nonviolence active, de la construction d'une","og_url":"https:\/\/www.pressenza.com\/fr\/2018\/11\/7eme-foire-dinitiatives-nonviolentes-a-quito-equateur\/","og_site_name":"Pressenza","article_publisher":"https:\/\/www.facebook.com\/PressenzaItalia","article_published_time":"2018-11-06T05:12:45+00:00","og_image":[{"width":1500,"height":1125,"url":"https:\/\/www.pressenza.com\/wp-content\/uploads\/2018\/11\/ONV-pressenza17.jpg","type":"image\/jpeg"}],"author":"Walker Vizcarra","twitter_card":"summary_large_image","twitter_creator":"@PressenzaIPA","twitter_site":"@PressenzaIPA","twitter_misc":{"\u00c9crit par":"Walker Vizcarra","Dur\u00e9e de lecture estim\u00e9e":"1 minute"},"schema":{"@context":"https:\/\/schema.org","@graph":[{"@type":"Article","@id":"https:\/\/www.pressenza.com\/fr\/2018\/11\/7eme-foire-dinitiatives-nonviolentes-a-quito-equateur\/#article","isPartOf":{"@id":"https:\/\/www.pressenza.com\/fr\/2018\/11\/7eme-foire-dinitiatives-nonviolentes-a-quito-equateur\/"},"author":{"name":"Walker Vizcarra","@id":"https:\/\/www.pressenza.com\/fr\/#\/schema\/person\/304df3c2fe6309c2051fa9253134e415"},"headline":"7\u00e8me Foire d&rsquo;Initiatives Nonviolentes \u00e0 Quito, Equateur","datePublished":"2018-11-06T05:12:45+00:00","mainEntityOfPage":{"@id":"https:\/\/www.pressenza.com\/fr\/2018\/11\/7eme-foire-dinitiatives-nonviolentes-a-quito-equateur\/"},"wordCount":161,"publisher":{"@id":"https:\/\/www.pressenza.com\/fr\/#organization"},"image":{"@id":"https:\/\/www.pressenza.com\/fr\/2018\/11\/7eme-foire-dinitiatives-nonviolentes-a-quito-equateur\/#primaryimage"},"thumbnailUrl":"https:\/\/www.pressenza.com\/wp-content\/uploads\/2018\/11\/ONV-pressenza17.jpg","keywords":["Equateur","Foire des initiatives nonviolentes","nonviolence","octobre Nonviolent","Quito"],"articleSection":["Am\u00e9rique du Sud","Contenu Original","Jeunes","Non-violence","Reportages photo"],"inLanguage":"fr-FR"},{"@type":"WebPage","@id":"https:\/\/www.pressenza.com\/fr\/2018\/11\/7eme-foire-dinitiatives-nonviolentes-a-quito-equateur\/","url":"https:\/\/www.pressenza.com\/fr\/2018\/11\/7eme-foire-dinitiatives-nonviolentes-a-quito-equateur\/","name":"7\u00e8me Foire d'Initiatives Nonviolentes \u00e0 Quito, Equateur","isPartOf":{"@id":"https:\/\/www.pressenza.com\/fr\/#website"},"primaryImageOfPage":{"@id":"https:\/\/www.pressenza.com\/fr\/2018\/11\/7eme-foire-dinitiatives-nonviolentes-a-quito-equateur\/#primaryimage"},"image":{"@id":"https:\/\/www.pressenza.com\/fr\/2018\/11\/7eme-foire-dinitiatives-nonviolentes-a-quito-equateur\/#primaryimage"},"thumbnailUrl":"https:\/\/www.pressenza.com\/wp-content\/uploads\/2018\/11\/ONV-pressenza17.jpg","datePublished":"2018-11-06T05:12:45+00:00","description":"Plus de 15 organisations qui d\u00e9veloppent des activit\u00e9s, des projets et des initiatives dans le cadre de la nonviolence active, de la construction d'une","breadcrumb":{"@id":"https:\/\/www.pressenza.com\/fr\/2018\/11\/7eme-foire-dinitiatives-nonviolentes-a-quito-equateur\/#breadcrumb"},"inLanguage":"fr-FR","potentialAction":[{"@type":"ReadAction","target":["https:\/\/www.pressenza.com\/fr\/2018\/11\/7eme-foire-dinitiatives-nonviolentes-a-quito-equateur\/"]}]},{"@type":"ImageObject","inLanguage":"fr-FR","@id":"https:\/\/www.pressenza.com\/fr\/2018\/11\/7eme-foire-dinitiatives-nonviolentes-a-quito-equateur\/#primaryimage","url":"https:\/\/www.pressenza.com\/wp-content\/uploads\/2018\/11\/ONV-pressenza17.jpg","contentUrl":"https:\/\/www.pressenza.com\/wp-content\/uploads\/2018\/11\/ONV-pressenza17.jpg","width":1500,"height":1125,"caption":"Actividad de tai-ch\u00ed durante la 7ma Feria de Iniciativas No Violentas"},{"@type":"BreadcrumbList","@id":"https:\/\/www.pressenza.com\/fr\/2018\/11\/7eme-foire-dinitiatives-nonviolentes-a-quito-equateur\/#breadcrumb","itemListElement":[{"@type":"ListItem","position":1,"name":"Accueil","item":"https:\/\/www.pressenza.com\/fr\/"},{"@type":"ListItem","position":2,"name":"7\u00e8me Foire d&rsquo;Initiatives Nonviolentes \u00e0 Quito, Equateur"}]},{"@type":"WebSite","@id":"https:\/\/www.pressenza.com\/fr\/#website","url":"https:\/\/www.pressenza.com\/fr\/","name":"Pressenza","description":"International Press Agency","publisher":{"@id":"https:\/\/www.pressenza.com\/fr\/#organization"},"potentialAction":[{"@type":"SearchAction","target":{"@type":"EntryPoint","urlTemplate":"https:\/\/www.pressenza.com\/fr\/?s={search_term_string}"},"query-input":{"@type":"PropertyValueSpecification","valueRequired":true,"valueName":"search_term_string"}}],"inLanguage":"fr-FR"},{"@type":"Organization","@id":"https:\/\/www.pressenza.com\/fr\/#organization","name":"Pressenza","url":"https:\/\/www.pressenza.com\/fr\/","logo":{"@type":"ImageObject","inLanguage":"fr-FR","@id":"https:\/\/www.pressenza.com\/fr\/#\/schema\/logo\/image\/","url":"https:\/\/www.pressenza.com\/wp-content\/uploads\/2022\/10\/pressenza_logo_200x200.jpg","contentUrl":"https:\/\/www.pressenza.com\/wp-content\/uploads\/2022\/10\/pressenza_logo_200x200.jpg","width":200,"height":200,"caption":"Pressenza"},"image":{"@id":"https:\/\/www.pressenza.com\/fr\/#\/schema\/logo\/image\/"},"sameAs":["https:\/\/www.facebook.com\/PressenzaItalia","https:\/\/x.com\/PressenzaIPA"]},{"@type":"Person","@id":"https:\/\/www.pressenza.com\/fr\/#\/schema\/person\/304df3c2fe6309c2051fa9253134e415","name":"Walker Vizcarra","description":"Ecuadorian, photographer and nonviolence activist! https:\/\/www.instagram.com\/walker.vizcarra\/","url":"https:\/\/www.pressenza.com\/fr\/author\/walker-vizcarra\/"}]}},"place":"","original_article_url":"","_links":{"self":[{"href":"https:\/\/www.pressenza.com\/fr\/wp-json\/wp\/v2\/posts\/751141","targetHints":{"allow":["GET"]}}],"collection":[{"href":"https:\/\/www.pressenza.com\/fr\/wp-json\/wp\/v2\/posts"}],"about":[{"href":"https:\/\/www.pressenza.com\/fr\/wp-json\/wp\/v2\/types\/post"}],"author":[{"embeddable":true,"href":"https:\/\/www.pressenza.com\/fr\/wp-json\/wp\/v2\/users\/487"}],"replies":[{"embeddable":true,"href":"https:\/\/www.pressenza.com\/fr\/wp-json\/wp\/v2\/comments?post=751141"}],"version-history":[{"count":0,"href":"https:\/\/www.pressenza.com\/fr\/wp-json\/wp\/v2\/posts\/751141\/revisions"}],"wp:featuredmedia":[{"embeddable":true,"href":"https:\/\/www.pressenza.com\/fr\/wp-json\/wp\/v2\/media\/750466"}],"wp:attachment":[{"href":"https:\/\/www.pressenza.com\/fr\/wp-json\/wp\/v2\/media?parent=751141"}],"wp:term":[{"taxonomy":"category","embeddable":true,"href":"https:\/\/www.pressenza.com\/fr\/wp-json\/wp\/v2\/categories?post=751141"},{"taxonomy":"post_tag","embeddable":true,"href":"https:\/\/www.pressenza.com\/fr\/wp-json\/wp\/v2\/tags?post=751141"}],"curies":[{"name":"wp","href":"https:\/\/api.w.org\/{rel}","templated":true}]}}