{"id":75071,"date":"2013-11-04T05:55:49","date_gmt":"2013-11-04T05:55:49","guid":{"rendered":"http:\/\/www.pressenza.com\/?p=75071"},"modified":"2013-11-04T05:55:50","modified_gmt":"2013-11-04T05:55:50","slug":"grece-quelques-contre-verites-demonter","status":"publish","type":"post","link":"https:\/\/www.pressenza.com\/fr\/2013\/11\/grece-quelques-contre-verites-demonter\/","title":{"rendered":"Gr\u00e8ce : quelques contre-v\u00e9rit\u00e9s \u00e0 d\u00e9monter"},"content":{"rendered":"<p><strong>Par\u00a0<\/strong><b>Robin Delobel<\/b><\/p>\n<p>Il y a un mois, un rappeur grec militant antifasciste a \u00e9t\u00e9 assassin\u00e9 par des membres du parti n\u00e9onazi Aube Dor\u00e9e, en public et sans r\u00e9action des forces de l\u2019ordre. Cet \u00e9v\u00e9nement a fait la une des m\u00e9dias internationaux mais il \u00e9tait pourtant loin d\u2019\u00eatre le premier. Aube Dor\u00e9e avait d\u00e9j\u00e0 multipli\u00e9 les actions violentes contre des immigr\u00e9s et des militants de gauches ou antifascistes depuis des ann\u00e9es.<\/p>\n<div>\n<p>Soudainement le gouvernement a r\u00e9agi et a arr\u00eat\u00e9 le chef du parti, ainsi que des d\u00e9put\u00e9s et des membres d\u2019Aube Dor\u00e9e. On pourrait croire que le gouvernement entend lutter r\u00e9ellement contre l\u2019extr\u00eame droite. Pourtant, lors des discours qui suivent ces arrestations, le premier ministre ne s\u2019est pas g\u00ean\u00e9 pour pointer les extr\u00eames, comme si les partis de gauche \u00e9taient comparables aux n\u00e9onazis. Cette rh\u00e9torique est une mani\u00e8re de montrer que les partis au pouvoir, le centre gauche et la droite, sont les seuls responsables, les seuls sur qui la population peut compter.<\/p>\n<p>On entend r\u00e9guli\u00e8rement parler de la situation catastrophique v\u00e9cue par les Grecs. Elle se d\u00e9grade d\u2019ann\u00e9es en ann\u00e9es au point de se diriger vers une v\u00e9ritable crise humanitaire. Les innombrables suicides, le taux de ch\u00f4mage des jeunes (plus de 60% pour les moins de 25 ans), la proportion de personnes en-dessous du seuil de pauvret\u00e9 (20%), les enfants qui meurent avant un an, les salaires de mis\u00e8re, les ratonnades de l\u2019extr\u00eame droite contre les \u00ab\u00a0\u00e9trangers\u00a0\u00bb et les militants qui leur font face&#8230;<\/p>\n<p>Tout cela, on en entend parler, avec une impression de fatalit\u00e9 et surtout pr\u00e9sent\u00e9 comme une exception. Cette situation est encore et toujours pr\u00e9sent\u00e9e dans les m\u00e9dias g\u00e9n\u00e9ralistes comme due aux errements des Grecs, \u00e0 leurs habitudes d\u00e9pensi\u00e8res, \u00e0 l\u2019Etat qu\u2019il faut d\u00e9graisser. Ce discours on l\u2019entend aussi ici en Belgique, en France&#8230; et \u00e0 la mani\u00e8re dont les \u00e9v\u00e9nements se d\u00e9roulent, la Gr\u00e8ce est bien partie pour \u00eatre non pas une exception mais plut\u00f4t un laboratoire de ce qui se passera ailleurs en Europe.<\/p>\n<p>Il y a l\u00e0 quelques contre v\u00e9rit\u00e9s \u00e0 d\u00e9monter et le besoin est urgent de r\u00e9pondre \u00e0 ceux qui disent sans cesse que la crise de la dette est due \u00e0 un trop d\u2019\u00c9tat pour pouvoir ensuite le piller.<\/p>\n<p>Comme l\u2019a d\u00e9clar\u00e9 \u00e0 de nombreuses reprises le CADTM, la dette de la Gr\u00e8ce est en grande partie ill\u00e9gitime. Les conditionnalit\u00e9s impos\u00e9es par la Troika violent la Charte de l\u2019ONU, en faisant passer le remboursement de la dette avant le respect des droits \u00e9conomiques, sociaux et culturels. De plus, la souverainet\u00e9 du pays est compl\u00e8tement n\u00e9glig\u00e9e, le programme d\u2019aust\u00e9rit\u00e9 impos\u00e9 en 2010 par la Troika a \u00e9t\u00e9 d\u00e9cid\u00e9 sans m\u00eame consulter le Parlement.<\/p>\n<p>Plus d\u2019une fois, les m\u00e9dias ont proclam\u00e9 que la Gr\u00e8ce avait \u00e9t\u00e9 sauv\u00e9e par la Troika, notamment en 2012 lors de la restructuration de la dette grecque, que certains pr\u00e9sentaient comme une annulation.<\/p>\n<p>Cette op\u00e9ration, loin de sauver les Grecs, visait plut\u00f4t \u00e0 aider les banques priv\u00e9es (surtout les banques grecques, allemandes et fran\u00e7aises). Les cr\u00e9anciers ont accept\u00e9 de renoncer \u00e0 53,5% de leurs cr\u00e9ances, toutefois, ces titres avaient une valeur tr\u00e8s faible et ils ont re\u00e7u d\u2019autres titres bien plus s\u00fbrs en \u00e9change. Dans le m\u00eame temps, la Troika octroyait un nouveau pr\u00eat de 130 milliards. Mais qui dit pr\u00eat dit nouveaux remboursements, la population allait continuer \u00e0 \u00eatre enchain\u00e9e par la dette\u00a0! Ce pr\u00eat \u00e9tait accord\u00e9 \u00e0 condition qu\u2019il serve \u00e0 payer la dette et \u00e0 soutenir les banques. Les cr\u00e9anciers priv\u00e9s sont remplac\u00e9s par des cr\u00e9anciers publics internationaux.<\/p>\n<p>Dans une \u00e9tude r\u00e9cente, Attac montre dans quelles proportions les \u00ab\u00a0plans de sauvetage\u00a0\u00bb de l\u2019UE et du\u00a0<a href=\"http:\/\/cadtm.org\/FMI,786\" name=\"mot786_0\">FMI<\/a>\u00a0ont \u00e9t\u00e9 \u00e0 destination des banques et non de la population grecque. Sur les 206,9 milliards des 23 tranches de financement pour la Gr\u00e8ce, au moins 77% ont \u00e9t\u00e9 directement ou indirectement au secteur de la finance.<\/p>\n<p>Avant les soi-disant sauvetages, d\u2019o\u00f9 vient cette dette\u00a0? Une partie est h\u00e9rit\u00e9e de la dictature des Colonels et de leurs nombreux achats d\u2019armes aux Etats-Unis. Une autre est issue des Jeux Olympiques de 2004, budg\u00e9tis\u00e9s \u00e0 2 milliards d\u2019euros pour finalement atteindre pr\u00e8s de 15 milliards. Par ailleurs, des affaires de corruption en rapport avec les JO sont apparues dont une impliquant Siemens, multinationale allemande. Apr\u00e8s le d\u00e9clenchement de la crise de la dette, la Turquie, qui est en conflit avec la Gr\u00e8ce depuis des ann\u00e9es, a propos\u00e9 de r\u00e9duire conjointement les budgets militaires mais la France et l\u2019Allemagne ont refus\u00e9. Goldman Sachs a conseill\u00e9 l\u2019Etat grec et l\u2019a aid\u00e9 \u00e0 maquiller ses comptes pour entrer dans l\u2019union europ\u00e9enne, ce qui ne l\u2019a pas emp\u00each\u00e9 de sp\u00e9culer sur la faillite de la Gr\u00e8ce. Tout cela ajout\u00e9 aux r\u00e9gimes fiscaux en or des armateurs, de l\u2019Eglise (tr\u00e8s puissante en Gr\u00e8ce) et l\u2019\u00e9vasion fiscale pratiqu\u00e9e par les plus grandes fortunes du pays.<\/p>\n<p>Comme le dit G\u00e9rard Filoche dans un article o\u00f9 il r\u00e9pond aux propos de Christine Lagarde incitant les Grecs \u00e0 payer leurs imp\u00f4ts,\u00a0\u00ab\u00a0organisons partout des audits de la dette publique pour d\u00e9terminer publiquement, collectivement, d\u00e9mocratiquement quelle part de la dette est ill\u00e9gitime et ne doit pas faire l\u2019objet de paiement d\u2019int\u00e9r\u00eats ou de remboursement du capital.\u00a0\u00bb<\/p>\n<p>C\u2019est ce que r\u00e9clame le CADTM, un audit de la dette que ce soit en Gr\u00e8ce, en Espagne, en Belgique ou dans les pays du Sud.<\/p>\n<p><strong>Pour plus d\u2019infos, quelques sites \u00e0 consulter\u00a0:<\/strong><br \/>\n<a href=\"http:\/\/cadtm.org\/Francais\" rel=\"nofollow\">http:\/\/cadtm.org\/Francais<\/a><br \/>\n<a href=\"http:\/\/www.greekcrisis.fr\/\" rel=\"nofollow external\">http:\/\/www.greekcrisis.fr\/<\/a><br \/>\n<a href=\"http:\/\/www.audit-citoyen.org\/\" rel=\"nofollow external\">http:\/\/www.audit-citoyen.org\/<\/a><\/p>\n<p>Source :\u00a0<a href=\"http:\/\/cadtm.org\/Grece-quelques-contre-verites-a\">http:\/\/cadtm.org\/Grece-quelques-contre-verites-a<\/a><\/p>\n<\/div>\n","protected":false},"excerpt":{"rendered":"<p>Par\u00a0Robin Delobel Il y a un mois, un rappeur grec militant antifasciste a \u00e9t\u00e9 assassin\u00e9 par des membres du parti n\u00e9onazi Aube Dor\u00e9e, en public et sans r\u00e9action des forces de l\u2019ordre. Cet \u00e9v\u00e9nement a fait la une des m\u00e9dias&hellip;<\/p>\n","protected":false},"author":848,"featured_media":75072,"comment_status":"closed","ping_status":"open","sticky":false,"template":"","format":"standard","meta":{"footnotes":""},"categories":[98,100,85,40,163,95],"tags":[1707,5346,434,1225],"class_list":["post-75071","post","type-post","status-publish","format-standard","has-post-thumbnail","hentry","category-droits-de-lhomme","category-economie","category-europe-fr","category-international-fr","category-opinion-fr","category-affaires-etrangeres","tag-aube-doree","tag-fascisme","tag-grece","tag-troika-fr"],"yoast_head":"<!-- This site is optimized with the Yoast SEO plugin v27.1.1 - https:\/\/yoast.com\/product\/yoast-seo-wordpress\/ -->\n<title>Gr\u00e8ce : quelques contre-v\u00e9rit\u00e9s \u00e0 d\u00e9monter<\/title>\n<meta name=\"description\" content=\"Par\u00a0Robin Delobel Il y a un mois, un rappeur grec militant antifasciste a \u00e9t\u00e9 assassin\u00e9 par des membres du parti n\u00e9onazi Aube Dor\u00e9e, en public et sans\" \/>\n<meta name=\"robots\" content=\"index, follow, max-snippet:-1, max-image-preview:large, max-video-preview:-1\" \/>\n<link rel=\"canonical\" href=\"https:\/\/www.pressenza.com\/fr\/2013\/11\/grece-quelques-contre-verites-demonter\/\" \/>\n<meta property=\"og:locale\" content=\"fr_FR\" \/>\n<meta property=\"og:type\" content=\"article\" \/>\n<meta property=\"og:title\" content=\"Gr\u00e8ce : quelques contre-v\u00e9rit\u00e9s \u00e0 d\u00e9monter\" \/>\n<meta property=\"og:description\" content=\"Par\u00a0Robin Delobel Il y a un mois, un rappeur grec militant antifasciste a \u00e9t\u00e9 assassin\u00e9 par des membres du parti n\u00e9onazi Aube Dor\u00e9e, en public et sans\" \/>\n<meta property=\"og:url\" content=\"https:\/\/www.pressenza.com\/fr\/2013\/11\/grece-quelques-contre-verites-demonter\/\" \/>\n<meta property=\"og:site_name\" content=\"Pressenza\" \/>\n<meta property=\"article:publisher\" content=\"https:\/\/www.facebook.com\/PressenzaItalia\" \/>\n<meta property=\"article:author\" content=\"https:\/\/www.facebook.com\/CADTMNETWORK\/\" \/>\n<meta property=\"article:published_time\" content=\"2013-11-04T05:55:49+00:00\" \/>\n<meta property=\"article:modified_time\" content=\"2013-11-04T05:55:50+00:00\" \/>\n<meta property=\"og:image\" content=\"https:\/\/www.pressenza.com\/wp-content\/uploads\/2013\/11\/Gr\u00e8ce-quelques-contre-v\u00e9rit\u00e9s-\u00e0-d\u00e9monter.jpg\" \/>\n\t<meta property=\"og:image:width\" content=\"300\" \/>\n\t<meta property=\"og:image:height\" content=\"198\" \/>\n\t<meta property=\"og:image:type\" content=\"image\/jpeg\" \/>\n<meta name=\"author\" content=\"Comit\u00e9 pour l\u2019abolition des dettes ill\u00e9gitimes (CADTM)\" \/>\n<meta name=\"twitter:card\" content=\"summary_large_image\" \/>\n<meta name=\"twitter:creator\" content=\"@CADTM_int\" \/>\n<meta name=\"twitter:site\" content=\"@PressenzaIPA\" \/>\n<meta name=\"twitter:label1\" content=\"\u00c9crit par\" \/>\n\t<meta name=\"twitter:data1\" content=\"Comit\u00e9 pour l\u2019abolition des dettes ill\u00e9gitimes (CADTM)\" \/>\n\t<meta name=\"twitter:label2\" content=\"Dur\u00e9e de lecture estim\u00e9e\" \/>\n\t<meta name=\"twitter:data2\" content=\"5 minutes\" \/>\n<script type=\"application\/ld+json\" class=\"yoast-schema-graph\">{\"@context\":\"https:\/\/schema.org\",\"@graph\":[{\"@type\":\"Article\",\"@id\":\"https:\/\/www.pressenza.com\/fr\/2013\/11\/grece-quelques-contre-verites-demonter\/#article\",\"isPartOf\":{\"@id\":\"https:\/\/www.pressenza.com\/fr\/2013\/11\/grece-quelques-contre-verites-demonter\/\"},\"author\":{\"name\":\"Comit\u00e9 pour l\u2019abolition des dettes ill\u00e9gitimes (CADTM)\",\"@id\":\"https:\/\/www.pressenza.com\/fr\/#\/schema\/person\/1f570f1450b3d76e0dd919130d5851af\"},\"headline\":\"Gr\u00e8ce : quelques contre-v\u00e9rit\u00e9s \u00e0 d\u00e9monter\",\"datePublished\":\"2013-11-04T05:55:49+00:00\",\"dateModified\":\"2013-11-04T05:55:50+00:00\",\"mainEntityOfPage\":{\"@id\":\"https:\/\/www.pressenza.com\/fr\/2013\/11\/grece-quelques-contre-verites-demonter\/\"},\"wordCount\":1026,\"publisher\":{\"@id\":\"https:\/\/www.pressenza.com\/fr\/#organization\"},\"image\":{\"@id\":\"https:\/\/www.pressenza.com\/fr\/2013\/11\/grece-quelques-contre-verites-demonter\/#primaryimage\"},\"thumbnailUrl\":\"https:\/\/www.pressenza.com\/wp-content\/uploads\/2013\/11\/Gr\u00e8ce-quelques-contre-v\u00e9rit\u00e9s-\u00e0-d\u00e9monter.jpg\",\"keywords\":[\"aube dor\u00e9e\",\"fascisme\",\"Gr\u00e8ce\",\"Troika\"],\"articleSection\":[\"Droits humains\",\"Economie\",\"Europe\",\"International\",\"Opinion\",\"Relations internationales\"],\"inLanguage\":\"fr-FR\"},{\"@type\":\"WebPage\",\"@id\":\"https:\/\/www.pressenza.com\/fr\/2013\/11\/grece-quelques-contre-verites-demonter\/\",\"url\":\"https:\/\/www.pressenza.com\/fr\/2013\/11\/grece-quelques-contre-verites-demonter\/\",\"name\":\"Gr\u00e8ce : quelques contre-v\u00e9rit\u00e9s \u00e0 d\u00e9monter\",\"isPartOf\":{\"@id\":\"https:\/\/www.pressenza.com\/fr\/#website\"},\"primaryImageOfPage\":{\"@id\":\"https:\/\/www.pressenza.com\/fr\/2013\/11\/grece-quelques-contre-verites-demonter\/#primaryimage\"},\"image\":{\"@id\":\"https:\/\/www.pressenza.com\/fr\/2013\/11\/grece-quelques-contre-verites-demonter\/#primaryimage\"},\"thumbnailUrl\":\"https:\/\/www.pressenza.com\/wp-content\/uploads\/2013\/11\/Gr\u00e8ce-quelques-contre-v\u00e9rit\u00e9s-\u00e0-d\u00e9monter.jpg\",\"datePublished\":\"2013-11-04T05:55:49+00:00\",\"dateModified\":\"2013-11-04T05:55:50+00:00\",\"description\":\"Par\u00a0Robin Delobel Il y a un mois, un rappeur grec militant antifasciste a \u00e9t\u00e9 assassin\u00e9 par des membres du parti n\u00e9onazi Aube Dor\u00e9e, en public et sans\",\"breadcrumb\":{\"@id\":\"https:\/\/www.pressenza.com\/fr\/2013\/11\/grece-quelques-contre-verites-demonter\/#breadcrumb\"},\"inLanguage\":\"fr-FR\",\"potentialAction\":[{\"@type\":\"ReadAction\",\"target\":[\"https:\/\/www.pressenza.com\/fr\/2013\/11\/grece-quelques-contre-verites-demonter\/\"]}]},{\"@type\":\"ImageObject\",\"inLanguage\":\"fr-FR\",\"@id\":\"https:\/\/www.pressenza.com\/fr\/2013\/11\/grece-quelques-contre-verites-demonter\/#primaryimage\",\"url\":\"https:\/\/www.pressenza.com\/wp-content\/uploads\/2013\/11\/Gr\u00e8ce-quelques-contre-v\u00e9rit\u00e9s-\u00e0-d\u00e9monter.jpg\",\"contentUrl\":\"https:\/\/www.pressenza.com\/wp-content\/uploads\/2013\/11\/Gr\u00e8ce-quelques-contre-v\u00e9rit\u00e9s-\u00e0-d\u00e9monter.jpg\",\"width\":300,\"height\":198},{\"@type\":\"BreadcrumbList\",\"@id\":\"https:\/\/www.pressenza.com\/fr\/2013\/11\/grece-quelques-contre-verites-demonter\/#breadcrumb\",\"itemListElement\":[{\"@type\":\"ListItem\",\"position\":1,\"name\":\"Accueil\",\"item\":\"https:\/\/www.pressenza.com\/fr\/\"},{\"@type\":\"ListItem\",\"position\":2,\"name\":\"Gr\u00e8ce : quelques contre-v\u00e9rit\u00e9s \u00e0 d\u00e9monter\"}]},{\"@type\":\"WebSite\",\"@id\":\"https:\/\/www.pressenza.com\/fr\/#website\",\"url\":\"https:\/\/www.pressenza.com\/fr\/\",\"name\":\"Pressenza\",\"description\":\"International Press Agency\",\"publisher\":{\"@id\":\"https:\/\/www.pressenza.com\/fr\/#organization\"},\"potentialAction\":[{\"@type\":\"SearchAction\",\"target\":{\"@type\":\"EntryPoint\",\"urlTemplate\":\"https:\/\/www.pressenza.com\/fr\/?s={search_term_string}\"},\"query-input\":{\"@type\":\"PropertyValueSpecification\",\"valueRequired\":true,\"valueName\":\"search_term_string\"}}],\"inLanguage\":\"fr-FR\"},{\"@type\":\"Organization\",\"@id\":\"https:\/\/www.pressenza.com\/fr\/#organization\",\"name\":\"Pressenza\",\"url\":\"https:\/\/www.pressenza.com\/fr\/\",\"logo\":{\"@type\":\"ImageObject\",\"inLanguage\":\"fr-FR\",\"@id\":\"https:\/\/www.pressenza.com\/fr\/#\/schema\/logo\/image\/\",\"url\":\"https:\/\/www.pressenza.com\/wp-content\/uploads\/2022\/10\/pressenza_logo_200x200.jpg\",\"contentUrl\":\"https:\/\/www.pressenza.com\/wp-content\/uploads\/2022\/10\/pressenza_logo_200x200.jpg\",\"width\":200,\"height\":200,\"caption\":\"Pressenza\"},\"image\":{\"@id\":\"https:\/\/www.pressenza.com\/fr\/#\/schema\/logo\/image\/\"},\"sameAs\":[\"https:\/\/www.facebook.com\/PressenzaItalia\",\"https:\/\/x.com\/PressenzaIPA\"]},{\"@type\":\"Person\",\"@id\":\"https:\/\/www.pressenza.com\/fr\/#\/schema\/person\/1f570f1450b3d76e0dd919130d5851af\",\"name\":\"Comit\u00e9 pour l\u2019abolition des dettes ill\u00e9gitimes (CADTM)\",\"sameAs\":[\"http:\/\/www.cadtm.org\/\",\"https:\/\/www.facebook.com\/CADTMNETWORK\/\",\"https:\/\/x.com\/CADTM_int\"],\"url\":\"https:\/\/www.pressenza.com\/fr\/author\/comite-pour-annulation-de-la-dette-du-tiers-mond\/\"}]}<\/script>\n<!-- \/ Yoast SEO plugin. -->","yoast_head_json":{"title":"Gr\u00e8ce : quelques contre-v\u00e9rit\u00e9s \u00e0 d\u00e9monter","description":"Par\u00a0Robin Delobel Il y a un mois, un rappeur grec militant antifasciste a \u00e9t\u00e9 assassin\u00e9 par des membres du parti n\u00e9onazi Aube Dor\u00e9e, en public et sans","robots":{"index":"index","follow":"follow","max-snippet":"max-snippet:-1","max-image-preview":"max-image-preview:large","max-video-preview":"max-video-preview:-1"},"canonical":"https:\/\/www.pressenza.com\/fr\/2013\/11\/grece-quelques-contre-verites-demonter\/","og_locale":"fr_FR","og_type":"article","og_title":"Gr\u00e8ce : quelques contre-v\u00e9rit\u00e9s \u00e0 d\u00e9monter","og_description":"Par\u00a0Robin Delobel Il y a un mois, un rappeur grec militant antifasciste a \u00e9t\u00e9 assassin\u00e9 par des membres du parti n\u00e9onazi Aube Dor\u00e9e, en public et sans","og_url":"https:\/\/www.pressenza.com\/fr\/2013\/11\/grece-quelques-contre-verites-demonter\/","og_site_name":"Pressenza","article_publisher":"https:\/\/www.facebook.com\/PressenzaItalia","article_author":"https:\/\/www.facebook.com\/CADTMNETWORK\/","article_published_time":"2013-11-04T05:55:49+00:00","article_modified_time":"2013-11-04T05:55:50+00:00","og_image":[{"width":300,"height":198,"url":"https:\/\/www.pressenza.com\/wp-content\/uploads\/2013\/11\/Gr\u00e8ce-quelques-contre-v\u00e9rit\u00e9s-\u00e0-d\u00e9monter.jpg","type":"image\/jpeg"}],"author":"Comit\u00e9 pour l\u2019abolition des dettes ill\u00e9gitimes (CADTM)","twitter_card":"summary_large_image","twitter_creator":"@CADTM_int","twitter_site":"@PressenzaIPA","twitter_misc":{"\u00c9crit par":"Comit\u00e9 pour l\u2019abolition des dettes ill\u00e9gitimes (CADTM)","Dur\u00e9e de lecture estim\u00e9e":"5 minutes"},"schema":{"@context":"https:\/\/schema.org","@graph":[{"@type":"Article","@id":"https:\/\/www.pressenza.com\/fr\/2013\/11\/grece-quelques-contre-verites-demonter\/#article","isPartOf":{"@id":"https:\/\/www.pressenza.com\/fr\/2013\/11\/grece-quelques-contre-verites-demonter\/"},"author":{"name":"Comit\u00e9 pour l\u2019abolition des dettes ill\u00e9gitimes (CADTM)","@id":"https:\/\/www.pressenza.com\/fr\/#\/schema\/person\/1f570f1450b3d76e0dd919130d5851af"},"headline":"Gr\u00e8ce : quelques contre-v\u00e9rit\u00e9s \u00e0 d\u00e9monter","datePublished":"2013-11-04T05:55:49+00:00","dateModified":"2013-11-04T05:55:50+00:00","mainEntityOfPage":{"@id":"https:\/\/www.pressenza.com\/fr\/2013\/11\/grece-quelques-contre-verites-demonter\/"},"wordCount":1026,"publisher":{"@id":"https:\/\/www.pressenza.com\/fr\/#organization"},"image":{"@id":"https:\/\/www.pressenza.com\/fr\/2013\/11\/grece-quelques-contre-verites-demonter\/#primaryimage"},"thumbnailUrl":"https:\/\/www.pressenza.com\/wp-content\/uploads\/2013\/11\/Gr\u00e8ce-quelques-contre-v\u00e9rit\u00e9s-\u00e0-d\u00e9monter.jpg","keywords":["aube dor\u00e9e","fascisme","Gr\u00e8ce","Troika"],"articleSection":["Droits humains","Economie","Europe","International","Opinion","Relations internationales"],"inLanguage":"fr-FR"},{"@type":"WebPage","@id":"https:\/\/www.pressenza.com\/fr\/2013\/11\/grece-quelques-contre-verites-demonter\/","url":"https:\/\/www.pressenza.com\/fr\/2013\/11\/grece-quelques-contre-verites-demonter\/","name":"Gr\u00e8ce : quelques contre-v\u00e9rit\u00e9s \u00e0 d\u00e9monter","isPartOf":{"@id":"https:\/\/www.pressenza.com\/fr\/#website"},"primaryImageOfPage":{"@id":"https:\/\/www.pressenza.com\/fr\/2013\/11\/grece-quelques-contre-verites-demonter\/#primaryimage"},"image":{"@id":"https:\/\/www.pressenza.com\/fr\/2013\/11\/grece-quelques-contre-verites-demonter\/#primaryimage"},"thumbnailUrl":"https:\/\/www.pressenza.com\/wp-content\/uploads\/2013\/11\/Gr\u00e8ce-quelques-contre-v\u00e9rit\u00e9s-\u00e0-d\u00e9monter.jpg","datePublished":"2013-11-04T05:55:49+00:00","dateModified":"2013-11-04T05:55:50+00:00","description":"Par\u00a0Robin Delobel Il y a un mois, un rappeur grec militant antifasciste a \u00e9t\u00e9 assassin\u00e9 par des membres du parti n\u00e9onazi Aube Dor\u00e9e, en public et sans","breadcrumb":{"@id":"https:\/\/www.pressenza.com\/fr\/2013\/11\/grece-quelques-contre-verites-demonter\/#breadcrumb"},"inLanguage":"fr-FR","potentialAction":[{"@type":"ReadAction","target":["https:\/\/www.pressenza.com\/fr\/2013\/11\/grece-quelques-contre-verites-demonter\/"]}]},{"@type":"ImageObject","inLanguage":"fr-FR","@id":"https:\/\/www.pressenza.com\/fr\/2013\/11\/grece-quelques-contre-verites-demonter\/#primaryimage","url":"https:\/\/www.pressenza.com\/wp-content\/uploads\/2013\/11\/Gr\u00e8ce-quelques-contre-v\u00e9rit\u00e9s-\u00e0-d\u00e9monter.jpg","contentUrl":"https:\/\/www.pressenza.com\/wp-content\/uploads\/2013\/11\/Gr\u00e8ce-quelques-contre-v\u00e9rit\u00e9s-\u00e0-d\u00e9monter.jpg","width":300,"height":198},{"@type":"BreadcrumbList","@id":"https:\/\/www.pressenza.com\/fr\/2013\/11\/grece-quelques-contre-verites-demonter\/#breadcrumb","itemListElement":[{"@type":"ListItem","position":1,"name":"Accueil","item":"https:\/\/www.pressenza.com\/fr\/"},{"@type":"ListItem","position":2,"name":"Gr\u00e8ce : quelques contre-v\u00e9rit\u00e9s \u00e0 d\u00e9monter"}]},{"@type":"WebSite","@id":"https:\/\/www.pressenza.com\/fr\/#website","url":"https:\/\/www.pressenza.com\/fr\/","name":"Pressenza","description":"International Press Agency","publisher":{"@id":"https:\/\/www.pressenza.com\/fr\/#organization"},"potentialAction":[{"@type":"SearchAction","target":{"@type":"EntryPoint","urlTemplate":"https:\/\/www.pressenza.com\/fr\/?s={search_term_string}"},"query-input":{"@type":"PropertyValueSpecification","valueRequired":true,"valueName":"search_term_string"}}],"inLanguage":"fr-FR"},{"@type":"Organization","@id":"https:\/\/www.pressenza.com\/fr\/#organization","name":"Pressenza","url":"https:\/\/www.pressenza.com\/fr\/","logo":{"@type":"ImageObject","inLanguage":"fr-FR","@id":"https:\/\/www.pressenza.com\/fr\/#\/schema\/logo\/image\/","url":"https:\/\/www.pressenza.com\/wp-content\/uploads\/2022\/10\/pressenza_logo_200x200.jpg","contentUrl":"https:\/\/www.pressenza.com\/wp-content\/uploads\/2022\/10\/pressenza_logo_200x200.jpg","width":200,"height":200,"caption":"Pressenza"},"image":{"@id":"https:\/\/www.pressenza.com\/fr\/#\/schema\/logo\/image\/"},"sameAs":["https:\/\/www.facebook.com\/PressenzaItalia","https:\/\/x.com\/PressenzaIPA"]},{"@type":"Person","@id":"https:\/\/www.pressenza.com\/fr\/#\/schema\/person\/1f570f1450b3d76e0dd919130d5851af","name":"Comit\u00e9 pour l\u2019abolition des dettes ill\u00e9gitimes (CADTM)","sameAs":["http:\/\/www.cadtm.org\/","https:\/\/www.facebook.com\/CADTMNETWORK\/","https:\/\/x.com\/CADTM_int"],"url":"https:\/\/www.pressenza.com\/fr\/author\/comite-pour-annulation-de-la-dette-du-tiers-mond\/"}]}},"place":"","original_article_url":"","_links":{"self":[{"href":"https:\/\/www.pressenza.com\/fr\/wp-json\/wp\/v2\/posts\/75071","targetHints":{"allow":["GET"]}}],"collection":[{"href":"https:\/\/www.pressenza.com\/fr\/wp-json\/wp\/v2\/posts"}],"about":[{"href":"https:\/\/www.pressenza.com\/fr\/wp-json\/wp\/v2\/types\/post"}],"author":[{"embeddable":true,"href":"https:\/\/www.pressenza.com\/fr\/wp-json\/wp\/v2\/users\/848"}],"replies":[{"embeddable":true,"href":"https:\/\/www.pressenza.com\/fr\/wp-json\/wp\/v2\/comments?post=75071"}],"version-history":[{"count":0,"href":"https:\/\/www.pressenza.com\/fr\/wp-json\/wp\/v2\/posts\/75071\/revisions"}],"wp:featuredmedia":[{"embeddable":true,"href":"https:\/\/www.pressenza.com\/fr\/wp-json\/wp\/v2\/media\/75072"}],"wp:attachment":[{"href":"https:\/\/www.pressenza.com\/fr\/wp-json\/wp\/v2\/media?parent=75071"}],"wp:term":[{"taxonomy":"category","embeddable":true,"href":"https:\/\/www.pressenza.com\/fr\/wp-json\/wp\/v2\/categories?post=75071"},{"taxonomy":"post_tag","embeddable":true,"href":"https:\/\/www.pressenza.com\/fr\/wp-json\/wp\/v2\/tags?post=75071"}],"curies":[{"name":"wp","href":"https:\/\/api.w.org\/{rel}","templated":true}]}}