{"id":746050,"date":"2018-10-28T14:41:36","date_gmt":"2018-10-28T14:41:36","guid":{"rendered":"https:\/\/www.pressenza.com\/?p=746050"},"modified":"2018-10-28T21:50:09","modified_gmt":"2018-10-28T21:50:09","slug":"elections-au-bresil-roger-waters-en-curitiba-ele-nao","status":"publish","type":"post","link":"https:\/\/www.pressenza.com\/fr\/2018\/10\/elections-au-bresil-roger-waters-en-curitiba-ele-nao\/","title":{"rendered":"[Elections au Br\u00e9sil] Roger Waters \u00e0 Curitiba : \u00ab\u00a0Ele N\u00e3o\u00a0\u00bb"},"content":{"rendered":"<p>[N.d.T. EleN\u00e3o : Pas lui, en faisant r\u00e9f\u00e9rence \u00e0 Bolsonaro]<\/p>\n<p><strong>Roger Waters proteste \u00e0 nouveau contre Bolsonaro \u00e0 Curitiba sous la menace d&#8217;emprisonnement.<\/strong><\/p>\n<p>Trente secondes avant l&rsquo;\u00e9ch\u00e9ance fix\u00e9e par la loi \u00e9lectorale, le musicien britannique a expos\u00e9 son message sur le rideau du stade Couto Pereira.<\/p>\n<p>Le musicien britannique Roger Waters, ancien leader du groupe Pink Floyd, a de nouveau manifest\u00e9 contre Jair Bolsonaro (PSL) lors d&rsquo;un concert \u00e0 Curitiba (PR), samedi soir (27\/10).<\/p>\n<p>Devant 41 000 spectateurs, le rideau mont\u00e9 sur la sc\u00e8ne montrait le message suivant :<\/p>\n<blockquote><p><em>\u00ab\u00a0On nous a dit qu&rsquo;on ne pouvait pas parler de l&rsquo;\u00e9lection apr\u00e8s 22 heures. Nous avons 30 secondes. C&rsquo;est notre derni\u00e8re chance de r\u00e9sister au fascisme avant dimanche : \u00ab\u00a0Ele N\u00e3o ! Il est 22 h. Ob\u00e9issez \u00e0 la loi.\u00a0\u00bb<\/em><\/p><\/blockquote>\n<p>La loi \u00e9lectorale interdit les manifestations politiques dans les espaces publics apr\u00e8s 22 heures.<\/p>\n<p><img loading=\"lazy\" decoding=\"async\" class=\"alignnone size-large wp-image-746017\" src=\"https:\/\/www.pressenza.com\/wp-content\/uploads\/2018\/10\/RW-elenao-720x321.jpg\" alt=\"\" width=\"720\" height=\"321\" srcset=\"https:\/\/www.pressenza.com\/wp-content\/uploads\/2018\/10\/RW-elenao-720x321.jpg 720w, https:\/\/www.pressenza.com\/wp-content\/uploads\/2018\/10\/RW-elenao-300x134.jpg 300w, https:\/\/www.pressenza.com\/wp-content\/uploads\/2018\/10\/RW-elenao-768x342.jpg 768w, https:\/\/www.pressenza.com\/wp-content\/uploads\/2018\/10\/RW-elenao.jpg 1024w\" sizes=\"auto, (max-width: 720px) 100vw, 720px\" \/><\/p>\n<p>La semaine derni\u00e8re, le juge Douglas Marcel Peres de la Justice \u00e9lectorale du Paran\u00e1 a dit \u00e0 l&rsquo;\u00e9quipe de Waters que le musicien pourrait \u00eatre arr\u00eat\u00e9 s&rsquo;il \u00e9tait question de politique \u00e9lectorale apr\u00e8s minuit &#8211; la manifestation serait consid\u00e9r\u00e9e comme de la propagande de bouche d&rsquo;urne.<\/p>\n<p>Connue comme la \u00ab\u00a0R\u00e9publique de Curitiba\u00a0\u00bb par ceux qui ont soutenu l&rsquo;op\u00e9ration Lava Jato, la capitale du Paran\u00e1 est devenue un symbole de l&rsquo;arbitraire du pouvoir judiciaire depuis 2014.<\/p>\n","protected":false},"excerpt":{"rendered":"<p>[N.d.T. EleN\u00e3o : Pas lui, en faisant r\u00e9f\u00e9rence \u00e0 Bolsonaro] Roger Waters proteste \u00e0 nouveau contre Bolsonaro \u00e0 Curitiba sous la menace d&#8217;emprisonnement. Trente secondes avant l&rsquo;\u00e9ch\u00e9ance fix\u00e9e par la loi \u00e9lectorale, le musicien britannique a expos\u00e9 son message sur&hellip;<\/p>\n","protected":false},"author":44,"featured_media":746021,"comment_status":"closed","ping_status":"closed","sticky":false,"template":"","format":"standard","meta":{"footnotes":""},"categories":[86,11386,163,93],"tags":[50249,3166,766,51207,10771,23172],"class_list":["post-746050","post","type-post","status-publish","format-standard","has-post-thumbnail","hentry","category-amerique-du-sud","category-contenu-original","category-opinion-fr","category-politique","tag-elenao","tag-bresil","tag-elections","tag-elections-presidentielles-bresil","tag-haddad","tag-roger-waters"],"yoast_head":"<!-- This site is optimized with the Yoast SEO plugin v27.1.1 - https:\/\/yoast.com\/product\/yoast-seo-wordpress\/ -->\n<title>[Elections au Br\u00e9sil] Roger Waters \u00e0 Curitiba : &quot;Ele N\u00e3o&quot;<\/title>\n<meta name=\"description\" content=\"Roger Waters proteste \u00e0 nouveau contre Bolsonaro \u00e0 Curitiba sous la menace d&#039;emprisonnement. Trente secondes avant l&#039;\u00e9ch\u00e9ance fix\u00e9e par la loi \u00e9lectorale,\" \/>\n<meta name=\"robots\" content=\"index, follow, max-snippet:-1, max-image-preview:large, max-video-preview:-1\" \/>\n<link rel=\"canonical\" href=\"https:\/\/www.pressenza.com\/fr\/2018\/10\/elections-au-bresil-roger-waters-en-curitiba-ele-nao\/\" \/>\n<meta property=\"og:locale\" content=\"fr_FR\" \/>\n<meta property=\"og:type\" content=\"article\" \/>\n<meta property=\"og:title\" content=\"[Elections au Br\u00e9sil] Roger Waters \u00e0 Curitiba : &quot;Ele N\u00e3o&quot;\" \/>\n<meta property=\"og:description\" content=\"Roger Waters proteste \u00e0 nouveau contre Bolsonaro \u00e0 Curitiba sous la menace d&#039;emprisonnement. Trente secondes avant l&#039;\u00e9ch\u00e9ance fix\u00e9e par la loi \u00e9lectorale,\" \/>\n<meta property=\"og:url\" content=\"https:\/\/www.pressenza.com\/fr\/2018\/10\/elections-au-bresil-roger-waters-en-curitiba-ele-nao\/\" \/>\n<meta property=\"og:site_name\" content=\"Pressenza\" \/>\n<meta property=\"article:publisher\" content=\"https:\/\/www.facebook.com\/PressenzaItalia\" \/>\n<meta property=\"article:author\" content=\"https:\/\/www.facebook.com\/PressenzaPortugues\" \/>\n<meta property=\"article:published_time\" content=\"2018-10-28T14:41:36+00:00\" \/>\n<meta property=\"article:modified_time\" content=\"2018-10-28T21:50:09+00:00\" \/>\n<meta property=\"og:image\" content=\"https:\/\/www.pressenza.com\/wp-content\/uploads\/2018\/10\/Roger-Waters-by-Sean-Rowe.jpg\" \/>\n\t<meta property=\"og:image:width\" content=\"1024\" \/>\n\t<meta property=\"og:image:height\" content=\"602\" \/>\n\t<meta property=\"og:image:type\" content=\"image\/jpeg\" \/>\n<meta name=\"author\" content=\"Reda\u00e7\u00e3o S\u00e3o Paulo\" \/>\n<meta name=\"twitter:card\" content=\"summary_large_image\" \/>\n<meta name=\"twitter:creator\" content=\"@pressenza_pt\" \/>\n<meta name=\"twitter:site\" content=\"@PressenzaIPA\" \/>\n<meta name=\"twitter:label1\" content=\"\u00c9crit par\" \/>\n\t<meta name=\"twitter:data1\" content=\"Reda\u00e7\u00e3o S\u00e3o Paulo\" \/>\n\t<meta name=\"twitter:label2\" content=\"Dur\u00e9e de lecture estim\u00e9e\" \/>\n\t<meta name=\"twitter:data2\" content=\"1 minute\" \/>\n<script type=\"application\/ld+json\" class=\"yoast-schema-graph\">{\"@context\":\"https:\/\/schema.org\",\"@graph\":[{\"@type\":\"Article\",\"@id\":\"https:\/\/www.pressenza.com\/fr\/2018\/10\/elections-au-bresil-roger-waters-en-curitiba-ele-nao\/#article\",\"isPartOf\":{\"@id\":\"https:\/\/www.pressenza.com\/fr\/2018\/10\/elections-au-bresil-roger-waters-en-curitiba-ele-nao\/\"},\"author\":{\"name\":\"Reda\u00e7\u00e3o S\u00e3o Paulo\",\"@id\":\"https:\/\/www.pressenza.com\/fr\/#\/schema\/person\/d171826afb7693cfc394da95892bfd93\"},\"headline\":\"[Elections au Br\u00e9sil] Roger Waters \u00e0 Curitiba : \u00ab\u00a0Ele N\u00e3o\u00a0\u00bb\",\"datePublished\":\"2018-10-28T14:41:36+00:00\",\"dateModified\":\"2018-10-28T21:50:09+00:00\",\"mainEntityOfPage\":{\"@id\":\"https:\/\/www.pressenza.com\/fr\/2018\/10\/elections-au-bresil-roger-waters-en-curitiba-ele-nao\/\"},\"wordCount\":242,\"publisher\":{\"@id\":\"https:\/\/www.pressenza.com\/fr\/#organization\"},\"image\":{\"@id\":\"https:\/\/www.pressenza.com\/fr\/2018\/10\/elections-au-bresil-roger-waters-en-curitiba-ele-nao\/#primaryimage\"},\"thumbnailUrl\":\"https:\/\/www.pressenza.com\/wp-content\/uploads\/2018\/10\/Roger-Waters-by-Sean-Rowe.jpg\",\"keywords\":[\"#EleNao\",\"Br\u00e9sil\",\"\u00e9lections\",\"\u00e9lections pr\u00e9sidentielles Br\u00e9sil\",\"haddad\",\"Roger Waters\"],\"articleSection\":[\"Am\u00e9rique du Sud\",\"Contenu Original\",\"Opinion\",\"Politique\"],\"inLanguage\":\"fr-FR\"},{\"@type\":\"WebPage\",\"@id\":\"https:\/\/www.pressenza.com\/fr\/2018\/10\/elections-au-bresil-roger-waters-en-curitiba-ele-nao\/\",\"url\":\"https:\/\/www.pressenza.com\/fr\/2018\/10\/elections-au-bresil-roger-waters-en-curitiba-ele-nao\/\",\"name\":\"[Elections au Br\u00e9sil] Roger Waters \u00e0 Curitiba : \\\"Ele N\u00e3o\\\"\",\"isPartOf\":{\"@id\":\"https:\/\/www.pressenza.com\/fr\/#website\"},\"primaryImageOfPage\":{\"@id\":\"https:\/\/www.pressenza.com\/fr\/2018\/10\/elections-au-bresil-roger-waters-en-curitiba-ele-nao\/#primaryimage\"},\"image\":{\"@id\":\"https:\/\/www.pressenza.com\/fr\/2018\/10\/elections-au-bresil-roger-waters-en-curitiba-ele-nao\/#primaryimage\"},\"thumbnailUrl\":\"https:\/\/www.pressenza.com\/wp-content\/uploads\/2018\/10\/Roger-Waters-by-Sean-Rowe.jpg\",\"datePublished\":\"2018-10-28T14:41:36+00:00\",\"dateModified\":\"2018-10-28T21:50:09+00:00\",\"description\":\"Roger Waters proteste \u00e0 nouveau contre Bolsonaro \u00e0 Curitiba sous la menace d'emprisonnement. Trente secondes avant l'\u00e9ch\u00e9ance fix\u00e9e par la loi \u00e9lectorale,\",\"breadcrumb\":{\"@id\":\"https:\/\/www.pressenza.com\/fr\/2018\/10\/elections-au-bresil-roger-waters-en-curitiba-ele-nao\/#breadcrumb\"},\"inLanguage\":\"fr-FR\",\"potentialAction\":[{\"@type\":\"ReadAction\",\"target\":[\"https:\/\/www.pressenza.com\/fr\/2018\/10\/elections-au-bresil-roger-waters-en-curitiba-ele-nao\/\"]}]},{\"@type\":\"ImageObject\",\"inLanguage\":\"fr-FR\",\"@id\":\"https:\/\/www.pressenza.com\/fr\/2018\/10\/elections-au-bresil-roger-waters-en-curitiba-ele-nao\/#primaryimage\",\"url\":\"https:\/\/www.pressenza.com\/wp-content\/uploads\/2018\/10\/Roger-Waters-by-Sean-Rowe.jpg\",\"contentUrl\":\"https:\/\/www.pressenza.com\/wp-content\/uploads\/2018\/10\/Roger-Waters-by-Sean-Rowe.jpg\",\"width\":1024,\"height\":602},{\"@type\":\"BreadcrumbList\",\"@id\":\"https:\/\/www.pressenza.com\/fr\/2018\/10\/elections-au-bresil-roger-waters-en-curitiba-ele-nao\/#breadcrumb\",\"itemListElement\":[{\"@type\":\"ListItem\",\"position\":1,\"name\":\"Accueil\",\"item\":\"https:\/\/www.pressenza.com\/fr\/\"},{\"@type\":\"ListItem\",\"position\":2,\"name\":\"[Elections au Br\u00e9sil] Roger Waters \u00e0 Curitiba : \u00ab\u00a0Ele N\u00e3o\u00a0\u00bb\"}]},{\"@type\":\"WebSite\",\"@id\":\"https:\/\/www.pressenza.com\/fr\/#website\",\"url\":\"https:\/\/www.pressenza.com\/fr\/\",\"name\":\"Pressenza\",\"description\":\"International Press Agency\",\"publisher\":{\"@id\":\"https:\/\/www.pressenza.com\/fr\/#organization\"},\"potentialAction\":[{\"@type\":\"SearchAction\",\"target\":{\"@type\":\"EntryPoint\",\"urlTemplate\":\"https:\/\/www.pressenza.com\/fr\/?s={search_term_string}\"},\"query-input\":{\"@type\":\"PropertyValueSpecification\",\"valueRequired\":true,\"valueName\":\"search_term_string\"}}],\"inLanguage\":\"fr-FR\"},{\"@type\":\"Organization\",\"@id\":\"https:\/\/www.pressenza.com\/fr\/#organization\",\"name\":\"Pressenza\",\"url\":\"https:\/\/www.pressenza.com\/fr\/\",\"logo\":{\"@type\":\"ImageObject\",\"inLanguage\":\"fr-FR\",\"@id\":\"https:\/\/www.pressenza.com\/fr\/#\/schema\/logo\/image\/\",\"url\":\"https:\/\/www.pressenza.com\/wp-content\/uploads\/2022\/10\/pressenza_logo_200x200.jpg\",\"contentUrl\":\"https:\/\/www.pressenza.com\/wp-content\/uploads\/2022\/10\/pressenza_logo_200x200.jpg\",\"width\":200,\"height\":200,\"caption\":\"Pressenza\"},\"image\":{\"@id\":\"https:\/\/www.pressenza.com\/fr\/#\/schema\/logo\/image\/\"},\"sameAs\":[\"https:\/\/www.facebook.com\/PressenzaItalia\",\"https:\/\/x.com\/PressenzaIPA\"]},{\"@type\":\"Person\",\"@id\":\"https:\/\/www.pressenza.com\/fr\/#\/schema\/person\/d171826afb7693cfc394da95892bfd93\",\"name\":\"Reda\u00e7\u00e3o S\u00e3o Paulo\",\"description\":\"News from the Pressenza bureau in Sao Paulo, Brazil\",\"sameAs\":[\"https:\/\/www.facebook.com\/PressenzaPortugues\",\"https:\/\/x.com\/pressenza_pt\"],\"url\":\"https:\/\/www.pressenza.com\/fr\/author\/redaccao-sao-paulo\/\"}]}<\/script>\n<!-- \/ Yoast SEO plugin. -->","yoast_head_json":{"title":"[Elections au Br\u00e9sil] Roger Waters \u00e0 Curitiba : \"Ele N\u00e3o\"","description":"Roger Waters proteste \u00e0 nouveau contre Bolsonaro \u00e0 Curitiba sous la menace d'emprisonnement. Trente secondes avant l'\u00e9ch\u00e9ance fix\u00e9e par la loi \u00e9lectorale,","robots":{"index":"index","follow":"follow","max-snippet":"max-snippet:-1","max-image-preview":"max-image-preview:large","max-video-preview":"max-video-preview:-1"},"canonical":"https:\/\/www.pressenza.com\/fr\/2018\/10\/elections-au-bresil-roger-waters-en-curitiba-ele-nao\/","og_locale":"fr_FR","og_type":"article","og_title":"[Elections au Br\u00e9sil] Roger Waters \u00e0 Curitiba : \"Ele N\u00e3o\"","og_description":"Roger Waters proteste \u00e0 nouveau contre Bolsonaro \u00e0 Curitiba sous la menace d'emprisonnement. Trente secondes avant l'\u00e9ch\u00e9ance fix\u00e9e par la loi \u00e9lectorale,","og_url":"https:\/\/www.pressenza.com\/fr\/2018\/10\/elections-au-bresil-roger-waters-en-curitiba-ele-nao\/","og_site_name":"Pressenza","article_publisher":"https:\/\/www.facebook.com\/PressenzaItalia","article_author":"https:\/\/www.facebook.com\/PressenzaPortugues","article_published_time":"2018-10-28T14:41:36+00:00","article_modified_time":"2018-10-28T21:50:09+00:00","og_image":[{"width":1024,"height":602,"url":"https:\/\/www.pressenza.com\/wp-content\/uploads\/2018\/10\/Roger-Waters-by-Sean-Rowe.jpg","type":"image\/jpeg"}],"author":"Reda\u00e7\u00e3o S\u00e3o Paulo","twitter_card":"summary_large_image","twitter_creator":"@pressenza_pt","twitter_site":"@PressenzaIPA","twitter_misc":{"\u00c9crit par":"Reda\u00e7\u00e3o S\u00e3o Paulo","Dur\u00e9e de lecture estim\u00e9e":"1 minute"},"schema":{"@context":"https:\/\/schema.org","@graph":[{"@type":"Article","@id":"https:\/\/www.pressenza.com\/fr\/2018\/10\/elections-au-bresil-roger-waters-en-curitiba-ele-nao\/#article","isPartOf":{"@id":"https:\/\/www.pressenza.com\/fr\/2018\/10\/elections-au-bresil-roger-waters-en-curitiba-ele-nao\/"},"author":{"name":"Reda\u00e7\u00e3o S\u00e3o Paulo","@id":"https:\/\/www.pressenza.com\/fr\/#\/schema\/person\/d171826afb7693cfc394da95892bfd93"},"headline":"[Elections au Br\u00e9sil] Roger Waters \u00e0 Curitiba : \u00ab\u00a0Ele N\u00e3o\u00a0\u00bb","datePublished":"2018-10-28T14:41:36+00:00","dateModified":"2018-10-28T21:50:09+00:00","mainEntityOfPage":{"@id":"https:\/\/www.pressenza.com\/fr\/2018\/10\/elections-au-bresil-roger-waters-en-curitiba-ele-nao\/"},"wordCount":242,"publisher":{"@id":"https:\/\/www.pressenza.com\/fr\/#organization"},"image":{"@id":"https:\/\/www.pressenza.com\/fr\/2018\/10\/elections-au-bresil-roger-waters-en-curitiba-ele-nao\/#primaryimage"},"thumbnailUrl":"https:\/\/www.pressenza.com\/wp-content\/uploads\/2018\/10\/Roger-Waters-by-Sean-Rowe.jpg","keywords":["#EleNao","Br\u00e9sil","\u00e9lections","\u00e9lections pr\u00e9sidentielles Br\u00e9sil","haddad","Roger Waters"],"articleSection":["Am\u00e9rique du Sud","Contenu Original","Opinion","Politique"],"inLanguage":"fr-FR"},{"@type":"WebPage","@id":"https:\/\/www.pressenza.com\/fr\/2018\/10\/elections-au-bresil-roger-waters-en-curitiba-ele-nao\/","url":"https:\/\/www.pressenza.com\/fr\/2018\/10\/elections-au-bresil-roger-waters-en-curitiba-ele-nao\/","name":"[Elections au Br\u00e9sil] Roger Waters \u00e0 Curitiba : \"Ele N\u00e3o\"","isPartOf":{"@id":"https:\/\/www.pressenza.com\/fr\/#website"},"primaryImageOfPage":{"@id":"https:\/\/www.pressenza.com\/fr\/2018\/10\/elections-au-bresil-roger-waters-en-curitiba-ele-nao\/#primaryimage"},"image":{"@id":"https:\/\/www.pressenza.com\/fr\/2018\/10\/elections-au-bresil-roger-waters-en-curitiba-ele-nao\/#primaryimage"},"thumbnailUrl":"https:\/\/www.pressenza.com\/wp-content\/uploads\/2018\/10\/Roger-Waters-by-Sean-Rowe.jpg","datePublished":"2018-10-28T14:41:36+00:00","dateModified":"2018-10-28T21:50:09+00:00","description":"Roger Waters proteste \u00e0 nouveau contre Bolsonaro \u00e0 Curitiba sous la menace d'emprisonnement. Trente secondes avant l'\u00e9ch\u00e9ance fix\u00e9e par la loi \u00e9lectorale,","breadcrumb":{"@id":"https:\/\/www.pressenza.com\/fr\/2018\/10\/elections-au-bresil-roger-waters-en-curitiba-ele-nao\/#breadcrumb"},"inLanguage":"fr-FR","potentialAction":[{"@type":"ReadAction","target":["https:\/\/www.pressenza.com\/fr\/2018\/10\/elections-au-bresil-roger-waters-en-curitiba-ele-nao\/"]}]},{"@type":"ImageObject","inLanguage":"fr-FR","@id":"https:\/\/www.pressenza.com\/fr\/2018\/10\/elections-au-bresil-roger-waters-en-curitiba-ele-nao\/#primaryimage","url":"https:\/\/www.pressenza.com\/wp-content\/uploads\/2018\/10\/Roger-Waters-by-Sean-Rowe.jpg","contentUrl":"https:\/\/www.pressenza.com\/wp-content\/uploads\/2018\/10\/Roger-Waters-by-Sean-Rowe.jpg","width":1024,"height":602},{"@type":"BreadcrumbList","@id":"https:\/\/www.pressenza.com\/fr\/2018\/10\/elections-au-bresil-roger-waters-en-curitiba-ele-nao\/#breadcrumb","itemListElement":[{"@type":"ListItem","position":1,"name":"Accueil","item":"https:\/\/www.pressenza.com\/fr\/"},{"@type":"ListItem","position":2,"name":"[Elections au Br\u00e9sil] Roger Waters \u00e0 Curitiba : \u00ab\u00a0Ele N\u00e3o\u00a0\u00bb"}]},{"@type":"WebSite","@id":"https:\/\/www.pressenza.com\/fr\/#website","url":"https:\/\/www.pressenza.com\/fr\/","name":"Pressenza","description":"International Press Agency","publisher":{"@id":"https:\/\/www.pressenza.com\/fr\/#organization"},"potentialAction":[{"@type":"SearchAction","target":{"@type":"EntryPoint","urlTemplate":"https:\/\/www.pressenza.com\/fr\/?s={search_term_string}"},"query-input":{"@type":"PropertyValueSpecification","valueRequired":true,"valueName":"search_term_string"}}],"inLanguage":"fr-FR"},{"@type":"Organization","@id":"https:\/\/www.pressenza.com\/fr\/#organization","name":"Pressenza","url":"https:\/\/www.pressenza.com\/fr\/","logo":{"@type":"ImageObject","inLanguage":"fr-FR","@id":"https:\/\/www.pressenza.com\/fr\/#\/schema\/logo\/image\/","url":"https:\/\/www.pressenza.com\/wp-content\/uploads\/2022\/10\/pressenza_logo_200x200.jpg","contentUrl":"https:\/\/www.pressenza.com\/wp-content\/uploads\/2022\/10\/pressenza_logo_200x200.jpg","width":200,"height":200,"caption":"Pressenza"},"image":{"@id":"https:\/\/www.pressenza.com\/fr\/#\/schema\/logo\/image\/"},"sameAs":["https:\/\/www.facebook.com\/PressenzaItalia","https:\/\/x.com\/PressenzaIPA"]},{"@type":"Person","@id":"https:\/\/www.pressenza.com\/fr\/#\/schema\/person\/d171826afb7693cfc394da95892bfd93","name":"Reda\u00e7\u00e3o S\u00e3o Paulo","description":"News from the Pressenza bureau in Sao Paulo, Brazil","sameAs":["https:\/\/www.facebook.com\/PressenzaPortugues","https:\/\/x.com\/pressenza_pt"],"url":"https:\/\/www.pressenza.com\/fr\/author\/redaccao-sao-paulo\/"}]}},"place":"S\u00e3o Paulo, Br\u00e9sil. Brasil de Fato","original_article_url":"https:\/\/www.brasildefato.com.br\/2018\/10\/28\/sob-ameaca-de-prisao-roger-waters-volta-a-se-manifestar-contra-bolsonaro-em-curitiba\/","_links":{"self":[{"href":"https:\/\/www.pressenza.com\/fr\/wp-json\/wp\/v2\/posts\/746050","targetHints":{"allow":["GET"]}}],"collection":[{"href":"https:\/\/www.pressenza.com\/fr\/wp-json\/wp\/v2\/posts"}],"about":[{"href":"https:\/\/www.pressenza.com\/fr\/wp-json\/wp\/v2\/types\/post"}],"author":[{"embeddable":true,"href":"https:\/\/www.pressenza.com\/fr\/wp-json\/wp\/v2\/users\/44"}],"replies":[{"embeddable":true,"href":"https:\/\/www.pressenza.com\/fr\/wp-json\/wp\/v2\/comments?post=746050"}],"version-history":[{"count":0,"href":"https:\/\/www.pressenza.com\/fr\/wp-json\/wp\/v2\/posts\/746050\/revisions"}],"wp:featuredmedia":[{"embeddable":true,"href":"https:\/\/www.pressenza.com\/fr\/wp-json\/wp\/v2\/media\/746021"}],"wp:attachment":[{"href":"https:\/\/www.pressenza.com\/fr\/wp-json\/wp\/v2\/media?parent=746050"}],"wp:term":[{"taxonomy":"category","embeddable":true,"href":"https:\/\/www.pressenza.com\/fr\/wp-json\/wp\/v2\/categories?post=746050"},{"taxonomy":"post_tag","embeddable":true,"href":"https:\/\/www.pressenza.com\/fr\/wp-json\/wp\/v2\/tags?post=746050"}],"curies":[{"name":"wp","href":"https:\/\/api.w.org\/{rel}","templated":true}]}}