{"id":743411,"date":"2018-10-25T05:07:51","date_gmt":"2018-10-25T04:07:51","guid":{"rendered":"https:\/\/www.pressenza.com\/?p=743411"},"modified":"2018-10-25T05:07:51","modified_gmt":"2018-10-25T04:07:51","slug":"leurope-un-futur-champ-de-bataille-nucleaire","status":"publish","type":"post","link":"https:\/\/www.pressenza.com\/fr\/2018\/10\/leurope-un-futur-champ-de-bataille-nucleaire\/","title":{"rendered":"L\u2019Europe : un futur champ de bataille nucl\u00e9aire !"},"content":{"rendered":"<p>Donald Trump, d\u00e9sormais bien connu pour ses actions diplomatiques irresponsables et incons\u00e9quentes, vient d&rsquo;annoncer \u00e0 des journalistes am\u00e9ricains le retrait des Etats-Unis de l&rsquo;Intermediate-range Nuclear Forces Treaty (INF). Ce trait\u00e9, sign\u00e9 par Ronald Reagan et Mikha\u00efl Gorbatchev en 1987, visait \u00e0 \u00e9liminer les missiles nucl\u00e9aires d&rsquo;une port\u00e9e comprise entre 500 et 5500 kilom\u00e8tres. Symbole du contr\u00f4le des armes nucl\u00e9aires, ce trait\u00e9 avait mis fin \u00e0 la derni\u00e8re grande crise nucl\u00e9aire de la guerre froide et initi\u00e9 un dialogue efficace entre deux pays poss\u00e9dant encore \u00e0 ce jour 92% des armes nucl\u00e9aires mondiales.<\/p>\n<p>Le retrait am\u00e9ricain, pr\u00e9tendument motiv\u00e9 par des violations de la part de la Russie av\u00e9r\u00e9es d\u00e8s 2014, est donc un signal extr\u00eamement n\u00e9gatif envoy\u00e9 \u00e0 une communaut\u00e9 internationale qui fait face \u00e0 des risques toujours plus grands de prolif\u00e9ration nucl\u00e9aire. En \u00e9vitant d\u00e9lib\u00e9r\u00e9ment les solutions diplomatiques &#8211; dont celle de donner des gages \u00e0 la Russie quant au caract\u00e8re d\u00e9fensif du son syst\u00e8me antimissiles de l\u2019OTAN &#8211; Washington joue un jeu dangereux qui utilise les armes nucl\u00e9aires comme outil de chantage international.<\/p>\n<p>Alors que les actes s&rsquo;\u00e9loignent toujours plus du discours officiel sur la dissuasion nucl\u00e9aire, les Am\u00e9ricains viennent de prendre de mani\u00e8re unilat\u00e9rale une d\u00e9cision potentiellement d\u00e9vastatrice pour les Europ\u00e9ens, puisqu\u2019ils sont par d\u00e9finition les principaux concern\u00e9s par un conflit utilisant des armes nucl\u00e9aires de moyenne port\u00e9e. Comme du temps de la guerre froide, l&rsquo;Europe redevient le potentiel champ de bataille nucl\u00e9aire de puissances ext\u00e9rieures, sans m\u00eame avoir cette fois-ci l&rsquo;illusion d&rsquo;\u00eatre prot\u00e9g\u00e9e par l&rsquo;OTAN, qui n&rsquo;a ici pas eu son mot \u00e0 dire.<\/p>\n<p>Face \u00e0 une telle folie, les Europ\u00e9ens doivent s&rsquo;\u00e9lever avec vigueur contre la d\u00e9cision du Pr\u00e9sident Trump et exiger le maintien des Etats-Unis dans le trait\u00e9 INF ainsi que l&rsquo;instauration d&rsquo;un dialogue multilat\u00e9ral concret pour garantir la s\u00e9curit\u00e9 du continent europ\u00e9en. Il est plus que temps de ne plus se laisser faire.<\/p>\n","protected":false},"excerpt":{"rendered":"<p>Donald Trump, d\u00e9sormais bien connu pour ses actions diplomatiques irresponsables et incons\u00e9quentes, vient d&rsquo;annoncer \u00e0 des journalistes am\u00e9ricains le retrait des Etats-Unis de l&rsquo;Intermediate-range Nuclear Forces Treaty (INF). Ce trait\u00e9, sign\u00e9 par Ronald Reagan et Mikha\u00efl Gorbatchev en 1987, visait&hellip;<\/p>\n","protected":false},"author":1420,"featured_media":741635,"comment_status":"closed","ping_status":"closed","sticky":false,"template":"","format":"standard","meta":{"footnotes":""},"categories":[151,85,40,1250],"tags":[3405,309,51031,41002],"class_list":["post-743411","post","type-post","status-publish","format-standard","has-post-thumbnail","hentry","category-communique-de-presse","category-europe-fr","category-international-fr","category-paix-desarmement","tag-armes-nucleaires","tag-desarmement-nucleaire","tag-inf","tag-intermediate-range-nuclear-forces-treaty"],"yoast_head":"<!-- This site is optimized with the Yoast SEO plugin v27.1.1 - https:\/\/yoast.com\/product\/yoast-seo-wordpress\/ -->\n<title>L\u2019Europe : un futur champ de bataille nucl\u00e9aire !<\/title>\n<meta name=\"description\" content=\"Donald Trump, d\u00e9sormais bien connu pour ses actions diplomatiques irresponsables et incons\u00e9quentes, vient d&#039;annoncer \u00e0 des journalistes am\u00e9ricains le\" \/>\n<meta name=\"robots\" content=\"index, follow, max-snippet:-1, max-image-preview:large, max-video-preview:-1\" \/>\n<link rel=\"canonical\" href=\"https:\/\/www.pressenza.com\/fr\/2018\/10\/leurope-un-futur-champ-de-bataille-nucleaire\/\" \/>\n<meta property=\"og:locale\" content=\"fr_FR\" \/>\n<meta property=\"og:type\" content=\"article\" \/>\n<meta property=\"og:title\" content=\"L\u2019Europe : un futur champ de bataille nucl\u00e9aire !\" \/>\n<meta property=\"og:description\" content=\"Donald Trump, d\u00e9sormais bien connu pour ses actions diplomatiques irresponsables et incons\u00e9quentes, vient d&#039;annoncer \u00e0 des journalistes am\u00e9ricains le\" \/>\n<meta property=\"og:url\" content=\"https:\/\/www.pressenza.com\/fr\/2018\/10\/leurope-un-futur-champ-de-bataille-nucleaire\/\" \/>\n<meta property=\"og:site_name\" content=\"Pressenza\" \/>\n<meta property=\"article:publisher\" content=\"https:\/\/www.facebook.com\/PressenzaItalia\" \/>\n<meta property=\"article:author\" content=\"https:\/\/www.facebook.com\/initiatives.desarmement.nucleaire\/\" \/>\n<meta property=\"article:published_time\" content=\"2018-10-25T04:07:51+00:00\" \/>\n<meta property=\"og:image\" content=\"https:\/\/www.pressenza.com\/wp-content\/uploads\/2018\/10\/Reagan_and_Gorbachev_signing.jpg\" \/>\n\t<meta property=\"og:image:width\" content=\"750\" \/>\n\t<meta property=\"og:image:height\" content=\"499\" \/>\n\t<meta property=\"og:image:type\" content=\"image\/jpeg\" \/>\n<meta name=\"author\" content=\"Initiatives pour le D\u00e9sarmement Nucl\u00e9aire (IDN)\" \/>\n<meta name=\"twitter:card\" content=\"summary_large_image\" \/>\n<meta name=\"twitter:creator\" content=\"@IDN_Nucleaire\" \/>\n<meta name=\"twitter:site\" content=\"@PressenzaIPA\" \/>\n<meta name=\"twitter:label1\" content=\"\u00c9crit par\" \/>\n\t<meta name=\"twitter:data1\" content=\"Initiatives pour le D\u00e9sarmement Nucl\u00e9aire (IDN)\" \/>\n\t<meta name=\"twitter:label2\" content=\"Dur\u00e9e de lecture estim\u00e9e\" \/>\n\t<meta name=\"twitter:data2\" content=\"2 minutes\" \/>\n<script type=\"application\/ld+json\" class=\"yoast-schema-graph\">{\"@context\":\"https:\/\/schema.org\",\"@graph\":[{\"@type\":\"Article\",\"@id\":\"https:\/\/www.pressenza.com\/fr\/2018\/10\/leurope-un-futur-champ-de-bataille-nucleaire\/#article\",\"isPartOf\":{\"@id\":\"https:\/\/www.pressenza.com\/fr\/2018\/10\/leurope-un-futur-champ-de-bataille-nucleaire\/\"},\"author\":{\"name\":\"Initiatives pour le D\u00e9sarmement Nucl\u00e9aire (IDN)\",\"@id\":\"https:\/\/www.pressenza.com\/fr\/#\/schema\/person\/44fa4c71dfb380f61da49012f5a0d56c\"},\"headline\":\"L\u2019Europe : un futur champ de bataille nucl\u00e9aire !\",\"datePublished\":\"2018-10-25T04:07:51+00:00\",\"mainEntityOfPage\":{\"@id\":\"https:\/\/www.pressenza.com\/fr\/2018\/10\/leurope-un-futur-champ-de-bataille-nucleaire\/\"},\"wordCount\":369,\"publisher\":{\"@id\":\"https:\/\/www.pressenza.com\/fr\/#organization\"},\"image\":{\"@id\":\"https:\/\/www.pressenza.com\/fr\/2018\/10\/leurope-un-futur-champ-de-bataille-nucleaire\/#primaryimage\"},\"thumbnailUrl\":\"https:\/\/www.pressenza.com\/wp-content\/uploads\/2018\/10\/Reagan_and_Gorbachev_signing.jpg\",\"keywords\":[\"Armes Nucl\u00e9aires\",\"D\u00e9sarmement nucl\u00e9aire\",\"INF\",\"Intermediate-Range Nuclear Forces Treaty\"],\"articleSection\":[\"Communiqu\u00e9s de Presse\",\"Europe\",\"International\",\"Paix et D\u00e9sarmement\"],\"inLanguage\":\"fr-FR\"},{\"@type\":\"WebPage\",\"@id\":\"https:\/\/www.pressenza.com\/fr\/2018\/10\/leurope-un-futur-champ-de-bataille-nucleaire\/\",\"url\":\"https:\/\/www.pressenza.com\/fr\/2018\/10\/leurope-un-futur-champ-de-bataille-nucleaire\/\",\"name\":\"L\u2019Europe : un futur champ de bataille nucl\u00e9aire !\",\"isPartOf\":{\"@id\":\"https:\/\/www.pressenza.com\/fr\/#website\"},\"primaryImageOfPage\":{\"@id\":\"https:\/\/www.pressenza.com\/fr\/2018\/10\/leurope-un-futur-champ-de-bataille-nucleaire\/#primaryimage\"},\"image\":{\"@id\":\"https:\/\/www.pressenza.com\/fr\/2018\/10\/leurope-un-futur-champ-de-bataille-nucleaire\/#primaryimage\"},\"thumbnailUrl\":\"https:\/\/www.pressenza.com\/wp-content\/uploads\/2018\/10\/Reagan_and_Gorbachev_signing.jpg\",\"datePublished\":\"2018-10-25T04:07:51+00:00\",\"description\":\"Donald Trump, d\u00e9sormais bien connu pour ses actions diplomatiques irresponsables et incons\u00e9quentes, vient d'annoncer \u00e0 des journalistes am\u00e9ricains le\",\"breadcrumb\":{\"@id\":\"https:\/\/www.pressenza.com\/fr\/2018\/10\/leurope-un-futur-champ-de-bataille-nucleaire\/#breadcrumb\"},\"inLanguage\":\"fr-FR\",\"potentialAction\":[{\"@type\":\"ReadAction\",\"target\":[\"https:\/\/www.pressenza.com\/fr\/2018\/10\/leurope-un-futur-champ-de-bataille-nucleaire\/\"]}]},{\"@type\":\"ImageObject\",\"inLanguage\":\"fr-FR\",\"@id\":\"https:\/\/www.pressenza.com\/fr\/2018\/10\/leurope-un-futur-champ-de-bataille-nucleaire\/#primaryimage\",\"url\":\"https:\/\/www.pressenza.com\/wp-content\/uploads\/2018\/10\/Reagan_and_Gorbachev_signing.jpg\",\"contentUrl\":\"https:\/\/www.pressenza.com\/wp-content\/uploads\/2018\/10\/Reagan_and_Gorbachev_signing.jpg\",\"width\":750,\"height\":499},{\"@type\":\"BreadcrumbList\",\"@id\":\"https:\/\/www.pressenza.com\/fr\/2018\/10\/leurope-un-futur-champ-de-bataille-nucleaire\/#breadcrumb\",\"itemListElement\":[{\"@type\":\"ListItem\",\"position\":1,\"name\":\"Accueil\",\"item\":\"https:\/\/www.pressenza.com\/fr\/\"},{\"@type\":\"ListItem\",\"position\":2,\"name\":\"L\u2019Europe : un futur champ de bataille nucl\u00e9aire !\"}]},{\"@type\":\"WebSite\",\"@id\":\"https:\/\/www.pressenza.com\/fr\/#website\",\"url\":\"https:\/\/www.pressenza.com\/fr\/\",\"name\":\"Pressenza\",\"description\":\"International Press Agency\",\"publisher\":{\"@id\":\"https:\/\/www.pressenza.com\/fr\/#organization\"},\"potentialAction\":[{\"@type\":\"SearchAction\",\"target\":{\"@type\":\"EntryPoint\",\"urlTemplate\":\"https:\/\/www.pressenza.com\/fr\/?s={search_term_string}\"},\"query-input\":{\"@type\":\"PropertyValueSpecification\",\"valueRequired\":true,\"valueName\":\"search_term_string\"}}],\"inLanguage\":\"fr-FR\"},{\"@type\":\"Organization\",\"@id\":\"https:\/\/www.pressenza.com\/fr\/#organization\",\"name\":\"Pressenza\",\"url\":\"https:\/\/www.pressenza.com\/fr\/\",\"logo\":{\"@type\":\"ImageObject\",\"inLanguage\":\"fr-FR\",\"@id\":\"https:\/\/www.pressenza.com\/fr\/#\/schema\/logo\/image\/\",\"url\":\"https:\/\/www.pressenza.com\/wp-content\/uploads\/2022\/10\/pressenza_logo_200x200.jpg\",\"contentUrl\":\"https:\/\/www.pressenza.com\/wp-content\/uploads\/2022\/10\/pressenza_logo_200x200.jpg\",\"width\":200,\"height\":200,\"caption\":\"Pressenza\"},\"image\":{\"@id\":\"https:\/\/www.pressenza.com\/fr\/#\/schema\/logo\/image\/\"},\"sameAs\":[\"https:\/\/www.facebook.com\/PressenzaItalia\",\"https:\/\/x.com\/PressenzaIPA\"]},{\"@type\":\"Person\",\"@id\":\"https:\/\/www.pressenza.com\/fr\/#\/schema\/person\/44fa4c71dfb380f61da49012f5a0d56c\",\"name\":\"Initiatives pour le D\u00e9sarmement Nucl\u00e9aire (IDN)\",\"description\":\"L\u2019association Initiatives pour le D\u00e9sarmement Nucl\u00e9aire (IDN) a pour but d\u2019\u0153uvrer \u00e0 l\u2019\u00e9limination progressive et \u00e9quilibr\u00e9e des armes nucl\u00e9aires de la plan\u00e8te, pour contribuer \u00e0 l\u2019\u00e9dification d\u2019un monde plus s\u00fbr. http:\/\/www.idn-france.org\/\",\"sameAs\":[\"http:\/\/www.idn-france.org\/\",\"https:\/\/www.facebook.com\/initiatives.desarmement.nucleaire\/\",\"https:\/\/x.com\/IDN_Nucleaire\"],\"url\":\"https:\/\/www.pressenza.com\/fr\/author\/idn-france\/\"}]}<\/script>\n<!-- \/ Yoast SEO plugin. -->","yoast_head_json":{"title":"L\u2019Europe : un futur champ de bataille nucl\u00e9aire !","description":"Donald Trump, d\u00e9sormais bien connu pour ses actions diplomatiques irresponsables et incons\u00e9quentes, vient d'annoncer \u00e0 des journalistes am\u00e9ricains le","robots":{"index":"index","follow":"follow","max-snippet":"max-snippet:-1","max-image-preview":"max-image-preview:large","max-video-preview":"max-video-preview:-1"},"canonical":"https:\/\/www.pressenza.com\/fr\/2018\/10\/leurope-un-futur-champ-de-bataille-nucleaire\/","og_locale":"fr_FR","og_type":"article","og_title":"L\u2019Europe : un futur champ de bataille nucl\u00e9aire !","og_description":"Donald Trump, d\u00e9sormais bien connu pour ses actions diplomatiques irresponsables et incons\u00e9quentes, vient d'annoncer \u00e0 des journalistes am\u00e9ricains le","og_url":"https:\/\/www.pressenza.com\/fr\/2018\/10\/leurope-un-futur-champ-de-bataille-nucleaire\/","og_site_name":"Pressenza","article_publisher":"https:\/\/www.facebook.com\/PressenzaItalia","article_author":"https:\/\/www.facebook.com\/initiatives.desarmement.nucleaire\/","article_published_time":"2018-10-25T04:07:51+00:00","og_image":[{"width":750,"height":499,"url":"https:\/\/www.pressenza.com\/wp-content\/uploads\/2018\/10\/Reagan_and_Gorbachev_signing.jpg","type":"image\/jpeg"}],"author":"Initiatives pour le D\u00e9sarmement Nucl\u00e9aire (IDN)","twitter_card":"summary_large_image","twitter_creator":"@IDN_Nucleaire","twitter_site":"@PressenzaIPA","twitter_misc":{"\u00c9crit par":"Initiatives pour le D\u00e9sarmement Nucl\u00e9aire (IDN)","Dur\u00e9e de lecture estim\u00e9e":"2 minutes"},"schema":{"@context":"https:\/\/schema.org","@graph":[{"@type":"Article","@id":"https:\/\/www.pressenza.com\/fr\/2018\/10\/leurope-un-futur-champ-de-bataille-nucleaire\/#article","isPartOf":{"@id":"https:\/\/www.pressenza.com\/fr\/2018\/10\/leurope-un-futur-champ-de-bataille-nucleaire\/"},"author":{"name":"Initiatives pour le D\u00e9sarmement Nucl\u00e9aire (IDN)","@id":"https:\/\/www.pressenza.com\/fr\/#\/schema\/person\/44fa4c71dfb380f61da49012f5a0d56c"},"headline":"L\u2019Europe : un futur champ de bataille nucl\u00e9aire !","datePublished":"2018-10-25T04:07:51+00:00","mainEntityOfPage":{"@id":"https:\/\/www.pressenza.com\/fr\/2018\/10\/leurope-un-futur-champ-de-bataille-nucleaire\/"},"wordCount":369,"publisher":{"@id":"https:\/\/www.pressenza.com\/fr\/#organization"},"image":{"@id":"https:\/\/www.pressenza.com\/fr\/2018\/10\/leurope-un-futur-champ-de-bataille-nucleaire\/#primaryimage"},"thumbnailUrl":"https:\/\/www.pressenza.com\/wp-content\/uploads\/2018\/10\/Reagan_and_Gorbachev_signing.jpg","keywords":["Armes Nucl\u00e9aires","D\u00e9sarmement nucl\u00e9aire","INF","Intermediate-Range Nuclear Forces Treaty"],"articleSection":["Communiqu\u00e9s de Presse","Europe","International","Paix et D\u00e9sarmement"],"inLanguage":"fr-FR"},{"@type":"WebPage","@id":"https:\/\/www.pressenza.com\/fr\/2018\/10\/leurope-un-futur-champ-de-bataille-nucleaire\/","url":"https:\/\/www.pressenza.com\/fr\/2018\/10\/leurope-un-futur-champ-de-bataille-nucleaire\/","name":"L\u2019Europe : un futur champ de bataille nucl\u00e9aire !","isPartOf":{"@id":"https:\/\/www.pressenza.com\/fr\/#website"},"primaryImageOfPage":{"@id":"https:\/\/www.pressenza.com\/fr\/2018\/10\/leurope-un-futur-champ-de-bataille-nucleaire\/#primaryimage"},"image":{"@id":"https:\/\/www.pressenza.com\/fr\/2018\/10\/leurope-un-futur-champ-de-bataille-nucleaire\/#primaryimage"},"thumbnailUrl":"https:\/\/www.pressenza.com\/wp-content\/uploads\/2018\/10\/Reagan_and_Gorbachev_signing.jpg","datePublished":"2018-10-25T04:07:51+00:00","description":"Donald Trump, d\u00e9sormais bien connu pour ses actions diplomatiques irresponsables et incons\u00e9quentes, vient d'annoncer \u00e0 des journalistes am\u00e9ricains le","breadcrumb":{"@id":"https:\/\/www.pressenza.com\/fr\/2018\/10\/leurope-un-futur-champ-de-bataille-nucleaire\/#breadcrumb"},"inLanguage":"fr-FR","potentialAction":[{"@type":"ReadAction","target":["https:\/\/www.pressenza.com\/fr\/2018\/10\/leurope-un-futur-champ-de-bataille-nucleaire\/"]}]},{"@type":"ImageObject","inLanguage":"fr-FR","@id":"https:\/\/www.pressenza.com\/fr\/2018\/10\/leurope-un-futur-champ-de-bataille-nucleaire\/#primaryimage","url":"https:\/\/www.pressenza.com\/wp-content\/uploads\/2018\/10\/Reagan_and_Gorbachev_signing.jpg","contentUrl":"https:\/\/www.pressenza.com\/wp-content\/uploads\/2018\/10\/Reagan_and_Gorbachev_signing.jpg","width":750,"height":499},{"@type":"BreadcrumbList","@id":"https:\/\/www.pressenza.com\/fr\/2018\/10\/leurope-un-futur-champ-de-bataille-nucleaire\/#breadcrumb","itemListElement":[{"@type":"ListItem","position":1,"name":"Accueil","item":"https:\/\/www.pressenza.com\/fr\/"},{"@type":"ListItem","position":2,"name":"L\u2019Europe : un futur champ de bataille nucl\u00e9aire !"}]},{"@type":"WebSite","@id":"https:\/\/www.pressenza.com\/fr\/#website","url":"https:\/\/www.pressenza.com\/fr\/","name":"Pressenza","description":"International Press Agency","publisher":{"@id":"https:\/\/www.pressenza.com\/fr\/#organization"},"potentialAction":[{"@type":"SearchAction","target":{"@type":"EntryPoint","urlTemplate":"https:\/\/www.pressenza.com\/fr\/?s={search_term_string}"},"query-input":{"@type":"PropertyValueSpecification","valueRequired":true,"valueName":"search_term_string"}}],"inLanguage":"fr-FR"},{"@type":"Organization","@id":"https:\/\/www.pressenza.com\/fr\/#organization","name":"Pressenza","url":"https:\/\/www.pressenza.com\/fr\/","logo":{"@type":"ImageObject","inLanguage":"fr-FR","@id":"https:\/\/www.pressenza.com\/fr\/#\/schema\/logo\/image\/","url":"https:\/\/www.pressenza.com\/wp-content\/uploads\/2022\/10\/pressenza_logo_200x200.jpg","contentUrl":"https:\/\/www.pressenza.com\/wp-content\/uploads\/2022\/10\/pressenza_logo_200x200.jpg","width":200,"height":200,"caption":"Pressenza"},"image":{"@id":"https:\/\/www.pressenza.com\/fr\/#\/schema\/logo\/image\/"},"sameAs":["https:\/\/www.facebook.com\/PressenzaItalia","https:\/\/x.com\/PressenzaIPA"]},{"@type":"Person","@id":"https:\/\/www.pressenza.com\/fr\/#\/schema\/person\/44fa4c71dfb380f61da49012f5a0d56c","name":"Initiatives pour le D\u00e9sarmement Nucl\u00e9aire (IDN)","description":"L\u2019association Initiatives pour le D\u00e9sarmement Nucl\u00e9aire (IDN) a pour but d\u2019\u0153uvrer \u00e0 l\u2019\u00e9limination progressive et \u00e9quilibr\u00e9e des armes nucl\u00e9aires de la plan\u00e8te, pour contribuer \u00e0 l\u2019\u00e9dification d\u2019un monde plus s\u00fbr. http:\/\/www.idn-france.org\/","sameAs":["http:\/\/www.idn-france.org\/","https:\/\/www.facebook.com\/initiatives.desarmement.nucleaire\/","https:\/\/x.com\/IDN_Nucleaire"],"url":"https:\/\/www.pressenza.com\/fr\/author\/idn-france\/"}]}},"place":"","original_article_url":"","_links":{"self":[{"href":"https:\/\/www.pressenza.com\/fr\/wp-json\/wp\/v2\/posts\/743411","targetHints":{"allow":["GET"]}}],"collection":[{"href":"https:\/\/www.pressenza.com\/fr\/wp-json\/wp\/v2\/posts"}],"about":[{"href":"https:\/\/www.pressenza.com\/fr\/wp-json\/wp\/v2\/types\/post"}],"author":[{"embeddable":true,"href":"https:\/\/www.pressenza.com\/fr\/wp-json\/wp\/v2\/users\/1420"}],"replies":[{"embeddable":true,"href":"https:\/\/www.pressenza.com\/fr\/wp-json\/wp\/v2\/comments?post=743411"}],"version-history":[{"count":0,"href":"https:\/\/www.pressenza.com\/fr\/wp-json\/wp\/v2\/posts\/743411\/revisions"}],"wp:featuredmedia":[{"embeddable":true,"href":"https:\/\/www.pressenza.com\/fr\/wp-json\/wp\/v2\/media\/741635"}],"wp:attachment":[{"href":"https:\/\/www.pressenza.com\/fr\/wp-json\/wp\/v2\/media?parent=743411"}],"wp:term":[{"taxonomy":"category","embeddable":true,"href":"https:\/\/www.pressenza.com\/fr\/wp-json\/wp\/v2\/categories?post=743411"},{"taxonomy":"post_tag","embeddable":true,"href":"https:\/\/www.pressenza.com\/fr\/wp-json\/wp\/v2\/tags?post=743411"}],"curies":[{"name":"wp","href":"https:\/\/api.w.org\/{rel}","templated":true}]}}