{"id":735433,"date":"2018-10-10T22:28:44","date_gmt":"2018-10-10T21:28:44","guid":{"rendered":"https:\/\/www.pressenza.com\/?p=735433"},"modified":"2019-07-28T22:16:32","modified_gmt":"2019-07-28T21:16:32","slug":"et-si-leurope-prenait-le-leadership-du-traite-dinterdiction-des-armes-nucleaires","status":"publish","type":"post","link":"https:\/\/www.pressenza.com\/fr\/2018\/10\/et-si-leurope-prenait-le-leadership-du-traite-dinterdiction-des-armes-nucleaires\/","title":{"rendered":"Et si l\u2019Europe prenait le leadership du trait\u00e9 d\u2019interdiction des armes nucl\u00e9aires ?"},"content":{"rendered":"<p><strong>Par\u00a0Patrice Bouveret<\/strong><\/p>\n<p>En mai 2019 nous allons \u00e9lire nos d\u00e9put\u00e9s europ\u00e9ens. D\u00e8s \u00e0 pr\u00e9sent les diff\u00e9rents groupes politiques choisissent leurs candidats et commencent \u00e0 \u00e9laborer leur programme pour la campagne \u00e0 venir. C\u2019est le moment de les interpeller afin que la question des armes nucl\u00e9aires et de leur interdiction ne soit\u00a0pas rel\u00e9gu\u00e9e aux \u00ab abonn\u00e9s absents \u00bb !<\/p>\n<p>Est-ce qu\u2019il faudra attendre une nouvelle utilisation de l\u2019arme nucl\u00e9aire dans un conflit pour que l\u2019objectif de son \u00e9limination se r\u00e9alise enfin ? Cette th\u00e8se \u2014 d\u00e9fendue dans un ouvrage [1] paru r\u00e9cemment en France et qui examine les sept principales fois o\u00f9 nous avons \u00e9chapp\u00e9 \u00e0 une apocalypse nucl\u00e9aire\u2026 \u2014 est-elle acceptable ? Non, bien \u00e9videmment ! Ne serait-ce que pour les cons\u00e9quences irr\u00e9versibles que cela entra\u00eenerait et qui pourraient conduire \u00e0 la fin de toute vie sur la Terre.<\/p>\n<p>Pourtant l\u2019aveuglement de nombre de responsables politiques, d\u2019experts, face \u00e0 l\u2019urgence de la menace que font peser ces armes et surtout une certaine acceptation \u2014 particuli\u00e8rement en France \u2014 que, malgr\u00e9 tout, il faut rester prudent et tant que les \u00c9tats-Unis et la Russie, notamment, ne s\u2019engagent pas dans un processus de d\u00e9sarmement, il ne serait pas raisonnable de proc\u00e9der \u00e0 une nouvelle r\u00e9duction de \u00ab notre \u00bb arsenal\u2026 Sans compter que, dans cette approche, la dynamique du Trait\u00e9 d\u2019interdiction (Tian) est vue comme une \u00ab dispersion \u00bb plut\u00f4t qu\u2019un outil, qu\u2019une force pour sortir de cette spirale de la course aux armements et de la mont\u00e9e des menaces.<\/p>\n<p>Il est vrai que le Parlement europ\u00e9en n\u2019a quasi pas son mot \u00e0 dire sur les questions militaires qui rel\u00e8vent de la souverainet\u00e9 de chacun des \u00c9tats-membres dont 22 sur les 27 sont \u00e9galement membres de l\u2019Otan. Son r\u00f4le est principalement consultatif. Toutefois, il peut formuler des recommandations et, \u00e0 travers le vote du budget, exercer une certaine influence. Rappelons que le Parlement europ\u00e9en avait vot\u00e9 le 27 octobre 2017 \u2013 \u00e0 une majorit\u00e9 de 77 % \u2014 une r\u00e9solution en faveur d&rsquo;une ouverture des n\u00e9gociations pour un Trait\u00e9 international d\u2019interdiction des armes nucl\u00e9aires.<\/p>\n<p>Donald Trump \u00e0 la pr\u00e9sidence des \u00c9tats-Unis et le Brexit ont relanc\u00e9 les projets d\u2019une Europe de la d\u00e9fense ambitieuse. Des budgets se comptant en dizaines de milliards d\u2019euros vont \u00eatre d\u00e9bloqu\u00e9s \u00e0 cette fin notamment pour stimuler la coop\u00e9ration industrielle transnationale des syst\u00e8mes d\u2019armement. Des d\u00e9bats se font jour concernant, par exemple, une coop\u00e9ration nucl\u00e9aire franco-allemande ou en faveur d\u2019un renforcement de la pr\u00e9sence militaire am\u00e9ricaine en Pologne ou dans les pays Baltes.<\/p>\n<p>C\u2019est dans ce contexte que nous devons faire entendre une voix diff\u00e9rente pour, dans un premier temps, r\u00e9activer les fondements du projet europ\u00e9en : la paix entre des ennemis \u00ab h\u00e9r\u00e9ditaires \u00bb par le biais de la coop\u00e9ration et de l\u2019\u00e9change\u2026 Ensuite, pour soumettre au d\u00e9bat un changement de paradigme : faire de la confiance la base du nouveau rapport avec le monde ; o\u00f9 le dialogue (m\u00eame conflictuel parfois) vient remplacer la guerre et sa pr\u00e9paration, vient remplacer la strat\u00e9gie de la dissuasion qui n\u2019est autre qu\u2019une imposture et un exercice de la menace (cf. <em>Abolition <\/em>n\u00b0 269 &amp; 270).<\/p>\n<p>Et c\u2019est bien l\u00e0 que l\u2019adoption du Trait\u00e9 d\u2019interdiction des armes nucl\u00e9aires offre de v\u00e9ritables perspectives nouvelles. Au sein de l\u2019Europe, trois \u00c9tats l\u2019ont d\u00e9j\u00e0 ratifi\u00e9, l\u2019Autriche, le Saint-Si\u00e8ge et San Marin et deux autres l\u2019ont sign\u00e9, l\u2019Irlande et le Liechtenstein. Un mouvement qu\u2019il est possible de renforcer si l\u2019ensemble de la soci\u00e9t\u00e9 civile se mobilise\u2026 Si un ou plusieurs pays prenai(en)t l\u2019initiative de le signer, alors s\u2019ouvrirait la possibilit\u00e9 de cr\u00e9er une zone exempte d\u2019arme nucl\u00e9aire en Europe. Comme il en existe d\u00e9j\u00e0 plusieurs dans le monde.<\/p>\n<p>La campagne pour les \u00e9lections europ\u00e9ennes est la bonne occasion de poser le probl\u00e8me : quelle s\u00e9curit\u00e9 voulons- nous ? Pour cela, nous devons tous interpeller les candidats afin qu\u2019ils soient nombreux \u00e0 se prononcer pour une \u00e9limination du danger nucl\u00e9aire, \u00e0 appeler leur pays \u00e0 signer le Trait\u00e9 et \u00e0 demander que l\u2019Europe s\u2019engage en faveur du d\u00e9sarmement nucl\u00e9aire.<\/p>\n<p>[1]\u00a0<em>On a fr\u00f4l\u00e9 la guerre atomique<\/em>, Luc Mary, L\u2019Archipel, juillet 2018, 230 p.<\/p>\n<p>&nbsp;<\/p>\n<p>Source :\u00a0Bulletin de l\u2019association Abolition des armes nucl\u00e9aires\u2014Maison de Vigilance<\/p>\n<p><a href=\"http:\/\/abolitiondesarmesnucleaires.org\/\">http:\/\/abolitiondesarmesnucleaires.org\/<\/a><\/p>\n","protected":false},"excerpt":{"rendered":"<p>Par\u00a0Patrice Bouveret En mai 2019 nous allons \u00e9lire nos d\u00e9put\u00e9s europ\u00e9ens. D\u00e8s \u00e0 pr\u00e9sent les diff\u00e9rents groupes politiques choisissent leurs candidats et commencent \u00e0 \u00e9laborer leur programme pour la campagne \u00e0 venir. C\u2019est le moment de les interpeller afin que&hellip;<\/p>\n","protected":false},"author":926,"featured_media":735449,"comment_status":"closed","ping_status":"closed","sticky":false,"template":"","format":"standard","meta":{"footnotes":""},"categories":[151,85,40,163,1250],"tags":[3405,23855,17559,46791],"class_list":["post-735433","post","type-post","status-publish","format-standard","has-post-thumbnail","hentry","category-communique-de-presse","category-europe-fr","category-international-fr","category-opinion-fr","category-paix-desarmement","tag-armes-nucleaires","tag-europa-es-2-fr","tag-parlement-europeen","tag-traite-sur-linterdiction-des-armes-nucleaires"],"yoast_head":"<!-- This site is optimized with the Yoast SEO plugin v27.1.1 - https:\/\/yoast.com\/product\/yoast-seo-wordpress\/ -->\n<title>Et si l\u2019Europe prenait le leadership du trait\u00e9 d\u2019interdiction des armes nucl\u00e9aires ?<\/title>\n<meta name=\"description\" content=\"Par\u00a0Patrice Bouveret En mai 2019 nous allons \u00e9lire nos d\u00e9put\u00e9s europ\u00e9ens. D\u00e8s \u00e0 pr\u00e9sent les diff\u00e9rents groupes politiques choisissent leurs candidats et\" \/>\n<meta name=\"robots\" content=\"index, follow, max-snippet:-1, max-image-preview:large, max-video-preview:-1\" \/>\n<link rel=\"canonical\" href=\"https:\/\/www.pressenza.com\/fr\/2018\/10\/et-si-leurope-prenait-le-leadership-du-traite-dinterdiction-des-armes-nucleaires\/\" \/>\n<meta property=\"og:locale\" content=\"fr_FR\" \/>\n<meta property=\"og:type\" content=\"article\" \/>\n<meta property=\"og:title\" content=\"Et si l\u2019Europe prenait le leadership du trait\u00e9 d\u2019interdiction des armes nucl\u00e9aires ?\" \/>\n<meta property=\"og:description\" content=\"Par\u00a0Patrice Bouveret En mai 2019 nous allons \u00e9lire nos d\u00e9put\u00e9s europ\u00e9ens. D\u00e8s \u00e0 pr\u00e9sent les diff\u00e9rents groupes politiques choisissent leurs candidats et\" \/>\n<meta property=\"og:url\" content=\"https:\/\/www.pressenza.com\/fr\/2018\/10\/et-si-leurope-prenait-le-leadership-du-traite-dinterdiction-des-armes-nucleaires\/\" \/>\n<meta property=\"og:site_name\" content=\"Pressenza\" \/>\n<meta property=\"article:publisher\" content=\"https:\/\/www.facebook.com\/PressenzaItalia\" \/>\n<meta property=\"article:published_time\" content=\"2018-10-10T21:28:44+00:00\" \/>\n<meta property=\"article:modified_time\" content=\"2019-07-28T21:16:32+00:00\" \/>\n<meta property=\"og:image\" content=\"https:\/\/www.pressenza.com\/wp-content\/uploads\/2018\/10\/CARTE-ARMES-ICAN.jpg\" \/>\n\t<meta property=\"og:image:width\" content=\"750\" \/>\n\t<meta property=\"og:image:height\" content=\"563\" \/>\n\t<meta property=\"og:image:type\" content=\"image\/jpeg\" \/>\n<meta name=\"author\" content=\"R\u00e9daction France\" \/>\n<meta name=\"twitter:card\" content=\"summary_large_image\" \/>\n<meta name=\"twitter:creator\" content=\"@PressenzaIPA\" \/>\n<meta name=\"twitter:site\" content=\"@PressenzaIPA\" \/>\n<meta name=\"twitter:label1\" content=\"\u00c9crit par\" \/>\n\t<meta name=\"twitter:data1\" content=\"R\u00e9daction France\" \/>\n\t<meta name=\"twitter:label2\" content=\"Dur\u00e9e de lecture estim\u00e9e\" \/>\n\t<meta name=\"twitter:data2\" content=\"4 minutes\" \/>\n<script type=\"application\/ld+json\" class=\"yoast-schema-graph\">{\"@context\":\"https:\/\/schema.org\",\"@graph\":[{\"@type\":\"Article\",\"@id\":\"https:\/\/www.pressenza.com\/fr\/2018\/10\/et-si-leurope-prenait-le-leadership-du-traite-dinterdiction-des-armes-nucleaires\/#article\",\"isPartOf\":{\"@id\":\"https:\/\/www.pressenza.com\/fr\/2018\/10\/et-si-leurope-prenait-le-leadership-du-traite-dinterdiction-des-armes-nucleaires\/\"},\"author\":{\"name\":\"R\u00e9daction France\",\"@id\":\"https:\/\/www.pressenza.com\/fr\/#\/schema\/person\/3c9fe6670cc2cffbd37562f87b98e869\"},\"headline\":\"Et si l\u2019Europe prenait le leadership du trait\u00e9 d\u2019interdiction des armes nucl\u00e9aires ?\",\"datePublished\":\"2018-10-10T21:28:44+00:00\",\"dateModified\":\"2019-07-28T21:16:32+00:00\",\"mainEntityOfPage\":{\"@id\":\"https:\/\/www.pressenza.com\/fr\/2018\/10\/et-si-leurope-prenait-le-leadership-du-traite-dinterdiction-des-armes-nucleaires\/\"},\"wordCount\":771,\"publisher\":{\"@id\":\"https:\/\/www.pressenza.com\/fr\/#organization\"},\"image\":{\"@id\":\"https:\/\/www.pressenza.com\/fr\/2018\/10\/et-si-leurope-prenait-le-leadership-du-traite-dinterdiction-des-armes-nucleaires\/#primaryimage\"},\"thumbnailUrl\":\"https:\/\/www.pressenza.com\/wp-content\/uploads\/2018\/10\/CARTE-ARMES-ICAN.jpg\",\"keywords\":[\"Armes Nucl\u00e9aires\",\"Europa\",\"Parlement europ\u00e9en\",\"trait\u00e9 sur l'interdiction des armes nucl\u00e9aires\"],\"articleSection\":[\"Communiqu\u00e9s de Presse\",\"Europe\",\"International\",\"Opinion\",\"Paix et D\u00e9sarmement\"],\"inLanguage\":\"fr-FR\"},{\"@type\":\"WebPage\",\"@id\":\"https:\/\/www.pressenza.com\/fr\/2018\/10\/et-si-leurope-prenait-le-leadership-du-traite-dinterdiction-des-armes-nucleaires\/\",\"url\":\"https:\/\/www.pressenza.com\/fr\/2018\/10\/et-si-leurope-prenait-le-leadership-du-traite-dinterdiction-des-armes-nucleaires\/\",\"name\":\"Et si l\u2019Europe prenait le leadership du trait\u00e9 d\u2019interdiction des armes nucl\u00e9aires ?\",\"isPartOf\":{\"@id\":\"https:\/\/www.pressenza.com\/fr\/#website\"},\"primaryImageOfPage\":{\"@id\":\"https:\/\/www.pressenza.com\/fr\/2018\/10\/et-si-leurope-prenait-le-leadership-du-traite-dinterdiction-des-armes-nucleaires\/#primaryimage\"},\"image\":{\"@id\":\"https:\/\/www.pressenza.com\/fr\/2018\/10\/et-si-leurope-prenait-le-leadership-du-traite-dinterdiction-des-armes-nucleaires\/#primaryimage\"},\"thumbnailUrl\":\"https:\/\/www.pressenza.com\/wp-content\/uploads\/2018\/10\/CARTE-ARMES-ICAN.jpg\",\"datePublished\":\"2018-10-10T21:28:44+00:00\",\"dateModified\":\"2019-07-28T21:16:32+00:00\",\"description\":\"Par\u00a0Patrice Bouveret En mai 2019 nous allons \u00e9lire nos d\u00e9put\u00e9s europ\u00e9ens. D\u00e8s \u00e0 pr\u00e9sent les diff\u00e9rents groupes politiques choisissent leurs candidats et\",\"breadcrumb\":{\"@id\":\"https:\/\/www.pressenza.com\/fr\/2018\/10\/et-si-leurope-prenait-le-leadership-du-traite-dinterdiction-des-armes-nucleaires\/#breadcrumb\"},\"inLanguage\":\"fr-FR\",\"potentialAction\":[{\"@type\":\"ReadAction\",\"target\":[\"https:\/\/www.pressenza.com\/fr\/2018\/10\/et-si-leurope-prenait-le-leadership-du-traite-dinterdiction-des-armes-nucleaires\/\"]}]},{\"@type\":\"ImageObject\",\"inLanguage\":\"fr-FR\",\"@id\":\"https:\/\/www.pressenza.com\/fr\/2018\/10\/et-si-leurope-prenait-le-leadership-du-traite-dinterdiction-des-armes-nucleaires\/#primaryimage\",\"url\":\"https:\/\/www.pressenza.com\/wp-content\/uploads\/2018\/10\/CARTE-ARMES-ICAN.jpg\",\"contentUrl\":\"https:\/\/www.pressenza.com\/wp-content\/uploads\/2018\/10\/CARTE-ARMES-ICAN.jpg\",\"width\":750,\"height\":563},{\"@type\":\"BreadcrumbList\",\"@id\":\"https:\/\/www.pressenza.com\/fr\/2018\/10\/et-si-leurope-prenait-le-leadership-du-traite-dinterdiction-des-armes-nucleaires\/#breadcrumb\",\"itemListElement\":[{\"@type\":\"ListItem\",\"position\":1,\"name\":\"Accueil\",\"item\":\"https:\/\/www.pressenza.com\/fr\/\"},{\"@type\":\"ListItem\",\"position\":2,\"name\":\"Et si l\u2019Europe prenait le leadership du trait\u00e9 d\u2019interdiction des armes nucl\u00e9aires ?\"}]},{\"@type\":\"WebSite\",\"@id\":\"https:\/\/www.pressenza.com\/fr\/#website\",\"url\":\"https:\/\/www.pressenza.com\/fr\/\",\"name\":\"Pressenza\",\"description\":\"International Press Agency\",\"publisher\":{\"@id\":\"https:\/\/www.pressenza.com\/fr\/#organization\"},\"potentialAction\":[{\"@type\":\"SearchAction\",\"target\":{\"@type\":\"EntryPoint\",\"urlTemplate\":\"https:\/\/www.pressenza.com\/fr\/?s={search_term_string}\"},\"query-input\":{\"@type\":\"PropertyValueSpecification\",\"valueRequired\":true,\"valueName\":\"search_term_string\"}}],\"inLanguage\":\"fr-FR\"},{\"@type\":\"Organization\",\"@id\":\"https:\/\/www.pressenza.com\/fr\/#organization\",\"name\":\"Pressenza\",\"url\":\"https:\/\/www.pressenza.com\/fr\/\",\"logo\":{\"@type\":\"ImageObject\",\"inLanguage\":\"fr-FR\",\"@id\":\"https:\/\/www.pressenza.com\/fr\/#\/schema\/logo\/image\/\",\"url\":\"https:\/\/www.pressenza.com\/wp-content\/uploads\/2022\/10\/pressenza_logo_200x200.jpg\",\"contentUrl\":\"https:\/\/www.pressenza.com\/wp-content\/uploads\/2022\/10\/pressenza_logo_200x200.jpg\",\"width\":200,\"height\":200,\"caption\":\"Pressenza\"},\"image\":{\"@id\":\"https:\/\/www.pressenza.com\/fr\/#\/schema\/logo\/image\/\"},\"sameAs\":[\"https:\/\/www.facebook.com\/PressenzaItalia\",\"https:\/\/x.com\/PressenzaIPA\"]},{\"@type\":\"Person\",\"@id\":\"https:\/\/www.pressenza.com\/fr\/#\/schema\/person\/3c9fe6670cc2cffbd37562f87b98e869\",\"name\":\"R\u00e9daction France\",\"description\":\"News published by the Pressenza bureau in France\",\"sameAs\":[\"http:\/\/www.pressenza.com\/fr\"],\"url\":\"https:\/\/www.pressenza.com\/fr\/author\/redactionfrance\/\"}]}<\/script>\n<!-- \/ Yoast SEO plugin. -->","yoast_head_json":{"title":"Et si l\u2019Europe prenait le leadership du trait\u00e9 d\u2019interdiction des armes nucl\u00e9aires ?","description":"Par\u00a0Patrice Bouveret En mai 2019 nous allons \u00e9lire nos d\u00e9put\u00e9s europ\u00e9ens. D\u00e8s \u00e0 pr\u00e9sent les diff\u00e9rents groupes politiques choisissent leurs candidats et","robots":{"index":"index","follow":"follow","max-snippet":"max-snippet:-1","max-image-preview":"max-image-preview:large","max-video-preview":"max-video-preview:-1"},"canonical":"https:\/\/www.pressenza.com\/fr\/2018\/10\/et-si-leurope-prenait-le-leadership-du-traite-dinterdiction-des-armes-nucleaires\/","og_locale":"fr_FR","og_type":"article","og_title":"Et si l\u2019Europe prenait le leadership du trait\u00e9 d\u2019interdiction des armes nucl\u00e9aires ?","og_description":"Par\u00a0Patrice Bouveret En mai 2019 nous allons \u00e9lire nos d\u00e9put\u00e9s europ\u00e9ens. D\u00e8s \u00e0 pr\u00e9sent les diff\u00e9rents groupes politiques choisissent leurs candidats et","og_url":"https:\/\/www.pressenza.com\/fr\/2018\/10\/et-si-leurope-prenait-le-leadership-du-traite-dinterdiction-des-armes-nucleaires\/","og_site_name":"Pressenza","article_publisher":"https:\/\/www.facebook.com\/PressenzaItalia","article_published_time":"2018-10-10T21:28:44+00:00","article_modified_time":"2019-07-28T21:16:32+00:00","og_image":[{"width":750,"height":563,"url":"https:\/\/www.pressenza.com\/wp-content\/uploads\/2018\/10\/CARTE-ARMES-ICAN.jpg","type":"image\/jpeg"}],"author":"R\u00e9daction France","twitter_card":"summary_large_image","twitter_creator":"@PressenzaIPA","twitter_site":"@PressenzaIPA","twitter_misc":{"\u00c9crit par":"R\u00e9daction France","Dur\u00e9e de lecture estim\u00e9e":"4 minutes"},"schema":{"@context":"https:\/\/schema.org","@graph":[{"@type":"Article","@id":"https:\/\/www.pressenza.com\/fr\/2018\/10\/et-si-leurope-prenait-le-leadership-du-traite-dinterdiction-des-armes-nucleaires\/#article","isPartOf":{"@id":"https:\/\/www.pressenza.com\/fr\/2018\/10\/et-si-leurope-prenait-le-leadership-du-traite-dinterdiction-des-armes-nucleaires\/"},"author":{"name":"R\u00e9daction France","@id":"https:\/\/www.pressenza.com\/fr\/#\/schema\/person\/3c9fe6670cc2cffbd37562f87b98e869"},"headline":"Et si l\u2019Europe prenait le leadership du trait\u00e9 d\u2019interdiction des armes nucl\u00e9aires ?","datePublished":"2018-10-10T21:28:44+00:00","dateModified":"2019-07-28T21:16:32+00:00","mainEntityOfPage":{"@id":"https:\/\/www.pressenza.com\/fr\/2018\/10\/et-si-leurope-prenait-le-leadership-du-traite-dinterdiction-des-armes-nucleaires\/"},"wordCount":771,"publisher":{"@id":"https:\/\/www.pressenza.com\/fr\/#organization"},"image":{"@id":"https:\/\/www.pressenza.com\/fr\/2018\/10\/et-si-leurope-prenait-le-leadership-du-traite-dinterdiction-des-armes-nucleaires\/#primaryimage"},"thumbnailUrl":"https:\/\/www.pressenza.com\/wp-content\/uploads\/2018\/10\/CARTE-ARMES-ICAN.jpg","keywords":["Armes Nucl\u00e9aires","Europa","Parlement europ\u00e9en","trait\u00e9 sur l'interdiction des armes nucl\u00e9aires"],"articleSection":["Communiqu\u00e9s de Presse","Europe","International","Opinion","Paix et D\u00e9sarmement"],"inLanguage":"fr-FR"},{"@type":"WebPage","@id":"https:\/\/www.pressenza.com\/fr\/2018\/10\/et-si-leurope-prenait-le-leadership-du-traite-dinterdiction-des-armes-nucleaires\/","url":"https:\/\/www.pressenza.com\/fr\/2018\/10\/et-si-leurope-prenait-le-leadership-du-traite-dinterdiction-des-armes-nucleaires\/","name":"Et si l\u2019Europe prenait le leadership du trait\u00e9 d\u2019interdiction des armes nucl\u00e9aires ?","isPartOf":{"@id":"https:\/\/www.pressenza.com\/fr\/#website"},"primaryImageOfPage":{"@id":"https:\/\/www.pressenza.com\/fr\/2018\/10\/et-si-leurope-prenait-le-leadership-du-traite-dinterdiction-des-armes-nucleaires\/#primaryimage"},"image":{"@id":"https:\/\/www.pressenza.com\/fr\/2018\/10\/et-si-leurope-prenait-le-leadership-du-traite-dinterdiction-des-armes-nucleaires\/#primaryimage"},"thumbnailUrl":"https:\/\/www.pressenza.com\/wp-content\/uploads\/2018\/10\/CARTE-ARMES-ICAN.jpg","datePublished":"2018-10-10T21:28:44+00:00","dateModified":"2019-07-28T21:16:32+00:00","description":"Par\u00a0Patrice Bouveret En mai 2019 nous allons \u00e9lire nos d\u00e9put\u00e9s europ\u00e9ens. D\u00e8s \u00e0 pr\u00e9sent les diff\u00e9rents groupes politiques choisissent leurs candidats et","breadcrumb":{"@id":"https:\/\/www.pressenza.com\/fr\/2018\/10\/et-si-leurope-prenait-le-leadership-du-traite-dinterdiction-des-armes-nucleaires\/#breadcrumb"},"inLanguage":"fr-FR","potentialAction":[{"@type":"ReadAction","target":["https:\/\/www.pressenza.com\/fr\/2018\/10\/et-si-leurope-prenait-le-leadership-du-traite-dinterdiction-des-armes-nucleaires\/"]}]},{"@type":"ImageObject","inLanguage":"fr-FR","@id":"https:\/\/www.pressenza.com\/fr\/2018\/10\/et-si-leurope-prenait-le-leadership-du-traite-dinterdiction-des-armes-nucleaires\/#primaryimage","url":"https:\/\/www.pressenza.com\/wp-content\/uploads\/2018\/10\/CARTE-ARMES-ICAN.jpg","contentUrl":"https:\/\/www.pressenza.com\/wp-content\/uploads\/2018\/10\/CARTE-ARMES-ICAN.jpg","width":750,"height":563},{"@type":"BreadcrumbList","@id":"https:\/\/www.pressenza.com\/fr\/2018\/10\/et-si-leurope-prenait-le-leadership-du-traite-dinterdiction-des-armes-nucleaires\/#breadcrumb","itemListElement":[{"@type":"ListItem","position":1,"name":"Accueil","item":"https:\/\/www.pressenza.com\/fr\/"},{"@type":"ListItem","position":2,"name":"Et si l\u2019Europe prenait le leadership du trait\u00e9 d\u2019interdiction des armes nucl\u00e9aires ?"}]},{"@type":"WebSite","@id":"https:\/\/www.pressenza.com\/fr\/#website","url":"https:\/\/www.pressenza.com\/fr\/","name":"Pressenza","description":"International Press Agency","publisher":{"@id":"https:\/\/www.pressenza.com\/fr\/#organization"},"potentialAction":[{"@type":"SearchAction","target":{"@type":"EntryPoint","urlTemplate":"https:\/\/www.pressenza.com\/fr\/?s={search_term_string}"},"query-input":{"@type":"PropertyValueSpecification","valueRequired":true,"valueName":"search_term_string"}}],"inLanguage":"fr-FR"},{"@type":"Organization","@id":"https:\/\/www.pressenza.com\/fr\/#organization","name":"Pressenza","url":"https:\/\/www.pressenza.com\/fr\/","logo":{"@type":"ImageObject","inLanguage":"fr-FR","@id":"https:\/\/www.pressenza.com\/fr\/#\/schema\/logo\/image\/","url":"https:\/\/www.pressenza.com\/wp-content\/uploads\/2022\/10\/pressenza_logo_200x200.jpg","contentUrl":"https:\/\/www.pressenza.com\/wp-content\/uploads\/2022\/10\/pressenza_logo_200x200.jpg","width":200,"height":200,"caption":"Pressenza"},"image":{"@id":"https:\/\/www.pressenza.com\/fr\/#\/schema\/logo\/image\/"},"sameAs":["https:\/\/www.facebook.com\/PressenzaItalia","https:\/\/x.com\/PressenzaIPA"]},{"@type":"Person","@id":"https:\/\/www.pressenza.com\/fr\/#\/schema\/person\/3c9fe6670cc2cffbd37562f87b98e869","name":"R\u00e9daction France","description":"News published by the Pressenza bureau in France","sameAs":["http:\/\/www.pressenza.com\/fr"],"url":"https:\/\/www.pressenza.com\/fr\/author\/redactionfrance\/"}]}},"place":"","original_article_url":"","_links":{"self":[{"href":"https:\/\/www.pressenza.com\/fr\/wp-json\/wp\/v2\/posts\/735433","targetHints":{"allow":["GET"]}}],"collection":[{"href":"https:\/\/www.pressenza.com\/fr\/wp-json\/wp\/v2\/posts"}],"about":[{"href":"https:\/\/www.pressenza.com\/fr\/wp-json\/wp\/v2\/types\/post"}],"author":[{"embeddable":true,"href":"https:\/\/www.pressenza.com\/fr\/wp-json\/wp\/v2\/users\/926"}],"replies":[{"embeddable":true,"href":"https:\/\/www.pressenza.com\/fr\/wp-json\/wp\/v2\/comments?post=735433"}],"version-history":[{"count":0,"href":"https:\/\/www.pressenza.com\/fr\/wp-json\/wp\/v2\/posts\/735433\/revisions"}],"wp:featuredmedia":[{"embeddable":true,"href":"https:\/\/www.pressenza.com\/fr\/wp-json\/wp\/v2\/media\/735449"}],"wp:attachment":[{"href":"https:\/\/www.pressenza.com\/fr\/wp-json\/wp\/v2\/media?parent=735433"}],"wp:term":[{"taxonomy":"category","embeddable":true,"href":"https:\/\/www.pressenza.com\/fr\/wp-json\/wp\/v2\/categories?post=735433"},{"taxonomy":"post_tag","embeddable":true,"href":"https:\/\/www.pressenza.com\/fr\/wp-json\/wp\/v2\/tags?post=735433"}],"curies":[{"name":"wp","href":"https:\/\/api.w.org\/{rel}","templated":true}]}}