{"id":733884,"date":"2018-10-07T23:37:42","date_gmt":"2018-10-07T22:37:42","guid":{"rendered":"https:\/\/www.pressenza.com\/?p=733884"},"modified":"2018-10-07T23:37:42","modified_gmt":"2018-10-07T22:37:42","slug":"la-verite-sur-le-venezuela-se-repand-dans-le-monde-entier","status":"publish","type":"post","link":"https:\/\/www.pressenza.com\/fr\/2018\/10\/la-verite-sur-le-venezuela-se-repand-dans-le-monde-entier\/","title":{"rendered":"La v\u00e9rit\u00e9 sur le Venezuela se r\u00e9pand dans le monde entier"},"content":{"rendered":"<p style=\"text-align: right;\"><em>\u201cC&rsquo;est l&rsquo;heure des fours<\/em><br \/>\n<em>et il n&rsquo;y a que de la lumi\u00e8re \u00e0 voir\u201d<\/em><br \/>\nJos\u00e9 Mart\u00ed<\/p>\n<p>Il devient de plus en plus \u00e9vident que la r\u00e9\u00e9lection du Pr\u00e9sident Nicol\u00e1s Maduro pour un nouveau mandat de 6 ans (2019-2025), remportant un succ\u00e8s retentissant avec 68% des voix, a \u00e9t\u00e9 un coup de gr\u00e2ce pour tous les partis politiques d&rsquo;opposition, car ils ont \u00e9t\u00e9 r\u00e9duits \u00e0 rien ; leurs erreurs r\u00e9p\u00e9t\u00e9es les ont maintenant conduits \u00e0 proclamer l&rsquo;intervention \u00e9trang\u00e8re, c&rsquo;est-\u00e0-dire que d&rsquo;autres devraient faire pour eux ce qu&rsquo;ils n&rsquo;ont pas pu conqu\u00e9rir avec les votes ; sans un projet \u00e0 pr\u00e9senter au pays au-del\u00e0 du renversement du gouvernement, leur pouvoir de rassemblement aujourd&rsquo;hui ne suffit m\u00eame pas pour \u00e9lire un conseil de copropri\u00e9t\u00e9 ; beaucoup de leurs fervents partisans, frustr\u00e9s et d\u00e9\u00e7us, ont \u00e9migr\u00e9 et ceux qui ne l&rsquo;ont pas fait, leur montrent un profond rejet.<\/p>\n<p>En cons\u00e9quence, l&rsquo;opposition locale a \u00e9t\u00e9 laiss\u00e9e entre les mains d&rsquo;entrepreneurs priv\u00e9s qui utilisent leur pouvoir pour d\u00e9stabiliser, induire l&rsquo;inflation et la mettre sur le dos du pr\u00e9sident. L&rsquo;argent roi, qui ne conna\u00eet pas de fronti\u00e8res ou de drapeaux.<\/p>\n<p>Cependant, les gens sont d\u00e9j\u00e0 clairs, selon un r\u00e9cent sondage publi\u00e9 par Hinterlaces et diffus\u00e9 par Jos\u00e9 Vicente Rangel dans son \u00e9mission t\u00e9l\u00e9vis\u00e9e du dimanche : 62% des V\u00e9n\u00e9zu\u00e9liens pr\u00e9f\u00e8rent que le Pr\u00e9sident de la R\u00e9publique, Nicol\u00e1s Maduro, r\u00e8gle les probl\u00e8mes \u00e9conomiques du pays, et 61% attribuent ces probl\u00e8mes \u00e9conomiques \u00e0 des agents ext\u00e9rieurs au gouvernement comme la guerre \u00e9conomique, la chute des prix du p\u00e9trole, la sp\u00e9culation et les sanctions financi\u00e8res des Etats-Unis.<\/p>\n<p>Ainsi, les acteurs les plus en vue \u00e0 l&rsquo;heure actuelle viennent de l&rsquo;\u00e9tranger, beaucoup d&rsquo;anciens dirigeants de l&rsquo;opposition nationale ont \u00e9migr\u00e9 et continuent \u00e0 jouer le r\u00f4le de marionnettes de ceux qui ont toujours \u00e9t\u00e9 et continuent d&rsquo;\u00eatre leurs ma\u00eetres : les seigneurs de l&rsquo;argent, qui aiment exercer leur pouvoir dans l&rsquo;ombre. La situation devient bien claire, comme correspond au moment que nous vivons, ce que Jos\u00e9 Mart\u00ed appelait \u00ab\u00a0l&rsquo;heure des fours et il n&rsquo;y a que de la lumi\u00e8re \u00e0 voir\u00a0\u00bb : l&rsquo;heure de la V\u00e9rit\u00e9.<\/p>\n<p>Depuis que le gouvernement v\u00e9n\u00e9zu\u00e9lien a lanc\u00e9 son Plan de r\u00e9cup\u00e9ration \u00e9conomique et prosp\u00e9rit\u00e9 , il m\u00e8ne une offensive diplomatique et politique avec un d\u00e9ploiement intense de hauts responsables \u00e0 travers le monde, dont le pr\u00e9sident, sur plusieurs fronts simultan\u00e9s, notamment en Chine, Russie, Inde et Turquie pour contenir les pr\u00e9tentions des coyotes d&rsquo;envahir le pays. L&rsquo;objectif de la diplomatie v\u00e9n\u00e9zu\u00e9lienne est de rendre visible l&rsquo;agression ext\u00e9rieure, de contrer l&rsquo;inquisition des m\u00e9dias contre la r\u00e9volution bolivarienne, d&rsquo;expliquer \u00e0 chaque Etat la situation v\u00e9cue au niveau national, de porter la V\u00e9rit\u00e9 du Venezuela \u00e0 des oreilles r\u00e9ceptives<\/p>\n<p>Malgr\u00e9 la r\u00e9cente tentative d&rsquo;assassinat d\u00e9jou\u00e9e planifi\u00e9e depuis les \u00c9tats-Unis, les menaces contre son int\u00e9grit\u00e9 physique, les plans bellicistes proclam\u00e9s par Donald Trump et l&rsquo;intense campagne internationale pour faire fi de sa l\u00e9gitimit\u00e9, le pr\u00e9sident Maduro a surpris tout le monde par sa pr\u00e9sence courageuse \u00e0 la 73e session de l&rsquo;Assembl\u00e9e g\u00e9n\u00e9rale des Nations Unies \u00e0 New York, dans la bouche m\u00eame du loup. Dans son discours, le pr\u00e9sident a port\u00e9 \u00ab\u00a0la voix d&rsquo;un peuple en lutte, h\u00e9ro\u00efque, r\u00e9volutionnaire, qui a refus\u00e9 de se rendre tout au long de son histoire et qui a \u00e9t\u00e9 t\u00e9moin de l&rsquo;une des agressions les plus inf\u00e2mes et embarrassantes de ces derni\u00e8res ann\u00e9es. Et malgr\u00e9 ces agressions, il s&rsquo;est montr\u00e9 pr\u00eat \u00e0 dialoguer avec le pr\u00e9sident am\u00e9ricain Donald Trump, \u00ab\u00a0avec un agenda ouvert\u00a0\u00bb sur toutes les questions que le gouvernement am\u00e9ricain souhaite avoir.<\/p>\n<p>Dans son discours, le pr\u00e9sident a r\u00e9v\u00e9l\u00e9 que \u00ab\u00a0au cours des deux derni\u00e8res ann\u00e9es, le pays a \u00e9t\u00e9 soumis \u00e0 des mesures ill\u00e9gales de blocus \u00e9conomique unilat\u00e9ral, telles que la pr\u00e9vention de l&rsquo;utilisation du dollar par l&rsquo;utilisation de positions dominantes des autorit\u00e9s du Secr\u00e9tariat du Tr\u00e9sor des \u00c9tats-Unis\u00a0\u00bb. Il a \u00e9galement d\u00e9nonc\u00e9 \u00ab\u00a0qu&rsquo;un dossier m\u00e9diatique mondial a \u00e9t\u00e9 construit contre notre pays pour pr\u00e9tendre une crise humanitaire, qui utilise les concepts des Nations Unies pour justifier une coalition de pays, dirig\u00e9e par le gouvernement des \u00c9tats-Unis et ses gouvernements satellites en Am\u00e9rique latine, afin d&rsquo;intervenir sur notre pays\u00a0\u00bb.<\/p>\n<p>Il a expliqu\u00e9 que la situation de harc\u00e8lement et d&rsquo;agression vise \u00e0 s&rsquo;approprier, le cas \u00e9ch\u00e9ant, les immenses richesses naturelles du pays, principalement le p\u00e9trole, et aussi, comme l&rsquo;a soulign\u00e9 le pr\u00e9sident dans son discours : \u00ab\u00a0il est en cours de certification la r\u00e9serve la plus vaste du monde en or et la quatri\u00e8me r\u00e9serve en gaz sur la plan\u00e8te.\u00a0\u00bb<\/p>\n<p>Au milieu de cette situation difficile, l&rsquo;invitation \u00e0 une visite d&rsquo;Etat du Pr\u00e9sident chinois Xi Jinping au Pr\u00e9sident Maduro, faite entre le 13 et le 16 septembre, a \u00e9t\u00e9 la nouvelle qui a eu le plus d&rsquo;impact ces jours-ci, non seulement en raison de la signature d&rsquo;accords bilat\u00e9raux importants dans diff\u00e9rents domaines, mais aussi en raison de l&rsquo;importance strat\u00e9gique que repr\u00e9sente le soutien d&rsquo;une grande puissance en cette p\u00e9riode, une reconnaissance qui est appr\u00e9ci\u00e9e. D&rsquo;autre part, c&rsquo;est une preuve de confiance dans le leadership du pr\u00e9sident qui a su contrer des crises internes tr\u00e8s complexes et pr\u00e9senter un plan de relance \u00e9conomique solide, une alternative au dollar pour \u00e9viter le blocus, une situation \u00e0 laquelle la Chine doit aussi faire face.<\/p>\n<p>Lors d&rsquo;une conf\u00e9rence de presse internationale convoqu\u00e9e \u00e0 l&rsquo;arriv\u00e9e de cette visite, les 28 accords sign\u00e9s ont \u00e9t\u00e9 annonc\u00e9s, qui s&rsquo;ajoutent aux 700 projets de d\u00e9veloppement d\u00e9j\u00e0 en cours avec cette nation asiatique. Peut-\u00eatre le plus consid\u00e9rable sign\u00e9 dans cette visite est le financement estim\u00e9 \u00e0 5 milliards de dollars, pour doubler la production actuelle de p\u00e9trole et \u00eatre en mesure de fournir \u00e0 la Chine un million de barils de p\u00e9trole suppl\u00e9mentaires par jour. On s&rsquo;attend donc \u00e0 ce qu&rsquo;\u00e0 court terme, il puisse d\u00e9placer les \u00c9tats-Unis en tant que principal client du p\u00e9trole brut v\u00e9n\u00e9zu\u00e9lien.<\/p>\n<p>Devant la critique selon laquelle le pays est hypoth\u00e9qu\u00e9, donn\u00e9 \u00e0 une puissance \u00e9trang\u00e8re, le pr\u00e9sident a pr\u00e9cis\u00e9 : \u00ab\u00a0Les syst\u00e8mes de financement que nous avons avec la Chine ne g\u00e9n\u00e8rent pas de dette, tout l&rsquo;argent que la Chine a financ\u00e9 a \u00e9t\u00e9 pay\u00e9 avec du p\u00e9trole. \u00a0Elle n&rsquo;a g\u00e9n\u00e9r\u00e9 ni dette ni hypoth\u00e8que, mais d\u00e9veloppement. La Chine ne nous impose pas de conditions comme le Fonds mon\u00e9taire international le fait \u00e0 l&rsquo;Argentine.\u00a0La Chine est en relation d&rsquo;\u00e9galit\u00e9 et de respect avec les pays fr\u00e8res du Sud ; elle ne cherche pas des changements de gouvernement, elle cherche un monde de destin commun\u00a0\u00bb.<\/p>\n<p>Ceux qui font ces commentaires commettent un p\u00e9ch\u00e9 de mauvaise intention ou d&rsquo;ignorance ; ils invisibilisent ou ignorent le fait qu&rsquo;en raison de la politique souveraine \u00e9tablie par le commandant Ch\u00e1vez et poursuivie par le pr\u00e9sident Maduro, un complexe g\u00e9opolitique a \u00e9t\u00e9 structur\u00e9 pour prot\u00e9ger les r\u00e9serves brutes du pays, par l&rsquo;association et la constitution de soci\u00e9t\u00e9s mixtes avec la Russie, la Chine, les \u00c9tats-Unis, l&rsquo;Espagne, la France, le Royaume-Uni, le Br\u00e9sil, le Japon et autres pays ; et afin d&#8217;emp\u00eacher sa privatisation, il a \u00e9t\u00e9 \u00e9tabli dans la Constitution que l&rsquo;\u00c9tat doit maintenir un pourcentage d&rsquo;actionnariat sup\u00e9rieur \u00e0 50% dans toutes les entreprises dans les zones strat\u00e9giques, y compris l&rsquo;une des plus importantes, &lsquo;Petroleos de Venezuela&rsquo;.<\/p>\n<p>Dans le cadre de ce d\u00e9ploiement du Venezuela dans le monde, le 23 septembre, le Ministre du p\u00e9trole a particip\u00e9 \u00e0 la dixi\u00e8me r\u00e9union du Comit\u00e9 mixte de suivi des pays producteurs de l&rsquo;OPEP et hors OPEP, qui s&rsquo;est tenue en Alg\u00e9rie, o\u00f9 il a \u00e9t\u00e9 convenu de ne pas augmenter la production, le march\u00e9 du p\u00e9trole brut ayant atteint un niveau de stabilisation satisfaisant. Trois jours avant cette r\u00e9union, le pr\u00e9sident Donald Trump a envoy\u00e9 un tweet en ces termes : \u00ab\u00a0Nous prot\u00e9geons les pays du Moyen-Orient, qui ne seraient pas en s\u00e9curit\u00e9 longtemps sans nous, tout en continuant \u00e0 faire pression pour des prix du p\u00e9trole toujours plus \u00e9lev\u00e9s ! Nous en tiendrons compte. Le monopole de l&rsquo;OPEP doit baisser les prix maintenant ! Les participants \u00e0 la r\u00e9union ont jug\u00e9 ce message insultant et n&rsquo;ont pas tenu compte de leurs \u00ab\u00a0ordres\u00a0\u00bb.<\/p>\n<p>Est-il possible que M. Trump facture pour sa \u00ab\u00a0protection\u00a0\u00bb dans le meilleur style de Don Corleone ? Le politologue am\u00e9ricain Noam Chomsky d\u00e9crit parfaitement cette conduite des Etats-Unis dans leurs relations internationales trait\u00e9es avec une logique mafieuse : le Parrain ne tol\u00e8re pas la d\u00e9sob\u00e9issance, si un petit commer\u00e7ant quelque part, par exemple, ne paie pas pour sa protection, le Don ne l&rsquo;accepte pas. Il envoie ses hommes de main pour le battre \u00e0 mort, m\u00eame s&rsquo;il n&rsquo;a pas besoin d&rsquo;argent, parce que d&rsquo;autres peuvent suivre son exemple et que le virus peut se propager dans le monde entier, alors les choses commencent \u00e0 se d\u00e9t\u00e9riorer. C&rsquo;est un principe dominant des Etats-Unis dans leur fa\u00e7on de traiter avec les pays qui ne sont pas complaisants avec \u00ab\u00a0leurs int\u00e9r\u00eats\u00a0\u00bb.<\/p>\n<p>Beaucoup de gens n&rsquo;ont peut-\u00eatre pas entendu les discours des dirigeants qui ont particip\u00e9 \u00e0 la 73e session de l&rsquo;Assembl\u00e9e g\u00e9n\u00e9rale de l&rsquo;ONU, mais un \u00e9v\u00e9nement inhabituel a \u00e9t\u00e9 viralis\u00e9 dans le monde entier, au d\u00e9but de l&rsquo;intervention de Donald Trump, quand il a dit que \u00ab\u00a0en moins de deux ans, mon gouvernement a fait plus que tout autre gouvernement de l&rsquo;histoire de notre pays\u00a0\u00bb, les quelque cent dirigeants mondiaux et d\u00e9l\u00e9gations pr\u00e9sents ne pouvaient contenir un rire spontan\u00e9 et \u00e9clatant. Quelque chose d&rsquo;impensable il y a quelques ann\u00e9es, dans la solennit\u00e9 et le respect qui sont cens\u00e9s inspirer cette cl\u00f4ture, encore moins lorsque l&rsquo;orateur n&rsquo;est pas un bouffon ou un showman, mais qui est cens\u00e9 \u00eatre le repr\u00e9sentant de la nation la plus puissante du monde. Puis, lors d&rsquo;une conf\u00e9rence de presse, voulant minimiser ce fait, il a dit : \u00ab\u00a0Ils ne se sont pas moqu\u00e9s de moi, ils se sont moqu\u00e9s avec moi. On passait un bon moment\u00a0\u00bb. \u00ab\u00a0Ne faites pas d&rsquo;\u00e9claircissements, car vous produisez de l&rsquo;obscurit\u00e9\u00a0\u00bb, dit un proverbe populaire v\u00e9n\u00e9zu\u00e9lien.<\/p>\n<p>Le fait que toute l&rsquo;ONU se soit moqu\u00e9e de Trump non pas une ou deux fois, mais trois fois, est frappant, \u00e9tant donn\u00e9 que l&rsquo;une des phrases les plus utilis\u00e9es par le pr\u00e9sident \u00e9tasunien pendant la campagne \u00e9lectorale \u00e9tait \u00ab\u00a0nous sommes la ris\u00e9e du monde\u00a0\u00bb. Bien que ses pr\u00e9d\u00e9cesseurs dans les interventions de l&rsquo;ONU aient toujours \u00e9t\u00e9 les ma\u00eetres du monde ann\u00e9e apr\u00e8s ann\u00e9e, tout comme Trump, faisant usage de ses ind\u00e9niables talents histrioniques, celui qui s&rsquo;y exprimait \u00e9tait unanimement per\u00e7u comme un com\u00e9dien. La v\u00e9rit\u00e9 a des mani\u00e8res inattendues de se manifester dans la r\u00e9alit\u00e9 et ce qui s&rsquo;est pass\u00e9, selon ma perception et mon d\u00e9sir, est, je l&rsquo;esp\u00e8re, le pr\u00e9lude \u00e0 ce que les vieux philosophes Hegel et Marx ont affirm\u00e9 en leur temps : \u00ab\u00a0L&rsquo;histoire se r\u00e9p\u00e8te deux fois, d&rsquo;abord comme une trag\u00e9die et ensuite comme une com\u00e9die ; et pourquoi l&rsquo;histoire va \u00e0 ce rythme ? Pour que l&rsquo;humanit\u00e9 puisse \u00eatre s\u00e9par\u00e9e, en riant, de son pass\u00e9\u00a0\u00bb.<\/p>\n","protected":false},"excerpt":{"rendered":"<p>\u201cC&rsquo;est l&rsquo;heure des fours et il n&rsquo;y a que de la lumi\u00e8re \u00e0 voir\u201d Jos\u00e9 Mart\u00ed Il devient de plus en plus \u00e9vident que la r\u00e9\u00e9lection du Pr\u00e9sident Nicol\u00e1s Maduro pour un nouveau mandat de 6 ans (2019-2025), remportant un&hellip;<\/p>\n","protected":false},"author":1501,"featured_media":732366,"comment_status":"closed","ping_status":"closed","sticky":false,"template":"","format":"standard","meta":{"footnotes":""},"categories":[86,11386,163,93],"tags":[4602,34],"class_list":["post-733884","post","type-post","status-publish","format-standard","has-post-thumbnail","hentry","category-amerique-du-sud","category-contenu-original","category-opinion-fr","category-politique","tag-nicolas-maduro-fr","tag-venezuela"],"yoast_head":"<!-- This site is optimized with the Yoast SEO plugin v27.1.1 - https:\/\/yoast.com\/product\/yoast-seo-wordpress\/ -->\n<title>La v\u00e9rit\u00e9 sur le Venezuela se r\u00e9pand dans le monde entier<\/title>\n<meta name=\"description\" content=\"\u201cC&#039;est l&#039;heure des fours et il n&#039;y a que de la lumi\u00e8re \u00e0 voir\u201d Jos\u00e9 Mart\u00ed Il devient de plus en plus \u00e9vident que la r\u00e9\u00e9lection du Pr\u00e9sident Nicol\u00e1s Maduro\" \/>\n<meta name=\"robots\" content=\"index, follow, max-snippet:-1, max-image-preview:large, max-video-preview:-1\" \/>\n<link rel=\"canonical\" href=\"https:\/\/www.pressenza.com\/fr\/2018\/10\/la-verite-sur-le-venezuela-se-repand-dans-le-monde-entier\/\" \/>\n<meta property=\"og:locale\" content=\"fr_FR\" \/>\n<meta property=\"og:type\" content=\"article\" \/>\n<meta property=\"og:title\" content=\"La v\u00e9rit\u00e9 sur le Venezuela se r\u00e9pand dans le monde entier\" \/>\n<meta property=\"og:description\" content=\"\u201cC&#039;est l&#039;heure des fours et il n&#039;y a que de la lumi\u00e8re \u00e0 voir\u201d Jos\u00e9 Mart\u00ed Il devient de plus en plus \u00e9vident que la r\u00e9\u00e9lection du Pr\u00e9sident Nicol\u00e1s Maduro\" \/>\n<meta property=\"og:url\" content=\"https:\/\/www.pressenza.com\/fr\/2018\/10\/la-verite-sur-le-venezuela-se-repand-dans-le-monde-entier\/\" \/>\n<meta property=\"og:site_name\" content=\"Pressenza\" \/>\n<meta property=\"article:publisher\" content=\"https:\/\/www.facebook.com\/PressenzaItalia\" \/>\n<meta property=\"article:published_time\" content=\"2018-10-07T22:37:42+00:00\" \/>\n<meta property=\"og:image\" content=\"https:\/\/www.pressenza.com\/wp-content\/uploads\/2018\/10\/9438076805_cfe7ca656b_z.jpg\" \/>\n\t<meta property=\"og:image:width\" content=\"640\" \/>\n\t<meta property=\"og:image:height\" content=\"529\" \/>\n\t<meta property=\"og:image:type\" content=\"image\/jpeg\" \/>\n<meta name=\"author\" content=\"Rosi Bar\u00f3\" \/>\n<meta name=\"twitter:card\" content=\"summary_large_image\" \/>\n<meta name=\"twitter:creator\" content=\"@PressenzaIPA\" \/>\n<meta name=\"twitter:site\" content=\"@PressenzaIPA\" \/>\n<meta name=\"twitter:label1\" content=\"\u00c9crit par\" \/>\n\t<meta name=\"twitter:data1\" content=\"Rosi Bar\u00f3\" \/>\n\t<meta name=\"twitter:label2\" content=\"Dur\u00e9e de lecture estim\u00e9e\" \/>\n\t<meta name=\"twitter:data2\" content=\"10 minutes\" \/>\n<script type=\"application\/ld+json\" class=\"yoast-schema-graph\">{\"@context\":\"https:\/\/schema.org\",\"@graph\":[{\"@type\":\"Article\",\"@id\":\"https:\/\/www.pressenza.com\/fr\/2018\/10\/la-verite-sur-le-venezuela-se-repand-dans-le-monde-entier\/#article\",\"isPartOf\":{\"@id\":\"https:\/\/www.pressenza.com\/fr\/2018\/10\/la-verite-sur-le-venezuela-se-repand-dans-le-monde-entier\/\"},\"author\":{\"name\":\"Rosi Bar\u00f3\",\"@id\":\"https:\/\/www.pressenza.com\/fr\/#\/schema\/person\/564c0f4eee6bd521f5bf34f94dd4f4c6\"},\"headline\":\"La v\u00e9rit\u00e9 sur le Venezuela se r\u00e9pand dans le monde entier\",\"datePublished\":\"2018-10-07T22:37:42+00:00\",\"mainEntityOfPage\":{\"@id\":\"https:\/\/www.pressenza.com\/fr\/2018\/10\/la-verite-sur-le-venezuela-se-repand-dans-le-monde-entier\/\"},\"wordCount\":2072,\"publisher\":{\"@id\":\"https:\/\/www.pressenza.com\/fr\/#organization\"},\"image\":{\"@id\":\"https:\/\/www.pressenza.com\/fr\/2018\/10\/la-verite-sur-le-venezuela-se-repand-dans-le-monde-entier\/#primaryimage\"},\"thumbnailUrl\":\"https:\/\/www.pressenza.com\/wp-content\/uploads\/2018\/10\/9438076805_cfe7ca656b_z.jpg\",\"keywords\":[\"Nicolas Maduro\",\"Venezuela\"],\"articleSection\":[\"Am\u00e9rique du Sud\",\"Contenu Original\",\"Opinion\",\"Politique\"],\"inLanguage\":\"fr-FR\"},{\"@type\":\"WebPage\",\"@id\":\"https:\/\/www.pressenza.com\/fr\/2018\/10\/la-verite-sur-le-venezuela-se-repand-dans-le-monde-entier\/\",\"url\":\"https:\/\/www.pressenza.com\/fr\/2018\/10\/la-verite-sur-le-venezuela-se-repand-dans-le-monde-entier\/\",\"name\":\"La v\u00e9rit\u00e9 sur le Venezuela se r\u00e9pand dans le monde entier\",\"isPartOf\":{\"@id\":\"https:\/\/www.pressenza.com\/fr\/#website\"},\"primaryImageOfPage\":{\"@id\":\"https:\/\/www.pressenza.com\/fr\/2018\/10\/la-verite-sur-le-venezuela-se-repand-dans-le-monde-entier\/#primaryimage\"},\"image\":{\"@id\":\"https:\/\/www.pressenza.com\/fr\/2018\/10\/la-verite-sur-le-venezuela-se-repand-dans-le-monde-entier\/#primaryimage\"},\"thumbnailUrl\":\"https:\/\/www.pressenza.com\/wp-content\/uploads\/2018\/10\/9438076805_cfe7ca656b_z.jpg\",\"datePublished\":\"2018-10-07T22:37:42+00:00\",\"description\":\"\u201cC'est l'heure des fours et il n'y a que de la lumi\u00e8re \u00e0 voir\u201d Jos\u00e9 Mart\u00ed Il devient de plus en plus \u00e9vident que la r\u00e9\u00e9lection du Pr\u00e9sident Nicol\u00e1s Maduro\",\"breadcrumb\":{\"@id\":\"https:\/\/www.pressenza.com\/fr\/2018\/10\/la-verite-sur-le-venezuela-se-repand-dans-le-monde-entier\/#breadcrumb\"},\"inLanguage\":\"fr-FR\",\"potentialAction\":[{\"@type\":\"ReadAction\",\"target\":[\"https:\/\/www.pressenza.com\/fr\/2018\/10\/la-verite-sur-le-venezuela-se-repand-dans-le-monde-entier\/\"]}]},{\"@type\":\"ImageObject\",\"inLanguage\":\"fr-FR\",\"@id\":\"https:\/\/www.pressenza.com\/fr\/2018\/10\/la-verite-sur-le-venezuela-se-repand-dans-le-monde-entier\/#primaryimage\",\"url\":\"https:\/\/www.pressenza.com\/wp-content\/uploads\/2018\/10\/9438076805_cfe7ca656b_z.jpg\",\"contentUrl\":\"https:\/\/www.pressenza.com\/wp-content\/uploads\/2018\/10\/9438076805_cfe7ca656b_z.jpg\",\"width\":640,\"height\":529},{\"@type\":\"BreadcrumbList\",\"@id\":\"https:\/\/www.pressenza.com\/fr\/2018\/10\/la-verite-sur-le-venezuela-se-repand-dans-le-monde-entier\/#breadcrumb\",\"itemListElement\":[{\"@type\":\"ListItem\",\"position\":1,\"name\":\"Accueil\",\"item\":\"https:\/\/www.pressenza.com\/fr\/\"},{\"@type\":\"ListItem\",\"position\":2,\"name\":\"La v\u00e9rit\u00e9 sur le Venezuela se r\u00e9pand dans le monde entier\"}]},{\"@type\":\"WebSite\",\"@id\":\"https:\/\/www.pressenza.com\/fr\/#website\",\"url\":\"https:\/\/www.pressenza.com\/fr\/\",\"name\":\"Pressenza\",\"description\":\"International Press Agency\",\"publisher\":{\"@id\":\"https:\/\/www.pressenza.com\/fr\/#organization\"},\"potentialAction\":[{\"@type\":\"SearchAction\",\"target\":{\"@type\":\"EntryPoint\",\"urlTemplate\":\"https:\/\/www.pressenza.com\/fr\/?s={search_term_string}\"},\"query-input\":{\"@type\":\"PropertyValueSpecification\",\"valueRequired\":true,\"valueName\":\"search_term_string\"}}],\"inLanguage\":\"fr-FR\"},{\"@type\":\"Organization\",\"@id\":\"https:\/\/www.pressenza.com\/fr\/#organization\",\"name\":\"Pressenza\",\"url\":\"https:\/\/www.pressenza.com\/fr\/\",\"logo\":{\"@type\":\"ImageObject\",\"inLanguage\":\"fr-FR\",\"@id\":\"https:\/\/www.pressenza.com\/fr\/#\/schema\/logo\/image\/\",\"url\":\"https:\/\/www.pressenza.com\/wp-content\/uploads\/2022\/10\/pressenza_logo_200x200.jpg\",\"contentUrl\":\"https:\/\/www.pressenza.com\/wp-content\/uploads\/2022\/10\/pressenza_logo_200x200.jpg\",\"width\":200,\"height\":200,\"caption\":\"Pressenza\"},\"image\":{\"@id\":\"https:\/\/www.pressenza.com\/fr\/#\/schema\/logo\/image\/\"},\"sameAs\":[\"https:\/\/www.facebook.com\/PressenzaItalia\",\"https:\/\/x.com\/PressenzaIPA\"]},{\"@type\":\"Person\",\"@id\":\"https:\/\/www.pressenza.com\/fr\/#\/schema\/person\/564c0f4eee6bd521f5bf34f94dd4f4c6\",\"name\":\"Rosi Bar\u00f3\",\"description\":\"Radicada en Venezuela, de formaci\u00f3n Silo\u00edsta y Humanista, ha vivido y apoya el proceso de la Revoluci\u00f3n Bolivariana desde su comienzo. Actualmente participa en el Consejo Local de Abastecimiento y Producci\u00f3n (CLAP) de su zona.\",\"url\":\"https:\/\/www.pressenza.com\/fr\/author\/rosi-baro\/\"}]}<\/script>\n<!-- \/ Yoast SEO plugin. -->","yoast_head_json":{"title":"La v\u00e9rit\u00e9 sur le Venezuela se r\u00e9pand dans le monde entier","description":"\u201cC'est l'heure des fours et il n'y a que de la lumi\u00e8re \u00e0 voir\u201d Jos\u00e9 Mart\u00ed Il devient de plus en plus \u00e9vident que la r\u00e9\u00e9lection du Pr\u00e9sident Nicol\u00e1s Maduro","robots":{"index":"index","follow":"follow","max-snippet":"max-snippet:-1","max-image-preview":"max-image-preview:large","max-video-preview":"max-video-preview:-1"},"canonical":"https:\/\/www.pressenza.com\/fr\/2018\/10\/la-verite-sur-le-venezuela-se-repand-dans-le-monde-entier\/","og_locale":"fr_FR","og_type":"article","og_title":"La v\u00e9rit\u00e9 sur le Venezuela se r\u00e9pand dans le monde entier","og_description":"\u201cC'est l'heure des fours et il n'y a que de la lumi\u00e8re \u00e0 voir\u201d Jos\u00e9 Mart\u00ed Il devient de plus en plus \u00e9vident que la r\u00e9\u00e9lection du Pr\u00e9sident Nicol\u00e1s Maduro","og_url":"https:\/\/www.pressenza.com\/fr\/2018\/10\/la-verite-sur-le-venezuela-se-repand-dans-le-monde-entier\/","og_site_name":"Pressenza","article_publisher":"https:\/\/www.facebook.com\/PressenzaItalia","article_published_time":"2018-10-07T22:37:42+00:00","og_image":[{"width":640,"height":529,"url":"https:\/\/www.pressenza.com\/wp-content\/uploads\/2018\/10\/9438076805_cfe7ca656b_z.jpg","type":"image\/jpeg"}],"author":"Rosi Bar\u00f3","twitter_card":"summary_large_image","twitter_creator":"@PressenzaIPA","twitter_site":"@PressenzaIPA","twitter_misc":{"\u00c9crit par":"Rosi Bar\u00f3","Dur\u00e9e de lecture estim\u00e9e":"10 minutes"},"schema":{"@context":"https:\/\/schema.org","@graph":[{"@type":"Article","@id":"https:\/\/www.pressenza.com\/fr\/2018\/10\/la-verite-sur-le-venezuela-se-repand-dans-le-monde-entier\/#article","isPartOf":{"@id":"https:\/\/www.pressenza.com\/fr\/2018\/10\/la-verite-sur-le-venezuela-se-repand-dans-le-monde-entier\/"},"author":{"name":"Rosi Bar\u00f3","@id":"https:\/\/www.pressenza.com\/fr\/#\/schema\/person\/564c0f4eee6bd521f5bf34f94dd4f4c6"},"headline":"La v\u00e9rit\u00e9 sur le Venezuela se r\u00e9pand dans le monde entier","datePublished":"2018-10-07T22:37:42+00:00","mainEntityOfPage":{"@id":"https:\/\/www.pressenza.com\/fr\/2018\/10\/la-verite-sur-le-venezuela-se-repand-dans-le-monde-entier\/"},"wordCount":2072,"publisher":{"@id":"https:\/\/www.pressenza.com\/fr\/#organization"},"image":{"@id":"https:\/\/www.pressenza.com\/fr\/2018\/10\/la-verite-sur-le-venezuela-se-repand-dans-le-monde-entier\/#primaryimage"},"thumbnailUrl":"https:\/\/www.pressenza.com\/wp-content\/uploads\/2018\/10\/9438076805_cfe7ca656b_z.jpg","keywords":["Nicolas Maduro","Venezuela"],"articleSection":["Am\u00e9rique du Sud","Contenu Original","Opinion","Politique"],"inLanguage":"fr-FR"},{"@type":"WebPage","@id":"https:\/\/www.pressenza.com\/fr\/2018\/10\/la-verite-sur-le-venezuela-se-repand-dans-le-monde-entier\/","url":"https:\/\/www.pressenza.com\/fr\/2018\/10\/la-verite-sur-le-venezuela-se-repand-dans-le-monde-entier\/","name":"La v\u00e9rit\u00e9 sur le Venezuela se r\u00e9pand dans le monde entier","isPartOf":{"@id":"https:\/\/www.pressenza.com\/fr\/#website"},"primaryImageOfPage":{"@id":"https:\/\/www.pressenza.com\/fr\/2018\/10\/la-verite-sur-le-venezuela-se-repand-dans-le-monde-entier\/#primaryimage"},"image":{"@id":"https:\/\/www.pressenza.com\/fr\/2018\/10\/la-verite-sur-le-venezuela-se-repand-dans-le-monde-entier\/#primaryimage"},"thumbnailUrl":"https:\/\/www.pressenza.com\/wp-content\/uploads\/2018\/10\/9438076805_cfe7ca656b_z.jpg","datePublished":"2018-10-07T22:37:42+00:00","description":"\u201cC'est l'heure des fours et il n'y a que de la lumi\u00e8re \u00e0 voir\u201d Jos\u00e9 Mart\u00ed Il devient de plus en plus \u00e9vident que la r\u00e9\u00e9lection du Pr\u00e9sident Nicol\u00e1s Maduro","breadcrumb":{"@id":"https:\/\/www.pressenza.com\/fr\/2018\/10\/la-verite-sur-le-venezuela-se-repand-dans-le-monde-entier\/#breadcrumb"},"inLanguage":"fr-FR","potentialAction":[{"@type":"ReadAction","target":["https:\/\/www.pressenza.com\/fr\/2018\/10\/la-verite-sur-le-venezuela-se-repand-dans-le-monde-entier\/"]}]},{"@type":"ImageObject","inLanguage":"fr-FR","@id":"https:\/\/www.pressenza.com\/fr\/2018\/10\/la-verite-sur-le-venezuela-se-repand-dans-le-monde-entier\/#primaryimage","url":"https:\/\/www.pressenza.com\/wp-content\/uploads\/2018\/10\/9438076805_cfe7ca656b_z.jpg","contentUrl":"https:\/\/www.pressenza.com\/wp-content\/uploads\/2018\/10\/9438076805_cfe7ca656b_z.jpg","width":640,"height":529},{"@type":"BreadcrumbList","@id":"https:\/\/www.pressenza.com\/fr\/2018\/10\/la-verite-sur-le-venezuela-se-repand-dans-le-monde-entier\/#breadcrumb","itemListElement":[{"@type":"ListItem","position":1,"name":"Accueil","item":"https:\/\/www.pressenza.com\/fr\/"},{"@type":"ListItem","position":2,"name":"La v\u00e9rit\u00e9 sur le Venezuela se r\u00e9pand dans le monde entier"}]},{"@type":"WebSite","@id":"https:\/\/www.pressenza.com\/fr\/#website","url":"https:\/\/www.pressenza.com\/fr\/","name":"Pressenza","description":"International Press Agency","publisher":{"@id":"https:\/\/www.pressenza.com\/fr\/#organization"},"potentialAction":[{"@type":"SearchAction","target":{"@type":"EntryPoint","urlTemplate":"https:\/\/www.pressenza.com\/fr\/?s={search_term_string}"},"query-input":{"@type":"PropertyValueSpecification","valueRequired":true,"valueName":"search_term_string"}}],"inLanguage":"fr-FR"},{"@type":"Organization","@id":"https:\/\/www.pressenza.com\/fr\/#organization","name":"Pressenza","url":"https:\/\/www.pressenza.com\/fr\/","logo":{"@type":"ImageObject","inLanguage":"fr-FR","@id":"https:\/\/www.pressenza.com\/fr\/#\/schema\/logo\/image\/","url":"https:\/\/www.pressenza.com\/wp-content\/uploads\/2022\/10\/pressenza_logo_200x200.jpg","contentUrl":"https:\/\/www.pressenza.com\/wp-content\/uploads\/2022\/10\/pressenza_logo_200x200.jpg","width":200,"height":200,"caption":"Pressenza"},"image":{"@id":"https:\/\/www.pressenza.com\/fr\/#\/schema\/logo\/image\/"},"sameAs":["https:\/\/www.facebook.com\/PressenzaItalia","https:\/\/x.com\/PressenzaIPA"]},{"@type":"Person","@id":"https:\/\/www.pressenza.com\/fr\/#\/schema\/person\/564c0f4eee6bd521f5bf34f94dd4f4c6","name":"Rosi Bar\u00f3","description":"Radicada en Venezuela, de formaci\u00f3n Silo\u00edsta y Humanista, ha vivido y apoya el proceso de la Revoluci\u00f3n Bolivariana desde su comienzo. Actualmente participa en el Consejo Local de Abastecimiento y Producci\u00f3n (CLAP) de su zona.","url":"https:\/\/www.pressenza.com\/fr\/author\/rosi-baro\/"}]}},"place":"Caracas, Venezuela","original_article_url":"","_links":{"self":[{"href":"https:\/\/www.pressenza.com\/fr\/wp-json\/wp\/v2\/posts\/733884","targetHints":{"allow":["GET"]}}],"collection":[{"href":"https:\/\/www.pressenza.com\/fr\/wp-json\/wp\/v2\/posts"}],"about":[{"href":"https:\/\/www.pressenza.com\/fr\/wp-json\/wp\/v2\/types\/post"}],"author":[{"embeddable":true,"href":"https:\/\/www.pressenza.com\/fr\/wp-json\/wp\/v2\/users\/1501"}],"replies":[{"embeddable":true,"href":"https:\/\/www.pressenza.com\/fr\/wp-json\/wp\/v2\/comments?post=733884"}],"version-history":[{"count":0,"href":"https:\/\/www.pressenza.com\/fr\/wp-json\/wp\/v2\/posts\/733884\/revisions"}],"wp:featuredmedia":[{"embeddable":true,"href":"https:\/\/www.pressenza.com\/fr\/wp-json\/wp\/v2\/media\/732366"}],"wp:attachment":[{"href":"https:\/\/www.pressenza.com\/fr\/wp-json\/wp\/v2\/media?parent=733884"}],"wp:term":[{"taxonomy":"category","embeddable":true,"href":"https:\/\/www.pressenza.com\/fr\/wp-json\/wp\/v2\/categories?post=733884"},{"taxonomy":"post_tag","embeddable":true,"href":"https:\/\/www.pressenza.com\/fr\/wp-json\/wp\/v2\/tags?post=733884"}],"curies":[{"name":"wp","href":"https:\/\/api.w.org\/{rel}","templated":true}]}}